{"id":27307,"date":"2017-05-12T11:15:00","date_gmt":"2017-05-12T09:15:00","guid":{"rendered":"https:\/\/www.sotrender.com\/blog\/?p=27307\/"},"modified":"2017-05-15T14:29:35","modified_gmt":"2017-05-15T12:29:35","slug":"twitter-trends-kwiecien-2017","status":"publish","type":"post","link":"https:\/\/www.sotrender.com\/blog\/pl\/2017\/05\/twitter-trends-kwiecien-2017\/","title":{"rendered":"Twitter Trends kwiecie\u0144 2017 &#8211; Z Brukseli do Warszawy"},"content":{"rendered":"<p>Mamy nadziej\u0119, \u017ce przyzwyczaili\u015bcie si\u0119 ju\u017c do nowego wygl\u0105du comiesi\u0119cznych raport\u00f3w Twitter Trends. Kwiecie\u0144 na Twitterze jak zwykle up\u0142yn\u0105\u0142 pod znakiem spor\u00f3w politycznych, ale, cho\u0107 czasem wydaje si\u0119 to niemo\u017cliwe, nie sama powa\u017cn\u0105 polityk\u0105 to medium \u017cyje.<\/p>\n<p>Chcecie si\u0119 dowiedzie\u0107, jakie tematy rozgrzewa\u0142y Twitter do bia\u0142o\u015bci? Zapraszamy do <a href=\"https:\/\/www.sotrender.com\/trends\/twitter\/poland\/\">lektury najnowszego wydania raportu Twitter Trends<\/a> przygotowanego przez <a href=\"http:\/\/sotrender.com\/pl\">Sotrender<\/a>!<\/p>\n<h2>Andrzej Duda i Donald Tusk liderami w Twitter Trends<\/h2>\n<blockquote class=\"twitter-tweet\" data-lang=\"en\">\n<p dir=\"ltr\" lang=\"pl\">Kwiecie\u0144 plecie\u0144: 16 &#8211; \u015awi\u0119ta w domu, 19 &#8211; prokuratura w W-wie, 22 &#8211; sze\u015b\u0107dziesi\u0105te (!) urodziny. Niez\u0142y maraton. Do zobaczenia na trasie \ud83d\ude42<\/p>\n<p>\u2014 Donald Tusk (@donaldtusk) <a href=\"https:\/\/twitter.com\/donaldtusk\/status\/850663628000854016\">April 8, 2017<\/a><\/p><\/blockquote>\n<p><script async src=\"\/\/platform.twitter.com\/widgets.js\" charset=\"utf-8\"><\/script><\/p>\n<p>W kwietniu jednym z najbardziej komentowanych wydarze\u0144 na Twitterze by\u0142 przyjazd Donalda Tuska na przes\u0142uchanie do prokuratury. Jak dobrze pami\u0119tacie, by\u0142ego premiera na Dworcu Centralnym w Warszawie przywita\u0142y t\u0142umy. Tweet przewodnicz\u0105cego Rady Europejskiej dotycz\u0105cy tego wydarzenia by\u0142 <a href=\"https:\/\/www.sotrender.com\/trends\/twitter\/poland\/201704\/osoby\/politycy#best_posts\">najpopularniejszym tweetem w kategorii Politycy<\/a>. Na drugim miejscu \u00a0znalaz\u0142y si\u0119 wielkanocne \u017cyczenia prezydenta Andrzeja Dudy. Jednak <a href=\"https:\/\/www.sotrender.com\/trends\/twitter\/poland\/201704\/osoby\/politycy#engagement\">najcz\u0119\u015bciej wspominanym politykiem<\/a> w kwietniu by\u0142a premier Beata Szyd\u0142o, kt\u00f3ra w tym zestawieniu wyprzedzi\u0142a Andrzeja Dud\u0119.<\/p>\n<h2>Sport w Twitter Trends<\/h2>\n<div id=\"attachment_27335\" style=\"width: 990px\" class=\"wp-caption aligncenter\"><img loading=\"lazy\" decoding=\"async\" aria-describedby=\"caption-attachment-27335\" class=\"size-full wp-image-27335\" src=\"https:\/\/www.sotrender.com\/blog\/wp-content\/uploads\/2017\/05\/Najcz\u0119\u015bciej-wspominane-profile-w-kategorii-Sport-Twitter-Trends-kwiecie\u0144-2017.png\" alt=\"Najcz\u0119\u015bciej wspominane profile w kategorii Sport - Twitter Trends kwiecie\u0144 2017\" width=\"980\" height=\"681\" srcset=\"https:\/\/www.sotrender.com\/blog\/wp-content\/uploads\/2017\/05\/Najcz\u0119\u015bciej-wspominane-profile-w-kategorii-Sport-Twitter-Trends-kwiecie\u0144-2017.png 980w, https:\/\/www.sotrender.com\/blog\/wp-content\/uploads\/2017\/05\/Najcz\u0119\u015bciej-wspominane-profile-w-kategorii-Sport-Twitter-Trends-kwiecie\u0144-2017-475x330.png 475w, https:\/\/www.sotrender.com\/blog\/wp-content\/uploads\/2017\/05\/Najcz\u0119\u015bciej-wspominane-profile-w-kategorii-Sport-Twitter-Trends-kwiecie\u0144-2017-768x534.png 768w, https:\/\/www.sotrender.com\/blog\/wp-content\/uploads\/2017\/05\/Najcz\u0119\u015bciej-wspominane-profile-w-kategorii-Sport-Twitter-Trends-kwiecie\u0144-2017-950x660.png 950w\" sizes=\"(max-width: 980px) 100vw, 980px\" \/><p id=\"caption-attachment-27335\" class=\"wp-caption-text\">Najcz\u0119\u015bciej wspominane profile w kategorii Sport &#8211; Twitter Trends kwiecie\u0144 2017<\/p><\/div>\n<p>Przygotowanie raport\u00f3w w nowej formie, wi\u0105\u017ce si\u0119 tak\u017ce z ich rozszerzeniem. W raportach w ubieg\u0142ym miesi\u0105cu zadebiutowa\u0142a <a href=\"https:\/\/www.sotrender.com\/trends\/twitter\/poland\/201704\/marki\/sport\">kategoria Sport<\/a>. Oczywi\u015bcie, jej liderem jest Robert Lewandowski, ale ma zaledwie 13 tys. obserwuj\u0105cych wi\u0119cej ni\u017c Zbigniew Boniek. Zawodnik Bayernu Monachium by\u0142 tak\u017ce najcz\u0119\u015bciej wspominanym sportowcem w ubieg\u0142ym miesi\u0105cu (ale osob\u0105 zwi\u0105zan\u0105 ze sportem, kt\u00f3r\u0105 twitterowicze wspominali najcz\u0119\u015bciej jest redaktor naczelny Wesz\u0142o! Krzysztof Stanowski), co jest awansem o dwa miejsca w stosunku do marca. Czy\u017cby by\u0142o to wynikiem zapewnienia sobie przez Bayern pi\u0105tego mistrzostwa Niemiec z rz\u0119du na trzy kolejki przed ko\u0144cem sezonu?<\/p>\n<div id=\"main-content\" class=\"wiki-content\">\n<div class=\"shortcode trial\"><h4><span>MIERZ DZIA\u0141ANIA NA TWITTERZE!<\/span><a title=\"Zobacz wi\u0119cej\" class=\"btn\" href=\"https:\/\/app.sotrender.com\/auth\/signup\/trial\/pl?utm_source=blog-cta-legacy\">Zobacz wi\u0119cej<\/a><\/h4><\/div>\n<\/div>\n<div id=\"likes-and-labels-container\"><\/div>\n<h2>Politechniki &#8220;umiej\u0105 w Twittera&#8221;<\/h2>\n<div id=\"attachment_27323\" style=\"width: 1009px\" class=\"wp-caption aligncenter\"><img loading=\"lazy\" decoding=\"async\" aria-describedby=\"caption-attachment-27323\" class=\"size-full wp-image-27323\" src=\"https:\/\/www.sotrender.com\/blog\/wp-content\/uploads\/2017\/05\/najpopularniejsze-uczelnie-wy\u017csze-na-Twitterze-Twitter-Trends-kwiecei\u0144-2017.png\" alt=\"Najpopularniejsze uczelnie wy\u017csze na Twitterze - Twitter Trends kwiecie\u0144 2017\" width=\"999\" height=\"689\" srcset=\"https:\/\/www.sotrender.com\/blog\/wp-content\/uploads\/2017\/05\/najpopularniejsze-uczelnie-wy\u017csze-na-Twitterze-Twitter-Trends-kwiecei\u0144-2017.png 999w, https:\/\/www.sotrender.com\/blog\/wp-content\/uploads\/2017\/05\/najpopularniejsze-uczelnie-wy\u017csze-na-Twitterze-Twitter-Trends-kwiecei\u0144-2017-475x328.png 475w, https:\/\/www.sotrender.com\/blog\/wp-content\/uploads\/2017\/05\/najpopularniejsze-uczelnie-wy\u017csze-na-Twitterze-Twitter-Trends-kwiecei\u0144-2017-768x530.png 768w, https:\/\/www.sotrender.com\/blog\/wp-content\/uploads\/2017\/05\/najpopularniejsze-uczelnie-wy\u017csze-na-Twitterze-Twitter-Trends-kwiecei\u0144-2017-950x655.png 950w\" sizes=\"(max-width: 999px) 100vw, 999px\" \/><p id=\"caption-attachment-27323\" class=\"wp-caption-text\">Najpopularniejsze uczelnie wy\u017csze na Twitterze &#8211; Twitter Trends kwiecie\u0144 2017<\/p><\/div>\n<p>Inna nowa kategori\u0105 w od\u015bwie\u017conych raportach Twitter Trends s\u0105 <a href=\"https:\/\/www.sotrender.com\/trends\/twitter\/poland\/201704\/marki\/uczelnie\">Uczelnie wy\u017csze<\/a>. Najpopularniejszym profilem w tej kategorii jest Politechnika Wroc\u0142awska przed Akademi\u0105 Sztuki Wojskowej oraz Uniwersytetem Jagiello\u0144skim. Warto zauwa\u017cy\u0107, \u017ce Politechniki s\u0105 bardzo mocne na Twitterze &#8211; najcz\u0119\u015bciej wspominan\u0105 uczelni\u0105 w kwietniu by\u0142a Politechnika Wroc\u0142awska, a najwi\u0119cej aktywno\u015bci zebra\u0142y tweety Politechnik Wroc\u0142awskiej i Warszawskiej.<\/p>\n<h2 style=\"text-align: left;\">Twitter lubi\u00a0Social Media Convent<\/h2>\n<p><img loading=\"lazy\" decoding=\"async\" class=\"aligncenter size-full wp-image-27351\" src=\"https:\/\/www.sotrender.com\/blog\/wp-content\/uploads\/2017\/05\/miniaturkasmc.png\" alt=\"\" width=\"1200\" height=\"600\" srcset=\"https:\/\/www.sotrender.com\/blog\/wp-content\/uploads\/2017\/05\/miniaturkasmc.png 1200w, https:\/\/www.sotrender.com\/blog\/wp-content\/uploads\/2017\/05\/miniaturkasmc-475x238.png 475w, https:\/\/www.sotrender.com\/blog\/wp-content\/uploads\/2017\/05\/miniaturkasmc-768x384.png 768w, https:\/\/www.sotrender.com\/blog\/wp-content\/uploads\/2017\/05\/miniaturkasmc-950x475.png 950w\" sizes=\"(max-width: 1200px) 100vw, 1200px\" \/><\/p>\n<p>Razem z <a href=\"http:\/\/panwizualny.pl\">Panem Wizualnym<\/a> przygotowali\u015bmy infografik\u0119 podsumowuj\u0105c\u0105 tegoroczn\u0105 edycj\u0119 jednej z najwi\u0119kszych i najlepszych polskich konferencji o mediach spo\u0142eczno\u015bciowych &#8211; <a href=\"http:\/\/socialmediaconvent.pl\">Social Media Convent.<\/a> <a href=\"https:\/\/www.sotrender.com\/blog\/pl\/2017\/05\/social-media-convent-2017-na-twitterze-infografika\/\">Sprawd\u017acie, kto \u0107wierka\u0142 o #SMConvent<\/a>!<\/p>\n<h2 style=\"text-align: center;\"><a href=\"https:\/\/www.sotrender.com\/trends\/twitter\/poland\/201704\">Zapraszamy do lektury raportu Twitter Trends kwiecie\u0144 2017!<\/a><\/h2>\n","protected":false},"excerpt":{"rendered":"<p>Mamy nadziej\u0119, \u017ce przyzwyczaili\u015bcie si\u0119 ju\u017c do nowego wygl\u0105du comiesi\u0119cznych raport\u00f3w Twitter Trends. Kwiecie\u0144 na Twitterze jak zwykle up\u0142yn\u0105\u0142 pod znakiem spor\u00f3w politycznych, ale, cho\u0107 czasem wydaje si\u0119 to niemo\u017cliwe, nie sama powa\u017cn\u0105 polityk\u0105 to medium \u017cyje. Chcecie si\u0119 dowiedzie\u0107, jakie tematy rozgrzewa\u0142y Twitter do bia\u0142o\u015bci? Zapraszamy do lektury najnowszego wydania raportu Twitter Trends przygotowanego [&hellip;]<\/p>\n","protected":false},"author":49,"featured_media":27339,"comment_status":"open","ping_status":"open","sticky":false,"template":"","format":"standard","meta":{"inline_featured_image":false,"footnotes":""},"categories":[1791,1799,2125],"tags":[725,889,2325],"yoast_head":"<!-- This site is optimized with the Yoast SEO plugin v22.4 - https:\/\/yoast.com\/wordpress\/plugins\/seo\/ -->\n<title>Twitter Trends kwiecie\u0144 2017<\/title>\n<meta name=\"description\" content=\"Co dzia\u0142o si\u0119 na Twitterze w kwietniu? Odpowied\u017a znajdziecie w najnowszym wydaniu raportu Twitter Trends przygotowanego przez Sotrender!\" \/>\n<meta name=\"robots\" content=\"index, follow, max-snippet:-1, max-image-preview:large, max-video-preview:-1\" \/>\n<link rel=\"canonical\" href=\"https:\/\/www.sotrender.com\/blog\/pl\/2017\/05\/twitter-trends-kwiecien-2017\/\" \/>\n<meta property=\"og:locale\" content=\"pl_PL\" \/>\n<meta property=\"og:type\" content=\"article\" \/>\n<meta property=\"og:title\" content=\"Twitter Trends kwiecie\u0144 2017\" \/>\n<meta property=\"og:description\" content=\"Co dzia\u0142o si\u0119 na Twitterze w kwietniu? Odpowied\u017a znajdziecie w najnowszym wydaniu raportu Twitter Trends przygotowanego przez Sotrender!\" \/>\n<meta property=\"og:url\" content=\"https:\/\/www.sotrender.com\/blog\/pl\/2017\/05\/twitter-trends-kwiecien-2017\/\" \/>\n<meta property=\"og:site_name\" content=\"Sotrender Blog\" \/>\n<meta property=\"article:publisher\" content=\"https:\/\/www.facebook.com\/Sotrender\" \/>\n<meta property=\"article:published_time\" content=\"2017-05-12T09:15:00+00:00\" \/>\n<meta property=\"article:modified_time\" content=\"2017-05-15T12:29:35+00:00\" \/>\n<meta property=\"og:image\" content=\"https:\/\/www.sotrender.com\/blog\/wp-content\/uploads\/2017\/05\/adrien-ledoux-171222-950x760.jpg\" \/>\n\t<meta property=\"og:image:width\" content=\"950\" \/>\n\t<meta property=\"og:image:height\" content=\"760\" \/>\n\t<meta property=\"og:image:type\" content=\"image\/jpeg\" \/>\n<meta name=\"author\" content=\"Micha\u0142 Wieczorek\" \/>\n<meta name=\"twitter:card\" content=\"summary_large_image\" \/>\n<meta name=\"twitter:creator\" content=\"@http:\/\/twitter.com\/eveningo\" \/>\n<meta name=\"twitter:site\" content=\"@Sotrender\" \/>\n<meta name=\"twitter:label1\" content=\"Written by\" \/>\n\t<meta name=\"twitter:data1\" content=\"Micha\u0142 Wieczorek\" \/>\n\t<meta name=\"twitter:label2\" content=\"Est. reading time\" \/>\n\t<meta name=\"twitter:data2\" content=\"2 minutes\" \/>\n<script type=\"application\/ld+json\" class=\"yoast-schema-graph\">{\"@context\":\"https:\/\/schema.org\",\"@graph\":[{\"@type\":\"WebPage\",\"@id\":\"https:\/\/www.sotrender.com\/blog\/pl\/2017\/05\/twitter-trends-kwiecien-2017\/\",\"url\":\"https:\/\/www.sotrender.com\/blog\/pl\/2017\/05\/twitter-trends-kwiecien-2017\/\",\"name\":\"Twitter Trends kwiecie\u0144 2017\",\"isPartOf\":{\"@id\":\"https:\/\/www.sotrender.com\/blog\/#website\"},\"primaryImageOfPage\":{\"@id\":\"https:\/\/www.sotrender.com\/blog\/pl\/2017\/05\/twitter-trends-kwiecien-2017\/#primaryimage\"},\"image\":{\"@id\":\"https:\/\/www.sotrender.com\/blog\/pl\/2017\/05\/twitter-trends-kwiecien-2017\/#primaryimage\"},\"thumbnailUrl\":\"https:\/\/www.sotrender.com\/blog\/wp-content\/uploads\/2017\/05\/adrien-ledoux-171222.jpg\",\"datePublished\":\"2017-05-12T09:15:00+00:00\",\"dateModified\":\"2017-05-15T12:29:35+00:00\",\"author\":{\"@id\":\"https:\/\/www.sotrender.com\/blog\/#\/schema\/person\/48ed6f8ff39863778de8dd32f58467f5\"},\"description\":\"Co dzia\u0142o si\u0119 na Twitterze w kwietniu? Odpowied\u017a znajdziecie w najnowszym wydaniu raportu Twitter Trends przygotowanego przez Sotrender!\",\"breadcrumb\":{\"@id\":\"https:\/\/www.sotrender.com\/blog\/pl\/2017\/05\/twitter-trends-kwiecien-2017\/#breadcrumb\"},\"inLanguage\":\"pl-PL\",\"potentialAction\":[{\"@type\":\"ReadAction\",\"target\":[\"https:\/\/www.sotrender.com\/blog\/pl\/2017\/05\/twitter-trends-kwiecien-2017\/\"]}]},{\"@type\":\"ImageObject\",\"inLanguage\":\"pl-PL\",\"@id\":\"https:\/\/www.sotrender.com\/blog\/pl\/2017\/05\/twitter-trends-kwiecien-2017\/#primaryimage\",\"url\":\"https:\/\/www.sotrender.com\/blog\/wp-content\/uploads\/2017\/05\/adrien-ledoux-171222.jpg\",\"contentUrl\":\"https:\/\/www.sotrender.com\/blog\/wp-content\/uploads\/2017\/05\/adrien-ledoux-171222.jpg\",\"width\":3560,\"height\":2848},{\"@type\":\"BreadcrumbList\",\"@id\":\"https:\/\/www.sotrender.com\/blog\/pl\/2017\/05\/twitter-trends-kwiecien-2017\/#breadcrumb\",\"itemListElement\":[{\"@type\":\"ListItem\",\"position\":1,\"name\":\"Home\",\"item\":\"https:\/\/www.sotrender.com\/blog\/\"},{\"@type\":\"ListItem\",\"position\":2,\"name\":\"Twitter Trends kwiecie\u0144 2017 &#8211; Z Brukseli do Warszawy\"}]},{\"@type\":\"WebSite\",\"@id\":\"https:\/\/www.sotrender.com\/blog\/#website\",\"url\":\"https:\/\/www.sotrender.com\/blog\/\",\"name\":\"Sotrender Blog\",\"description\":\"\",\"potentialAction\":[{\"@type\":\"SearchAction\",\"target\":{\"@type\":\"EntryPoint\",\"urlTemplate\":\"https:\/\/www.sotrender.com\/blog\/?s={search_term_string}\"},\"query-input\":\"required name=search_term_string\"}],\"inLanguage\":\"pl-PL\"},{\"@type\":\"Person\",\"@id\":\"https:\/\/www.sotrender.com\/blog\/#\/schema\/person\/48ed6f8ff39863778de8dd32f58467f5\",\"name\":\"Micha\u0142 Wieczorek\",\"image\":{\"@type\":\"ImageObject\",\"inLanguage\":\"pl-PL\",\"@id\":\"https:\/\/www.sotrender.com\/blog\/#\/schema\/person\/image\/\",\"url\":\"https:\/\/secure.gravatar.com\/avatar\/65ceb2020aa2338488b9c5f33c10137f?s=96&d=mm&r=g\",\"contentUrl\":\"https:\/\/secure.gravatar.com\/avatar\/65ceb2020aa2338488b9c5f33c10137f?s=96&d=mm&r=g\",\"caption\":\"Micha\u0142 Wieczorek\"},\"description\":\"Baltic linguist, marketer, and music journalist in his free time. A big fan of good food and even better music.\",\"sameAs\":[\"https:\/\/www.linkedin.com\/in\/michaldwieczorek\",\"https:\/\/twitter.com\/http:\/\/twitter.com\/eveningo\"],\"url\":\"https:\/\/www.sotrender.com\/blog\/pl\/author\/micha_wieczorek\/\"}]}<\/script>\n<!-- \/ Yoast SEO plugin. -->","yoast_head_json":{"title":"Twitter Trends kwiecie\u0144 2017","description":"Co dzia\u0142o si\u0119 na Twitterze w kwietniu? Odpowied\u017a znajdziecie w najnowszym wydaniu raportu Twitter Trends przygotowanego przez Sotrender!","robots":{"index":"index","follow":"follow","max-snippet":"max-snippet:-1","max-image-preview":"max-image-preview:large","max-video-preview":"max-video-preview:-1"},"canonical":"https:\/\/www.sotrender.com\/blog\/pl\/2017\/05\/twitter-trends-kwiecien-2017\/","og_locale":"pl_PL","og_type":"article","og_title":"Twitter Trends kwiecie\u0144 2017","og_description":"Co dzia\u0142o si\u0119 na Twitterze w kwietniu? Odpowied\u017a znajdziecie w najnowszym wydaniu raportu Twitter Trends przygotowanego przez Sotrender!","og_url":"https:\/\/www.sotrender.com\/blog\/pl\/2017\/05\/twitter-trends-kwiecien-2017\/","og_site_name":"Sotrender Blog","article_publisher":"https:\/\/www.facebook.com\/Sotrender","article_published_time":"2017-05-12T09:15:00+00:00","article_modified_time":"2017-05-15T12:29:35+00:00","og_image":[{"width":950,"height":760,"url":"https:\/\/www.sotrender.com\/blog\/wp-content\/uploads\/2017\/05\/adrien-ledoux-171222-950x760.jpg","type":"image\/jpeg"}],"author":"Micha\u0142 Wieczorek","twitter_card":"summary_large_image","twitter_creator":"@http:\/\/twitter.com\/eveningo","twitter_site":"@Sotrender","twitter_misc":{"Written by":"Micha\u0142 Wieczorek","Est. reading time":"2 minutes"},"schema":{"@context":"https:\/\/schema.org","@graph":[{"@type":"WebPage","@id":"https:\/\/www.sotrender.com\/blog\/pl\/2017\/05\/twitter-trends-kwiecien-2017\/","url":"https:\/\/www.sotrender.com\/blog\/pl\/2017\/05\/twitter-trends-kwiecien-2017\/","name":"Twitter Trends kwiecie\u0144 2017","isPartOf":{"@id":"https:\/\/www.sotrender.com\/blog\/#website"},"primaryImageOfPage":{"@id":"https:\/\/www.sotrender.com\/blog\/pl\/2017\/05\/twitter-trends-kwiecien-2017\/#primaryimage"},"image":{"@id":"https:\/\/www.sotrender.com\/blog\/pl\/2017\/05\/twitter-trends-kwiecien-2017\/#primaryimage"},"thumbnailUrl":"https:\/\/www.sotrender.com\/blog\/wp-content\/uploads\/2017\/05\/adrien-ledoux-171222.jpg","datePublished":"2017-05-12T09:15:00+00:00","dateModified":"2017-05-15T12:29:35+00:00","author":{"@id":"https:\/\/www.sotrender.com\/blog\/#\/schema\/person\/48ed6f8ff39863778de8dd32f58467f5"},"description":"Co dzia\u0142o si\u0119 na Twitterze w kwietniu? Odpowied\u017a znajdziecie w najnowszym wydaniu raportu Twitter Trends przygotowanego przez Sotrender!","breadcrumb":{"@id":"https:\/\/www.sotrender.com\/blog\/pl\/2017\/05\/twitter-trends-kwiecien-2017\/#breadcrumb"},"inLanguage":"pl-PL","potentialAction":[{"@type":"ReadAction","target":["https:\/\/www.sotrender.com\/blog\/pl\/2017\/05\/twitter-trends-kwiecien-2017\/"]}]},{"@type":"ImageObject","inLanguage":"pl-PL","@id":"https:\/\/www.sotrender.com\/blog\/pl\/2017\/05\/twitter-trends-kwiecien-2017\/#primaryimage","url":"https:\/\/www.sotrender.com\/blog\/wp-content\/uploads\/2017\/05\/adrien-ledoux-171222.jpg","contentUrl":"https:\/\/www.sotrender.com\/blog\/wp-content\/uploads\/2017\/05\/adrien-ledoux-171222.jpg","width":3560,"height":2848},{"@type":"BreadcrumbList","@id":"https:\/\/www.sotrender.com\/blog\/pl\/2017\/05\/twitter-trends-kwiecien-2017\/#breadcrumb","itemListElement":[{"@type":"ListItem","position":1,"name":"Home","item":"https:\/\/www.sotrender.com\/blog\/"},{"@type":"ListItem","position":2,"name":"Twitter Trends kwiecie\u0144 2017 &#8211; Z Brukseli do Warszawy"}]},{"@type":"WebSite","@id":"https:\/\/www.sotrender.com\/blog\/#website","url":"https:\/\/www.sotrender.com\/blog\/","name":"Sotrender Blog","description":"","potentialAction":[{"@type":"SearchAction","target":{"@type":"EntryPoint","urlTemplate":"https:\/\/www.sotrender.com\/blog\/?s={search_term_string}"},"query-input":"required name=search_term_string"}],"inLanguage":"pl-PL"},{"@type":"Person","@id":"https:\/\/www.sotrender.com\/blog\/#\/schema\/person\/48ed6f8ff39863778de8dd32f58467f5","name":"Micha\u0142 Wieczorek","image":{"@type":"ImageObject","inLanguage":"pl-PL","@id":"https:\/\/www.sotrender.com\/blog\/#\/schema\/person\/image\/","url":"https:\/\/secure.gravatar.com\/avatar\/65ceb2020aa2338488b9c5f33c10137f?s=96&d=mm&r=g","contentUrl":"https:\/\/secure.gravatar.com\/avatar\/65ceb2020aa2338488b9c5f33c10137f?s=96&d=mm&r=g","caption":"Micha\u0142 Wieczorek"},"description":"Baltic linguist, marketer, and music journalist in his free time. A big fan of good food and even better music.","sameAs":["https:\/\/www.linkedin.com\/in\/michaldwieczorek","https:\/\/twitter.com\/http:\/\/twitter.com\/eveningo"],"url":"https:\/\/www.sotrender.com\/blog\/pl\/author\/micha_wieczorek\/"}]}},"_links":{"self":[{"href":"https:\/\/www.sotrender.com\/blog\/pl\/wp-json\/wp\/v2\/posts\/27307"}],"collection":[{"href":"https:\/\/www.sotrender.com\/blog\/pl\/wp-json\/wp\/v2\/posts"}],"about":[{"href":"https:\/\/www.sotrender.com\/blog\/pl\/wp-json\/wp\/v2\/types\/post"}],"author":[{"embeddable":true,"href":"https:\/\/www.sotrender.com\/blog\/pl\/wp-json\/wp\/v2\/users\/49"}],"replies":[{"embeddable":true,"href":"https:\/\/www.sotrender.com\/blog\/pl\/wp-json\/wp\/v2\/comments?post=27307"}],"version-history":[{"count":19,"href":"https:\/\/www.sotrender.com\/blog\/pl\/wp-json\/wp\/v2\/posts\/27307\/revisions"}],"predecessor-version":[{"id":27409,"href":"https:\/\/www.sotrender.com\/blog\/pl\/wp-json\/wp\/v2\/posts\/27307\/revisions\/27409"}],"wp:featuredmedia":[{"embeddable":true,"href":"https:\/\/www.sotrender.com\/blog\/pl\/wp-json\/wp\/v2\/media\/27339"}],"wp:attachment":[{"href":"https:\/\/www.sotrender.com\/blog\/pl\/wp-json\/wp\/v2\/media?parent=27307"}],"wp:term":[{"taxonomy":"category","embeddable":true,"href":"https:\/\/www.sotrender.com\/blog\/pl\/wp-json\/wp\/v2\/categories?post=27307"},{"taxonomy":"post_tag","embeddable":true,"href":"https:\/\/www.sotrender.com\/blog\/pl\/wp-json\/wp\/v2\/tags?post=27307"}],"curies":[{"name":"wp","href":"https:\/\/api.w.org\/{rel}","templated":true}]}}