{"id":27239,"date":"2017-05-10T14:02:10","date_gmt":"2017-05-10T12:02:10","guid":{"rendered":"https:\/\/www.sotrender.com\/blog\/?p=27239\/"},"modified":"2017-05-15T16:48:21","modified_gmt":"2017-05-15T14:48:21","slug":"instagram-trends-kwiecien-2017-bo-warto-sie-angazowac","status":"publish","type":"post","link":"https:\/\/www.sotrender.com\/blog\/pl\/2017\/05\/instagram-trends-kwiecien-2017-bo-warto-sie-angazowac\/","title":{"rendered":"Instagram Trends kwiecie\u0144 2017 &#8211; bo warto si\u0119 anga\u017cowa\u0107"},"content":{"rendered":"<p>A jednak! Tak, jak obiecywali\u015bmy Wam w <span style=\"text-decoration: underline;\"><a href=\"https:\/\/www.sotrender.com\/blog\/pl\/2017\/04\/twitter-trends-marzec-2017-czyli-nasz-raport-po-liftingu\/\">marcowych Twitter Trends<\/a><\/span>\u00a0w tym miesi\u0105cu raporty Trends publikujemy ju\u017c zgodnie z harmonogramem. Mamy nadziej\u0119, \u017ce nowe wydanie Trends\u00f3w zd\u0105\u017cy\u0142o Wam si\u0119 ju\u017c \u201copatrzy\u0107\u201d, a <span style=\"text-decoration: underline;\"><a href=\"https:\/\/www.sotrender.com\/blog\/pl\/2017\/04\/nowy-wyglad-raporty-trends\/\">nowa forma i drzewko kategorii<\/a><\/span>\u00a0przypad\u0142o Wam do gustu.\u00a0W tym miesi\u0105cu jako pierwsze oddajemy w Wasze r\u0119ce sprawozdanie z tego, co dzia\u0142o si\u0119 na polskim <a href=\"https:\/\/www.sotrender.com\/trends\/instagram\/poland\/201704\">Instagramie w kwietniu<\/a>. Co w nim? Przetasowania w naszym nowym zestawieniu bran\u017c, spore zmiany w zaanga\u017cowaniu w kategorii technologia i sprz\u0119t oraz s\u0142odycze i kosmetyki w natarciu.<\/p>\n<p>Je\u015bli jeste\u015bcie ciekawi, co jeszcze przygotowali\u015bmy dla Was w tym miesi\u0105cu \u2013 zapraszamy do lektury <span style=\"text-decoration: underline;\"><a href=\"https:\/\/www.sotrender.com\/trends\/instagram\/poland\/201704\">najnowszego wydania Instagram Trends<\/a><\/span>\u00a0przygotowanego przez <span style=\"text-decoration: underline;\"><a href=\"http:\/\/sotrender.com\/pl\">Sotrender<\/a><\/span>!<!--more--><\/p>\n<h2>Take a pic!<\/h2>\n<p>W naszym\u00a0zestawieniu bran\u017c wida\u0107, kto niepodzielnie\u00a0kr\u00f3luje na Instagramie &#8211; to oczywi\u015bcie <a href=\"https:\/\/www.sotrender.com\/trends\/instagram\/poland\/201704\/osoby\/sportowcy\"><span style=\"font-weight: bold;\">Sportowcy<\/span><\/a>\u00a0i <a href=\"https:\/\/www.sotrender.com\/trends\/instagram\/poland\/201704\/osoby\/sportowcy\/pilkarze\"><span style=\"font-weight: bold;\">Pi\u0142karze<\/span><\/a>\u00a0(mimo powszechnych opinii, \u017ce Instagram jest g\u0142\u00f3wnie modowo &#8211; kosmetycznym medium). G\u0142\u00f3wn\u0105 zas\u0142ug\u0119 mo\u017cna przypisa\u0107 tu rewelacyjnym\u00a0wynikom\u00a0wszystkich post\u00f3w Roberta Lewandowskiego.<\/p>\n<p>Co rzuca si\u0119 w oczy, dwie bran\u017ce zaliczy\u0142y spore r\u00f3\u017cnice &#8211; <a href=\"https:\/\/www.sotrender.com\/trends\/instagram\/poland\/201704\/marki\/fotografia\"><span style=\"font-weight: bold;\">Fotografia<\/span><\/a>\u00a0skoczy\u0142a a\u017c o 31 oczek w g\u00f3r\u0119 (przy 2 procentach \u015bredniego wzrostu) &#8211; i cho\u0107 w poprzednim zestawieniu jej nie by\u0142o, to teraz wraca, od razu z tak mocn\u0105 pozycj\u0105. Z kolei <a href=\"https:\/\/www.sotrender.com\/trends\/instagram\/poland\/201704\/media\/media_internetowe\/portale_internetowe\"><span style=\"font-weight: bold;\">Portale internetowe<\/span><\/a>\u00a0spad\u0142y a\u017c o 11 pozycji w d\u00f3\u0142 (mimo 4 procent \u015bredniego wzrostu) &#8211; mimo tego, \u017ce w mediach spo\u0142eczno\u015bciowych powinny czu\u0107 si\u0119 jak ryba w wodzie.<\/p>\n<div style=\"width: 754px\" class=\"wp-caption aligncenter\"><img loading=\"lazy\" decoding=\"async\" src=\"https:\/\/www.sotrender.com\/blog\/wp-content\/uploads\/2017\/05\/3f47de9d-db0d-47b5-8c28-90e1132ea717_R20Graphics20Output20-20Google20Chrome202017-05-102010.33.50.png\" alt=\"Zestawienie bran\u017c w Instagram Trends kwiecie\u0144 2017.\" width=\"744\" height=\"633\" \/><p class=\"wp-caption-text\"><strong>Zestawienie bran\u017c<\/strong> w Instagram Trends kwiecie\u0144 2017.<\/p><\/div>\n<h2>Plotki a lajki<\/h2>\n<p>W zestawieniu <a href=\"https:\/\/www.sotrender.com\/trends\/instagram\/poland\/201704\/pl_wszystkie\"><span style=\"font-weight: bold;\">polskoj\u0119zycznych<\/span><\/a>\u00a0profili zawrza\u0142o &#8211; a to wszystko za spraw\u0105 m\u0142odego aktora, <span style=\"text-decoration: underline;\"><a href=\"https:\/\/www.instagram.com\/patrykpniewskiinsta\/\">Patryka Pniewskiego<\/a><\/span>, kt\u00f3ry w zestawieniu zaanga\u017cowania wskoczy\u0142 a\u017c o\u2026 176 pozycji! Tym samym aktor trafi\u0142 na czwarte miejsce zestawienia. I cho\u0107 mo\u017cna by docieka\u0107, jaki jest pow\u00f3d a\u017c tak wielkich interakcji z jego profilem, to chyba naj\u0142atwiejszym sposobem b\u0119dzie wpisanie jego nazwiska w wyszukiwarce. Co tam zobaczymy?<\/p>\n<div id=\"attachment_27251\" style=\"width: 1192px\" class=\"wp-caption aligncenter\"><img loading=\"lazy\" decoding=\"async\" aria-describedby=\"caption-attachment-27251\" class=\"wp-image-27251 size-full\" src=\"https:\/\/www.sotrender.com\/blog\/wp-content\/uploads\/2017\/05\/Katarzyna-Sawczuk-i-Patryk-Pniewski-rozstali-si\u0119.-To-przez-Jeschke_-Tancerz-komentuje-a-aktorka...-Jej-s\u0142owa-nie-spodobaj\u0105-si\u0119-Patrykowi-Google-Chrome-2017-05-10-10.40.35.png\" alt=\"Nag\u0142\u00f3wek z portalu plotek.pl dotycz\u0105cy Patryka Pniewskiego.\" width=\"1182\" height=\"111\" srcset=\"https:\/\/www.sotrender.com\/blog\/wp-content\/uploads\/2017\/05\/Katarzyna-Sawczuk-i-Patryk-Pniewski-rozstali-si\u0119.-To-przez-Jeschke_-Tancerz-komentuje-a-aktorka...-Jej-s\u0142owa-nie-spodobaj\u0105-si\u0119-Patrykowi-Google-Chrome-2017-05-10-10.40.35.png 1182w, https:\/\/www.sotrender.com\/blog\/wp-content\/uploads\/2017\/05\/Katarzyna-Sawczuk-i-Patryk-Pniewski-rozstali-si\u0119.-To-przez-Jeschke_-Tancerz-komentuje-a-aktorka...-Jej-s\u0142owa-nie-spodobaj\u0105-si\u0119-Patrykowi-Google-Chrome-2017-05-10-10.40.35-475x45.png 475w, https:\/\/www.sotrender.com\/blog\/wp-content\/uploads\/2017\/05\/Katarzyna-Sawczuk-i-Patryk-Pniewski-rozstali-si\u0119.-To-przez-Jeschke_-Tancerz-komentuje-a-aktorka...-Jej-s\u0142owa-nie-spodobaj\u0105-si\u0119-Patrykowi-Google-Chrome-2017-05-10-10.40.35-768x72.png 768w, https:\/\/www.sotrender.com\/blog\/wp-content\/uploads\/2017\/05\/Katarzyna-Sawczuk-i-Patryk-Pniewski-rozstali-si\u0119.-To-przez-Jeschke_-Tancerz-komentuje-a-aktorka...-Jej-s\u0142owa-nie-spodobaj\u0105-si\u0119-Patrykowi-Google-Chrome-2017-05-10-10.40.35-950x89.png 950w\" sizes=\"(max-width: 1182px) 100vw, 1182px\" \/><p id=\"caption-attachment-27251\" class=\"wp-caption-text\">Nag\u0142\u00f3wek z portalu plotek.pl<\/p><\/div>\n<div id=\"attachment_27253\" style=\"width: 866px\" class=\"wp-caption aligncenter\"><img loading=\"lazy\" decoding=\"async\" aria-describedby=\"caption-attachment-27253\" class=\"wp-image-27253 size-full\" src=\"https:\/\/www.sotrender.com\/blog\/wp-content\/uploads\/2017\/05\/Patryk-Pniewski-zapowiada-pozew-w-sprawie-z-Kasi\u0105-Sawczuk-_-Party.pl-Google-Chrome-2017-05-10-10.40.55.png\" alt=\"Nag\u0142\u00f3wek z portalu party.pl dotycz\u0105cy Patryka Pniewskiego.\" width=\"856\" height=\"108\" srcset=\"https:\/\/www.sotrender.com\/blog\/wp-content\/uploads\/2017\/05\/Patryk-Pniewski-zapowiada-pozew-w-sprawie-z-Kasi\u0105-Sawczuk-_-Party.pl-Google-Chrome-2017-05-10-10.40.55.png 856w, https:\/\/www.sotrender.com\/blog\/wp-content\/uploads\/2017\/05\/Patryk-Pniewski-zapowiada-pozew-w-sprawie-z-Kasi\u0105-Sawczuk-_-Party.pl-Google-Chrome-2017-05-10-10.40.55-475x60.png 475w, https:\/\/www.sotrender.com\/blog\/wp-content\/uploads\/2017\/05\/Patryk-Pniewski-zapowiada-pozew-w-sprawie-z-Kasi\u0105-Sawczuk-_-Party.pl-Google-Chrome-2017-05-10-10.40.55-768x97.png 768w\" sizes=\"(max-width: 856px) 100vw, 856px\" \/><p id=\"caption-attachment-27253\" class=\"wp-caption-text\">Nag\u0142\u00f3wek z portalu party.pl<\/p><\/div>\n<p>No tak, jednak portale plotkarskie robi\u0105 spor\u0105 robot\u0119.<\/p>\n<div style=\"width: 600px\" class=\"wp-caption aligncenter\"><img loading=\"lazy\" decoding=\"async\" src=\"https:\/\/www.sotrender.com\/blog\/wp-content\/uploads\/2017\/05\/5835e814-aa01-482e-ab51-d8cb6d2401f9_full_report.pdf20-20Adobe20Acrobat20Reader20DC202017-05-102011.39.23.png\" alt=\"Najbardziej anga\u017cuj\u0105ce profile wed\u0142ug Instagram Trends kwiecie\u0144 2017.\" width=\"590\" height=\"320\" \/><p class=\"wp-caption-text\">Najbardziej anga\u017cuj\u0105ce profile wed\u0142ug Instagram Trends kwiecie\u0144 2017.<\/p><\/div>\n<h2>Derby Warszawy<\/h2>\n<p>W wielu kategoriach z miesi\u0105ca na miesi\u0105c trudno dostrzec wyra\u017ane zmiany.\u00a0Jedn\u0105 z takich kategorii s\u0105\u00a0<a href=\"https:\/\/www.sotrender.com\/trends\/instagram\/poland\/201704\/marki\/uczelnie_wyzsze\"><span style=\"font-weight: bold;\">Uczelnie wy\u017csze<\/span><\/a>\u2026 a\u017c do teraz. Bo oto na naszych oczach <span style=\"font-weight: bold;\">Szko\u0142a G\u0142\u00f3wna Handlowa<\/span>\u00a0w Warszawie prze\u015bcign\u0119\u0142a\u00a0w ilo\u015bci obserwuj\u0105cych <span style=\"font-weight: bold;\">Akademi\u0119 Leona Ko\u017ami\u0144skiego<\/span>. B\u0119dzie odwet? \ud83d\ude42<\/p>\n<div style=\"width: 680px\" class=\"wp-caption aligncenter\"><img loading=\"lazy\" decoding=\"async\" src=\"https:\/\/www.sotrender.com\/blog\/wp-content\/uploads\/2017\/05\/cbd78943-fca4-4898-a01e-6338f2bfcf4f_Sotrender20Trends20on20Sotrender.com20-20Google20Chrome202017-05-102010.53.43.png\" alt=\"Zmiany w kategorii Uczelni wy\u017cszych w Instagram Trends kwiecie\u0144 2017.\" width=\"670\" height=\"63\" \/><p class=\"wp-caption-text\">Zmiany w kategorii Uczelni wy\u017cszych w Instagram Trends kwiecie\u0144 2017.<\/p><\/div>\n<p>&nbsp;<\/p>\n<blockquote class=\"instagram-media\" style=\"background: #FFF; border: 0; border-radius: 3px; box-shadow: 0 0 1px 0 rgba(0,0,0,0.5),0 1px 10px 0 rgba(0,0,0,0.15); margin: 1px; max-width: 658px; padding: 0; width: calc(100% - 2px);\" data-instgrm-captioned=\"\" data-instgrm-version=\"7\">\n<div style=\"padding: 8px;\">\n<div style=\"background: #F8F8F8; line-height: 0; margin-top: 40px; padding: 62.5% 0; text-align: center; width: 100%;\"><\/div>\n<p style=\"margin: 8px 0 0 0; padding: 0 4px;\"><a style=\"color: #000; font-family: Arial,sans-serif; font-size: 14px; font-style: normal; font-weight: normal; line-height: 17px; text-decoration: none; word-wrap: break-word;\" href=\"https:\/\/www.instagram.com\/p\/BTBesfID5Tf\/\" target=\"_blank\">It&#8217;s oh so quiet\u2026 Dobrze, \u017ce jutro wracacie ? Foto od @hashtagalek &#8211; warto doda\u0107 do ulubionych ? #cisza #aulaA #soundofsilence #nieogarniamytejskali #ktoby\u0142tenwie #kampus #architektura\u015bwiat\u0142a #warszawa #nowawarszawa #warszawawa #sghwarsaw #architektura #architecture #archilovers #architectureporn #warsaw #thisiswarsaw #discoverwarsaw #fallinlovewithwarsaw #university #campus #instawarsaw #igerswarsaw #overwhelming #scale #symmetry #symmetrykillers #symmetricalmonsters<\/a><\/p>\n<p style=\"color: #c9c8cd; font-family: Arial,sans-serif; font-size: 14px; line-height: 17px; margin-bottom: 0; margin-top: 8px; overflow: hidden; padding: 8px 0 7px; text-align: center; text-overflow: ellipsis; white-space: nowrap;\">Post udost\u0119pniony przez SGH Warsaw School of Economics (@sghwarsaw) <time style=\"font-family: Arial,sans-serif; font-size: 14px; line-height: 17px;\" datetime=\"2017-04-18T10:20:12+00:00\">18 Kwi, 2017 o 3:20 PDT<\/time><\/p>\n<\/div>\n<\/blockquote>\n<p><script async defer src=\"\/\/platform.instagram.com\/en_US\/embeds.js\"><\/script><\/p>\n<h2>Zg\u0142o\u015b profil do Instagram Trends!<\/h2>\n<p>Ca\u0142y czas dodajemy nowe kategorie i profile do naszego raportu. Je\u015bli znacie profile, kt\u00f3re powinny znale\u017a\u0107 si\u0119 w <span style=\"text-decoration: underline;\"><a href=\"https:\/\/www.sotrender.com\/trends\/instagram\/poland\/201704\/\">Instagram Trends<\/a><\/span>, u\u017cyjcie formularza, kt\u00f3ry znajduje si\u0119 na dowolnej stronie raportu, lub napiszcie na adres trends@sotrender.com.<\/p>\n<h2 style=\"text-align: center;\">Co jeszcze wydarzy\u0142o si\u0119 w kwietniu na polskim Instagramie? Sprawd\u017a <a href=\"https:\/\/www.sotrender.com\/trends\/instagram\/poland\/201704\/\">Instagram Trends<\/a>!<\/h2>\n<div><\/div>\n<div>\u00a0<div class=\"shortcode trial\"><h4><span>\u201dMierz<\/span><a title=\"\u201dZobacz\" class=\"btn\" href=\"\">\u201dZobacz<\/a><\/h4><\/div><\/div>\n","protected":false},"excerpt":{"rendered":"<p>A jednak! Tak, jak obiecywali\u015bmy Wam w marcowych Twitter Trends\u00a0w tym miesi\u0105cu raporty Trends publikujemy ju\u017c zgodnie z harmonogramem. Mamy nadziej\u0119, \u017ce nowe wydanie Trends\u00f3w zd\u0105\u017cy\u0142o Wam si\u0119 ju\u017c \u201copatrzy\u0107\u201d, a nowa forma i drzewko kategorii\u00a0przypad\u0142o Wam do gustu.\u00a0W tym miesi\u0105cu jako pierwsze oddajemy w Wasze r\u0119ce sprawozdanie z tego, co dzia\u0142o si\u0119 na polskim [&hellip;]<\/p>\n","protected":false},"author":81,"featured_media":27257,"comment_status":"open","ping_status":"open","sticky":false,"template":"","format":"standard","meta":{"inline_featured_image":false,"footnotes":""},"categories":[1791,1803],"tags":[25,615,2073],"yoast_head":"<!-- This site is optimized with the Yoast SEO plugin v22.4 - https:\/\/yoast.com\/wordpress\/plugins\/seo\/ -->\n<title>Instagram Trends kwiecie\u0144 2017 - bo warto si\u0119 anga\u017cowa\u0107 \u2013 Sotrender Blog \u2013 Analyze, Benchmark &amp; Report Your Social Media Performance<\/title>\n<meta name=\"description\" content=\"A jednak! Tak, jak obiecywali\u015bmy Wam w marcowych Twitter Trends\u00a0w tym miesi\u0105cu raporty Trends publikujemy ju\u017c zgodnie z harmonogramem. Mamy nadziej\u0119, \u017ce Social Media Marketing &amp; Analytics Blog.\" \/>\n<meta name=\"robots\" content=\"index, follow, max-snippet:-1, max-image-preview:large, max-video-preview:-1\" \/>\n<link rel=\"canonical\" href=\"https:\/\/www.sotrender.com\/blog\/pl\/2017\/05\/instagram-trends-kwiecien-2017-bo-warto-sie-angazowac\/\" \/>\n<meta property=\"og:locale\" content=\"pl_PL\" \/>\n<meta property=\"og:type\" content=\"article\" \/>\n<meta property=\"og:title\" content=\"Instagram Trends kwiecie\u0144 2017 - bo warto si\u0119 anga\u017cowa\u0107 \u2013 Sotrender Blog \u2013 Analyze, Benchmark &amp; Report Your Social Media Performance\" \/>\n<meta property=\"og:description\" content=\"A jednak! Tak, jak obiecywali\u015bmy Wam w marcowych Twitter Trends\u00a0w tym miesi\u0105cu raporty Trends publikujemy ju\u017c zgodnie z harmonogramem. Mamy nadziej\u0119, \u017ce Social Media Marketing &amp; Analytics Blog.\" \/>\n<meta property=\"og:url\" content=\"https:\/\/www.sotrender.com\/blog\/pl\/2017\/05\/instagram-trends-kwiecien-2017-bo-warto-sie-angazowac\/\" \/>\n<meta property=\"og:site_name\" content=\"Sotrender Blog\" \/>\n<meta property=\"article:publisher\" content=\"https:\/\/www.facebook.com\/Sotrender\" \/>\n<meta property=\"article:published_time\" content=\"2017-05-10T12:02:10+00:00\" \/>\n<meta property=\"article:modified_time\" content=\"2017-05-15T14:48:21+00:00\" \/>\n<meta property=\"og:image\" content=\"https:\/\/www.sotrender.com\/blog\/wp-content\/uploads\/2017\/05\/iphone-smartphone-taking-photo-graffiti.jpg\" \/>\n\t<meta property=\"og:image:width\" content=\"1600\" \/>\n\t<meta property=\"og:image:height\" content=\"1067\" \/>\n\t<meta property=\"og:image:type\" content=\"image\/jpeg\" \/>\n<meta name=\"author\" content=\"Magdalena Poprawa\" \/>\n<meta name=\"twitter:card\" content=\"summary_large_image\" \/>\n<meta name=\"twitter:creator\" content=\"@Sotrender\" \/>\n<meta name=\"twitter:site\" content=\"@Sotrender\" \/>\n<meta name=\"twitter:label1\" content=\"Written by\" \/>\n\t<meta name=\"twitter:data1\" content=\"Magdalena Poprawa\" \/>\n\t<meta name=\"twitter:label2\" content=\"Est. reading time\" \/>\n\t<meta name=\"twitter:data2\" content=\"3 minutes\" \/>\n<script type=\"application\/ld+json\" class=\"yoast-schema-graph\">{\"@context\":\"https:\/\/schema.org\",\"@graph\":[{\"@type\":\"WebPage\",\"@id\":\"https:\/\/www.sotrender.com\/blog\/pl\/2017\/05\/instagram-trends-kwiecien-2017-bo-warto-sie-angazowac\/\",\"url\":\"https:\/\/www.sotrender.com\/blog\/pl\/2017\/05\/instagram-trends-kwiecien-2017-bo-warto-sie-angazowac\/\",\"name\":\"Instagram Trends kwiecie\u0144 2017 - bo warto si\u0119 anga\u017cowa\u0107 \u2013 Sotrender Blog \u2013 Analyze, Benchmark & Report Your Social Media Performance\",\"isPartOf\":{\"@id\":\"https:\/\/www.sotrender.com\/blog\/#website\"},\"primaryImageOfPage\":{\"@id\":\"https:\/\/www.sotrender.com\/blog\/pl\/2017\/05\/instagram-trends-kwiecien-2017-bo-warto-sie-angazowac\/#primaryimage\"},\"image\":{\"@id\":\"https:\/\/www.sotrender.com\/blog\/pl\/2017\/05\/instagram-trends-kwiecien-2017-bo-warto-sie-angazowac\/#primaryimage\"},\"thumbnailUrl\":\"https:\/\/www.sotrender.com\/blog\/wp-content\/uploads\/2017\/05\/iphone-smartphone-taking-photo-graffiti.jpg\",\"datePublished\":\"2017-05-10T12:02:10+00:00\",\"dateModified\":\"2017-05-15T14:48:21+00:00\",\"author\":{\"@id\":\"https:\/\/www.sotrender.com\/blog\/#\/schema\/person\/3642b75ae753959d5bce64ad7514d143\"},\"description\":\"A jednak! Tak, jak obiecywali\u015bmy Wam w marcowych Twitter Trends\u00a0w tym miesi\u0105cu raporty Trends publikujemy ju\u017c zgodnie z harmonogramem. Mamy nadziej\u0119, \u017ce Social Media Marketing & Analytics Blog.\",\"breadcrumb\":{\"@id\":\"https:\/\/www.sotrender.com\/blog\/pl\/2017\/05\/instagram-trends-kwiecien-2017-bo-warto-sie-angazowac\/#breadcrumb\"},\"inLanguage\":\"pl-PL\",\"potentialAction\":[{\"@type\":\"ReadAction\",\"target\":[\"https:\/\/www.sotrender.com\/blog\/pl\/2017\/05\/instagram-trends-kwiecien-2017-bo-warto-sie-angazowac\/\"]}]},{\"@type\":\"ImageObject\",\"inLanguage\":\"pl-PL\",\"@id\":\"https:\/\/www.sotrender.com\/blog\/pl\/2017\/05\/instagram-trends-kwiecien-2017-bo-warto-sie-angazowac\/#primaryimage\",\"url\":\"https:\/\/www.sotrender.com\/blog\/wp-content\/uploads\/2017\/05\/iphone-smartphone-taking-photo-graffiti.jpg\",\"contentUrl\":\"https:\/\/www.sotrender.com\/blog\/wp-content\/uploads\/2017\/05\/iphone-smartphone-taking-photo-graffiti.jpg\",\"width\":1600,\"height\":1067,\"caption\":\"Instagram Trends kwiecie\u0144 2017\"},{\"@type\":\"BreadcrumbList\",\"@id\":\"https:\/\/www.sotrender.com\/blog\/pl\/2017\/05\/instagram-trends-kwiecien-2017-bo-warto-sie-angazowac\/#breadcrumb\",\"itemListElement\":[{\"@type\":\"ListItem\",\"position\":1,\"name\":\"Home\",\"item\":\"https:\/\/www.sotrender.com\/blog\/\"},{\"@type\":\"ListItem\",\"position\":2,\"name\":\"Instagram Trends kwiecie\u0144 2017 &#8211; bo warto si\u0119 anga\u017cowa\u0107\"}]},{\"@type\":\"WebSite\",\"@id\":\"https:\/\/www.sotrender.com\/blog\/#website\",\"url\":\"https:\/\/www.sotrender.com\/blog\/\",\"name\":\"Sotrender Blog\",\"description\":\"\",\"potentialAction\":[{\"@type\":\"SearchAction\",\"target\":{\"@type\":\"EntryPoint\",\"urlTemplate\":\"https:\/\/www.sotrender.com\/blog\/?s={search_term_string}\"},\"query-input\":\"required name=search_term_string\"}],\"inLanguage\":\"pl-PL\"},{\"@type\":\"Person\",\"@id\":\"https:\/\/www.sotrender.com\/blog\/#\/schema\/person\/3642b75ae753959d5bce64ad7514d143\",\"name\":\"Magdalena Poprawa\",\"image\":{\"@type\":\"ImageObject\",\"inLanguage\":\"pl-PL\",\"@id\":\"https:\/\/www.sotrender.com\/blog\/#\/schema\/person\/image\/\",\"url\":\"https:\/\/secure.gravatar.com\/avatar\/95ac3974e8d78e3daf21d769297996a7?s=96&d=mm&r=g\",\"contentUrl\":\"https:\/\/secure.gravatar.com\/avatar\/95ac3974e8d78e3daf21d769297996a7?s=96&d=mm&r=g\",\"caption\":\"Magdalena Poprawa\"},\"description\":\"Law and communication design student, social media law freak and coffee lover.\",\"url\":\"https:\/\/www.sotrender.com\/blog\/pl\/author\/mpoprawa\/\"}]}<\/script>\n<!-- \/ Yoast SEO plugin. -->","yoast_head_json":{"title":"Instagram Trends kwiecie\u0144 2017 - bo warto si\u0119 anga\u017cowa\u0107 \u2013 Sotrender Blog \u2013 Analyze, Benchmark & Report Your Social Media Performance","description":"A jednak! Tak, jak obiecywali\u015bmy Wam w marcowych Twitter Trends\u00a0w tym miesi\u0105cu raporty Trends publikujemy ju\u017c zgodnie z harmonogramem. Mamy nadziej\u0119, \u017ce Social Media Marketing & Analytics Blog.","robots":{"index":"index","follow":"follow","max-snippet":"max-snippet:-1","max-image-preview":"max-image-preview:large","max-video-preview":"max-video-preview:-1"},"canonical":"https:\/\/www.sotrender.com\/blog\/pl\/2017\/05\/instagram-trends-kwiecien-2017-bo-warto-sie-angazowac\/","og_locale":"pl_PL","og_type":"article","og_title":"Instagram Trends kwiecie\u0144 2017 - bo warto si\u0119 anga\u017cowa\u0107 \u2013 Sotrender Blog \u2013 Analyze, Benchmark & Report Your Social Media Performance","og_description":"A jednak! Tak, jak obiecywali\u015bmy Wam w marcowych Twitter Trends\u00a0w tym miesi\u0105cu raporty Trends publikujemy ju\u017c zgodnie z harmonogramem. Mamy nadziej\u0119, \u017ce Social Media Marketing & Analytics Blog.","og_url":"https:\/\/www.sotrender.com\/blog\/pl\/2017\/05\/instagram-trends-kwiecien-2017-bo-warto-sie-angazowac\/","og_site_name":"Sotrender Blog","article_publisher":"https:\/\/www.facebook.com\/Sotrender","article_published_time":"2017-05-10T12:02:10+00:00","article_modified_time":"2017-05-15T14:48:21+00:00","og_image":[{"width":1600,"height":1067,"url":"https:\/\/www.sotrender.com\/blog\/wp-content\/uploads\/2017\/05\/iphone-smartphone-taking-photo-graffiti.jpg","type":"image\/jpeg"}],"author":"Magdalena Poprawa","twitter_card":"summary_large_image","twitter_creator":"@Sotrender","twitter_site":"@Sotrender","twitter_misc":{"Written by":"Magdalena Poprawa","Est. reading time":"3 minutes"},"schema":{"@context":"https:\/\/schema.org","@graph":[{"@type":"WebPage","@id":"https:\/\/www.sotrender.com\/blog\/pl\/2017\/05\/instagram-trends-kwiecien-2017-bo-warto-sie-angazowac\/","url":"https:\/\/www.sotrender.com\/blog\/pl\/2017\/05\/instagram-trends-kwiecien-2017-bo-warto-sie-angazowac\/","name":"Instagram Trends kwiecie\u0144 2017 - bo warto si\u0119 anga\u017cowa\u0107 \u2013 Sotrender Blog \u2013 Analyze, Benchmark & Report Your Social Media Performance","isPartOf":{"@id":"https:\/\/www.sotrender.com\/blog\/#website"},"primaryImageOfPage":{"@id":"https:\/\/www.sotrender.com\/blog\/pl\/2017\/05\/instagram-trends-kwiecien-2017-bo-warto-sie-angazowac\/#primaryimage"},"image":{"@id":"https:\/\/www.sotrender.com\/blog\/pl\/2017\/05\/instagram-trends-kwiecien-2017-bo-warto-sie-angazowac\/#primaryimage"},"thumbnailUrl":"https:\/\/www.sotrender.com\/blog\/wp-content\/uploads\/2017\/05\/iphone-smartphone-taking-photo-graffiti.jpg","datePublished":"2017-05-10T12:02:10+00:00","dateModified":"2017-05-15T14:48:21+00:00","author":{"@id":"https:\/\/www.sotrender.com\/blog\/#\/schema\/person\/3642b75ae753959d5bce64ad7514d143"},"description":"A jednak! Tak, jak obiecywali\u015bmy Wam w marcowych Twitter Trends\u00a0w tym miesi\u0105cu raporty Trends publikujemy ju\u017c zgodnie z harmonogramem. Mamy nadziej\u0119, \u017ce Social Media Marketing & Analytics Blog.","breadcrumb":{"@id":"https:\/\/www.sotrender.com\/blog\/pl\/2017\/05\/instagram-trends-kwiecien-2017-bo-warto-sie-angazowac\/#breadcrumb"},"inLanguage":"pl-PL","potentialAction":[{"@type":"ReadAction","target":["https:\/\/www.sotrender.com\/blog\/pl\/2017\/05\/instagram-trends-kwiecien-2017-bo-warto-sie-angazowac\/"]}]},{"@type":"ImageObject","inLanguage":"pl-PL","@id":"https:\/\/www.sotrender.com\/blog\/pl\/2017\/05\/instagram-trends-kwiecien-2017-bo-warto-sie-angazowac\/#primaryimage","url":"https:\/\/www.sotrender.com\/blog\/wp-content\/uploads\/2017\/05\/iphone-smartphone-taking-photo-graffiti.jpg","contentUrl":"https:\/\/www.sotrender.com\/blog\/wp-content\/uploads\/2017\/05\/iphone-smartphone-taking-photo-graffiti.jpg","width":1600,"height":1067,"caption":"Instagram Trends kwiecie\u0144 2017"},{"@type":"BreadcrumbList","@id":"https:\/\/www.sotrender.com\/blog\/pl\/2017\/05\/instagram-trends-kwiecien-2017-bo-warto-sie-angazowac\/#breadcrumb","itemListElement":[{"@type":"ListItem","position":1,"name":"Home","item":"https:\/\/www.sotrender.com\/blog\/"},{"@type":"ListItem","position":2,"name":"Instagram Trends kwiecie\u0144 2017 &#8211; bo warto si\u0119 anga\u017cowa\u0107"}]},{"@type":"WebSite","@id":"https:\/\/www.sotrender.com\/blog\/#website","url":"https:\/\/www.sotrender.com\/blog\/","name":"Sotrender Blog","description":"","potentialAction":[{"@type":"SearchAction","target":{"@type":"EntryPoint","urlTemplate":"https:\/\/www.sotrender.com\/blog\/?s={search_term_string}"},"query-input":"required name=search_term_string"}],"inLanguage":"pl-PL"},{"@type":"Person","@id":"https:\/\/www.sotrender.com\/blog\/#\/schema\/person\/3642b75ae753959d5bce64ad7514d143","name":"Magdalena Poprawa","image":{"@type":"ImageObject","inLanguage":"pl-PL","@id":"https:\/\/www.sotrender.com\/blog\/#\/schema\/person\/image\/","url":"https:\/\/secure.gravatar.com\/avatar\/95ac3974e8d78e3daf21d769297996a7?s=96&d=mm&r=g","contentUrl":"https:\/\/secure.gravatar.com\/avatar\/95ac3974e8d78e3daf21d769297996a7?s=96&d=mm&r=g","caption":"Magdalena Poprawa"},"description":"Law and communication design student, social media law freak and coffee lover.","url":"https:\/\/www.sotrender.com\/blog\/pl\/author\/mpoprawa\/"}]}},"_links":{"self":[{"href":"https:\/\/www.sotrender.com\/blog\/pl\/wp-json\/wp\/v2\/posts\/27239"}],"collection":[{"href":"https:\/\/www.sotrender.com\/blog\/pl\/wp-json\/wp\/v2\/posts"}],"about":[{"href":"https:\/\/www.sotrender.com\/blog\/pl\/wp-json\/wp\/v2\/types\/post"}],"author":[{"embeddable":true,"href":"https:\/\/www.sotrender.com\/blog\/pl\/wp-json\/wp\/v2\/users\/81"}],"replies":[{"embeddable":true,"href":"https:\/\/www.sotrender.com\/blog\/pl\/wp-json\/wp\/v2\/comments?post=27239"}],"version-history":[{"count":11,"href":"https:\/\/www.sotrender.com\/blog\/pl\/wp-json\/wp\/v2\/posts\/27239\/revisions"}],"predecessor-version":[{"id":27275,"href":"https:\/\/www.sotrender.com\/blog\/pl\/wp-json\/wp\/v2\/posts\/27239\/revisions\/27275"}],"wp:featuredmedia":[{"embeddable":true,"href":"https:\/\/www.sotrender.com\/blog\/pl\/wp-json\/wp\/v2\/media\/27257"}],"wp:attachment":[{"href":"https:\/\/www.sotrender.com\/blog\/pl\/wp-json\/wp\/v2\/media?parent=27239"}],"wp:term":[{"taxonomy":"category","embeddable":true,"href":"https:\/\/www.sotrender.com\/blog\/pl\/wp-json\/wp\/v2\/categories?post=27239"},{"taxonomy":"post_tag","embeddable":true,"href":"https:\/\/www.sotrender.com\/blog\/pl\/wp-json\/wp\/v2\/tags?post=27239"}],"curies":[{"name":"wp","href":"https:\/\/api.w.org\/{rel}","templated":true}]}}