{"id":27075,"date":"2017-04-26T17:28:12","date_gmt":"2017-04-26T15:28:12","guid":{"rendered":"https:\/\/www.sotrender.com\/blog\/?p=27075\/"},"modified":"2017-04-26T18:14:51","modified_gmt":"2017-04-26T16:14:51","slug":"facebook-trends-marzec","status":"publish","type":"post","link":"https:\/\/www.sotrender.com\/blog\/pl\/2017\/04\/facebook-trends-marzec\/","title":{"rendered":"Facebook Trends marzec 2017 &#8211; nowa nazwa, wygl\u0105d i nie tylko!"},"content":{"rendered":"<p>Wiemy, \u017ce czekali\u015bcie na nasze comiesi\u0119czne raporty <a href=\"https:\/\/www.sotrender.com\/trends\/facebook\/poland\">Facebook Trends<\/a>. Wybaczcie, \u017ce tak d\u0142ugo to trwa\u0142o! Mamy nadziej\u0119, \u017ce nowa wersja raport\u00f3w przypadnie Wam do gustu. Sprawd\u017acie, co dzia\u0142o si\u0119 na <strong><a href=\"https:\/\/www.sotrender.com\/trends\/facebook\/poland\">Facebooku w marcu<\/a><\/strong>!<!--more--><\/p>\n<h2>Zupe\u0142nie nowe raporty<\/h2>\n<p>Po sze\u015bciu latach wydawania Trends\u00f3w wprowadzamy chyba najwi\u0119ksze <a href=\"https:\/\/www.sotrender.com\/blog\/pl\/2017\/04\/nowy-wyglad-raporty-trends\/\">zmiany do raport\u00f3w<\/a>. Zmienia si\u0119 uk\u0142ad kategorii, zmienia si\u0119 architektura strony, layout &#8211; s\u0142owem prawie wszystko. To jeszcze nie koniec zmian i usprawnie\u0144, zale\u017cy nam na dostarczaniu Wam raport\u00f3w atrakcyjnych i kompleksowych. Mamy nadziej\u0119, \u017ce <span style=\"text-decoration: underline;\"><a href=\"https:\/\/www.sotrender.com\/resources\/pl\/reports\">Trendsy<\/a><\/span>\u00a0spe\u0142ni\u0105 Wasze oczekiwania, ale jeste\u015bmy te\u017c otwarci na kolejne pomys\u0142y i propozycje!<\/p>\n<p>Je\u015bli chcecie wiedzie\u0107, co dok\u0142adnie si\u0119 zmieni\u0142o, zapraszamy do <a href=\"https:\/\/www.sotrender.com\/blog\/pl\/2017\/04\/nowy-wyglad-raporty-trends\/\">specjalnego wpisu po\u015bwi\u0119conego od\u015bwie\u017conym raportom<\/a>.<\/p>\n<h2><span style=\"font-weight: bold;\">Nowe metryki i wska\u017aniki<\/span><\/h2>\n<p>W raportach <span style=\"text-decoration: underline;\"><a href=\"https:\/\/www.sotrender.com\/pl\/trends\/facebook\">Facebook Trends<\/a><\/span>\u00a0Zaanga\u017cowanie to od dzi\u015b \u015brednia tygodniowa liczba <strong>storytellers<\/strong> (czyli u\u017cytkownik\u00f3w, kt\u00f3rzy skomentowali, udost\u0119pnili lub zostawili reakcj\u0119 pod postem strony z uwzgl\u0119dnieniem tzw. nieopublikowanych\/dark post\u00f3w, czyli tre\u015bci nie pojawiaj\u0105cych si\u0119 na osi czasu strony). Zestawienie Najbardziej interaktywne strony zamienili\u015bmy na <strong>Aktywnych u\u017cytkownik\u00f3w<\/strong>, w kt\u00f3rym uwzgl\u0119dniamy <span style=\"text-decoration: underline;\"><a href=\"https:\/\/www.sotrender.com\/blog\/pl\/2012\/10\/interactivity-index-czyli-nasz-wskaznik-aktywnosci\/\">Interactivity Index<\/a><\/span>\u00a0(nasz autorski wska\u017anik, kt\u00f3ry przypisuje r\u00f3\u017cne wagi poszczeg\u00f3lnym aktywno\u015bciom na Facebooku) oraz liczb\u0119 u\u017cytkownik\u00f3w zaanga\u017cowanych w komunikacj\u0119 strony.<\/p>\n<div id=\"attachment_27091\" style=\"width: 846px\" class=\"wp-caption aligncenter\"><a href=\"https:\/\/www.sotrender.com\/blog\/wp-content\/uploads\/2017\/04\/Sotrender_Trends_on_Sotrender_com-4.png\"><img loading=\"lazy\" decoding=\"async\" aria-describedby=\"caption-attachment-27091\" class=\"size-full wp-image-27091\" src=\"https:\/\/www.sotrender.com\/blog\/wp-content\/uploads\/2017\/04\/Sotrender_Trends_on_Sotrender_com-4.png\" alt=\"W nowych raportach Facebook Trends prezentujemy liczb\u0119 Storytellers. \" width=\"836\" height=\"563\" srcset=\"https:\/\/www.sotrender.com\/blog\/wp-content\/uploads\/2017\/04\/Sotrender_Trends_on_Sotrender_com-4.png 836w, https:\/\/www.sotrender.com\/blog\/wp-content\/uploads\/2017\/04\/Sotrender_Trends_on_Sotrender_com-4-475x320.png 475w, https:\/\/www.sotrender.com\/blog\/wp-content\/uploads\/2017\/04\/Sotrender_Trends_on_Sotrender_com-4-768x517.png 768w\" sizes=\"(max-width: 836px) 100vw, 836px\" \/><\/a><p id=\"caption-attachment-27091\" class=\"wp-caption-text\">W nowych raportach Facebook Trends prezentujemy liczb\u0119 Storytellers.<\/p><\/div>\n<h2>Skoczkowie znowu na fali<\/h2>\n<p>Prze\u0142om lutego i marca 2017 roku up\u0142yn\u0105\u0142 pod znakiem Mistrzostw \u015awiata w Narciarstwie Klasycznym w Lahti. Ostatniego dnia zawod\u00f3w reprezentacja Polski zdoby\u0142a z\u0142oty medal w konkursie dru\u017cynowym. Dzi\u0119ki temu sukcesowi profile <a href=\"https:\/\/www.facebook.com\/KamilStochOfficial\/\"><strong>Kamila Stocha<\/strong><\/a> i <a href=\"https:\/\/www.facebook.com\/Piotr-\u017by\u0142a-Official-419219738138922\/\"><strong>Piotra \u017by\u0142y<\/strong><\/a> znalaz\u0142y si\u0119 w czo\u0142\u00f3wce najbardziej anga\u017cuj\u0105cych profili sportowych. Wyprzedza ich oczywi\u015bcie <a href=\"https:\/\/www.facebook.com\/rl9official\/\"><strong>Robert Lewandowski<\/strong><\/a>.<\/p>\n<div id=\"attachment_27097\" style=\"width: 840px\" class=\"wp-caption aligncenter\"><a href=\"https:\/\/www.sotrender.com\/blog\/wp-content\/uploads\/2017\/04\/Sotrender_Trends_on_Sotrender_com-6.png\"><img loading=\"lazy\" decoding=\"async\" aria-describedby=\"caption-attachment-27097\" class=\"size-full wp-image-27097\" src=\"https:\/\/www.sotrender.com\/blog\/wp-content\/uploads\/2017\/04\/Sotrender_Trends_on_Sotrender_com-6.png\" alt=\"Polscy skoczkowie dostarczyli nam mn\u00f3stwo emocji!\" width=\"830\" height=\"557\" srcset=\"https:\/\/www.sotrender.com\/blog\/wp-content\/uploads\/2017\/04\/Sotrender_Trends_on_Sotrender_com-6.png 830w, https:\/\/www.sotrender.com\/blog\/wp-content\/uploads\/2017\/04\/Sotrender_Trends_on_Sotrender_com-6-475x319.png 475w, https:\/\/www.sotrender.com\/blog\/wp-content\/uploads\/2017\/04\/Sotrender_Trends_on_Sotrender_com-6-768x515.png 768w\" sizes=\"(max-width: 830px) 100vw, 830px\" \/><\/a><p id=\"caption-attachment-27097\" class=\"wp-caption-text\">Polscy skoczkowie dostarczyli nam mn\u00f3stwo <a href=\"https:\/\/www.sotrender.com\/trends\/facebook\/poland\/201703\/ludzie\/sportowcy#storytellers\">emocji<\/a>!<\/p><\/div>\n<p>Natomiast post <a href=\"https:\/\/www.facebook.com\/SportoweFakty\/\"><strong>Sportowych Fakt\u00f3w<\/strong><\/a> o zwyci\u0119stwie Polak\u00f3w by\u0142 jednym z najbardziej interaktywnych post\u00f3w miesi\u0105ca.<\/p>\n<div id=\"attachment_27099\" style=\"width: 809px\" class=\"wp-caption aligncenter\"><a href=\"https:\/\/www.sotrender.com\/blog\/wp-content\/uploads\/2017\/04\/Sotrender_Trends_on_Sotrender_com-7.png\"><img loading=\"lazy\" decoding=\"async\" aria-describedby=\"caption-attachment-27099\" class=\"size-full wp-image-27099\" src=\"https:\/\/www.sotrender.com\/blog\/wp-content\/uploads\/2017\/04\/Sotrender_Trends_on_Sotrender_com-7.png\" alt=\"Jeden z najlepszych post\u00f3w miesi\u0105ca opublikowa\u0142 profil Sportowe Fakty.\" width=\"799\" height=\"343\" srcset=\"https:\/\/www.sotrender.com\/blog\/wp-content\/uploads\/2017\/04\/Sotrender_Trends_on_Sotrender_com-7.png 799w, https:\/\/www.sotrender.com\/blog\/wp-content\/uploads\/2017\/04\/Sotrender_Trends_on_Sotrender_com-7-475x204.png 475w, https:\/\/www.sotrender.com\/blog\/wp-content\/uploads\/2017\/04\/Sotrender_Trends_on_Sotrender_com-7-768x330.png 768w\" sizes=\"(max-width: 799px) 100vw, 799px\" \/><\/a><p id=\"caption-attachment-27099\" class=\"wp-caption-text\">Jeden z <a href=\"https:\/\/www.sotrender.com\/trends\/facebook\/poland\/201703\/pl_wszystkie#best_posts\">najlepszych post\u00f3w miesi\u0105ca<\/a> opublikowa\u0142 profil Sportowe Fakty.<\/p><\/div>\n<h2>Kultura i Sztuka w Facebook Trends<\/h2>\n<p>Jedn\u0105 z nowych kategorii w marcowych raportach Facebook Trends jest<strong> <a href=\"https:\/\/www.sotrender.com\/trends\/facebook\/poland\/201703\/marki\/kultura\">Kultura i Sztuka<\/a><\/strong>. Najwi\u0119ksz\u0105 stron\u0105 mo\u017ce pochwali\u0107 si\u0119 <a href=\"https:\/\/www.facebook.com\/behemoth\/\"><strong>Behemoth<\/strong><\/a>, kt\u00f3rych lubi ponad 1,4 mln u\u017cytkownik\u00f3w. Zaraz za nimi plasuje si\u0119 portal <a href=\"https:\/\/www.facebook.com\/tylkohity\/\"><strong>Tylko Hity<\/strong><\/a>, z 1,2 mln fan\u00f3w. Na trzecim miejscu znajduje si\u0119 <a href=\"https:\/\/www.facebook.com\/enejband\/\"><strong>Enej<\/strong><\/a>, kt\u00f3ry zbli\u017ca si\u0119 do miliona fan\u00f3w. Ca\u0142a kategoria jest zdominowana przez muzyk\u0119 i filmy, cho\u0107 najlepszym post w marcu opublikowa\u0142a strona <a href=\"https:\/\/www.facebook.com\/kabaretksm\/\"><strong>Kabaretu Skecz\u00f3w M\u0119cz\u0105cych<\/strong><\/a>.<\/p>\n<h2 style=\"text-align: center;\">Zapraszamy do lektury raporty <a href=\"https:\/\/www.sotrender.com\/trends\/facebook\/poland\/201703\">Facebook Trends marzec 2017<\/a>!<\/h2>\n","protected":false},"excerpt":{"rendered":"<p>Wiemy, \u017ce czekali\u015bcie na nasze comiesi\u0119czne raporty Facebook Trends. Wybaczcie, \u017ce tak d\u0142ugo to trwa\u0142o! Mamy nadziej\u0119, \u017ce nowa wersja raport\u00f3w przypadnie Wam do gustu. Sprawd\u017acie, co dzia\u0142o si\u0119 na Facebooku w marcu!<\/p>\n","protected":false},"author":49,"featured_media":27107,"comment_status":"open","ping_status":"open","sticky":false,"template":"","format":"standard","meta":{"inline_featured_image":false,"footnotes":""},"categories":[1797,2125,2275],"tags":[705,733,2307,2313],"yoast_head":"<!-- This site is optimized with the Yoast SEO plugin v22.4 - https:\/\/yoast.com\/wordpress\/plugins\/seo\/ -->\n<title>Facebook Trends marzec 2017 - sprawd\u017a, co dzia\u0142o si\u0119 na Facebooku!<\/title>\n<meta name=\"description\" content=\"Marcowe wydanie raportu Facebook Trends - w nowej ods\u0142onie, z nowymi kategoriami i dodatkami. Sprawd\u017a, co dzia\u0142o si\u0119 na polskim Facebooku.\" \/>\n<meta name=\"robots\" content=\"index, follow, max-snippet:-1, max-image-preview:large, max-video-preview:-1\" \/>\n<link rel=\"canonical\" href=\"https:\/\/www.sotrender.com\/blog\/pl\/2017\/04\/facebook-trends-marzec\/\" \/>\n<meta property=\"og:locale\" content=\"pl_PL\" \/>\n<meta property=\"og:type\" content=\"article\" \/>\n<meta property=\"og:title\" content=\"Facebook Trends marzec 2017 - sprawd\u017a, co dzia\u0142o si\u0119 na Facebooku!\" \/>\n<meta property=\"og:description\" content=\"Marcowe wydanie raportu Facebook Trends - w nowej ods\u0142onie, z nowymi kategoriami i dodatkami. Sprawd\u017a, co dzia\u0142o si\u0119 na polskim Facebooku.\" \/>\n<meta property=\"og:url\" content=\"https:\/\/www.sotrender.com\/blog\/pl\/2017\/04\/facebook-trends-marzec\/\" \/>\n<meta property=\"og:site_name\" content=\"Sotrender Blog\" \/>\n<meta property=\"article:publisher\" content=\"https:\/\/www.facebook.com\/Sotrender\" \/>\n<meta property=\"article:published_time\" content=\"2017-04-26T15:28:12+00:00\" \/>\n<meta property=\"article:modified_time\" content=\"2017-04-26T16:14:51+00:00\" \/>\n<meta property=\"og:image\" content=\"https:\/\/www.sotrender.com\/blog\/wp-content\/uploads\/2017\/04\/dreamstime_m_77936381.jpg\" \/>\n\t<meta property=\"og:image:width\" content=\"1100\" \/>\n\t<meta property=\"og:image:height\" content=\"733\" \/>\n\t<meta property=\"og:image:type\" content=\"image\/jpeg\" \/>\n<meta name=\"author\" content=\"Micha\u0142 Wieczorek\" \/>\n<meta name=\"twitter:card\" content=\"summary_large_image\" \/>\n<meta name=\"twitter:creator\" content=\"@http:\/\/twitter.com\/eveningo\" \/>\n<meta name=\"twitter:site\" content=\"@Sotrender\" \/>\n<meta name=\"twitter:label1\" content=\"Written by\" \/>\n\t<meta name=\"twitter:data1\" content=\"Micha\u0142 Wieczorek\" \/>\n\t<meta name=\"twitter:label2\" content=\"Est. reading time\" \/>\n\t<meta name=\"twitter:data2\" content=\"2 minutes\" \/>\n<script type=\"application\/ld+json\" class=\"yoast-schema-graph\">{\"@context\":\"https:\/\/schema.org\",\"@graph\":[{\"@type\":\"WebPage\",\"@id\":\"https:\/\/www.sotrender.com\/blog\/pl\/2017\/04\/facebook-trends-marzec\/\",\"url\":\"https:\/\/www.sotrender.com\/blog\/pl\/2017\/04\/facebook-trends-marzec\/\",\"name\":\"Facebook Trends marzec 2017 - sprawd\u017a, co dzia\u0142o si\u0119 na Facebooku!\",\"isPartOf\":{\"@id\":\"https:\/\/www.sotrender.com\/blog\/#website\"},\"primaryImageOfPage\":{\"@id\":\"https:\/\/www.sotrender.com\/blog\/pl\/2017\/04\/facebook-trends-marzec\/#primaryimage\"},\"image\":{\"@id\":\"https:\/\/www.sotrender.com\/blog\/pl\/2017\/04\/facebook-trends-marzec\/#primaryimage\"},\"thumbnailUrl\":\"https:\/\/www.sotrender.com\/blog\/wp-content\/uploads\/2017\/04\/dreamstime_m_77936381.jpg\",\"datePublished\":\"2017-04-26T15:28:12+00:00\",\"dateModified\":\"2017-04-26T16:14:51+00:00\",\"author\":{\"@id\":\"https:\/\/www.sotrender.com\/blog\/#\/schema\/person\/48ed6f8ff39863778de8dd32f58467f5\"},\"description\":\"Marcowe wydanie raportu Facebook Trends - w nowej ods\u0142onie, z nowymi kategoriami i dodatkami. Sprawd\u017a, co dzia\u0142o si\u0119 na polskim Facebooku.\",\"breadcrumb\":{\"@id\":\"https:\/\/www.sotrender.com\/blog\/pl\/2017\/04\/facebook-trends-marzec\/#breadcrumb\"},\"inLanguage\":\"pl-PL\",\"potentialAction\":[{\"@type\":\"ReadAction\",\"target\":[\"https:\/\/www.sotrender.com\/blog\/pl\/2017\/04\/facebook-trends-marzec\/\"]}]},{\"@type\":\"ImageObject\",\"inLanguage\":\"pl-PL\",\"@id\":\"https:\/\/www.sotrender.com\/blog\/pl\/2017\/04\/facebook-trends-marzec\/#primaryimage\",\"url\":\"https:\/\/www.sotrender.com\/blog\/wp-content\/uploads\/2017\/04\/dreamstime_m_77936381.jpg\",\"contentUrl\":\"https:\/\/www.sotrender.com\/blog\/wp-content\/uploads\/2017\/04\/dreamstime_m_77936381.jpg\",\"width\":1100,\"height\":733,\"caption\":\"Facebook Trends marzec 2017 - skoczkowie wskakuj\u0105 na wy\u017cszy poziom\"},{\"@type\":\"BreadcrumbList\",\"@id\":\"https:\/\/www.sotrender.com\/blog\/pl\/2017\/04\/facebook-trends-marzec\/#breadcrumb\",\"itemListElement\":[{\"@type\":\"ListItem\",\"position\":1,\"name\":\"Home\",\"item\":\"https:\/\/www.sotrender.com\/blog\/\"},{\"@type\":\"ListItem\",\"position\":2,\"name\":\"Facebook Trends marzec 2017 &#8211; nowa nazwa, wygl\u0105d i nie tylko!\"}]},{\"@type\":\"WebSite\",\"@id\":\"https:\/\/www.sotrender.com\/blog\/#website\",\"url\":\"https:\/\/www.sotrender.com\/blog\/\",\"name\":\"Sotrender Blog\",\"description\":\"\",\"potentialAction\":[{\"@type\":\"SearchAction\",\"target\":{\"@type\":\"EntryPoint\",\"urlTemplate\":\"https:\/\/www.sotrender.com\/blog\/?s={search_term_string}\"},\"query-input\":\"required name=search_term_string\"}],\"inLanguage\":\"pl-PL\"},{\"@type\":\"Person\",\"@id\":\"https:\/\/www.sotrender.com\/blog\/#\/schema\/person\/48ed6f8ff39863778de8dd32f58467f5\",\"name\":\"Micha\u0142 Wieczorek\",\"image\":{\"@type\":\"ImageObject\",\"inLanguage\":\"pl-PL\",\"@id\":\"https:\/\/www.sotrender.com\/blog\/#\/schema\/person\/image\/\",\"url\":\"https:\/\/secure.gravatar.com\/avatar\/65ceb2020aa2338488b9c5f33c10137f?s=96&d=mm&r=g\",\"contentUrl\":\"https:\/\/secure.gravatar.com\/avatar\/65ceb2020aa2338488b9c5f33c10137f?s=96&d=mm&r=g\",\"caption\":\"Micha\u0142 Wieczorek\"},\"description\":\"Baltic linguist, marketer, and music journalist in his free time. A big fan of good food and even better music.\",\"sameAs\":[\"https:\/\/www.linkedin.com\/in\/michaldwieczorek\",\"https:\/\/twitter.com\/http:\/\/twitter.com\/eveningo\"],\"url\":\"https:\/\/www.sotrender.com\/blog\/pl\/author\/micha_wieczorek\/\"}]}<\/script>\n<!-- \/ Yoast SEO plugin. -->","yoast_head_json":{"title":"Facebook Trends marzec 2017 - sprawd\u017a, co dzia\u0142o si\u0119 na Facebooku!","description":"Marcowe wydanie raportu Facebook Trends - w nowej ods\u0142onie, z nowymi kategoriami i dodatkami. Sprawd\u017a, co dzia\u0142o si\u0119 na polskim Facebooku.","robots":{"index":"index","follow":"follow","max-snippet":"max-snippet:-1","max-image-preview":"max-image-preview:large","max-video-preview":"max-video-preview:-1"},"canonical":"https:\/\/www.sotrender.com\/blog\/pl\/2017\/04\/facebook-trends-marzec\/","og_locale":"pl_PL","og_type":"article","og_title":"Facebook Trends marzec 2017 - sprawd\u017a, co dzia\u0142o si\u0119 na Facebooku!","og_description":"Marcowe wydanie raportu Facebook Trends - w nowej ods\u0142onie, z nowymi kategoriami i dodatkami. Sprawd\u017a, co dzia\u0142o si\u0119 na polskim Facebooku.","og_url":"https:\/\/www.sotrender.com\/blog\/pl\/2017\/04\/facebook-trends-marzec\/","og_site_name":"Sotrender Blog","article_publisher":"https:\/\/www.facebook.com\/Sotrender","article_published_time":"2017-04-26T15:28:12+00:00","article_modified_time":"2017-04-26T16:14:51+00:00","og_image":[{"width":1100,"height":733,"url":"https:\/\/www.sotrender.com\/blog\/wp-content\/uploads\/2017\/04\/dreamstime_m_77936381.jpg","type":"image\/jpeg"}],"author":"Micha\u0142 Wieczorek","twitter_card":"summary_large_image","twitter_creator":"@http:\/\/twitter.com\/eveningo","twitter_site":"@Sotrender","twitter_misc":{"Written by":"Micha\u0142 Wieczorek","Est. reading time":"2 minutes"},"schema":{"@context":"https:\/\/schema.org","@graph":[{"@type":"WebPage","@id":"https:\/\/www.sotrender.com\/blog\/pl\/2017\/04\/facebook-trends-marzec\/","url":"https:\/\/www.sotrender.com\/blog\/pl\/2017\/04\/facebook-trends-marzec\/","name":"Facebook Trends marzec 2017 - sprawd\u017a, co dzia\u0142o si\u0119 na Facebooku!","isPartOf":{"@id":"https:\/\/www.sotrender.com\/blog\/#website"},"primaryImageOfPage":{"@id":"https:\/\/www.sotrender.com\/blog\/pl\/2017\/04\/facebook-trends-marzec\/#primaryimage"},"image":{"@id":"https:\/\/www.sotrender.com\/blog\/pl\/2017\/04\/facebook-trends-marzec\/#primaryimage"},"thumbnailUrl":"https:\/\/www.sotrender.com\/blog\/wp-content\/uploads\/2017\/04\/dreamstime_m_77936381.jpg","datePublished":"2017-04-26T15:28:12+00:00","dateModified":"2017-04-26T16:14:51+00:00","author":{"@id":"https:\/\/www.sotrender.com\/blog\/#\/schema\/person\/48ed6f8ff39863778de8dd32f58467f5"},"description":"Marcowe wydanie raportu Facebook Trends - w nowej ods\u0142onie, z nowymi kategoriami i dodatkami. Sprawd\u017a, co dzia\u0142o si\u0119 na polskim Facebooku.","breadcrumb":{"@id":"https:\/\/www.sotrender.com\/blog\/pl\/2017\/04\/facebook-trends-marzec\/#breadcrumb"},"inLanguage":"pl-PL","potentialAction":[{"@type":"ReadAction","target":["https:\/\/www.sotrender.com\/blog\/pl\/2017\/04\/facebook-trends-marzec\/"]}]},{"@type":"ImageObject","inLanguage":"pl-PL","@id":"https:\/\/www.sotrender.com\/blog\/pl\/2017\/04\/facebook-trends-marzec\/#primaryimage","url":"https:\/\/www.sotrender.com\/blog\/wp-content\/uploads\/2017\/04\/dreamstime_m_77936381.jpg","contentUrl":"https:\/\/www.sotrender.com\/blog\/wp-content\/uploads\/2017\/04\/dreamstime_m_77936381.jpg","width":1100,"height":733,"caption":"Facebook Trends marzec 2017 - skoczkowie wskakuj\u0105 na wy\u017cszy poziom"},{"@type":"BreadcrumbList","@id":"https:\/\/www.sotrender.com\/blog\/pl\/2017\/04\/facebook-trends-marzec\/#breadcrumb","itemListElement":[{"@type":"ListItem","position":1,"name":"Home","item":"https:\/\/www.sotrender.com\/blog\/"},{"@type":"ListItem","position":2,"name":"Facebook Trends marzec 2017 &#8211; nowa nazwa, wygl\u0105d i nie tylko!"}]},{"@type":"WebSite","@id":"https:\/\/www.sotrender.com\/blog\/#website","url":"https:\/\/www.sotrender.com\/blog\/","name":"Sotrender Blog","description":"","potentialAction":[{"@type":"SearchAction","target":{"@type":"EntryPoint","urlTemplate":"https:\/\/www.sotrender.com\/blog\/?s={search_term_string}"},"query-input":"required name=search_term_string"}],"inLanguage":"pl-PL"},{"@type":"Person","@id":"https:\/\/www.sotrender.com\/blog\/#\/schema\/person\/48ed6f8ff39863778de8dd32f58467f5","name":"Micha\u0142 Wieczorek","image":{"@type":"ImageObject","inLanguage":"pl-PL","@id":"https:\/\/www.sotrender.com\/blog\/#\/schema\/person\/image\/","url":"https:\/\/secure.gravatar.com\/avatar\/65ceb2020aa2338488b9c5f33c10137f?s=96&d=mm&r=g","contentUrl":"https:\/\/secure.gravatar.com\/avatar\/65ceb2020aa2338488b9c5f33c10137f?s=96&d=mm&r=g","caption":"Micha\u0142 Wieczorek"},"description":"Baltic linguist, marketer, and music journalist in his free time. A big fan of good food and even better music.","sameAs":["https:\/\/www.linkedin.com\/in\/michaldwieczorek","https:\/\/twitter.com\/http:\/\/twitter.com\/eveningo"],"url":"https:\/\/www.sotrender.com\/blog\/pl\/author\/micha_wieczorek\/"}]}},"_links":{"self":[{"href":"https:\/\/www.sotrender.com\/blog\/pl\/wp-json\/wp\/v2\/posts\/27075"}],"collection":[{"href":"https:\/\/www.sotrender.com\/blog\/pl\/wp-json\/wp\/v2\/posts"}],"about":[{"href":"https:\/\/www.sotrender.com\/blog\/pl\/wp-json\/wp\/v2\/types\/post"}],"author":[{"embeddable":true,"href":"https:\/\/www.sotrender.com\/blog\/pl\/wp-json\/wp\/v2\/users\/49"}],"replies":[{"embeddable":true,"href":"https:\/\/www.sotrender.com\/blog\/pl\/wp-json\/wp\/v2\/comments?post=27075"}],"version-history":[{"count":12,"href":"https:\/\/www.sotrender.com\/blog\/pl\/wp-json\/wp\/v2\/posts\/27075\/revisions"}],"predecessor-version":[{"id":27109,"href":"https:\/\/www.sotrender.com\/blog\/pl\/wp-json\/wp\/v2\/posts\/27075\/revisions\/27109"}],"wp:featuredmedia":[{"embeddable":true,"href":"https:\/\/www.sotrender.com\/blog\/pl\/wp-json\/wp\/v2\/media\/27107"}],"wp:attachment":[{"href":"https:\/\/www.sotrender.com\/blog\/pl\/wp-json\/wp\/v2\/media?parent=27075"}],"wp:term":[{"taxonomy":"category","embeddable":true,"href":"https:\/\/www.sotrender.com\/blog\/pl\/wp-json\/wp\/v2\/categories?post=27075"},{"taxonomy":"post_tag","embeddable":true,"href":"https:\/\/www.sotrender.com\/blog\/pl\/wp-json\/wp\/v2\/tags?post=27075"}],"curies":[{"name":"wp","href":"https:\/\/api.w.org\/{rel}","templated":true}]}}