{"id":267,"date":"2012-01-27T14:37:00","date_gmt":"2012-01-27T13:37:00","guid":{"rendered":"http:\/\/blog.fanpagetrender.pl\/?p=267"},"modified":"2015-12-01T22:44:28","modified_gmt":"2015-12-01T21:44:28","slug":"usuniete-komentarze-w-sprawie-acta-analiza-zespolu-fanpage-trender","status":"publish","type":"post","link":"https:\/\/www.sotrender.com\/blog\/pl\/2012\/01\/usuniete-komentarze-w-sprawie-acta-analiza-zespolu-fanpage-trender\/","title":{"rendered":"Usuni\u0119te komentarze w sprawie ACTA \u2013 analiza zespo\u0142u Fanpage Trender"},"content":{"rendered":"<p><strong>Nie trzeba ACTA,  \u017ceby rz\u0105d ogranicza\u0142 wolno\u015b\u0107 wypowiedzi na Facebooku i mija\u0142 si\u0119 z prawd\u0105 w wyja\u015bnieniach w sprawie kasowania komentarzy.<\/strong><\/p>\n<p>W ostatnich dniach z fanpage\u2019a Kancelarii Premiera znikn\u0119\u0142o kilka tysi\u0119cy komentarzy w sprawie ACTA. Fanpage Trender zbiera\u0142 je jednak na bie\u017c\u0105co i przeanalizowa\u0142.<\/p>\n<p>G\u0142\u00f3wne ustalenia:<\/p>\n<ul>\n<li>Skasowanych post\u00f3w by\u0142o znacznie wi\u0119cej,  ni\u017c 5 tys.,  o kt\u00f3rych m\u00f3wi rz\u0105d<\/li>\n<li>Skasowano wiele post\u00f3w z merytorycznymi wypowiedziami, <\/li>\n<li>Wulgaryzm\u00f3w i pogr\u00f3\u017cek by\u0142o bardzo ma\u0142o,  zdecydowana wi\u0119kszo\u015b\u0107 (prawie 90%) to protesty typu \u201eStop dla ACTA itd.\u201d<\/li>\n<li>\u0141\u0105cznie skasowano komentarze ponad 3 tys. os\u00f3b.<\/li>\n<\/ul>\n<p>Analizy trwaj\u0105,  b\u0119dziemy je publikowali na bie\u017c\u0105co na tym blogu.<br \/>\n<strong>Wiele os\u00f3b z naszego zespo\u0142u g\u0142osowa\u0142o w wyborach na Platform\u0119 &#8211; Jak teraz \u017cy\u0107,  Panie Premierze?<\/strong><br \/>\n<!--more--><\/p>\n<p><strong>Dodatkowe wyja\u015bnienia:<\/strong><\/p>\n<p>Poniewa\u017c niekt\u00f3re media podaj\u0105 nasze dane i wnioski nieprecyzyjnie,  chcieli\u015bmy raz jeszcze doprecyzowa\u0107:<\/p>\n<ol>\n<li>\u0142\u0105cznie zarejestrowali\u015bmy w bazie <strong>7, 7 tys. komentarzy<\/strong> do <strong>3 usuni\u0119tych wpis\u00f3w<\/strong>;<\/li>\n<li>przeanalizowali\u015bmy tre\u015b\u0107<strong> 2, 5 tys. komentarzy<\/strong> do najpopularniejszego z 3 wpis\u00f3w i z tej analizy wynikaj\u0105 procenty komentarzy r\u00f3\u017cnej tre\u015bci; obecnie trwaj\u0105 analizy tre\u015bci usuni\u0119tych komentarzy do kolejnych wpis\u00f3w.<\/li>\n<li>jak s\u0142usznie zauwa\u017cy\u0142 Tomasz Grynkiewicz z Gazety Wyborczej,  cz\u0119\u015b\u0107 z tych komentarzy mog\u0142a by\u0107 usuni\u0119ta przez samych u\u017cytkownik\u00f3w &#8211; ale by\u0142 to co najwy\u017cej <strong>ma\u0142y odsetek<\/strong>. Zosta\u0142y usuni\u0119te 3 ca\u0142e posty &#8211; to mo\u017ce zrobi\u0107 tylko administrator strony,  nie u\u017cytkownicy. Ponadto,  je\u015bli ludzie usuwaj\u0105,  zazwyczaj robi\u0105 to w ci\u0105gu kilku-kilkunastu sekund; my zbierali\u015bmy dane co godzin\u0119,  wi\u0119c szansa,  \u017ce zebrali\u015bmy taki zamieszczony przez sekund\u0105,  a potem skasowany,  jest niewielka.<\/li>\n<li>usuni\u0119te wpisy dotyczy\u0142y te\u017c innych temat\u00f3w ni\u017c ACTA,  natomiast niezale\u017cnie od tematyki wpis\u00f3w <strong>ludzie w komentarzach pisali niemal wy\u0142\u0105cznie o ACTA<\/strong>,  tak\u017ce pod wpisem o Smole\u0144sku<\/li>\n<\/ol>\n<p>&nbsp;<\/p>\n<h3>Wprowadzenie<\/h3>\n<p>Wczoraj wieczorem (25.01) okaza\u0142o si\u0119,  \u017ce Kancelaria Premiera wykasowa\u0142a kilka tysi\u0119cy komentarzy pod w\u0142asnymi wpisami na fanpage&#8217;a <a href=\"https:\/\/www.facebook.com\/KancelariaPrezesaRadyMinistrow\">Kancelarii Prezesa Rady Ministr\u00f3w<\/a>,  rzekomo z powodu \u0142amania netykiety.<\/p>\n<p><strong>Fanpage Trender<\/strong>,  narz\u0119dzie do analiz i optymalizacji marketingu na Facebooku,  zd\u0105\u017cy\u0142 zapisa\u0107 wpisy i zdecydowan\u0105 wi\u0119kszo\u015b\u0107 komentarzy,  zanim zosta\u0142y usuni\u0119te. Publikujemy tu kr\u00f3tk\u0105 analiz\u0119 ich tre\u015bci,  <strong>pokazuj\u0105c\u0105 \u017ce rz\u0105d mija si\u0119 z prawd\u0105 w wyja\u015bnieniach.<\/strong><\/p>\n<p>Na stronach Kancelarii Prezesa Rady Ministr\u00f3w tylko pod 3 skasowanymi wpisami opublikowano ponad 7000 komentarzy u\u017cytkownik\u00f3w Facebooka,  kt\u00f3re zosta\u0142y usuni\u0119te razem z postami,  w wi\u0119kszo\u015bci przez Kancelari\u0119. Eksperci z Fanpage Trender przeanalizowali dok\u0142adnie tre\u015b\u0107 ponad 2, 5 tys usuni\u0119tych komentarzy do najpopularniejszego z 3 post\u00f3w.Komentarze,  w kt\u00f3rych znalaz\u0142y si\u0119 wulgaryzmy,  to zaledwie 1, 49%. Zdecydowana wi\u0119kszo\u015b\u0107 (\u0142\u0105cznie 88, 37%) to powtarzalne protesty. Najwi\u0119cej z nich przybra\u0142o postaci typu &#8220;Stop acta&#8221;,  \u201cNie dla Acta\u201d,  \u201cKomentarz usuni\u0119ty przez ACTA\u201d itp.&#8221; (53, 04%),  pozosta\u0142e to wklejona maska Guya Fawkesa (35, 33%),  kt\u00f3ra r\u00f3wnie\u017c jest wyrazem sprzeciwu wobec ACTA,  tyle \u017ce przy pomocy obrazu. Jednocze\u015bnie skasowano blisko 100 merytorycznych,  poprawnych wypowiedzi,  oraz 1 g\u0142os poparcia z ACTA (\u201eBrawo ACTA,  brawo Polska&#8221;).<\/p>\n<h3>Kontekst<\/h3>\n<p>Od kilku dni media spo\u0142eczno\u015bciowe,  przede wszystkim Facebook,  \u017cyj\u0105 tre\u015bciami zwi\u0105zanymi z regulacjami ACTA oraz protestami przeciwko nim. Setki tysi\u0119cy os\u00f3b zapisuj\u0105 si\u0119 na Facebookowe wydarzenia &#8211; protesty przeciw ACTA. Powsta\u0142y trzy du\u017ce fanpage przeciwnik\u00f3w ACTA. Od kilku dni notuj\u0105 one bardzo du\u017ce,  zdecydowanie najwi\u0119ksze ze wszystkich,  przyrosty liczby fan\u00f3w. Co wi\u0119cej,  anga\u017cuj\u0105 w dyskusj\u0119 najwi\u0119ksz\u0105 liczb\u0119 fan\u00f3w na ca\u0142ym polskim Facebooku.Ponadto dyskusja i protesty przeciw ACTA toczy si\u0119 te\u017c na wielu innych fanpage\u2019ach,  tak\u017ce rz\u0105dowych.<\/p>\n<h3>Co by\u0142o w tre\u015bci usuni\u0119tych komentarzy<\/h3>\n<p>Centrum Informacyjne Rz\u0105du twierdzi,  \u017ce <em>od kilku dni,  niekt\u00f3re osoby wypowiadaj\u0105ce si\u0119 w komentarzach nie stosuj\u0105 si\u0119 do standardowo przyj\u0119tej netykiety,  m.in. pisz\u0105 wulgaryzmy i spamuj\u0105. Dlatego zdecydowali\u015bmy,  \u017ce posty \u0142ami\u0105ce zasady netykiety b\u0119d\u0105 usuwane<\/em>.Tymczasem usuwane by\u0142y nie tylko posty zawieraj\u0105ce wulgaryzmy i spam,  ale r\u00f3wnie\u017c merytoryczne wypowiedzi wzywaj\u0105ce premiera do wycofania zgody na podpisanie porozumienia ACTA.<\/p>\n<p><strong>Zesp\u00f3\u0142 Fanpage Trender przeanalizowa\u0142 tre\u015b\u0107 2547 komentarzy do usuni\u0119tego wpisu z 2012-01-20,  opublikowanego o godz. 18:23:52 (<\/strong>Rzecznik rz\u0105du: komisja Millera nie wznowi pracy<strong>). Spo\u015br\u00f3d trzech usuni\u0119tych post\u00f3w by\u0142 to post,  kt\u00f3ry zaanga\u017cowa\u0142 najwi\u0119ksz\u0105 liczb\u0119 u\u017cytkownik\u00f3w.<\/strong><\/p>\n<p>Posty podzielili\u015bmy na 5 kategorii \u2013 ich liczebno\u015b\u0107 przedstawili\u015bmy na wykresie:<\/p>\n<p><a href=\"https:\/\/www.sotrender.com\/blog\/wp-content\/uploads\/2012\/01\/Usuni\u0119te-Komentarze1.png\"><img loading=\"lazy\" decoding=\"async\" class=\"aligncenter size-full wp-image-273\" title=\"Usuni\u0119te-Komentarze\" src=\"https:\/\/www.sotrender.com\/blog\/wp-content\/uploads\/2012\/01\/Usuni\u0119te-Komentarze1.png\" alt=\"\" width=\"1000\" height=\"500\" srcset=\"https:\/\/www.sotrender.com\/blog\/wp-content\/uploads\/2012\/01\/Usuni\u0119te-Komentarze1.png 1000w, https:\/\/www.sotrender.com\/blog\/wp-content\/uploads\/2012\/01\/Usuni\u0119te-Komentarze1-475x238.png 475w, https:\/\/www.sotrender.com\/blog\/wp-content\/uploads\/2012\/01\/Usuni\u0119te-Komentarze1-768x384.png 768w, https:\/\/www.sotrender.com\/blog\/wp-content\/uploads\/2012\/01\/Usuni\u0119te-Komentarze1-950x475.png 950w, https:\/\/www.sotrender.com\/blog\/wp-content\/uploads\/2012\/01\/Usuni\u0119te-Komentarze1-600x300.png 600w\" sizes=\"(max-width: 1000px) 100vw, 1000px\" \/><\/a><\/p>\n<h3>Kategorie wpis\u00f3w<\/h3>\n<ol>\n<ol>\n<li><strong>Powtarzalne protesty<\/strong> &#8211; Ilo\u015b\u0107 wpis\u00f3w: 1351( 53, 04%)<\/li>\n<\/ol>\n<\/ol>\n<p>np. &#8220;Stop acta&#8221;,  \u201cNie dla Acta\u201d,  \u201cKomentarz usuni\u0119ty przez ACTA\u201d itp.<\/p>\n<ol>\n<ol>\n<li><strong>Merytoryczne<\/strong> &#8211; Ilo\u015b\u0107 wpis\u00f3w: 92 (3, 61%)<\/li>\n<\/ol>\n<\/ol>\n<p>np.<\/p>\n<ol>\n<ol>\n<ul>\n<li>\u201eSzanowny Panie Premierze! Prosimy podj\u0105\u0107 kroki w celu powstrzymania ACTA! Ten tw\u00f3r nie mo\u017ce przej\u015b\u0107! \ud83d\ude42 Pozdrawiam :)\u201d<\/li>\n<li>\u201eKOMUNA I KNEBLOWANIE UST W USA PRZEJDZIE ALE NIE W POLSCE!\u201d<\/li>\n<li>\u201eZwracam si\u0119 z uprzejm\u0105 pro\u015bb\u0105 o NIE PODPISYWANIE ustawy o ACTA\u201d<\/li>\n<\/ul>\n<\/ol>\n<\/ol>\n<p>Czy nawet tak d\u0142uga wypowied\u017a:<\/p>\n<ol>\n<ol>\n<ul>\n<li>Wygl\u0105da na to,  \u017ce polska Wikipedia b\u0119dzie mia\u0142a okazj\u0119 zaczerni\u0107 swoje strony. Decyzja zosta\u0142a podj\u0119ta: 26 stycznia Polska podpisze Anti-Counterfeiting Trade Agreement (ACTA),  otoczone kontrowersjami mi\u0119dzynarodowe porozumienie maj\u0105ce na celu t\u0119pienie piractwa i podrabiania towar\u00f3w. Informacje o terminie podpisania porozumienia pochodz\u0105 z Twittera polskiego oddzia\u0142u Internet Society. ACTA nie ma dobrej opinii w\u015br\u00f3d analityk\u00f3w. Dokument ten oskar\u017cany jest o narzucanie ameryka\u0144skiego sposobu my\u015blenia o w\u0142asno\u015bci intelektualnej i nierzadko uwa\u017ca si\u0119 go za szkodliwy dla innowacji w krajach Starego Kontynentu. Do tego dochodzi kontrowersyjny spos\u00f3b przygotowywania tekstu porozumienia \u2014 wszystkie posiedzenia odbywa\u0142y si\u0119 za zamkni\u0119tymi drzwiami,  a po uko\u0144czeniu dokumentu w 2010 roku by\u0142 on prezentowany jako co\u015b korzystnego dla gospodarki i prawa autorskiego,  co trzeba po prostu szybko podpisa\u0107. Porozumienie ma mie\u0107 wp\u0142yw nie tylko na piractwo w Internecie,  ale r\u00f3wnie\u017c na szeroko poj\u0119ty post\u0119p technologiczny,  a nawet obr\u00f3t lekami. ACTA chroni w\u0142asno\u015b\u0107 intelektualn\u0105 w spos\u00f3b agresywny i szkodliwy dla os\u00f3b trzecich. W akcie cz\u0119sto pada s\u0142owo \u201eprzemys\u0142\u201d,  ale o prawach obywateli ju\u017c si\u0119 tak du\u017co nie m\u00f3wi. Definicja komercyjnej skali naruszenia w\u0142asno\u015bci intelektualnej w ACTA jest szersza,  ni\u017c w obecnym prawie,  i wed\u0142ug niekt\u00f3rych mo\u017ce doprowadzi\u0107 do uznania dziennikarzy za przest\u0119pc\u00f3w. Innowacje mog\u0105 by\u0107 ryzykowne z punktu widzenia finansowego,  a do tego ACTA mo\u017ce ponownie zbudowa\u0107 mury tam,  gdzie ju\u017c osi\u0105gni\u0119to kompromis (\u015awiatowa Organizacja Handlu,  \u015awiatowa Organizacja W\u0142asno\u015bci Intelektualnej,  porozumienie TRIPS i inne). Porozumienie mo\u017ce zaanga\u017cowa\u0107 dostawc\u00f3w Internetu w walk\u0119 z piractwem,  co mo\u017ce zaowocowa\u0107 blokowaniem niekt\u00f3rych us\u0142ug i monitorowaniem ruchu,  a wi\u0119c ograniczaniem komunikacji i naruszaniem prywatno\u015bci abonent\u00f3w. Tymczasem,  mimo licznych apeli organizacji pozarz\u0105dowych (na przyk\u0142ad Internet Society i Panoptykon) ani polski rz\u0105d,  ani Parlament Europejski nie wspominaj\u0105 nawet s\u0142owem o konsekwencjach podpisania porozumienia. Co wi\u0119cej,  Parlament UE nawet nie opublikowa\u0142 komentarza i swojej opinii o ACTA i mimo wp\u0142ywu na rynek lek\u00f3w tekstu tego nie przeanalizowa\u0142a komisja do spraw opieki zdrowotnej w UE. Mimo tego ju\u017c za tydzie\u0144 akt,  o kt\u00f3rym tak ma\u0142o wiedz\u0105 zwykli obywatele,  zostanie podpisany. Prawdopodobnie nie dowiemy si\u0119 te\u017c dlaczego.<\/li>\n<\/ul>\n<li><strong>Maska Guy Fawkesa w kodzie ASCII,  symbol protestuj\u0105cych<\/strong> &#8211; ilo\u015b\u0107 wpis\u00f3w: 900 (35, 33%)<\/li>\n<\/ol>\n<\/ol>\n<p>t\u0119 mask\u0119 mo\u017cna uzna\u0107 r\u00f3wnie dobrze za spam,  jak i za obrazkowy symbol sprzeciwu wobec ACTA<\/p>\n<p><img loading=\"lazy\" decoding=\"async\" class=\"alignnone\" src=\"http:\/\/dl.dropbox.com\/u\/3730229\/Screenshots\/rnz8.png\" alt=\"\" width=\"339\" height=\"453\" \/><\/p>\n<ol>\n<ol>\n<li><strong>Wulgaryzmy i pogr\u00f3\u017cki<\/strong> &#8211; ilo\u015b\u0107 wpis\u00f3w: 38 (1, 49%)<\/li>\n<\/ol>\n<\/ol>\n<p>np.<\/p>\n<ol>\n<ol>\n<ul>\n<li>\u201e8====D KARNA PYTA,  KUTASIE !! ACTA M\u00d3WIMY &#8221; NIE ! &#8221; !!\u201d<\/li>\n<li>\u201ePrzez takiekiego pierwotniaka jak tusk nie mamy zycia ubezwasnowalnia nas i okrada\u201d<\/li>\n<\/ul>\n<ul>\n<li>\u201ejak to podpiszecie to b\u0119d\u0119 was tak trollowa\u0142 do ko\u0144ca \u017cycia\u201d<\/li>\n<li>\u201ezaspamujemy was\u201d<\/li>\n<\/ul>\n<li><strong>Inne \u2013 dziwaczne \/ \u201eoff-topic\u201d<\/strong> &#8211; ilo\u015b\u0107 wpis\u00f3w: 166 (6, 5%)<\/li>\n<\/ol>\n<\/ol>\n<p>np.<\/p>\n<ol>\n<ul>\n<li>\u201eJa\u015bnieo\u015bwieconywspania\u0142ykochajmyimi\u0142ujmysi\u0119\u0142agiewnickidyktator czyta?\u201d<\/li>\n<li>\u201eHanka Mostowiak ZYJE!\u201d<\/li>\n<li>\u201eSPRZEDAM OPLA!\u201d<\/li>\n<\/ul>\n<\/ol>\n<h3>Interpretacja tre\u015bci komentarzy<\/h3>\n<p><strong>Zdecydowana wi\u0119kszo\u015b\u0107 usuni\u0119tych komentarzy nie mia\u0142a nic wsp\u00f3lnego z \u0142amaniem netykiety,  cho\u0107 wiele z nich mo\u017cna przy z\u0142ej woli uzna\u0107 ewentualnie za spam.<\/strong> Wiele z komentarzy to rzeczywi\u015bcie nu\u017c\u0105ce powtarzanie: Nie dla ACTA i podobnych tre\u015bci. Natomiast warto zauwa\u017cy\u0107,  \u017ce te powtarzaj\u0105ce si\u0119 tre\u015bci wpisywane by\u0142y przez r\u00f3\u017cne osoby,  nie maj\u0105 wi\u0119c charakteru spamu.<\/p>\n<p>Usuni\u0119to tak\u017ce wypowiedzi merytoryczne,  poprawne j\u0119zykowo,  wr\u0119cz uprzejme.<\/p>\n<h3>Prawo autorskie a usuwanie<\/h3>\n<p>Fanpage to miejsce publiczne,  dost\u0119pne dla ka\u017cdego. Mo\u017cna argumentowa\u0107,  \u017ce cz\u0119\u015b\u0107 z komentarzy spe\u0142nia\u0142a ustawow\u0105 definicj\u0119 dzie\u0142a chronionego prawem autorskim. Jak zatem potraktowa\u0107 ich usuwanie bez powiadamiania autor\u00f3w,  czyli ograniczanie rozpowszechniania dzie\u0142a? Nie jeste\u015bmy prawnikami,  ale czekamy na komentarze specjalist\u00f3w od prawa autorskiego.<\/p>\n<h3>Jakie wpisy usuni\u0119to?<\/h3>\n<p>Od 2012-01-20 do teraz na stronie KPRM pojawi\u0142o si\u0119 11 post\u00f3w,  w tym 4 z bardzo du\u017c\u0105 liczb\u0105 komentarzy (powy\u017cej 1000):<\/p>\n<table width=\"100%\" border=\"1\" cellspacing=\"0\" cellpadding=\"0\">\n<tbody>\n<tr>\n<th>Czas<\/th>\n<th>URL<\/th>\n<th>Liczba komentarzy<\/th>\n<\/tr>\n<tr>\n<td colspan=\"2\" valign=\"top\"><strong>USUNI\u0118TE WPISY<\/strong><\/td>\n<td valign=\"top\">7774<\/td>\n<\/tr>\n<tr>\n<td valign=\"top\">2012-01-2013:22:00<\/td>\n<td valign=\"top\"><a href=\"http:\/\/facebook.com\/176114889652\/posts\/201448293285250\">http<\/a><a href=\"http:\/\/facebook.com\/176114889652\/posts\/201448293285250\">:\/\/<\/a><a href=\"http:\/\/facebook.com\/176114889652\/posts\/201448293285250\">facebook<\/a><a href=\"http:\/\/facebook.com\/176114889652\/posts\/201448293285250\">.<\/a><a href=\"http:\/\/facebook.com\/176114889652\/posts\/201448293285250\">com<\/a><a href=\"http:\/\/facebook.com\/176114889652\/posts\/201448293285250\">\/176114889652\/<\/a><a href=\"http:\/\/facebook.com\/176114889652\/posts\/201448293285250\">posts<\/a><a href=\"http:\/\/facebook.com\/176114889652\/posts\/201448293285250\">\/201448293285250<\/a><\/td>\n<td valign=\"top\">1175<\/td>\n<\/tr>\n<tr>\n<td valign=\"top\">2012-01-2018:23:52<\/td>\n<td valign=\"top\"><a href=\"http:\/\/facebook.com\/176114889652\/posts\/345446248807326\">http<\/a><a href=\"http:\/\/facebook.com\/176114889652\/posts\/345446248807326\">:\/\/<\/a><a href=\"http:\/\/facebook.com\/176114889652\/posts\/345446248807326\">facebook<\/a><a href=\"http:\/\/facebook.com\/176114889652\/posts\/345446248807326\">.<\/a><a href=\"http:\/\/facebook.com\/176114889652\/posts\/345446248807326\">com<\/a><a href=\"http:\/\/facebook.com\/176114889652\/posts\/345446248807326\">\/176114889652\/<\/a><a href=\"http:\/\/facebook.com\/176114889652\/posts\/345446248807326\">posts<\/a><a href=\"http:\/\/facebook.com\/176114889652\/posts\/345446248807326\">\/345446248807326<\/a><\/td>\n<td valign=\"top\">4722<\/td>\n<\/tr>\n<tr>\n<td valign=\"top\">2012-01-2322:57:59<\/td>\n<td valign=\"top\"><a href=\"http:\/\/facebook.com\/176114889652\/posts\/10150556537049653\">http<\/a><a href=\"http:\/\/facebook.com\/176114889652\/posts\/10150556537049653\">:\/\/<\/a><a href=\"http:\/\/facebook.com\/176114889652\/posts\/10150556537049653\">facebook<\/a><a href=\"http:\/\/facebook.com\/176114889652\/posts\/10150556537049653\">.<\/a><a href=\"http:\/\/facebook.com\/176114889652\/posts\/10150556537049653\">com<\/a><a href=\"http:\/\/facebook.com\/176114889652\/posts\/10150556537049653\">\/176114889652\/<\/a><a href=\"http:\/\/facebook.com\/176114889652\/posts\/10150556537049653\">posts<\/a><a href=\"http:\/\/facebook.com\/176114889652\/posts\/10150556537049653\">\/10150556537049653<\/a><\/td>\n<td valign=\"top\">1877<\/td>\n<\/tr>\n<tr>\n<td colspan=\"2\" valign=\"top\"><strong>AKTYWNE WPISY<\/strong><\/td>\n<td valign=\"top\"><\/td>\n<\/tr>\n<tr>\n<td valign=\"top\">2012-01-2508:32:43<\/td>\n<td valign=\"top\"><a href=\"http:\/\/facebook.com\/176114889652\/posts\/10150560111434653\">http<\/a><a href=\"http:\/\/facebook.com\/176114889652\/posts\/10150560111434653\">:\/\/<\/a><a href=\"http:\/\/facebook.com\/176114889652\/posts\/10150560111434653\">facebook<\/a><a href=\"http:\/\/facebook.com\/176114889652\/posts\/10150560111434653\">.<\/a><a href=\"http:\/\/facebook.com\/176114889652\/posts\/10150560111434653\">com<\/a><a href=\"http:\/\/facebook.com\/176114889652\/posts\/10150560111434653\">\/176114889652\/<\/a><a href=\"http:\/\/facebook.com\/176114889652\/posts\/10150560111434653\">posts<\/a><a href=\"http:\/\/facebook.com\/176114889652\/posts\/10150560111434653\">\/10150560111434653<\/a><\/td>\n<td valign=\"top\">2253<\/td>\n<\/tr>\n<\/tbody>\n<\/table>\n<p>Zaznaczone wiersze to wpisy,  kt\u00f3re usuni\u0119to z fanpage\u2019a KPRM. Poni\u017cej prezentujemy ich tre\u015b\u0107 oraz charakterystyk\u0119 fan\u00f3w,  kt\u00f3rzy uczestniczyli w ich komentowaniu:<\/p>\n<p><strong>\u0141\u0105cznie usuni\u0119tych komentarzy by\u0142o 7774 &#8211; pod 3 postami. <\/strong><\/p>\n<p><strong> <\/strong><strong>Trzy posty spod kt\u00f3rych usuni\u0119to komentarze:<\/strong><\/p>\n<p><strong> <\/strong><strong>post#1<\/strong><\/p>\n<table width=\"100%\" border=\"1\" cellspacing=\"0\" cellpadding=\"0\">\n<tbody>\n<tr>\n<td valign=\"top\"><strong>2012-01-20 13:22:00<\/strong>Wizyta premiera we W\u0142oszechJu\u017c 30 stycznia szczyt Rady Europejskiej w Brukseli. O przygotowaniach do tego wydarzenia rozmawiali w czwartek w Rzymie premier Donald Tusk i szef w\u0142oskiego rz\u0105du Mario Monti. Wi\u0119cej: <a href=\"http:\/\/bit.ly\/zHlukj\">http<\/a><a href=\"http:\/\/bit.ly\/zHlukj\">:\/\/<\/a><a href=\"http:\/\/bit.ly\/zHlukj\">bit<\/a><a href=\"http:\/\/bit.ly\/zHlukj\">.<\/a><a href=\"http:\/\/bit.ly\/zHlukj\">ly<\/a><a href=\"http:\/\/bit.ly\/zHlukj\">\/<\/a><a href=\"http:\/\/bit.ly\/zHlukj\">zHlukj<\/a><\/td>\n<\/tr>\n<\/tbody>\n<\/table>\n<p>&nbsp;<\/p>\n<p><strong>post#2<\/strong><\/p>\n<table width=\"100%\" border=\"1\" cellspacing=\"0\" cellpadding=\"0\">\n<tbody>\n<tr>\n<td valign=\"top\"><strong>2012-01-20 18:23:52<\/strong>Rzecznik rz\u0105du: komisja Millera nie wznowi pracyW tej chwili nie ma \u017cadnych przes\u0142anek do wznowienia prac komisji Millera &#8211; o\u015bwiadczy\u0142 rzecznik rz\u0105du Pawe\u0142 Gra\u015b po spotkaniu premiera z cz\u0142onkami komisji badaj\u0105cej przyczyny katastrofy smole\u0144skiej. Wideo: TVN24.<\/td>\n<\/tr>\n<\/tbody>\n<\/table>\n<p>&nbsp;<\/p>\n<p><strong>post#3<\/strong><\/p>\n<table width=\"100%\" border=\"1\" cellspacing=\"0\" cellpadding=\"0\">\n<tbody>\n<tr>\n<td valign=\"top\"><strong>2012-01-23 22:57:59<\/strong><strong> <\/strong>Minister Boni i minister Zdrojewski o atakach na strony rz\u0105dowe- Mieli\u015bmy do czynienia ze zorganizowanym aktem protestu,  a w kolejnej fazie pojawi\u0142y si\u0119 zachowania hakerskie,  kt\u00f3re powinny by\u0107 \u015bcigane przez prawo \u2013 powiedzia\u0142 minister Micha\u0142 Boni po spotkaniu w sprawie cyberatak\u00f3w na strony rz\u0105dowe. Podkre\u015bli\u0142,  \u017ce porozumienie ACTA nie zmienia polskiego prawa,  a prace nad nim powinny trwa\u0107.Odnosz\u0105c si\u0119 do metod zapobiegania takim tego typu atakom w przysz\u0142o\u015bci,  minister Boni zaznaczy\u0142,  \u017ce niezb\u0119dne jest wypracowanie jednolitych standard\u00f3w zarz\u0105dzania stronami internetowymi w administracji publicznej. Do atak\u00f3w na strony rz\u0105dowe,  w tym m.in. strony Kancelarii Premiera oraz Ministerstwa Kultury i Dziedzictwa Narodowego,  dosz\u0142o w weekend oraz dzisiaj rano. Sprawa jest wyja\u015bniania we wsp\u00f3\u0142pracy z odpowiednimi s\u0142u\u017cbami.Minister administracji i cyfryzacji podkre\u015bli\u0142 tak\u017ce,  \u017ce porozumienie ACTA (Anti-Counterfeiting Trade Agreement) w 90% dotyczy kwestii wy\u0142\u0105czonych z kompetencji Unii Europejskiej,  a w 10% spraw krajowych. &#8211; W tych 10% nie b\u0119d\u0105 zachodzi\u0142y \u017cadne zmiany prawne \u2013 m\u00f3wi\u0142. Jednocze\u015bnie Micha\u0142 Boni zaznaczy\u0142,  \u017ce procedura i prace nad tym dokumentem powinny trwa\u0107. &#8211; Polska powinna mie\u0107 gotowo\u015b\u0107 do jego podpisania,  tak jak wszystkie pozosta\u0142e kraje UE,  z kt\u00f3rych kilka poinformowa\u0142o UE o podpisaniu tego dokumentu z op\u00f3\u017anieniem zwi\u0105zanym z kwestiami proceduralnymi \u2013 kontynuowa\u0142 ministerMicha\u0142 Boni poruszy\u0142 r\u00f3wnie\u017c kwesti\u0119 niejasno\u015bci pojawiaj\u0105cych si\u0119 podczas dyskusji nad porozumieniem ACTA. \u2013 Bardzo cz\u0119sto w opiniach pojawiaj\u0105 si\u0119 zdania,  kt\u00f3re podwa\u017caj\u0105 ten dokument,  ale kt\u00f3re u\u017cywaj\u0105 argumentacji,  kt\u00f3ra skierowana jest przeciwko dokumentowi SOPA (Stop Online Piracy Act) \u2013 powiedzia\u0142. Minister m\u00f3wi\u0142 w tym kontek\u015bcie o zagro\u017ceniu blokowania stron internetowych,  cz\u0119sto przywo\u0142ywanym przez opini\u0119 publiczn\u0105. \u2013 Jasno m\u00f3wi\u0105c \u015brodowisku internetowemu &#8211; nie b\u0119dzie \u017cadnego blokowania stron \u2013 podkre\u015bli\u0142. Doda\u0142,  \u017ce od przysz\u0142ego tygodnia rozpocznie si\u0119 faza konsultacji i wyja\u015bnie\u0144 dotycz\u0105cych porozumienia ACTA.Minister administracji i cyfryzacji podkre\u015bli\u0142 tak\u017ce,  \u017ce porozumienie formalnie wejdzie w \u017cycie dopiero po ratyfikacji przez polski parlament,  a ta b\u0119dzie poprzedzona debat\u0105. \u2013 Traktujemy faz\u0119 wyja\u015bnie\u0144 i konsultacji jako wa\u017cny wst\u0119p do tej debaty. To tak\u017ce okazja do dyskusji o tym jak zbudowa\u0107 r\u00f3wnowag\u0119 pomi\u0119dzy potrzeb\u0105 otwarto\u015bci i dost\u0119pno\u015b\u0107 d\u00f3br w Internecie a zagwarantowaniem praw,  kt\u00f3re chroni\u0105 w\u0142asno\u015b\u0107 intelektualn\u0105 \u2013 wyja\u015bnia\u0142. Micha\u0142 Boni doda\u0142,  \u017ce dobr\u0105 okazj\u0105 do wzmocnienia dost\u0119pu do d\u00f3br b\u0119dzie otwarcie publicznej debaty nad za\u0142o\u017ceniami do ustawy o otwartych zasobach. \u2013 Chcemy rozpocz\u0105\u0107 j\u0105 w lutym \u2013 zapowiedzia\u0142. Ustawa ma na celu poszerzanie dost\u0119pu w Internecie do kultury,  wiedzy,  nauki i innych d\u00f3br wytwarzanych przy u\u017cyciu \u015brodk\u00f3w publicznych.Minister Kultury i Dziedzictwa Narodowego odni\u00f3s\u0142 si\u0119 do pojawiaj\u0105cych si\u0119 zarzut\u00f3w dotycz\u0105cych m.in. sposobu prowadzenia przez rz\u0105d debaty o porozumieniu. \u2013 Rz\u0105d polski,  jako jeden z pierwszych,  zwr\u00f3ci\u0142 uwag\u0119 na konieczno\u015b\u0107 negocjowania w Europie tego aktu w spos\u00f3b jawny. Sta\u0142o si\u0119 to na wniosek kilku pa\u0144stw i dopiero od momentu ujawnienia tego dokumentu uzyskali\u015bmy prawo bycia obserwatorem \u2013 podkre\u015bli\u0142 Bogdan Zdrojewski. Ujawnienie tre\u015bci porozumienia ACTA nast\u0105pi\u0142o w 2010 roku w Szwajcarii.- Zaraz po uzyskaniu prawa bycia obserwatorem podj\u0105\u0142em decyzj\u0119 o przes\u0142aniu go kilkudziesi\u0119ciu podmiotom do konsultacji spo\u0142ecznych \u2013 kontynuowa\u0142 minister Zdrojewski. W maju 2010 roku informacja o rozpocz\u0119ciu dyskusji na temat porozumienia zosta\u0142a wys\u0142ana do kilkudziesi\u0119ciu podmiot\u00f3w. Do Ministerstwa Kultury i Dziedzictwa Narodowego dotar\u0142o jednak jedynie kilka uwag pozytywnych i negatywnych. Bogdan Zdrojewski podkre\u015bli\u0142 r\u00f3wnie\u017c,  \u017ce rekomendowanie porozumienia na forum mi\u0119dzynarodowym zosta\u0142o pozytywnie zaopiniowane przez komisje Sejmu i Senatu poprzedniej kadencji .<\/td>\n<\/tr>\n<\/tbody>\n<\/table>\n<h3>Kim s\u0105 autorzy usuni\u0119tych wpis\u00f3w?<\/h3>\n<p>\u0141\u0105cznie usuni\u0119to wypowiedzi ponad 3 tys. os\u00f3b! W\u015br\u00f3d autor\u00f3w komentarzy by\u0142o 3226 unikalnych identyfikator\u00f3w u\u017cytkownik\u00f3w Facebooka. Spo\u015br\u00f3d nich tylko 75 anga\u017cowa\u0142o si\u0119 na stronie KPRM wcze\u015bniej (przed 2012-01-20),  gdzie wykonali \u0142\u0105cznie 2420 aktywno\u015bci. Zatem zdecydowan\u0105 wi\u0119kszo\u015b\u0107 stanowili u\u017cytkownicy anga\u017cuj\u0105cy si\u0119 na stronie KPRM po raz pierwszy,  przy tej w\u0142a\u015bnie okazji. Wszystkie te osoby to aktywni u\u017cytkownicy Facebooka. \u0141\u0105cznie w 2011 i 2012 roku zaanga\u017cowali si\u0119 na 2482 fanpage\u2019ach,  przede wszystkim na innych popularnych polskich fanpage\u2019ach.<\/p>\n<p>W poni\u017cszej tabeli przedstawiamy ich pierwsz\u0105 dziesi\u0105tk\u0119 &#8212; kolumna \u201cLiczba aktywno\u015bci na FP\u201d oznacza \u0142\u0105czn\u0105 liczb\u0119 aktywno\u015bci (\u201cLubi\u0119 to\u201d,  komentarz,  post lub multimedia) wykonan\u0105 przez autor\u00f3w usuni\u0119tych komentarzy na tych stronach.<\/p>\n<table width=\"100%\" border=\"1\" cellspacing=\"0\" cellpadding=\"0\">\n<tbody>\n<tr>\n<td valign=\"top\"><\/td>\n<td valign=\"top\"><strong>Fanpage<\/strong><\/td>\n<td valign=\"top\"><strong>Liczba aktywno\u015bci na FP<\/strong><\/td>\n<\/tr>\n<tr>\n<td valign=\"top\">1<\/td>\n<td valign=\"top\">WPROST<\/td>\n<td valign=\"top\">10442<\/td>\n<\/tr>\n<tr>\n<td valign=\"top\">2<\/td>\n<td valign=\"top\">Kancelaria Premiera<\/td>\n<td valign=\"top\">10322<\/td>\n<\/tr>\n<tr>\n<td valign=\"top\">3<\/td>\n<td valign=\"top\">KWEJK.pl<\/td>\n<td valign=\"top\">8432<\/td>\n<\/tr>\n<tr>\n<td valign=\"top\">4<\/td>\n<td valign=\"top\">RobertMOfficial<\/td>\n<td valign=\"top\">5723<\/td>\n<\/tr>\n<tr>\n<td valign=\"top\">5<\/td>\n<td valign=\"top\">Demotywatory<\/td>\n<td valign=\"top\">5438<\/td>\n<\/tr>\n<tr>\n<td valign=\"top\">6<\/td>\n<td valign=\"top\">Eska Rock<\/td>\n<td valign=\"top\">4353<\/td>\n<\/tr>\n<tr>\n<td valign=\"top\">7<\/td>\n<td valign=\"top\">Komentarz usuni\u0119ty przez ACTA<\/td>\n<td valign=\"top\">3790<\/td>\n<\/tr>\n<tr>\n<td valign=\"top\">8<\/td>\n<td valign=\"top\">Korwin-Mikke Janusz FP<\/td>\n<td valign=\"top\">3626<\/td>\n<\/tr>\n<tr>\n<td valign=\"top\">9<\/td>\n<td valign=\"top\">Radio Eska<\/td>\n<td valign=\"top\">3622<\/td>\n<\/tr>\n<tr>\n<td valign=\"top\">10<\/td>\n<td valign=\"top\">Ruch Poparcia Palikota<\/td>\n<td valign=\"top\">3203<\/td>\n<\/tr>\n<\/tbody>\n<\/table>\n<p>Zwraca uwag\u0119 fakt,  \u017ce w pierwszej 10-tce znalaz\u0142y si\u0119 fanpage Janusza Korwina-Mikke i Janusza Palikota. Sk\u0105din\u0105d wiadomo<a title=\"\" href=\"file:\/\/\/C:\/Users\/JZ\/Downloads\/Komentarze%20usuni%C4%99te%20przez%20Kancelari%C4%99%20Premiera-26_01_2012.doc#_ftn1\">[1]<\/a>,  \u017ce obydwaj ci politycy s\u0105 zainteresowani politycznym potencja\u0142em jaki mo\u017ce nie\u015b\u0107 nowopowsta\u0142y ruch spo\u0142eczny. (Nale\u017cy zaznaczy\u0107 \u017ce pr\u00f3by te,  p\u00f3ki co,  odbywaj\u0105 si\u0119 raczej wbrew intencjom jego uczestnik\u00f3w<a title=\"\" href=\"file:\/\/\/C:\/Users\/JZ\/Downloads\/Komentarze%20usuni%C4%99te%20przez%20Kancelari%C4%99%20Premiera-26_01_2012.doc#_ftn2\">[2]<\/a>).<\/p>\n<p>Mo\u017cemy te\u017c sprawdzi\u0107 inne informacje o autorach usuni\u0119tych komentarzy: 79% z nich to m\u0119\u017cczy\u017ani,  a 92%ustawi\u0142o Polsk\u0119 jako swoj\u0105 lokalizacj\u0119.<\/p>\n<p>Podsumowuj\u0105c,  by\u0142y to komentarze tysi\u0119cy prawdziwych os\u00f3b,  a nie stworzone przez kilku spamer\u00f3w czy sztuczne konta.<\/p>\n<div>\n<p>&nbsp;<\/p>\n<hr align=\"left\" size=\"1\" width=\"33%\" \/>\n<div>\n<p><a title=\"\" href=\"file:\/\/\/C:\/Users\/JZ\/Downloads\/Komentarze%20usuni%C4%99te%20przez%20Kancelari%C4%99%20Premiera-26_01_2012.doc#_ftnref1\">[1]<\/a> <a href=\"http:\/\/palikot.blog.onet.pl\/Ach-ta-polska-glupota, 2, ID449785738, n\">http<\/a><a href=\"http:\/\/palikot.blog.onet.pl\/Ach-ta-polska-glupota, 2, ID449785738, n\">:\/\/<\/a><a href=\"http:\/\/palikot.blog.onet.pl\/Ach-ta-polska-glupota, 2, ID449785738, n\">palikot<\/a><a href=\"http:\/\/palikot.blog.onet.pl\/Ach-ta-polska-glupota, 2, ID449785738, n\">.<\/a><a href=\"http:\/\/palikot.blog.onet.pl\/Ach-ta-polska-glupota, 2, ID449785738, n\">blog<\/a><a href=\"http:\/\/palikot.blog.onet.pl\/Ach-ta-polska-glupota, 2, ID449785738, n\">.<\/a><a href=\"http:\/\/palikot.blog.onet.pl\/Ach-ta-polska-glupota, 2, ID449785738, n\">onet<\/a><a href=\"http:\/\/palikot.blog.onet.pl\/Ach-ta-polska-glupota, 2, ID449785738, n\">.<\/a><a href=\"http:\/\/palikot.blog.onet.pl\/Ach-ta-polska-glupota, 2, ID449785738, n\">pl<\/a><a href=\"http:\/\/palikot.blog.onet.pl\/Ach-ta-polska-glupota, 2, ID449785738, n\">\/<\/a><a href=\"http:\/\/palikot.blog.onet.pl\/Ach-ta-polska-glupota, 2, ID449785738, n\">Ach<\/a><a href=\"http:\/\/palikot.blog.onet.pl\/Ach-ta-polska-glupota, 2, ID449785738, n\">&#8211;<\/a><a href=\"http:\/\/palikot.blog.onet.pl\/Ach-ta-polska-glupota, 2, ID449785738, n\">ta<\/a><a href=\"http:\/\/palikot.blog.onet.pl\/Ach-ta-polska-glupota, 2, ID449785738, n\">&#8211;<\/a><a href=\"http:\/\/palikot.blog.onet.pl\/Ach-ta-polska-glupota, 2, ID449785738, n\">polska<\/a><a href=\"http:\/\/palikot.blog.onet.pl\/Ach-ta-polska-glupota, 2, ID449785738, n\">&#8211;<\/a><a href=\"http:\/\/palikot.blog.onet.pl\/Ach-ta-polska-glupota, 2, ID449785738, n\">glupota<\/a><a href=\"http:\/\/palikot.blog.onet.pl\/Ach-ta-polska-glupota, 2, ID449785738, n\">, 2, <\/a><a href=\"http:\/\/palikot.blog.onet.pl\/Ach-ta-polska-glupota, 2, ID449785738, n\">ID<\/a><a href=\"http:\/\/palikot.blog.onet.pl\/Ach-ta-polska-glupota, 2, ID449785738, n\">449785738, <\/a><a href=\"http:\/\/palikot.blog.onet.pl\/Ach-ta-polska-glupota, 2, ID449785738, n\">n<\/a>, <\/p>\n<p><a href=\"http:\/\/korwin-mikke.blog.onet.pl\/Co-sadze-o-ACTA-To, 2, ID449455150, n\">http<\/a><a href=\"http:\/\/korwin-mikke.blog.onet.pl\/Co-sadze-o-ACTA-To, 2, ID449455150, n\">:\/\/<\/a><a href=\"http:\/\/korwin-mikke.blog.onet.pl\/Co-sadze-o-ACTA-To, 2, ID449455150, n\">korwin<\/a><a href=\"http:\/\/korwin-mikke.blog.onet.pl\/Co-sadze-o-ACTA-To, 2, ID449455150, n\">&#8211;<\/a><a href=\"http:\/\/korwin-mikke.blog.onet.pl\/Co-sadze-o-ACTA-To, 2, ID449455150, n\">mikke<\/a><a href=\"http:\/\/korwin-mikke.blog.onet.pl\/Co-sadze-o-ACTA-To, 2, ID449455150, n\">.<\/a><a href=\"http:\/\/korwin-mikke.blog.onet.pl\/Co-sadze-o-ACTA-To, 2, ID449455150, n\">blog<\/a><a href=\"http:\/\/korwin-mikke.blog.onet.pl\/Co-sadze-o-ACTA-To, 2, ID449455150, n\">.<\/a><a href=\"http:\/\/korwin-mikke.blog.onet.pl\/Co-sadze-o-ACTA-To, 2, ID449455150, n\">onet<\/a><a href=\"http:\/\/korwin-mikke.blog.onet.pl\/Co-sadze-o-ACTA-To, 2, ID449455150, n\">.<\/a><a href=\"http:\/\/korwin-mikke.blog.onet.pl\/Co-sadze-o-ACTA-To, 2, ID449455150, n\">pl<\/a><a href=\"http:\/\/korwin-mikke.blog.onet.pl\/Co-sadze-o-ACTA-To, 2, ID449455150, n\">\/<\/a><a href=\"http:\/\/korwin-mikke.blog.onet.pl\/Co-sadze-o-ACTA-To, 2, ID449455150, n\">Co<\/a><a href=\"http:\/\/korwin-mikke.blog.onet.pl\/Co-sadze-o-ACTA-To, 2, ID449455150, n\">&#8211;<\/a><a href=\"http:\/\/korwin-mikke.blog.onet.pl\/Co-sadze-o-ACTA-To, 2, ID449455150, n\">sadze<\/a><a href=\"http:\/\/korwin-mikke.blog.onet.pl\/Co-sadze-o-ACTA-To, 2, ID449455150, n\">&#8211;<\/a><a href=\"http:\/\/korwin-mikke.blog.onet.pl\/Co-sadze-o-ACTA-To, 2, ID449455150, n\">o<\/a><a href=\"http:\/\/korwin-mikke.blog.onet.pl\/Co-sadze-o-ACTA-To, 2, ID449455150, n\">&#8211;<\/a><a href=\"http:\/\/korwin-mikke.blog.onet.pl\/Co-sadze-o-ACTA-To, 2, ID449455150, n\">ACTA<\/a><a href=\"http:\/\/korwin-mikke.blog.onet.pl\/Co-sadze-o-ACTA-To, 2, ID449455150, n\">&#8211;<\/a><a href=\"http:\/\/korwin-mikke.blog.onet.pl\/Co-sadze-o-ACTA-To, 2, ID449455150, n\">To<\/a><a href=\"http:\/\/korwin-mikke.blog.onet.pl\/Co-sadze-o-ACTA-To, 2, ID449455150, n\">, 2, <\/a><a href=\"http:\/\/korwin-mikke.blog.onet.pl\/Co-sadze-o-ACTA-To, 2, ID449455150, n\">ID<\/a><a href=\"http:\/\/korwin-mikke.blog.onet.pl\/Co-sadze-o-ACTA-To, 2, ID449455150, n\">449455150, <\/a><a href=\"http:\/\/korwin-mikke.blog.onet.pl\/Co-sadze-o-ACTA-To, 2, ID449455150, n\">n<\/a><\/p>\n<\/div>\n<div>\n<p><a title=\"\" href=\"file:\/\/\/C:\/Users\/JZ\/Downloads\/Komentarze%20usuni%C4%99te%20przez%20Kancelari%C4%99%20Premiera-26_01_2012.doc#_ftnref2\">[2]<\/a> <a href=\"http:\/\/www.youtube.com\/watch?v=JwyEtmikmRg\">http<\/a><a href=\"http:\/\/www.youtube.com\/watch?v=JwyEtmikmRg\">:\/\/<\/a><a href=\"http:\/\/www.youtube.com\/watch?v=JwyEtmikmRg\">www<\/a><a href=\"http:\/\/www.youtube.com\/watch?v=JwyEtmikmRg\">.<\/a><a href=\"http:\/\/www.youtube.com\/watch?v=JwyEtmikmRg\">youtube<\/a><a href=\"http:\/\/www.youtube.com\/watch?v=JwyEtmikmRg\">.<\/a><a href=\"http:\/\/www.youtube.com\/watch?v=JwyEtmikmRg\">com<\/a><a href=\"http:\/\/www.youtube.com\/watch?v=JwyEtmikmRg\">\/<\/a><a href=\"http:\/\/www.youtube.com\/watch?v=JwyEtmikmRg\">watch<\/a><a href=\"http:\/\/www.youtube.com\/watch?v=JwyEtmikmRg\">?<\/a><a href=\"http:\/\/www.youtube.com\/watch?v=JwyEtmikmRg\">v<\/a><a href=\"http:\/\/www.youtube.com\/watch?v=JwyEtmikmRg\">=<\/a><a href=\"http:\/\/www.youtube.com\/watch?v=JwyEtmikmRg\">JwyEtmikmRg<\/a><\/p>\n<\/div>\n<\/div>\n","protected":false},"excerpt":{"rendered":"<p>Nie trzeba ACTA, \u017ceby rz\u0105d ogranicza\u0142 wolno\u015b\u0107 wypowiedzi na Facebooku i mija\u0142 si\u0119 z prawd\u0105 w wyja\u015bnieniach w sprawie kasowania komentarzy. W ostatnich dniach z fanpage\u2019a Kancelarii Premiera znikn\u0119\u0142o kilka tysi\u0119cy komentarzy w sprawie ACTA. Fanpage Trender zbiera\u0142 je jednak na bie\u017c\u0105co i przeanalizowa\u0142. G\u0142\u00f3wne ustalenia: Skasowanych post\u00f3w by\u0142o znacznie wi\u0119cej, ni\u017c 5 tys., o [&hellip;]<\/p>\n","protected":false},"author":2,"featured_media":0,"comment_status":"open","ping_status":"open","sticky":false,"template":"","format":"standard","meta":{"inline_featured_image":false,"footnotes":""},"categories":[1793,1797],"tags":[15,17,166],"yoast_head":"<!-- This site is optimized with the Yoast SEO plugin v22.4 - https:\/\/yoast.com\/wordpress\/plugins\/seo\/ -->\n<title>Usuni\u0119te komentarze w sprawie ACTA<\/title>\n<meta name=\"description\" content=\"Z profilu premiera skasowano 7,7 tys. komentarzy w sprawie ACTA do 3 usuni\u0119tych wpis\u00f3w. Zobacz nasz\u0105 analiz\u0119. Sotrender - Social Media Marketing Blog.\" \/>\n<meta name=\"robots\" content=\"index, follow, max-snippet:-1, max-image-preview:large, max-video-preview:-1\" \/>\n<link rel=\"canonical\" href=\"https:\/\/www.sotrender.com\/blog\/pl\/2012\/01\/usuniete-komentarze-w-sprawie-acta-analiza-zespolu-fanpage-trender\/\" \/>\n<meta property=\"og:locale\" content=\"pl_PL\" \/>\n<meta property=\"og:type\" content=\"article\" \/>\n<meta property=\"og:title\" content=\"Usuni\u0119te komentarze w sprawie ACTA\" \/>\n<meta property=\"og:description\" content=\"Z profilu premiera skasowano 7,7 tys. komentarzy w sprawie ACTA do 3 usuni\u0119tych wpis\u00f3w. Zobacz nasz\u0105 analiz\u0119. Sotrender - Social Media Marketing Blog.\" \/>\n<meta property=\"og:url\" content=\"https:\/\/www.sotrender.com\/blog\/pl\/2012\/01\/usuniete-komentarze-w-sprawie-acta-analiza-zespolu-fanpage-trender\/\" \/>\n<meta property=\"og:site_name\" content=\"Sotrender Blog\" \/>\n<meta property=\"article:publisher\" content=\"https:\/\/www.facebook.com\/Sotrender\" \/>\n<meta property=\"article:author\" content=\"https:\/\/www.facebook.com\/jan.zajac.75?fref=ts\" \/>\n<meta property=\"article:published_time\" content=\"2012-01-27T13:37:00+00:00\" \/>\n<meta property=\"article:modified_time\" content=\"2015-12-01T21:44:28+00:00\" \/>\n<meta property=\"og:image\" content=\"http:\/\/dl.dropbox.com\/u\/3730229\/Screenshots\/rnz8.png\" \/>\n<meta name=\"author\" content=\"Jan Zaj\u0105c\" \/>\n<meta name=\"twitter:card\" content=\"summary_large_image\" \/>\n<meta name=\"twitter:creator\" content=\"@http:\/\/twitter.com\/janekzajac\" \/>\n<meta name=\"twitter:site\" content=\"@Sotrender\" \/>\n<meta name=\"twitter:label1\" content=\"Written by\" \/>\n\t<meta name=\"twitter:data1\" content=\"Jan Zaj\u0105c\" \/>\n\t<meta name=\"twitter:label2\" content=\"Est. reading time\" \/>\n\t<meta name=\"twitter:data2\" content=\"13 minutes\" \/>\n<script type=\"application\/ld+json\" class=\"yoast-schema-graph\">{\"@context\":\"https:\/\/schema.org\",\"@graph\":[{\"@type\":\"WebPage\",\"@id\":\"https:\/\/www.sotrender.com\/blog\/pl\/2012\/01\/usuniete-komentarze-w-sprawie-acta-analiza-zespolu-fanpage-trender\/\",\"url\":\"https:\/\/www.sotrender.com\/blog\/pl\/2012\/01\/usuniete-komentarze-w-sprawie-acta-analiza-zespolu-fanpage-trender\/\",\"name\":\"Usuni\u0119te komentarze w sprawie ACTA\",\"isPartOf\":{\"@id\":\"https:\/\/www.sotrender.com\/blog\/#website\"},\"primaryImageOfPage\":{\"@id\":\"https:\/\/www.sotrender.com\/blog\/pl\/2012\/01\/usuniete-komentarze-w-sprawie-acta-analiza-zespolu-fanpage-trender\/#primaryimage\"},\"image\":{\"@id\":\"https:\/\/www.sotrender.com\/blog\/pl\/2012\/01\/usuniete-komentarze-w-sprawie-acta-analiza-zespolu-fanpage-trender\/#primaryimage\"},\"thumbnailUrl\":\"http:\/\/dl.dropbox.com\/u\/3730229\/Screenshots\/rnz8.png\",\"datePublished\":\"2012-01-27T13:37:00+00:00\",\"dateModified\":\"2015-12-01T21:44:28+00:00\",\"author\":{\"@id\":\"https:\/\/www.sotrender.com\/blog\/#\/schema\/person\/15d4db3ba9c4e61b1cb96099300e7c51\"},\"description\":\"Z profilu premiera skasowano 7,7 tys. komentarzy w sprawie ACTA do 3 usuni\u0119tych wpis\u00f3w. Zobacz nasz\u0105 analiz\u0119. Sotrender - Social Media Marketing Blog.\",\"breadcrumb\":{\"@id\":\"https:\/\/www.sotrender.com\/blog\/pl\/2012\/01\/usuniete-komentarze-w-sprawie-acta-analiza-zespolu-fanpage-trender\/#breadcrumb\"},\"inLanguage\":\"pl-PL\",\"potentialAction\":[{\"@type\":\"ReadAction\",\"target\":[\"https:\/\/www.sotrender.com\/blog\/pl\/2012\/01\/usuniete-komentarze-w-sprawie-acta-analiza-zespolu-fanpage-trender\/\"]}]},{\"@type\":\"ImageObject\",\"inLanguage\":\"pl-PL\",\"@id\":\"https:\/\/www.sotrender.com\/blog\/pl\/2012\/01\/usuniete-komentarze-w-sprawie-acta-analiza-zespolu-fanpage-trender\/#primaryimage\",\"url\":\"http:\/\/dl.dropbox.com\/u\/3730229\/Screenshots\/rnz8.png\",\"contentUrl\":\"http:\/\/dl.dropbox.com\/u\/3730229\/Screenshots\/rnz8.png\"},{\"@type\":\"BreadcrumbList\",\"@id\":\"https:\/\/www.sotrender.com\/blog\/pl\/2012\/01\/usuniete-komentarze-w-sprawie-acta-analiza-zespolu-fanpage-trender\/#breadcrumb\",\"itemListElement\":[{\"@type\":\"ListItem\",\"position\":1,\"name\":\"Home\",\"item\":\"https:\/\/www.sotrender.com\/blog\/\"},{\"@type\":\"ListItem\",\"position\":2,\"name\":\"Usuni\u0119te komentarze w sprawie ACTA \u2013 analiza zespo\u0142u Fanpage Trender\"}]},{\"@type\":\"WebSite\",\"@id\":\"https:\/\/www.sotrender.com\/blog\/#website\",\"url\":\"https:\/\/www.sotrender.com\/blog\/\",\"name\":\"Sotrender Blog\",\"description\":\"\",\"potentialAction\":[{\"@type\":\"SearchAction\",\"target\":{\"@type\":\"EntryPoint\",\"urlTemplate\":\"https:\/\/www.sotrender.com\/blog\/?s={search_term_string}\"},\"query-input\":\"required name=search_term_string\"}],\"inLanguage\":\"pl-PL\"},{\"@type\":\"Person\",\"@id\":\"https:\/\/www.sotrender.com\/blog\/#\/schema\/person\/15d4db3ba9c4e61b1cb96099300e7c51\",\"name\":\"Jan Zaj\u0105c\",\"image\":{\"@type\":\"ImageObject\",\"inLanguage\":\"pl-PL\",\"@id\":\"https:\/\/www.sotrender.com\/blog\/#\/schema\/person\/image\/\",\"url\":\"https:\/\/secure.gravatar.com\/avatar\/330c70ea205c5402148d7c7d8927d81d?s=96&d=mm&r=g\",\"contentUrl\":\"https:\/\/secure.gravatar.com\/avatar\/330c70ea205c5402148d7c7d8927d81d?s=96&d=mm&r=g\",\"caption\":\"Jan Zaj\u0105c\"},\"description\":\"Psychologist &amp; economist, experienced consultant &amp; researcher, who speaks 6 languages and has cycled around 17 countries.\",\"sameAs\":[\"https:\/\/www.facebook.com\/jan.zajac.75?fref=ts\",\"https:\/\/www.linkedin.com\/in\/janekzajac\",\"https:\/\/twitter.com\/http:\/\/twitter.com\/janekzajac\"],\"url\":\"https:\/\/www.sotrender.com\/blog\/pl\/author\/jan_zajc\/\"}]}<\/script>\n<!-- \/ Yoast SEO plugin. -->","yoast_head_json":{"title":"Usuni\u0119te komentarze w sprawie ACTA","description":"Z profilu premiera skasowano 7,7 tys. komentarzy w sprawie ACTA do 3 usuni\u0119tych wpis\u00f3w. Zobacz nasz\u0105 analiz\u0119. Sotrender - Social Media Marketing Blog.","robots":{"index":"index","follow":"follow","max-snippet":"max-snippet:-1","max-image-preview":"max-image-preview:large","max-video-preview":"max-video-preview:-1"},"canonical":"https:\/\/www.sotrender.com\/blog\/pl\/2012\/01\/usuniete-komentarze-w-sprawie-acta-analiza-zespolu-fanpage-trender\/","og_locale":"pl_PL","og_type":"article","og_title":"Usuni\u0119te komentarze w sprawie ACTA","og_description":"Z profilu premiera skasowano 7,7 tys. komentarzy w sprawie ACTA do 3 usuni\u0119tych wpis\u00f3w. Zobacz nasz\u0105 analiz\u0119. Sotrender - Social Media Marketing Blog.","og_url":"https:\/\/www.sotrender.com\/blog\/pl\/2012\/01\/usuniete-komentarze-w-sprawie-acta-analiza-zespolu-fanpage-trender\/","og_site_name":"Sotrender Blog","article_publisher":"https:\/\/www.facebook.com\/Sotrender","article_author":"https:\/\/www.facebook.com\/jan.zajac.75?fref=ts","article_published_time":"2012-01-27T13:37:00+00:00","article_modified_time":"2015-12-01T21:44:28+00:00","og_image":[{"url":"http:\/\/dl.dropbox.com\/u\/3730229\/Screenshots\/rnz8.png"}],"author":"Jan Zaj\u0105c","twitter_card":"summary_large_image","twitter_creator":"@http:\/\/twitter.com\/janekzajac","twitter_site":"@Sotrender","twitter_misc":{"Written by":"Jan Zaj\u0105c","Est. reading time":"13 minutes"},"schema":{"@context":"https:\/\/schema.org","@graph":[{"@type":"WebPage","@id":"https:\/\/www.sotrender.com\/blog\/pl\/2012\/01\/usuniete-komentarze-w-sprawie-acta-analiza-zespolu-fanpage-trender\/","url":"https:\/\/www.sotrender.com\/blog\/pl\/2012\/01\/usuniete-komentarze-w-sprawie-acta-analiza-zespolu-fanpage-trender\/","name":"Usuni\u0119te komentarze w sprawie ACTA","isPartOf":{"@id":"https:\/\/www.sotrender.com\/blog\/#website"},"primaryImageOfPage":{"@id":"https:\/\/www.sotrender.com\/blog\/pl\/2012\/01\/usuniete-komentarze-w-sprawie-acta-analiza-zespolu-fanpage-trender\/#primaryimage"},"image":{"@id":"https:\/\/www.sotrender.com\/blog\/pl\/2012\/01\/usuniete-komentarze-w-sprawie-acta-analiza-zespolu-fanpage-trender\/#primaryimage"},"thumbnailUrl":"http:\/\/dl.dropbox.com\/u\/3730229\/Screenshots\/rnz8.png","datePublished":"2012-01-27T13:37:00+00:00","dateModified":"2015-12-01T21:44:28+00:00","author":{"@id":"https:\/\/www.sotrender.com\/blog\/#\/schema\/person\/15d4db3ba9c4e61b1cb96099300e7c51"},"description":"Z profilu premiera skasowano 7,7 tys. komentarzy w sprawie ACTA do 3 usuni\u0119tych wpis\u00f3w. Zobacz nasz\u0105 analiz\u0119. Sotrender - Social Media Marketing Blog.","breadcrumb":{"@id":"https:\/\/www.sotrender.com\/blog\/pl\/2012\/01\/usuniete-komentarze-w-sprawie-acta-analiza-zespolu-fanpage-trender\/#breadcrumb"},"inLanguage":"pl-PL","potentialAction":[{"@type":"ReadAction","target":["https:\/\/www.sotrender.com\/blog\/pl\/2012\/01\/usuniete-komentarze-w-sprawie-acta-analiza-zespolu-fanpage-trender\/"]}]},{"@type":"ImageObject","inLanguage":"pl-PL","@id":"https:\/\/www.sotrender.com\/blog\/pl\/2012\/01\/usuniete-komentarze-w-sprawie-acta-analiza-zespolu-fanpage-trender\/#primaryimage","url":"http:\/\/dl.dropbox.com\/u\/3730229\/Screenshots\/rnz8.png","contentUrl":"http:\/\/dl.dropbox.com\/u\/3730229\/Screenshots\/rnz8.png"},{"@type":"BreadcrumbList","@id":"https:\/\/www.sotrender.com\/blog\/pl\/2012\/01\/usuniete-komentarze-w-sprawie-acta-analiza-zespolu-fanpage-trender\/#breadcrumb","itemListElement":[{"@type":"ListItem","position":1,"name":"Home","item":"https:\/\/www.sotrender.com\/blog\/"},{"@type":"ListItem","position":2,"name":"Usuni\u0119te komentarze w sprawie ACTA \u2013 analiza zespo\u0142u Fanpage Trender"}]},{"@type":"WebSite","@id":"https:\/\/www.sotrender.com\/blog\/#website","url":"https:\/\/www.sotrender.com\/blog\/","name":"Sotrender Blog","description":"","potentialAction":[{"@type":"SearchAction","target":{"@type":"EntryPoint","urlTemplate":"https:\/\/www.sotrender.com\/blog\/?s={search_term_string}"},"query-input":"required name=search_term_string"}],"inLanguage":"pl-PL"},{"@type":"Person","@id":"https:\/\/www.sotrender.com\/blog\/#\/schema\/person\/15d4db3ba9c4e61b1cb96099300e7c51","name":"Jan Zaj\u0105c","image":{"@type":"ImageObject","inLanguage":"pl-PL","@id":"https:\/\/www.sotrender.com\/blog\/#\/schema\/person\/image\/","url":"https:\/\/secure.gravatar.com\/avatar\/330c70ea205c5402148d7c7d8927d81d?s=96&d=mm&r=g","contentUrl":"https:\/\/secure.gravatar.com\/avatar\/330c70ea205c5402148d7c7d8927d81d?s=96&d=mm&r=g","caption":"Jan Zaj\u0105c"},"description":"Psychologist &amp; economist, experienced consultant &amp; researcher, who speaks 6 languages and has cycled around 17 countries.","sameAs":["https:\/\/www.facebook.com\/jan.zajac.75?fref=ts","https:\/\/www.linkedin.com\/in\/janekzajac","https:\/\/twitter.com\/http:\/\/twitter.com\/janekzajac"],"url":"https:\/\/www.sotrender.com\/blog\/pl\/author\/jan_zajc\/"}]}},"_links":{"self":[{"href":"https:\/\/www.sotrender.com\/blog\/pl\/wp-json\/wp\/v2\/posts\/267"}],"collection":[{"href":"https:\/\/www.sotrender.com\/blog\/pl\/wp-json\/wp\/v2\/posts"}],"about":[{"href":"https:\/\/www.sotrender.com\/blog\/pl\/wp-json\/wp\/v2\/types\/post"}],"author":[{"embeddable":true,"href":"https:\/\/www.sotrender.com\/blog\/pl\/wp-json\/wp\/v2\/users\/2"}],"replies":[{"embeddable":true,"href":"https:\/\/www.sotrender.com\/blog\/pl\/wp-json\/wp\/v2\/comments?post=267"}],"version-history":[{"count":23,"href":"https:\/\/www.sotrender.com\/blog\/pl\/wp-json\/wp\/v2\/posts\/267\/revisions"}],"predecessor-version":[{"id":20197,"href":"https:\/\/www.sotrender.com\/blog\/pl\/wp-json\/wp\/v2\/posts\/267\/revisions\/20197"}],"wp:attachment":[{"href":"https:\/\/www.sotrender.com\/blog\/pl\/wp-json\/wp\/v2\/media?parent=267"}],"wp:term":[{"taxonomy":"category","embeddable":true,"href":"https:\/\/www.sotrender.com\/blog\/pl\/wp-json\/wp\/v2\/categories?post=267"},{"taxonomy":"post_tag","embeddable":true,"href":"https:\/\/www.sotrender.com\/blog\/pl\/wp-json\/wp\/v2\/tags?post=267"}],"curies":[{"name":"wp","href":"https:\/\/api.w.org\/{rel}","templated":true}]}}