{"id":25581,"date":"2017-03-03T10:31:00","date_gmt":"2017-03-03T09:31:00","guid":{"rendered":"https:\/\/www.sotrender.com\/blog\/?p=25581\/"},"modified":"2017-03-03T10:45:35","modified_gmt":"2017-03-03T09:45:35","slug":"instagram-trends-luty-2017-czyli-co-laczy-serca-paczki-procz-cholesterolu","status":"publish","type":"post","link":"https:\/\/www.sotrender.com\/blog\/pl\/2017\/03\/instagram-trends-luty-2017-czyli-co-laczy-serca-paczki-procz-cholesterolu\/","title":{"rendered":"Instagram Trends luty 2017 &#8211; czyli co \u0142\u0105czy serca i p\u0105czki (pr\u00f3cz cholesterolu)"},"content":{"rendered":"<p>Pocz\u0105tek marca niechybnie zwiastuje koniec zimy &#8211; dni staj\u0105 si\u0119 coraz d\u0142u\u017csze, rano mamy wi\u0119ksz\u0105 ch\u0119\u0107 by wsta\u0107 i\u2026 coraz mniej czasu sp\u0119dzamy w mediach spo\u0142eczno\u015bciowych, korzystaj\u0105c z pierwszych promieni s\u0142onecznych. Da si\u0119 to zauwa\u017cy\u0107 przyk\u0142adowo na <a href=\"https:\/\/www.sotrender.com\/blog\/wp-content\/uploads\/2017\/03\/instagram_trends_201702_hl2.pdf\">Instagramie<\/a>, na kt\u00f3rym profile publikowa\u0142y mniej post\u00f3w ni\u017c w poprzednim miesi\u0105cu, a u\u017cytkownicy mniej ch\u0119tnie zaznaczali przy nich serduszko (mimo Walentynek).<\/p>\n<p>Warto te\u017c wspomnie\u0107 o tym, \u017ce trend, o kt\u00f3rym pisali\u015bmy w poprzednim <span style=\"text-decoration: underline;\"><a href=\"https:\/\/www.sotrender.com\/blog\/pl\/2017\/02\/instagram-trends-styczen-2017-nowy-rok-na-instagramie\/\">raporcie Instagram Trends<\/a><\/span>\u00a0&#8211; czyli 13 jako godzina najlepszych post\u00f3w &#8211; utrzyma\u0142 si\u0119 r\u00f3wnie\u017c w tym miesi\u0105cu. Marketerzy, s\u0142yszycie?<\/p>\n<p>Je\u015bli jeste\u015bcie ciekawi, co jeszcze dzia\u0142o si\u0119 w lutym na Instagramie \u2013 zapraszamy do lektury <a href=\"https:\/\/www.sotrender.com\/blog\/wp-content\/uploads\/2017\/03\/instagram_trends_201702_hl2.pdf\">najnowszego wydania raportu Instagram Trends<\/a>\u00a0przygotowanego przez <span style=\"text-decoration: underline;\"><a href=\"http:\/\/sotrender.com\/pl\">Sotrender<\/a><\/span>!<\/p>\n<h2><span style=\"font-weight: bold;\">Zakochani s\u0105 w\u015br\u00f3d nas<\/span><\/h2>\n<p>Jak zapewne si\u0119 spodziewacie, Instagrama w lutym szturmem wzi\u0119\u0142y walentynkowe posty &#8211; wsz\u0119dzie pojawi\u0142y si\u0119 miliardy serduszek i zdj\u0119\u0107 z drugimi po\u0142\u00f3wkami. Sklepy z bi\u017cuteri\u0105 te\u017c z pewno\u015bci\u0105 nie mog\u0142y narzeka\u0107, a posty w tej kategorii cieszy\u0142y si\u0119 wi\u0119ksz\u0105 popularno\u015bci\u0105 ni\u017c zazwyczaj. Nie mog\u0142o te\u017c zabrakn\u0105\u0107 najbardziej lubianej pary polskiego Instagrama, czyli pa\u0144stwa Lewandowskich, kt\u00f3rych twarze &#8211; a jak\u017ceby inaczej! &#8211; pojawi\u0142y si\u0119 na najbardziej popularnym zdj\u0119ciu tego miesi\u0105ca.<\/p>\n<blockquote class=\"instagram-media\" style=\"background: #FFF; border: 0; border-radius: 3px; box-shadow: 0 0 1px 0 rgba(0,0,0,0.5),0 1px 10px 0 rgba(0,0,0,0.15); margin: 1px; max-width: 658px; padding: 0; width: calc(100% - 2px);\" data-instgrm-captioned=\"\" data-instgrm-version=\"7\">\n<div style=\"padding: 8px;\">\n<div style=\"background: #F8F8F8; line-height: 0; margin-top: 40px; padding: 50.0% 0; text-align: center; width: 100%;\"><\/div>\n<p style=\"margin: 8px 0 0 0; padding: 0 4px;\"><a style=\"color: #000; font-family: Arial,sans-serif; font-size: 14px; font-style: normal; font-weight: normal; line-height: 17px; text-decoration: none; word-wrap: break-word;\" href=\"https:\/\/www.instagram.com\/p\/BQfwJOtjBJK\/\" target=\"_blank\">Happy Valentine&#8217;s Day My Soulmate\u2764\ufe0f @annalewandowskahpba<\/a><\/p>\n<p style=\"color: #c9c8cd; font-family: Arial,sans-serif; font-size: 14px; line-height: 17px; margin-bottom: 0; margin-top: 8px; overflow: hidden; padding: 8px 0 7px; text-align: center; text-overflow: ellipsis; white-space: nowrap;\">Post udost\u0119pniony przez Robert Lewandowski (@_rl9) <time style=\"font-family: Arial,sans-serif; font-size: 14px; line-height: 17px;\" datetime=\"2017-02-14T14:55:42+00:00\">14 Lut, 2017 o 6:55 PST<\/time><\/p>\n<\/div>\n<\/blockquote>\n<p><script async defer src=\"\/\/platform.instagram.com\/en_US\/embeds.js\"><\/script><\/p>\n<h2><span style=\"font-weight: bold;\">P\u0105czki widz\u0119, p\u0105czki!<\/span><\/h2>\n<p>Nie tylko \u015awi\u0119to Zakochanych da\u0142o o sobie zna\u0107 w tym miesi\u0105cu &#8211; drug\u0105 gwiazd\u0105 (o ile nawet nie wi\u0119ksz\u0105!) by\u0142 oczywi\u015bcie p\u0105czek i jego \u015bwi\u0119to (w Sotrenderze zdecydowanie <span style=\"text-decoration: underline;\"><a href=\"https:\/\/www.instagram.com\/p\/BQ2Wz3jgjhq\/?taken-by=sotrender\">uznajemy je za <\/a><\/span><span style=\"text-decoration: underline;\"><a href=\"https:\/\/www.instagram.com\/p\/BQ2Wz3jgjhq\/?taken-by=sotrender\">wa\u017cniejsze<\/a><\/span>). Marki bardzo cz\u0119sto decydowa\u0142y si\u0119 na real time marketing, wrzucaj\u0105c zdj\u0119cia z firmowych kuchni i biurek pracownik\u00f3w, pe\u0142nych lukrowanych p\u0105czk\u00f3w i kilogram\u00f3w fawork\u00f3w. Influencerzy\u00a0te\u017c nie zostawali w tyle i prze\u015bcigali\u00a0si\u0119 w lepszych uj\u0119ciach swoich p\u0105czkowych zdobyczy. Zostawimy Wam je tutaj \u017ceby troch\u0119 potrenowa\u0107 Wasz\u0105 siln\u0105 wol\u0119:<\/p>\n<blockquote class=\"instagram-media\" style=\"background: #FFF; border: 0; border-radius: 3px; box-shadow: 0 0 1px 0 rgba(0,0,0,0.5),0 1px 10px 0 rgba(0,0,0,0.15); margin: 1px; max-width: 658px; padding: 0; width: calc(100% - 2px);\" data-instgrm-captioned=\"\" data-instgrm-version=\"7\">\n<div style=\"padding: 8px;\">\n<div style=\"background: #F8F8F8; line-height: 0; margin-top: 40px; padding: 50.0% 0; text-align: center; width: 100%;\"><\/div>\n<p style=\"margin: 8px 0 0 0; padding: 0 4px;\"><a style=\"color: #000; font-family: Arial,sans-serif; font-size: 14px; font-style: normal; font-weight: normal; line-height: 17px; text-decoration: none; word-wrap: break-word;\" href=\"https:\/\/www.instagram.com\/p\/BQ2FPxJAnBG\/\" target=\"_blank\">Dzi\u015b najwa\u017cniejszy dzie\u0144 w roku &#8211; T\u0141USTY CZWARTEK! ??? Dziewczyny, ile p\u0105czk\u00f3w macie w planach zje\u015b\u0107? ???? Bijemy rekord! \u2764 #t\u0142ustyczwartek #bestdayoftheyear #donuts #sweets #outfitoftheday #regram #repost #cute #luty #zima #poniedzia\u0142ek #2017 #weekend #polishgirl #fashion #shoes #shoesoftheday #weloveshoes #deezee #deezeepl #deezee_shoes #deezeelook<\/a><\/p>\n<p style=\"color: #c9c8cd; font-family: Arial,sans-serif; font-size: 14px; line-height: 17px; margin-bottom: 0; margin-top: 8px; overflow: hidden; padding: 8px 0 7px; text-align: center; text-overflow: ellipsis; white-space: nowrap;\">Post udost\u0119pniony przez DeeZee Shoes (@deezee_shoes) <time style=\"font-family: Arial,sans-serif; font-size: 14px; line-height: 17px;\" datetime=\"2017-02-23T07:03:23+00:00\">22 Lut, 2017 o 11:03 PST<\/time><\/p>\n<\/div>\n<\/blockquote>\n<p><script async defer src=\"\/\/platform.instagram.com\/en_US\/embeds.js\"><\/script><\/p>\n<blockquote class=\"instagram-media\" style=\"background: #FFF; border: 0; border-radius: 3px; box-shadow: 0 0 1px 0 rgba(0,0,0,0.5),0 1px 10px 0 rgba(0,0,0,0.15); margin: 1px; max-width: 658px; padding: 0; width: calc(100% - 2px);\" data-instgrm-captioned=\"\" data-instgrm-version=\"7\">\n<div style=\"padding: 8px;\">\n<div style=\"background: #F8F8F8; line-height: 0; margin-top: 40px; padding: 49.765625% 0; text-align: center; width: 100%;\"><\/div>\n<p style=\"margin: 8px 0 0 0; padding: 0 4px;\"><a style=\"color: #000; font-family: Arial,sans-serif; font-size: 14px; font-style: normal; font-weight: normal; line-height: 17px; text-decoration: none; word-wrap: break-word;\" href=\"https:\/\/www.instagram.com\/p\/BQ2MBq1hMJ8\/\" target=\"_blank\">T\u0142usty czwartek! My dzisiaj nie znamy umiaru. ?? Kt\u00f3re nadzienie lubicie najbardziej? ? ?@thetiafox<\/a><\/p>\n<p style=\"color: #c9c8cd; font-family: Arial,sans-serif; font-size: 14px; line-height: 17px; margin-bottom: 0; margin-top: 8px; overflow: hidden; padding: 8px 0 7px; text-align: center; text-overflow: ellipsis; white-space: nowrap;\">Post udost\u0119pniony przez glamourpoland (@glamourpoland) <time style=\"font-family: Arial,sans-serif; font-size: 14px; line-height: 17px;\" datetime=\"2017-02-23T08:02:38+00:00\">23 Lut, 2017 o 12:02 PST<\/time><\/p>\n<\/div>\n<\/blockquote>\n<p><script async defer src=\"\/\/platform.instagram.com\/en_US\/embeds.js\"><\/script><\/p>\n<blockquote class=\"instagram-media\" style=\"background: #FFF; border: 0; border-radius: 3px; box-shadow: 0 0 1px 0 rgba(0,0,0,0.5),0 1px 10px 0 rgba(0,0,0,0.15); margin: 1px; max-width: 658px; padding: 0; width: calc(100% - 2px);\" data-instgrm-captioned=\"\" data-instgrm-version=\"7\">\n<div style=\"padding: 8px;\">\n<div style=\"background: #F8F8F8; line-height: 0; margin-top: 40px; padding: 50.0% 0; text-align: center; width: 100%;\"><\/div>\n<p style=\"margin: 8px 0 0 0; padding: 0 4px;\"><a style=\"color: #000; font-family: Arial,sans-serif; font-size: 14px; font-style: normal; font-weight: normal; line-height: 17px; text-decoration: none; word-wrap: break-word;\" href=\"https:\/\/www.instagram.com\/p\/BQ2j8JbFrB9\/\" target=\"_blank\">Dzi\u015b jeden z naszych ulubionych dni w roku! ? @ubereats dowozi p\u0105czki z @ablikle, a nam niespodziank\u0119 sprawi\u0142a tak\u017ce @pakamera ? Ile ju\u017c zjedli\u015bcie? ? #tlustyczwartek #paczki #donuts #yumny #foodporn #sweets #ubereats #ablikle #pakamera #harpersbazaar #harpersbazaarpolska<\/a><\/p>\n<p style=\"color: #c9c8cd; font-family: Arial,sans-serif; font-size: 14px; line-height: 17px; margin-bottom: 0; margin-top: 8px; overflow: hidden; padding: 8px 0 7px; text-align: center; text-overflow: ellipsis; white-space: nowrap;\">Post udost\u0119pniony przez Harper&#8217;s Bazaar Polska (@harpersbazaarpolska) <time style=\"font-family: Arial,sans-serif; font-size: 14px; line-height: 17px;\" datetime=\"2017-02-23T11:31:35+00:00\">23 Lut, 2017 o 3:31 PST<\/time><\/p>\n<\/div>\n<\/blockquote>\n<p><script async defer src=\"\/\/platform.instagram.com\/en_US\/embeds.js\"><\/script><\/p>\n<p>No i absolutny faworyt na koniec:<\/p>\n<blockquote class=\"instagram-media\" style=\"background: #FFF; border: 0; border-radius: 3px; box-shadow: 0 0 1px 0 rgba(0,0,0,0.5),0 1px 10px 0 rgba(0,0,0,0.15); margin: 1px; max-width: 658px; padding: 0; width: calc(100% - 2px);\" data-instgrm-captioned=\"\" data-instgrm-version=\"7\">\n<div style=\"padding: 8px;\">\n<div style=\"background: #F8F8F8; line-height: 0; margin-top: 40px; padding: 50.0% 0; text-align: center; width: 100%;\"><\/div>\n<p style=\"margin: 8px 0 0 0; padding: 0 4px;\"><a style=\"color: #000; font-family: Arial,sans-serif; font-size: 14px; font-style: normal; font-weight: normal; line-height: 17px; text-decoration: none; word-wrap: break-word;\" href=\"https:\/\/www.instagram.com\/p\/BQ2OyyeAE41\/\" target=\"_blank\">Czwartek czwarteczek czwartunio ? #patrz#na#p\u0105czki #t\u0142usty#czwartek #t\u0142ustyczwartek #tlustyczwartek #foto#nie#nasze #repost #ale#smaczne #p\u00f3jdzie#w#cycki #ckm<\/a><\/p>\n<p style=\"color: #c9c8cd; font-family: Arial,sans-serif; font-size: 14px; line-height: 17px; margin-bottom: 0; margin-top: 8px; overflow: hidden; padding: 8px 0 7px; text-align: center; text-overflow: ellipsis; white-space: nowrap;\">Post udost\u0119pniony przez CKM (@ckmpolska) <time style=\"font-family: Arial,sans-serif; font-size: 14px; line-height: 17px;\" datetime=\"2017-02-23T08:26:48+00:00\">23 Lut, 2017 o 12:26 PST<\/time><\/p>\n<\/div>\n<\/blockquote>\n<p><script async defer src=\"\/\/platform.instagram.com\/en_US\/embeds.js\"><\/script><\/p>\n<p>Teraz pozostaje jedynie kupi\u0107 karnet na si\u0142owni\u0119&#8230;<\/p>\n<h2><span style=\"font-weight: bold;\">Zg\u0142o\u015b profil do Instagram Trends!<\/span><\/h2>\n<p>Ca\u0142y czas dodajemy nowe kategorie i profile do naszego raportu. Je\u015bli znacie profile, kt\u00f3re powinny znale\u017a\u0107 si\u0119 w Instagram Trends, wype\u0142nijcie <span style=\"font-weight: bold; text-decoration: underline;\"><a href=\"https:\/\/www.sotrender.pl\/trends\/apply-page\">ten formularz<\/a><\/span>\u00a0lub napiszcie na adres <span style=\"font-weight: bold; text-decoration: underline;\">trends@sotrender.com<\/span>.<\/p>\n<h2 style=\"text-align: center;\"><a href=\"https:\/\/www.sotrender.com\/blog\/wp-content\/uploads\/2017\/03\/instagram_trends_201702_hl2.pdf\"><span style=\"font-weight: bold;\">Pobierz raport Instagram Trends luty 2017!<\/span><\/a><\/h2>\n<div class=\"shortcode trial\"><h4><span>Get to know more about your social media presence - start a free trial!<\/span><a title=\"Learn more\" class=\"btn\" href=\"https:\/\/app.sotrender.com\/auth\/signup\/trial\/pl?utm_source=blog-cta-legacy\">Learn more<\/a><\/h4><\/div>\n","protected":false},"excerpt":{"rendered":"<p>Pocz\u0105tek marca niechybnie zwiastuje koniec zimy &#8211; dni staj\u0105 si\u0119 coraz d\u0142u\u017csze, rano mamy wi\u0119ksz\u0105 ch\u0119\u0107 by wsta\u0107 i\u2026 coraz mniej czasu sp\u0119dzamy w mediach spo\u0142eczno\u015bciowych, korzystaj\u0105c z pierwszych promieni s\u0142onecznych. Da si\u0119 to zauwa\u017cy\u0107 przyk\u0142adowo na Instagramie, na kt\u00f3rym profile publikowa\u0142y mniej post\u00f3w ni\u017c w poprzednim miesi\u0105cu, a u\u017cytkownicy mniej ch\u0119tnie zaznaczali przy nich [&hellip;]<\/p>\n","protected":false},"author":81,"featured_media":25589,"comment_status":"open","ping_status":"open","sticky":false,"template":"","format":"standard","meta":{"inline_featured_image":false,"footnotes":""},"categories":[1791,1803,2125],"tags":[2073],"yoast_head":"<!-- This site is optimized with the Yoast SEO plugin v22.4 - https:\/\/yoast.com\/wordpress\/plugins\/seo\/ -->\n<title>Instagram Trends luty 2017 - czyli co \u0142\u0105czy serca i p\u0105czki (pr\u00f3cz cholesterolu) \u2013 Sotrender Blog \u2013 Analyze, Benchmark &amp; Report Your Social Media Performance<\/title>\n<meta name=\"description\" content=\"Pocz\u0105tek marca niechybnie zwiastuje koniec zimy - dni staj\u0105 si\u0119 coraz d\u0142u\u017csze, rano mamy wi\u0119ksz\u0105 ch\u0119\u0107 by wsta\u0107 i\u2026 coraz mniej czasu sp\u0119dzamy w mediach Social Media Marketing &amp; Analytics Blog.\" \/>\n<meta name=\"robots\" content=\"index, follow, max-snippet:-1, max-image-preview:large, max-video-preview:-1\" \/>\n<link rel=\"canonical\" href=\"https:\/\/www.sotrender.com\/blog\/pl\/2017\/03\/instagram-trends-luty-2017-czyli-co-laczy-serca-paczki-procz-cholesterolu\/\" \/>\n<meta property=\"og:locale\" content=\"pl_PL\" \/>\n<meta property=\"og:type\" content=\"article\" \/>\n<meta property=\"og:title\" content=\"Instagram Trends luty 2017 - czyli co \u0142\u0105czy serca i p\u0105czki (pr\u00f3cz cholesterolu) \u2013 Sotrender Blog \u2013 Analyze, Benchmark &amp; Report Your Social Media Performance\" \/>\n<meta property=\"og:description\" content=\"Pocz\u0105tek marca niechybnie zwiastuje koniec zimy - dni staj\u0105 si\u0119 coraz d\u0142u\u017csze, rano mamy wi\u0119ksz\u0105 ch\u0119\u0107 by wsta\u0107 i\u2026 coraz mniej czasu sp\u0119dzamy w mediach Social Media Marketing &amp; Analytics Blog.\" \/>\n<meta property=\"og:url\" content=\"https:\/\/www.sotrender.com\/blog\/pl\/2017\/03\/instagram-trends-luty-2017-czyli-co-laczy-serca-paczki-procz-cholesterolu\/\" \/>\n<meta property=\"og:site_name\" content=\"Sotrender Blog\" \/>\n<meta property=\"article:publisher\" content=\"https:\/\/www.facebook.com\/Sotrender\" \/>\n<meta property=\"article:published_time\" content=\"2017-03-03T09:31:00+00:00\" \/>\n<meta property=\"article:modified_time\" content=\"2017-03-03T09:45:35+00:00\" \/>\n<meta property=\"og:image\" content=\"https:\/\/www.sotrender.com\/blog\/wp-content\/uploads\/2017\/03\/loving-couple-loving-loved.jpg\" \/>\n\t<meta property=\"og:image:width\" content=\"1600\" \/>\n\t<meta property=\"og:image:height\" content=\"1066\" \/>\n\t<meta property=\"og:image:type\" content=\"image\/jpeg\" \/>\n<meta name=\"author\" content=\"Magdalena Poprawa\" \/>\n<meta name=\"twitter:card\" content=\"summary_large_image\" \/>\n<meta name=\"twitter:creator\" content=\"@Sotrender\" \/>\n<meta name=\"twitter:site\" content=\"@Sotrender\" \/>\n<meta name=\"twitter:label1\" content=\"Written by\" \/>\n\t<meta name=\"twitter:data1\" content=\"Magdalena Poprawa\" \/>\n\t<meta name=\"twitter:label2\" content=\"Est. reading time\" \/>\n\t<meta name=\"twitter:data2\" content=\"3 minutes\" \/>\n<script type=\"application\/ld+json\" class=\"yoast-schema-graph\">{\"@context\":\"https:\/\/schema.org\",\"@graph\":[{\"@type\":\"WebPage\",\"@id\":\"https:\/\/www.sotrender.com\/blog\/pl\/2017\/03\/instagram-trends-luty-2017-czyli-co-laczy-serca-paczki-procz-cholesterolu\/\",\"url\":\"https:\/\/www.sotrender.com\/blog\/pl\/2017\/03\/instagram-trends-luty-2017-czyli-co-laczy-serca-paczki-procz-cholesterolu\/\",\"name\":\"Instagram Trends luty 2017 - czyli co \u0142\u0105czy serca i p\u0105czki (pr\u00f3cz cholesterolu) \u2013 Sotrender Blog \u2013 Analyze, Benchmark & Report Your Social Media Performance\",\"isPartOf\":{\"@id\":\"https:\/\/www.sotrender.com\/blog\/#website\"},\"primaryImageOfPage\":{\"@id\":\"https:\/\/www.sotrender.com\/blog\/pl\/2017\/03\/instagram-trends-luty-2017-czyli-co-laczy-serca-paczki-procz-cholesterolu\/#primaryimage\"},\"image\":{\"@id\":\"https:\/\/www.sotrender.com\/blog\/pl\/2017\/03\/instagram-trends-luty-2017-czyli-co-laczy-serca-paczki-procz-cholesterolu\/#primaryimage\"},\"thumbnailUrl\":\"https:\/\/www.sotrender.com\/blog\/wp-content\/uploads\/2017\/03\/loving-couple-loving-loved.jpg\",\"datePublished\":\"2017-03-03T09:31:00+00:00\",\"dateModified\":\"2017-03-03T09:45:35+00:00\",\"author\":{\"@id\":\"https:\/\/www.sotrender.com\/blog\/#\/schema\/person\/3642b75ae753959d5bce64ad7514d143\"},\"description\":\"Pocz\u0105tek marca niechybnie zwiastuje koniec zimy - dni staj\u0105 si\u0119 coraz d\u0142u\u017csze, rano mamy wi\u0119ksz\u0105 ch\u0119\u0107 by wsta\u0107 i\u2026 coraz mniej czasu sp\u0119dzamy w mediach Social Media Marketing & Analytics Blog.\",\"breadcrumb\":{\"@id\":\"https:\/\/www.sotrender.com\/blog\/pl\/2017\/03\/instagram-trends-luty-2017-czyli-co-laczy-serca-paczki-procz-cholesterolu\/#breadcrumb\"},\"inLanguage\":\"pl-PL\",\"potentialAction\":[{\"@type\":\"ReadAction\",\"target\":[\"https:\/\/www.sotrender.com\/blog\/pl\/2017\/03\/instagram-trends-luty-2017-czyli-co-laczy-serca-paczki-procz-cholesterolu\/\"]}]},{\"@type\":\"ImageObject\",\"inLanguage\":\"pl-PL\",\"@id\":\"https:\/\/www.sotrender.com\/blog\/pl\/2017\/03\/instagram-trends-luty-2017-czyli-co-laczy-serca-paczki-procz-cholesterolu\/#primaryimage\",\"url\":\"https:\/\/www.sotrender.com\/blog\/wp-content\/uploads\/2017\/03\/loving-couple-loving-loved.jpg\",\"contentUrl\":\"https:\/\/www.sotrender.com\/blog\/wp-content\/uploads\/2017\/03\/loving-couple-loving-loved.jpg\",\"width\":1600,\"height\":1066,\"caption\":\"instagram trends luty 2017\"},{\"@type\":\"BreadcrumbList\",\"@id\":\"https:\/\/www.sotrender.com\/blog\/pl\/2017\/03\/instagram-trends-luty-2017-czyli-co-laczy-serca-paczki-procz-cholesterolu\/#breadcrumb\",\"itemListElement\":[{\"@type\":\"ListItem\",\"position\":1,\"name\":\"Home\",\"item\":\"https:\/\/www.sotrender.com\/blog\/\"},{\"@type\":\"ListItem\",\"position\":2,\"name\":\"Instagram Trends luty 2017 &#8211; czyli co \u0142\u0105czy serca i p\u0105czki (pr\u00f3cz cholesterolu)\"}]},{\"@type\":\"WebSite\",\"@id\":\"https:\/\/www.sotrender.com\/blog\/#website\",\"url\":\"https:\/\/www.sotrender.com\/blog\/\",\"name\":\"Sotrender Blog\",\"description\":\"\",\"potentialAction\":[{\"@type\":\"SearchAction\",\"target\":{\"@type\":\"EntryPoint\",\"urlTemplate\":\"https:\/\/www.sotrender.com\/blog\/?s={search_term_string}\"},\"query-input\":\"required name=search_term_string\"}],\"inLanguage\":\"pl-PL\"},{\"@type\":\"Person\",\"@id\":\"https:\/\/www.sotrender.com\/blog\/#\/schema\/person\/3642b75ae753959d5bce64ad7514d143\",\"name\":\"Magdalena Poprawa\",\"image\":{\"@type\":\"ImageObject\",\"inLanguage\":\"pl-PL\",\"@id\":\"https:\/\/www.sotrender.com\/blog\/#\/schema\/person\/image\/\",\"url\":\"https:\/\/secure.gravatar.com\/avatar\/95ac3974e8d78e3daf21d769297996a7?s=96&d=mm&r=g\",\"contentUrl\":\"https:\/\/secure.gravatar.com\/avatar\/95ac3974e8d78e3daf21d769297996a7?s=96&d=mm&r=g\",\"caption\":\"Magdalena Poprawa\"},\"description\":\"Law and communication design student, social media law freak and coffee lover.\",\"url\":\"https:\/\/www.sotrender.com\/blog\/pl\/author\/mpoprawa\/\"}]}<\/script>\n<!-- \/ Yoast SEO plugin. -->","yoast_head_json":{"title":"Instagram Trends luty 2017 - czyli co \u0142\u0105czy serca i p\u0105czki (pr\u00f3cz cholesterolu) \u2013 Sotrender Blog \u2013 Analyze, Benchmark & Report Your Social Media Performance","description":"Pocz\u0105tek marca niechybnie zwiastuje koniec zimy - dni staj\u0105 si\u0119 coraz d\u0142u\u017csze, rano mamy wi\u0119ksz\u0105 ch\u0119\u0107 by wsta\u0107 i\u2026 coraz mniej czasu sp\u0119dzamy w mediach Social Media Marketing & Analytics Blog.","robots":{"index":"index","follow":"follow","max-snippet":"max-snippet:-1","max-image-preview":"max-image-preview:large","max-video-preview":"max-video-preview:-1"},"canonical":"https:\/\/www.sotrender.com\/blog\/pl\/2017\/03\/instagram-trends-luty-2017-czyli-co-laczy-serca-paczki-procz-cholesterolu\/","og_locale":"pl_PL","og_type":"article","og_title":"Instagram Trends luty 2017 - czyli co \u0142\u0105czy serca i p\u0105czki (pr\u00f3cz cholesterolu) \u2013 Sotrender Blog \u2013 Analyze, Benchmark & Report Your Social Media Performance","og_description":"Pocz\u0105tek marca niechybnie zwiastuje koniec zimy - dni staj\u0105 si\u0119 coraz d\u0142u\u017csze, rano mamy wi\u0119ksz\u0105 ch\u0119\u0107 by wsta\u0107 i\u2026 coraz mniej czasu sp\u0119dzamy w mediach Social Media Marketing & Analytics Blog.","og_url":"https:\/\/www.sotrender.com\/blog\/pl\/2017\/03\/instagram-trends-luty-2017-czyli-co-laczy-serca-paczki-procz-cholesterolu\/","og_site_name":"Sotrender Blog","article_publisher":"https:\/\/www.facebook.com\/Sotrender","article_published_time":"2017-03-03T09:31:00+00:00","article_modified_time":"2017-03-03T09:45:35+00:00","og_image":[{"width":1600,"height":1066,"url":"https:\/\/www.sotrender.com\/blog\/wp-content\/uploads\/2017\/03\/loving-couple-loving-loved.jpg","type":"image\/jpeg"}],"author":"Magdalena Poprawa","twitter_card":"summary_large_image","twitter_creator":"@Sotrender","twitter_site":"@Sotrender","twitter_misc":{"Written by":"Magdalena Poprawa","Est. reading time":"3 minutes"},"schema":{"@context":"https:\/\/schema.org","@graph":[{"@type":"WebPage","@id":"https:\/\/www.sotrender.com\/blog\/pl\/2017\/03\/instagram-trends-luty-2017-czyli-co-laczy-serca-paczki-procz-cholesterolu\/","url":"https:\/\/www.sotrender.com\/blog\/pl\/2017\/03\/instagram-trends-luty-2017-czyli-co-laczy-serca-paczki-procz-cholesterolu\/","name":"Instagram Trends luty 2017 - czyli co \u0142\u0105czy serca i p\u0105czki (pr\u00f3cz cholesterolu) \u2013 Sotrender Blog \u2013 Analyze, Benchmark & Report Your Social Media Performance","isPartOf":{"@id":"https:\/\/www.sotrender.com\/blog\/#website"},"primaryImageOfPage":{"@id":"https:\/\/www.sotrender.com\/blog\/pl\/2017\/03\/instagram-trends-luty-2017-czyli-co-laczy-serca-paczki-procz-cholesterolu\/#primaryimage"},"image":{"@id":"https:\/\/www.sotrender.com\/blog\/pl\/2017\/03\/instagram-trends-luty-2017-czyli-co-laczy-serca-paczki-procz-cholesterolu\/#primaryimage"},"thumbnailUrl":"https:\/\/www.sotrender.com\/blog\/wp-content\/uploads\/2017\/03\/loving-couple-loving-loved.jpg","datePublished":"2017-03-03T09:31:00+00:00","dateModified":"2017-03-03T09:45:35+00:00","author":{"@id":"https:\/\/www.sotrender.com\/blog\/#\/schema\/person\/3642b75ae753959d5bce64ad7514d143"},"description":"Pocz\u0105tek marca niechybnie zwiastuje koniec zimy - dni staj\u0105 si\u0119 coraz d\u0142u\u017csze, rano mamy wi\u0119ksz\u0105 ch\u0119\u0107 by wsta\u0107 i\u2026 coraz mniej czasu sp\u0119dzamy w mediach Social Media Marketing & Analytics Blog.","breadcrumb":{"@id":"https:\/\/www.sotrender.com\/blog\/pl\/2017\/03\/instagram-trends-luty-2017-czyli-co-laczy-serca-paczki-procz-cholesterolu\/#breadcrumb"},"inLanguage":"pl-PL","potentialAction":[{"@type":"ReadAction","target":["https:\/\/www.sotrender.com\/blog\/pl\/2017\/03\/instagram-trends-luty-2017-czyli-co-laczy-serca-paczki-procz-cholesterolu\/"]}]},{"@type":"ImageObject","inLanguage":"pl-PL","@id":"https:\/\/www.sotrender.com\/blog\/pl\/2017\/03\/instagram-trends-luty-2017-czyli-co-laczy-serca-paczki-procz-cholesterolu\/#primaryimage","url":"https:\/\/www.sotrender.com\/blog\/wp-content\/uploads\/2017\/03\/loving-couple-loving-loved.jpg","contentUrl":"https:\/\/www.sotrender.com\/blog\/wp-content\/uploads\/2017\/03\/loving-couple-loving-loved.jpg","width":1600,"height":1066,"caption":"instagram trends luty 2017"},{"@type":"BreadcrumbList","@id":"https:\/\/www.sotrender.com\/blog\/pl\/2017\/03\/instagram-trends-luty-2017-czyli-co-laczy-serca-paczki-procz-cholesterolu\/#breadcrumb","itemListElement":[{"@type":"ListItem","position":1,"name":"Home","item":"https:\/\/www.sotrender.com\/blog\/"},{"@type":"ListItem","position":2,"name":"Instagram Trends luty 2017 &#8211; czyli co \u0142\u0105czy serca i p\u0105czki (pr\u00f3cz cholesterolu)"}]},{"@type":"WebSite","@id":"https:\/\/www.sotrender.com\/blog\/#website","url":"https:\/\/www.sotrender.com\/blog\/","name":"Sotrender Blog","description":"","potentialAction":[{"@type":"SearchAction","target":{"@type":"EntryPoint","urlTemplate":"https:\/\/www.sotrender.com\/blog\/?s={search_term_string}"},"query-input":"required name=search_term_string"}],"inLanguage":"pl-PL"},{"@type":"Person","@id":"https:\/\/www.sotrender.com\/blog\/#\/schema\/person\/3642b75ae753959d5bce64ad7514d143","name":"Magdalena Poprawa","image":{"@type":"ImageObject","inLanguage":"pl-PL","@id":"https:\/\/www.sotrender.com\/blog\/#\/schema\/person\/image\/","url":"https:\/\/secure.gravatar.com\/avatar\/95ac3974e8d78e3daf21d769297996a7?s=96&d=mm&r=g","contentUrl":"https:\/\/secure.gravatar.com\/avatar\/95ac3974e8d78e3daf21d769297996a7?s=96&d=mm&r=g","caption":"Magdalena Poprawa"},"description":"Law and communication design student, social media law freak and coffee lover.","url":"https:\/\/www.sotrender.com\/blog\/pl\/author\/mpoprawa\/"}]}},"_links":{"self":[{"href":"https:\/\/www.sotrender.com\/blog\/pl\/wp-json\/wp\/v2\/posts\/25581"}],"collection":[{"href":"https:\/\/www.sotrender.com\/blog\/pl\/wp-json\/wp\/v2\/posts"}],"about":[{"href":"https:\/\/www.sotrender.com\/blog\/pl\/wp-json\/wp\/v2\/types\/post"}],"author":[{"embeddable":true,"href":"https:\/\/www.sotrender.com\/blog\/pl\/wp-json\/wp\/v2\/users\/81"}],"replies":[{"embeddable":true,"href":"https:\/\/www.sotrender.com\/blog\/pl\/wp-json\/wp\/v2\/comments?post=25581"}],"version-history":[{"count":5,"href":"https:\/\/www.sotrender.com\/blog\/pl\/wp-json\/wp\/v2\/posts\/25581\/revisions"}],"predecessor-version":[{"id":25597,"href":"https:\/\/www.sotrender.com\/blog\/pl\/wp-json\/wp\/v2\/posts\/25581\/revisions\/25597"}],"wp:featuredmedia":[{"embeddable":true,"href":"https:\/\/www.sotrender.com\/blog\/pl\/wp-json\/wp\/v2\/media\/25589"}],"wp:attachment":[{"href":"https:\/\/www.sotrender.com\/blog\/pl\/wp-json\/wp\/v2\/media?parent=25581"}],"wp:term":[{"taxonomy":"category","embeddable":true,"href":"https:\/\/www.sotrender.com\/blog\/pl\/wp-json\/wp\/v2\/categories?post=25581"},{"taxonomy":"post_tag","embeddable":true,"href":"https:\/\/www.sotrender.com\/blog\/pl\/wp-json\/wp\/v2\/tags?post=25581"}],"curies":[{"name":"wp","href":"https:\/\/api.w.org\/{rel}","templated":true}]}}