{"id":25361,"date":"2017-02-14T13:58:24","date_gmt":"2017-02-14T12:58:24","guid":{"rendered":"https:\/\/www.sotrender.com\/blog\/?p=25361\/"},"modified":"2017-02-15T08:35:11","modified_gmt":"2017-02-15T07:35:11","slug":"fanpage-trends-styczen-2017","status":"publish","type":"post","link":"https:\/\/www.sotrender.com\/blog\/pl\/2017\/02\/fanpage-trends-styczen-2017\/","title":{"rendered":"Fanpage Trends stycze\u0144 2017 &#8211; Du\u017ce zmiany w raportach"},"content":{"rendered":"<p><span style=\"font-weight: 400;\">Wraz z pocz\u0105tkiem nowego roku postanowili\u015bmy od\u015bwie\u017cy\u0107 raporty Trends. W ko\u0144cu wydajemy je ju\u017c ponad pi\u0119\u0107 lat. A to dopiero pocz\u0105tek zmian, kt\u00f3re przygotowujemy. Na razie jednak zajmijmy si\u0119 styczniem. Kto by\u0142 najpopularniejszy? Czy stycze\u0144 2017 (tak jak i inne stycznie) up\u0142yn\u0105\u0142 pod znakiem <strong>WO\u015aP<\/strong>? Dowiecie si\u0119 tego z najnowszego wydania <strong><a href=\"https:\/\/www.sotrender.com\/pl\/trends\/facebook\">Fanpage Trends<\/a><\/strong> przygotowanego przez <a href=\"http:\/\/sotrender.com\/pl\">Sotrender<\/a>!<\/span><!--more--><\/p>\n<h2>Powr\u00f3t Roberta Lewandowskiego do Fanpage Trends<\/h2>\n<div id=\"attachment_25363\" style=\"width: 1024px\" class=\"wp-caption aligncenter\"><img loading=\"lazy\" decoding=\"async\" aria-describedby=\"caption-attachment-25363\" class=\"size-full wp-image-25363\" src=\"https:\/\/www.sotrender.com\/blog\/wp-content\/uploads\/2017\/02\/Najwi\u0119ksze-profile-na-polskim-Facebooku-Fanpage-Trends-stycze\u0144-2017.png\" alt=\"Najwi\u0119ksze profile na polskim Facebooku - Fanpage Trends stycze\u0144 2017\" width=\"1014\" height=\"895\" srcset=\"https:\/\/www.sotrender.com\/blog\/wp-content\/uploads\/2017\/02\/Najwi\u0119ksze-profile-na-polskim-Facebooku-Fanpage-Trends-stycze\u0144-2017.png 1014w, https:\/\/www.sotrender.com\/blog\/wp-content\/uploads\/2017\/02\/Najwi\u0119ksze-profile-na-polskim-Facebooku-Fanpage-Trends-stycze\u0144-2017-475x419.png 475w, https:\/\/www.sotrender.com\/blog\/wp-content\/uploads\/2017\/02\/Najwi\u0119ksze-profile-na-polskim-Facebooku-Fanpage-Trends-stycze\u0144-2017-768x678.png 768w, https:\/\/www.sotrender.com\/blog\/wp-content\/uploads\/2017\/02\/Najwi\u0119ksze-profile-na-polskim-Facebooku-Fanpage-Trends-stycze\u0144-2017-950x839.png 950w, https:\/\/www.sotrender.com\/blog\/wp-content\/uploads\/2017\/02\/Najwi\u0119ksze-profile-na-polskim-Facebooku-Fanpage-Trends-stycze\u0144-2017-600x530.png 600w\" sizes=\"(max-width: 1014px) 100vw, 1014px\" \/><p id=\"caption-attachment-25363\" class=\"wp-caption-text\">Najwi\u0119ksze profile na polskim Facebooku &#8211; Fanpage Trends stycze\u0144 2017<\/p><\/div>\n<p><span style=\"font-weight: 400;\">Tak, jak pisali\u015bmy, czas na zmiany. Najwa\u017cniejsz\u0105 i pierwsz\u0105 z nich jest ta dotycz\u0105ca\u00a0obowi\u0105zuj\u0105cej od trzech lat zasady, \u017ce w raportach pojawiaj\u0105 si\u0119 tylko profile maj\u0105ce wi\u0119cej ni\u017c 50% fan\u00f3w z Polski. Zmienili\u015bmy to kryterium na kryterium j\u0119zyka &#8211; od tej pory profile komunikuj\u0105ce si\u0119 przynajmniej w 10% po polsku, uznajemy za polskie. Najwa\u017cniejsz\u0105 tego konsekwencj\u0105 jest powr\u00f3t pi\u0142karzy wyst\u0119puj\u0105cych w ligach zagranicznych, w tym naszej najwi\u0119kszej gwiazdy, <strong>Roberta Lewandowskiego<\/strong>, kt\u00f3ry do tytu\u0142u najpopularniejszego Polaka na Instagramie, mo\u017ce sobie do\u0142o\u017cy\u0107 tytu\u0142 najpopularniejszego Polaka na Facebooku. W pi\u0119tnastce najwi\u0119kszych profili pojawi\u0142 si\u0119 tak\u017ce <strong>Kuba B\u0142aszczykowski<\/strong> (na drugiej pozycji) oraz <strong>\u0141ukasz Piszczek<\/strong>, zamykaj\u0105cy pierwsz\u0105 dziesi\u0105tk\u0119. Dawna tr\u00f3jka z Dortmundu znowu razem. Jednocze\u015bnie przypominamy, \u017ce w raportach pojawiaj\u0105 si\u0119 jedynie aktywne profile, i dlatego nie dziwcie si\u0119 nieobecno\u015bci\u0105 <strong>Wojciecha Szcz\u0119snego<\/strong>, bramkarz Arsenalu na swoim Facebooku milczy od maja 2016.<\/span><\/p>\n<h2>Nowa kategoria w Fanpage Trends<\/h2>\n<div id=\"attachment_25365\" style=\"width: 1010px\" class=\"wp-caption aligncenter\"><img loading=\"lazy\" decoding=\"async\" aria-describedby=\"caption-attachment-25365\" class=\"size-full wp-image-25365\" src=\"https:\/\/www.sotrender.com\/blog\/wp-content\/uploads\/2017\/02\/FMCG-najwi\u0119ksze-profile-Fanpae-Trends-stycze\u0144-2017.png\" alt=\"Najwi\u0119ksze profile w kategorii FMCG - Fanpage Trends stycze\u0144 2017\" width=\"1000\" height=\"899\" srcset=\"https:\/\/www.sotrender.com\/blog\/wp-content\/uploads\/2017\/02\/FMCG-najwi\u0119ksze-profile-Fanpae-Trends-stycze\u0144-2017.png 1000w, https:\/\/www.sotrender.com\/blog\/wp-content\/uploads\/2017\/02\/FMCG-najwi\u0119ksze-profile-Fanpae-Trends-stycze\u0144-2017-475x427.png 475w, https:\/\/www.sotrender.com\/blog\/wp-content\/uploads\/2017\/02\/FMCG-najwi\u0119ksze-profile-Fanpae-Trends-stycze\u0144-2017-768x690.png 768w, https:\/\/www.sotrender.com\/blog\/wp-content\/uploads\/2017\/02\/FMCG-najwi\u0119ksze-profile-Fanpae-Trends-stycze\u0144-2017-950x854.png 950w, https:\/\/www.sotrender.com\/blog\/wp-content\/uploads\/2017\/02\/FMCG-najwi\u0119ksze-profile-Fanpae-Trends-stycze\u0144-2017-600x539.png 600w\" sizes=\"(max-width: 1000px) 100vw, 1000px\" \/><p id=\"caption-attachment-25365\" class=\"wp-caption-text\">Najwi\u0119ksze profile w kategorii FMCG &#8211; Fanpage Trends stycze\u0144 2017<\/p><\/div>\n<p><span style=\"font-weight: 400;\">Kolejna nowo\u015b\u0107 w raportach to kolejna zbiorcza kategoria &#8211; <strong>FMCG<\/strong>. Najwi\u0119ksz\u0105 stron\u0105 w tej bran\u017cy jest <strong>Tymbark<\/strong>, przed <strong>Coca-Col\u0105<\/strong> i <strong>Ma\u0142ym<\/strong> <strong>G\u0142odem<\/strong>. Najlepiej swoich fan\u00f3w anga\u017cuj\u0105 natomiast <strong>Maybelline New York<\/strong>, <strong>J.A. Baczewski Vodka Monopolowa<\/strong> i <strong>E. Wedel<\/strong>. <\/span><\/p>\n<h2><b>Najszybciej rosn\u0105cy w Fanpage Trends<\/b><\/h2>\n<div id=\"attachment_25367\" style=\"width: 449px\" class=\"wp-caption aligncenter\"><img loading=\"lazy\" decoding=\"async\" aria-describedby=\"caption-attachment-25367\" class=\"size-full wp-image-25367\" src=\"https:\/\/www.sotrender.com\/blog\/wp-content\/uploads\/2017\/02\/Najszybciej-rosn\u0105cy-na-polskim-Facebooku-Fanpage-Trends-stycze\u0144-2017.png\" alt=\"Najszybciej rosn\u0105ce profile na polskim Facebooku - Fanpage Trends stycze\u0144 2017\" width=\"439\" height=\"421\" \/><p id=\"caption-attachment-25367\" class=\"wp-caption-text\">Najszybciej rosn\u0105ce profile na polskim Facebooku &#8211; Fanpage Trends stycze\u0144 2017<\/p><\/div>\n<p><span style=\"font-weight: 400;\">Najszybciej rosn\u0105ce profile to dwa hity stycznia &#8211; <strong>Ucho Prezesa<\/strong> i <strong>San Escobar<\/strong>. Oba praktycznie od zera, zdoby\u0142y setki tysi\u0119cy fan\u00f3w. Nic w tym dziwnego, spraw\u0105 <a href=\"https:\/\/www.sotrender.com\/blog\/2017\/01\/san-escobar-new-country-world-map\/\">San Escobar<\/a> \u017cy\u0142 w grudniu i styczniu ca\u0142y internet, a fenomen Ucha Prezesa ju\u017c dawno wykroczy\u0142 poza YouTube i dotar\u0142 nawet do o\u015brodk\u00f3w w\u0142adzy. <\/span><\/p>\n<h2 style=\"text-align: center;\"><a href=\"https:\/\/www.sotrender.com\/pl\/trends\/facebook\/reports\/201701\">Zapraszamy do lektury najnowszego wydania raportu Fanpage Trends!<\/a><\/h2>\n<div class=\"shortcode trial\"><h4><span>Mierz dzia\u0142ania Twojej firmy na Facebooku!<\/span><a title=\"Wypr\u00f3buj za darmo!\" class=\"btn\" href=\"https:\/\/app.sotrender.com\/auth\/signup\/trial\/pl?utm_source=blog-cta-legacy\">Wypr\u00f3buj za darmo!<\/a><\/h4><\/div>\n","protected":false},"excerpt":{"rendered":"<p>Wraz z pocz\u0105tkiem nowego roku postanowili\u015bmy od\u015bwie\u017cy\u0107 raporty Trends. W ko\u0144cu wydajemy je ju\u017c ponad pi\u0119\u0107 lat. A to dopiero pocz\u0105tek zmian, kt\u00f3re przygotowujemy. Na razie jednak zajmijmy si\u0119 styczniem. Kto by\u0142 najpopularniejszy? Czy stycze\u0144 2017 (tak jak i inne stycznie) up\u0142yn\u0105\u0142 pod znakiem WO\u015aP? Dowiecie si\u0119 tego z najnowszego wydania Fanpage Trends przygotowanego przez [&hellip;]<\/p>\n","protected":false},"author":49,"featured_media":25115,"comment_status":"open","ping_status":"open","sticky":false,"template":"","format":"standard","meta":{"inline_featured_image":false,"footnotes":""},"categories":[1791,1797,2125],"tags":[17,31,705,1843],"yoast_head":"<!-- This site is optimized with the Yoast SEO plugin v22.4 - https:\/\/yoast.com\/wordpress\/plugins\/seo\/ -->\n<title>Fanpage Trends stycze\u0144 2017 - Du\u017co zmian w raportach<\/title>\n<meta name=\"description\" content=\"Co dzia\u0142o si\u0119 w styczniu na Facebooku? Dowiecie si\u0119 tego z najnowszego wydania raportu Fanpage Trends przygotowanego przez Sotrender!\" \/>\n<meta name=\"robots\" content=\"index, follow, max-snippet:-1, max-image-preview:large, max-video-preview:-1\" \/>\n<link rel=\"canonical\" href=\"https:\/\/www.sotrender.com\/blog\/pl\/2017\/02\/fanpage-trends-styczen-2017\/\" \/>\n<meta property=\"og:locale\" content=\"pl_PL\" \/>\n<meta property=\"og:type\" content=\"article\" \/>\n<meta property=\"og:title\" content=\"Fanpage Trends stycze\u0144 2017 - Du\u017co zmian w raportach\" \/>\n<meta property=\"og:description\" content=\"Co dzia\u0142o si\u0119 w styczniu na Facebooku? Dowiecie si\u0119 tego z najnowszego wydania raportu Fanpage Trends przygotowanego przez Sotrender!\" \/>\n<meta property=\"og:url\" content=\"https:\/\/www.sotrender.com\/blog\/pl\/2017\/02\/fanpage-trends-styczen-2017\/\" \/>\n<meta property=\"og:site_name\" content=\"Sotrender Blog\" \/>\n<meta property=\"article:publisher\" content=\"https:\/\/www.facebook.com\/Sotrender\" \/>\n<meta property=\"article:published_time\" content=\"2017-02-14T12:58:24+00:00\" \/>\n<meta property=\"article:modified_time\" content=\"2017-02-15T07:35:11+00:00\" \/>\n<meta property=\"og:image\" content=\"https:\/\/www.sotrender.com\/blog\/wp-content\/uploads\/2017\/02\/dreamstime_m_36501037-950x633.jpg\" \/>\n\t<meta property=\"og:image:width\" content=\"950\" \/>\n\t<meta property=\"og:image:height\" content=\"633\" \/>\n\t<meta property=\"og:image:type\" content=\"image\/jpeg\" \/>\n<meta name=\"author\" content=\"Micha\u0142 Wieczorek\" \/>\n<meta name=\"twitter:card\" content=\"summary_large_image\" \/>\n<meta name=\"twitter:creator\" content=\"@http:\/\/twitter.com\/eveningo\" \/>\n<meta name=\"twitter:site\" content=\"@Sotrender\" \/>\n<meta name=\"twitter:label1\" content=\"Written by\" \/>\n\t<meta name=\"twitter:data1\" content=\"Micha\u0142 Wieczorek\" \/>\n\t<meta name=\"twitter:label2\" content=\"Est. reading time\" \/>\n\t<meta name=\"twitter:data2\" content=\"2 minutes\" \/>\n<script type=\"application\/ld+json\" class=\"yoast-schema-graph\">{\"@context\":\"https:\/\/schema.org\",\"@graph\":[{\"@type\":\"WebPage\",\"@id\":\"https:\/\/www.sotrender.com\/blog\/pl\/2017\/02\/fanpage-trends-styczen-2017\/\",\"url\":\"https:\/\/www.sotrender.com\/blog\/pl\/2017\/02\/fanpage-trends-styczen-2017\/\",\"name\":\"Fanpage Trends stycze\u0144 2017 - Du\u017co zmian w raportach\",\"isPartOf\":{\"@id\":\"https:\/\/www.sotrender.com\/blog\/#website\"},\"primaryImageOfPage\":{\"@id\":\"https:\/\/www.sotrender.com\/blog\/pl\/2017\/02\/fanpage-trends-styczen-2017\/#primaryimage\"},\"image\":{\"@id\":\"https:\/\/www.sotrender.com\/blog\/pl\/2017\/02\/fanpage-trends-styczen-2017\/#primaryimage\"},\"thumbnailUrl\":\"https:\/\/www.sotrender.com\/blog\/wp-content\/uploads\/2017\/02\/dreamstime_m_36501037.jpg\",\"datePublished\":\"2017-02-14T12:58:24+00:00\",\"dateModified\":\"2017-02-15T07:35:11+00:00\",\"author\":{\"@id\":\"https:\/\/www.sotrender.com\/blog\/#\/schema\/person\/48ed6f8ff39863778de8dd32f58467f5\"},\"description\":\"Co dzia\u0142o si\u0119 w styczniu na Facebooku? Dowiecie si\u0119 tego z najnowszego wydania raportu Fanpage Trends przygotowanego przez Sotrender!\",\"breadcrumb\":{\"@id\":\"https:\/\/www.sotrender.com\/blog\/pl\/2017\/02\/fanpage-trends-styczen-2017\/#breadcrumb\"},\"inLanguage\":\"pl-PL\",\"potentialAction\":[{\"@type\":\"ReadAction\",\"target\":[\"https:\/\/www.sotrender.com\/blog\/pl\/2017\/02\/fanpage-trends-styczen-2017\/\"]}]},{\"@type\":\"ImageObject\",\"inLanguage\":\"pl-PL\",\"@id\":\"https:\/\/www.sotrender.com\/blog\/pl\/2017\/02\/fanpage-trends-styczen-2017\/#primaryimage\",\"url\":\"https:\/\/www.sotrender.com\/blog\/wp-content\/uploads\/2017\/02\/dreamstime_m_36501037.jpg\",\"contentUrl\":\"https:\/\/www.sotrender.com\/blog\/wp-content\/uploads\/2017\/02\/dreamstime_m_36501037.jpg\",\"width\":2121,\"height\":1414},{\"@type\":\"BreadcrumbList\",\"@id\":\"https:\/\/www.sotrender.com\/blog\/pl\/2017\/02\/fanpage-trends-styczen-2017\/#breadcrumb\",\"itemListElement\":[{\"@type\":\"ListItem\",\"position\":1,\"name\":\"Home\",\"item\":\"https:\/\/www.sotrender.com\/blog\/\"},{\"@type\":\"ListItem\",\"position\":2,\"name\":\"Fanpage Trends stycze\u0144 2017 &#8211; Du\u017ce zmiany w raportach\"}]},{\"@type\":\"WebSite\",\"@id\":\"https:\/\/www.sotrender.com\/blog\/#website\",\"url\":\"https:\/\/www.sotrender.com\/blog\/\",\"name\":\"Sotrender Blog\",\"description\":\"\",\"potentialAction\":[{\"@type\":\"SearchAction\",\"target\":{\"@type\":\"EntryPoint\",\"urlTemplate\":\"https:\/\/www.sotrender.com\/blog\/?s={search_term_string}\"},\"query-input\":\"required name=search_term_string\"}],\"inLanguage\":\"pl-PL\"},{\"@type\":\"Person\",\"@id\":\"https:\/\/www.sotrender.com\/blog\/#\/schema\/person\/48ed6f8ff39863778de8dd32f58467f5\",\"name\":\"Micha\u0142 Wieczorek\",\"image\":{\"@type\":\"ImageObject\",\"inLanguage\":\"pl-PL\",\"@id\":\"https:\/\/www.sotrender.com\/blog\/#\/schema\/person\/image\/\",\"url\":\"https:\/\/secure.gravatar.com\/avatar\/65ceb2020aa2338488b9c5f33c10137f?s=96&d=mm&r=g\",\"contentUrl\":\"https:\/\/secure.gravatar.com\/avatar\/65ceb2020aa2338488b9c5f33c10137f?s=96&d=mm&r=g\",\"caption\":\"Micha\u0142 Wieczorek\"},\"description\":\"Baltic linguist, marketer, and music journalist in his free time. A big fan of good food and even better music.\",\"sameAs\":[\"https:\/\/www.linkedin.com\/in\/michaldwieczorek\",\"https:\/\/twitter.com\/http:\/\/twitter.com\/eveningo\"],\"url\":\"https:\/\/www.sotrender.com\/blog\/pl\/author\/micha_wieczorek\/\"}]}<\/script>\n<!-- \/ Yoast SEO plugin. -->","yoast_head_json":{"title":"Fanpage Trends stycze\u0144 2017 - Du\u017co zmian w raportach","description":"Co dzia\u0142o si\u0119 w styczniu na Facebooku? Dowiecie si\u0119 tego z najnowszego wydania raportu Fanpage Trends przygotowanego przez Sotrender!","robots":{"index":"index","follow":"follow","max-snippet":"max-snippet:-1","max-image-preview":"max-image-preview:large","max-video-preview":"max-video-preview:-1"},"canonical":"https:\/\/www.sotrender.com\/blog\/pl\/2017\/02\/fanpage-trends-styczen-2017\/","og_locale":"pl_PL","og_type":"article","og_title":"Fanpage Trends stycze\u0144 2017 - Du\u017co zmian w raportach","og_description":"Co dzia\u0142o si\u0119 w styczniu na Facebooku? Dowiecie si\u0119 tego z najnowszego wydania raportu Fanpage Trends przygotowanego przez Sotrender!","og_url":"https:\/\/www.sotrender.com\/blog\/pl\/2017\/02\/fanpage-trends-styczen-2017\/","og_site_name":"Sotrender Blog","article_publisher":"https:\/\/www.facebook.com\/Sotrender","article_published_time":"2017-02-14T12:58:24+00:00","article_modified_time":"2017-02-15T07:35:11+00:00","og_image":[{"width":950,"height":633,"url":"https:\/\/www.sotrender.com\/blog\/wp-content\/uploads\/2017\/02\/dreamstime_m_36501037-950x633.jpg","type":"image\/jpeg"}],"author":"Micha\u0142 Wieczorek","twitter_card":"summary_large_image","twitter_creator":"@http:\/\/twitter.com\/eveningo","twitter_site":"@Sotrender","twitter_misc":{"Written by":"Micha\u0142 Wieczorek","Est. reading time":"2 minutes"},"schema":{"@context":"https:\/\/schema.org","@graph":[{"@type":"WebPage","@id":"https:\/\/www.sotrender.com\/blog\/pl\/2017\/02\/fanpage-trends-styczen-2017\/","url":"https:\/\/www.sotrender.com\/blog\/pl\/2017\/02\/fanpage-trends-styczen-2017\/","name":"Fanpage Trends stycze\u0144 2017 - Du\u017co zmian w raportach","isPartOf":{"@id":"https:\/\/www.sotrender.com\/blog\/#website"},"primaryImageOfPage":{"@id":"https:\/\/www.sotrender.com\/blog\/pl\/2017\/02\/fanpage-trends-styczen-2017\/#primaryimage"},"image":{"@id":"https:\/\/www.sotrender.com\/blog\/pl\/2017\/02\/fanpage-trends-styczen-2017\/#primaryimage"},"thumbnailUrl":"https:\/\/www.sotrender.com\/blog\/wp-content\/uploads\/2017\/02\/dreamstime_m_36501037.jpg","datePublished":"2017-02-14T12:58:24+00:00","dateModified":"2017-02-15T07:35:11+00:00","author":{"@id":"https:\/\/www.sotrender.com\/blog\/#\/schema\/person\/48ed6f8ff39863778de8dd32f58467f5"},"description":"Co dzia\u0142o si\u0119 w styczniu na Facebooku? Dowiecie si\u0119 tego z najnowszego wydania raportu Fanpage Trends przygotowanego przez Sotrender!","breadcrumb":{"@id":"https:\/\/www.sotrender.com\/blog\/pl\/2017\/02\/fanpage-trends-styczen-2017\/#breadcrumb"},"inLanguage":"pl-PL","potentialAction":[{"@type":"ReadAction","target":["https:\/\/www.sotrender.com\/blog\/pl\/2017\/02\/fanpage-trends-styczen-2017\/"]}]},{"@type":"ImageObject","inLanguage":"pl-PL","@id":"https:\/\/www.sotrender.com\/blog\/pl\/2017\/02\/fanpage-trends-styczen-2017\/#primaryimage","url":"https:\/\/www.sotrender.com\/blog\/wp-content\/uploads\/2017\/02\/dreamstime_m_36501037.jpg","contentUrl":"https:\/\/www.sotrender.com\/blog\/wp-content\/uploads\/2017\/02\/dreamstime_m_36501037.jpg","width":2121,"height":1414},{"@type":"BreadcrumbList","@id":"https:\/\/www.sotrender.com\/blog\/pl\/2017\/02\/fanpage-trends-styczen-2017\/#breadcrumb","itemListElement":[{"@type":"ListItem","position":1,"name":"Home","item":"https:\/\/www.sotrender.com\/blog\/"},{"@type":"ListItem","position":2,"name":"Fanpage Trends stycze\u0144 2017 &#8211; Du\u017ce zmiany w raportach"}]},{"@type":"WebSite","@id":"https:\/\/www.sotrender.com\/blog\/#website","url":"https:\/\/www.sotrender.com\/blog\/","name":"Sotrender Blog","description":"","potentialAction":[{"@type":"SearchAction","target":{"@type":"EntryPoint","urlTemplate":"https:\/\/www.sotrender.com\/blog\/?s={search_term_string}"},"query-input":"required name=search_term_string"}],"inLanguage":"pl-PL"},{"@type":"Person","@id":"https:\/\/www.sotrender.com\/blog\/#\/schema\/person\/48ed6f8ff39863778de8dd32f58467f5","name":"Micha\u0142 Wieczorek","image":{"@type":"ImageObject","inLanguage":"pl-PL","@id":"https:\/\/www.sotrender.com\/blog\/#\/schema\/person\/image\/","url":"https:\/\/secure.gravatar.com\/avatar\/65ceb2020aa2338488b9c5f33c10137f?s=96&d=mm&r=g","contentUrl":"https:\/\/secure.gravatar.com\/avatar\/65ceb2020aa2338488b9c5f33c10137f?s=96&d=mm&r=g","caption":"Micha\u0142 Wieczorek"},"description":"Baltic linguist, marketer, and music journalist in his free time. A big fan of good food and even better music.","sameAs":["https:\/\/www.linkedin.com\/in\/michaldwieczorek","https:\/\/twitter.com\/http:\/\/twitter.com\/eveningo"],"url":"https:\/\/www.sotrender.com\/blog\/pl\/author\/micha_wieczorek\/"}]}},"_links":{"self":[{"href":"https:\/\/www.sotrender.com\/blog\/pl\/wp-json\/wp\/v2\/posts\/25361"}],"collection":[{"href":"https:\/\/www.sotrender.com\/blog\/pl\/wp-json\/wp\/v2\/posts"}],"about":[{"href":"https:\/\/www.sotrender.com\/blog\/pl\/wp-json\/wp\/v2\/types\/post"}],"author":[{"embeddable":true,"href":"https:\/\/www.sotrender.com\/blog\/pl\/wp-json\/wp\/v2\/users\/49"}],"replies":[{"embeddable":true,"href":"https:\/\/www.sotrender.com\/blog\/pl\/wp-json\/wp\/v2\/comments?post=25361"}],"version-history":[{"count":5,"href":"https:\/\/www.sotrender.com\/blog\/pl\/wp-json\/wp\/v2\/posts\/25361\/revisions"}],"predecessor-version":[{"id":25381,"href":"https:\/\/www.sotrender.com\/blog\/pl\/wp-json\/wp\/v2\/posts\/25361\/revisions\/25381"}],"wp:featuredmedia":[{"embeddable":true,"href":"https:\/\/www.sotrender.com\/blog\/pl\/wp-json\/wp\/v2\/media\/25115"}],"wp:attachment":[{"href":"https:\/\/www.sotrender.com\/blog\/pl\/wp-json\/wp\/v2\/media?parent=25361"}],"wp:term":[{"taxonomy":"category","embeddable":true,"href":"https:\/\/www.sotrender.com\/blog\/pl\/wp-json\/wp\/v2\/categories?post=25361"},{"taxonomy":"post_tag","embeddable":true,"href":"https:\/\/www.sotrender.com\/blog\/pl\/wp-json\/wp\/v2\/tags?post=25361"}],"curies":[{"name":"wp","href":"https:\/\/api.w.org\/{rel}","templated":true}]}}