{"id":25005,"date":"2017-01-31T15:48:51","date_gmt":"2017-01-31T14:48:51","guid":{"rendered":"https:\/\/www.sotrender.com\/blog\/?p=25005\/"},"modified":"2017-04-19T12:34:18","modified_gmt":"2017-04-19T10:34:18","slug":"facebook-w-polsce-podsumowanie-2016-r-infografika","status":"publish","type":"post","link":"https:\/\/www.sotrender.com\/blog\/pl\/2017\/01\/facebook-w-polsce-podsumowanie-2016-r-infografika\/","title":{"rendered":"Facebook w Polsce \u2013 podsumowanie 2016 r. [INFOGRAFIKA]"},"content":{"rendered":"<p>Co jaki\u015b czas s\u0142ycha\u0107 kolejne przepowiednie, \u017ce czas Facebooka dobiega w\u0142a\u015bnie ko\u0144ca. Gdy jednak spojrzymy na dane, wida\u0107 trend odwrotny. Na Facebooku nie tylko rejestruje si\u0119 coraz wi\u0119cej u\u017cytkownik\u00f3w &#8211; w Polsce ich liczba zwi\u0119kszy\u0142a si\u0119 o nieca\u0142e dwa miliony &#8211; ale tak\u017ce staje si\u0119 coraz wa\u017cniejszym kana\u0142em reklamowym dla marek. W 2016 roku to w\u0142a\u015bnie ten kana\u0142 by\u0142 <span style=\"text-decoration: underline;\"><a href=\"https:\/\/www.sotrender.com\/blog\/pl\/2016\/06\/pejzaz-wydatkow-reklamowych-polskich-firm-na-facebooku-prezentacja\/\">najszybciej rosn\u0105cym obszarem reklamy w internecie<\/a><\/span>. Jak zatem wygl\u0105da\u0142 Facebook w minionym\u00a0roku w Polsce? Dowiecie si\u0119 tego z naszej infografiki, kt\u00f3r\u0105 przygotowali\u015bmy wsp\u00f3lnie z <a href=\"https:\/\/www.facebook.com\/PanWizualny\/\">Panem Wizualnym<\/a>.<!--more--><\/p>\n<p>Doskonale zdajemy sobie spraw\u0119 ze zmian zachodz\u0105cych na Facebooku i coraz wi\u0119kszej roli zasi\u0119gu p\u0142atnego oraz innych form promocji tre\u015bci i produkt\u00f3w na platformie. Dlatego w ubieg\u0142ym roku <span style=\"text-decoration: underline;\"><a href=\"https:\/\/www.sotrender.com\/blog\/pl\/2016\/11\/facebook-reklama-badanie\/\">ulepszyli\u015bmy badanie p\u0142atnej komunikacji<\/a><\/span>, kt\u00f3re pomo\u017ce oceni\u0107, czy dzia\u0142ania promocyjne s\u0105 dobrze prowadzone oraz sprawdzi\u0107, jak marka wypada na tle konkurencji.<\/p>\n<p>Post\u0119puj\u0105ca profesjonalizacja dzia\u0142a\u0144 na Facebooku nie znaczy, \u017ce nie da si\u0119 ju\u017c prowadzi\u0107 dzia\u0142a\u0144 bez wspomagania si\u0119 p\u0142atn\u0105 promocj\u0105. Dobrze anga\u017cuj\u0105ca tre\u015b\u0107, ma szans\u0119 na stani \u00a0si\u0119 wiralem, tak jak to si\u0119 sta\u0142o na przyk\u0142ad w przypadku analizowanego przez nas <span style=\"text-decoration: underline;\"><a href=\"https:\/\/www.sotrender.com\/blog\/pl\/2016\/09\/rekordowy-post-na-facebooku\/\">posta Damiana Micha\u0142owskiego<\/a>.<\/span><\/p>\n<p><a href=\"https:\/\/www.sotrender.com\/blog\/wp-content\/uploads\/2017\/01\/sotrender_facebook_2017_pl-01-1.png\"><img loading=\"lazy\" decoding=\"async\" class=\"aligncenter wp-image-25033 size-full\" src=\"https:\/\/www.sotrender.com\/blog\/wp-content\/uploads\/2017\/01\/sotrender_facebook_2017_pl-01-1.png\" alt=\"Facebook w Polsce \u2013 podsumowanie 2016-infografika\" width=\"901\" height=\"8228\" srcset=\"https:\/\/www.sotrender.com\/blog\/wp-content\/uploads\/2017\/01\/sotrender_facebook_2017_pl-01-1.png 901w, https:\/\/www.sotrender.com\/blog\/wp-content\/uploads\/2017\/01\/sotrender_facebook_2017_pl-01-1-475x4338.png 475w, https:\/\/www.sotrender.com\/blog\/wp-content\/uploads\/2017\/01\/sotrender_facebook_2017_pl-01-1-768x7013.png 768w, https:\/\/www.sotrender.com\/blog\/wp-content\/uploads\/2017\/01\/sotrender_facebook_2017_pl-01-1-600x5479.png 600w\" sizes=\"(max-width: 901px) 100vw, 901px\" \/><\/a><\/p>\n<div class=\"shortcode trial\"><h4><span>Mierz dzia\u0142ania Twojej firmy na Facebooku!<\/span><a title=\"Wypr\u00f3buj za darmo!\" class=\"btn\" href=\"https:\/\/app.sotrender.com\/auth\/signup\/trial\/pl?utm_source=blog-cta-legacy\">Wypr\u00f3buj za darmo!<\/a><\/h4><\/div>\n<h3 style=\"text-align: center;\"><strong>A co Wy zapami\u0119tacie z 2016? Komentujcie i udost\u0119pniajcie nasz\u0105 infografik\u0119!<\/strong><\/h3>\n<p>&nbsp;<\/p>\n","protected":false},"excerpt":{"rendered":"<p>Co jaki\u015b czas s\u0142ycha\u0107 kolejne przepowiednie, \u017ce czas Facebooka dobiega w\u0142a\u015bnie ko\u0144ca. Gdy jednak spojrzymy na dane, wida\u0107 trend odwrotny. Na Facebooku nie tylko rejestruje si\u0119 coraz wi\u0119cej u\u017cytkownik\u00f3w &#8211; w Polsce ich liczba zwi\u0119kszy\u0142a si\u0119 o nieca\u0142e dwa miliony &#8211; ale tak\u017ce staje si\u0119 coraz wa\u017cniejszym kana\u0142em reklamowym dla marek. W 2016 roku to [&hellip;]<\/p>\n","protected":false},"author":49,"featured_media":25017,"comment_status":"open","ping_status":"open","sticky":false,"template":"","format":"standard","meta":{"inline_featured_image":false,"footnotes":""},"categories":[1793,2125],"tags":[17,683,1477],"yoast_head":"<!-- This site is optimized with the Yoast SEO plugin v22.4 - https:\/\/yoast.com\/wordpress\/plugins\/seo\/ -->\n<title>Facebook w Polsce \u2013 podsumowanie 2016 r. [INFOGRAFIKA] \u2013 Sotrender Blog \u2013 Analyze, Benchmark &amp; Report Your Social Media Performance<\/title>\n<meta name=\"description\" content=\"Facebook w Polsce \u2013 podsumowanie 2016 r. [INFOGRAFIKA]. Sp\u00f3jrz!\" \/>\n<meta name=\"robots\" content=\"index, follow, max-snippet:-1, max-image-preview:large, max-video-preview:-1\" \/>\n<link rel=\"canonical\" href=\"https:\/\/www.sotrender.com\/blog\/pl\/2017\/01\/facebook-w-polsce-podsumowanie-2016-r-infografika\/\" \/>\n<meta property=\"og:locale\" content=\"pl_PL\" \/>\n<meta property=\"og:type\" content=\"article\" \/>\n<meta property=\"og:title\" content=\"Facebook w Polsce \u2013 podsumowanie 2016 r. [INFOGRAFIKA] \u2013 Sotrender Blog \u2013 Analyze, Benchmark &amp; Report Your Social Media Performance\" \/>\n<meta property=\"og:description\" content=\"Facebook w Polsce \u2013 podsumowanie 2016 r. [INFOGRAFIKA]. Sp\u00f3jrz!\" \/>\n<meta property=\"og:url\" content=\"https:\/\/www.sotrender.com\/blog\/pl\/2017\/01\/facebook-w-polsce-podsumowanie-2016-r-infografika\/\" \/>\n<meta property=\"og:site_name\" content=\"Sotrender Blog\" \/>\n<meta property=\"article:publisher\" content=\"https:\/\/www.facebook.com\/Sotrender\" \/>\n<meta property=\"article:published_time\" content=\"2017-01-31T14:48:51+00:00\" \/>\n<meta property=\"article:modified_time\" content=\"2017-04-19T10:34:18+00:00\" \/>\n<meta property=\"og:image\" content=\"https:\/\/www.sotrender.com\/blog\/wp-content\/uploads\/2017\/01\/facebook-cover.jpg\" \/>\n\t<meta property=\"og:image:width\" content=\"2147\" \/>\n\t<meta property=\"og:image:height\" content=\"1397\" \/>\n\t<meta property=\"og:image:type\" content=\"image\/jpeg\" \/>\n<meta name=\"author\" content=\"Micha\u0142 Wieczorek\" \/>\n<meta name=\"twitter:card\" content=\"summary_large_image\" \/>\n<meta name=\"twitter:creator\" content=\"@http:\/\/twitter.com\/eveningo\" \/>\n<meta name=\"twitter:site\" content=\"@Sotrender\" \/>\n<meta name=\"twitter:label1\" content=\"Written by\" \/>\n\t<meta name=\"twitter:data1\" content=\"Micha\u0142 Wieczorek\" \/>\n\t<meta name=\"twitter:label2\" content=\"Est. reading time\" \/>\n\t<meta name=\"twitter:data2\" content=\"1 minute\" \/>\n<script type=\"application\/ld+json\" class=\"yoast-schema-graph\">{\"@context\":\"https:\/\/schema.org\",\"@graph\":[{\"@type\":\"WebPage\",\"@id\":\"https:\/\/www.sotrender.com\/blog\/pl\/2017\/01\/facebook-w-polsce-podsumowanie-2016-r-infografika\/\",\"url\":\"https:\/\/www.sotrender.com\/blog\/pl\/2017\/01\/facebook-w-polsce-podsumowanie-2016-r-infografika\/\",\"name\":\"Facebook w Polsce \u2013 podsumowanie 2016 r. [INFOGRAFIKA] \u2013 Sotrender Blog \u2013 Analyze, Benchmark & Report Your Social Media Performance\",\"isPartOf\":{\"@id\":\"https:\/\/www.sotrender.com\/blog\/#website\"},\"primaryImageOfPage\":{\"@id\":\"https:\/\/www.sotrender.com\/blog\/pl\/2017\/01\/facebook-w-polsce-podsumowanie-2016-r-infografika\/#primaryimage\"},\"image\":{\"@id\":\"https:\/\/www.sotrender.com\/blog\/pl\/2017\/01\/facebook-w-polsce-podsumowanie-2016-r-infografika\/#primaryimage\"},\"thumbnailUrl\":\"https:\/\/www.sotrender.com\/blog\/wp-content\/uploads\/2017\/01\/facebook-cover.jpg\",\"datePublished\":\"2017-01-31T14:48:51+00:00\",\"dateModified\":\"2017-04-19T10:34:18+00:00\",\"author\":{\"@id\":\"https:\/\/www.sotrender.com\/blog\/#\/schema\/person\/48ed6f8ff39863778de8dd32f58467f5\"},\"description\":\"Facebook w Polsce \u2013 podsumowanie 2016 r. [INFOGRAFIKA]. Sp\u00f3jrz!\",\"breadcrumb\":{\"@id\":\"https:\/\/www.sotrender.com\/blog\/pl\/2017\/01\/facebook-w-polsce-podsumowanie-2016-r-infografika\/#breadcrumb\"},\"inLanguage\":\"pl-PL\",\"potentialAction\":[{\"@type\":\"ReadAction\",\"target\":[\"https:\/\/www.sotrender.com\/blog\/pl\/2017\/01\/facebook-w-polsce-podsumowanie-2016-r-infografika\/\"]}]},{\"@type\":\"ImageObject\",\"inLanguage\":\"pl-PL\",\"@id\":\"https:\/\/www.sotrender.com\/blog\/pl\/2017\/01\/facebook-w-polsce-podsumowanie-2016-r-infografika\/#primaryimage\",\"url\":\"https:\/\/www.sotrender.com\/blog\/wp-content\/uploads\/2017\/01\/facebook-cover.jpg\",\"contentUrl\":\"https:\/\/www.sotrender.com\/blog\/wp-content\/uploads\/2017\/01\/facebook-cover.jpg\",\"width\":2147,\"height\":1397},{\"@type\":\"BreadcrumbList\",\"@id\":\"https:\/\/www.sotrender.com\/blog\/pl\/2017\/01\/facebook-w-polsce-podsumowanie-2016-r-infografika\/#breadcrumb\",\"itemListElement\":[{\"@type\":\"ListItem\",\"position\":1,\"name\":\"Home\",\"item\":\"https:\/\/www.sotrender.com\/blog\/\"},{\"@type\":\"ListItem\",\"position\":2,\"name\":\"Facebook w Polsce \u2013 podsumowanie 2016 r. [INFOGRAFIKA]\"}]},{\"@type\":\"WebSite\",\"@id\":\"https:\/\/www.sotrender.com\/blog\/#website\",\"url\":\"https:\/\/www.sotrender.com\/blog\/\",\"name\":\"Sotrender Blog\",\"description\":\"\",\"potentialAction\":[{\"@type\":\"SearchAction\",\"target\":{\"@type\":\"EntryPoint\",\"urlTemplate\":\"https:\/\/www.sotrender.com\/blog\/?s={search_term_string}\"},\"query-input\":\"required name=search_term_string\"}],\"inLanguage\":\"pl-PL\"},{\"@type\":\"Person\",\"@id\":\"https:\/\/www.sotrender.com\/blog\/#\/schema\/person\/48ed6f8ff39863778de8dd32f58467f5\",\"name\":\"Micha\u0142 Wieczorek\",\"image\":{\"@type\":\"ImageObject\",\"inLanguage\":\"pl-PL\",\"@id\":\"https:\/\/www.sotrender.com\/blog\/#\/schema\/person\/image\/\",\"url\":\"https:\/\/secure.gravatar.com\/avatar\/65ceb2020aa2338488b9c5f33c10137f?s=96&d=mm&r=g\",\"contentUrl\":\"https:\/\/secure.gravatar.com\/avatar\/65ceb2020aa2338488b9c5f33c10137f?s=96&d=mm&r=g\",\"caption\":\"Micha\u0142 Wieczorek\"},\"description\":\"Baltic linguist, marketer, and music journalist in his free time. A big fan of good food and even better music.\",\"sameAs\":[\"https:\/\/www.linkedin.com\/in\/michaldwieczorek\",\"https:\/\/twitter.com\/http:\/\/twitter.com\/eveningo\"],\"url\":\"https:\/\/www.sotrender.com\/blog\/pl\/author\/micha_wieczorek\/\"}]}<\/script>\n<!-- \/ Yoast SEO plugin. -->","yoast_head_json":{"title":"Facebook w Polsce \u2013 podsumowanie 2016 r. [INFOGRAFIKA] \u2013 Sotrender Blog \u2013 Analyze, Benchmark & Report Your Social Media Performance","description":"Facebook w Polsce \u2013 podsumowanie 2016 r. [INFOGRAFIKA]. Sp\u00f3jrz!","robots":{"index":"index","follow":"follow","max-snippet":"max-snippet:-1","max-image-preview":"max-image-preview:large","max-video-preview":"max-video-preview:-1"},"canonical":"https:\/\/www.sotrender.com\/blog\/pl\/2017\/01\/facebook-w-polsce-podsumowanie-2016-r-infografika\/","og_locale":"pl_PL","og_type":"article","og_title":"Facebook w Polsce \u2013 podsumowanie 2016 r. [INFOGRAFIKA] \u2013 Sotrender Blog \u2013 Analyze, Benchmark & Report Your Social Media Performance","og_description":"Facebook w Polsce \u2013 podsumowanie 2016 r. [INFOGRAFIKA]. Sp\u00f3jrz!","og_url":"https:\/\/www.sotrender.com\/blog\/pl\/2017\/01\/facebook-w-polsce-podsumowanie-2016-r-infografika\/","og_site_name":"Sotrender Blog","article_publisher":"https:\/\/www.facebook.com\/Sotrender","article_published_time":"2017-01-31T14:48:51+00:00","article_modified_time":"2017-04-19T10:34:18+00:00","og_image":[{"width":2147,"height":1397,"url":"https:\/\/www.sotrender.com\/blog\/wp-content\/uploads\/2017\/01\/facebook-cover.jpg","type":"image\/jpeg"}],"author":"Micha\u0142 Wieczorek","twitter_card":"summary_large_image","twitter_creator":"@http:\/\/twitter.com\/eveningo","twitter_site":"@Sotrender","twitter_misc":{"Written by":"Micha\u0142 Wieczorek","Est. reading time":"1 minute"},"schema":{"@context":"https:\/\/schema.org","@graph":[{"@type":"WebPage","@id":"https:\/\/www.sotrender.com\/blog\/pl\/2017\/01\/facebook-w-polsce-podsumowanie-2016-r-infografika\/","url":"https:\/\/www.sotrender.com\/blog\/pl\/2017\/01\/facebook-w-polsce-podsumowanie-2016-r-infografika\/","name":"Facebook w Polsce \u2013 podsumowanie 2016 r. [INFOGRAFIKA] \u2013 Sotrender Blog \u2013 Analyze, Benchmark & Report Your Social Media Performance","isPartOf":{"@id":"https:\/\/www.sotrender.com\/blog\/#website"},"primaryImageOfPage":{"@id":"https:\/\/www.sotrender.com\/blog\/pl\/2017\/01\/facebook-w-polsce-podsumowanie-2016-r-infografika\/#primaryimage"},"image":{"@id":"https:\/\/www.sotrender.com\/blog\/pl\/2017\/01\/facebook-w-polsce-podsumowanie-2016-r-infografika\/#primaryimage"},"thumbnailUrl":"https:\/\/www.sotrender.com\/blog\/wp-content\/uploads\/2017\/01\/facebook-cover.jpg","datePublished":"2017-01-31T14:48:51+00:00","dateModified":"2017-04-19T10:34:18+00:00","author":{"@id":"https:\/\/www.sotrender.com\/blog\/#\/schema\/person\/48ed6f8ff39863778de8dd32f58467f5"},"description":"Facebook w Polsce \u2013 podsumowanie 2016 r. [INFOGRAFIKA]. Sp\u00f3jrz!","breadcrumb":{"@id":"https:\/\/www.sotrender.com\/blog\/pl\/2017\/01\/facebook-w-polsce-podsumowanie-2016-r-infografika\/#breadcrumb"},"inLanguage":"pl-PL","potentialAction":[{"@type":"ReadAction","target":["https:\/\/www.sotrender.com\/blog\/pl\/2017\/01\/facebook-w-polsce-podsumowanie-2016-r-infografika\/"]}]},{"@type":"ImageObject","inLanguage":"pl-PL","@id":"https:\/\/www.sotrender.com\/blog\/pl\/2017\/01\/facebook-w-polsce-podsumowanie-2016-r-infografika\/#primaryimage","url":"https:\/\/www.sotrender.com\/blog\/wp-content\/uploads\/2017\/01\/facebook-cover.jpg","contentUrl":"https:\/\/www.sotrender.com\/blog\/wp-content\/uploads\/2017\/01\/facebook-cover.jpg","width":2147,"height":1397},{"@type":"BreadcrumbList","@id":"https:\/\/www.sotrender.com\/blog\/pl\/2017\/01\/facebook-w-polsce-podsumowanie-2016-r-infografika\/#breadcrumb","itemListElement":[{"@type":"ListItem","position":1,"name":"Home","item":"https:\/\/www.sotrender.com\/blog\/"},{"@type":"ListItem","position":2,"name":"Facebook w Polsce \u2013 podsumowanie 2016 r. [INFOGRAFIKA]"}]},{"@type":"WebSite","@id":"https:\/\/www.sotrender.com\/blog\/#website","url":"https:\/\/www.sotrender.com\/blog\/","name":"Sotrender Blog","description":"","potentialAction":[{"@type":"SearchAction","target":{"@type":"EntryPoint","urlTemplate":"https:\/\/www.sotrender.com\/blog\/?s={search_term_string}"},"query-input":"required name=search_term_string"}],"inLanguage":"pl-PL"},{"@type":"Person","@id":"https:\/\/www.sotrender.com\/blog\/#\/schema\/person\/48ed6f8ff39863778de8dd32f58467f5","name":"Micha\u0142 Wieczorek","image":{"@type":"ImageObject","inLanguage":"pl-PL","@id":"https:\/\/www.sotrender.com\/blog\/#\/schema\/person\/image\/","url":"https:\/\/secure.gravatar.com\/avatar\/65ceb2020aa2338488b9c5f33c10137f?s=96&d=mm&r=g","contentUrl":"https:\/\/secure.gravatar.com\/avatar\/65ceb2020aa2338488b9c5f33c10137f?s=96&d=mm&r=g","caption":"Micha\u0142 Wieczorek"},"description":"Baltic linguist, marketer, and music journalist in his free time. A big fan of good food and even better music.","sameAs":["https:\/\/www.linkedin.com\/in\/michaldwieczorek","https:\/\/twitter.com\/http:\/\/twitter.com\/eveningo"],"url":"https:\/\/www.sotrender.com\/blog\/pl\/author\/micha_wieczorek\/"}]}},"_links":{"self":[{"href":"https:\/\/www.sotrender.com\/blog\/pl\/wp-json\/wp\/v2\/posts\/25005"}],"collection":[{"href":"https:\/\/www.sotrender.com\/blog\/pl\/wp-json\/wp\/v2\/posts"}],"about":[{"href":"https:\/\/www.sotrender.com\/blog\/pl\/wp-json\/wp\/v2\/types\/post"}],"author":[{"embeddable":true,"href":"https:\/\/www.sotrender.com\/blog\/pl\/wp-json\/wp\/v2\/users\/49"}],"replies":[{"embeddable":true,"href":"https:\/\/www.sotrender.com\/blog\/pl\/wp-json\/wp\/v2\/comments?post=25005"}],"version-history":[{"count":10,"href":"https:\/\/www.sotrender.com\/blog\/pl\/wp-json\/wp\/v2\/posts\/25005\/revisions"}],"predecessor-version":[{"id":26809,"href":"https:\/\/www.sotrender.com\/blog\/pl\/wp-json\/wp\/v2\/posts\/25005\/revisions\/26809"}],"wp:featuredmedia":[{"embeddable":true,"href":"https:\/\/www.sotrender.com\/blog\/pl\/wp-json\/wp\/v2\/media\/25017"}],"wp:attachment":[{"href":"https:\/\/www.sotrender.com\/blog\/pl\/wp-json\/wp\/v2\/media?parent=25005"}],"wp:term":[{"taxonomy":"category","embeddable":true,"href":"https:\/\/www.sotrender.com\/blog\/pl\/wp-json\/wp\/v2\/categories?post=25005"},{"taxonomy":"post_tag","embeddable":true,"href":"https:\/\/www.sotrender.com\/blog\/pl\/wp-json\/wp\/v2\/tags?post=25005"}],"curies":[{"name":"wp","href":"https:\/\/api.w.org\/{rel}","templated":true}]}}