{"id":25,"date":"2011-11-02T11:11:38","date_gmt":"2011-11-02T10:11:38","guid":{"rendered":"http:\/\/blog.fanpagetrender.pl\/?p=25"},"modified":"2015-12-01T22:47:27","modified_gmt":"2015-12-01T21:47:27","slug":"bohaterskie-ladowanie-pilota-wrony-na-facebooku","status":"publish","type":"post","link":"https:\/\/www.sotrender.com\/blog\/pl\/2011\/11\/bohaterskie-ladowanie-pilota-wrony-na-facebooku\/","title":{"rendered":"Bohaterskie l\u0105dowanie pilota Wrony na Facebooku"},"content":{"rendered":"<p style=\"text-align: justify;\">Wtorkowe brawurowe a zarazem bohaterskie <strong>l\u0105dowanie<\/strong>,  dowodzonego przez pilota <strong>Tadeusza Wron\u0119<\/strong>,  Boeinga 767,  na warszawskim Ok\u0119ciu,  obesz\u0142o si\u0119 wielkim echem nie tylko w mediach ale r\u00f3wnie\u017c w Internecie. Jako pierwsi napisali\u015bmy o Facebookowych poczynaniach Tadzia,  jak m\u00f3wi\u0105 o pilocie Tedeuszu przyjaciele. <strong>Nasz artyku\u0142<\/strong> ukaza\u0142 si\u0119 na portalu <a href=\"http:\/\/wiadomosci.mediarun.pl\/artykul\/pozostale-ciekawostki, wrona-laduje-na-facebooku, 40829, 2, 1, 1.html\">Mediarun.pl<\/a> oraz na <a href=\"http:\/\/www.slideshare.net\/FanpageTrender\/pilot-wrona-bohatersko-lduje-na-facebooku\">slideshare.net<\/a><\/p>\n<p style=\"text-align: justify;\">Gor\u0105co polecamy \ud83d\ude42<\/p>\n<p style=\"text-align: justify;\"><!--more--><\/p>\n<h3 style=\"width: 477px; text-align: justify;\"><strong style=\"display: block; margin: 12px 0 4px;\"><a title=\"Pilot Wrona bohatersko l\u0105duje na Facebooku\" href=\"http:\/\/www.slideshare.net\/FanpageTrender\/pilot-wrona-bohatersko-lduje-na-facebooku\" target=\"_blank\">Pilot Wrona bohatersko l\u0105duje na Facebooku<\/a><\/strong><\/h3>\n<h3 style=\"width: 477px; text-align: justify;\"><iframe loading=\"lazy\" src=\"http:\/\/www.slideshare.net\/slideshow\/embed_code\/9994696\" width=\"477\" height=\"510\" frameborder=\"0\" marginwidth=\"0\" marginheight=\"0\" scrolling=\"no\"><\/iframe><\/h3>\n<div id=\"__ss_9994696\" style=\"width: 477px;\">\n<div style=\"padding: 5px 0px 12px; text-align: justify;\">\nTadzio,  jak m\u00f3wi\u0105 o os\u0142awionym pilocie znajomi,  w ci\u0105gu kilku godzin od l\u0105dowania zyska\u0142 tysi\u0105ce fan\u00f3w i tym samym sta\u0142 si\u0119 bezspornym rekordzist\u0105 polskiego Facebooka. Nikt bowiem w tak kr\u00f3tkim czasie nie zyska\u0142 tak wielkiej<strong> liczby fan\u00f3w<\/strong>. W przeci\u0105gu zaledwie kilku godzin od l\u0105dowania Boeinga powsta\u0142o <strong>a\u017c 20 nieoficjalnych fanpage&#8217;y<\/strong> maj\u0105cych w sumie ponad 54 tys. fan\u00f3w. Dwa najwi\u0119ksze &#8211;<a href=\"http:\/\/www.facebook.com\/BrawoKapitanTadeuszWrona\">htt<\/a><a href=\"http:\/\/www.facebook.com\/BrawoKapitanTadeuszWrona\">p:\/<\/a><a href=\"http:\/\/www.facebook.com\/BrawoKapitanTadeuszWrona\">\/www<\/a><a href=\"http:\/\/www.facebook.com\/BrawoKapitanTadeuszWrona\">.f<\/a><a href=\"http:\/\/www.facebook.com\/BrawoKapitanTadeuszWrona\">a<\/a><a href=\"http:\/\/www.facebook.com\/BrawoKapitanTadeuszWrona\">c<\/a><a href=\"http:\/\/www.facebook.com\/BrawoKapitanTadeuszWrona\">e<\/a><a href=\"http:\/\/www.facebook.com\/BrawoKapitanTadeuszWrona\">book.c<\/a><a href=\"http:\/\/www.facebook.com\/BrawoKapitanTadeuszWrona\">om\/<\/a><a href=\"http:\/\/www.facebook.com\/BrawoKapitanTadeuszWrona\">B<\/a><a href=\"http:\/\/www.facebook.com\/BrawoKapitanTadeuszWrona\">ra<\/a><a href=\"http:\/\/www.facebook.com\/BrawoKapitanTadeuszWrona\">woK<\/a><a href=\"http:\/\/www.facebook.com\/BrawoKapitanTadeuszWrona\">a<\/a><a href=\"http:\/\/www.facebook.com\/BrawoKapitanTadeuszWrona\">pit<\/a><a href=\"http:\/\/www.facebook.com\/BrawoKapitanTadeuszWrona\">a<\/a><a href=\"http:\/\/www.facebook.com\/BrawoKapitanTadeuszWrona\">nT<\/a><a href=\"http:\/\/www.facebook.com\/BrawoKapitanTadeuszWrona\">a<\/a><a href=\"http:\/\/www.facebook.com\/BrawoKapitanTadeuszWrona\">d<\/a><a href=\"http:\/\/www.facebook.com\/BrawoKapitanTadeuszWrona\">e<\/a><a href=\"http:\/\/www.facebook.com\/BrawoKapitanTadeuszWrona\">usz<\/a><a href=\"http:\/\/www.facebook.com\/BrawoKapitanTadeuszWrona\">W<\/a><a href=\"http:\/\/www.facebook.com\/BrawoKapitanTadeuszWrona\">rona <\/a>i<a href=\"http:\/\/www.facebook.com\/KapitanWronaFP\"> htt<\/a><a href=\"http:\/\/www.facebook.com\/KapitanWronaFP\">p:\/<\/a><a href=\"http:\/\/www.facebook.com\/KapitanWronaFP\">\/www<\/a><a href=\"http:\/\/www.facebook.com\/KapitanWronaFP\">.f<\/a><a href=\"http:\/\/www.facebook.com\/KapitanWronaFP\">a<\/a><a href=\"http:\/\/www.facebook.com\/KapitanWronaFP\">c<\/a><a href=\"http:\/\/www.facebook.com\/KapitanWronaFP\">e<\/a><a href=\"http:\/\/www.facebook.com\/KapitanWronaFP\">book.c<\/a><a href=\"http:\/\/www.facebook.com\/KapitanWronaFP\">o<\/a><a href=\"http:\/\/www.facebook.com\/KapitanWronaFP\">m\/<\/a><a href=\"http:\/\/www.facebook.com\/KapitanWronaFP\">Ka<\/a><a href=\"http:\/\/www.facebook.com\/KapitanWronaFP\">pit<\/a><a href=\"http:\/\/www.facebook.com\/KapitanWronaFP\">a<\/a><a href=\"http:\/\/www.facebook.com\/KapitanWronaFP\">nW<\/a><a href=\"http:\/\/www.facebook.com\/KapitanWronaFP\">rona<\/a><a href=\"http:\/\/www.facebook.com\/KapitanWronaFP\">F<\/a><a href=\"http:\/\/www.facebook.com\/KapitanWronaFP\">P<\/a>&#8211; maj\u0105 ju\u017c grubo ponad 20tys .fan\u00f3w ka\u017cdy (stan na godz.13.00, \u015broda, 2listopada br.).<\/p>\n<p>&nbsp;<\/p>\n<\/div>\n<div style=\"padding: 5px 0px 12px; text-align: justify;\"><\/div>\n<div style=\"padding: 5px 0px 12px; text-align: justify;\">View more <a href=\"http:\/\/www.slideshare.net\/\" target=\"_blank\">documents<\/a> from <a href=\"http:\/\/www.slideshare.net\/FanpageTrender\" target=\"_blank\">Fanpage Trender<\/a><\/div>\n<\/div>\n","protected":false},"excerpt":{"rendered":"<p>Wtorkowe brawurowe a zarazem bohaterskie l\u0105dowanie, dowodzonego przez pilota Tadeusza Wron\u0119, Boeinga 767, na warszawskim Ok\u0119ciu, obesz\u0142o si\u0119 wielkim echem nie tylko w mediach ale r\u00f3wnie\u017c w Internecie. Jako pierwsi napisali\u015bmy o Facebookowych poczynaniach Tadzia, jak m\u00f3wi\u0105 o pilocie Tedeuszu przyjaciele. Nasz artyku\u0142 ukaza\u0142 si\u0119 na portalu Mediarun.pl oraz na slideshare.net Gor\u0105co polecamy \ud83d\ude42<\/p>\n","protected":false},"author":31,"featured_media":0,"comment_status":"open","ping_status":"open","sticky":false,"template":"","format":"standard","meta":{"inline_featured_image":false,"footnotes":""},"categories":[1793,1797],"tags":[17,311],"yoast_head":"<!-- This site is optimized with the Yoast SEO plugin v22.4 - https:\/\/yoast.com\/wordpress\/plugins\/seo\/ -->\n<title>Bohaterskie l\u0105dowanie kapitana Wrony na Facebooku. .<\/title>\n<meta name=\"description\" content=\"L\u0105dowanie dowodzonego przez pilota Tadeusza Wron\u0119 Boeinga 767 na Ok\u0119ciu, obesz\u0142o si\u0119 wielkim echem w internecie. Sotrender - Social Media Marketing Blog.\" \/>\n<meta name=\"robots\" content=\"index, follow, max-snippet:-1, max-image-preview:large, max-video-preview:-1\" \/>\n<link rel=\"canonical\" href=\"https:\/\/www.sotrender.com\/blog\/pl\/2011\/11\/bohaterskie-ladowanie-pilota-wrony-na-facebooku\/\" \/>\n<meta property=\"og:locale\" content=\"pl_PL\" \/>\n<meta property=\"og:type\" content=\"article\" \/>\n<meta property=\"og:title\" content=\"Bohaterskie l\u0105dowanie kapitana Wrony na Facebooku. .\" \/>\n<meta property=\"og:description\" content=\"L\u0105dowanie dowodzonego przez pilota Tadeusza Wron\u0119 Boeinga 767 na Ok\u0119ciu, obesz\u0142o si\u0119 wielkim echem w internecie. Sotrender - Social Media Marketing Blog.\" \/>\n<meta property=\"og:url\" content=\"https:\/\/www.sotrender.com\/blog\/pl\/2011\/11\/bohaterskie-ladowanie-pilota-wrony-na-facebooku\/\" \/>\n<meta property=\"og:site_name\" content=\"Sotrender Blog\" \/>\n<meta property=\"article:publisher\" content=\"https:\/\/www.facebook.com\/Sotrender\" \/>\n<meta property=\"article:published_time\" content=\"2011-11-02T10:11:38+00:00\" \/>\n<meta property=\"article:modified_time\" content=\"2015-12-01T21:47:27+00:00\" \/>\n<meta name=\"author\" content=\"Aleksandra Prejs\" \/>\n<meta name=\"twitter:card\" content=\"summary_large_image\" \/>\n<meta name=\"twitter:creator\" content=\"@Sotrender\" \/>\n<meta name=\"twitter:site\" content=\"@Sotrender\" \/>\n<meta name=\"twitter:label1\" content=\"Written by\" \/>\n\t<meta name=\"twitter:data1\" content=\"Aleksandra Prejs\" \/>\n\t<meta name=\"twitter:label2\" content=\"Est. reading time\" \/>\n\t<meta name=\"twitter:data2\" content=\"1 minute\" \/>\n<script type=\"application\/ld+json\" class=\"yoast-schema-graph\">{\"@context\":\"https:\/\/schema.org\",\"@graph\":[{\"@type\":\"WebPage\",\"@id\":\"https:\/\/www.sotrender.com\/blog\/pl\/2011\/11\/bohaterskie-ladowanie-pilota-wrony-na-facebooku\/\",\"url\":\"https:\/\/www.sotrender.com\/blog\/pl\/2011\/11\/bohaterskie-ladowanie-pilota-wrony-na-facebooku\/\",\"name\":\"Bohaterskie l\u0105dowanie kapitana Wrony na Facebooku. .\",\"isPartOf\":{\"@id\":\"https:\/\/www.sotrender.com\/blog\/#website\"},\"datePublished\":\"2011-11-02T10:11:38+00:00\",\"dateModified\":\"2015-12-01T21:47:27+00:00\",\"author\":{\"@id\":\"https:\/\/www.sotrender.com\/blog\/#\/schema\/person\/7106df62825269bc360ad9171cd7149b\"},\"description\":\"L\u0105dowanie dowodzonego przez pilota Tadeusza Wron\u0119 Boeinga 767 na Ok\u0119ciu, obesz\u0142o si\u0119 wielkim echem w internecie. Sotrender - Social Media Marketing Blog.\",\"breadcrumb\":{\"@id\":\"https:\/\/www.sotrender.com\/blog\/pl\/2011\/11\/bohaterskie-ladowanie-pilota-wrony-na-facebooku\/#breadcrumb\"},\"inLanguage\":\"pl-PL\",\"potentialAction\":[{\"@type\":\"ReadAction\",\"target\":[\"https:\/\/www.sotrender.com\/blog\/pl\/2011\/11\/bohaterskie-ladowanie-pilota-wrony-na-facebooku\/\"]}]},{\"@type\":\"BreadcrumbList\",\"@id\":\"https:\/\/www.sotrender.com\/blog\/pl\/2011\/11\/bohaterskie-ladowanie-pilota-wrony-na-facebooku\/#breadcrumb\",\"itemListElement\":[{\"@type\":\"ListItem\",\"position\":1,\"name\":\"Home\",\"item\":\"https:\/\/www.sotrender.com\/blog\/\"},{\"@type\":\"ListItem\",\"position\":2,\"name\":\"Bohaterskie l\u0105dowanie pilota Wrony na Facebooku\"}]},{\"@type\":\"WebSite\",\"@id\":\"https:\/\/www.sotrender.com\/blog\/#website\",\"url\":\"https:\/\/www.sotrender.com\/blog\/\",\"name\":\"Sotrender Blog\",\"description\":\"\",\"potentialAction\":[{\"@type\":\"SearchAction\",\"target\":{\"@type\":\"EntryPoint\",\"urlTemplate\":\"https:\/\/www.sotrender.com\/blog\/?s={search_term_string}\"},\"query-input\":\"required name=search_term_string\"}],\"inLanguage\":\"pl-PL\"},{\"@type\":\"Person\",\"@id\":\"https:\/\/www.sotrender.com\/blog\/#\/schema\/person\/7106df62825269bc360ad9171cd7149b\",\"name\":\"Aleksandra Prejs\",\"image\":{\"@type\":\"ImageObject\",\"inLanguage\":\"pl-PL\",\"@id\":\"https:\/\/www.sotrender.com\/blog\/#\/schema\/person\/image\/\",\"url\":\"https:\/\/secure.gravatar.com\/avatar\/469000454b77ff0aacb32c49dba023be?s=96&d=mm&r=g\",\"contentUrl\":\"https:\/\/secure.gravatar.com\/avatar\/469000454b77ff0aacb32c49dba023be?s=96&d=mm&r=g\",\"caption\":\"Aleksandra Prejs\"},\"url\":\"https:\/\/www.sotrender.com\/blog\/pl\/author\/aleksandra-prejs\/\"}]}<\/script>\n<!-- \/ Yoast SEO plugin. -->","yoast_head_json":{"title":"Bohaterskie l\u0105dowanie kapitana Wrony na Facebooku. .","description":"L\u0105dowanie dowodzonego przez pilota Tadeusza Wron\u0119 Boeinga 767 na Ok\u0119ciu, obesz\u0142o si\u0119 wielkim echem w internecie. Sotrender - Social Media Marketing Blog.","robots":{"index":"index","follow":"follow","max-snippet":"max-snippet:-1","max-image-preview":"max-image-preview:large","max-video-preview":"max-video-preview:-1"},"canonical":"https:\/\/www.sotrender.com\/blog\/pl\/2011\/11\/bohaterskie-ladowanie-pilota-wrony-na-facebooku\/","og_locale":"pl_PL","og_type":"article","og_title":"Bohaterskie l\u0105dowanie kapitana Wrony na Facebooku. .","og_description":"L\u0105dowanie dowodzonego przez pilota Tadeusza Wron\u0119 Boeinga 767 na Ok\u0119ciu, obesz\u0142o si\u0119 wielkim echem w internecie. Sotrender - Social Media Marketing Blog.","og_url":"https:\/\/www.sotrender.com\/blog\/pl\/2011\/11\/bohaterskie-ladowanie-pilota-wrony-na-facebooku\/","og_site_name":"Sotrender Blog","article_publisher":"https:\/\/www.facebook.com\/Sotrender","article_published_time":"2011-11-02T10:11:38+00:00","article_modified_time":"2015-12-01T21:47:27+00:00","author":"Aleksandra Prejs","twitter_card":"summary_large_image","twitter_creator":"@Sotrender","twitter_site":"@Sotrender","twitter_misc":{"Written by":"Aleksandra Prejs","Est. reading time":"1 minute"},"schema":{"@context":"https:\/\/schema.org","@graph":[{"@type":"WebPage","@id":"https:\/\/www.sotrender.com\/blog\/pl\/2011\/11\/bohaterskie-ladowanie-pilota-wrony-na-facebooku\/","url":"https:\/\/www.sotrender.com\/blog\/pl\/2011\/11\/bohaterskie-ladowanie-pilota-wrony-na-facebooku\/","name":"Bohaterskie l\u0105dowanie kapitana Wrony na Facebooku. .","isPartOf":{"@id":"https:\/\/www.sotrender.com\/blog\/#website"},"datePublished":"2011-11-02T10:11:38+00:00","dateModified":"2015-12-01T21:47:27+00:00","author":{"@id":"https:\/\/www.sotrender.com\/blog\/#\/schema\/person\/7106df62825269bc360ad9171cd7149b"},"description":"L\u0105dowanie dowodzonego przez pilota Tadeusza Wron\u0119 Boeinga 767 na Ok\u0119ciu, obesz\u0142o si\u0119 wielkim echem w internecie. Sotrender - Social Media Marketing Blog.","breadcrumb":{"@id":"https:\/\/www.sotrender.com\/blog\/pl\/2011\/11\/bohaterskie-ladowanie-pilota-wrony-na-facebooku\/#breadcrumb"},"inLanguage":"pl-PL","potentialAction":[{"@type":"ReadAction","target":["https:\/\/www.sotrender.com\/blog\/pl\/2011\/11\/bohaterskie-ladowanie-pilota-wrony-na-facebooku\/"]}]},{"@type":"BreadcrumbList","@id":"https:\/\/www.sotrender.com\/blog\/pl\/2011\/11\/bohaterskie-ladowanie-pilota-wrony-na-facebooku\/#breadcrumb","itemListElement":[{"@type":"ListItem","position":1,"name":"Home","item":"https:\/\/www.sotrender.com\/blog\/"},{"@type":"ListItem","position":2,"name":"Bohaterskie l\u0105dowanie pilota Wrony na Facebooku"}]},{"@type":"WebSite","@id":"https:\/\/www.sotrender.com\/blog\/#website","url":"https:\/\/www.sotrender.com\/blog\/","name":"Sotrender Blog","description":"","potentialAction":[{"@type":"SearchAction","target":{"@type":"EntryPoint","urlTemplate":"https:\/\/www.sotrender.com\/blog\/?s={search_term_string}"},"query-input":"required name=search_term_string"}],"inLanguage":"pl-PL"},{"@type":"Person","@id":"https:\/\/www.sotrender.com\/blog\/#\/schema\/person\/7106df62825269bc360ad9171cd7149b","name":"Aleksandra Prejs","image":{"@type":"ImageObject","inLanguage":"pl-PL","@id":"https:\/\/www.sotrender.com\/blog\/#\/schema\/person\/image\/","url":"https:\/\/secure.gravatar.com\/avatar\/469000454b77ff0aacb32c49dba023be?s=96&d=mm&r=g","contentUrl":"https:\/\/secure.gravatar.com\/avatar\/469000454b77ff0aacb32c49dba023be?s=96&d=mm&r=g","caption":"Aleksandra Prejs"},"url":"https:\/\/www.sotrender.com\/blog\/pl\/author\/aleksandra-prejs\/"}]}},"_links":{"self":[{"href":"https:\/\/www.sotrender.com\/blog\/pl\/wp-json\/wp\/v2\/posts\/25"}],"collection":[{"href":"https:\/\/www.sotrender.com\/blog\/pl\/wp-json\/wp\/v2\/posts"}],"about":[{"href":"https:\/\/www.sotrender.com\/blog\/pl\/wp-json\/wp\/v2\/types\/post"}],"author":[{"embeddable":true,"href":"https:\/\/www.sotrender.com\/blog\/pl\/wp-json\/wp\/v2\/users\/31"}],"replies":[{"embeddable":true,"href":"https:\/\/www.sotrender.com\/blog\/pl\/wp-json\/wp\/v2\/comments?post=25"}],"version-history":[{"count":23,"href":"https:\/\/www.sotrender.com\/blog\/pl\/wp-json\/wp\/v2\/posts\/25\/revisions"}],"predecessor-version":[{"id":14451,"href":"https:\/\/www.sotrender.com\/blog\/pl\/wp-json\/wp\/v2\/posts\/25\/revisions\/14451"}],"wp:attachment":[{"href":"https:\/\/www.sotrender.com\/blog\/pl\/wp-json\/wp\/v2\/media?parent=25"}],"wp:term":[{"taxonomy":"category","embeddable":true,"href":"https:\/\/www.sotrender.com\/blog\/pl\/wp-json\/wp\/v2\/categories?post=25"},{"taxonomy":"post_tag","embeddable":true,"href":"https:\/\/www.sotrender.com\/blog\/pl\/wp-json\/wp\/v2\/tags?post=25"}],"curies":[{"name":"wp","href":"https:\/\/api.w.org\/{rel}","templated":true}]}}