{"id":247,"date":"2012-01-24T17:42:06","date_gmt":"2012-01-24T16:42:06","guid":{"rendered":"http:\/\/blog.fanpagetrender.pl\/?p=247"},"modified":"2015-12-01T22:44:36","modified_gmt":"2015-12-01T21:44:36","slug":"fanpage-trender-analizuje-dla-raportu-social-media-2012","status":"publish","type":"post","link":"https:\/\/www.sotrender.com\/blog\/pl\/2012\/01\/fanpage-trender-analizuje-dla-raportu-social-media-2012\/","title":{"rendered":"Fanpage Trender analizuje dla raportu &#8220;Social Media 2012&#8221;"},"content":{"rendered":"<p><img loading=\"lazy\" decoding=\"async\" class=\"alignright size-full wp-image-259\" title=\"raport-social-media\" src=\"https:\/\/www.sotrender.com\/blog\/wp-content\/uploads\/2012\/01\/raport-190px1.png\" alt=\"\" width=\"190\" height=\"272\" \/><\/p>\n<p class=\"MsoNormal\" style=\"text-align: justify;\">Dzi\u015b ukaza\u0142 si\u0119 raport <strong>Internet Standard &#8220;Social Media 2012&#8221; <\/strong><span style=\"font-size: 12.0pt; line-height: 115%; font-family: 'Times New Roman', 'serif';\"><strong>.<\/strong> W\u015br\u00f3d wielu ciekawych tekst\u00f3w i analiz nasz artyku\u0142 w kt\u00f3rym podsumowali\u015bmy ca\u0142y rok 2011 na Facebooku,  a nast\u0119pnie zaprezentowali\u015bmy szczeg\u00f3<\/span><span style=\"text-align: justify; font-family: 'Times New Roman',  serif; font-size: 12pt; line-height: 115%;\">\u0142owe rankingi poszczeg\u00f3lnych marek i bran\u017c. Po raz pierwszy zaprezentowali\u015bmy takie zestawienia dla <strong>25 najpopularniejszych fanpage\u2019\u00f3<\/strong><\/span><span style=\"text-align: justify; font-family: 'Times New Roman',  serif; font-size: 12pt; line-height: 115%;\"><strong>w<\/strong> i 20 bran\u017c,  obejmuj\u0105ce ca\u0142y czwarty kwarta\u0142 2011 r. W prawie wszystkich przypadkach opierali\u015bmy si\u0119 na danych zbieranych dla ca\u0142ego \u201epolskiego\u201d Facebooka przez <strong>Fanpage Trender<\/strong>.<\/span><\/p>\n<div>\n<p>\u00a0Raport,  bezp\u0142atnie mo\u017cna pobra\u0107 na\u00a0 <strong><span style=\"font-size: 11pt; font-family: Calibri,  sans-serif;\"><a href=\"http:\/\/www.internetstandard.pl\/socialmedia2012\">http:\/\/www.internetstandard.pl\/socialmedia2012<\/a><\/span><\/strong><\/p>\n<\/div>\n","protected":false},"excerpt":{"rendered":"<p>Dzi\u015b ukaza\u0142 si\u0119 raport Internet Standard &#8220;Social Media 2012&#8221; . W\u015br\u00f3d wielu ciekawych tekst\u00f3w i analiz nasz artyku\u0142 w kt\u00f3rym podsumowali\u015bmy ca\u0142y rok 2011 na Facebooku, a nast\u0119pnie zaprezentowali\u015bmy szczeg\u00f3\u0142owe rankingi poszczeg\u00f3lnych marek i bran\u017c. Po raz pierwszy zaprezentowali\u015bmy takie zestawienia dla 25 najpopularniejszych fanpage\u2019\u00f3w i 20 bran\u017c, obejmuj\u0105ce ca\u0142y czwarty kwarta\u0142 2011 r. W [&hellip;]<\/p>\n","protected":false},"author":31,"featured_media":0,"comment_status":"open","ping_status":"open","sticky":false,"template":"","format":"standard","meta":{"inline_featured_image":false,"footnotes":""},"categories":[1793,1797],"tags":[7,11,17,25,317],"yoast_head":"<!-- This site is optimized with the Yoast SEO plugin v22.4 - https:\/\/yoast.com\/wordpress\/plugins\/seo\/ -->\n<title>Raport Social Media 2012<\/title>\n<meta name=\"description\" content=\"Przeczytaj i pobierz raport Internet Standard Social Media 2012 z pa\u017adziernika 2011. Sotrender - Social Media Marketing Blog.\" \/>\n<meta name=\"robots\" content=\"index, follow, max-snippet:-1, max-image-preview:large, max-video-preview:-1\" \/>\n<link rel=\"canonical\" href=\"https:\/\/www.sotrender.com\/blog\/pl\/2012\/01\/fanpage-trender-analizuje-dla-raportu-social-media-2012\/\" \/>\n<meta property=\"og:locale\" content=\"pl_PL\" \/>\n<meta property=\"og:type\" content=\"article\" \/>\n<meta property=\"og:title\" content=\"Raport Social Media 2012\" \/>\n<meta property=\"og:description\" content=\"Przeczytaj i pobierz raport Internet Standard Social Media 2012 z pa\u017adziernika 2011. Sotrender - Social Media Marketing Blog.\" \/>\n<meta property=\"og:url\" content=\"https:\/\/www.sotrender.com\/blog\/pl\/2012\/01\/fanpage-trender-analizuje-dla-raportu-social-media-2012\/\" \/>\n<meta property=\"og:site_name\" content=\"Sotrender Blog\" \/>\n<meta property=\"article:publisher\" content=\"https:\/\/www.facebook.com\/Sotrender\" \/>\n<meta property=\"article:published_time\" content=\"2012-01-24T16:42:06+00:00\" \/>\n<meta property=\"article:modified_time\" content=\"2015-12-01T21:44:36+00:00\" \/>\n<meta property=\"og:image\" content=\"https:\/\/www.sotrender.com\/blog\/wp-content\/uploads\/2012\/01\/raport-190px1.png\" \/>\n<meta name=\"author\" content=\"Aleksandra Prejs\" \/>\n<meta name=\"twitter:card\" content=\"summary_large_image\" \/>\n<meta name=\"twitter:creator\" content=\"@Sotrender\" \/>\n<meta name=\"twitter:site\" content=\"@Sotrender\" \/>\n<meta name=\"twitter:label1\" content=\"Written by\" \/>\n\t<meta name=\"twitter:data1\" content=\"Aleksandra Prejs\" \/>\n<script type=\"application\/ld+json\" class=\"yoast-schema-graph\">{\"@context\":\"https:\/\/schema.org\",\"@graph\":[{\"@type\":\"WebPage\",\"@id\":\"https:\/\/www.sotrender.com\/blog\/pl\/2012\/01\/fanpage-trender-analizuje-dla-raportu-social-media-2012\/\",\"url\":\"https:\/\/www.sotrender.com\/blog\/pl\/2012\/01\/fanpage-trender-analizuje-dla-raportu-social-media-2012\/\",\"name\":\"Raport Social Media 2012\",\"isPartOf\":{\"@id\":\"https:\/\/www.sotrender.com\/blog\/#website\"},\"primaryImageOfPage\":{\"@id\":\"https:\/\/www.sotrender.com\/blog\/pl\/2012\/01\/fanpage-trender-analizuje-dla-raportu-social-media-2012\/#primaryimage\"},\"image\":{\"@id\":\"https:\/\/www.sotrender.com\/blog\/pl\/2012\/01\/fanpage-trender-analizuje-dla-raportu-social-media-2012\/#primaryimage\"},\"thumbnailUrl\":\"https:\/\/www.sotrender.com\/blog\/wp-content\/uploads\/2012\/01\/raport-190px1.png\",\"datePublished\":\"2012-01-24T16:42:06+00:00\",\"dateModified\":\"2015-12-01T21:44:36+00:00\",\"author\":{\"@id\":\"https:\/\/www.sotrender.com\/blog\/#\/schema\/person\/7106df62825269bc360ad9171cd7149b\"},\"description\":\"Przeczytaj i pobierz raport Internet Standard Social Media 2012 z pa\u017adziernika 2011. Sotrender - Social Media Marketing Blog.\",\"breadcrumb\":{\"@id\":\"https:\/\/www.sotrender.com\/blog\/pl\/2012\/01\/fanpage-trender-analizuje-dla-raportu-social-media-2012\/#breadcrumb\"},\"inLanguage\":\"pl-PL\",\"potentialAction\":[{\"@type\":\"ReadAction\",\"target\":[\"https:\/\/www.sotrender.com\/blog\/pl\/2012\/01\/fanpage-trender-analizuje-dla-raportu-social-media-2012\/\"]}]},{\"@type\":\"ImageObject\",\"inLanguage\":\"pl-PL\",\"@id\":\"https:\/\/www.sotrender.com\/blog\/pl\/2012\/01\/fanpage-trender-analizuje-dla-raportu-social-media-2012\/#primaryimage\",\"url\":\"https:\/\/www.sotrender.com\/blog\/wp-content\/uploads\/2012\/01\/raport-190px1.png\",\"contentUrl\":\"https:\/\/www.sotrender.com\/blog\/wp-content\/uploads\/2012\/01\/raport-190px1.png\"},{\"@type\":\"BreadcrumbList\",\"@id\":\"https:\/\/www.sotrender.com\/blog\/pl\/2012\/01\/fanpage-trender-analizuje-dla-raportu-social-media-2012\/#breadcrumb\",\"itemListElement\":[{\"@type\":\"ListItem\",\"position\":1,\"name\":\"Home\",\"item\":\"https:\/\/www.sotrender.com\/blog\/\"},{\"@type\":\"ListItem\",\"position\":2,\"name\":\"Fanpage Trender analizuje dla raportu &#8220;Social Media 2012&#8221;\"}]},{\"@type\":\"WebSite\",\"@id\":\"https:\/\/www.sotrender.com\/blog\/#website\",\"url\":\"https:\/\/www.sotrender.com\/blog\/\",\"name\":\"Sotrender Blog\",\"description\":\"\",\"potentialAction\":[{\"@type\":\"SearchAction\",\"target\":{\"@type\":\"EntryPoint\",\"urlTemplate\":\"https:\/\/www.sotrender.com\/blog\/?s={search_term_string}\"},\"query-input\":\"required name=search_term_string\"}],\"inLanguage\":\"pl-PL\"},{\"@type\":\"Person\",\"@id\":\"https:\/\/www.sotrender.com\/blog\/#\/schema\/person\/7106df62825269bc360ad9171cd7149b\",\"name\":\"Aleksandra Prejs\",\"image\":{\"@type\":\"ImageObject\",\"inLanguage\":\"pl-PL\",\"@id\":\"https:\/\/www.sotrender.com\/blog\/#\/schema\/person\/image\/\",\"url\":\"https:\/\/secure.gravatar.com\/avatar\/469000454b77ff0aacb32c49dba023be?s=96&d=mm&r=g\",\"contentUrl\":\"https:\/\/secure.gravatar.com\/avatar\/469000454b77ff0aacb32c49dba023be?s=96&d=mm&r=g\",\"caption\":\"Aleksandra Prejs\"},\"url\":\"https:\/\/www.sotrender.com\/blog\/pl\/author\/aleksandra-prejs\/\"}]}<\/script>\n<!-- \/ Yoast SEO plugin. -->","yoast_head_json":{"title":"Raport Social Media 2012","description":"Przeczytaj i pobierz raport Internet Standard Social Media 2012 z pa\u017adziernika 2011. Sotrender - Social Media Marketing Blog.","robots":{"index":"index","follow":"follow","max-snippet":"max-snippet:-1","max-image-preview":"max-image-preview:large","max-video-preview":"max-video-preview:-1"},"canonical":"https:\/\/www.sotrender.com\/blog\/pl\/2012\/01\/fanpage-trender-analizuje-dla-raportu-social-media-2012\/","og_locale":"pl_PL","og_type":"article","og_title":"Raport Social Media 2012","og_description":"Przeczytaj i pobierz raport Internet Standard Social Media 2012 z pa\u017adziernika 2011. Sotrender - Social Media Marketing Blog.","og_url":"https:\/\/www.sotrender.com\/blog\/pl\/2012\/01\/fanpage-trender-analizuje-dla-raportu-social-media-2012\/","og_site_name":"Sotrender Blog","article_publisher":"https:\/\/www.facebook.com\/Sotrender","article_published_time":"2012-01-24T16:42:06+00:00","article_modified_time":"2015-12-01T21:44:36+00:00","og_image":[{"url":"https:\/\/www.sotrender.com\/blog\/wp-content\/uploads\/2012\/01\/raport-190px1.png"}],"author":"Aleksandra Prejs","twitter_card":"summary_large_image","twitter_creator":"@Sotrender","twitter_site":"@Sotrender","twitter_misc":{"Written by":"Aleksandra Prejs"},"schema":{"@context":"https:\/\/schema.org","@graph":[{"@type":"WebPage","@id":"https:\/\/www.sotrender.com\/blog\/pl\/2012\/01\/fanpage-trender-analizuje-dla-raportu-social-media-2012\/","url":"https:\/\/www.sotrender.com\/blog\/pl\/2012\/01\/fanpage-trender-analizuje-dla-raportu-social-media-2012\/","name":"Raport Social Media 2012","isPartOf":{"@id":"https:\/\/www.sotrender.com\/blog\/#website"},"primaryImageOfPage":{"@id":"https:\/\/www.sotrender.com\/blog\/pl\/2012\/01\/fanpage-trender-analizuje-dla-raportu-social-media-2012\/#primaryimage"},"image":{"@id":"https:\/\/www.sotrender.com\/blog\/pl\/2012\/01\/fanpage-trender-analizuje-dla-raportu-social-media-2012\/#primaryimage"},"thumbnailUrl":"https:\/\/www.sotrender.com\/blog\/wp-content\/uploads\/2012\/01\/raport-190px1.png","datePublished":"2012-01-24T16:42:06+00:00","dateModified":"2015-12-01T21:44:36+00:00","author":{"@id":"https:\/\/www.sotrender.com\/blog\/#\/schema\/person\/7106df62825269bc360ad9171cd7149b"},"description":"Przeczytaj i pobierz raport Internet Standard Social Media 2012 z pa\u017adziernika 2011. Sotrender - Social Media Marketing Blog.","breadcrumb":{"@id":"https:\/\/www.sotrender.com\/blog\/pl\/2012\/01\/fanpage-trender-analizuje-dla-raportu-social-media-2012\/#breadcrumb"},"inLanguage":"pl-PL","potentialAction":[{"@type":"ReadAction","target":["https:\/\/www.sotrender.com\/blog\/pl\/2012\/01\/fanpage-trender-analizuje-dla-raportu-social-media-2012\/"]}]},{"@type":"ImageObject","inLanguage":"pl-PL","@id":"https:\/\/www.sotrender.com\/blog\/pl\/2012\/01\/fanpage-trender-analizuje-dla-raportu-social-media-2012\/#primaryimage","url":"https:\/\/www.sotrender.com\/blog\/wp-content\/uploads\/2012\/01\/raport-190px1.png","contentUrl":"https:\/\/www.sotrender.com\/blog\/wp-content\/uploads\/2012\/01\/raport-190px1.png"},{"@type":"BreadcrumbList","@id":"https:\/\/www.sotrender.com\/blog\/pl\/2012\/01\/fanpage-trender-analizuje-dla-raportu-social-media-2012\/#breadcrumb","itemListElement":[{"@type":"ListItem","position":1,"name":"Home","item":"https:\/\/www.sotrender.com\/blog\/"},{"@type":"ListItem","position":2,"name":"Fanpage Trender analizuje dla raportu &#8220;Social Media 2012&#8221;"}]},{"@type":"WebSite","@id":"https:\/\/www.sotrender.com\/blog\/#website","url":"https:\/\/www.sotrender.com\/blog\/","name":"Sotrender Blog","description":"","potentialAction":[{"@type":"SearchAction","target":{"@type":"EntryPoint","urlTemplate":"https:\/\/www.sotrender.com\/blog\/?s={search_term_string}"},"query-input":"required name=search_term_string"}],"inLanguage":"pl-PL"},{"@type":"Person","@id":"https:\/\/www.sotrender.com\/blog\/#\/schema\/person\/7106df62825269bc360ad9171cd7149b","name":"Aleksandra Prejs","image":{"@type":"ImageObject","inLanguage":"pl-PL","@id":"https:\/\/www.sotrender.com\/blog\/#\/schema\/person\/image\/","url":"https:\/\/secure.gravatar.com\/avatar\/469000454b77ff0aacb32c49dba023be?s=96&d=mm&r=g","contentUrl":"https:\/\/secure.gravatar.com\/avatar\/469000454b77ff0aacb32c49dba023be?s=96&d=mm&r=g","caption":"Aleksandra Prejs"},"url":"https:\/\/www.sotrender.com\/blog\/pl\/author\/aleksandra-prejs\/"}]}},"_links":{"self":[{"href":"https:\/\/www.sotrender.com\/blog\/pl\/wp-json\/wp\/v2\/posts\/247"}],"collection":[{"href":"https:\/\/www.sotrender.com\/blog\/pl\/wp-json\/wp\/v2\/posts"}],"about":[{"href":"https:\/\/www.sotrender.com\/blog\/pl\/wp-json\/wp\/v2\/types\/post"}],"author":[{"embeddable":true,"href":"https:\/\/www.sotrender.com\/blog\/pl\/wp-json\/wp\/v2\/users\/31"}],"replies":[{"embeddable":true,"href":"https:\/\/www.sotrender.com\/blog\/pl\/wp-json\/wp\/v2\/comments?post=247"}],"version-history":[{"count":13,"href":"https:\/\/www.sotrender.com\/blog\/pl\/wp-json\/wp\/v2\/posts\/247\/revisions"}],"predecessor-version":[{"id":3061,"href":"https:\/\/www.sotrender.com\/blog\/pl\/wp-json\/wp\/v2\/posts\/247\/revisions\/3061"}],"wp:attachment":[{"href":"https:\/\/www.sotrender.com\/blog\/pl\/wp-json\/wp\/v2\/media?parent=247"}],"wp:term":[{"taxonomy":"category","embeddable":true,"href":"https:\/\/www.sotrender.com\/blog\/pl\/wp-json\/wp\/v2\/categories?post=247"},{"taxonomy":"post_tag","embeddable":true,"href":"https:\/\/www.sotrender.com\/blog\/pl\/wp-json\/wp\/v2\/tags?post=247"}],"curies":[{"name":"wp","href":"https:\/\/api.w.org\/{rel}","templated":true}]}}