{"id":24607,"date":"2017-01-13T10:51:00","date_gmt":"2017-01-13T09:51:00","guid":{"rendered":"https:\/\/www.sotrender.com\/blog\/?p=24607\/"},"modified":"2017-01-13T13:55:05","modified_gmt":"2017-01-13T12:55:05","slug":"fanpage-trends-grudzien-2016","status":"publish","type":"post","link":"https:\/\/www.sotrender.com\/blog\/pl\/2017\/01\/fanpage-trends-grudzien-2016\/","title":{"rendered":"Fanpage Trends grudzie\u0144 2016 &#8211; Polityka przeplata si\u0119 ze \u015bwi\u0119tami"},"content":{"rendered":"<p>W grudniu obserwowane przez strony na Facebooku opublikowa\u0142y \u015brednio o 1, 38% mniej post\u00f3w,  co te\u017c prze\u0142o\u017cy\u0142o si\u0119 na odrobin\u0119 ni\u017csze zaanga\u017cowanie u\u017cytkownik\u00f3w i ni\u017csz\u0105 liczb\u0119 polubie\u0144. Jednak ju\u017c je\u015bli chodzi o liczb\u0119 komentarzy i udost\u0119pnie\u0144,  zauwa\u017cyli\u015bmy drobne wzrosty.<\/p>\n<p>Co jeszcze dzia\u0142o si\u0119 w grudniu na Facebooku? Zapraszamy do lektury <a href=\"http:\/\/sotrender.com\/pl\/trends\/facebook\">najnowszego wydania raportu Fanpage Trends<\/a> przygotowanego przez <a href=\"http:\/\/sotrender.com\/pl\">Sotrender<\/a>!<\/p>\n<h2>BBC wiralowym mistrzem grudnia<\/h2>\n<div id=\"attachment_24611\" style=\"width: 510px\" class=\"wp-caption aligncenter\"><img loading=\"lazy\" decoding=\"async\" aria-describedby=\"caption-attachment-24611\" class=\"size-full wp-image-24611\" src=\"https:\/\/www.sotrender.com\/blog\/wp-content\/uploads\/2017\/01\/Najlepszy-post-grudnia-2016.png\" alt=\"Najbardziej interaktywny post miesi\u0105ca - Fanpage Trends grudzie\u0144 2016\" width=\"500\" height=\"705\" srcset=\"https:\/\/www.sotrender.com\/blog\/wp-content\/uploads\/2017\/01\/Najlepszy-post-grudnia-2016.png 500w, https:\/\/www.sotrender.com\/blog\/wp-content\/uploads\/2017\/01\/Najlepszy-post-grudnia-2016-475x670.png 475w\" sizes=\"(max-width: 500px) 100vw, 500px\" \/><p id=\"caption-attachment-24611\" class=\"wp-caption-text\">Najbardziej interaktywny post grudnia<\/p><\/div>\n<p>Najlepszy post w grudniu opublikowa\u0142a strona <strong>BBC Lifestyle<\/strong>. By\u0142y to naturalnie \u015bwi\u0105teczne \u017cyczenia opatrzone pro\u015bb\u0105 o ich udost\u0119pnienie. Skuteczn\u0105 &#8211; post \u201cszerowa\u0142o\u201d 87 tysi\u0119cy os\u00f3b,  a zareagowa\u0142o 27 tysi\u0119cy. Ten profil te\u017c najlepiej radzi\u0142 sobie wiralowo w ubieg\u0142ym miesi\u0105cu.<\/p>\n<h2>Polityka w Fanpage Trends<\/h2>\n<div id=\"attachment_24613\" style=\"width: 795px\" class=\"wp-caption aligncenter\"><img loading=\"lazy\" decoding=\"async\" aria-describedby=\"caption-attachment-24613\" class=\"size-full wp-image-24613\" src=\"https:\/\/www.sotrender.com\/blog\/wp-content\/uploads\/2017\/01\/Najbardziej-anga\u017cuj\u0105ce-bran\u017ce-na-Facebooku-Fanpage-Trends-grudzie\u0144-2016.png\" alt=\"Najbardziej anga\u017cuj\u0105ce bran\u017ce na Facebooku - Fanpage Trends grudzie\u0144 2016\" width=\"785\" height=\"665\" srcset=\"https:\/\/www.sotrender.com\/blog\/wp-content\/uploads\/2017\/01\/Najbardziej-anga\u017cuj\u0105ce-bran\u017ce-na-Facebooku-Fanpage-Trends-grudzie\u0144-2016.png 785w, https:\/\/www.sotrender.com\/blog\/wp-content\/uploads\/2017\/01\/Najbardziej-anga\u017cuj\u0105ce-bran\u017ce-na-Facebooku-Fanpage-Trends-grudzie\u0144-2016-475x402.png 475w, https:\/\/www.sotrender.com\/blog\/wp-content\/uploads\/2017\/01\/Najbardziej-anga\u017cuj\u0105ce-bran\u017ce-na-Facebooku-Fanpage-Trends-grudzie\u0144-2016-768x651.png 768w, https:\/\/www.sotrender.com\/blog\/wp-content\/uploads\/2017\/01\/Najbardziej-anga\u017cuj\u0105ce-bran\u017ce-na-Facebooku-Fanpage-Trends-grudzie\u0144-2016-600x508.png 600w\" sizes=\"(max-width: 785px) 100vw, 785px\" \/><p id=\"caption-attachment-24613\" class=\"wp-caption-text\">Najbardziej anga\u017cuj\u0105ce bran\u017ce na Facebooku &#8211; Fanpage Trends grudzie\u0144 2016<\/p><\/div>\n<p>Tak,  jak pisali\u015bmy przy okazji <strong><a href=\"https:\/\/www.sotrender.com\/blog\/pl\/2017\/01\/twitter-trends-grudzien-2016\/\" target=\"_blank\">Twitter Trends<\/a><\/strong>,  grudzie\u0144 by\u0142 bardzo burzliwym miesi\u0105cem je\u015bli chodzi o wydarzenia polityczne. Facebook zwykle na polityk\u0119 reaguje mniej ni\u017c Twitter i tak by\u0142o r\u00f3wnie\u017c w ubieg\u0142ym miesi\u0105cu,  nie znaczy to jednak,  \u017ce polityczne wydarzenia przesz\u0142y zupe\u0142nie bez echa. W por\u00f3wnaniu bran\u017c,  kategoria <a href=\"https:\/\/www.sotrender.com\/pl\/trends\/facebook\/reports\/201612\/politycy#trends\" target=\"_blank\"><strong>Politycy i partie<\/strong><\/a> awansowa\u0142a o sze\u015b\u0107 miejsc w rankingu zaanga\u017cowanie &#8211; w komunikacj\u0119 stron z tej kategorii zaanga\u017cowa\u0142o si\u0119 ponad \u00a0milion\u00f3w u\u017cytkownik\u00f3w Facebooka &#8211; oraz o dwa miejsca w zestawieniu interaktywno\u015bci.<\/p>\n<div id=\"attachment_24615\" style=\"width: 770px\" class=\"wp-caption aligncenter\"><a href=\"https:\/\/www.sotrender.com\/pl\/trends\/facebook\/reports\/201612\/politycy#trends\"><img loading=\"lazy\" decoding=\"async\" aria-describedby=\"caption-attachment-24615\" class=\"wp-image-24615 size-full\" src=\"https:\/\/www.sotrender.com\/blog\/wp-content\/uploads\/2017\/01\/Najbardziej-anga\u017cuj\u0105ce-strony-w-kategorii-Politycy-i-partie-Fanpage-Trends-grudzie\u0144-2016.png\" alt=\"Najbardziej anga\u017cuj\u0105ce strony w kategorii Politycy i partie - Fanpage Trends grudzie\u0144 2016\" width=\"760\" height=\"635\" srcset=\"https:\/\/www.sotrender.com\/blog\/wp-content\/uploads\/2017\/01\/Najbardziej-anga\u017cuj\u0105ce-strony-w-kategorii-Politycy-i-partie-Fanpage-Trends-grudzie\u0144-2016.png 760w, https:\/\/www.sotrender.com\/blog\/wp-content\/uploads\/2017\/01\/Najbardziej-anga\u017cuj\u0105ce-strony-w-kategorii-Politycy-i-partie-Fanpage-Trends-grudzie\u0144-2016-475x397.png 475w, https:\/\/www.sotrender.com\/blog\/wp-content\/uploads\/2017\/01\/Najbardziej-anga\u017cuj\u0105ce-strony-w-kategorii-Politycy-i-partie-Fanpage-Trends-grudzie\u0144-2016-600x501.png 600w\" sizes=\"(max-width: 760px) 100vw, 760px\" \/><\/a><p id=\"caption-attachment-24615\" class=\"wp-caption-text\">Najbardziej anga\u017cuj\u0105ce strony w kategorii <strong>Politycy i partie<\/strong> &#8211; Fanpage Trends grudzie\u0144 2016<\/p><\/div>\n<p>Jak wygl\u0105da\u0142 grudzie\u0144 w samej kategorii <a href=\"https:\/\/www.sotrender.com\/pl\/trends\/facebook\/reports\/201612\/politycy#trends\" target=\"_blank\"><strong>Politycy i partie<\/strong><\/a>? R\u00f3wnie ciekawie. Strona S\u0142awomira Nitrasa,  jednego z lider\u00f3w protestu opozycji,  swoj\u0105 komunikacj\u0105 wzbudzi\u0142a reakcj\u0119 139% swoich fan\u00f3w,  co da\u0142o mu awans o 32 miejsca w rankingu najbardziej anga\u017cuj\u0105cych stron politycznych na polskim Facebooku. R\u00f3wnie\u017c du\u017cymi wzrostami mog\u0105 pochwali\u0107 si\u0119 strony Radka Sikorskiego,  Kamili Gasiuk-Pihowicz oraz Platformy Obywatelskiej.<\/p>\n<h2>SA Ward\u0119ga z wa\u017cnym przes\u0142aniem<\/h2>\n<div id=\"attachment_24617\" style=\"width: 777px\" class=\"wp-caption aligncenter\"><a href=\"https:\/\/www.sotrender.com\/pl\/trends\/facebook\/reports\/201612\/vlogi#trends\" target=\"_blank\"><img loading=\"lazy\" decoding=\"async\" aria-describedby=\"caption-attachment-24617\" class=\"size-full wp-image-24617\" src=\"https:\/\/www.sotrender.com\/blog\/wp-content\/uploads\/2017\/01\/Najbardziej-interaktywne-strony-vlog\u00f3w-i-youtuber\u00f3w-Fanpage-Trends-grudzie\u0144-2016.png\" alt=\"Najbardziej interaktywne strony vlog\u00f3w i youtuber\u00f3w - Fanpage Trends grudzie\u0144 2016\" width=\"767\" height=\"613\" srcset=\"https:\/\/www.sotrender.com\/blog\/wp-content\/uploads\/2017\/01\/Najbardziej-interaktywne-strony-vlog\u00f3w-i-youtuber\u00f3w-Fanpage-Trends-grudzie\u0144-2016.png 767w, https:\/\/www.sotrender.com\/blog\/wp-content\/uploads\/2017\/01\/Najbardziej-interaktywne-strony-vlog\u00f3w-i-youtuber\u00f3w-Fanpage-Trends-grudzie\u0144-2016-475x380.png 475w, https:\/\/www.sotrender.com\/blog\/wp-content\/uploads\/2017\/01\/Najbardziej-interaktywne-strony-vlog\u00f3w-i-youtuber\u00f3w-Fanpage-Trends-grudzie\u0144-2016-600x480.png 600w\" sizes=\"(max-width: 767px) 100vw, 767px\" \/><\/a><p id=\"caption-attachment-24617\" class=\"wp-caption-text\">Najbardziej interaktywne strony <strong>vlog\u00f3w i youtuber\u00f3w<\/strong> &#8211; Fanpage Trends grudzie\u0144 2016<\/p><\/div>\n<p>W\u015br\u00f3d najlepszych post\u00f3w grudnia znalaz\u0142o si\u0119 tak\u017ce<a href=\"https:\/\/www.sotrender.com\/pl\/trends\/facebook\/reports\/201612\/vlogi#trends\" target=\"_blank\"> wideo SA Ward\u0119gi<\/a>,  w kt\u00f3rym youtuber przestrzega przed nieprzemy\u015blanym zakupem psiak\u00f3w pod choink\u0119. Film udost\u0119pni\u0142o ponad 67 tysi\u0119cy os\u00f3b. To by\u0142 tak\u017ce najlepszy post w kategorii <a href=\"https:\/\/www.sotrender.com\/pl\/trends\/facebook\/reports\/201612\/vlogi#trends\" target=\"_blank\"><strong>Vlogi i Youtuberzy<\/strong><\/a>,  co da\u0142o Ward\u0119dze awans na drugie miejsce w rankingu najbardziej interaktywnych vlog\u00f3w w grudniu 2016. Cieszy nas,  \u017ce tak wa\u017cne przes\u0142anie przebi\u0142o si\u0119 przez szum informacyjny na Facebooku.<\/p>\n<h2 style=\"text-align: center;\"><a href=\"http:\/\/sotrender.com\/pl\/trends\/facebook\">Zapraszamy do lektury najnowszego wydania raportu Fanpage Trends grudzie\u0144 2016!<\/a><\/h2>\n","protected":false},"excerpt":{"rendered":"<p>W grudniu obserwowane przez strony na Facebooku opublikowa\u0142y \u015brednio o 1, 38% mniej post\u00f3w, co te\u017c prze\u0142o\u017cy\u0142o si\u0119 na odrobin\u0119 ni\u017csze zaanga\u017cowanie u\u017cytkownik\u00f3w i ni\u017csz\u0105 liczb\u0119 polubie\u0144. Jednak ju\u017c je\u015bli chodzi o liczb\u0119 komentarzy i udost\u0119pnie\u0144, zauwa\u017cyli\u015bmy drobne wzrosty. Co jeszcze dzia\u0142o si\u0119 w grudniu na Facebooku? Zapraszamy do lektury najnowszego wydania raportu Fanpage Trends [&hellip;]<\/p>\n","protected":false},"author":49,"featured_media":24621,"comment_status":"open","ping_status":"open","sticky":false,"template":"","format":"standard","meta":{"inline_featured_image":false,"footnotes":""},"categories":[1791,1797,2125],"tags":[17,25,31],"yoast_head":"<!-- This site is optimized with the Yoast SEO plugin v22.4 - https:\/\/yoast.com\/wordpress\/plugins\/seo\/ -->\n<title>Fanpage Trends grudzie\u0144 2016<\/title>\n<meta name=\"description\" content=\"Raport Fanpage Trends zawiera najwa\u017cniejsze dane i opisuje najistoniejsze wydarzenia na polskim Facebooku. Pobierz raport za darmo!\" \/>\n<meta name=\"robots\" content=\"index, follow, max-snippet:-1, max-image-preview:large, max-video-preview:-1\" \/>\n<link rel=\"canonical\" href=\"https:\/\/www.sotrender.com\/blog\/pl\/2017\/01\/fanpage-trends-grudzien-2016\/\" \/>\n<meta property=\"og:locale\" content=\"pl_PL\" \/>\n<meta property=\"og:type\" content=\"article\" \/>\n<meta property=\"og:title\" content=\"Fanpage Trends grudzie\u0144 2016\" \/>\n<meta property=\"og:description\" content=\"Raport Fanpage Trends zawiera najwa\u017cniejsze dane i opisuje najistoniejsze wydarzenia na polskim Facebooku. Pobierz raport za darmo!\" \/>\n<meta property=\"og:url\" content=\"https:\/\/www.sotrender.com\/blog\/pl\/2017\/01\/fanpage-trends-grudzien-2016\/\" \/>\n<meta property=\"og:site_name\" content=\"Sotrender Blog\" \/>\n<meta property=\"article:publisher\" content=\"https:\/\/www.facebook.com\/Sotrender\" \/>\n<meta property=\"article:published_time\" content=\"2017-01-13T09:51:00+00:00\" \/>\n<meta property=\"article:modified_time\" content=\"2017-01-13T12:55:05+00:00\" \/>\n<meta property=\"og:image\" content=\"https:\/\/www.sotrender.com\/blog\/wp-content\/uploads\/2017\/01\/p6gln5infmi-alisa-anton-950x633.jpg\" \/>\n\t<meta property=\"og:image:width\" content=\"950\" \/>\n\t<meta property=\"og:image:height\" content=\"633\" \/>\n\t<meta property=\"og:image:type\" content=\"image\/jpeg\" \/>\n<meta name=\"author\" content=\"Micha\u0142 Wieczorek\" \/>\n<meta name=\"twitter:card\" content=\"summary_large_image\" \/>\n<meta name=\"twitter:creator\" content=\"@http:\/\/twitter.com\/eveningo\" \/>\n<meta name=\"twitter:site\" content=\"@Sotrender\" \/>\n<meta name=\"twitter:label1\" content=\"Written by\" \/>\n\t<meta name=\"twitter:data1\" content=\"Micha\u0142 Wieczorek\" \/>\n\t<meta name=\"twitter:label2\" content=\"Est. reading time\" \/>\n\t<meta name=\"twitter:data2\" content=\"2 minutes\" \/>\n<script type=\"application\/ld+json\" class=\"yoast-schema-graph\">{\"@context\":\"https:\/\/schema.org\",\"@graph\":[{\"@type\":\"WebPage\",\"@id\":\"https:\/\/www.sotrender.com\/blog\/pl\/2017\/01\/fanpage-trends-grudzien-2016\/\",\"url\":\"https:\/\/www.sotrender.com\/blog\/pl\/2017\/01\/fanpage-trends-grudzien-2016\/\",\"name\":\"Fanpage Trends grudzie\u0144 2016\",\"isPartOf\":{\"@id\":\"https:\/\/www.sotrender.com\/blog\/#website\"},\"primaryImageOfPage\":{\"@id\":\"https:\/\/www.sotrender.com\/blog\/pl\/2017\/01\/fanpage-trends-grudzien-2016\/#primaryimage\"},\"image\":{\"@id\":\"https:\/\/www.sotrender.com\/blog\/pl\/2017\/01\/fanpage-trends-grudzien-2016\/#primaryimage\"},\"thumbnailUrl\":\"https:\/\/www.sotrender.com\/blog\/wp-content\/uploads\/2017\/01\/p6gln5infmi-alisa-anton.jpg\",\"datePublished\":\"2017-01-13T09:51:00+00:00\",\"dateModified\":\"2017-01-13T12:55:05+00:00\",\"author\":{\"@id\":\"https:\/\/www.sotrender.com\/blog\/#\/schema\/person\/48ed6f8ff39863778de8dd32f58467f5\"},\"description\":\"Raport Fanpage Trends zawiera najwa\u017cniejsze dane i opisuje najistoniejsze wydarzenia na polskim Facebooku. Pobierz raport za darmo!\",\"breadcrumb\":{\"@id\":\"https:\/\/www.sotrender.com\/blog\/pl\/2017\/01\/fanpage-trends-grudzien-2016\/#breadcrumb\"},\"inLanguage\":\"pl-PL\",\"potentialAction\":[{\"@type\":\"ReadAction\",\"target\":[\"https:\/\/www.sotrender.com\/blog\/pl\/2017\/01\/fanpage-trends-grudzien-2016\/\"]}]},{\"@type\":\"ImageObject\",\"inLanguage\":\"pl-PL\",\"@id\":\"https:\/\/www.sotrender.com\/blog\/pl\/2017\/01\/fanpage-trends-grudzien-2016\/#primaryimage\",\"url\":\"https:\/\/www.sotrender.com\/blog\/wp-content\/uploads\/2017\/01\/p6gln5infmi-alisa-anton.jpg\",\"contentUrl\":\"https:\/\/www.sotrender.com\/blog\/wp-content\/uploads\/2017\/01\/p6gln5infmi-alisa-anton.jpg\",\"width\":5760,\"height\":3840},{\"@type\":\"BreadcrumbList\",\"@id\":\"https:\/\/www.sotrender.com\/blog\/pl\/2017\/01\/fanpage-trends-grudzien-2016\/#breadcrumb\",\"itemListElement\":[{\"@type\":\"ListItem\",\"position\":1,\"name\":\"Home\",\"item\":\"https:\/\/www.sotrender.com\/blog\/\"},{\"@type\":\"ListItem\",\"position\":2,\"name\":\"Fanpage Trends grudzie\u0144 2016 &#8211; Polityka przeplata si\u0119 ze \u015bwi\u0119tami\"}]},{\"@type\":\"WebSite\",\"@id\":\"https:\/\/www.sotrender.com\/blog\/#website\",\"url\":\"https:\/\/www.sotrender.com\/blog\/\",\"name\":\"Sotrender Blog\",\"description\":\"\",\"potentialAction\":[{\"@type\":\"SearchAction\",\"target\":{\"@type\":\"EntryPoint\",\"urlTemplate\":\"https:\/\/www.sotrender.com\/blog\/?s={search_term_string}\"},\"query-input\":\"required name=search_term_string\"}],\"inLanguage\":\"pl-PL\"},{\"@type\":\"Person\",\"@id\":\"https:\/\/www.sotrender.com\/blog\/#\/schema\/person\/48ed6f8ff39863778de8dd32f58467f5\",\"name\":\"Micha\u0142 Wieczorek\",\"image\":{\"@type\":\"ImageObject\",\"inLanguage\":\"pl-PL\",\"@id\":\"https:\/\/www.sotrender.com\/blog\/#\/schema\/person\/image\/\",\"url\":\"https:\/\/secure.gravatar.com\/avatar\/65ceb2020aa2338488b9c5f33c10137f?s=96&d=mm&r=g\",\"contentUrl\":\"https:\/\/secure.gravatar.com\/avatar\/65ceb2020aa2338488b9c5f33c10137f?s=96&d=mm&r=g\",\"caption\":\"Micha\u0142 Wieczorek\"},\"description\":\"Baltic linguist, marketer, and music journalist in his free time. A big fan of good food and even better music.\",\"sameAs\":[\"https:\/\/www.linkedin.com\/in\/michaldwieczorek\",\"https:\/\/twitter.com\/http:\/\/twitter.com\/eveningo\"],\"url\":\"https:\/\/www.sotrender.com\/blog\/pl\/author\/micha_wieczorek\/\"}]}<\/script>\n<!-- \/ Yoast SEO plugin. -->","yoast_head_json":{"title":"Fanpage Trends grudzie\u0144 2016","description":"Raport Fanpage Trends zawiera najwa\u017cniejsze dane i opisuje najistoniejsze wydarzenia na polskim Facebooku. Pobierz raport za darmo!","robots":{"index":"index","follow":"follow","max-snippet":"max-snippet:-1","max-image-preview":"max-image-preview:large","max-video-preview":"max-video-preview:-1"},"canonical":"https:\/\/www.sotrender.com\/blog\/pl\/2017\/01\/fanpage-trends-grudzien-2016\/","og_locale":"pl_PL","og_type":"article","og_title":"Fanpage Trends grudzie\u0144 2016","og_description":"Raport Fanpage Trends zawiera najwa\u017cniejsze dane i opisuje najistoniejsze wydarzenia na polskim Facebooku. Pobierz raport za darmo!","og_url":"https:\/\/www.sotrender.com\/blog\/pl\/2017\/01\/fanpage-trends-grudzien-2016\/","og_site_name":"Sotrender Blog","article_publisher":"https:\/\/www.facebook.com\/Sotrender","article_published_time":"2017-01-13T09:51:00+00:00","article_modified_time":"2017-01-13T12:55:05+00:00","og_image":[{"width":950,"height":633,"url":"https:\/\/www.sotrender.com\/blog\/wp-content\/uploads\/2017\/01\/p6gln5infmi-alisa-anton-950x633.jpg","type":"image\/jpeg"}],"author":"Micha\u0142 Wieczorek","twitter_card":"summary_large_image","twitter_creator":"@http:\/\/twitter.com\/eveningo","twitter_site":"@Sotrender","twitter_misc":{"Written by":"Micha\u0142 Wieczorek","Est. reading time":"2 minutes"},"schema":{"@context":"https:\/\/schema.org","@graph":[{"@type":"WebPage","@id":"https:\/\/www.sotrender.com\/blog\/pl\/2017\/01\/fanpage-trends-grudzien-2016\/","url":"https:\/\/www.sotrender.com\/blog\/pl\/2017\/01\/fanpage-trends-grudzien-2016\/","name":"Fanpage Trends grudzie\u0144 2016","isPartOf":{"@id":"https:\/\/www.sotrender.com\/blog\/#website"},"primaryImageOfPage":{"@id":"https:\/\/www.sotrender.com\/blog\/pl\/2017\/01\/fanpage-trends-grudzien-2016\/#primaryimage"},"image":{"@id":"https:\/\/www.sotrender.com\/blog\/pl\/2017\/01\/fanpage-trends-grudzien-2016\/#primaryimage"},"thumbnailUrl":"https:\/\/www.sotrender.com\/blog\/wp-content\/uploads\/2017\/01\/p6gln5infmi-alisa-anton.jpg","datePublished":"2017-01-13T09:51:00+00:00","dateModified":"2017-01-13T12:55:05+00:00","author":{"@id":"https:\/\/www.sotrender.com\/blog\/#\/schema\/person\/48ed6f8ff39863778de8dd32f58467f5"},"description":"Raport Fanpage Trends zawiera najwa\u017cniejsze dane i opisuje najistoniejsze wydarzenia na polskim Facebooku. Pobierz raport za darmo!","breadcrumb":{"@id":"https:\/\/www.sotrender.com\/blog\/pl\/2017\/01\/fanpage-trends-grudzien-2016\/#breadcrumb"},"inLanguage":"pl-PL","potentialAction":[{"@type":"ReadAction","target":["https:\/\/www.sotrender.com\/blog\/pl\/2017\/01\/fanpage-trends-grudzien-2016\/"]}]},{"@type":"ImageObject","inLanguage":"pl-PL","@id":"https:\/\/www.sotrender.com\/blog\/pl\/2017\/01\/fanpage-trends-grudzien-2016\/#primaryimage","url":"https:\/\/www.sotrender.com\/blog\/wp-content\/uploads\/2017\/01\/p6gln5infmi-alisa-anton.jpg","contentUrl":"https:\/\/www.sotrender.com\/blog\/wp-content\/uploads\/2017\/01\/p6gln5infmi-alisa-anton.jpg","width":5760,"height":3840},{"@type":"BreadcrumbList","@id":"https:\/\/www.sotrender.com\/blog\/pl\/2017\/01\/fanpage-trends-grudzien-2016\/#breadcrumb","itemListElement":[{"@type":"ListItem","position":1,"name":"Home","item":"https:\/\/www.sotrender.com\/blog\/"},{"@type":"ListItem","position":2,"name":"Fanpage Trends grudzie\u0144 2016 &#8211; Polityka przeplata si\u0119 ze \u015bwi\u0119tami"}]},{"@type":"WebSite","@id":"https:\/\/www.sotrender.com\/blog\/#website","url":"https:\/\/www.sotrender.com\/blog\/","name":"Sotrender Blog","description":"","potentialAction":[{"@type":"SearchAction","target":{"@type":"EntryPoint","urlTemplate":"https:\/\/www.sotrender.com\/blog\/?s={search_term_string}"},"query-input":"required name=search_term_string"}],"inLanguage":"pl-PL"},{"@type":"Person","@id":"https:\/\/www.sotrender.com\/blog\/#\/schema\/person\/48ed6f8ff39863778de8dd32f58467f5","name":"Micha\u0142 Wieczorek","image":{"@type":"ImageObject","inLanguage":"pl-PL","@id":"https:\/\/www.sotrender.com\/blog\/#\/schema\/person\/image\/","url":"https:\/\/secure.gravatar.com\/avatar\/65ceb2020aa2338488b9c5f33c10137f?s=96&d=mm&r=g","contentUrl":"https:\/\/secure.gravatar.com\/avatar\/65ceb2020aa2338488b9c5f33c10137f?s=96&d=mm&r=g","caption":"Micha\u0142 Wieczorek"},"description":"Baltic linguist, marketer, and music journalist in his free time. A big fan of good food and even better music.","sameAs":["https:\/\/www.linkedin.com\/in\/michaldwieczorek","https:\/\/twitter.com\/http:\/\/twitter.com\/eveningo"],"url":"https:\/\/www.sotrender.com\/blog\/pl\/author\/micha_wieczorek\/"}]}},"_links":{"self":[{"href":"https:\/\/www.sotrender.com\/blog\/pl\/wp-json\/wp\/v2\/posts\/24607"}],"collection":[{"href":"https:\/\/www.sotrender.com\/blog\/pl\/wp-json\/wp\/v2\/posts"}],"about":[{"href":"https:\/\/www.sotrender.com\/blog\/pl\/wp-json\/wp\/v2\/types\/post"}],"author":[{"embeddable":true,"href":"https:\/\/www.sotrender.com\/blog\/pl\/wp-json\/wp\/v2\/users\/49"}],"replies":[{"embeddable":true,"href":"https:\/\/www.sotrender.com\/blog\/pl\/wp-json\/wp\/v2\/comments?post=24607"}],"version-history":[{"count":7,"href":"https:\/\/www.sotrender.com\/blog\/pl\/wp-json\/wp\/v2\/posts\/24607\/revisions"}],"predecessor-version":[{"id":24631,"href":"https:\/\/www.sotrender.com\/blog\/pl\/wp-json\/wp\/v2\/posts\/24607\/revisions\/24631"}],"wp:featuredmedia":[{"embeddable":true,"href":"https:\/\/www.sotrender.com\/blog\/pl\/wp-json\/wp\/v2\/media\/24621"}],"wp:attachment":[{"href":"https:\/\/www.sotrender.com\/blog\/pl\/wp-json\/wp\/v2\/media?parent=24607"}],"wp:term":[{"taxonomy":"category","embeddable":true,"href":"https:\/\/www.sotrender.com\/blog\/pl\/wp-json\/wp\/v2\/categories?post=24607"},{"taxonomy":"post_tag","embeddable":true,"href":"https:\/\/www.sotrender.com\/blog\/pl\/wp-json\/wp\/v2\/tags?post=24607"}],"curies":[{"name":"wp","href":"https:\/\/api.w.org\/{rel}","templated":true}]}}