{"id":24467,"date":"2017-01-04T13:03:53","date_gmt":"2017-01-04T12:03:53","guid":{"rendered":"https:\/\/www.sotrender.com\/blog\/?p=24467\/"},"modified":"2017-01-04T13:08:22","modified_gmt":"2017-01-04T12:08:22","slug":"instagram-trends-grudzien-2016-instagram-w-swietle-lampek-swiatecznych","status":"publish","type":"post","link":"https:\/\/www.sotrender.com\/blog\/pl\/2017\/01\/instagram-trends-grudzien-2016-instagram-w-swietle-lampek-swiatecznych\/","title":{"rendered":"Instagram Trends grudzie\u0144 2016 &#8211; Instagram w \u015bwietle lampek \u015bwi\u0105tecznych"},"content":{"rendered":"<p>Mimo i\u017c zima nie rozpie\u015bci\u0142a nas ilo\u015bci\u0105 \u015bniegu w wigilijny wiecz\u00f3r,  to na brak \u015bwi\u0105tecznego nastroju nie powinni\u015bmy narzeka\u0107 &#8211; na pewno nie zabrak\u0142o go u\u017cytkownikom Instagrama,  u kt\u00f3rych <strong>#christmas<\/strong> by\u0142 najcz\u0119\u015bciej u\u017cywanym hashtagiem w grudniu. <!--more-->W\u015br\u00f3d najlepszych post\u00f3w w tym miesi\u0105cu na Instagramie kr\u00f3lowa\u0142y prezenty,  choinki oraz \u015bwi\u0105teczne zdj\u0119cia z \u017cyczeniami. W dodatku okres \u015bwi\u0105teczny,  odmiennie ni\u017c wakacyjny,  sprzyja\u0142 wi\u0119kszej aktywno\u015bci na Instagramie \u2013 ciekawe,  kto omija\u0142 \u015bwi\u0105teczne porz\u0105dki t\u0142umacz\u0105c si\u0119 \u201edu\u017c\u0105 ilo\u015bci\u0105 pracy w mediach spo\u0142eczno\u015bciowych\u201d.<\/p>\n<p>Co jeszcze dzia\u0142o si\u0119 na <a href=\"https:\/\/www.sotrender.com\/blog\/wp-content\/uploads\/2017\/01\/instagram_trends_201612_hl2.pdf\"><strong>Instagramie w grudniu<\/strong><\/a>? Tego dowiecie si\u0119 z najnowszego wydania Instagram Trends przygotowanego przez\u00a0<a href=\"http:\/\/sotrender.pl\/\"><strong>Sotrender<\/strong><\/a>!<\/p>\n<h2><strong>Handel na czerwono<\/strong><\/h2>\n<p>Chocia\u017c sklepy w grudniu na brak klient\u00f3w narzeka\u0107 nie mog\u0105,  to na spadek aktywno\u015bci obserwuj\u0105cych na Instagramie ju\u017c tak \u2013 wi\u0119kszo\u015b\u0107 stawki poprzedza czerwony znaczek,  oznaczaj\u0105cy przesuni\u0119cie si\u0119 o kilka oczek w d\u00f3\u0142 wzgl\u0119dem poprzedniego miesi\u0105ca. Podobnie wygl\u0105da sprawa z liczb\u0105 obserwuj\u0105cych,  a to za spraw\u0105 czarnego konia \u2013 <strong>G2A.COM<\/strong>. Je\u015bli natomiast chodzi o aktywno\u015bci,  to zaskoczeniem mo\u017ce by\u0107 <strong>PROSTO<\/strong>,  kt\u00f3re wskoczy\u0142o a\u017c o 36 oczek w g\u00f3r\u0119 \u2013 przyczyni\u0142y si\u0119 do tego z pewno\u015bci\u0105 cz\u0119sto publikowane w ostatnim czasie gify oraz zdj\u0119cia podzielone na cz\u0119\u015bci.<\/p>\n<div id=\"attachment_24471\" style=\"width: 394px\" class=\"wp-caption aligncenter\"><img loading=\"lazy\" decoding=\"async\" aria-describedby=\"caption-attachment-24471\" class=\"wp-image-24471\" src=\"https:\/\/www.sotrender.com\/blog\/wp-content\/uploads\/2017\/01\/prosto-475x539.jpg\" alt=\"Instagram Trends Grudzie\u0144 2016 - profil Prosto \" width=\"384\" height=\"436\" srcset=\"https:\/\/www.sotrender.com\/blog\/wp-content\/uploads\/2017\/01\/prosto-475x539.jpg 475w, https:\/\/www.sotrender.com\/blog\/wp-content\/uploads\/2017\/01\/prosto.jpg 560w\" sizes=\"(max-width: 384px) 100vw, 384px\" \/><p id=\"caption-attachment-24471\" class=\"wp-caption-text\">Prosto zamieszcza ciekawe kola\u017ce (\u017ar.: <a href=\"https:\/\/www.instagram.com\/prostowear\/\">Instagram.com<\/a>)<\/p><\/div>\n<h2><strong>Ma\u0142\u017ce\u0144stwo zn\u00f3w na podium<\/strong><\/h2>\n<p>O <strong>Annie<\/strong> i <strong>Robercie Lewandowskich<\/strong> piszemy du\u017co i cz\u0119sto,  gdy\u017c z pewno\u015bci\u0105 s\u0105 oni niekwestionowan\u0105 par\u0105 kr\u00f3lewsk\u0105 polskiego Instagrama. I cho\u0107 Robert znacznie wyprzedza swoj\u0105 ma\u0142\u017conk\u0119 w aktywno\u015bciach i popularno\u015bci,  to w grudniu Anna zaj\u0119\u0142a drugie miejsce,  je\u015bli chodzi o liczb\u0119 nowych obserwuj\u0105cych \u2013 by\u0142o ich a\u017c 68 tysi\u0119cy. Natomiast trzecie miejsce w stawce zajmuje model i prezenter &#8211; <strong>Jakub Kucner<\/strong>.<\/p>\n<p><img loading=\"lazy\" decoding=\"async\" class=\"aligncenter wp-image-24473\" src=\"https:\/\/www.sotrender.com\/blog\/wp-content\/uploads\/2017\/01\/rosnacy.jpg\" alt=\"Instagram Trends Grudzie\u0144 2016 - najszybciej rosn\u0105cy\" width=\"330\" height=\"310\" \/><\/p>\n<h2><strong>Zg\u0142o\u015b profil do Instagram Trends!<\/strong><\/h2>\n<p>Ca\u0142y czas dodajemy nowe kategorie i profile do naszego raportu. Je\u015bli znacie profile,  kt\u00f3re powinny znale\u017a\u0107 si\u0119 w <strong><a href=\"https:\/\/www.sotrender.com\/blog\/wp-content\/uploads\/2017\/01\/instagram_trends_201612_hl2.pdf\">Instagram Trends<\/a><\/strong>,  wype\u0142nijcie ten formularz lub napiszcie na adres <a href=\"mailto:trends@sotrender.com\">trends@sotrender.com<\/a>.<\/p>\n<h3 style=\"text-align: center;\"><a href=\"https:\/\/www.sotrender.com\/blog\/wp-content\/uploads\/2017\/01\/instagram_trends_201612_hl2.pdf\" target=\"_blank\"><strong>Pobierz raport Instagram Trends grudzie\u0144\u00a02016!<\/strong><\/a><\/h3>\n<div class=\"shortcode trial\"><h4><span>Mierz dzia\u0142ania na Instagramie w Sotrenderze!<\/span><a title=\"Wypr\u00f3buj za darmo!\" class=\"btn\" href=\"https:\/\/app.sotrender.com\/auth\/signup\/trial\/pl?utm_source=blog-cta-legacy\">Wypr\u00f3buj za darmo!<\/a><\/h4><\/div>\n","protected":false},"excerpt":{"rendered":"<p>Mimo i\u017c zima nie rozpie\u015bci\u0142a nas ilo\u015bci\u0105 \u015bniegu w wigilijny wiecz\u00f3r, to na brak \u015bwi\u0105tecznego nastroju nie powinni\u015bmy narzeka\u0107 &#8211; na pewno nie zabrak\u0142o go u\u017cytkownikom Instagrama, u kt\u00f3rych #christmas by\u0142 najcz\u0119\u015bciej u\u017cywanym hashtagiem w grudniu.<\/p>\n","protected":false},"author":81,"featured_media":24475,"comment_status":"open","ping_status":"open","sticky":false,"template":"","format":"standard","meta":{"inline_featured_image":false,"footnotes":""},"categories":[1791,1803,2125],"tags":[25,1687,2073],"yoast_head":"<!-- This site is optimized with the Yoast SEO plugin v22.4 - https:\/\/yoast.com\/wordpress\/plugins\/seo\/ -->\n<title>Instagram Trends grudzie\u0144 2016 - Instagram w \u015bwietle lampek \u015bwi\u0105tecznych \u2013 Sotrender Blog \u2013 Analyze, Benchmark &amp; Report Your Social Media Performance<\/title>\n<meta name=\"description\" content=\"Mimo i\u017c zima nie rozpie\u015bci\u0142a nas ilo\u015bci\u0105 \u015bniegu w wigilijny wiecz\u00f3r, to na brak \u015bwi\u0105tecznego nastroju nie powinni\u015bmy narzeka\u0107 - na pewno nie zabrak\u0142o go Social Media Marketing &amp; Analytics Blog.\" \/>\n<meta name=\"robots\" content=\"index, follow, max-snippet:-1, max-image-preview:large, max-video-preview:-1\" \/>\n<link rel=\"canonical\" href=\"https:\/\/www.sotrender.com\/blog\/pl\/2017\/01\/instagram-trends-grudzien-2016-instagram-w-swietle-lampek-swiatecznych\/\" \/>\n<meta property=\"og:locale\" content=\"pl_PL\" \/>\n<meta property=\"og:type\" content=\"article\" \/>\n<meta property=\"og:title\" content=\"Instagram Trends grudzie\u0144 2016 - Instagram w \u015bwietle lampek \u015bwi\u0105tecznych \u2013 Sotrender Blog \u2013 Analyze, Benchmark &amp; Report Your Social Media Performance\" \/>\n<meta property=\"og:description\" content=\"Mimo i\u017c zima nie rozpie\u015bci\u0142a nas ilo\u015bci\u0105 \u015bniegu w wigilijny wiecz\u00f3r, to na brak \u015bwi\u0105tecznego nastroju nie powinni\u015bmy narzeka\u0107 - na pewno nie zabrak\u0142o go Social Media Marketing &amp; Analytics Blog.\" \/>\n<meta property=\"og:url\" content=\"https:\/\/www.sotrender.com\/blog\/pl\/2017\/01\/instagram-trends-grudzien-2016-instagram-w-swietle-lampek-swiatecznych\/\" \/>\n<meta property=\"og:site_name\" content=\"Sotrender Blog\" \/>\n<meta property=\"article:publisher\" content=\"https:\/\/www.facebook.com\/Sotrender\" \/>\n<meta property=\"article:published_time\" content=\"2017-01-04T12:03:53+00:00\" \/>\n<meta property=\"article:modified_time\" content=\"2017-01-04T12:08:22+00:00\" \/>\n<meta property=\"og:image\" content=\"https:\/\/www.sotrender.com\/blog\/wp-content\/uploads\/2017\/01\/hand-wintering-scarf.jpg\" \/>\n\t<meta property=\"og:image:width\" content=\"1600\" \/>\n\t<meta property=\"og:image:height\" content=\"1067\" \/>\n\t<meta property=\"og:image:type\" content=\"image\/jpeg\" \/>\n<meta name=\"author\" content=\"Magdalena Poprawa\" \/>\n<meta name=\"twitter:card\" content=\"summary_large_image\" \/>\n<meta name=\"twitter:creator\" content=\"@Sotrender\" \/>\n<meta name=\"twitter:site\" content=\"@Sotrender\" \/>\n<meta name=\"twitter:label1\" content=\"Written by\" \/>\n\t<meta name=\"twitter:data1\" content=\"Magdalena Poprawa\" \/>\n\t<meta name=\"twitter:label2\" content=\"Est. reading time\" \/>\n\t<meta name=\"twitter:data2\" content=\"2 minutes\" \/>\n<script type=\"application\/ld+json\" class=\"yoast-schema-graph\">{\"@context\":\"https:\/\/schema.org\",\"@graph\":[{\"@type\":\"WebPage\",\"@id\":\"https:\/\/www.sotrender.com\/blog\/pl\/2017\/01\/instagram-trends-grudzien-2016-instagram-w-swietle-lampek-swiatecznych\/\",\"url\":\"https:\/\/www.sotrender.com\/blog\/pl\/2017\/01\/instagram-trends-grudzien-2016-instagram-w-swietle-lampek-swiatecznych\/\",\"name\":\"Instagram Trends grudzie\u0144 2016 - Instagram w \u015bwietle lampek \u015bwi\u0105tecznych \u2013 Sotrender Blog \u2013 Analyze, Benchmark & Report Your Social Media Performance\",\"isPartOf\":{\"@id\":\"https:\/\/www.sotrender.com\/blog\/#website\"},\"primaryImageOfPage\":{\"@id\":\"https:\/\/www.sotrender.com\/blog\/pl\/2017\/01\/instagram-trends-grudzien-2016-instagram-w-swietle-lampek-swiatecznych\/#primaryimage\"},\"image\":{\"@id\":\"https:\/\/www.sotrender.com\/blog\/pl\/2017\/01\/instagram-trends-grudzien-2016-instagram-w-swietle-lampek-swiatecznych\/#primaryimage\"},\"thumbnailUrl\":\"https:\/\/www.sotrender.com\/blog\/wp-content\/uploads\/2017\/01\/hand-wintering-scarf.jpg\",\"datePublished\":\"2017-01-04T12:03:53+00:00\",\"dateModified\":\"2017-01-04T12:08:22+00:00\",\"author\":{\"@id\":\"https:\/\/www.sotrender.com\/blog\/#\/schema\/person\/3642b75ae753959d5bce64ad7514d143\"},\"description\":\"Mimo i\u017c zima nie rozpie\u015bci\u0142a nas ilo\u015bci\u0105 \u015bniegu w wigilijny wiecz\u00f3r, to na brak \u015bwi\u0105tecznego nastroju nie powinni\u015bmy narzeka\u0107 - na pewno nie zabrak\u0142o go Social Media Marketing & Analytics Blog.\",\"breadcrumb\":{\"@id\":\"https:\/\/www.sotrender.com\/blog\/pl\/2017\/01\/instagram-trends-grudzien-2016-instagram-w-swietle-lampek-swiatecznych\/#breadcrumb\"},\"inLanguage\":\"pl-PL\",\"potentialAction\":[{\"@type\":\"ReadAction\",\"target\":[\"https:\/\/www.sotrender.com\/blog\/pl\/2017\/01\/instagram-trends-grudzien-2016-instagram-w-swietle-lampek-swiatecznych\/\"]}]},{\"@type\":\"ImageObject\",\"inLanguage\":\"pl-PL\",\"@id\":\"https:\/\/www.sotrender.com\/blog\/pl\/2017\/01\/instagram-trends-grudzien-2016-instagram-w-swietle-lampek-swiatecznych\/#primaryimage\",\"url\":\"https:\/\/www.sotrender.com\/blog\/wp-content\/uploads\/2017\/01\/hand-wintering-scarf.jpg\",\"contentUrl\":\"https:\/\/www.sotrender.com\/blog\/wp-content\/uploads\/2017\/01\/hand-wintering-scarf.jpg\",\"width\":1600,\"height\":1067,\"caption\":\"Instagram Trends grudzie\u0144 2016\"},{\"@type\":\"BreadcrumbList\",\"@id\":\"https:\/\/www.sotrender.com\/blog\/pl\/2017\/01\/instagram-trends-grudzien-2016-instagram-w-swietle-lampek-swiatecznych\/#breadcrumb\",\"itemListElement\":[{\"@type\":\"ListItem\",\"position\":1,\"name\":\"Home\",\"item\":\"https:\/\/www.sotrender.com\/blog\/\"},{\"@type\":\"ListItem\",\"position\":2,\"name\":\"Instagram Trends grudzie\u0144 2016 &#8211; Instagram w \u015bwietle lampek \u015bwi\u0105tecznych\"}]},{\"@type\":\"WebSite\",\"@id\":\"https:\/\/www.sotrender.com\/blog\/#website\",\"url\":\"https:\/\/www.sotrender.com\/blog\/\",\"name\":\"Sotrender Blog\",\"description\":\"\",\"potentialAction\":[{\"@type\":\"SearchAction\",\"target\":{\"@type\":\"EntryPoint\",\"urlTemplate\":\"https:\/\/www.sotrender.com\/blog\/?s={search_term_string}\"},\"query-input\":\"required name=search_term_string\"}],\"inLanguage\":\"pl-PL\"},{\"@type\":\"Person\",\"@id\":\"https:\/\/www.sotrender.com\/blog\/#\/schema\/person\/3642b75ae753959d5bce64ad7514d143\",\"name\":\"Magdalena Poprawa\",\"image\":{\"@type\":\"ImageObject\",\"inLanguage\":\"pl-PL\",\"@id\":\"https:\/\/www.sotrender.com\/blog\/#\/schema\/person\/image\/\",\"url\":\"https:\/\/secure.gravatar.com\/avatar\/95ac3974e8d78e3daf21d769297996a7?s=96&d=mm&r=g\",\"contentUrl\":\"https:\/\/secure.gravatar.com\/avatar\/95ac3974e8d78e3daf21d769297996a7?s=96&d=mm&r=g\",\"caption\":\"Magdalena Poprawa\"},\"description\":\"Law and communication design student, social media law freak and coffee lover.\",\"url\":\"https:\/\/www.sotrender.com\/blog\/pl\/author\/mpoprawa\/\"}]}<\/script>\n<!-- \/ Yoast SEO plugin. -->","yoast_head_json":{"title":"Instagram Trends grudzie\u0144 2016 - Instagram w \u015bwietle lampek \u015bwi\u0105tecznych \u2013 Sotrender Blog \u2013 Analyze, Benchmark & Report Your Social Media Performance","description":"Mimo i\u017c zima nie rozpie\u015bci\u0142a nas ilo\u015bci\u0105 \u015bniegu w wigilijny wiecz\u00f3r, to na brak \u015bwi\u0105tecznego nastroju nie powinni\u015bmy narzeka\u0107 - na pewno nie zabrak\u0142o go Social Media Marketing & Analytics Blog.","robots":{"index":"index","follow":"follow","max-snippet":"max-snippet:-1","max-image-preview":"max-image-preview:large","max-video-preview":"max-video-preview:-1"},"canonical":"https:\/\/www.sotrender.com\/blog\/pl\/2017\/01\/instagram-trends-grudzien-2016-instagram-w-swietle-lampek-swiatecznych\/","og_locale":"pl_PL","og_type":"article","og_title":"Instagram Trends grudzie\u0144 2016 - Instagram w \u015bwietle lampek \u015bwi\u0105tecznych \u2013 Sotrender Blog \u2013 Analyze, Benchmark & Report Your Social Media Performance","og_description":"Mimo i\u017c zima nie rozpie\u015bci\u0142a nas ilo\u015bci\u0105 \u015bniegu w wigilijny wiecz\u00f3r, to na brak \u015bwi\u0105tecznego nastroju nie powinni\u015bmy narzeka\u0107 - na pewno nie zabrak\u0142o go Social Media Marketing & Analytics Blog.","og_url":"https:\/\/www.sotrender.com\/blog\/pl\/2017\/01\/instagram-trends-grudzien-2016-instagram-w-swietle-lampek-swiatecznych\/","og_site_name":"Sotrender Blog","article_publisher":"https:\/\/www.facebook.com\/Sotrender","article_published_time":"2017-01-04T12:03:53+00:00","article_modified_time":"2017-01-04T12:08:22+00:00","og_image":[{"width":1600,"height":1067,"url":"https:\/\/www.sotrender.com\/blog\/wp-content\/uploads\/2017\/01\/hand-wintering-scarf.jpg","type":"image\/jpeg"}],"author":"Magdalena Poprawa","twitter_card":"summary_large_image","twitter_creator":"@Sotrender","twitter_site":"@Sotrender","twitter_misc":{"Written by":"Magdalena Poprawa","Est. reading time":"2 minutes"},"schema":{"@context":"https:\/\/schema.org","@graph":[{"@type":"WebPage","@id":"https:\/\/www.sotrender.com\/blog\/pl\/2017\/01\/instagram-trends-grudzien-2016-instagram-w-swietle-lampek-swiatecznych\/","url":"https:\/\/www.sotrender.com\/blog\/pl\/2017\/01\/instagram-trends-grudzien-2016-instagram-w-swietle-lampek-swiatecznych\/","name":"Instagram Trends grudzie\u0144 2016 - Instagram w \u015bwietle lampek \u015bwi\u0105tecznych \u2013 Sotrender Blog \u2013 Analyze, Benchmark & Report Your Social Media Performance","isPartOf":{"@id":"https:\/\/www.sotrender.com\/blog\/#website"},"primaryImageOfPage":{"@id":"https:\/\/www.sotrender.com\/blog\/pl\/2017\/01\/instagram-trends-grudzien-2016-instagram-w-swietle-lampek-swiatecznych\/#primaryimage"},"image":{"@id":"https:\/\/www.sotrender.com\/blog\/pl\/2017\/01\/instagram-trends-grudzien-2016-instagram-w-swietle-lampek-swiatecznych\/#primaryimage"},"thumbnailUrl":"https:\/\/www.sotrender.com\/blog\/wp-content\/uploads\/2017\/01\/hand-wintering-scarf.jpg","datePublished":"2017-01-04T12:03:53+00:00","dateModified":"2017-01-04T12:08:22+00:00","author":{"@id":"https:\/\/www.sotrender.com\/blog\/#\/schema\/person\/3642b75ae753959d5bce64ad7514d143"},"description":"Mimo i\u017c zima nie rozpie\u015bci\u0142a nas ilo\u015bci\u0105 \u015bniegu w wigilijny wiecz\u00f3r, to na brak \u015bwi\u0105tecznego nastroju nie powinni\u015bmy narzeka\u0107 - na pewno nie zabrak\u0142o go Social Media Marketing & Analytics Blog.","breadcrumb":{"@id":"https:\/\/www.sotrender.com\/blog\/pl\/2017\/01\/instagram-trends-grudzien-2016-instagram-w-swietle-lampek-swiatecznych\/#breadcrumb"},"inLanguage":"pl-PL","potentialAction":[{"@type":"ReadAction","target":["https:\/\/www.sotrender.com\/blog\/pl\/2017\/01\/instagram-trends-grudzien-2016-instagram-w-swietle-lampek-swiatecznych\/"]}]},{"@type":"ImageObject","inLanguage":"pl-PL","@id":"https:\/\/www.sotrender.com\/blog\/pl\/2017\/01\/instagram-trends-grudzien-2016-instagram-w-swietle-lampek-swiatecznych\/#primaryimage","url":"https:\/\/www.sotrender.com\/blog\/wp-content\/uploads\/2017\/01\/hand-wintering-scarf.jpg","contentUrl":"https:\/\/www.sotrender.com\/blog\/wp-content\/uploads\/2017\/01\/hand-wintering-scarf.jpg","width":1600,"height":1067,"caption":"Instagram Trends grudzie\u0144 2016"},{"@type":"BreadcrumbList","@id":"https:\/\/www.sotrender.com\/blog\/pl\/2017\/01\/instagram-trends-grudzien-2016-instagram-w-swietle-lampek-swiatecznych\/#breadcrumb","itemListElement":[{"@type":"ListItem","position":1,"name":"Home","item":"https:\/\/www.sotrender.com\/blog\/"},{"@type":"ListItem","position":2,"name":"Instagram Trends grudzie\u0144 2016 &#8211; Instagram w \u015bwietle lampek \u015bwi\u0105tecznych"}]},{"@type":"WebSite","@id":"https:\/\/www.sotrender.com\/blog\/#website","url":"https:\/\/www.sotrender.com\/blog\/","name":"Sotrender Blog","description":"","potentialAction":[{"@type":"SearchAction","target":{"@type":"EntryPoint","urlTemplate":"https:\/\/www.sotrender.com\/blog\/?s={search_term_string}"},"query-input":"required name=search_term_string"}],"inLanguage":"pl-PL"},{"@type":"Person","@id":"https:\/\/www.sotrender.com\/blog\/#\/schema\/person\/3642b75ae753959d5bce64ad7514d143","name":"Magdalena Poprawa","image":{"@type":"ImageObject","inLanguage":"pl-PL","@id":"https:\/\/www.sotrender.com\/blog\/#\/schema\/person\/image\/","url":"https:\/\/secure.gravatar.com\/avatar\/95ac3974e8d78e3daf21d769297996a7?s=96&d=mm&r=g","contentUrl":"https:\/\/secure.gravatar.com\/avatar\/95ac3974e8d78e3daf21d769297996a7?s=96&d=mm&r=g","caption":"Magdalena Poprawa"},"description":"Law and communication design student, social media law freak and coffee lover.","url":"https:\/\/www.sotrender.com\/blog\/pl\/author\/mpoprawa\/"}]}},"_links":{"self":[{"href":"https:\/\/www.sotrender.com\/blog\/pl\/wp-json\/wp\/v2\/posts\/24467"}],"collection":[{"href":"https:\/\/www.sotrender.com\/blog\/pl\/wp-json\/wp\/v2\/posts"}],"about":[{"href":"https:\/\/www.sotrender.com\/blog\/pl\/wp-json\/wp\/v2\/types\/post"}],"author":[{"embeddable":true,"href":"https:\/\/www.sotrender.com\/blog\/pl\/wp-json\/wp\/v2\/users\/81"}],"replies":[{"embeddable":true,"href":"https:\/\/www.sotrender.com\/blog\/pl\/wp-json\/wp\/v2\/comments?post=24467"}],"version-history":[{"count":7,"href":"https:\/\/www.sotrender.com\/blog\/pl\/wp-json\/wp\/v2\/posts\/24467\/revisions"}],"predecessor-version":[{"id":24489,"href":"https:\/\/www.sotrender.com\/blog\/pl\/wp-json\/wp\/v2\/posts\/24467\/revisions\/24489"}],"wp:featuredmedia":[{"embeddable":true,"href":"https:\/\/www.sotrender.com\/blog\/pl\/wp-json\/wp\/v2\/media\/24475"}],"wp:attachment":[{"href":"https:\/\/www.sotrender.com\/blog\/pl\/wp-json\/wp\/v2\/media?parent=24467"}],"wp:term":[{"taxonomy":"category","embeddable":true,"href":"https:\/\/www.sotrender.com\/blog\/pl\/wp-json\/wp\/v2\/categories?post=24467"},{"taxonomy":"post_tag","embeddable":true,"href":"https:\/\/www.sotrender.com\/blog\/pl\/wp-json\/wp\/v2\/tags?post=24467"}],"curies":[{"name":"wp","href":"https:\/\/api.w.org\/{rel}","templated":true}]}}