{"id":2417,"date":"2012-10-05T11:14:50","date_gmt":"2012-10-05T10:14:50","guid":{"rendered":"http:\/\/blog.sotrender.com\/?p=2417"},"modified":"2015-12-28T15:41:32","modified_gmt":"2015-12-28T14:41:32","slug":"zmiany-zmiany-zmiany-czyli-wrzesien-na-facebooku-sotrender-fanpage-trends-wrzesien-2012","status":"publish","type":"post","link":"https:\/\/www.sotrender.com\/blog\/pl\/2012\/10\/zmiany-zmiany-zmiany-czyli-wrzesien-na-facebooku-sotrender-fanpage-trends-wrzesien-2012\/","title":{"rendered":"Zmiany,  zmiany,  zmiany,  czyli wrzesie\u0144 na Facebooku &#8211; Fanpage Trends wrzesie\u0144 2012"},"content":{"rendered":"<p>We wrze\u015bniu <strong>Facebook<\/strong> wyj\u0105tkowo dokazywa\u0142. Serwis otworzy\u0142 warszawskie biuro,  zacz\u0105\u0142 akcj\u0119 kasowania <strong>fa\u0142szywych profili<\/strong> (w Polsce na razie ma\u0142o zauwa\u017caln\u0105) oraz wprowadzi\u0142 dla polskich profili funkcjonalno\u015b\u0107 ofert. Jednocze\u015bnie <strong>Orange Polska<\/strong>,  jako 5. polski profil,  przekroczy\u0142 liczb\u0119 miliona fan\u00f3w. I tylko w ostatnich dniach miesi\u0105ca ca\u0142a bran\u017ca social media struchla\u0142a,  widz\u0105c zmiany w algorytmie wy\u015bwietlania post\u00f3w powoduj\u0105ce znaczny spadek zasi\u0119gu\u2026 Przedstawiamy raport <a href=\"http:\/\/www.sotrender.com\/pl\/fanpage-trends\/201209\">Fanpage Trends Wrzesie\u0144 2012<\/a>,  podsumowanie dzia\u0142a\u0144 marketingowych na polskim Facebooku,  przygotowany przez <a href=\"http:\/\/www.sotrender.com\/pl\/\">Sotrender<\/a>,  zawierajacy podsumowanie dzia\u0142a\u0144 w ponad 30 bran\u017cach oraz <strong>statystyki i komentarze ekspert\u00f3w<\/strong>.<\/p>\n<p><!--more--><\/p>\n<h2>Kasowanie sztucznych kont Facebooka,  czyli na rze\u017a niewini\u0105tek troch\u0119 jeszcze poczekamy\u2026<\/h2>\n<p>Niedawno palpitacj\u0119 serc niekt\u00f3rych agencji social mediowych wywo\u0142a\u0142y zapowiedzi Facebooka o kasowaniu fa\u0142szywych kont u\u017cytkownik\u00f3w,  <a href=\"https:\/\/www.sotrender.com\/blog\/pl\/2012\/09\/marketing-polskich-firm-na-facebooku-raport-fanpage-trends-sierpien-2012-by-sotrender\/\">wspomniane przez nas przy okazji poprzedniego raportu Fanpage Trends<\/a>. Usuni\u0119cie fa\u0142szywych profili ma przeciwdzia\u0142a\u0107 nieuczciwym dzia\u0142aniom,  takim jak kupowanie fan\u00f3w i zawy\u017canie statystyk efektywno\u015bci marketingu. Z analiz Sotrendera wynika,  \u017ce operacja usuwania fa\u0142szywych kont w Polsce rozpocz\u0119\u0142a si\u0119 w okolicach 20 wrze\u015bnia. Wydaje si\u0119 jednak,  \u017ce by\u0142a to tylko przygrywka i wkr\u00f3tce mo\u017cna si\u0119 b\u0119dzie spodziewa\u0107 kasowania fan\u00f3w z kolejnych profili. Dotychczasowe spadki s\u0105 raczej niewielkie,  a dla profili,  kt\u00f3re r\u00f3wnocze\u015bnie prowadz\u0105 kampanie reklamowe czy zdobywaj\u0105 fan\u00f3w przez aplikacje,  cz\u0119sto b\u0119d\u0105 w og\u00f3le niezauwa\u017calne. Na razie raczej nie wida\u0107 ich ani na najwi\u0119kszych fanpage\u2019ach,  ani w bran\u017cach,  kt\u00f3rych liczby fan\u00f3w nadal rosn\u0105 w podobnym tempie &#8211; cho\u0107 jednym z wyj\u0105tk\u00f3w jest bran\u017ca RTV\/AGD,  o kt\u00f3rej wspominamy ni\u017cej. Pami\u0119tajmy,  \u017ce facebookowe profile wci\u0105\u017c rosn\u0105,  wi\u0119c nawet strata cz\u0119\u015bci fan\u00f3w b\u0119dzie tylko chwilowym spowolnieniem wzrostu.<\/p>\n<h2>Warszawskie biuro Facebooka<\/h2>\n<p>27 wrze\u015bnia hucznie otwarto warszawskie biuro Facebooka,  a dok\u0142adniej centrum zarz\u0105dzania regionem Europy \u015arodkowo-Wschodniej. Diego Oliva,  dyrektor regionalny Facebooka na Europ\u0119 \u015arodkowo-Wschodni\u0105,  Bliski Wsch\u00f3d i Afryk\u0119,  w\u00a0<a href=\"http:\/\/www.ekonomia24.pl\/artykul\/706258, 937274-Facebook-otwiera-biuro-w-Polsce.html\">wywiadzie dla Rzeczpospolitej<\/a> uzasadnia ten wyb\u00f3r mi\u0142ym dla polskiego ucha komplementem o polskiej gospodarce opieraj\u0105cej si\u0119 recesji. Doda\u0142 te\u017c,  \u017ce \u201e(\u2026) polski Facebook ma obecnie ponad 9 mln aktywnych u\u017cytkownik\u00f3w,  a liczba ta stale ro\u015bnie. Potencja\u0142 wzrostowy ma te\u017c rynek reklamy internetowej w waszym kraju\u201d,  i trudno si\u0119 z tym nie zgodzi\u0107.<\/p>\n<h2>Facebook Offers \u2013 szansa na f-commerce?<\/h2>\n<p>Zmiany dotycz\u0105 nie tylko dzia\u0142u sprzeda\u017cy,  ale te\u017c funkcjonalno\u015bci ca\u0142ego serwisu. Drobne to m.in. \u00a0zmiana wygl\u0105du galerii zdj\u0119\u0107 z miniatur na mozaik\u0119 albo nowe funkcje aplikacji mobilnej. Na pewno wa\u017cniejsz\u0105 informacj\u0105 jest udost\u0119pnienie fanpage\u2019om z kolejnych kraj\u00f3w,  tak\u017ce Polski,  funkcji Offers. Jest ona przeznaczona do profili maj\u0105cych powy\u017cej 400 fan\u00f3w ,  kt\u00f3re chc\u0105 promowa\u0107 swoje oferty handlowe i trafi\u0107 z nimi do sprecyzowanych grup docelowych. Facebook Offers to mo\u017cliwo\u015b\u0107 reklamy za cen\u0119 ju\u017c od 5 dolar\u00f3w w g\u00f3r\u0119,  a cena b\u0119dzie ros\u0142a wraz z zasi\u0119giem oferty. Ciekawe,  jak si\u0119 przyjmie\u00a0 &#8211; czekamy na pierwsze studia przypadk\u00f3w z polskiego podw\u00f3rka.<\/p>\n<p>Zupe\u0142nie inne emocje wywo\u0142a\u0142a inna zmiana. Zmieniony algorytm wy\u015bwietlania post\u00f3w skutkuje znacznie ni\u017cszym ni\u017c poprzednio tzw. zasi\u0119giem organicznym,  czyli liczb\u0105 os\u00f3b,  kt\u00f3re bez dodatkowej promocji widz\u0105 posty fanpage\u2019a. Oczywi\u015bcie \u0142atwo mo\u017cna to poprawi\u0107 dzi\u0119ki p\u0142atnej promocji poszczeg\u00f3lnych post\u00f3w,  kt\u00f3ra zreszt\u0105 jest teraz dost\u0119pna tak\u017ce na profilach prywatnych. Protesty community manager\u00f3w trwaj\u0105,  jedyne co mo\u017cemy zrobi\u0107 to czeka\u0107 na rozw\u00f3j sytuacji.<\/p>\n<h2>Marki na Facebooku<\/h2>\n<div id=\"attachment_2429\" style=\"width: 637px\" class=\"wp-caption aligncenter\"><a href=\"http:\/\/www.sotrender.com\/pl\/fanpage-trends\/201209\" target=\"_blank\"><img loading=\"lazy\" decoding=\"async\" aria-describedby=\"caption-attachment-2429\" class=\" wp-image-2429 \" title=\"fans201209\" src=\"https:\/\/www.sotrender.com\/blog\/wp-content\/uploads\/2012\/10\/fans2012091.jpg\" alt=\"\" width=\"627\" height=\"338\" srcset=\"https:\/\/www.sotrender.com\/blog\/wp-content\/uploads\/2012\/10\/fans2012091.jpg 980w, https:\/\/www.sotrender.com\/blog\/wp-content\/uploads\/2012\/10\/fans2012091-475x256.jpg 475w, https:\/\/www.sotrender.com\/blog\/wp-content\/uploads\/2012\/10\/fans2012091-768x414.jpg 768w, https:\/\/www.sotrender.com\/blog\/wp-content\/uploads\/2012\/10\/fans2012091-950x512.jpg 950w, https:\/\/www.sotrender.com\/blog\/wp-content\/uploads\/2012\/10\/fans2012091-600x323.jpg 600w\" sizes=\"(max-width: 627px) 100vw, 627px\" \/><\/a><p id=\"caption-attachment-2429\" class=\"wp-caption-text\">Orange Polska do\u0142\u0105czy\u0142 do pierwszej pi\u0105tki milionowych profili<\/p><\/div>\n<p>Bohaterem miesi\u0105ca na polskim Facebooku jest Orange Polska,  kt\u00f3re zamkn\u0119\u0142o w tym miesi\u0105cu pi\u0105tk\u0119 pierwszych milionowych profili polskiego Facebooka,  przeskakuj\u0105c w rankingu najwi\u0119kszych nad profil Allegro. Czo\u0142\u00f3wka tak\u017ce ro\u015bnie &#8211; Demotywatory zyskuj\u0105 co miesi\u0105c 2% wi\u0119cej fan\u00f3w,  podobnie we wrze\u015bniu ur\u00f3s\u0142 nieco mniejszy Kwejk. Serce i Rozum,  druga po Demotywatorach najwi\u0119ksza polska strona,  kt\u00f3ra ros\u0142a w wakacyjnych miesi\u0105cach w podobnym tempie,  wr\u00f3ci\u0142a do formy i zyska\u0142a kolejne 5% fan\u00f3w,  czyli a\u017c 64, 5 tys. Play,  tak\u017ce w dobrej formie,  zyska\u0142 42 tys. fan\u00f3w (wzrost o 4%). Najwi\u0119kszy procentowy przyrost liczby fan\u00f3w nale\u017cy do Orlen Team,  kt\u00f3ry ur\u00f3s\u0142 a\u017c o 52%. Nie odnotowali\u015bmy bardziej spektakularnych przyrost\u00f3w,  jak kilkusetprocentowe skoki w zesz\u0142ych miesi\u0105cach. Du\u017cymi procentowymi przyrostami liczby fan\u00f3w ciesz\u0105 si\u0119 strony bank\u00f3w- Bank Zachodni WBK (20%),  ING Bank \u015al\u0105ski (35%) i mBank Polska (r\u00f3wnie\u017c 35%). Dobrze radz\u0105 sobie te\u017c najwi\u0119ksi z bran\u017cy RTV\/AGD \u2013 przede wszystkim Samsung(15%),  PlayStation Polska(25%),  O,  o Beko (22%). Co ciekawe,  nieco mniejsi gracze ju\u017c ucierpieli,  chyba w\u0142a\u015bnie wskutek akcji usuwania fa\u0142szywych fan\u00f3w. W\u015br\u00f3d nich s\u0105 profile LG,  Creative i Olympusa,  kt\u00f3ry straci\u0142 a\u017c 3% fan\u00f3w.<\/p>\n<p>Zapraszamy do lektury <a title=\"Raport Fanpage Trends\" href=\"http:\/\/www.sotrender.com\/pl\/fanpage-trends\">pe\u0142nego raportu Fanpage Trends<\/a>!<\/p>\n","protected":false},"excerpt":{"rendered":"<p>We wrze\u015bniu Facebook wyj\u0105tkowo dokazywa\u0142. Serwis otworzy\u0142 warszawskie biuro, zacz\u0105\u0142 akcj\u0119 kasowania fa\u0142szywych profili (w Polsce na razie ma\u0142o zauwa\u017caln\u0105) oraz wprowadzi\u0142 dla polskich profili funkcjonalno\u015b\u0107 ofert. Jednocze\u015bnie Orange Polska, jako 5. polski profil, przekroczy\u0142 liczb\u0119 miliona fan\u00f3w. I tylko w ostatnich dniach miesi\u0105ca ca\u0142a bran\u017ca social media struchla\u0142a, widz\u0105c zmiany w algorytmie wy\u015bwietlania post\u00f3w [&hellip;]<\/p>\n","protected":false},"author":31,"featured_media":18901,"comment_status":"open","ping_status":"open","sticky":false,"template":"","format":"standard","meta":{"inline_featured_image":false,"footnotes":""},"categories":[1793,1797],"tags":[7,25,31],"yoast_head":"<!-- This site is optimized with the Yoast SEO plugin v22.4 - https:\/\/yoast.com\/wordpress\/plugins\/seo\/ -->\n<title>Raport Fanpage Trends, wrzesie\u0144 2012. Sotrender: badania social media<\/title>\n<meta name=\"description\" content=\"Marketing na polskim Facebooku: raport Fanpage Trends wrzesie\u0144 2012. Sotrender - social media marketing: analizy, badania, raporty, optymalizacja.\" \/>\n<meta name=\"robots\" content=\"index, follow, max-snippet:-1, max-image-preview:large, max-video-preview:-1\" \/>\n<link rel=\"canonical\" href=\"https:\/\/www.sotrender.com\/blog\/pl\/2012\/10\/zmiany-zmiany-zmiany-czyli-wrzesien-na-facebooku-sotrender-fanpage-trends-wrzesien-2012\/\" \/>\n<meta property=\"og:locale\" content=\"pl_PL\" \/>\n<meta property=\"og:type\" content=\"article\" \/>\n<meta property=\"og:title\" content=\"Raport Fanpage Trends, wrzesie\u0144 2012. Sotrender: badania social media\" \/>\n<meta property=\"og:description\" content=\"Marketing na polskim Facebooku: raport Fanpage Trends wrzesie\u0144 2012. Sotrender - social media marketing: analizy, badania, raporty, optymalizacja.\" \/>\n<meta property=\"og:url\" content=\"https:\/\/www.sotrender.com\/blog\/pl\/2012\/10\/zmiany-zmiany-zmiany-czyli-wrzesien-na-facebooku-sotrender-fanpage-trends-wrzesien-2012\/\" \/>\n<meta property=\"og:site_name\" content=\"Sotrender Blog\" \/>\n<meta property=\"article:publisher\" content=\"https:\/\/www.facebook.com\/Sotrender\" \/>\n<meta property=\"article:published_time\" content=\"2012-10-05T10:14:50+00:00\" \/>\n<meta property=\"article:modified_time\" content=\"2015-12-28T14:41:32+00:00\" \/>\n<meta property=\"og:image\" content=\"https:\/\/www.sotrender.com\/blog\/wp-content\/uploads\/2015\/07\/header_blog_3.jpg\" \/>\n\t<meta property=\"og:image:width\" content=\"1600\" \/>\n\t<meta property=\"og:image:height\" content=\"700\" \/>\n\t<meta property=\"og:image:type\" content=\"image\/jpeg\" \/>\n<meta name=\"author\" content=\"Aleksandra Prejs\" \/>\n<meta name=\"twitter:card\" content=\"summary_large_image\" \/>\n<meta name=\"twitter:creator\" content=\"@Sotrender\" \/>\n<meta name=\"twitter:site\" content=\"@Sotrender\" \/>\n<meta name=\"twitter:label1\" content=\"Written by\" \/>\n\t<meta name=\"twitter:data1\" content=\"Aleksandra Prejs\" \/>\n\t<meta name=\"twitter:label2\" content=\"Est. reading time\" \/>\n\t<meta name=\"twitter:data2\" content=\"4 minutes\" \/>\n<script type=\"application\/ld+json\" class=\"yoast-schema-graph\">{\"@context\":\"https:\/\/schema.org\",\"@graph\":[{\"@type\":\"WebPage\",\"@id\":\"https:\/\/www.sotrender.com\/blog\/pl\/2012\/10\/zmiany-zmiany-zmiany-czyli-wrzesien-na-facebooku-sotrender-fanpage-trends-wrzesien-2012\/\",\"url\":\"https:\/\/www.sotrender.com\/blog\/pl\/2012\/10\/zmiany-zmiany-zmiany-czyli-wrzesien-na-facebooku-sotrender-fanpage-trends-wrzesien-2012\/\",\"name\":\"Raport Fanpage Trends, wrzesie\u0144 2012. Sotrender: badania social media\",\"isPartOf\":{\"@id\":\"https:\/\/www.sotrender.com\/blog\/#website\"},\"primaryImageOfPage\":{\"@id\":\"https:\/\/www.sotrender.com\/blog\/pl\/2012\/10\/zmiany-zmiany-zmiany-czyli-wrzesien-na-facebooku-sotrender-fanpage-trends-wrzesien-2012\/#primaryimage\"},\"image\":{\"@id\":\"https:\/\/www.sotrender.com\/blog\/pl\/2012\/10\/zmiany-zmiany-zmiany-czyli-wrzesien-na-facebooku-sotrender-fanpage-trends-wrzesien-2012\/#primaryimage\"},\"thumbnailUrl\":\"https:\/\/www.sotrender.com\/blog\/wp-content\/uploads\/2015\/07\/header_blog_3.jpg\",\"datePublished\":\"2012-10-05T10:14:50+00:00\",\"dateModified\":\"2015-12-28T14:41:32+00:00\",\"author\":{\"@id\":\"https:\/\/www.sotrender.com\/blog\/#\/schema\/person\/7106df62825269bc360ad9171cd7149b\"},\"description\":\"Marketing na polskim Facebooku: raport Fanpage Trends wrzesie\u0144 2012. Sotrender - social media marketing: analizy, badania, raporty, optymalizacja.\",\"breadcrumb\":{\"@id\":\"https:\/\/www.sotrender.com\/blog\/pl\/2012\/10\/zmiany-zmiany-zmiany-czyli-wrzesien-na-facebooku-sotrender-fanpage-trends-wrzesien-2012\/#breadcrumb\"},\"inLanguage\":\"pl-PL\",\"potentialAction\":[{\"@type\":\"ReadAction\",\"target\":[\"https:\/\/www.sotrender.com\/blog\/pl\/2012\/10\/zmiany-zmiany-zmiany-czyli-wrzesien-na-facebooku-sotrender-fanpage-trends-wrzesien-2012\/\"]}]},{\"@type\":\"ImageObject\",\"inLanguage\":\"pl-PL\",\"@id\":\"https:\/\/www.sotrender.com\/blog\/pl\/2012\/10\/zmiany-zmiany-zmiany-czyli-wrzesien-na-facebooku-sotrender-fanpage-trends-wrzesien-2012\/#primaryimage\",\"url\":\"https:\/\/www.sotrender.com\/blog\/wp-content\/uploads\/2015\/07\/header_blog_3.jpg\",\"contentUrl\":\"https:\/\/www.sotrender.com\/blog\/wp-content\/uploads\/2015\/07\/header_blog_3.jpg\",\"width\":1600,\"height\":700},{\"@type\":\"BreadcrumbList\",\"@id\":\"https:\/\/www.sotrender.com\/blog\/pl\/2012\/10\/zmiany-zmiany-zmiany-czyli-wrzesien-na-facebooku-sotrender-fanpage-trends-wrzesien-2012\/#breadcrumb\",\"itemListElement\":[{\"@type\":\"ListItem\",\"position\":1,\"name\":\"Home\",\"item\":\"https:\/\/www.sotrender.com\/blog\/\"},{\"@type\":\"ListItem\",\"position\":2,\"name\":\"Zmiany, zmiany, zmiany, czyli wrzesie\u0144 na Facebooku &#8211; Fanpage Trends wrzesie\u0144 2012\"}]},{\"@type\":\"WebSite\",\"@id\":\"https:\/\/www.sotrender.com\/blog\/#website\",\"url\":\"https:\/\/www.sotrender.com\/blog\/\",\"name\":\"Sotrender Blog\",\"description\":\"\",\"potentialAction\":[{\"@type\":\"SearchAction\",\"target\":{\"@type\":\"EntryPoint\",\"urlTemplate\":\"https:\/\/www.sotrender.com\/blog\/?s={search_term_string}\"},\"query-input\":\"required name=search_term_string\"}],\"inLanguage\":\"pl-PL\"},{\"@type\":\"Person\",\"@id\":\"https:\/\/www.sotrender.com\/blog\/#\/schema\/person\/7106df62825269bc360ad9171cd7149b\",\"name\":\"Aleksandra Prejs\",\"image\":{\"@type\":\"ImageObject\",\"inLanguage\":\"pl-PL\",\"@id\":\"https:\/\/www.sotrender.com\/blog\/#\/schema\/person\/image\/\",\"url\":\"https:\/\/secure.gravatar.com\/avatar\/469000454b77ff0aacb32c49dba023be?s=96&d=mm&r=g\",\"contentUrl\":\"https:\/\/secure.gravatar.com\/avatar\/469000454b77ff0aacb32c49dba023be?s=96&d=mm&r=g\",\"caption\":\"Aleksandra Prejs\"},\"url\":\"https:\/\/www.sotrender.com\/blog\/pl\/author\/aleksandra-prejs\/\"}]}<\/script>\n<!-- \/ Yoast SEO plugin. -->","yoast_head_json":{"title":"Raport Fanpage Trends, wrzesie\u0144 2012. Sotrender: badania social media","description":"Marketing na polskim Facebooku: raport Fanpage Trends wrzesie\u0144 2012. Sotrender - social media marketing: analizy, badania, raporty, optymalizacja.","robots":{"index":"index","follow":"follow","max-snippet":"max-snippet:-1","max-image-preview":"max-image-preview:large","max-video-preview":"max-video-preview:-1"},"canonical":"https:\/\/www.sotrender.com\/blog\/pl\/2012\/10\/zmiany-zmiany-zmiany-czyli-wrzesien-na-facebooku-sotrender-fanpage-trends-wrzesien-2012\/","og_locale":"pl_PL","og_type":"article","og_title":"Raport Fanpage Trends, wrzesie\u0144 2012. Sotrender: badania social media","og_description":"Marketing na polskim Facebooku: raport Fanpage Trends wrzesie\u0144 2012. Sotrender - social media marketing: analizy, badania, raporty, optymalizacja.","og_url":"https:\/\/www.sotrender.com\/blog\/pl\/2012\/10\/zmiany-zmiany-zmiany-czyli-wrzesien-na-facebooku-sotrender-fanpage-trends-wrzesien-2012\/","og_site_name":"Sotrender Blog","article_publisher":"https:\/\/www.facebook.com\/Sotrender","article_published_time":"2012-10-05T10:14:50+00:00","article_modified_time":"2015-12-28T14:41:32+00:00","og_image":[{"width":1600,"height":700,"url":"https:\/\/www.sotrender.com\/blog\/wp-content\/uploads\/2015\/07\/header_blog_3.jpg","type":"image\/jpeg"}],"author":"Aleksandra Prejs","twitter_card":"summary_large_image","twitter_creator":"@Sotrender","twitter_site":"@Sotrender","twitter_misc":{"Written by":"Aleksandra Prejs","Est. reading time":"4 minutes"},"schema":{"@context":"https:\/\/schema.org","@graph":[{"@type":"WebPage","@id":"https:\/\/www.sotrender.com\/blog\/pl\/2012\/10\/zmiany-zmiany-zmiany-czyli-wrzesien-na-facebooku-sotrender-fanpage-trends-wrzesien-2012\/","url":"https:\/\/www.sotrender.com\/blog\/pl\/2012\/10\/zmiany-zmiany-zmiany-czyli-wrzesien-na-facebooku-sotrender-fanpage-trends-wrzesien-2012\/","name":"Raport Fanpage Trends, wrzesie\u0144 2012. Sotrender: badania social media","isPartOf":{"@id":"https:\/\/www.sotrender.com\/blog\/#website"},"primaryImageOfPage":{"@id":"https:\/\/www.sotrender.com\/blog\/pl\/2012\/10\/zmiany-zmiany-zmiany-czyli-wrzesien-na-facebooku-sotrender-fanpage-trends-wrzesien-2012\/#primaryimage"},"image":{"@id":"https:\/\/www.sotrender.com\/blog\/pl\/2012\/10\/zmiany-zmiany-zmiany-czyli-wrzesien-na-facebooku-sotrender-fanpage-trends-wrzesien-2012\/#primaryimage"},"thumbnailUrl":"https:\/\/www.sotrender.com\/blog\/wp-content\/uploads\/2015\/07\/header_blog_3.jpg","datePublished":"2012-10-05T10:14:50+00:00","dateModified":"2015-12-28T14:41:32+00:00","author":{"@id":"https:\/\/www.sotrender.com\/blog\/#\/schema\/person\/7106df62825269bc360ad9171cd7149b"},"description":"Marketing na polskim Facebooku: raport Fanpage Trends wrzesie\u0144 2012. Sotrender - social media marketing: analizy, badania, raporty, optymalizacja.","breadcrumb":{"@id":"https:\/\/www.sotrender.com\/blog\/pl\/2012\/10\/zmiany-zmiany-zmiany-czyli-wrzesien-na-facebooku-sotrender-fanpage-trends-wrzesien-2012\/#breadcrumb"},"inLanguage":"pl-PL","potentialAction":[{"@type":"ReadAction","target":["https:\/\/www.sotrender.com\/blog\/pl\/2012\/10\/zmiany-zmiany-zmiany-czyli-wrzesien-na-facebooku-sotrender-fanpage-trends-wrzesien-2012\/"]}]},{"@type":"ImageObject","inLanguage":"pl-PL","@id":"https:\/\/www.sotrender.com\/blog\/pl\/2012\/10\/zmiany-zmiany-zmiany-czyli-wrzesien-na-facebooku-sotrender-fanpage-trends-wrzesien-2012\/#primaryimage","url":"https:\/\/www.sotrender.com\/blog\/wp-content\/uploads\/2015\/07\/header_blog_3.jpg","contentUrl":"https:\/\/www.sotrender.com\/blog\/wp-content\/uploads\/2015\/07\/header_blog_3.jpg","width":1600,"height":700},{"@type":"BreadcrumbList","@id":"https:\/\/www.sotrender.com\/blog\/pl\/2012\/10\/zmiany-zmiany-zmiany-czyli-wrzesien-na-facebooku-sotrender-fanpage-trends-wrzesien-2012\/#breadcrumb","itemListElement":[{"@type":"ListItem","position":1,"name":"Home","item":"https:\/\/www.sotrender.com\/blog\/"},{"@type":"ListItem","position":2,"name":"Zmiany, zmiany, zmiany, czyli wrzesie\u0144 na Facebooku &#8211; Fanpage Trends wrzesie\u0144 2012"}]},{"@type":"WebSite","@id":"https:\/\/www.sotrender.com\/blog\/#website","url":"https:\/\/www.sotrender.com\/blog\/","name":"Sotrender Blog","description":"","potentialAction":[{"@type":"SearchAction","target":{"@type":"EntryPoint","urlTemplate":"https:\/\/www.sotrender.com\/blog\/?s={search_term_string}"},"query-input":"required name=search_term_string"}],"inLanguage":"pl-PL"},{"@type":"Person","@id":"https:\/\/www.sotrender.com\/blog\/#\/schema\/person\/7106df62825269bc360ad9171cd7149b","name":"Aleksandra Prejs","image":{"@type":"ImageObject","inLanguage":"pl-PL","@id":"https:\/\/www.sotrender.com\/blog\/#\/schema\/person\/image\/","url":"https:\/\/secure.gravatar.com\/avatar\/469000454b77ff0aacb32c49dba023be?s=96&d=mm&r=g","contentUrl":"https:\/\/secure.gravatar.com\/avatar\/469000454b77ff0aacb32c49dba023be?s=96&d=mm&r=g","caption":"Aleksandra Prejs"},"url":"https:\/\/www.sotrender.com\/blog\/pl\/author\/aleksandra-prejs\/"}]}},"_links":{"self":[{"href":"https:\/\/www.sotrender.com\/blog\/pl\/wp-json\/wp\/v2\/posts\/2417"}],"collection":[{"href":"https:\/\/www.sotrender.com\/blog\/pl\/wp-json\/wp\/v2\/posts"}],"about":[{"href":"https:\/\/www.sotrender.com\/blog\/pl\/wp-json\/wp\/v2\/types\/post"}],"author":[{"embeddable":true,"href":"https:\/\/www.sotrender.com\/blog\/pl\/wp-json\/wp\/v2\/users\/31"}],"replies":[{"embeddable":true,"href":"https:\/\/www.sotrender.com\/blog\/pl\/wp-json\/wp\/v2\/comments?post=2417"}],"version-history":[{"count":40,"href":"https:\/\/www.sotrender.com\/blog\/pl\/wp-json\/wp\/v2\/posts\/2417\/revisions"}],"predecessor-version":[{"id":20539,"href":"https:\/\/www.sotrender.com\/blog\/pl\/wp-json\/wp\/v2\/posts\/2417\/revisions\/20539"}],"wp:featuredmedia":[{"embeddable":true,"href":"https:\/\/www.sotrender.com\/blog\/pl\/wp-json\/wp\/v2\/media\/18901"}],"wp:attachment":[{"href":"https:\/\/www.sotrender.com\/blog\/pl\/wp-json\/wp\/v2\/media?parent=2417"}],"wp:term":[{"taxonomy":"category","embeddable":true,"href":"https:\/\/www.sotrender.com\/blog\/pl\/wp-json\/wp\/v2\/categories?post=2417"},{"taxonomy":"post_tag","embeddable":true,"href":"https:\/\/www.sotrender.com\/blog\/pl\/wp-json\/wp\/v2\/tags?post=2417"}],"curies":[{"name":"wp","href":"https:\/\/api.w.org\/{rel}","templated":true}]}}