{"id":24137,"date":"2016-12-14T10:14:35","date_gmt":"2016-12-14T09:14:35","guid":{"rendered":"http:\/\/www.devel.sotrender.com\/blog\/?p=24137\/"},"modified":"2016-12-23T13:57:17","modified_gmt":"2016-12-23T12:57:17","slug":"instagram-trends-listopad-2016-instagram-zapada-w-zimowy-sen","status":"publish","type":"post","link":"https:\/\/www.sotrender.com\/blog\/pl\/2016\/12\/instagram-trends-listopad-2016-instagram-zapada-w-zimowy-sen\/","title":{"rendered":"Instagram Trends listopad 2016 &#8211; Instagram zapada w zimowy sen"},"content":{"rendered":"<p>Co ma wsp\u00f3lnego <strong>Robert Lewandowski<\/strong>,  <strong>TEDE<\/strong> i Julia K.,  znana jako <strong>Maffashion<\/strong>? Kr\u00f3luj\u0105 nadal jako najbardziej aktywne i interaktywne postaci polskiego Instagrama,  odpowiednio w kategorii Osoba,  Muzyk i Bloger.<\/p>\n<p><!--more--><\/p>\n<p>Tej tr\u00f3jki sen zimowy jeszcze nie zmorzy\u0142,  czego nie mo\u017cna jednak powiedzie\u0107 o reszcie profili na Instagramie,  kt\u00f3re w ostatnim miesi\u0105cu zaliczy\u0142y sze\u015bcioprocentowy spadek formy,  je\u015bli chodzi o ilo\u015b\u0107 napisanych post\u00f3w. Taki sam procentowy spadek wida\u0107 w ilo\u015bci post\u00f3w przypadaj\u0105cych na profil. Jednak w czasie,  gdy profile przysypiaj\u0105,  obserwuj\u0105cy stali si\u0119 wyj\u0105tkowo aktywni,  generuj\u0105c przy tym dwunastoprocentowy przyrost komentarzy pod postami obserwowanych przez nas profili.<\/p>\n<p>Co jeszcze dzia\u0142o si\u0119 na<strong> Instagramie w listopadzie<\/strong>? Zapraszamy do lektury najnowszego wydania raportu <a href=\"https:\/\/www.sotrender.com\/wp-content\/uploads\/2016\/12\/new_instagram_trends_201611_hl2-2.pdf\" target=\"_blank\"><strong>Instagram Trends<\/strong><\/a> przygotowanego przez <a href=\"https:\/\/www.sotrender.pl\">Sotrender<\/a>!<\/p>\n<h2>Stabilizacja w\u015br\u00f3d Instagramers\u00f3w<\/h2>\n<p><a href=\"https:\/\/www.sotrender.com\/wp-content\/uploads\/2016\/12\/Bez-tytu\u0142u.jpg\"><img loading=\"lazy\" decoding=\"async\" class=\"wp-image-24047 size-full aligncenter\" src=\"https:\/\/www.sotrender.com\/wp-content\/uploads\/2016\/12\/Bez-tytu\u0142u.jpg\" alt=\"bez-tytulu\" width=\"656\" height=\"599\" \/><\/a><\/p>\n<p>Cho\u0107 s\u0105 bardzo \u015bwie\u017c\u0105 (bo obserwowan\u0105 przez nas dopiero od sierpnia) kategori\u0105 w <strong>Instagram Trends<\/strong>,  ju\u017c teraz wida\u0107 tam spor\u0105 stabilizacj\u0119 \u2013 mowa oczywi\u015bcie o <strong>Instagramersach<\/strong>,  czyli grupach u\u017cytkownik\u00f3w Instagrama z r\u00f3\u017cnych miast i region\u00f3w,  kt\u00f3rzy wsp\u00f3lnie robi\u0105 zdj\u0119cia pi\u0119knych miejsc w swojej okolicy.<\/p>\n<p>Niepodzielnie kr\u00f3luje tam wroc\u0142awska grupa <strong>IgersWroclaw<\/strong> z najwi\u0119ksz\u0105 liczb\u0105 aktywno\u015bci i obserwuj\u0105cych,  wyprzedzaj\u0105c tym samym <strong>InstagramersPoland<\/strong> i <strong>igerswarsaw<\/strong>. Mo\u017ce kt\u00f3ra\u015b z grup spr\u00f3buje w przysz\u0142ym miesi\u0105cu szar\u017cy na wy\u017csze miejsce i wprowadzenia jakich\u015b kolor\u00f3w w to szare zestawienie?<\/p>\n<h2><b>Spadki i wzrosty jak na termometrze w listopadzie\u00a0<\/b><\/h2>\n<p><a href=\"https:\/\/www.sotrender.com\/wp-content\/uploads\/2016\/12\/Bez-tytu\u0142u3.jpg\"><img loading=\"lazy\" decoding=\"async\" class=\"wp-image-24049 size-full aligncenter\" src=\"https:\/\/www.sotrender.com\/wp-content\/uploads\/2016\/12\/Bez-tytu\u0142u3.jpg\" alt=\"bez-tytulu3\" width=\"654\" height=\"600\" \/><\/a><\/p>\n<p>Stagnacja z pewno\u015bci\u0105 nie dosi\u0119gnie jednak kategorii <strong>Osoby<\/strong> (poza Robertem Lewandowskim i Juli\u0105 K.,  oczywi\u015bcie),  w kt\u00f3rej rotacja miejsc jak zwykle jest ogromna. Przyk\u0142adowo profil <strong>RAFAL JONKISZ Snap joonkers<\/strong> wskoczy\u0142 o 20 pozycji wy\u017cej wzgl\u0119dem ostatniego wydania Instagram Trends. Zaraz za nim,  je\u015bli chodzi o szybkie wzrosty aktywno\u015bci,  biegnie pomocnik Paris Saint-Germain \u2013 <strong>Grzegorz Krychowiak<\/strong>,  kt\u00f3ry plasuje si\u0119 teraz na 14 miejscu po sprincie w g\u00f3r\u0119 o 15 oczek.<\/p>\n<blockquote class=\"instagram-media\" style=\"background: #FFF; border: 0; border-radius: 3px; box-shadow: 0 0 1px 0 rgba(0, 0, 0, 0.5), 0 1px 10px 0 rgba(0, 0, 0, 0.15); margin: 1px; max-width: 658px; padding: 0; width: calc(100% - 2px);\" data-instgrm-captioned=\"\" data-instgrm-version=\"7\">\n<div style=\"padding: 8px;\">\n<div style=\"background: #F8F8F8; line-height: 0; margin-top: 40px; padding: 62.4537037037% 0; text-align: center; width: 100%;\"><\/div>\n<p style=\"margin: 8px 0 0 0; padding: 0 4px;\"><a style=\"color: #000; font-family: Arial, sans-serif; font-size: 14px; font-style: normal; font-weight: normal; line-height: 17px; text-decoration: none; word-wrap: break-word;\" href=\"https:\/\/www.instagram.com\/p\/BNCJMnfhqay\/\" target=\"_blank\">Day off @thepeninsulaparis hotel #brunch @albertriele #apart<\/a><\/p>\n<p style=\"color: #c9c8cd; font-family: Arial, sans-serif; font-size: 14px; line-height: 17px; margin-bottom: 0; margin-top: 8px; overflow: hidden; padding: 8px 0 7px; text-align: center; text-overflow: ellipsis; white-space: nowrap;\">A photo posted by Grzegorz Krychowiak (@grzegorz.krychowiak) on <time style=\"font-family: Arial, sans-serif; font-size: 14px; line-height: 17px;\" datetime=\"2016-11-20T13:23:13+00:00\">Nov 20,  2016 at 5:23am PST<\/time><\/p>\n<\/div>\n<\/blockquote>\n<p><script async defer src=\"\/\/platform.instagram.com\/en_US\/embeds.js\"><\/script><\/p>\n<h2><strong>Zg\u0142o\u015b <\/strong><strong>profil do Instagram Trends!<\/strong><\/h2>\n<p>Ca\u0142y czas dodajemy nowe kategorie i profile do naszego raportu. Je\u015bli znacie profile,  kt\u00f3re powinny znale\u017a\u0107 si\u0119 w <a href=\"https:\/\/www.sotrender.com\/wp-content\/uploads\/2016\/12\/new_instagram_trends_201611_hl2-2.pdf\" target=\"_blank\"><strong>Instagram Trends<\/strong><\/a>,  wype\u0142nijcie ten formularz lub napiszcie na adres <a href=\"mailto:trends@sotrender.com\">trends@sotrender.com<\/a>.<\/p>\n<h3 style=\"text-align: center;\"><a href=\"https:\/\/www.sotrender.com\/wp-content\/uploads\/2016\/12\/new_instagram_trends_201611_hl2-2.pdf\" target=\"_blank\"><strong>Pobierz raport Instagram Trends listopad 2016!<\/strong><\/a><\/h3>\n<p style=\"text-align: left;\"><div class=\"shortcode trial\"><h4><span>Mierz dzia\u0142ania na Instagramie w Sotrenderze!<\/span><a title=\"Wypr\u00f3buj za darmo!\" class=\"btn\" href=\"https:\/\/app.sotrender.com\/auth\/signup\/trial\/pl?utm_source=blog-cta-legacy\">Wypr\u00f3buj za darmo!<\/a><\/h4><\/div><\/p>\n","protected":false},"excerpt":{"rendered":"<p>Co ma wsp\u00f3lnego Robert Lewandowski, TEDE i Julia K., znana jako Maffashion? Kr\u00f3luj\u0105 nadal jako najbardziej aktywne i interaktywne postaci polskiego Instagrama, odpowiednio w kategorii Osoba, Muzyk i Bloger.<\/p>\n","protected":false},"author":81,"featured_media":24139,"comment_status":"open","ping_status":"open","sticky":false,"template":"","format":"standard","meta":{"inline_featured_image":false,"footnotes":""},"categories":[1777,1789,2103],"tags":[1687,2073],"yoast_head":"<!-- This site is optimized with the Yoast SEO plugin v22.4 - https:\/\/yoast.com\/wordpress\/plugins\/seo\/ -->\n<title>Instagram Trends listopad 2016 - Instagram zapada w zimowy sen \u2013 Sotrender Blog \u2013 Analyze, Benchmark &amp; Report Your Social Media Performance<\/title>\n<meta name=\"description\" content=\"Co ma wsp\u00f3lnego Robert Lewandowski, TEDE i Julia K., znana jako Maffashion? Kr\u00f3luj\u0105 nadal jako najbardziej aktywne i interaktywne postaci polskiego Social Media Marketing &amp; Analytics Blog.\" \/>\n<meta name=\"robots\" content=\"index, follow, max-snippet:-1, max-image-preview:large, max-video-preview:-1\" \/>\n<link rel=\"canonical\" href=\"https:\/\/www.sotrender.com\/blog\/pl\/2016\/12\/instagram-trends-listopad-2016-instagram-zapada-w-zimowy-sen\/\" \/>\n<meta property=\"og:locale\" content=\"pl_PL\" \/>\n<meta property=\"og:type\" content=\"article\" \/>\n<meta property=\"og:title\" content=\"Instagram Trends listopad 2016 - Instagram zapada w zimowy sen \u2013 Sotrender Blog \u2013 Analyze, Benchmark &amp; Report Your Social Media Performance\" \/>\n<meta property=\"og:description\" content=\"Co ma wsp\u00f3lnego Robert Lewandowski, TEDE i Julia K., znana jako Maffashion? Kr\u00f3luj\u0105 nadal jako najbardziej aktywne i interaktywne postaci polskiego Social Media Marketing &amp; Analytics Blog.\" \/>\n<meta property=\"og:url\" content=\"https:\/\/www.sotrender.com\/blog\/pl\/2016\/12\/instagram-trends-listopad-2016-instagram-zapada-w-zimowy-sen\/\" \/>\n<meta property=\"og:site_name\" content=\"Sotrender Blog\" \/>\n<meta property=\"article:publisher\" content=\"https:\/\/www.facebook.com\/Sotrender\" \/>\n<meta property=\"article:published_time\" content=\"2016-12-14T09:14:35+00:00\" \/>\n<meta property=\"article:modified_time\" content=\"2016-12-23T12:57:17+00:00\" \/>\n<meta property=\"og:image\" content=\"https:\/\/www.sotrender.com\/blog\/wp-content\/uploads\/2016\/12\/dreamstime_m_49016210_2.jpg\" \/>\n\t<meta property=\"og:image:width\" content=\"2121\" \/>\n\t<meta property=\"og:image:height\" content=\"874\" \/>\n\t<meta property=\"og:image:type\" content=\"image\/jpeg\" \/>\n<meta name=\"author\" content=\"Magdalena Poprawa\" \/>\n<meta name=\"twitter:card\" content=\"summary_large_image\" \/>\n<meta name=\"twitter:creator\" content=\"@Sotrender\" \/>\n<meta name=\"twitter:site\" content=\"@Sotrender\" \/>\n<meta name=\"twitter:label1\" content=\"Written by\" \/>\n\t<meta name=\"twitter:data1\" content=\"Magdalena Poprawa\" \/>\n\t<meta name=\"twitter:label2\" content=\"Est. reading time\" \/>\n\t<meta name=\"twitter:data2\" content=\"2 minutes\" \/>\n<script type=\"application\/ld+json\" class=\"yoast-schema-graph\">{\"@context\":\"https:\/\/schema.org\",\"@graph\":[{\"@type\":\"WebPage\",\"@id\":\"https:\/\/www.sotrender.com\/blog\/pl\/2016\/12\/instagram-trends-listopad-2016-instagram-zapada-w-zimowy-sen\/\",\"url\":\"https:\/\/www.sotrender.com\/blog\/pl\/2016\/12\/instagram-trends-listopad-2016-instagram-zapada-w-zimowy-sen\/\",\"name\":\"Instagram Trends listopad 2016 - Instagram zapada w zimowy sen \u2013 Sotrender Blog \u2013 Analyze, Benchmark & Report Your Social Media Performance\",\"isPartOf\":{\"@id\":\"https:\/\/www.sotrender.com\/blog\/#website\"},\"primaryImageOfPage\":{\"@id\":\"https:\/\/www.sotrender.com\/blog\/pl\/2016\/12\/instagram-trends-listopad-2016-instagram-zapada-w-zimowy-sen\/#primaryimage\"},\"image\":{\"@id\":\"https:\/\/www.sotrender.com\/blog\/pl\/2016\/12\/instagram-trends-listopad-2016-instagram-zapada-w-zimowy-sen\/#primaryimage\"},\"thumbnailUrl\":\"https:\/\/www.sotrender.com\/blog\/wp-content\/uploads\/2016\/12\/dreamstime_m_49016210_2.jpg\",\"datePublished\":\"2016-12-14T09:14:35+00:00\",\"dateModified\":\"2016-12-23T12:57:17+00:00\",\"author\":{\"@id\":\"https:\/\/www.sotrender.com\/blog\/#\/schema\/person\/3642b75ae753959d5bce64ad7514d143\"},\"description\":\"Co ma wsp\u00f3lnego Robert Lewandowski, TEDE i Julia K., znana jako Maffashion? Kr\u00f3luj\u0105 nadal jako najbardziej aktywne i interaktywne postaci polskiego Social Media Marketing & Analytics Blog.\",\"breadcrumb\":{\"@id\":\"https:\/\/www.sotrender.com\/blog\/pl\/2016\/12\/instagram-trends-listopad-2016-instagram-zapada-w-zimowy-sen\/#breadcrumb\"},\"inLanguage\":\"pl-PL\",\"potentialAction\":[{\"@type\":\"ReadAction\",\"target\":[\"https:\/\/www.sotrender.com\/blog\/pl\/2016\/12\/instagram-trends-listopad-2016-instagram-zapada-w-zimowy-sen\/\"]}]},{\"@type\":\"ImageObject\",\"inLanguage\":\"pl-PL\",\"@id\":\"https:\/\/www.sotrender.com\/blog\/pl\/2016\/12\/instagram-trends-listopad-2016-instagram-zapada-w-zimowy-sen\/#primaryimage\",\"url\":\"https:\/\/www.sotrender.com\/blog\/wp-content\/uploads\/2016\/12\/dreamstime_m_49016210_2.jpg\",\"contentUrl\":\"https:\/\/www.sotrender.com\/blog\/wp-content\/uploads\/2016\/12\/dreamstime_m_49016210_2.jpg\",\"width\":2121,\"height\":874},{\"@type\":\"BreadcrumbList\",\"@id\":\"https:\/\/www.sotrender.com\/blog\/pl\/2016\/12\/instagram-trends-listopad-2016-instagram-zapada-w-zimowy-sen\/#breadcrumb\",\"itemListElement\":[{\"@type\":\"ListItem\",\"position\":1,\"name\":\"Home\",\"item\":\"https:\/\/www.sotrender.com\/blog\/\"},{\"@type\":\"ListItem\",\"position\":2,\"name\":\"Instagram Trends listopad 2016 &#8211; Instagram zapada w zimowy sen\"}]},{\"@type\":\"WebSite\",\"@id\":\"https:\/\/www.sotrender.com\/blog\/#website\",\"url\":\"https:\/\/www.sotrender.com\/blog\/\",\"name\":\"Sotrender Blog\",\"description\":\"\",\"potentialAction\":[{\"@type\":\"SearchAction\",\"target\":{\"@type\":\"EntryPoint\",\"urlTemplate\":\"https:\/\/www.sotrender.com\/blog\/?s={search_term_string}\"},\"query-input\":\"required name=search_term_string\"}],\"inLanguage\":\"pl-PL\"},{\"@type\":\"Person\",\"@id\":\"https:\/\/www.sotrender.com\/blog\/#\/schema\/person\/3642b75ae753959d5bce64ad7514d143\",\"name\":\"Magdalena Poprawa\",\"image\":{\"@type\":\"ImageObject\",\"inLanguage\":\"pl-PL\",\"@id\":\"https:\/\/www.sotrender.com\/blog\/#\/schema\/person\/image\/\",\"url\":\"https:\/\/secure.gravatar.com\/avatar\/95ac3974e8d78e3daf21d769297996a7?s=96&d=mm&r=g\",\"contentUrl\":\"https:\/\/secure.gravatar.com\/avatar\/95ac3974e8d78e3daf21d769297996a7?s=96&d=mm&r=g\",\"caption\":\"Magdalena Poprawa\"},\"description\":\"Law and communication design student, social media law freak and coffee lover.\",\"url\":\"https:\/\/www.sotrender.com\/blog\/pl\/author\/mpoprawa\/\"}]}<\/script>\n<!-- \/ Yoast SEO plugin. -->","yoast_head_json":{"title":"Instagram Trends listopad 2016 - Instagram zapada w zimowy sen \u2013 Sotrender Blog \u2013 Analyze, Benchmark & Report Your Social Media Performance","description":"Co ma wsp\u00f3lnego Robert Lewandowski, TEDE i Julia K., znana jako Maffashion? Kr\u00f3luj\u0105 nadal jako najbardziej aktywne i interaktywne postaci polskiego Social Media Marketing & Analytics Blog.","robots":{"index":"index","follow":"follow","max-snippet":"max-snippet:-1","max-image-preview":"max-image-preview:large","max-video-preview":"max-video-preview:-1"},"canonical":"https:\/\/www.sotrender.com\/blog\/pl\/2016\/12\/instagram-trends-listopad-2016-instagram-zapada-w-zimowy-sen\/","og_locale":"pl_PL","og_type":"article","og_title":"Instagram Trends listopad 2016 - Instagram zapada w zimowy sen \u2013 Sotrender Blog \u2013 Analyze, Benchmark & Report Your Social Media Performance","og_description":"Co ma wsp\u00f3lnego Robert Lewandowski, TEDE i Julia K., znana jako Maffashion? Kr\u00f3luj\u0105 nadal jako najbardziej aktywne i interaktywne postaci polskiego Social Media Marketing & Analytics Blog.","og_url":"https:\/\/www.sotrender.com\/blog\/pl\/2016\/12\/instagram-trends-listopad-2016-instagram-zapada-w-zimowy-sen\/","og_site_name":"Sotrender Blog","article_publisher":"https:\/\/www.facebook.com\/Sotrender","article_published_time":"2016-12-14T09:14:35+00:00","article_modified_time":"2016-12-23T12:57:17+00:00","og_image":[{"width":2121,"height":874,"url":"https:\/\/www.sotrender.com\/blog\/wp-content\/uploads\/2016\/12\/dreamstime_m_49016210_2.jpg","type":"image\/jpeg"}],"author":"Magdalena Poprawa","twitter_card":"summary_large_image","twitter_creator":"@Sotrender","twitter_site":"@Sotrender","twitter_misc":{"Written by":"Magdalena Poprawa","Est. reading time":"2 minutes"},"schema":{"@context":"https:\/\/schema.org","@graph":[{"@type":"WebPage","@id":"https:\/\/www.sotrender.com\/blog\/pl\/2016\/12\/instagram-trends-listopad-2016-instagram-zapada-w-zimowy-sen\/","url":"https:\/\/www.sotrender.com\/blog\/pl\/2016\/12\/instagram-trends-listopad-2016-instagram-zapada-w-zimowy-sen\/","name":"Instagram Trends listopad 2016 - Instagram zapada w zimowy sen \u2013 Sotrender Blog \u2013 Analyze, Benchmark & Report Your Social Media Performance","isPartOf":{"@id":"https:\/\/www.sotrender.com\/blog\/#website"},"primaryImageOfPage":{"@id":"https:\/\/www.sotrender.com\/blog\/pl\/2016\/12\/instagram-trends-listopad-2016-instagram-zapada-w-zimowy-sen\/#primaryimage"},"image":{"@id":"https:\/\/www.sotrender.com\/blog\/pl\/2016\/12\/instagram-trends-listopad-2016-instagram-zapada-w-zimowy-sen\/#primaryimage"},"thumbnailUrl":"https:\/\/www.sotrender.com\/blog\/wp-content\/uploads\/2016\/12\/dreamstime_m_49016210_2.jpg","datePublished":"2016-12-14T09:14:35+00:00","dateModified":"2016-12-23T12:57:17+00:00","author":{"@id":"https:\/\/www.sotrender.com\/blog\/#\/schema\/person\/3642b75ae753959d5bce64ad7514d143"},"description":"Co ma wsp\u00f3lnego Robert Lewandowski, TEDE i Julia K., znana jako Maffashion? Kr\u00f3luj\u0105 nadal jako najbardziej aktywne i interaktywne postaci polskiego Social Media Marketing & Analytics Blog.","breadcrumb":{"@id":"https:\/\/www.sotrender.com\/blog\/pl\/2016\/12\/instagram-trends-listopad-2016-instagram-zapada-w-zimowy-sen\/#breadcrumb"},"inLanguage":"pl-PL","potentialAction":[{"@type":"ReadAction","target":["https:\/\/www.sotrender.com\/blog\/pl\/2016\/12\/instagram-trends-listopad-2016-instagram-zapada-w-zimowy-sen\/"]}]},{"@type":"ImageObject","inLanguage":"pl-PL","@id":"https:\/\/www.sotrender.com\/blog\/pl\/2016\/12\/instagram-trends-listopad-2016-instagram-zapada-w-zimowy-sen\/#primaryimage","url":"https:\/\/www.sotrender.com\/blog\/wp-content\/uploads\/2016\/12\/dreamstime_m_49016210_2.jpg","contentUrl":"https:\/\/www.sotrender.com\/blog\/wp-content\/uploads\/2016\/12\/dreamstime_m_49016210_2.jpg","width":2121,"height":874},{"@type":"BreadcrumbList","@id":"https:\/\/www.sotrender.com\/blog\/pl\/2016\/12\/instagram-trends-listopad-2016-instagram-zapada-w-zimowy-sen\/#breadcrumb","itemListElement":[{"@type":"ListItem","position":1,"name":"Home","item":"https:\/\/www.sotrender.com\/blog\/"},{"@type":"ListItem","position":2,"name":"Instagram Trends listopad 2016 &#8211; Instagram zapada w zimowy sen"}]},{"@type":"WebSite","@id":"https:\/\/www.sotrender.com\/blog\/#website","url":"https:\/\/www.sotrender.com\/blog\/","name":"Sotrender Blog","description":"","potentialAction":[{"@type":"SearchAction","target":{"@type":"EntryPoint","urlTemplate":"https:\/\/www.sotrender.com\/blog\/?s={search_term_string}"},"query-input":"required name=search_term_string"}],"inLanguage":"pl-PL"},{"@type":"Person","@id":"https:\/\/www.sotrender.com\/blog\/#\/schema\/person\/3642b75ae753959d5bce64ad7514d143","name":"Magdalena Poprawa","image":{"@type":"ImageObject","inLanguage":"pl-PL","@id":"https:\/\/www.sotrender.com\/blog\/#\/schema\/person\/image\/","url":"https:\/\/secure.gravatar.com\/avatar\/95ac3974e8d78e3daf21d769297996a7?s=96&d=mm&r=g","contentUrl":"https:\/\/secure.gravatar.com\/avatar\/95ac3974e8d78e3daf21d769297996a7?s=96&d=mm&r=g","caption":"Magdalena Poprawa"},"description":"Law and communication design student, social media law freak and coffee lover.","url":"https:\/\/www.sotrender.com\/blog\/pl\/author\/mpoprawa\/"}]}},"_links":{"self":[{"href":"https:\/\/www.sotrender.com\/blog\/pl\/wp-json\/wp\/v2\/posts\/24137"}],"collection":[{"href":"https:\/\/www.sotrender.com\/blog\/pl\/wp-json\/wp\/v2\/posts"}],"about":[{"href":"https:\/\/www.sotrender.com\/blog\/pl\/wp-json\/wp\/v2\/types\/post"}],"author":[{"embeddable":true,"href":"https:\/\/www.sotrender.com\/blog\/pl\/wp-json\/wp\/v2\/users\/81"}],"replies":[{"embeddable":true,"href":"https:\/\/www.sotrender.com\/blog\/pl\/wp-json\/wp\/v2\/comments?post=24137"}],"version-history":[{"count":1,"href":"https:\/\/www.sotrender.com\/blog\/pl\/wp-json\/wp\/v2\/posts\/24137\/revisions"}],"predecessor-version":[{"id":24141,"href":"https:\/\/www.sotrender.com\/blog\/pl\/wp-json\/wp\/v2\/posts\/24137\/revisions\/24141"}],"wp:featuredmedia":[{"embeddable":true,"href":"https:\/\/www.sotrender.com\/blog\/pl\/wp-json\/wp\/v2\/media\/24139"}],"wp:attachment":[{"href":"https:\/\/www.sotrender.com\/blog\/pl\/wp-json\/wp\/v2\/media?parent=24137"}],"wp:term":[{"taxonomy":"category","embeddable":true,"href":"https:\/\/www.sotrender.com\/blog\/pl\/wp-json\/wp\/v2\/categories?post=24137"},{"taxonomy":"post_tag","embeddable":true,"href":"https:\/\/www.sotrender.com\/blog\/pl\/wp-json\/wp\/v2\/tags?post=24137"}],"curies":[{"name":"wp","href":"https:\/\/api.w.org\/{rel}","templated":true}]}}