{"id":23939,"date":"2016-12-21T08:21:00","date_gmt":"2016-12-21T07:21:00","guid":{"rendered":"http:\/\/blog.sotrender.com\/?p=23939"},"modified":"2016-12-21T17:19:17","modified_gmt":"2016-12-21T16:19:17","slug":"fanpage-trends-listopad-2016","status":"publish","type":"post","link":"https:\/\/www.sotrender.com\/blog\/pl\/2016\/12\/fanpage-trends-listopad-2016\/","title":{"rendered":"Fanpage Trends listopad 2016"},"content":{"rendered":"<p><span style=\"font-weight: 400;\">W listopadzie zauwa\u017cyli\u015bmy spadek aktywno\u015bci administrator\u00f3w na Facebooku. Obserwowane przez nas strony \u015brednio publikowa\u0142y o 3% mniej post\u00f3w ni\u017c w pa\u017adzierniku. Natomiast u\u017cytkownicy rzadziej klikali lubi\u0119 to,  ale cz\u0119\u015bciej komentowali posty stron.\u00a0<\/span><span style=\"font-weight: 400;\"><br \/>\n<\/span><span style=\"font-weight: 400;\"><br \/>\n<\/span><span style=\"font-weight: 400;\">Co jeszcze dzia\u0142o si\u0119 na Facebooku w listopadzie? Zapraszamy do lektury <a href=\"http:\/\/sotrender.pl\/trends\/facebook\">najnowszego wydania raportu Fanpage Trends listopad 2016<\/a>\u00a0przygotowanego przez <a href=\"http:\/\/sotrender.pl\">Sotrender<\/a>!<\/span><!--more--><\/p>\n<h2><span style=\"font-weight: 400;\">Ubierz si\u0119 dobrze w Fanpage Trends<\/span><\/h2>\n<div id=\"attachment_24295\" style=\"width: 1056px\" class=\"wp-caption aligncenter\"><img loading=\"lazy\" decoding=\"async\" aria-describedby=\"caption-attachment-24295\" class=\"wp-image-24295 size-full\" src=\"https:\/\/www.sotrender.com\/blog\/wp-content\/uploads\/2016\/12\/Najwi\u0119ksze-strony-w-kategorii-Odzie\u017c-Fanpage-Trends-listopad-2016-e1482337148420.png\" alt=\"Najwi\u0119ksze strony w kategorii Odzie\u017c - Fanpage Trends listopad 2016\" width=\"1046\" height=\"617\" srcset=\"https:\/\/www.sotrender.com\/blog\/wp-content\/uploads\/2016\/12\/Najwi\u0119ksze-strony-w-kategorii-Odzie\u017c-Fanpage-Trends-listopad-2016-e1482337148420.png 1046w, https:\/\/www.sotrender.com\/blog\/wp-content\/uploads\/2016\/12\/Najwi\u0119ksze-strony-w-kategorii-Odzie\u017c-Fanpage-Trends-listopad-2016-e1482337148420-475x280.png 475w, https:\/\/www.sotrender.com\/blog\/wp-content\/uploads\/2016\/12\/Najwi\u0119ksze-strony-w-kategorii-Odzie\u017c-Fanpage-Trends-listopad-2016-e1482337148420-768x453.png 768w, https:\/\/www.sotrender.com\/blog\/wp-content\/uploads\/2016\/12\/Najwi\u0119ksze-strony-w-kategorii-Odzie\u017c-Fanpage-Trends-listopad-2016-e1482337148420-950x560.png 950w, https:\/\/www.sotrender.com\/blog\/wp-content\/uploads\/2016\/12\/Najwi\u0119ksze-strony-w-kategorii-Odzie\u017c-Fanpage-Trends-listopad-2016-e1482337148420-600x354.png 600w\" sizes=\"(max-width: 1046px) 100vw, 1046px\" \/><p id=\"caption-attachment-24295\" class=\"wp-caption-text\">Najwi\u0119ksze strony w kategorii Odzie\u017c &#8211; Fanpage Trends listopad 2016<\/p><\/div>\n<p><span style=\"font-weight: 400;\">Rzadko zagl\u0105damy w naszych wst\u0119pniakach do bran\u017cy odzie\u017cowej,  czas zatem przyjrze\u0107 si\u0119 jej bli\u017cej. Najwi\u0119ksze strony w tej kategorii to Reserved Poland,  Cropp oraz H&amp;M. Ponad milion fan\u00f3w maj\u0105 tak\u017ce Domodi.pl oraz House. Natomiast najlepiej swoj\u0105 spo\u0142eczno\u015b\u0107 anga\u017cuj\u0105 Domodi.pl,  Butik i Zaczarowany \u015bwiat sukienek.<\/span><\/p>\n<h2><span style=\"font-weight: 400;\">Dalszy ci\u0105g porz\u0105dk\u00f3w na Facebooku?<\/span><\/h2>\n<div id=\"attachment_24297\" style=\"width: 1062px\" class=\"wp-caption aligncenter\"><img loading=\"lazy\" decoding=\"async\" aria-describedby=\"caption-attachment-24297\" class=\"size-full wp-image-24297\" src=\"https:\/\/www.sotrender.com\/blog\/wp-content\/uploads\/2016\/12\/Najwi\u0119ksze-strony-na-polskim-Facebooku-Fanpage-Trends-listopad-2016.png\" alt=\"Najwi\u0119ksze strony na polskim Facebooku - Fanpage Trends listopad 2016\" width=\"1052\" height=\"787\" srcset=\"https:\/\/www.sotrender.com\/blog\/wp-content\/uploads\/2016\/12\/Najwi\u0119ksze-strony-na-polskim-Facebooku-Fanpage-Trends-listopad-2016.png 1052w, https:\/\/www.sotrender.com\/blog\/wp-content\/uploads\/2016\/12\/Najwi\u0119ksze-strony-na-polskim-Facebooku-Fanpage-Trends-listopad-2016-475x355.png 475w, https:\/\/www.sotrender.com\/blog\/wp-content\/uploads\/2016\/12\/Najwi\u0119ksze-strony-na-polskim-Facebooku-Fanpage-Trends-listopad-2016-768x575.png 768w, https:\/\/www.sotrender.com\/blog\/wp-content\/uploads\/2016\/12\/Najwi\u0119ksze-strony-na-polskim-Facebooku-Fanpage-Trends-listopad-2016-950x711.png 950w, https:\/\/www.sotrender.com\/blog\/wp-content\/uploads\/2016\/12\/Najwi\u0119ksze-strony-na-polskim-Facebooku-Fanpage-Trends-listopad-2016-600x449.png 600w\" sizes=\"(max-width: 1052px) 100vw, 1052px\" \/><p id=\"caption-attachment-24297\" class=\"wp-caption-text\">Najwi\u0119ksze strony na polskim Facebooku &#8211; Fanpage Trends listopad 2016<\/p><\/div>\n<p><span style=\"font-weight: 400;\">W listopadzie ponownie zanotowali\u015bmy spadki liczby fan\u00f3w niekt\u00f3rych stron. Tak jak w pa\u017adzierniku,  nie s\u0105 to drastyczne ubytki,  jednak na tyle powa\u017cne,  \u017ce mo\u017cna interpretowa\u0107 je jako kolejn\u0105 ods\u0142on\u0119 czyszczenia Facebooka z nieaktywnych kont.<\/span><\/p>\n<p>&nbsp;<\/p>\n<h2><span style=\"font-weight: 400;\">Badanie p\u0142atnej komunikacji na Facebooku<\/span><\/h2>\n<p><img loading=\"lazy\" decoding=\"async\" class=\"aligncenter size-full wp-image-23763\" src=\"https:\/\/www.sotrender.com\/blog\/wp-content\/uploads\/2016\/11\/mountains-5.png\" alt=\"Zmiana Facebook Share of Voice w czasie\" width=\"1400\" height=\"800\" srcset=\"https:\/\/www.sotrender.com\/blog\/wp-content\/uploads\/2016\/11\/mountains-5.png 1400w, https:\/\/www.sotrender.com\/blog\/wp-content\/uploads\/2016\/11\/mountains-5-475x271.png 475w, https:\/\/www.sotrender.com\/blog\/wp-content\/uploads\/2016\/11\/mountains-5-768x439.png 768w, https:\/\/www.sotrender.com\/blog\/wp-content\/uploads\/2016\/11\/mountains-5-950x543.png 950w, https:\/\/www.sotrender.com\/blog\/wp-content\/uploads\/2016\/11\/mountains-5-600x343.png 600w\" sizes=\"(max-width: 1400px) 100vw, 1400px\" \/><\/p>\n<p><span style=\"font-weight: 400;\">Sotrender rozwija metod\u0119 szacowania zasi\u0119gu i wydatk\u00f3w reklamowych na Facebooku dla marek konkurencyjnych. Jest to mo\u017cliwe dzi\u0119ki naszej unikalnej bazie danych oraz zaawansowanym metodom uczenia maszynowego (machine learning). Korzystaj\u0105cy z niej marketerzy mog\u0105 zweryfikowa\u0107 aktywno\u015b\u0107 w ca\u0142ej kategorii (m.in. share of voice i share of spend oraz ich zmiany w czasie) a dzi\u0119ki temu pozna\u0107 strategie komunikacji i promocji poszczeg\u00f3lnych marek. Badanie pozwala na optymalizacj\u0119 bud\u017cetu,  dostarczaj\u0105c argument\u00f3w za jego modyfikacj\u0105 i \u015bwiadomym roz\u0142o\u017ceniem w czasie. Skorzysta\u0142o ju\u017c z niego kilkana\u015bcie korporacji i agencji interaktywnych. <a href=\"https:\/\/www.sotrender.com\/blog\/pl\/2016\/11\/facebook-reklama-badanie\/\">Dowiedz si\u0119 wi\u0119cej o naszym badaniu.<\/a><\/span><\/p>\n<h2><span style=\"font-weight: 400;\">Zupe\u0142nie nowy Sotrender<\/span><\/h2>\n<p><img loading=\"lazy\" decoding=\"async\" class=\"aligncenter size-full wp-image-24269\" src=\"https:\/\/www.sotrender.com\/blog\/wp-content\/uploads\/2016\/12\/Sotrender_-_Social_Media_Marketing__Make_better_decisions-4.png\" alt=\"Aktywno\u015b\u0107 fan\u00f3w w podziale na dni. Klikni\u0119cie na dany punkt wykresu pozwala na zobaczenie opublikowanych post\u00f3w.\" width=\"1106\" height=\"512\" srcset=\"https:\/\/www.sotrender.com\/blog\/wp-content\/uploads\/2016\/12\/Sotrender_-_Social_Media_Marketing__Make_better_decisions-4.png 1106w, https:\/\/www.sotrender.com\/blog\/wp-content\/uploads\/2016\/12\/Sotrender_-_Social_Media_Marketing__Make_better_decisions-4-475x220.png 475w, https:\/\/www.sotrender.com\/blog\/wp-content\/uploads\/2016\/12\/Sotrender_-_Social_Media_Marketing__Make_better_decisions-4-768x356.png 768w, https:\/\/www.sotrender.com\/blog\/wp-content\/uploads\/2016\/12\/Sotrender_-_Social_Media_Marketing__Make_better_decisions-4-950x440.png 950w, https:\/\/www.sotrender.com\/blog\/wp-content\/uploads\/2016\/12\/Sotrender_-_Social_Media_Marketing__Make_better_decisions-4-600x278.png 600w\" sizes=\"(max-width: 1106px) 100vw, 1106px\" \/><\/p>\n<p><span style=\"font-weight: 400;\">Nasze narz\u0119dzie zyska\u0142o zupe\u0142nie nowy wygl\u0105d &#8211; jest przejrzystsze,  \u0142adniejsze i jeszcze przyja\u017aniejsze u\u017cytkownikom. Ostatnia tak du\u017ca zmiana naszej aplikacji mia\u0142a miejsce <\/span><a href=\"https:\/\/www.sotrender.com\/blog\/pl\/2012\/04\/nowy-lepszy-layout-sotrendera\/\"><span style=\"font-weight: 400;\">4 lata temu<\/span><\/a><span style=\"font-weight: 400;\">. To do\u015b\u0107 dawno temu,  a w \u015bwiecie social media ca\u0142a epoka. Dlatego uznali\u015bmy,  \u017ce ju\u017c czas i z okazji naszych 6. ju\u017c urodzin chcemy sprezentowa\u0107 Wam now\u0105 ods\u0142on\u0119 panelu,  a tak\u017ce strony www! <a href=\"https:\/\/www.sotrender.com\/blog\/pl\/2016\/12\/prezentujemy-nowego-sotrendera\/\">Dowiedz si\u0119 wi\u0119cej o zmianach w Sotrenderze<\/a>!<\/span><\/p>\n<h2 style=\"text-align: center;\"><a href=\"https:\/\/www.sotrender.com\/pl\/trends\/facebook\/reports\/201611\/\">Zapraszamy do lektury najnowszego wydania Fanpage Trends!<\/a><\/h2>\n","protected":false},"excerpt":{"rendered":"<p>W listopadzie zauwa\u017cyli\u015bmy spadek aktywno\u015bci administrator\u00f3w na Facebooku. Obserwowane przez nas strony \u015brednio publikowa\u0142y o 3% mniej post\u00f3w ni\u017c w pa\u017adzierniku. Natomiast u\u017cytkownicy rzadziej klikali lubi\u0119 to, ale cz\u0119\u015bciej komentowali posty stron.\u00a0 Co jeszcze dzia\u0142o si\u0119 na Facebooku w listopadzie? Zapraszamy do lektury najnowszego wydania raportu Fanpage Trends listopad 2016\u00a0przygotowanego przez Sotrender!<\/p>\n","protected":false},"author":49,"featured_media":24229,"comment_status":"open","ping_status":"open","sticky":false,"template":"","format":"standard","meta":{"inline_featured_image":false,"footnotes":""},"categories":[1791,1797,2125],"tags":[17,31,1687],"yoast_head":"<!-- This site is optimized with the Yoast SEO plugin v22.4 - https:\/\/yoast.com\/wordpress\/plugins\/seo\/ -->\n<title>Fanpage Trends listopad 2016 \u2013 Sotrender Blog \u2013 Analyze, Benchmark &amp; Report Your Social Media Performance<\/title>\n<meta name=\"description\" content=\"W listopadzie zauwa\u017cyli\u015bmy spadek aktywno\u015bci administrator\u00f3w na Facebooku. Obserwowane przez nas strony \u015brednio publikowa\u0142y o 3% mniej post\u00f3w ni\u017c w Social Media Marketing &amp; Analytics Blog.\" \/>\n<meta name=\"robots\" content=\"index, follow, max-snippet:-1, max-image-preview:large, max-video-preview:-1\" \/>\n<link rel=\"canonical\" href=\"https:\/\/www.sotrender.com\/blog\/pl\/2016\/12\/fanpage-trends-listopad-2016\/\" \/>\n<meta property=\"og:locale\" content=\"pl_PL\" \/>\n<meta property=\"og:type\" content=\"article\" \/>\n<meta property=\"og:title\" content=\"Fanpage Trends listopad 2016 \u2013 Sotrender Blog \u2013 Analyze, Benchmark &amp; Report Your Social Media Performance\" \/>\n<meta property=\"og:description\" content=\"W listopadzie zauwa\u017cyli\u015bmy spadek aktywno\u015bci administrator\u00f3w na Facebooku. Obserwowane przez nas strony \u015brednio publikowa\u0142y o 3% mniej post\u00f3w ni\u017c w Social Media Marketing &amp; Analytics Blog.\" \/>\n<meta property=\"og:url\" content=\"https:\/\/www.sotrender.com\/blog\/pl\/2016\/12\/fanpage-trends-listopad-2016\/\" \/>\n<meta property=\"og:site_name\" content=\"Sotrender Blog\" \/>\n<meta property=\"article:publisher\" content=\"https:\/\/www.facebook.com\/Sotrender\" \/>\n<meta property=\"article:published_time\" content=\"2016-12-21T07:21:00+00:00\" \/>\n<meta property=\"article:modified_time\" content=\"2016-12-21T16:19:17+00:00\" \/>\n<meta property=\"og:image\" content=\"https:\/\/www.sotrender.com\/blog\/wp-content\/uploads\/2016\/12\/obrazek_tw.jpg\" \/>\n\t<meta property=\"og:image:width\" content=\"1600\" \/>\n\t<meta property=\"og:image:height\" content=\"847\" \/>\n\t<meta property=\"og:image:type\" content=\"image\/jpeg\" \/>\n<meta name=\"author\" content=\"Micha\u0142 Wieczorek\" \/>\n<meta name=\"twitter:card\" content=\"summary_large_image\" \/>\n<meta name=\"twitter:creator\" content=\"@http:\/\/twitter.com\/eveningo\" \/>\n<meta name=\"twitter:site\" content=\"@Sotrender\" \/>\n<meta name=\"twitter:label1\" content=\"Written by\" \/>\n\t<meta name=\"twitter:data1\" content=\"Micha\u0142 Wieczorek\" \/>\n\t<meta name=\"twitter:label2\" content=\"Est. reading time\" \/>\n\t<meta name=\"twitter:data2\" content=\"2 minutes\" \/>\n<script type=\"application\/ld+json\" class=\"yoast-schema-graph\">{\"@context\":\"https:\/\/schema.org\",\"@graph\":[{\"@type\":\"WebPage\",\"@id\":\"https:\/\/www.sotrender.com\/blog\/pl\/2016\/12\/fanpage-trends-listopad-2016\/\",\"url\":\"https:\/\/www.sotrender.com\/blog\/pl\/2016\/12\/fanpage-trends-listopad-2016\/\",\"name\":\"Fanpage Trends listopad 2016 \u2013 Sotrender Blog \u2013 Analyze, Benchmark & Report Your Social Media Performance\",\"isPartOf\":{\"@id\":\"https:\/\/www.sotrender.com\/blog\/#website\"},\"primaryImageOfPage\":{\"@id\":\"https:\/\/www.sotrender.com\/blog\/pl\/2016\/12\/fanpage-trends-listopad-2016\/#primaryimage\"},\"image\":{\"@id\":\"https:\/\/www.sotrender.com\/blog\/pl\/2016\/12\/fanpage-trends-listopad-2016\/#primaryimage\"},\"thumbnailUrl\":\"https:\/\/www.sotrender.com\/blog\/wp-content\/uploads\/2016\/12\/obrazek_tw.jpg\",\"datePublished\":\"2016-12-21T07:21:00+00:00\",\"dateModified\":\"2016-12-21T16:19:17+00:00\",\"author\":{\"@id\":\"https:\/\/www.sotrender.com\/blog\/#\/schema\/person\/48ed6f8ff39863778de8dd32f58467f5\"},\"description\":\"W listopadzie zauwa\u017cyli\u015bmy spadek aktywno\u015bci administrator\u00f3w na Facebooku. Obserwowane przez nas strony \u015brednio publikowa\u0142y o 3% mniej post\u00f3w ni\u017c w Social Media Marketing & Analytics Blog.\",\"breadcrumb\":{\"@id\":\"https:\/\/www.sotrender.com\/blog\/pl\/2016\/12\/fanpage-trends-listopad-2016\/#breadcrumb\"},\"inLanguage\":\"pl-PL\",\"potentialAction\":[{\"@type\":\"ReadAction\",\"target\":[\"https:\/\/www.sotrender.com\/blog\/pl\/2016\/12\/fanpage-trends-listopad-2016\/\"]}]},{\"@type\":\"ImageObject\",\"inLanguage\":\"pl-PL\",\"@id\":\"https:\/\/www.sotrender.com\/blog\/pl\/2016\/12\/fanpage-trends-listopad-2016\/#primaryimage\",\"url\":\"https:\/\/www.sotrender.com\/blog\/wp-content\/uploads\/2016\/12\/obrazek_tw.jpg\",\"contentUrl\":\"https:\/\/www.sotrender.com\/blog\/wp-content\/uploads\/2016\/12\/obrazek_tw.jpg\",\"width\":1600,\"height\":847},{\"@type\":\"BreadcrumbList\",\"@id\":\"https:\/\/www.sotrender.com\/blog\/pl\/2016\/12\/fanpage-trends-listopad-2016\/#breadcrumb\",\"itemListElement\":[{\"@type\":\"ListItem\",\"position\":1,\"name\":\"Home\",\"item\":\"https:\/\/www.sotrender.com\/blog\/\"},{\"@type\":\"ListItem\",\"position\":2,\"name\":\"Fanpage Trends listopad 2016\"}]},{\"@type\":\"WebSite\",\"@id\":\"https:\/\/www.sotrender.com\/blog\/#website\",\"url\":\"https:\/\/www.sotrender.com\/blog\/\",\"name\":\"Sotrender Blog\",\"description\":\"\",\"potentialAction\":[{\"@type\":\"SearchAction\",\"target\":{\"@type\":\"EntryPoint\",\"urlTemplate\":\"https:\/\/www.sotrender.com\/blog\/?s={search_term_string}\"},\"query-input\":\"required name=search_term_string\"}],\"inLanguage\":\"pl-PL\"},{\"@type\":\"Person\",\"@id\":\"https:\/\/www.sotrender.com\/blog\/#\/schema\/person\/48ed6f8ff39863778de8dd32f58467f5\",\"name\":\"Micha\u0142 Wieczorek\",\"image\":{\"@type\":\"ImageObject\",\"inLanguage\":\"pl-PL\",\"@id\":\"https:\/\/www.sotrender.com\/blog\/#\/schema\/person\/image\/\",\"url\":\"https:\/\/secure.gravatar.com\/avatar\/65ceb2020aa2338488b9c5f33c10137f?s=96&d=mm&r=g\",\"contentUrl\":\"https:\/\/secure.gravatar.com\/avatar\/65ceb2020aa2338488b9c5f33c10137f?s=96&d=mm&r=g\",\"caption\":\"Micha\u0142 Wieczorek\"},\"description\":\"Baltic linguist, marketer, and music journalist in his free time. A big fan of good food and even better music.\",\"sameAs\":[\"https:\/\/www.linkedin.com\/in\/michaldwieczorek\",\"https:\/\/twitter.com\/http:\/\/twitter.com\/eveningo\"],\"url\":\"https:\/\/www.sotrender.com\/blog\/pl\/author\/micha_wieczorek\/\"}]}<\/script>\n<!-- \/ Yoast SEO plugin. -->","yoast_head_json":{"title":"Fanpage Trends listopad 2016 \u2013 Sotrender Blog \u2013 Analyze, Benchmark & Report Your Social Media Performance","description":"W listopadzie zauwa\u017cyli\u015bmy spadek aktywno\u015bci administrator\u00f3w na Facebooku. Obserwowane przez nas strony \u015brednio publikowa\u0142y o 3% mniej post\u00f3w ni\u017c w Social Media Marketing & Analytics Blog.","robots":{"index":"index","follow":"follow","max-snippet":"max-snippet:-1","max-image-preview":"max-image-preview:large","max-video-preview":"max-video-preview:-1"},"canonical":"https:\/\/www.sotrender.com\/blog\/pl\/2016\/12\/fanpage-trends-listopad-2016\/","og_locale":"pl_PL","og_type":"article","og_title":"Fanpage Trends listopad 2016 \u2013 Sotrender Blog \u2013 Analyze, Benchmark & Report Your Social Media Performance","og_description":"W listopadzie zauwa\u017cyli\u015bmy spadek aktywno\u015bci administrator\u00f3w na Facebooku. Obserwowane przez nas strony \u015brednio publikowa\u0142y o 3% mniej post\u00f3w ni\u017c w Social Media Marketing & Analytics Blog.","og_url":"https:\/\/www.sotrender.com\/blog\/pl\/2016\/12\/fanpage-trends-listopad-2016\/","og_site_name":"Sotrender Blog","article_publisher":"https:\/\/www.facebook.com\/Sotrender","article_published_time":"2016-12-21T07:21:00+00:00","article_modified_time":"2016-12-21T16:19:17+00:00","og_image":[{"width":1600,"height":847,"url":"https:\/\/www.sotrender.com\/blog\/wp-content\/uploads\/2016\/12\/obrazek_tw.jpg","type":"image\/jpeg"}],"author":"Micha\u0142 Wieczorek","twitter_card":"summary_large_image","twitter_creator":"@http:\/\/twitter.com\/eveningo","twitter_site":"@Sotrender","twitter_misc":{"Written by":"Micha\u0142 Wieczorek","Est. reading time":"2 minutes"},"schema":{"@context":"https:\/\/schema.org","@graph":[{"@type":"WebPage","@id":"https:\/\/www.sotrender.com\/blog\/pl\/2016\/12\/fanpage-trends-listopad-2016\/","url":"https:\/\/www.sotrender.com\/blog\/pl\/2016\/12\/fanpage-trends-listopad-2016\/","name":"Fanpage Trends listopad 2016 \u2013 Sotrender Blog \u2013 Analyze, Benchmark & Report Your Social Media Performance","isPartOf":{"@id":"https:\/\/www.sotrender.com\/blog\/#website"},"primaryImageOfPage":{"@id":"https:\/\/www.sotrender.com\/blog\/pl\/2016\/12\/fanpage-trends-listopad-2016\/#primaryimage"},"image":{"@id":"https:\/\/www.sotrender.com\/blog\/pl\/2016\/12\/fanpage-trends-listopad-2016\/#primaryimage"},"thumbnailUrl":"https:\/\/www.sotrender.com\/blog\/wp-content\/uploads\/2016\/12\/obrazek_tw.jpg","datePublished":"2016-12-21T07:21:00+00:00","dateModified":"2016-12-21T16:19:17+00:00","author":{"@id":"https:\/\/www.sotrender.com\/blog\/#\/schema\/person\/48ed6f8ff39863778de8dd32f58467f5"},"description":"W listopadzie zauwa\u017cyli\u015bmy spadek aktywno\u015bci administrator\u00f3w na Facebooku. Obserwowane przez nas strony \u015brednio publikowa\u0142y o 3% mniej post\u00f3w ni\u017c w Social Media Marketing & Analytics Blog.","breadcrumb":{"@id":"https:\/\/www.sotrender.com\/blog\/pl\/2016\/12\/fanpage-trends-listopad-2016\/#breadcrumb"},"inLanguage":"pl-PL","potentialAction":[{"@type":"ReadAction","target":["https:\/\/www.sotrender.com\/blog\/pl\/2016\/12\/fanpage-trends-listopad-2016\/"]}]},{"@type":"ImageObject","inLanguage":"pl-PL","@id":"https:\/\/www.sotrender.com\/blog\/pl\/2016\/12\/fanpage-trends-listopad-2016\/#primaryimage","url":"https:\/\/www.sotrender.com\/blog\/wp-content\/uploads\/2016\/12\/obrazek_tw.jpg","contentUrl":"https:\/\/www.sotrender.com\/blog\/wp-content\/uploads\/2016\/12\/obrazek_tw.jpg","width":1600,"height":847},{"@type":"BreadcrumbList","@id":"https:\/\/www.sotrender.com\/blog\/pl\/2016\/12\/fanpage-trends-listopad-2016\/#breadcrumb","itemListElement":[{"@type":"ListItem","position":1,"name":"Home","item":"https:\/\/www.sotrender.com\/blog\/"},{"@type":"ListItem","position":2,"name":"Fanpage Trends listopad 2016"}]},{"@type":"WebSite","@id":"https:\/\/www.sotrender.com\/blog\/#website","url":"https:\/\/www.sotrender.com\/blog\/","name":"Sotrender Blog","description":"","potentialAction":[{"@type":"SearchAction","target":{"@type":"EntryPoint","urlTemplate":"https:\/\/www.sotrender.com\/blog\/?s={search_term_string}"},"query-input":"required name=search_term_string"}],"inLanguage":"pl-PL"},{"@type":"Person","@id":"https:\/\/www.sotrender.com\/blog\/#\/schema\/person\/48ed6f8ff39863778de8dd32f58467f5","name":"Micha\u0142 Wieczorek","image":{"@type":"ImageObject","inLanguage":"pl-PL","@id":"https:\/\/www.sotrender.com\/blog\/#\/schema\/person\/image\/","url":"https:\/\/secure.gravatar.com\/avatar\/65ceb2020aa2338488b9c5f33c10137f?s=96&d=mm&r=g","contentUrl":"https:\/\/secure.gravatar.com\/avatar\/65ceb2020aa2338488b9c5f33c10137f?s=96&d=mm&r=g","caption":"Micha\u0142 Wieczorek"},"description":"Baltic linguist, marketer, and music journalist in his free time. A big fan of good food and even better music.","sameAs":["https:\/\/www.linkedin.com\/in\/michaldwieczorek","https:\/\/twitter.com\/http:\/\/twitter.com\/eveningo"],"url":"https:\/\/www.sotrender.com\/blog\/pl\/author\/micha_wieczorek\/"}]}},"_links":{"self":[{"href":"https:\/\/www.sotrender.com\/blog\/pl\/wp-json\/wp\/v2\/posts\/23939"}],"collection":[{"href":"https:\/\/www.sotrender.com\/blog\/pl\/wp-json\/wp\/v2\/posts"}],"about":[{"href":"https:\/\/www.sotrender.com\/blog\/pl\/wp-json\/wp\/v2\/types\/post"}],"author":[{"embeddable":true,"href":"https:\/\/www.sotrender.com\/blog\/pl\/wp-json\/wp\/v2\/users\/49"}],"replies":[{"embeddable":true,"href":"https:\/\/www.sotrender.com\/blog\/pl\/wp-json\/wp\/v2\/comments?post=23939"}],"version-history":[{"count":8,"href":"https:\/\/www.sotrender.com\/blog\/pl\/wp-json\/wp\/v2\/posts\/23939\/revisions"}],"predecessor-version":[{"id":24331,"href":"https:\/\/www.sotrender.com\/blog\/pl\/wp-json\/wp\/v2\/posts\/23939\/revisions\/24331"}],"wp:featuredmedia":[{"embeddable":true,"href":"https:\/\/www.sotrender.com\/blog\/pl\/wp-json\/wp\/v2\/media\/24229"}],"wp:attachment":[{"href":"https:\/\/www.sotrender.com\/blog\/pl\/wp-json\/wp\/v2\/media?parent=23939"}],"wp:term":[{"taxonomy":"category","embeddable":true,"href":"https:\/\/www.sotrender.com\/blog\/pl\/wp-json\/wp\/v2\/categories?post=23939"},{"taxonomy":"post_tag","embeddable":true,"href":"https:\/\/www.sotrender.com\/blog\/pl\/wp-json\/wp\/v2\/tags?post=23939"}],"curies":[{"name":"wp","href":"https:\/\/api.w.org\/{rel}","templated":true}]}}