{"id":23735,"date":"2016-11-09T10:58:23","date_gmt":"2016-11-09T09:58:23","guid":{"rendered":"http:\/\/blog.sotrender.com\/pl\/?p=23735"},"modified":"2018-08-08T16:23:31","modified_gmt":"2018-08-08T14:23:31","slug":"facebook-reklama-badanie","status":"publish","type":"post","link":"https:\/\/www.sotrender.com\/blog\/pl\/2016\/11\/facebook-reklama-badanie\/","title":{"rendered":"Reklama na Facebooku &#8211; badanie,  kt\u00f3re ma sens"},"content":{"rendered":"<p style=\"text-align: justify;\"><span style=\"font-weight: 400;\"><a href=\"http:\/\/sotrender.pl\">Sotrender<\/a> rozwija metod\u0119 szacowania zasi\u0119gu i wydatk\u00f3w reklamowych na Facebooku dla marek konkurencyjnych. Jest to mo\u017cliwe dzi\u0119ki naszej unikalnej bazie danych oraz zaawansowanym metodom uczenia maszynowego (<em>machine learning<\/em>). Korzystaj\u0105cy z niej marketerzy mog\u0105 <\/span><span style=\"font-weight: 400;\">zweryfikowa\u0107 aktywno\u015b\u0107 w <\/span><span style=\"font-weight: 400;\">ca\u0142ej kategorii (m.in. <em>share of voice<\/em> i <em>share of spend<\/em> oraz ich zmiany w czasie) a dzi\u0119ki temu pozna\u0107 strategie komunikacji i promocji poszczeg\u00f3lnych marek. Badanie pozwala na optymalizacj\u0119 bud\u017cetu, dostarczaj\u0105c argument\u00f3w za jego <\/span><span style=\"font-weight: 400;\">modyfikacj\u0105 i \u015bwiadomym roz\u0142o\u017ceniem w czasie<\/span><span style=\"font-weight: 400;\">. Skorzysta\u0142o ju\u017c z niego kilkana\u015bcie korporacji i agencji interaktywnych. <\/span><span style=\"font-weight: 400;\">M<\/span><span style=\"font-weight: 400;\">etodologia <\/span><span style=\"font-weight: 400;\">ta<\/span><span style=\"font-weight: 400;\"> zosta\u0142a te\u017c wykorzystana w badaniu wielko\u015bci rynku reklamowego <\/span><a href=\"http:\/\/iab.org.pl\/badania-i-publikacje\/iab-pwc-adex-2016h1-reklama-online-nadal-z-dwucyfrowym-wzrostem\/\"><span style=\"font-weight: 400;\">IAB Polska \/ PwC AdEx<\/span><\/a><span style=\"font-weight: 400;\">.<\/span><!--more--><\/p>\n<h2>Coraz wy\u017csze wydatki na reklam\u0119 w social media<\/h2>\n<p style=\"text-align: justify;\"><span style=\"font-weight: 400;\">Z danych IAB wynika, \u017ce rynek reklamy online w Polsce<\/span><span style=\"font-weight: 400;\">\u00a0wzr\u00f3s\u0142 o <strong>19, 9%<\/strong> w pierwszej po\u0142owie 2016 r. Przewiduje si\u0119 te\u017c, \u017ce w tym roku po raz pierwszy w historii mo\u017ce przekroczy\u0107\u00a04 miliardy z\u0142otych. Najszybciej rosn\u0105cym typem reklamy jest w\u0142a\u015bnie reklama w mediach spo\u0142eczno\u015bciowych (wzrost o a\u017c<strong> 75%<\/strong>, <wbr \/>\u00a0wi\u0119cej nawet ni\u017c mobile).\u00a0Co wi\u0119cej, <\/span><a href=\"http:\/\/www.recode.net\/2016\/11\/2\/13497376\/google-facebook-advertising-shrinking-iab-dcn\" target=\"_blank\" rel=\"noopener\"><span style=\"font-weight: 400;\">reklama na Facebooku odpowiada<\/span><\/a><span style=\"font-weight: 400;\"> za lwi\u0105 cz\u0119\u015b\u0107 wzrostu rynku reklamy internetowej, dlatego badanie wydatk\u00f3w reklamowych w tym medium\u00a0<\/span><span style=\"font-weight: 400;\">b\u0119dzie<\/span><span style=\"font-weight: 400;\"> coraz wa\u017cniejsze dla reklamodawc\u00f3w.<\/span><\/p>\n<h2>Jak bada\u0107 wydatki reklamowe na Facebooku?<\/h2>\n<p style=\"text-align: justify;\"><span style=\"font-weight: 400;\">Od niespe\u0142na roku rozwijamy badanie komunikacji kategorii na Facebooku, w tym badanie wydatk\u00f3w reklamowych. <\/span><span style=\"font-weight: 400;\">Nauczyli\u015bmy si\u0119, \u017ce naszym klientom przynosi ono odpowiedzi na takie pytania jak:<\/span><\/p>\n<ul>\n<li style=\"font-weight: 400; text-align: justify;\"><span style=\"font-weight: 400;\">Jak wygl\u0105da komunikacja kategorii, kto jest liderem, a kto zostaje w tyle? <\/span><\/li>\n<li style=\"font-weight: 400; text-align: justify;\"><span style=\"font-weight: 400;\">Jaka jest strategia komunikacji poszczeg\u00f3lnych marek? Jak zmienia si\u0119 komunikacja w czasie, kto komunikuje si\u0119 w spos\u00f3b sta\u0142y, a kto przeplata okresy kampanii i aktywacji oraz ciszy komunikacyjnej? Jak roz\u0142o\u017cony jest bud\u017cet w ci\u0105gu roku? <\/span><\/li>\n<li style=\"font-weight: 400; text-align: justify;\"><span style=\"font-weight: 400;\">Jakie wyniki <\/span><span style=\"font-weight: 400;\">zasi\u0119g\u00f3w i ods\u0142on<\/span><span style=\"font-weight: 400;\"> osi\u0105gaj\u0105 marki oraz jaka cz\u0119\u015b\u0107 zasi\u0119g\u00f3w przypada na formy p\u0142atne, a jaka jest osi\u0105gana organicznie lub wirusowo?<\/span><\/li>\n<li style=\"font-weight: 400; text-align: justify;\"><span style=\"font-weight: 400;\">Jakie podej\u015bcie do promocji post\u00f3w maj\u0105 poszczeg\u00f3lne marki? Co jest promowane? Jakie formy i kreacje? Jest to szczeg\u00f3lnie wa\u017cne dla marek, kt\u00f3re promuj\u0105 tylko niekt\u00f3re produkty czy linie kreacyjne. <\/span><\/li>\n<\/ul>\n<div id=\"attachment_23763\" style=\"width: 1034px\" class=\"wp-caption aligncenter\"><a href=\"https:\/\/www.sotrender.com\/wp-content\/uploads\/2016\/11\/mountains-5.png\"><img loading=\"lazy\" decoding=\"async\" aria-describedby=\"caption-attachment-23763\" class=\"wp-image-23763 size-large\" title=\"Facebook Share of Voice - zmiana w czasie. Dane przyk\u0142adowe.\" src=\"https:\/\/www.sotrender.com\/wp-content\/uploads\/2016\/11\/mountains-5-1024x585.png\" alt=\"Zmiana Facebook Share of Voice w czasie\" width=\"1024\" height=\"585\" \/><\/a><p id=\"caption-attachment-23763\" class=\"wp-caption-text\"><em>Facebook Share of Voice &#8211; zmiana w czasie. Dane przyk\u0142adowe.<\/em><\/p><\/div>\n<h2>Estymacja wydatk\u00f3w reklamowych i zasi\u0119g\u00f3w dzi\u0119ki machine learning<\/h2>\n<p style=\"text-align: justify;\"><span style=\"font-weight: 400;\">Nasze badania polegaj\u0105 na dok\u0142adnym szacowaniu danych niepublicznych (o promowaniu, zasi\u0119gach, wydatkach, itd.) w oparciu o wska\u017aniki dost\u0119pne publicznie. Tego rodzaju estymacje wydatk\u00f3w oraz podstawowych wska\u017anik\u00f3w komunikacyjnych jak ods\u0142ony czy zasi\u0119gi robimy jako <\/span><b>jedyna firma na \u015bwiecie<\/b><span style=\"font-weight: 400;\">. Margines b\u0142\u0119du przy szacowaniu ods\u0142on nie przekracza 12%. Co wi\u0119cej, jako 1 z 3 potrafimy trafnie oszacowa\u0107, kt\u00f3re dok\u0142adnie posty by\u0142y sponsorowane i osi\u0105gn\u0119li\u015bmy tu trafno\u015b\u0107 <strong>97%<\/strong>.\u00a0<\/span><\/p>\n<p style=\"text-align: justify;\"><span style=\"font-weight: 400;\">Tak wysok\u0105 skuteczno\u015b\u0107 osi\u0105gamy dzi\u0119ki autorskiej metodzie wykorzystania big data oraz wieloletniemu do\u015bwiadczeniu. Bierzemy pod uwag\u0119 wszystkie posty marki pojawiaj\u0105ce si\u0119 w tzw. <em>newsfeedzie<\/em>, w tym tak\u017ce tzw. <em>unpublished\/dark posts<\/em>. Uwzgl\u0119dniamy tak\u017ce wersj\u0119 mobiln\u0105 Facebooka oraz remarketing. Przyj\u0119ta metoda nie pozwala natomiast na razie na estymacj\u0119 reklam w prawej kolumnie.<\/span><\/p>\n<h2>Badanie wykorzystywane przez korporacje i agencje<\/h2>\n<blockquote><p>Jak co roku podsumowujemy wyniki aktywno\u015bci naszej marki w mediach spo\u0142eczno\u015bciowych. Por\u00f3wnujemy si\u0119 tak\u017ce z bran\u017c\u0105. Wiedza, nawet bardzo og\u00f3lna, na temat nak\u0142ad\u00f3w na aktywno\u015b\u0107 reklamow\u0105 to bardzo istotny element planowania. Dzi\u0119ki temu mo\u017cemy rozs\u0105dnie zaplanowa\u0107 wydatki mediowe na kolejny rok. Korzystamy z narz\u0119dzi analitycznych Sotrender w procesie poznawania rynku i wyci\u0105gania wniosk\u00f3w czy nasze dzia\u0142ania s\u0105 efektywne na tle pozosta\u0142ych marek w segmencie premium. Szczeg\u00f3lnie istotne s\u0105 tak\u017ce analizy p\u0142atnej komunikacji dla bran\u017cy w jakiej dzia\u0142amy.<\/p><\/blockquote>\n<p>&#8211; Wojciech Potoczek, odpowiedzialny za kana\u0142 Digital w <strong>Volvo Car Poland<\/strong><\/p>\n<blockquote><p>Analiza dotycz\u0105ca wydatk\u00f3w na komunikacj\u0119 p\u0142atn\u0105 na Facebooku pozwala nam na dwie niezwykle istotne rzeczy. Jedna dotyczy przesz\u0142o\u015bci, a druga przysz\u0142o\u015bci.<\/p>\n<p>Po pierwsze, mo\u017cemy oszacowa\u0107 na ile byli\u015bmy skuteczni w naszej komunikacji przy bud\u017cetach jakimi dysponujemy.<\/p>\n<p>Po drugie, okre\u015bli\u0107 realne cele na przysz\u0142e okresy wraz zabezpieczeniem bud\u017cetu na promocj\u0119 tre\u015bci. W oparciu nie o to \u201eile by\u015bmy chcieli\u201d, a o to ile realnie powinni\u015bmy wyda\u0107 je\u015bli chcemy skutecznie konkurowa\u0107 w okre\u015blonym segmencie.<\/p><\/blockquote>\n<p style=\"text-align: justify;\">&#8211; Pawe\u0142 Stempniak, Digital Strategist, <a href=\"http:\/\/whitebits.pl\"><strong>WhiteBits.pl<\/strong><\/a><\/p>\n<p style=\"text-align: justify;\"><span style=\"font-weight: 400;\">Kolejne do\u015bwiadczenia z badaniem komunikacji kategorii pozwalaj\u0105 nam lepiej zrozumie\u0107 jego ograniczenia. Realizacja\u00a0kilkunastu bada\u0144 tego typu dla firm z sektor\u00f3w takich jak finanse, telekomunikacja czy motoryzacja, ale te\u017c\u00a0dla agencji reklamowych i dom\u00f3w mediowych, pomog\u0142y nam poprawi\u0107 modele oraz wzbogaci\u0107 badanie o nowe rodzaje analiz. Trzeba pami\u0119ta\u0107, \u017ce s\u0105 to estymacje, a szacunki zawsze b\u0119d\u0105 obarczone pewnym b\u0142\u0119dem.<\/span><\/p>\n<div id=\"attachment_23765\" style=\"width: 1034px\" class=\"wp-caption aligncenter\"><a href=\"https:\/\/www.sotrender.com\/wp-content\/uploads\/2016\/11\/spendingsMoney.png\"><img loading=\"lazy\" decoding=\"async\" aria-describedby=\"caption-attachment-23765\" class=\"size-large wp-image-23765\" src=\"https:\/\/www.sotrender.com\/wp-content\/uploads\/2016\/11\/spendingsMoney-1024x585.png\" alt=\"Facebook Share of Spend na tle bran\u017cy.\" width=\"1024\" height=\"585\" \/><\/a><p id=\"caption-attachment-23765\" class=\"wp-caption-text\"><em>Facebook Share of Spend na tle bran\u017cy. Dane przyk\u0142adowe.<\/em><\/p><\/div>\n<p style=\"text-align: justify;\"><span style=\"font-weight: 400;\">Informacje zwrotne od klient\u00f3w utwierdzaj\u0105 nas w tym, \u017ce nasza metoda dobrze si\u0119 sprawdza i trafnie pokazuje tendencje w wielu kategoriach. Zarazem wiemy, <wbr \/>\u00a0\u017ce musimy jeszcze popracowa\u0107 nad precyzj\u0105 oszacowania dla sklep\u00f3w internetowych. W ich przypadku, wykorzystywane s\u0105 o wiele bardziej zr\u00f3\u017cnicowane formy kreacji a kampanie s\u0105 mocniej optymalizowane (CPM dochodz\u0105ce nawet do zaledwie 1 z\u0142).\u00a0Z drugiej strony, dla kilkudziesi\u0119ciu innych bran\u017c i kategorii, od spo\u017cywczych po medialne, nasze szacunki okaza\u0142y si\u0119 zbie\u017cne z innymi danymi. <\/span><\/p>\n<p style=\"text-align: justify;\"><span style=\"font-weight: 400;\">Jeste\u015bmy dumni, \u017ce nasza metoda badawcza spotka\u0142a si\u0119 z <\/span><span style=\"font-weight: 400;\"><a href=\"https:\/\/www.sotrender.com\/pl\/2016\/06\/pejzaz-wydatkow-reklamowych-polskich-firm-na-facebooku-prezentacja\/\">pozytywnym przyj\u0119ciem na Forum IAB<\/a>. Jest te\u017c wykorzystywana w szacunkach ca\u0142ego rynku polskiego, \u00a0co potwierdza Dyrektor ds. bada\u0144<strong> IAB Polska<\/strong>, Pawe\u0142 Kolenda:<strong>\u00a0<\/strong><\/span><em>W zwi\u0105zku z dynamicznym rozwojem komunikacji cyfrowej i wynikaj\u0105c\u0105 ze\u0144 konieczno\u015bci\u0105 doprecyzowania danych dotycz\u0105cych wydatk\u00f3w reklamowych online, w roku 2016 IAB Polska zaprosi\u0142 Sotrender do udzia\u0142u w badaniu IAB Polska\/PwC AdEx. Dzi\u0119ki tej wsp\u00f3\u0142pracy model social media \u2013 dotychczas oparty o szacunki IHS i dane finansowe pochodz\u0105ce z dom\u00f3w mediowych \u2013 zostanie wzbogacony o dodatkowe analizy. Na podstawie danych Sotrender z wydatk\u00f3w na reklam\u0119 social media (dot\u0105d raportowanych ca\u0142o\u015bciowo) zostanie wydzielone wideo i udzia\u0142y poszczeg\u00f3lnych bran\u017c. <\/em>Dzi\u0119kujemy za uznanie i mo\u017cliwo\u015b\u0107 udzia\u0142u w tym presti\u017cowym badaniu.<\/p>\n<div align=\"center\">\n<p><iframe loading=\"lazy\" style=\"border: 1px solid #CCC; border-width: 1px; margin-bottom: 5px; max-width: 100%;\" src=\"\/\/www.slideshare.net\/slideshow\/embed_code\/key\/4S7SLVX9vGKBBr\" width=\"595\" height=\"485\" frameborder=\"0\" marginwidth=\"0\" marginheight=\"0\" scrolling=\"no\" allowfullscreen=\"allowfullscreen\"> <\/iframe><\/p>\n<div style=\"margin-bottom: 5px;\"><strong> <a title=\"Sotrender: badanie komunikacji na Facebooku\" href=\"\/\/www.slideshare.net\/FanpageTrender\/sotrender-badanie-komunikacji-na-facebooku\" target=\"_blank\" rel=\"noopener\">Sotrender: badanie komunikacji na Facebooku<\/a> <\/strong> from <strong><a href=\"\/\/www.slideshare.net\/FanpageTrender\" target=\"_blank\" rel=\"noopener\">Sotrender<\/a><\/strong><\/div>\n<\/div>\n<h2 style=\"text-align: center;\"><a href=\"mailto:sales@sotrender.com\">Zastanawia\u0142e\u015b si\u0119 jak wygl\u0105daj\u0105 wydatki reklamowe w Twojej bran\u017cy? Skontaktuj si\u0119 z nami i poznaj odpowiedzi! <\/a><\/h2>\n<p>&nbsp;<\/p>\n","protected":false},"excerpt":{"rendered":"<p>Sotrender rozwija metod\u0119 szacowania zasi\u0119gu i wydatk\u00f3w reklamowych na Facebooku dla marek konkurencyjnych. Jest to mo\u017cliwe dzi\u0119ki naszej unikalnej bazie danych oraz zaawansowanym metodom uczenia maszynowego (machine learning). Korzystaj\u0105cy z niej marketerzy mog\u0105 zweryfikowa\u0107 aktywno\u015b\u0107 w ca\u0142ej kategorii (m.in. share of voice i share of spend oraz ich zmiany w czasie) a dzi\u0119ki temu pozna\u0107 [&hellip;]<\/p>\n","protected":false},"author":2,"featured_media":23777,"comment_status":"open","ping_status":"open","sticky":false,"template":"","format":"standard","meta":{"inline_featured_image":false,"footnotes":""},"categories":[1791,1795,1797],"tags":[593,2005,2007],"yoast_head":"<!-- This site is optimized with the Yoast SEO plugin v22.4 - https:\/\/yoast.com\/wordpress\/plugins\/seo\/ -->\n<title>Reklama na Facebooku - badanie, kt\u00f3re ma sens<\/title>\n<meta name=\"description\" content=\"Badanie p\u0142atnej komunikacji na Facebooku pozwoli Ci lepiej przygotowa\u0107 bud\u017cet na dzia\u0142ania promocyjne i dotrze\u0107 do odpowiednich klient\u00f3w.\" \/>\n<meta name=\"robots\" content=\"index, follow, max-snippet:-1, max-image-preview:large, max-video-preview:-1\" \/>\n<link rel=\"canonical\" href=\"https:\/\/www.sotrender.com\/blog\/pl\/2016\/11\/facebook-reklama-badanie\/\" \/>\n<meta property=\"og:locale\" content=\"pl_PL\" \/>\n<meta property=\"og:type\" content=\"article\" \/>\n<meta property=\"og:title\" content=\"Reklama na Facebooku - badanie, kt\u00f3re ma sens\" \/>\n<meta property=\"og:description\" content=\"Badanie p\u0142atnej komunikacji na Facebooku pozwoli Ci lepiej przygotowa\u0107 bud\u017cet na dzia\u0142ania promocyjne i dotrze\u0107 do odpowiednich klient\u00f3w.\" \/>\n<meta property=\"og:url\" content=\"https:\/\/www.sotrender.com\/blog\/pl\/2016\/11\/facebook-reklama-badanie\/\" \/>\n<meta property=\"og:site_name\" content=\"Sotrender Blog\" \/>\n<meta property=\"article:publisher\" content=\"https:\/\/www.facebook.com\/Sotrender\" \/>\n<meta property=\"article:author\" content=\"https:\/\/www.facebook.com\/jan.zajac.75?fref=ts\" \/>\n<meta property=\"article:published_time\" content=\"2016-11-09T09:58:23+00:00\" \/>\n<meta property=\"article:modified_time\" content=\"2018-08-08T14:23:31+00:00\" \/>\n<meta property=\"og:image\" content=\"https:\/\/www.sotrender.com\/blog\/wp-content\/uploads\/2016\/11\/dreamstime_m_2200236.jpg\" \/>\n\t<meta property=\"og:image:width\" content=\"2000\" \/>\n\t<meta property=\"og:image:height\" content=\"1075\" \/>\n\t<meta property=\"og:image:type\" content=\"image\/jpeg\" \/>\n<meta name=\"author\" content=\"Jan Zaj\u0105c\" \/>\n<meta name=\"twitter:card\" content=\"summary_large_image\" \/>\n<meta name=\"twitter:creator\" content=\"@http:\/\/twitter.com\/janekzajac\" \/>\n<meta name=\"twitter:site\" content=\"@Sotrender\" \/>\n<meta name=\"twitter:label1\" content=\"Written by\" \/>\n\t<meta name=\"twitter:data1\" content=\"Jan Zaj\u0105c\" \/>\n\t<meta name=\"twitter:label2\" content=\"Est. reading time\" \/>\n\t<meta name=\"twitter:data2\" content=\"5 minutes\" \/>\n<script type=\"application\/ld+json\" class=\"yoast-schema-graph\">{\"@context\":\"https:\/\/schema.org\",\"@graph\":[{\"@type\":\"WebPage\",\"@id\":\"https:\/\/www.sotrender.com\/blog\/pl\/2016\/11\/facebook-reklama-badanie\/\",\"url\":\"https:\/\/www.sotrender.com\/blog\/pl\/2016\/11\/facebook-reklama-badanie\/\",\"name\":\"Reklama na Facebooku - badanie, kt\u00f3re ma sens\",\"isPartOf\":{\"@id\":\"https:\/\/www.sotrender.com\/blog\/#website\"},\"primaryImageOfPage\":{\"@id\":\"https:\/\/www.sotrender.com\/blog\/pl\/2016\/11\/facebook-reklama-badanie\/#primaryimage\"},\"image\":{\"@id\":\"https:\/\/www.sotrender.com\/blog\/pl\/2016\/11\/facebook-reklama-badanie\/#primaryimage\"},\"thumbnailUrl\":\"https:\/\/www.sotrender.com\/blog\/wp-content\/uploads\/2016\/11\/dreamstime_m_2200236.jpg\",\"datePublished\":\"2016-11-09T09:58:23+00:00\",\"dateModified\":\"2018-08-08T14:23:31+00:00\",\"author\":{\"@id\":\"https:\/\/www.sotrender.com\/blog\/#\/schema\/person\/15d4db3ba9c4e61b1cb96099300e7c51\"},\"description\":\"Badanie p\u0142atnej komunikacji na Facebooku pozwoli Ci lepiej przygotowa\u0107 bud\u017cet na dzia\u0142ania promocyjne i dotrze\u0107 do odpowiednich klient\u00f3w.\",\"breadcrumb\":{\"@id\":\"https:\/\/www.sotrender.com\/blog\/pl\/2016\/11\/facebook-reklama-badanie\/#breadcrumb\"},\"inLanguage\":\"pl-PL\",\"potentialAction\":[{\"@type\":\"ReadAction\",\"target\":[\"https:\/\/www.sotrender.com\/blog\/pl\/2016\/11\/facebook-reklama-badanie\/\"]}]},{\"@type\":\"ImageObject\",\"inLanguage\":\"pl-PL\",\"@id\":\"https:\/\/www.sotrender.com\/blog\/pl\/2016\/11\/facebook-reklama-badanie\/#primaryimage\",\"url\":\"https:\/\/www.sotrender.com\/blog\/wp-content\/uploads\/2016\/11\/dreamstime_m_2200236.jpg\",\"contentUrl\":\"https:\/\/www.sotrender.com\/blog\/wp-content\/uploads\/2016\/11\/dreamstime_m_2200236.jpg\",\"width\":2000,\"height\":1075},{\"@type\":\"BreadcrumbList\",\"@id\":\"https:\/\/www.sotrender.com\/blog\/pl\/2016\/11\/facebook-reklama-badanie\/#breadcrumb\",\"itemListElement\":[{\"@type\":\"ListItem\",\"position\":1,\"name\":\"Home\",\"item\":\"https:\/\/www.sotrender.com\/blog\/\"},{\"@type\":\"ListItem\",\"position\":2,\"name\":\"Reklama na Facebooku &#8211; badanie, kt\u00f3re ma sens\"}]},{\"@type\":\"WebSite\",\"@id\":\"https:\/\/www.sotrender.com\/blog\/#website\",\"url\":\"https:\/\/www.sotrender.com\/blog\/\",\"name\":\"Sotrender Blog\",\"description\":\"\",\"potentialAction\":[{\"@type\":\"SearchAction\",\"target\":{\"@type\":\"EntryPoint\",\"urlTemplate\":\"https:\/\/www.sotrender.com\/blog\/?s={search_term_string}\"},\"query-input\":\"required name=search_term_string\"}],\"inLanguage\":\"pl-PL\"},{\"@type\":\"Person\",\"@id\":\"https:\/\/www.sotrender.com\/blog\/#\/schema\/person\/15d4db3ba9c4e61b1cb96099300e7c51\",\"name\":\"Jan Zaj\u0105c\",\"image\":{\"@type\":\"ImageObject\",\"inLanguage\":\"pl-PL\",\"@id\":\"https:\/\/www.sotrender.com\/blog\/#\/schema\/person\/image\/\",\"url\":\"https:\/\/secure.gravatar.com\/avatar\/330c70ea205c5402148d7c7d8927d81d?s=96&d=mm&r=g\",\"contentUrl\":\"https:\/\/secure.gravatar.com\/avatar\/330c70ea205c5402148d7c7d8927d81d?s=96&d=mm&r=g\",\"caption\":\"Jan Zaj\u0105c\"},\"description\":\"Psychologist &amp; economist, experienced consultant &amp; researcher, who speaks 6 languages and has cycled around 17 countries.\",\"sameAs\":[\"https:\/\/www.facebook.com\/jan.zajac.75?fref=ts\",\"https:\/\/www.linkedin.com\/in\/janekzajac\",\"https:\/\/twitter.com\/http:\/\/twitter.com\/janekzajac\"],\"url\":\"https:\/\/www.sotrender.com\/blog\/pl\/author\/jan_zajc\/\"}]}<\/script>\n<!-- \/ Yoast SEO plugin. -->","yoast_head_json":{"title":"Reklama na Facebooku - badanie, kt\u00f3re ma sens","description":"Badanie p\u0142atnej komunikacji na Facebooku pozwoli Ci lepiej przygotowa\u0107 bud\u017cet na dzia\u0142ania promocyjne i dotrze\u0107 do odpowiednich klient\u00f3w.","robots":{"index":"index","follow":"follow","max-snippet":"max-snippet:-1","max-image-preview":"max-image-preview:large","max-video-preview":"max-video-preview:-1"},"canonical":"https:\/\/www.sotrender.com\/blog\/pl\/2016\/11\/facebook-reklama-badanie\/","og_locale":"pl_PL","og_type":"article","og_title":"Reklama na Facebooku - badanie, kt\u00f3re ma sens","og_description":"Badanie p\u0142atnej komunikacji na Facebooku pozwoli Ci lepiej przygotowa\u0107 bud\u017cet na dzia\u0142ania promocyjne i dotrze\u0107 do odpowiednich klient\u00f3w.","og_url":"https:\/\/www.sotrender.com\/blog\/pl\/2016\/11\/facebook-reklama-badanie\/","og_site_name":"Sotrender Blog","article_publisher":"https:\/\/www.facebook.com\/Sotrender","article_author":"https:\/\/www.facebook.com\/jan.zajac.75?fref=ts","article_published_time":"2016-11-09T09:58:23+00:00","article_modified_time":"2018-08-08T14:23:31+00:00","og_image":[{"width":2000,"height":1075,"url":"https:\/\/www.sotrender.com\/blog\/wp-content\/uploads\/2016\/11\/dreamstime_m_2200236.jpg","type":"image\/jpeg"}],"author":"Jan Zaj\u0105c","twitter_card":"summary_large_image","twitter_creator":"@http:\/\/twitter.com\/janekzajac","twitter_site":"@Sotrender","twitter_misc":{"Written by":"Jan Zaj\u0105c","Est. reading time":"5 minutes"},"schema":{"@context":"https:\/\/schema.org","@graph":[{"@type":"WebPage","@id":"https:\/\/www.sotrender.com\/blog\/pl\/2016\/11\/facebook-reklama-badanie\/","url":"https:\/\/www.sotrender.com\/blog\/pl\/2016\/11\/facebook-reklama-badanie\/","name":"Reklama na Facebooku - badanie, kt\u00f3re ma sens","isPartOf":{"@id":"https:\/\/www.sotrender.com\/blog\/#website"},"primaryImageOfPage":{"@id":"https:\/\/www.sotrender.com\/blog\/pl\/2016\/11\/facebook-reklama-badanie\/#primaryimage"},"image":{"@id":"https:\/\/www.sotrender.com\/blog\/pl\/2016\/11\/facebook-reklama-badanie\/#primaryimage"},"thumbnailUrl":"https:\/\/www.sotrender.com\/blog\/wp-content\/uploads\/2016\/11\/dreamstime_m_2200236.jpg","datePublished":"2016-11-09T09:58:23+00:00","dateModified":"2018-08-08T14:23:31+00:00","author":{"@id":"https:\/\/www.sotrender.com\/blog\/#\/schema\/person\/15d4db3ba9c4e61b1cb96099300e7c51"},"description":"Badanie p\u0142atnej komunikacji na Facebooku pozwoli Ci lepiej przygotowa\u0107 bud\u017cet na dzia\u0142ania promocyjne i dotrze\u0107 do odpowiednich klient\u00f3w.","breadcrumb":{"@id":"https:\/\/www.sotrender.com\/blog\/pl\/2016\/11\/facebook-reklama-badanie\/#breadcrumb"},"inLanguage":"pl-PL","potentialAction":[{"@type":"ReadAction","target":["https:\/\/www.sotrender.com\/blog\/pl\/2016\/11\/facebook-reklama-badanie\/"]}]},{"@type":"ImageObject","inLanguage":"pl-PL","@id":"https:\/\/www.sotrender.com\/blog\/pl\/2016\/11\/facebook-reklama-badanie\/#primaryimage","url":"https:\/\/www.sotrender.com\/blog\/wp-content\/uploads\/2016\/11\/dreamstime_m_2200236.jpg","contentUrl":"https:\/\/www.sotrender.com\/blog\/wp-content\/uploads\/2016\/11\/dreamstime_m_2200236.jpg","width":2000,"height":1075},{"@type":"BreadcrumbList","@id":"https:\/\/www.sotrender.com\/blog\/pl\/2016\/11\/facebook-reklama-badanie\/#breadcrumb","itemListElement":[{"@type":"ListItem","position":1,"name":"Home","item":"https:\/\/www.sotrender.com\/blog\/"},{"@type":"ListItem","position":2,"name":"Reklama na Facebooku &#8211; badanie, kt\u00f3re ma sens"}]},{"@type":"WebSite","@id":"https:\/\/www.sotrender.com\/blog\/#website","url":"https:\/\/www.sotrender.com\/blog\/","name":"Sotrender Blog","description":"","potentialAction":[{"@type":"SearchAction","target":{"@type":"EntryPoint","urlTemplate":"https:\/\/www.sotrender.com\/blog\/?s={search_term_string}"},"query-input":"required name=search_term_string"}],"inLanguage":"pl-PL"},{"@type":"Person","@id":"https:\/\/www.sotrender.com\/blog\/#\/schema\/person\/15d4db3ba9c4e61b1cb96099300e7c51","name":"Jan Zaj\u0105c","image":{"@type":"ImageObject","inLanguage":"pl-PL","@id":"https:\/\/www.sotrender.com\/blog\/#\/schema\/person\/image\/","url":"https:\/\/secure.gravatar.com\/avatar\/330c70ea205c5402148d7c7d8927d81d?s=96&d=mm&r=g","contentUrl":"https:\/\/secure.gravatar.com\/avatar\/330c70ea205c5402148d7c7d8927d81d?s=96&d=mm&r=g","caption":"Jan Zaj\u0105c"},"description":"Psychologist &amp; economist, experienced consultant &amp; researcher, who speaks 6 languages and has cycled around 17 countries.","sameAs":["https:\/\/www.facebook.com\/jan.zajac.75?fref=ts","https:\/\/www.linkedin.com\/in\/janekzajac","https:\/\/twitter.com\/http:\/\/twitter.com\/janekzajac"],"url":"https:\/\/www.sotrender.com\/blog\/pl\/author\/jan_zajc\/"}]}},"_links":{"self":[{"href":"https:\/\/www.sotrender.com\/blog\/pl\/wp-json\/wp\/v2\/posts\/23735"}],"collection":[{"href":"https:\/\/www.sotrender.com\/blog\/pl\/wp-json\/wp\/v2\/posts"}],"about":[{"href":"https:\/\/www.sotrender.com\/blog\/pl\/wp-json\/wp\/v2\/types\/post"}],"author":[{"embeddable":true,"href":"https:\/\/www.sotrender.com\/blog\/pl\/wp-json\/wp\/v2\/users\/2"}],"replies":[{"embeddable":true,"href":"https:\/\/www.sotrender.com\/blog\/pl\/wp-json\/wp\/v2\/comments?post=23735"}],"version-history":[{"count":22,"href":"https:\/\/www.sotrender.com\/blog\/pl\/wp-json\/wp\/v2\/posts\/23735\/revisions"}],"predecessor-version":[{"id":34645,"href":"https:\/\/www.sotrender.com\/blog\/pl\/wp-json\/wp\/v2\/posts\/23735\/revisions\/34645"}],"wp:featuredmedia":[{"embeddable":true,"href":"https:\/\/www.sotrender.com\/blog\/pl\/wp-json\/wp\/v2\/media\/23777"}],"wp:attachment":[{"href":"https:\/\/www.sotrender.com\/blog\/pl\/wp-json\/wp\/v2\/media?parent=23735"}],"wp:term":[{"taxonomy":"category","embeddable":true,"href":"https:\/\/www.sotrender.com\/blog\/pl\/wp-json\/wp\/v2\/categories?post=23735"},{"taxonomy":"post_tag","embeddable":true,"href":"https:\/\/www.sotrender.com\/blog\/pl\/wp-json\/wp\/v2\/tags?post=23735"}],"curies":[{"name":"wp","href":"https:\/\/api.w.org\/{rel}","templated":true}]}}