{"id":23553,"date":"2016-11-09T13:54:27","date_gmt":"2016-11-09T12:54:27","guid":{"rendered":"http:\/\/blog.sotrender.com\/?p=23553"},"modified":"2016-12-14T10:35:18","modified_gmt":"2016-12-14T09:35:18","slug":"fanpage-trends-pazdziernik-2016","status":"publish","type":"post","link":"https:\/\/www.sotrender.com\/blog\/pl\/2016\/11\/fanpage-trends-pazdziernik-2016\/","title":{"rendered":"Fanpage Trends pa\u017adziernik 2016 &#8211; Porz\u0105dki na Facebooku?"},"content":{"rendered":"<p><span style=\"font-weight: 400;\">Wygl\u0105da na to,  \u017ce coraz kr\u00f3tsze dni i ci\u0105gle padaj\u0105cy deszcz wp\u0142yn\u0119\u0142y na liczb\u0119 komentarzy na polskim Facebooku,  kt\u00f3ra drugi miesi\u0105c z rz\u0119du ro\u015bnie. W pa\u017adzierniku na jeden post przypada\u0142o o 72 procent wi\u0119cej komentarzy ni\u017c w sierpniu.<\/span><\/p>\n<p><span style=\"font-weight: 400;\">Co jeszcze dzia\u0142o si\u0119 na Facebooku w pa\u017adzierniku? Zapraszamy do lektury <a href=\"https:\/\/www.sotrender.pl\/trends\/facebook\/reports\/201610\">najnowszego wydania raportu Fanpage Trends<\/a> przygotowanego przez <a href=\"http:\/\/sotrender.pl\">Sotrender<\/a>!<\/span><!--more--><\/p>\n<h2><span style=\"font-weight: 400;\">Czystka na Facebooku?<\/span><\/h2>\n<div id=\"attachment_23791\" style=\"width: 1047px\" class=\"wp-caption aligncenter\"><a href=\"https:\/\/www.sotrender.com\/wp-content\/uploads\/2016\/11\/Najwi\u0119ksze-strony-na-polskim-Facebooku-Fanpage-trends-pa\u017adziernik-2016.png\"><img loading=\"lazy\" decoding=\"async\" aria-describedby=\"caption-attachment-23791\" class=\"size-full wp-image-23791\" src=\"https:\/\/www.sotrender.com\/wp-content\/uploads\/2016\/11\/Najwi\u0119ksze-strony-na-polskim-Facebooku-Fanpage-trends-pa\u017adziernik-2016.png\" alt=\"Najwi\u0119ksze strony na polskim Facebooku - Fanpage Trends pa\u017adziernik 2016\" width=\"1037\" height=\"928\" srcset=\"https:\/\/www.sotrender.com\/blog\/wp-content\/uploads\/2016\/11\/Najwi\u0119ksze-strony-na-polskim-Facebooku-Fanpage-trends-pa\u017adziernik-2016.png 1037w, https:\/\/www.sotrender.com\/blog\/wp-content\/uploads\/2016\/11\/Najwi\u0119ksze-strony-na-polskim-Facebooku-Fanpage-trends-pa\u017adziernik-2016-475x425.png 475w, https:\/\/www.sotrender.com\/blog\/wp-content\/uploads\/2016\/11\/Najwi\u0119ksze-strony-na-polskim-Facebooku-Fanpage-trends-pa\u017adziernik-2016-768x687.png 768w, https:\/\/www.sotrender.com\/blog\/wp-content\/uploads\/2016\/11\/Najwi\u0119ksze-strony-na-polskim-Facebooku-Fanpage-trends-pa\u017adziernik-2016-950x850.png 950w, https:\/\/www.sotrender.com\/blog\/wp-content\/uploads\/2016\/11\/Najwi\u0119ksze-strony-na-polskim-Facebooku-Fanpage-trends-pa\u017adziernik-2016-600x537.png 600w\" sizes=\"(max-width: 1037px) 100vw, 1037px\" \/><\/a><p id=\"caption-attachment-23791\" class=\"wp-caption-text\">Najwi\u0119ksze strony na polskim Facebooku &#8211; Fanpage Trends pa\u017adziernik 2016<\/p><\/div>\n<p><span style=\"font-weight: 400;\">Zauwa\u017cyli\u015bmy,  \u017ce najwi\u0119ksze strony na polskim Facebooku straci\u0142y po kilka tysi\u0119cy fan\u00f3w. Czy\u017cby Facebook ponownie usuwa\u0142 nieaktywne konta? Na razie nie ma \u017cadnej oficjalnej informacji na ten temat,  ubytki liczby fan\u00f3w s\u0105 te\u017c du\u017co mniejsze ni\u017c przy okazji poprzedniego sprz\u0105tania serwisu. A mo\u017ce to dopiero pocz\u0105tek dzia\u0142a\u0144 urealniaj\u0105cych popularno\u015b\u0107 stron na Facebooku? <\/span><\/p>\n<h2><span style=\"font-weight: 400;\">Hotele z coraz lepsz\u0105 obs\u0142ug\u0105 klienta na Facebooku<\/span><\/h2>\n<div id=\"attachment_23789\" style=\"width: 1033px\" class=\"wp-caption aligncenter\"><a href=\"https:\/\/www.sotrender.com\/wp-content\/uploads\/2016\/11\/ob\u0142\u015buga-klienta-w-bran\u017cy-hetele-and-spa.png\"><img loading=\"lazy\" decoding=\"async\" aria-describedby=\"caption-attachment-23789\" class=\"size-full wp-image-23789\" src=\"https:\/\/www.sotrender.com\/wp-content\/uploads\/2016\/11\/ob\u0142\u015buga-klienta-w-bran\u017cy-hetele-and-spa.png\" alt=\"Obs\u0142uga klienta w bran\u017cy Hotele i Spa - Fanpage Trends pa\u017adziernik 2016\" width=\"1023\" height=\"853\" srcset=\"https:\/\/www.sotrender.com\/blog\/wp-content\/uploads\/2016\/11\/ob\u0142\u015buga-klienta-w-bran\u017cy-hetele-and-spa.png 1023w, https:\/\/www.sotrender.com\/blog\/wp-content\/uploads\/2016\/11\/ob\u0142\u015buga-klienta-w-bran\u017cy-hetele-and-spa-475x396.png 475w, https:\/\/www.sotrender.com\/blog\/wp-content\/uploads\/2016\/11\/ob\u0142\u015buga-klienta-w-bran\u017cy-hetele-and-spa-768x640.png 768w, https:\/\/www.sotrender.com\/blog\/wp-content\/uploads\/2016\/11\/ob\u0142\u015buga-klienta-w-bran\u017cy-hetele-and-spa-950x792.png 950w, https:\/\/www.sotrender.com\/blog\/wp-content\/uploads\/2016\/11\/ob\u0142\u015buga-klienta-w-bran\u017cy-hetele-and-spa-600x500.png 600w\" sizes=\"(max-width: 1023px) 100vw, 1023px\" \/><\/a><p id=\"caption-attachment-23789\" class=\"wp-caption-text\">Obs\u0142uga klienta w bran\u017cy Hotele i Spa &#8211; Fanpage Trends pa\u017adziernik 2016<\/p><\/div>\n<p><span style=\"font-weight: 400;\">Bardzo cieszy nas,  \u017ce kolejne bran\u017ce przywi\u0105zuj\u0105 du\u017c\u0105 wag\u0119 do obs\u0142ugi klienta na Facebooku. To coraz wa\u017cniejszy aspekt obecno\u015b\u0107 firm i marek w mediach spo\u0142eczno\u015bciowych,  o czym pisali\u015bmy na naszym blogu niejeden raz. Jeszcze w lipcu na pytania klient\u00f3w odpowiada\u0142a zdecydowana mniejszo\u015b\u0107 stron hoteli,  ale ju\u017c w pa\u017adzierniku a\u017c 15. <\/span><\/p>\n<h2><span style=\"font-weight: 400;\">Wydatki reklamowe na Facebooku<\/span><\/h2>\n<div id=\"attachment_23765\" style=\"width: 1410px\" class=\"wp-caption aligncenter\"><a href=\"https:\/\/www.sotrender.com\/wp-content\/uploads\/2016\/11\/spendingsMoney.png\"><img loading=\"lazy\" decoding=\"async\" aria-describedby=\"caption-attachment-23765\" class=\"size-full wp-image-23765\" src=\"https:\/\/www.sotrender.com\/wp-content\/uploads\/2016\/11\/spendingsMoney.png\" alt=\"Facebook Share of Spend na tle bran\u017cy.\" width=\"1400\" height=\"800\" srcset=\"https:\/\/www.sotrender.com\/blog\/wp-content\/uploads\/2016\/11\/spendingsMoney.png 1400w, https:\/\/www.sotrender.com\/blog\/wp-content\/uploads\/2016\/11\/spendingsMoney-475x271.png 475w, https:\/\/www.sotrender.com\/blog\/wp-content\/uploads\/2016\/11\/spendingsMoney-768x439.png 768w, https:\/\/www.sotrender.com\/blog\/wp-content\/uploads\/2016\/11\/spendingsMoney-950x543.png 950w, https:\/\/www.sotrender.com\/blog\/wp-content\/uploads\/2016\/11\/spendingsMoney-600x343.png 600w\" sizes=\"(max-width: 1400px) 100vw, 1400px\" \/><\/a><p id=\"caption-attachment-23765\" class=\"wp-caption-text\">Facebook Share of Spend na tle bran\u017cy. Dane przyk\u0142adowe.<\/p><\/div>\n<p><span style=\"font-weight: 400;\">W pierwszej po\u0142owie 2016 roku rynek reklamy w mediach spo\u0142eczno\u015bciowych ur\u00f3s\u0142 w Polsce o 75% .Wi\u0119kszo\u015b\u0107 wydatk\u00f3w trafia do Facebooka i jego rola w torcie reklamowym b\u0119dzie tylko ros\u0142a. Dlatego warto wiedzie\u0107,  jak promuje si\u0119 konkurencja,  jakie efekty osi\u0105ga i ile wydaje na reklam\u0119. Jest to mo\u017cliwe dzi\u0119ki naszemu nowemu,  ulepszonemu badaniu p\u0142atnej komunikacji na Facebooku. <a href=\"https:\/\/www.sotrender.com\/blog\/pl\/2016\/11\/facebook-reklama-badanie\/\">Po wi\u0119cej informacji zapraszamy do specjalnego wpisu na naszym blogu.<\/a><\/span><\/p>\n<h2 style=\"text-align: center;\"><a href=\"https:\/\/www.sotrender.pl\/trends\/facebook\/reports\/201610\"><span style=\"font-weight: 400;\">Pobierz raport Fanpage Trends pa\u017adziernik 2016!<\/span><\/a><\/h2>\n","protected":false},"excerpt":{"rendered":"<p>Wygl\u0105da na to, \u017ce coraz kr\u00f3tsze dni i ci\u0105gle padaj\u0105cy deszcz wp\u0142yn\u0119\u0142y na liczb\u0119 komentarzy na polskim Facebooku, kt\u00f3ra drugi miesi\u0105c z rz\u0119du ro\u015bnie. W pa\u017adzierniku na jeden post przypada\u0142o o 72 procent wi\u0119cej komentarzy ni\u017c w sierpniu. Co jeszcze dzia\u0142o si\u0119 na Facebooku w pa\u017adzierniku? Zapraszamy do lektury najnowszego wydania raportu Fanpage Trends przygotowanego [&hellip;]<\/p>\n","protected":false},"author":49,"featured_media":23673,"comment_status":"open","ping_status":"open","sticky":false,"template":"","format":"standard","meta":{"inline_featured_image":false,"footnotes":""},"categories":[1791,1797],"tags":[17,25,619],"yoast_head":"<!-- This site is optimized with the Yoast SEO plugin v22.4 - https:\/\/yoast.com\/wordpress\/plugins\/seo\/ -->\n<title>Fanpage Trends pa\u017adziernik 2016<\/title>\n<meta name=\"description\" content=\"Marki i influencerzy na Facebooku. Kto najlepiej komunikuje si\u0119 z fanami?\" \/>\n<meta name=\"robots\" content=\"index, follow, max-snippet:-1, max-image-preview:large, max-video-preview:-1\" \/>\n<link rel=\"canonical\" href=\"https:\/\/www.sotrender.com\/blog\/pl\/2016\/11\/fanpage-trends-pazdziernik-2016\/\" \/>\n<meta property=\"og:locale\" content=\"pl_PL\" \/>\n<meta property=\"og:type\" content=\"article\" \/>\n<meta property=\"og:title\" content=\"Fanpage Trends pa\u017adziernik 2016\" \/>\n<meta property=\"og:description\" content=\"Marki i influencerzy na Facebooku. Kto najlepiej komunikuje si\u0119 z fanami?\" \/>\n<meta property=\"og:url\" content=\"https:\/\/www.sotrender.com\/blog\/pl\/2016\/11\/fanpage-trends-pazdziernik-2016\/\" \/>\n<meta property=\"og:site_name\" content=\"Sotrender Blog\" \/>\n<meta property=\"article:publisher\" content=\"https:\/\/www.facebook.com\/Sotrender\" \/>\n<meta property=\"article:published_time\" content=\"2016-11-09T12:54:27+00:00\" \/>\n<meta property=\"article:modified_time\" content=\"2016-12-14T09:35:18+00:00\" \/>\n<meta property=\"og:image\" content=\"https:\/\/www.sotrender.com\/blog\/wp-content\/uploads\/2016\/11\/Header-7.jpg\" \/>\n\t<meta property=\"og:image:width\" content=\"1920\" \/>\n\t<meta property=\"og:image:height\" content=\"1280\" \/>\n\t<meta property=\"og:image:type\" content=\"image\/jpeg\" \/>\n<meta name=\"author\" content=\"Micha\u0142 Wieczorek\" \/>\n<meta name=\"twitter:card\" content=\"summary_large_image\" \/>\n<meta name=\"twitter:creator\" content=\"@http:\/\/twitter.com\/eveningo\" \/>\n<meta name=\"twitter:site\" content=\"@Sotrender\" \/>\n<meta name=\"twitter:label1\" content=\"Written by\" \/>\n\t<meta name=\"twitter:data1\" content=\"Micha\u0142 Wieczorek\" \/>\n\t<meta name=\"twitter:label2\" content=\"Est. reading time\" \/>\n\t<meta name=\"twitter:data2\" content=\"2 minutes\" \/>\n<script type=\"application\/ld+json\" class=\"yoast-schema-graph\">{\"@context\":\"https:\/\/schema.org\",\"@graph\":[{\"@type\":\"WebPage\",\"@id\":\"https:\/\/www.sotrender.com\/blog\/pl\/2016\/11\/fanpage-trends-pazdziernik-2016\/\",\"url\":\"https:\/\/www.sotrender.com\/blog\/pl\/2016\/11\/fanpage-trends-pazdziernik-2016\/\",\"name\":\"Fanpage Trends pa\u017adziernik 2016\",\"isPartOf\":{\"@id\":\"https:\/\/www.sotrender.com\/blog\/#website\"},\"primaryImageOfPage\":{\"@id\":\"https:\/\/www.sotrender.com\/blog\/pl\/2016\/11\/fanpage-trends-pazdziernik-2016\/#primaryimage\"},\"image\":{\"@id\":\"https:\/\/www.sotrender.com\/blog\/pl\/2016\/11\/fanpage-trends-pazdziernik-2016\/#primaryimage\"},\"thumbnailUrl\":\"https:\/\/www.sotrender.com\/blog\/wp-content\/uploads\/2016\/11\/Header-7.jpg\",\"datePublished\":\"2016-11-09T12:54:27+00:00\",\"dateModified\":\"2016-12-14T09:35:18+00:00\",\"author\":{\"@id\":\"https:\/\/www.sotrender.com\/blog\/#\/schema\/person\/48ed6f8ff39863778de8dd32f58467f5\"},\"description\":\"Marki i influencerzy na Facebooku. Kto najlepiej komunikuje si\u0119 z fanami?\",\"breadcrumb\":{\"@id\":\"https:\/\/www.sotrender.com\/blog\/pl\/2016\/11\/fanpage-trends-pazdziernik-2016\/#breadcrumb\"},\"inLanguage\":\"pl-PL\",\"potentialAction\":[{\"@type\":\"ReadAction\",\"target\":[\"https:\/\/www.sotrender.com\/blog\/pl\/2016\/11\/fanpage-trends-pazdziernik-2016\/\"]}]},{\"@type\":\"ImageObject\",\"inLanguage\":\"pl-PL\",\"@id\":\"https:\/\/www.sotrender.com\/blog\/pl\/2016\/11\/fanpage-trends-pazdziernik-2016\/#primaryimage\",\"url\":\"https:\/\/www.sotrender.com\/blog\/wp-content\/uploads\/2016\/11\/Header-7.jpg\",\"contentUrl\":\"https:\/\/www.sotrender.com\/blog\/wp-content\/uploads\/2016\/11\/Header-7.jpg\",\"width\":1920,\"height\":1280},{\"@type\":\"BreadcrumbList\",\"@id\":\"https:\/\/www.sotrender.com\/blog\/pl\/2016\/11\/fanpage-trends-pazdziernik-2016\/#breadcrumb\",\"itemListElement\":[{\"@type\":\"ListItem\",\"position\":1,\"name\":\"Home\",\"item\":\"https:\/\/www.sotrender.com\/blog\/\"},{\"@type\":\"ListItem\",\"position\":2,\"name\":\"Fanpage Trends pa\u017adziernik 2016 &#8211; Porz\u0105dki na Facebooku?\"}]},{\"@type\":\"WebSite\",\"@id\":\"https:\/\/www.sotrender.com\/blog\/#website\",\"url\":\"https:\/\/www.sotrender.com\/blog\/\",\"name\":\"Sotrender Blog\",\"description\":\"\",\"potentialAction\":[{\"@type\":\"SearchAction\",\"target\":{\"@type\":\"EntryPoint\",\"urlTemplate\":\"https:\/\/www.sotrender.com\/blog\/?s={search_term_string}\"},\"query-input\":\"required name=search_term_string\"}],\"inLanguage\":\"pl-PL\"},{\"@type\":\"Person\",\"@id\":\"https:\/\/www.sotrender.com\/blog\/#\/schema\/person\/48ed6f8ff39863778de8dd32f58467f5\",\"name\":\"Micha\u0142 Wieczorek\",\"image\":{\"@type\":\"ImageObject\",\"inLanguage\":\"pl-PL\",\"@id\":\"https:\/\/www.sotrender.com\/blog\/#\/schema\/person\/image\/\",\"url\":\"https:\/\/secure.gravatar.com\/avatar\/65ceb2020aa2338488b9c5f33c10137f?s=96&d=mm&r=g\",\"contentUrl\":\"https:\/\/secure.gravatar.com\/avatar\/65ceb2020aa2338488b9c5f33c10137f?s=96&d=mm&r=g\",\"caption\":\"Micha\u0142 Wieczorek\"},\"description\":\"Baltic linguist, marketer, and music journalist in his free time. A big fan of good food and even better music.\",\"sameAs\":[\"https:\/\/www.linkedin.com\/in\/michaldwieczorek\",\"https:\/\/twitter.com\/http:\/\/twitter.com\/eveningo\"],\"url\":\"https:\/\/www.sotrender.com\/blog\/pl\/author\/micha_wieczorek\/\"}]}<\/script>\n<!-- \/ Yoast SEO plugin. -->","yoast_head_json":{"title":"Fanpage Trends pa\u017adziernik 2016","description":"Marki i influencerzy na Facebooku. Kto najlepiej komunikuje si\u0119 z fanami?","robots":{"index":"index","follow":"follow","max-snippet":"max-snippet:-1","max-image-preview":"max-image-preview:large","max-video-preview":"max-video-preview:-1"},"canonical":"https:\/\/www.sotrender.com\/blog\/pl\/2016\/11\/fanpage-trends-pazdziernik-2016\/","og_locale":"pl_PL","og_type":"article","og_title":"Fanpage Trends pa\u017adziernik 2016","og_description":"Marki i influencerzy na Facebooku. Kto najlepiej komunikuje si\u0119 z fanami?","og_url":"https:\/\/www.sotrender.com\/blog\/pl\/2016\/11\/fanpage-trends-pazdziernik-2016\/","og_site_name":"Sotrender Blog","article_publisher":"https:\/\/www.facebook.com\/Sotrender","article_published_time":"2016-11-09T12:54:27+00:00","article_modified_time":"2016-12-14T09:35:18+00:00","og_image":[{"width":1920,"height":1280,"url":"https:\/\/www.sotrender.com\/blog\/wp-content\/uploads\/2016\/11\/Header-7.jpg","type":"image\/jpeg"}],"author":"Micha\u0142 Wieczorek","twitter_card":"summary_large_image","twitter_creator":"@http:\/\/twitter.com\/eveningo","twitter_site":"@Sotrender","twitter_misc":{"Written by":"Micha\u0142 Wieczorek","Est. reading time":"2 minutes"},"schema":{"@context":"https:\/\/schema.org","@graph":[{"@type":"WebPage","@id":"https:\/\/www.sotrender.com\/blog\/pl\/2016\/11\/fanpage-trends-pazdziernik-2016\/","url":"https:\/\/www.sotrender.com\/blog\/pl\/2016\/11\/fanpage-trends-pazdziernik-2016\/","name":"Fanpage Trends pa\u017adziernik 2016","isPartOf":{"@id":"https:\/\/www.sotrender.com\/blog\/#website"},"primaryImageOfPage":{"@id":"https:\/\/www.sotrender.com\/blog\/pl\/2016\/11\/fanpage-trends-pazdziernik-2016\/#primaryimage"},"image":{"@id":"https:\/\/www.sotrender.com\/blog\/pl\/2016\/11\/fanpage-trends-pazdziernik-2016\/#primaryimage"},"thumbnailUrl":"https:\/\/www.sotrender.com\/blog\/wp-content\/uploads\/2016\/11\/Header-7.jpg","datePublished":"2016-11-09T12:54:27+00:00","dateModified":"2016-12-14T09:35:18+00:00","author":{"@id":"https:\/\/www.sotrender.com\/blog\/#\/schema\/person\/48ed6f8ff39863778de8dd32f58467f5"},"description":"Marki i influencerzy na Facebooku. Kto najlepiej komunikuje si\u0119 z fanami?","breadcrumb":{"@id":"https:\/\/www.sotrender.com\/blog\/pl\/2016\/11\/fanpage-trends-pazdziernik-2016\/#breadcrumb"},"inLanguage":"pl-PL","potentialAction":[{"@type":"ReadAction","target":["https:\/\/www.sotrender.com\/blog\/pl\/2016\/11\/fanpage-trends-pazdziernik-2016\/"]}]},{"@type":"ImageObject","inLanguage":"pl-PL","@id":"https:\/\/www.sotrender.com\/blog\/pl\/2016\/11\/fanpage-trends-pazdziernik-2016\/#primaryimage","url":"https:\/\/www.sotrender.com\/blog\/wp-content\/uploads\/2016\/11\/Header-7.jpg","contentUrl":"https:\/\/www.sotrender.com\/blog\/wp-content\/uploads\/2016\/11\/Header-7.jpg","width":1920,"height":1280},{"@type":"BreadcrumbList","@id":"https:\/\/www.sotrender.com\/blog\/pl\/2016\/11\/fanpage-trends-pazdziernik-2016\/#breadcrumb","itemListElement":[{"@type":"ListItem","position":1,"name":"Home","item":"https:\/\/www.sotrender.com\/blog\/"},{"@type":"ListItem","position":2,"name":"Fanpage Trends pa\u017adziernik 2016 &#8211; Porz\u0105dki na Facebooku?"}]},{"@type":"WebSite","@id":"https:\/\/www.sotrender.com\/blog\/#website","url":"https:\/\/www.sotrender.com\/blog\/","name":"Sotrender Blog","description":"","potentialAction":[{"@type":"SearchAction","target":{"@type":"EntryPoint","urlTemplate":"https:\/\/www.sotrender.com\/blog\/?s={search_term_string}"},"query-input":"required name=search_term_string"}],"inLanguage":"pl-PL"},{"@type":"Person","@id":"https:\/\/www.sotrender.com\/blog\/#\/schema\/person\/48ed6f8ff39863778de8dd32f58467f5","name":"Micha\u0142 Wieczorek","image":{"@type":"ImageObject","inLanguage":"pl-PL","@id":"https:\/\/www.sotrender.com\/blog\/#\/schema\/person\/image\/","url":"https:\/\/secure.gravatar.com\/avatar\/65ceb2020aa2338488b9c5f33c10137f?s=96&d=mm&r=g","contentUrl":"https:\/\/secure.gravatar.com\/avatar\/65ceb2020aa2338488b9c5f33c10137f?s=96&d=mm&r=g","caption":"Micha\u0142 Wieczorek"},"description":"Baltic linguist, marketer, and music journalist in his free time. A big fan of good food and even better music.","sameAs":["https:\/\/www.linkedin.com\/in\/michaldwieczorek","https:\/\/twitter.com\/http:\/\/twitter.com\/eveningo"],"url":"https:\/\/www.sotrender.com\/blog\/pl\/author\/micha_wieczorek\/"}]}},"_links":{"self":[{"href":"https:\/\/www.sotrender.com\/blog\/pl\/wp-json\/wp\/v2\/posts\/23553"}],"collection":[{"href":"https:\/\/www.sotrender.com\/blog\/pl\/wp-json\/wp\/v2\/posts"}],"about":[{"href":"https:\/\/www.sotrender.com\/blog\/pl\/wp-json\/wp\/v2\/types\/post"}],"author":[{"embeddable":true,"href":"https:\/\/www.sotrender.com\/blog\/pl\/wp-json\/wp\/v2\/users\/49"}],"replies":[{"embeddable":true,"href":"https:\/\/www.sotrender.com\/blog\/pl\/wp-json\/wp\/v2\/comments?post=23553"}],"version-history":[{"count":3,"href":"https:\/\/www.sotrender.com\/blog\/pl\/wp-json\/wp\/v2\/posts\/23553\/revisions"}],"predecessor-version":[{"id":23795,"href":"https:\/\/www.sotrender.com\/blog\/pl\/wp-json\/wp\/v2\/posts\/23553\/revisions\/23795"}],"wp:featuredmedia":[{"embeddable":true,"href":"https:\/\/www.sotrender.com\/blog\/pl\/wp-json\/wp\/v2\/media\/23673"}],"wp:attachment":[{"href":"https:\/\/www.sotrender.com\/blog\/pl\/wp-json\/wp\/v2\/media?parent=23553"}],"wp:term":[{"taxonomy":"category","embeddable":true,"href":"https:\/\/www.sotrender.com\/blog\/pl\/wp-json\/wp\/v2\/categories?post=23553"},{"taxonomy":"post_tag","embeddable":true,"href":"https:\/\/www.sotrender.com\/blog\/pl\/wp-json\/wp\/v2\/tags?post=23553"}],"curies":[{"name":"wp","href":"https:\/\/api.w.org\/{rel}","templated":true}]}}