{"id":23549,"date":"2016-11-07T16:05:37","date_gmt":"2016-11-07T15:05:37","guid":{"rendered":"http:\/\/blog.sotrender.com\/?p=23549"},"modified":"2016-12-16T09:49:38","modified_gmt":"2016-12-16T08:49:38","slug":"twitter-trends-pazdziernik-2016","status":"publish","type":"post","link":"https:\/\/www.sotrender.com\/blog\/pl\/2016\/11\/twitter-trends-pazdziernik-2016\/","title":{"rendered":"Twitter Trends pa\u017adziernik 2016 &#8211; Czarny protest"},"content":{"rendered":"<p style=\"text-align: justify;\"><span style=\"font-weight: 400;\">Pa\u017adziernik na Twitterze kipia\u0142 od emocji politycznych i sportowych. Obserwowane przez nas profile wys\u0142a\u0142y \u015brednio o pi\u0119\u0107 procent tweet\u00f3w wi\u0119cej ni\u017c we wrze\u015bniu. Spad\u0142\u0105 za to\u00a0\u015brednia liczba polubie\u0144 i poda\u0144 dalej &#8211; odpowiednio o pi\u0119\u0107 i szesna\u015bcie procent.<\/span><span style=\"font-weight: 400;\"><br \/>\n<\/span><span style=\"font-weight: 400;\"><br \/>\n<\/span><span style=\"font-weight: 400;\">Co jeszcze dzia\u0142o si\u0119 na Twitterze w pa\u017adzierniku? Zapraszamy do lektury <a href=\"https:\/\/www.sotrender.pl\/trends\/twitter\/reports\/201610\/\">najnowszego wydania raportu Twitter Trends<\/a> przygotowanego przez <a href=\"http:\/\/sotrender.pl\">Sotrender<\/a>!<\/span><!--more--><\/p>\n<h2 style=\"text-align: justify;\"><span style=\"font-weight: 400;\">Czarny pa\u017adziernik<\/span><\/h2>\n<div id=\"attachment_23691\" style=\"width: 551px\" class=\"wp-caption aligncenter\"><a href=\"https:\/\/www.sotrender.com\/wp-content\/uploads\/2016\/11\/najpopularniejsze-hashtagi-Twitter-Trends-pa\u017adziernik-2016.png\"><img loading=\"lazy\" decoding=\"async\" aria-describedby=\"caption-attachment-23691\" class=\"size-full wp-image-23691\" src=\"https:\/\/www.sotrender.com\/wp-content\/uploads\/2016\/11\/najpopularniejsze-hashtagi-Twitter-Trends-pa\u017adziernik-2016.png\" alt=\"Najpopularniejsze hashtagi - Twitter Trends pa\u017adziernik 2016\" width=\"541\" height=\"442\" srcset=\"https:\/\/www.sotrender.com\/blog\/wp-content\/uploads\/2016\/11\/najpopularniejsze-hashtagi-Twitter-Trends-pa\u017adziernik-2016.png 541w, https:\/\/www.sotrender.com\/blog\/wp-content\/uploads\/2016\/11\/najpopularniejsze-hashtagi-Twitter-Trends-pa\u017adziernik-2016-475x388.png 475w\" sizes=\"(max-width: 541px) 100vw, 541px\" \/><\/a><p id=\"caption-attachment-23691\" class=\"wp-caption-text\">Najpopularniejsze hashtagi &#8211; Twitter Trends pa\u017adziernik 2016<\/p><\/div>\n<p style=\"text-align: justify;\"><span style=\"font-weight: 400;\">#Czarnyprotest zdominowa\u0142 Twitter w pa\u017adzierniku. To by\u0142 nie tylko najcz\u0119\u015bciej tweetowany hashtag miesi\u0105ca,  ale tak\u017ce temat wielu dyskusji. 3 pa\u017adziernika,  w dniu strajku kobiet,  obserwowane przez nas profile wys\u0142a\u0142y 3193 tweety oznaczone #czarnyprotest. Wi\u0119cej ni\u017c tweet\u00f3w oznaczonych drugim najpopularniejszym hashtagiem pa\u017adziernika &#8211; #wieszwiecej &#8211; w ca\u0142ym miesi\u0105cu.\u00a0<\/span>To,  jak czarny protest rozpali\u0142 Polsk\u0119 bardzo dobrze wida\u0107 po najlepszych tweetach z poszczeg\u00f3lnych bran\u017c. O czarnym prote\u015bcie tweetowali u\u017cytkownicy zwykle niezajmuj\u0105cy si\u0119 polityk\u0105 na co dzie\u0144.<\/p>\n<h2 style=\"text-align: justify;\"><span style=\"font-weight: 400;\">Polityka na Twiterze<\/span><\/h2>\n<div id=\"attachment_23693\" style=\"width: 1036px\" class=\"wp-caption aligncenter\"><a href=\"https:\/\/www.sotrender.com\/wp-content\/uploads\/2016\/11\/Najcz\u0119\u015bciej-wspominane-profile-w-kategorii-poliryka-Twitter-Trends-pa\u017adziernik-2016.png\"><img loading=\"lazy\" decoding=\"async\" aria-describedby=\"caption-attachment-23693\" class=\"size-full wp-image-23693\" src=\"https:\/\/www.sotrender.com\/wp-content\/uploads\/2016\/11\/Najcz\u0119\u015bciej-wspominane-profile-w-kategorii-poliryka-Twitter-Trends-pa\u017adziernik-2016.png\" alt=\"Najcz\u0119\u015bciej wspominane profile w kategorii Polityka - Twitter Trends pa\u017adziernik 2016\" width=\"1026\" height=\"735\" srcset=\"https:\/\/www.sotrender.com\/blog\/wp-content\/uploads\/2016\/11\/Najcz\u0119\u015bciej-wspominane-profile-w-kategorii-poliryka-Twitter-Trends-pa\u017adziernik-2016.png 1026w, https:\/\/www.sotrender.com\/blog\/wp-content\/uploads\/2016\/11\/Najcz\u0119\u015bciej-wspominane-profile-w-kategorii-poliryka-Twitter-Trends-pa\u017adziernik-2016-475x340.png 475w, https:\/\/www.sotrender.com\/blog\/wp-content\/uploads\/2016\/11\/Najcz\u0119\u015bciej-wspominane-profile-w-kategorii-poliryka-Twitter-Trends-pa\u017adziernik-2016-768x550.png 768w, https:\/\/www.sotrender.com\/blog\/wp-content\/uploads\/2016\/11\/Najcz\u0119\u015bciej-wspominane-profile-w-kategorii-poliryka-Twitter-Trends-pa\u017adziernik-2016-950x681.png 950w, https:\/\/www.sotrender.com\/blog\/wp-content\/uploads\/2016\/11\/Najcz\u0119\u015bciej-wspominane-profile-w-kategorii-poliryka-Twitter-Trends-pa\u017adziernik-2016-600x430.png 600w\" sizes=\"(max-width: 1026px) 100vw, 1026px\" \/><\/a><p id=\"caption-attachment-23693\" class=\"wp-caption-text\">Najcz\u0119\u015bciej wspominane profile w kategorii Polityka &#8211; Twitter Trends pa\u017adziernik 2016<\/p><\/div>\n<p style=\"text-align: justify;\"><span style=\"font-weight: 400;\">Skoro polityka kolejny miesi\u0105c z rz\u0119du na Twitterze rozpala klawiatury u\u017cytkownik\u00f3w,  przyjrzyjmy si\u0119 ponownie bli\u017cej tej kategorii. Warto zauwa\u017cy\u0107,  \u017ce profil prezydenta Andrzeja Dudy w pa\u017adzierniku awansowa\u0142 do pi\u0119tnastki najwi\u0119kszych profili na polskim Twitterze i umocni\u0142 si\u0119 na trzecim miejscu w\u015br\u00f3d polityk\u00f3w,  wyprzedzaj\u0105 go jedynie Janusz Palikot i Rados\u0142aw Sikorski. Najcz\u0119\u015bciej wspominanym profilem politycznym,  podobnie jak we wrze\u015bniu pozosta\u0142 profil Prawa i Sprawiedliwo\u015bci,  ale na drugie miejsce awansowa\u0142a .Nowoczesna. Na sz\u00f3stym miejscu w tym samym zestawieniu znalaz\u0142 si\u0119 profil jednej z najaktywniejszych pos\u0142anek obecnej kadencji,  Kamili Gasiuk-Pihowicz. O pi\u0119tna\u015bcie miejsc awansowa\u0142 profil partii Razem,  kt\u00f3ry w pa\u017adzierniku twitterowicze wspominali ponad 3 tysi\u0105ce razy.<\/span><\/p>\n<h2 style=\"text-align: justify;\"><span style=\"font-weight: 400;\">Najlepsze tweety w Twitter Trends<\/span><\/h2>\n<div id=\"attachment_23695\" style=\"width: 951px\" class=\"wp-caption aligncenter\"><a href=\"https:\/\/www.sotrender.com\/wp-content\/uploads\/2016\/11\/Najlepsze-tweety-Twitter-Trends-pa\u017adziernik-2016.png\"><img loading=\"lazy\" decoding=\"async\" aria-describedby=\"caption-attachment-23695\" class=\"size-full wp-image-23695\" src=\"https:\/\/www.sotrender.com\/wp-content\/uploads\/2016\/11\/Najlepsze-tweety-Twitter-Trends-pa\u017adziernik-2016.png\" alt=\"Najlepsze tweety - Twitter Trends pa\u017adziernik 2016\" width=\"941\" height=\"927\" srcset=\"https:\/\/www.sotrender.com\/blog\/wp-content\/uploads\/2016\/11\/Najlepsze-tweety-Twitter-Trends-pa\u017adziernik-2016.png 941w, https:\/\/www.sotrender.com\/blog\/wp-content\/uploads\/2016\/11\/Najlepsze-tweety-Twitter-Trends-pa\u017adziernik-2016-475x468.png 475w, https:\/\/www.sotrender.com\/blog\/wp-content\/uploads\/2016\/11\/Najlepsze-tweety-Twitter-Trends-pa\u017adziernik-2016-768x757.png 768w, https:\/\/www.sotrender.com\/blog\/wp-content\/uploads\/2016\/11\/Najlepsze-tweety-Twitter-Trends-pa\u017adziernik-2016-600x591.png 600w, https:\/\/www.sotrender.com\/blog\/wp-content\/uploads\/2016\/11\/Najlepsze-tweety-Twitter-Trends-pa\u017adziernik-2016-80x80.png 80w\" sizes=\"(max-width: 941px) 100vw, 941px\" \/><\/a><p id=\"caption-attachment-23695\" class=\"wp-caption-text\">Najlepsze tweety &#8211; Twitter Trends pa\u017adziernik 2016<\/p><\/div>\n<p style=\"text-align: justify;\"><span style=\"font-weight: 400;\">Nie sama polityk\u0105 Twitter \u017cyje,  jego druga mi\u0142o\u015b\u0107 to pi\u0142ka no\u017cna. Wszystkie z pi\u0119ciu najbardziej interaktywnych tweet\u00f3w miesi\u0105ca dotycz\u0105 najpopularniejszej dyscypliny sportu. Najwi\u0119cej polubie\u0144 i poda\u0144 dalej zebra\u0142 Arek Milik,  kt\u00f3ry poinformowa\u0142 o udanej operacji iroczpo\u0119cziu rehabilitacji. Tak,  by\u0142 popularniejszy od Roberta Lewandowskiego,  kt\u00f3ry oczywi\u015bcie te\u017c znalaz\u0142 si\u0119 w tym zestawieniu. Tak jak i Andrzej Duda,  gratuluj\u0105cy polskim pi\u0142karzom zwyci\u0119stwa nad Armeni\u0105 w eliminacjach do mistrzostw \u015bwiata w Rosji.<\/span><\/p>\n<h2 style=\"text-align: center;\"><a href=\"https:\/\/www.sotrender.pl\/trends\/twitter\/reports\/201610\/\">Zapraszamy do lektury raportu Twitter Trends pa\u017adziernik 2016!<\/a><\/h2>\n","protected":false},"excerpt":{"rendered":"<p>Pa\u017adziernik na Twitterze kipia\u0142 od emocji politycznych i sportowych. Obserwowane przez nas profile wys\u0142a\u0142y \u015brednio o pi\u0119\u0107 procent tweet\u00f3w wi\u0119cej ni\u017c we wrze\u015bniu. Spad\u0142\u0105 za to\u00a0\u015brednia liczba polubie\u0144 i poda\u0144 dalej &#8211; odpowiednio o pi\u0119\u0107 i szesna\u015bcie procent. Co jeszcze dzia\u0142o si\u0119 na Twitterze w pa\u017adzierniku? Zapraszamy do lektury najnowszego wydania raportu Twitter Trends przygotowanego [&hellip;]<\/p>\n","protected":false},"author":49,"featured_media":23689,"comment_status":"open","ping_status":"open","sticky":false,"template":"","format":"standard","meta":{"inline_featured_image":false,"footnotes":""},"categories":[1791,1799],"tags":[25,515,1687],"yoast_head":"<!-- This site is optimized with the Yoast SEO plugin v22.4 - https:\/\/yoast.com\/wordpress\/plugins\/seo\/ -->\n<title>Twitter Trends pa\u017adziernik 2016<\/title>\n<meta name=\"description\" content=\"Marki i influencerzy na Twitterze. Kto najlepiej komunikowa\u0142 si\u0119 ze swoj\u0105 spo\u0142eczno\u015bci\u0105 na Twitterze w pa\u017adzierniku?\" \/>\n<meta name=\"robots\" content=\"index, follow, max-snippet:-1, max-image-preview:large, max-video-preview:-1\" \/>\n<link rel=\"canonical\" href=\"https:\/\/www.sotrender.com\/blog\/pl\/2016\/11\/twitter-trends-pazdziernik-2016\/\" \/>\n<meta property=\"og:locale\" content=\"pl_PL\" \/>\n<meta property=\"og:type\" content=\"article\" \/>\n<meta property=\"og:title\" content=\"Twitter Trends pa\u017adziernik 2016\" \/>\n<meta property=\"og:description\" content=\"Marki i influencerzy na Twitterze. Kto najlepiej komunikowa\u0142 si\u0119 ze swoj\u0105 spo\u0142eczno\u015bci\u0105 na Twitterze w pa\u017adzierniku?\" \/>\n<meta property=\"og:url\" content=\"https:\/\/www.sotrender.com\/blog\/pl\/2016\/11\/twitter-trends-pazdziernik-2016\/\" \/>\n<meta property=\"og:site_name\" content=\"Sotrender Blog\" \/>\n<meta property=\"article:publisher\" content=\"https:\/\/www.facebook.com\/Sotrender\" \/>\n<meta property=\"article:published_time\" content=\"2016-11-07T15:05:37+00:00\" \/>\n<meta property=\"article:modified_time\" content=\"2016-12-16T08:49:38+00:00\" \/>\n<meta property=\"og:image\" content=\"https:\/\/www.sotrender.com\/blog\/wp-content\/uploads\/2016\/11\/twitter-trends-pa\u017adziernik-2016-cover.jpg\" \/>\n\t<meta property=\"og:image:width\" content=\"2235\" \/>\n\t<meta property=\"og:image:height\" content=\"1341\" \/>\n\t<meta property=\"og:image:type\" content=\"image\/jpeg\" \/>\n<meta name=\"author\" content=\"Micha\u0142 Wieczorek\" \/>\n<meta name=\"twitter:card\" content=\"summary_large_image\" \/>\n<meta name=\"twitter:creator\" content=\"@http:\/\/twitter.com\/eveningo\" \/>\n<meta name=\"twitter:site\" content=\"@Sotrender\" \/>\n<meta name=\"twitter:label1\" content=\"Written by\" \/>\n\t<meta name=\"twitter:data1\" content=\"Micha\u0142 Wieczorek\" \/>\n\t<meta name=\"twitter:label2\" content=\"Est. reading time\" \/>\n\t<meta name=\"twitter:data2\" content=\"2 minutes\" \/>\n<script type=\"application\/ld+json\" class=\"yoast-schema-graph\">{\"@context\":\"https:\/\/schema.org\",\"@graph\":[{\"@type\":\"WebPage\",\"@id\":\"https:\/\/www.sotrender.com\/blog\/pl\/2016\/11\/twitter-trends-pazdziernik-2016\/\",\"url\":\"https:\/\/www.sotrender.com\/blog\/pl\/2016\/11\/twitter-trends-pazdziernik-2016\/\",\"name\":\"Twitter Trends pa\u017adziernik 2016\",\"isPartOf\":{\"@id\":\"https:\/\/www.sotrender.com\/blog\/#website\"},\"primaryImageOfPage\":{\"@id\":\"https:\/\/www.sotrender.com\/blog\/pl\/2016\/11\/twitter-trends-pazdziernik-2016\/#primaryimage\"},\"image\":{\"@id\":\"https:\/\/www.sotrender.com\/blog\/pl\/2016\/11\/twitter-trends-pazdziernik-2016\/#primaryimage\"},\"thumbnailUrl\":\"https:\/\/www.sotrender.com\/blog\/wp-content\/uploads\/2016\/11\/twitter-trends-pa\u017adziernik-2016-cover.jpg\",\"datePublished\":\"2016-11-07T15:05:37+00:00\",\"dateModified\":\"2016-12-16T08:49:38+00:00\",\"author\":{\"@id\":\"https:\/\/www.sotrender.com\/blog\/#\/schema\/person\/48ed6f8ff39863778de8dd32f58467f5\"},\"description\":\"Marki i influencerzy na Twitterze. Kto najlepiej komunikowa\u0142 si\u0119 ze swoj\u0105 spo\u0142eczno\u015bci\u0105 na Twitterze w pa\u017adzierniku?\",\"breadcrumb\":{\"@id\":\"https:\/\/www.sotrender.com\/blog\/pl\/2016\/11\/twitter-trends-pazdziernik-2016\/#breadcrumb\"},\"inLanguage\":\"pl-PL\",\"potentialAction\":[{\"@type\":\"ReadAction\",\"target\":[\"https:\/\/www.sotrender.com\/blog\/pl\/2016\/11\/twitter-trends-pazdziernik-2016\/\"]}]},{\"@type\":\"ImageObject\",\"inLanguage\":\"pl-PL\",\"@id\":\"https:\/\/www.sotrender.com\/blog\/pl\/2016\/11\/twitter-trends-pazdziernik-2016\/#primaryimage\",\"url\":\"https:\/\/www.sotrender.com\/blog\/wp-content\/uploads\/2016\/11\/twitter-trends-pa\u017adziernik-2016-cover.jpg\",\"contentUrl\":\"https:\/\/www.sotrender.com\/blog\/wp-content\/uploads\/2016\/11\/twitter-trends-pa\u017adziernik-2016-cover.jpg\",\"width\":2235,\"height\":1341},{\"@type\":\"BreadcrumbList\",\"@id\":\"https:\/\/www.sotrender.com\/blog\/pl\/2016\/11\/twitter-trends-pazdziernik-2016\/#breadcrumb\",\"itemListElement\":[{\"@type\":\"ListItem\",\"position\":1,\"name\":\"Home\",\"item\":\"https:\/\/www.sotrender.com\/blog\/\"},{\"@type\":\"ListItem\",\"position\":2,\"name\":\"Twitter Trends pa\u017adziernik 2016 &#8211; Czarny protest\"}]},{\"@type\":\"WebSite\",\"@id\":\"https:\/\/www.sotrender.com\/blog\/#website\",\"url\":\"https:\/\/www.sotrender.com\/blog\/\",\"name\":\"Sotrender Blog\",\"description\":\"\",\"potentialAction\":[{\"@type\":\"SearchAction\",\"target\":{\"@type\":\"EntryPoint\",\"urlTemplate\":\"https:\/\/www.sotrender.com\/blog\/?s={search_term_string}\"},\"query-input\":\"required name=search_term_string\"}],\"inLanguage\":\"pl-PL\"},{\"@type\":\"Person\",\"@id\":\"https:\/\/www.sotrender.com\/blog\/#\/schema\/person\/48ed6f8ff39863778de8dd32f58467f5\",\"name\":\"Micha\u0142 Wieczorek\",\"image\":{\"@type\":\"ImageObject\",\"inLanguage\":\"pl-PL\",\"@id\":\"https:\/\/www.sotrender.com\/blog\/#\/schema\/person\/image\/\",\"url\":\"https:\/\/secure.gravatar.com\/avatar\/65ceb2020aa2338488b9c5f33c10137f?s=96&d=mm&r=g\",\"contentUrl\":\"https:\/\/secure.gravatar.com\/avatar\/65ceb2020aa2338488b9c5f33c10137f?s=96&d=mm&r=g\",\"caption\":\"Micha\u0142 Wieczorek\"},\"description\":\"Baltic linguist, marketer, and music journalist in his free time. A big fan of good food and even better music.\",\"sameAs\":[\"https:\/\/www.linkedin.com\/in\/michaldwieczorek\",\"https:\/\/twitter.com\/http:\/\/twitter.com\/eveningo\"],\"url\":\"https:\/\/www.sotrender.com\/blog\/pl\/author\/micha_wieczorek\/\"}]}<\/script>\n<!-- \/ Yoast SEO plugin. -->","yoast_head_json":{"title":"Twitter Trends pa\u017adziernik 2016","description":"Marki i influencerzy na Twitterze. Kto najlepiej komunikowa\u0142 si\u0119 ze swoj\u0105 spo\u0142eczno\u015bci\u0105 na Twitterze w pa\u017adzierniku?","robots":{"index":"index","follow":"follow","max-snippet":"max-snippet:-1","max-image-preview":"max-image-preview:large","max-video-preview":"max-video-preview:-1"},"canonical":"https:\/\/www.sotrender.com\/blog\/pl\/2016\/11\/twitter-trends-pazdziernik-2016\/","og_locale":"pl_PL","og_type":"article","og_title":"Twitter Trends pa\u017adziernik 2016","og_description":"Marki i influencerzy na Twitterze. Kto najlepiej komunikowa\u0142 si\u0119 ze swoj\u0105 spo\u0142eczno\u015bci\u0105 na Twitterze w pa\u017adzierniku?","og_url":"https:\/\/www.sotrender.com\/blog\/pl\/2016\/11\/twitter-trends-pazdziernik-2016\/","og_site_name":"Sotrender Blog","article_publisher":"https:\/\/www.facebook.com\/Sotrender","article_published_time":"2016-11-07T15:05:37+00:00","article_modified_time":"2016-12-16T08:49:38+00:00","og_image":[{"width":2235,"height":1341,"url":"https:\/\/www.sotrender.com\/blog\/wp-content\/uploads\/2016\/11\/twitter-trends-pa\u017adziernik-2016-cover.jpg","type":"image\/jpeg"}],"author":"Micha\u0142 Wieczorek","twitter_card":"summary_large_image","twitter_creator":"@http:\/\/twitter.com\/eveningo","twitter_site":"@Sotrender","twitter_misc":{"Written by":"Micha\u0142 Wieczorek","Est. reading time":"2 minutes"},"schema":{"@context":"https:\/\/schema.org","@graph":[{"@type":"WebPage","@id":"https:\/\/www.sotrender.com\/blog\/pl\/2016\/11\/twitter-trends-pazdziernik-2016\/","url":"https:\/\/www.sotrender.com\/blog\/pl\/2016\/11\/twitter-trends-pazdziernik-2016\/","name":"Twitter Trends pa\u017adziernik 2016","isPartOf":{"@id":"https:\/\/www.sotrender.com\/blog\/#website"},"primaryImageOfPage":{"@id":"https:\/\/www.sotrender.com\/blog\/pl\/2016\/11\/twitter-trends-pazdziernik-2016\/#primaryimage"},"image":{"@id":"https:\/\/www.sotrender.com\/blog\/pl\/2016\/11\/twitter-trends-pazdziernik-2016\/#primaryimage"},"thumbnailUrl":"https:\/\/www.sotrender.com\/blog\/wp-content\/uploads\/2016\/11\/twitter-trends-pa\u017adziernik-2016-cover.jpg","datePublished":"2016-11-07T15:05:37+00:00","dateModified":"2016-12-16T08:49:38+00:00","author":{"@id":"https:\/\/www.sotrender.com\/blog\/#\/schema\/person\/48ed6f8ff39863778de8dd32f58467f5"},"description":"Marki i influencerzy na Twitterze. Kto najlepiej komunikowa\u0142 si\u0119 ze swoj\u0105 spo\u0142eczno\u015bci\u0105 na Twitterze w pa\u017adzierniku?","breadcrumb":{"@id":"https:\/\/www.sotrender.com\/blog\/pl\/2016\/11\/twitter-trends-pazdziernik-2016\/#breadcrumb"},"inLanguage":"pl-PL","potentialAction":[{"@type":"ReadAction","target":["https:\/\/www.sotrender.com\/blog\/pl\/2016\/11\/twitter-trends-pazdziernik-2016\/"]}]},{"@type":"ImageObject","inLanguage":"pl-PL","@id":"https:\/\/www.sotrender.com\/blog\/pl\/2016\/11\/twitter-trends-pazdziernik-2016\/#primaryimage","url":"https:\/\/www.sotrender.com\/blog\/wp-content\/uploads\/2016\/11\/twitter-trends-pa\u017adziernik-2016-cover.jpg","contentUrl":"https:\/\/www.sotrender.com\/blog\/wp-content\/uploads\/2016\/11\/twitter-trends-pa\u017adziernik-2016-cover.jpg","width":2235,"height":1341},{"@type":"BreadcrumbList","@id":"https:\/\/www.sotrender.com\/blog\/pl\/2016\/11\/twitter-trends-pazdziernik-2016\/#breadcrumb","itemListElement":[{"@type":"ListItem","position":1,"name":"Home","item":"https:\/\/www.sotrender.com\/blog\/"},{"@type":"ListItem","position":2,"name":"Twitter Trends pa\u017adziernik 2016 &#8211; Czarny protest"}]},{"@type":"WebSite","@id":"https:\/\/www.sotrender.com\/blog\/#website","url":"https:\/\/www.sotrender.com\/blog\/","name":"Sotrender Blog","description":"","potentialAction":[{"@type":"SearchAction","target":{"@type":"EntryPoint","urlTemplate":"https:\/\/www.sotrender.com\/blog\/?s={search_term_string}"},"query-input":"required name=search_term_string"}],"inLanguage":"pl-PL"},{"@type":"Person","@id":"https:\/\/www.sotrender.com\/blog\/#\/schema\/person\/48ed6f8ff39863778de8dd32f58467f5","name":"Micha\u0142 Wieczorek","image":{"@type":"ImageObject","inLanguage":"pl-PL","@id":"https:\/\/www.sotrender.com\/blog\/#\/schema\/person\/image\/","url":"https:\/\/secure.gravatar.com\/avatar\/65ceb2020aa2338488b9c5f33c10137f?s=96&d=mm&r=g","contentUrl":"https:\/\/secure.gravatar.com\/avatar\/65ceb2020aa2338488b9c5f33c10137f?s=96&d=mm&r=g","caption":"Micha\u0142 Wieczorek"},"description":"Baltic linguist, marketer, and music journalist in his free time. A big fan of good food and even better music.","sameAs":["https:\/\/www.linkedin.com\/in\/michaldwieczorek","https:\/\/twitter.com\/http:\/\/twitter.com\/eveningo"],"url":"https:\/\/www.sotrender.com\/blog\/pl\/author\/micha_wieczorek\/"}]}},"_links":{"self":[{"href":"https:\/\/www.sotrender.com\/blog\/pl\/wp-json\/wp\/v2\/posts\/23549"}],"collection":[{"href":"https:\/\/www.sotrender.com\/blog\/pl\/wp-json\/wp\/v2\/posts"}],"about":[{"href":"https:\/\/www.sotrender.com\/blog\/pl\/wp-json\/wp\/v2\/types\/post"}],"author":[{"embeddable":true,"href":"https:\/\/www.sotrender.com\/blog\/pl\/wp-json\/wp\/v2\/users\/49"}],"replies":[{"embeddable":true,"href":"https:\/\/www.sotrender.com\/blog\/pl\/wp-json\/wp\/v2\/comments?post=23549"}],"version-history":[{"count":4,"href":"https:\/\/www.sotrender.com\/blog\/pl\/wp-json\/wp\/v2\/posts\/23549\/revisions"}],"predecessor-version":[{"id":24169,"href":"https:\/\/www.sotrender.com\/blog\/pl\/wp-json\/wp\/v2\/posts\/23549\/revisions\/24169"}],"wp:featuredmedia":[{"embeddable":true,"href":"https:\/\/www.sotrender.com\/blog\/pl\/wp-json\/wp\/v2\/media\/23689"}],"wp:attachment":[{"href":"https:\/\/www.sotrender.com\/blog\/pl\/wp-json\/wp\/v2\/media?parent=23549"}],"wp:term":[{"taxonomy":"category","embeddable":true,"href":"https:\/\/www.sotrender.com\/blog\/pl\/wp-json\/wp\/v2\/categories?post=23549"},{"taxonomy":"post_tag","embeddable":true,"href":"https:\/\/www.sotrender.com\/blog\/pl\/wp-json\/wp\/v2\/tags?post=23549"}],"curies":[{"name":"wp","href":"https:\/\/api.w.org\/{rel}","templated":true}]}}