{"id":23469,"date":"2016-10-25T08:50:40","date_gmt":"2016-10-25T06:50:40","guid":{"rendered":"http:\/\/blog.sotrender.com\/pl\/?p=23469"},"modified":"2017-04-13T11:11:41","modified_gmt":"2017-04-13T09:11:41","slug":"telewizja-2-0-internet-wideo-youtube","status":"publish","type":"post","link":"https:\/\/www.sotrender.com\/blog\/pl\/2016\/10\/telewizja-2-0-internet-wideo-youtube\/","title":{"rendered":"Telewizja 2.0 &#8211; Internetowa wideo rzeczywisto\u015b\u0107"},"content":{"rendered":"<p style=\"text-align: justify;\"><span style=\"font-weight: 400;\">Prawie wszyscy ogl\u0105damy wideo w social media. Po\u0142owa Polak\u00f3w korzysta z YouTube, najwi\u0119kszego medium spo\u0142eczno\u015bciowego (bo przecie\u017c YouTube nie jest ju\u017c tylko platform\u0105 do wrzucania film\u00f3w). W ci\u0105gu czterech lat liczba u\u017cytkownik\u00f3w YouTube w Polsce wzros\u0142a o sze\u015b\u0107 milion\u00f3w &#8211; do 18.9 miliona. Jak przez 10 lat od uruchomienia YouTube\u00a0i wideo w internecie si\u0119 zmieni\u0142o?<\/span><!--more--><\/p>\n<h2><span style=\"font-weight: 400;\">Rok mobile?<\/span><\/h2>\n<p style=\"text-align: justify;\"><span style=\"font-weight: 400;\">Co roku t\u0119gie g\u0142owy zajmuj\u0105ce si\u0119 przewidywaniem trend\u00f3w prorokuj\u0105, \u017ce w\u0142a\u015bnie ten nadchodz\u0105cy rok (2014, 2015, 2016) b\u0119dzie rokiem mobile. I co roku okazuje si\u0119, \u017ce to nie do ko\u0144ca prawda.\u00a0Cho\u0107 coraz cz\u0119\u015bciej ogl\u0105damy tre\u015bci na urz\u0105dzeniach przeno\u015bnych, to jednak jeszcze nie mo\u017cna m\u00f3wi\u0107 o ca\u0142kowitej dominacji segmentu mobile.<\/span><\/p>\n<div id=\"attachment_23471\" style=\"width: 1010px\" class=\"wp-caption aligncenter\"><a href=\"https:\/\/www.sotrender.com\/wp-content\/uploads\/2016\/10\/Gdzie-ogl\u0105amy-wideo.png\"><img loading=\"lazy\" decoding=\"async\" aria-describedby=\"caption-attachment-23471\" class=\"wp-image-23471 size-full\" src=\"https:\/\/www.sotrender.com\/blog\/wp-content\/uploads\/2016\/10\/Gdzie-ogl\u0105amy-wideo.png\" alt=\"W jakich sytuacjach Polacy ogl\u0105daj\u0105 wideo w Internecie\" width=\"1000\" height=\"667\" srcset=\"https:\/\/www.sotrender.com\/blog\/wp-content\/uploads\/2016\/10\/Gdzie-ogl\u0105amy-wideo.png 1000w, https:\/\/www.sotrender.com\/blog\/wp-content\/uploads\/2016\/10\/Gdzie-ogl\u0105amy-wideo-475x317.png 475w, https:\/\/www.sotrender.com\/blog\/wp-content\/uploads\/2016\/10\/Gdzie-ogl\u0105amy-wideo-768x512.png 768w, https:\/\/www.sotrender.com\/blog\/wp-content\/uploads\/2016\/10\/Gdzie-ogl\u0105amy-wideo-950x634.png 950w, https:\/\/www.sotrender.com\/blog\/wp-content\/uploads\/2016\/10\/Gdzie-ogl\u0105amy-wideo-600x400.png 600w\" sizes=\"(max-width: 1000px) 100vw, 1000px\" \/><\/a><p id=\"caption-attachment-23471\" class=\"wp-caption-text\">W jakich sytuacjach Polacy ogl\u0105daj\u0105 wideo w Internecie (\u017ar\u00f3d\u0142o: badania IRC)<\/p><\/div>\n<h2><span style=\"font-weight: 400;\">Nowy spos\u00f3b konsumpcji wideo na Facebooku (i innych social media)<\/span><\/h2>\n<p style=\"text-align: justify;\"><span style=\"font-weight: 400;\">Na Facebooku <a href=\"https:\/\/www.sotrender.com\/blog\/pl\/2015\/01\/youtube-facebook-wideo\/\">wideo odgrywa coraz wi\u0119ksz\u0105 rol\u0119<\/a>. Ten format najbardziej anga\u017cuje u\u017cytkownik\u00f3w, zauwa\u017cy\u0142y to ju\u017c strony, kt\u00f3re coraz cz\u0119\u015bciej wybieraj\u0105 tak\u0105 form\u0119 komunikacji. Ju\u017c <\/span><b>osiem procent<\/b><span style=\"font-weight: 400;\"> wszystkich komunikat\u00f3w publikowanych przez strony na <\/span><b>Facebooku<\/b><span style=\"font-weight: 400;\"> to w\u0142a\u015bnie <\/span><b>wideo<\/b><span style=\"font-weight: 400;\"> (najpopularniejszym formatem s\u0105 linki &#8211; cz\u0119sto prowadz\u0105ce do YouTube).<\/span><\/p>\n<p style=\"text-align: justify;\"><span style=\"font-weight: 400;\">Jednak konsumpcja tre\u015bci wideo w social media &#8211; przede wszystkim na Facebooku &#8211; jest nietypowa (a mo\u017ce to w\u0142a\u015bnie nowa norma). Wi\u0119kszo\u015b\u0107 materia\u0142\u00f3w jest odtwarzana <\/span><b>bez d\u017awi\u0119ku<\/b><span style=\"font-weight: 400;\">, dlatego niezb\u0119dne s\u0105 <\/span><b>napisy<\/b><span style=\"font-weight: 400;\">, w w filmach umieszcza si\u0119 <\/span><b>hiperlinki<\/b><span style=\"font-weight: 400;\"> do innych tre\u015bci, co powoduje, \u017ce cz\u0119sto materia\u0142y nie s\u0105 ogl\u0105dane do ko\u0144ca, tylko porzucane przez konsument\u00f3w tre\u015bci w poszukiwaniu innych, ciekawszych tre\u015bci. T\u0119 tendencj\u0119 zauwa\u017cy\u0142 Netflix, kt\u00f3ry pozwala u\u017cytkownikom wr\u00f3ci\u0107 dok\u0142adnie do momentu, w kt\u00f3rym przerwali ogl\u0105danie filmu lub serialu.<\/span><\/p>\n<div id=\"attachment_23473\" style=\"width: 1011px\" class=\"wp-caption aligncenter\"><a href=\"https:\/\/www.sotrender.com\/wp-content\/uploads\/2016\/10\/Procentowy-udzia\u0142-formatu-wideo.png\"><img loading=\"lazy\" decoding=\"async\" aria-describedby=\"caption-attachment-23473\" class=\"wp-image-23473 size-full\" src=\"https:\/\/www.sotrender.com\/blog\/wp-content\/uploads\/2016\/10\/Procentowy-udzia\u0142-formatu-wideo.png\" alt=\"Procentowy udzia\u0142 formatu wideo w komunikacji stron na Facebooku\" width=\"1001\" height=\"667\" srcset=\"https:\/\/www.sotrender.com\/blog\/wp-content\/uploads\/2016\/10\/Procentowy-udzia\u0142-formatu-wideo.png 1001w, https:\/\/www.sotrender.com\/blog\/wp-content\/uploads\/2016\/10\/Procentowy-udzia\u0142-formatu-wideo-475x317.png 475w, https:\/\/www.sotrender.com\/blog\/wp-content\/uploads\/2016\/10\/Procentowy-udzia\u0142-formatu-wideo-768x512.png 768w, https:\/\/www.sotrender.com\/blog\/wp-content\/uploads\/2016\/10\/Procentowy-udzia\u0142-formatu-wideo-950x633.png 950w, https:\/\/www.sotrender.com\/blog\/wp-content\/uploads\/2016\/10\/Procentowy-udzia\u0142-formatu-wideo-600x400.png 600w\" sizes=\"(max-width: 1001px) 100vw, 1001px\" \/><\/a><p id=\"caption-attachment-23473\" class=\"wp-caption-text\">Procentowy udzia\u0142 formatu wideo w komunikacji stron na Facebooku (\u017ar\u00f3d\u0142o: badania w\u0142asne Sotrender)<\/p><\/div>\n<p style=\"text-align: justify;\"><span style=\"font-weight: 400;\">Z drugiej strony trzeba si\u0119 zastanowi\u0107 czy popularne GIFy to te\u017c wideo? W ko\u0144cu Vine to serwis, w kt\u00f3rym umieszcza si\u0119 kr\u00f3tkie wideo odtwarzaj\u0105ce si\u0119 na p\u0119tli. czyli prawie dok\u0142adnie jak dzia\u0142aj\u0105 GIFy, cz\u0119sto jeszcze zaliczane do obrazk\u00f3w. <\/span><\/p>\n<h2><span style=\"font-weight: 400;\">Profesjonalizacja<\/span><\/h2>\n<p style=\"text-align: justify;\"><span style=\"font-weight: 400;\">Z popularno\u015bci\u0105 formatu wideo w komunikacji w social media idzie w parze profesjonalizacja tw\u00f3rc\u00f3w wideo. Czasy, kiedy gwiazdami YouTube by\u0142y postaci pokroju Gracjana Roztockiego min\u0119\u0142y. Dzisiaj najpopularniejsi YouTuberzy tworz\u0105 bardzo <\/span><b>profesjonalnie przygotowane<\/b> <b>tre\u015bci<\/b><span style=\"font-weight: 400;\">, a za ich sukcesem stoi sztab ludzi &#8211; scenarzyst\u00f3w, operator\u00f3w, marketingowc\u00f3w. <\/span><\/p>\n<p style=\"text-align: justify;\"><span style=\"font-weight: 400;\">Jednym z najjaskrawszych przyk\u0142ad\u00f3w profesjonalizacji (i &#8211; co rzadkie &#8211; odej\u015bcia od \u017cartu do powa\u017cniejszych temat\u00f3w) jest <\/span><b>Krzysztof Gonciarz<\/b><span style=\"font-weight: 400;\">. Miar\u0105 jego sukcesu jest nie tylko fakt, \u017ce jego codzienne vlogi \u015brednio uzyskuj\u0105 <\/span><b>218 tysi\u0119cy wy\u015bwietle\u0144<\/b><span style=\"font-weight: 400;\">, ale te\u017c to, \u017ce na serwisie Patronite od widz\u00f3w zbiera <\/span><b>30 tysi\u0119cy z\u0142otych miesi\u0119cznie<\/b><span style=\"font-weight: 400;\"> na produkcj\u0119 kolejnych odcink\u00f3w. To zdecydowany rekord w polskim internecie. <\/span><\/p>\n<p style=\"text-align: justify;\"><span style=\"font-weight: 400;\">Innym efektem profesjonalizacji tre\u015bci wideo w internecie jest <\/span><b>przenikanie si\u0119 z telewizj\u0105<\/b><span style=\"font-weight: 400;\">. Telewizja przestaje ignorowa\u0107 wideo z sieci, coraz cz\u0119\u015bciej szukaj\u0105c inspiracji na YouTube i innych serwisach wideo. \u015awietnym przyk\u0142adem mo\u017ce by\u0107 serial \u201c<\/span><b>High Maintenance<\/b><span style=\"font-weight: 400;\">\u201d, kt\u00f3ry pierwotnie ukazywa\u0142 si\u0119 na Vimeo, a od tego roku nadaje go <\/span><b>HBO<\/b><span style=\"font-weight: 400;\">. Internet to tak\u017ce miejsce, w kt\u00f3ry telewizje poszukuj\u0105 nowych gwiazd. Wystarczy tylko wspomnie\u0107 <\/span><b>ReZiego<\/b><span style=\"font-weight: 400;\">, jednego z najpopularniejszych youtuber\u00f3w, kt\u00f3ry zosta\u0142 reporterem w programie Voice of Poland lub prowadz\u0105cego kana\u0142 Polimaty, kt\u00f3ry dosta\u0142 w\u0142asny program w TVP. TVN w\u0142a\u015bnie og\u0142osi\u0142, \u017ce kupuje sie\u0107 partnersk\u0105 Gamellon i zaczyna wsp\u00f3\u0142prac\u0119 z YouTberami gamingowymi (aktualizacja z z 27.10.2016).<\/span><\/p>\n<div id=\"attachment_23481\" style=\"width: 1010px\" class=\"wp-caption aligncenter\"><a href=\"https:\/\/www.sotrender.com\/wp-content\/uploads\/2016\/10\/liczba-udost\u0119pnie\u0144-post\u00f3w-z-dw\u00f3ch-serwis\u00f3w-Agory-Haps-i-Gazeta.pl_.png\"><img loading=\"lazy\" decoding=\"async\" aria-describedby=\"caption-attachment-23481\" class=\"wp-image-23481 size-full\" src=\"https:\/\/www.sotrender.com\/blog\/wp-content\/uploads\/2016\/10\/liczba-udost\u0119pnie\u0144-post\u00f3w-z-dw\u00f3ch-serwis\u00f3w-Agory-Haps-i-Gazeta.pl_.png\" alt=\"Liczba udost\u0119pnie\u0144 post\u00f3w na dw\u00f3ch stronach nale\u017c\u0105cych do Agora SA - Haps.pl i Gazeta.pl\" width=\"1000\" height=\"667\" srcset=\"https:\/\/www.sotrender.com\/blog\/wp-content\/uploads\/2016\/10\/liczba-udost\u0119pnie\u0144-post\u00f3w-z-dw\u00f3ch-serwis\u00f3w-Agory-Haps-i-Gazeta.pl_.png 1000w, https:\/\/www.sotrender.com\/blog\/wp-content\/uploads\/2016\/10\/liczba-udost\u0119pnie\u0144-post\u00f3w-z-dw\u00f3ch-serwis\u00f3w-Agory-Haps-i-Gazeta.pl_-475x317.png 475w, https:\/\/www.sotrender.com\/blog\/wp-content\/uploads\/2016\/10\/liczba-udost\u0119pnie\u0144-post\u00f3w-z-dw\u00f3ch-serwis\u00f3w-Agory-Haps-i-Gazeta.pl_-768x512.png 768w, https:\/\/www.sotrender.com\/blog\/wp-content\/uploads\/2016\/10\/liczba-udost\u0119pnie\u0144-post\u00f3w-z-dw\u00f3ch-serwis\u00f3w-Agory-Haps-i-Gazeta.pl_-950x634.png 950w, https:\/\/www.sotrender.com\/blog\/wp-content\/uploads\/2016\/10\/liczba-udost\u0119pnie\u0144-post\u00f3w-z-dw\u00f3ch-serwis\u00f3w-Agory-Haps-i-Gazeta.pl_-600x400.png 600w\" sizes=\"(max-width: 1000px) 100vw, 1000px\" \/><\/a><p id=\"caption-attachment-23481\" class=\"wp-caption-text\">Liczba udost\u0119pnie\u0144 post\u00f3w na dw\u00f3ch stronach nale\u017c\u0105cych do Agora SA &#8211; Haps.pl i Gazeta.pl (\u017ar\u00f3d\u0142o: Sotrender)<\/p><\/div>\n<p style=\"text-align: justify;\"><span style=\"font-weight: 400;\">Z drugiej strony najwi\u0119ksze portale internetowe coraz mocniej inwestuj\u0105 we w\u0142asne produkcje wideo, upodabniaj\u0105 si\u0119 do telewizji i \u015bci\u0105gaj\u0105 gwiazdy szklanego ekranu do swoich produkcji. <\/span><b>Tomasz Lis<\/b><span style=\"font-weight: 400;\"> zosta\u0142 twarz\u0105 <\/span><b>Onet.tv<\/b><span style=\"font-weight: 400;\">, a <\/span><b>Maciej Or\u0142o\u015b<\/b><span style=\"font-weight: 400;\"> zaraz po odej\u015bciu z <\/span><b>Teleexpressu<\/b><span style=\"font-weight: 400;\"> og\u0142osi\u0142, \u017ce przenosi si\u0119 do powstaj\u0105cej telewizji <\/span><b>Wirtualnej Polski<\/b><span style=\"font-weight: 400;\">. <a href=\"https:\/\/www.sotrender.com\/blog\/pl\/2016\/02\/media-a-wideo-na-facebooku-raport\/\">Wydawcy internetowi coraz wi\u0119cej wydaj\u0105 na tre\u015bci wideo<\/a>, samo uruchomienie telewizji WP b\u0119dzie kosztowa\u0107 prawie 3 miliony z\u0142otych. Onet wprowadzi\u0142 poranne programy na \u017cywo, oraz uruchomi\u0142 pe\u0142n\u0105 ram\u00f3wk\u0119 swojej telewizji (kt\u00f3ra b\u0119dzie tak\u017ce dost\u0119pna poza internetem, w naziemnej telewizji cyfrowej). Takie dzia\u0142ania wynikaj\u0105 z tego, \u017ce wideo jest formatem, kt\u00f3ry najlepiej rozprzestrzenia si\u0119 wirusowo w internecie i jest najatrakcyjniejszy dla reklamodawc\u00f3w. Liczba udost\u0119pnie\u0144 facebookowych post\u00f3w Haps.pl, nale\u017c\u0105cego do Agory portalu wideo jest kilkukrotnie wy\u017csza ni\u017c flagowego portalu grupy Gazeta.pl.\u00a0<\/span><\/p>\n<p style=\"text-align: justify;\"><div class=\"shortcode trial\"><h4><span>Mierz dzia\u0142ania na YouTube w Sotrenderze!<\/span><a title=\"Wypr\u00f3buj za darmo!\" class=\"btn\" href=\"https:\/\/app.sotrender.com\/auth\/signup\/trial\/pl?utm_source=blog-cta-legacy\">Wypr\u00f3buj za darmo!<\/a><\/h4><\/div><strong>\u00a0<\/strong><\/p>\n<h2><span style=\"font-weight: 400;\">Centralizacja<\/span><\/h2>\n<p style=\"text-align: justify;\"><span style=\"font-weight: 400;\">Za profesjonalizacj\u0105 idzie centralizacja. Powsta\u0142y specjalne <strong>agencje<\/strong><\/span><b>\u00a0youtuber\u00f3w<\/b><span style=\"font-weight: 400;\">, kt\u00f3re dbaj\u0105 o kontrakty swoich podopiecznych. Jedno z nich reklamuje si\u0119 jako \u201cnajwi\u0119ksza w Polsce sie\u0107 wielokana\u0142owa YouTube\u201d. Takie konglomeraty przyci\u0105gaj\u0105 du\u017cych reklamodawc\u00f3w i sponsor\u00f3w du\u017co bardziej ni\u017c dzia\u0142aj\u0105cy pojedynczo tw\u00f3rcy. Najwi\u0119ksze z nich &#8211; <\/span><b>LifeTube<\/b><span style=\"font-weight: 400;\"> i <\/span><b>Epic Makers<\/b><span style=\"font-weight: 400;\"> skupiaj\u0105 ju\u017c odpowiednio <\/span><b>470<\/b><span style=\"font-weight: 400;\"> i <\/span><b>220<\/b><span style=\"font-weight: 400;\"> kana\u0142\u00f3w, kt\u00f3re notuj\u0105 \u0142\u0105cznie oko\u0142o <\/span><b>400 milion\u00f3w wy\u015bwietle\u0144 miesi\u0119cznie<\/b><span style=\"font-weight: 400;\">. <\/span><\/p>\n<p style=\"text-align: justify;\"><span style=\"font-weight: 400;\">Tw\u00f3rcy z tej samej sieci pojawiaj\u0105 si\u0119 cz\u0119sto nawzajem w swoich produkcjach, nakr\u0119caj\u0105c swoj\u0105 popularno\u015b\u0107 i poszerzaj\u0105c baz\u0119 odbiorc\u00f3w. Powstaj\u0105 tak\u017ce kana\u0142y takie jak <\/span><b>Ponki<\/b><span style=\"font-weight: 400;\">, b\u0119d\u0105ce od pocz\u0105tku do ko\u0144ca produktem agencji. Czy z takim konkurentem poradzi\u0142by sobie Gracjan Roztocki, gdyby zaczyna\u0142 swoj\u0105 przygod\u0119 z YouTube dzisiaj? Ponki to kana\u0142 w pe\u0142ni profesjonalny, z rozbudowanym zapleczem produkcyjnym i technologicznym, z bud\u017cetem nie tylko na produkcje, ale tez na promocj\u0119 tre\u015bci. Przyznacie, \u017ce to jak starcie Dawida z Goliatem. A tak b\u0119dzie najpewniej wygl\u0105da\u0107 przysz\u0142o\u015b\u0107 YouTube\u2019a. Bariery wej\u015bcia rosn\u0105, nie wystarczy ju\u017c \u015bwietny pomys\u0142, by zyska\u0107 widowni\u0119, bo o uwag\u0119 publiczno\u015bci konkuruje coraz wi\u0119cej kana\u0142\u00f3w i tw\u00f3rc\u00f3w.<\/span><\/p>\n<div id=\"attachment_23477\" style=\"width: 634px\" class=\"wp-caption aligncenter\"><a href=\"https:\/\/www.sotrender.com\/wp-content\/uploads\/2016\/10\/Najpopularniejsze-kana\u0142y-na-polskim-YouTube-YouTube-Trends-lipiec-2016.png\"><img loading=\"lazy\" decoding=\"async\" aria-describedby=\"caption-attachment-23477\" class=\"wp-image-23477 size-full\" src=\"https:\/\/www.sotrender.com\/blog\/wp-content\/uploads\/2016\/10\/Najpopularniejsze-kana\u0142y-na-polskim-YouTube-YouTube-Trends-lipiec-2016.png\" alt=\"najpopularniejsze-kanaly-na-polskim-youtube-youtube-trends-lipiec-2016\" width=\"624\" height=\"381\" srcset=\"https:\/\/www.sotrender.com\/blog\/wp-content\/uploads\/2016\/10\/Najpopularniejsze-kana\u0142y-na-polskim-YouTube-YouTube-Trends-lipiec-2016.png 624w, https:\/\/www.sotrender.com\/blog\/wp-content\/uploads\/2016\/10\/Najpopularniejsze-kana\u0142y-na-polskim-YouTube-YouTube-Trends-lipiec-2016-475x290.png 475w, https:\/\/www.sotrender.com\/blog\/wp-content\/uploads\/2016\/10\/Najpopularniejsze-kana\u0142y-na-polskim-YouTube-YouTube-Trends-lipiec-2016-600x366.png 600w\" sizes=\"(max-width: 624px) 100vw, 624px\" \/><\/a><p id=\"caption-attachment-23477\" class=\"wp-caption-text\">Najpopularniejsze kana\u0142y na polskim Youtube &#8211; YouTube Trends lipiec 2016<\/p><\/div>\n<p style=\"text-align: justify;\"><span style=\"font-weight: 400;\">To zjawisko ju\u017c si\u0119 dzieje, wystarczy prze\u015bledzi\u0107 <a href=\"http:\/\/sotrender.pl\/trends\/youtube\">nasze comiesi\u0119czne raporty YouTube Trends<\/a>. W ci\u0105gu ostatniego roku w\u015br\u00f3d 10 najcz\u0119\u015bciej subskrybowanych kana\u0142\u00f3w pojawi\u0142a si\u0119 tylko jedna nowo\u015b\u0107 &#8211; skkf. Poza nim, sami dobrzy znajomi &#8211; SA Ward\u0119ga, Abstrachuje, reZigiusz.<\/span><\/p>\n<h2><span style=\"font-weight: 400;\">Przysz\u0142o\u015b\u0107 wideo w internecie<\/span><\/h2>\n<p style=\"text-align: justify;\"><span style=\"font-weight: 400;\">Nie jeste\u015bmy zawodowymi futurulogami, ale mamy kilka wskaz\u00f3wek i przewidywa\u0144, jak b\u0119dzie zmienia\u0142o si\u0119 wideo w internecie. Przede wszystkim internet i telewizja b\u0119d\u0105 si\u0119 do siebie zbli\u017ca\u0107 i upodabnia\u0107. To ju\u017c si\u0119 dzieje. Tradycyjn\u0105 telewizj\u0119 mo\u017cna ju\u017c ogl\u0105da\u0107 w internecie, a internetowi wydawcy coraz mocniej wkraczaj\u0105 na teren do tej pory zarezerwowany dla telewizji. Telewizja nie upadnie (tak jak nie upad\u0142a prasa czy radio).\u00a0<\/span><span style=\"font-weight: 400;\"><br \/>\n<\/span><span style=\"font-weight: 400;\">Zatem jak dzia\u0142a\u0107 w tym zmieniaj\u0105cym si\u0119 \u015brodowisku? Wideo staje si\u0119 coraz wa\u017cniejsz\u0105 cz\u0119\u015bci\u0105 medi\u00f3w spo\u0142eczno\u015bciowych, \u00a0a walka pomi\u0119dzy autorami, sieciami autorskimi i du\u017cymi producentami o uwag\u0119 i czas widz\u00f3w b\u0119dzie si\u0119 tylko zaostrza\u0107. Dlatego nie warto wkracza\u0107 w t\u0119 wojn\u0119 bez dobrego pomys\u0142u i wysokiego bud\u017cetu, lepiej wsp\u00f3\u0142pracowa\u0107 z ju\u017c uznanymi tw\u00f3rcami, kt\u00f3rzy s\u0105 liderami opinii w Twojej grupie docelowej. Jak wybra\u0107 odpowiedniego influencera? <a href=\"https:\/\/www.sotrender.com\/blog\/pl\/2015\/05\/poznaj-zainteresowania-fanow-twojej-marki\/\">Pomo\u017ce w tym nasze badanie zainteresowa\u0144 fan\u00f3w, o kt\u00f3rym wi\u0119cej przeczytacie w oddzielnym wpisie<\/a>.<\/span><\/p>\n","protected":false},"excerpt":{"rendered":"<p>Prawie wszyscy ogl\u0105damy wideo w social media. Po\u0142owa Polak\u00f3w korzysta z YouTube, najwi\u0119kszego medium spo\u0142eczno\u015bciowego (bo przecie\u017c YouTube nie jest ju\u017c tylko platform\u0105 do wrzucania film\u00f3w). W ci\u0105gu czterech lat liczba u\u017cytkownik\u00f3w YouTube w Polsce wzros\u0142a o sze\u015b\u0107 milion\u00f3w &#8211; do 18.9 miliona. Jak przez 10 lat od uruchomienia YouTube\u00a0i wideo w internecie si\u0119 zmieni\u0142o?<\/p>\n","protected":false},"author":49,"featured_media":23491,"comment_status":"open","ping_status":"open","sticky":false,"template":"","format":"standard","meta":{"inline_featured_image":false,"footnotes":""},"categories":[1793,1801],"tags":[],"yoast_head":"<!-- This site is optimized with the Yoast SEO plugin v22.4 - https:\/\/yoast.com\/wordpress\/plugins\/seo\/ -->\n<title>Telewizja 2.0<\/title>\n<meta name=\"description\" content=\"Jak internet i social media zmieni\u0142y konsumpcj\u0119 wideo?\" \/>\n<meta name=\"robots\" content=\"index, follow, max-snippet:-1, max-image-preview:large, max-video-preview:-1\" \/>\n<link rel=\"canonical\" href=\"https:\/\/www.sotrender.com\/blog\/pl\/2016\/10\/telewizja-2-0-internet-wideo-youtube\/\" \/>\n<meta property=\"og:locale\" content=\"pl_PL\" \/>\n<meta property=\"og:type\" content=\"article\" \/>\n<meta property=\"og:title\" content=\"Telewizja 2.0\" \/>\n<meta property=\"og:description\" content=\"Jak internet i social media zmieni\u0142y konsumpcj\u0119 wideo?\" \/>\n<meta property=\"og:url\" content=\"https:\/\/www.sotrender.com\/blog\/pl\/2016\/10\/telewizja-2-0-internet-wideo-youtube\/\" \/>\n<meta property=\"og:site_name\" content=\"Sotrender Blog\" \/>\n<meta property=\"article:publisher\" content=\"https:\/\/www.facebook.com\/Sotrender\" \/>\n<meta property=\"article:published_time\" content=\"2016-10-25T06:50:40+00:00\" \/>\n<meta property=\"article:modified_time\" content=\"2017-04-13T09:11:41+00:00\" \/>\n<meta property=\"og:image\" content=\"https:\/\/www.sotrender.com\/blog\/wp-content\/uploads\/2016\/10\/dreamstime_m_56882010.jpg\" \/>\n\t<meta property=\"og:image:width\" content=\"2120\" \/>\n\t<meta property=\"og:image:height\" content=\"790\" \/>\n\t<meta property=\"og:image:type\" content=\"image\/jpeg\" \/>\n<meta name=\"author\" content=\"Micha\u0142 Wieczorek\" \/>\n<meta name=\"twitter:card\" content=\"summary_large_image\" \/>\n<meta name=\"twitter:creator\" content=\"@http:\/\/twitter.com\/eveningo\" \/>\n<meta name=\"twitter:site\" content=\"@Sotrender\" \/>\n<meta name=\"twitter:label1\" content=\"Written by\" \/>\n\t<meta name=\"twitter:data1\" content=\"Micha\u0142 Wieczorek\" \/>\n\t<meta name=\"twitter:label2\" content=\"Est. reading time\" \/>\n\t<meta name=\"twitter:data2\" content=\"6 minutes\" \/>\n<script type=\"application\/ld+json\" class=\"yoast-schema-graph\">{\"@context\":\"https:\/\/schema.org\",\"@graph\":[{\"@type\":\"WebPage\",\"@id\":\"https:\/\/www.sotrender.com\/blog\/pl\/2016\/10\/telewizja-2-0-internet-wideo-youtube\/\",\"url\":\"https:\/\/www.sotrender.com\/blog\/pl\/2016\/10\/telewizja-2-0-internet-wideo-youtube\/\",\"name\":\"Telewizja 2.0\",\"isPartOf\":{\"@id\":\"https:\/\/www.sotrender.com\/blog\/#website\"},\"primaryImageOfPage\":{\"@id\":\"https:\/\/www.sotrender.com\/blog\/pl\/2016\/10\/telewizja-2-0-internet-wideo-youtube\/#primaryimage\"},\"image\":{\"@id\":\"https:\/\/www.sotrender.com\/blog\/pl\/2016\/10\/telewizja-2-0-internet-wideo-youtube\/#primaryimage\"},\"thumbnailUrl\":\"https:\/\/www.sotrender.com\/blog\/wp-content\/uploads\/2016\/10\/dreamstime_m_56882010.jpg\",\"datePublished\":\"2016-10-25T06:50:40+00:00\",\"dateModified\":\"2017-04-13T09:11:41+00:00\",\"author\":{\"@id\":\"https:\/\/www.sotrender.com\/blog\/#\/schema\/person\/48ed6f8ff39863778de8dd32f58467f5\"},\"description\":\"Jak internet i social media zmieni\u0142y konsumpcj\u0119 wideo?\",\"breadcrumb\":{\"@id\":\"https:\/\/www.sotrender.com\/blog\/pl\/2016\/10\/telewizja-2-0-internet-wideo-youtube\/#breadcrumb\"},\"inLanguage\":\"pl-PL\",\"potentialAction\":[{\"@type\":\"ReadAction\",\"target\":[\"https:\/\/www.sotrender.com\/blog\/pl\/2016\/10\/telewizja-2-0-internet-wideo-youtube\/\"]}]},{\"@type\":\"ImageObject\",\"inLanguage\":\"pl-PL\",\"@id\":\"https:\/\/www.sotrender.com\/blog\/pl\/2016\/10\/telewizja-2-0-internet-wideo-youtube\/#primaryimage\",\"url\":\"https:\/\/www.sotrender.com\/blog\/wp-content\/uploads\/2016\/10\/dreamstime_m_56882010.jpg\",\"contentUrl\":\"https:\/\/www.sotrender.com\/blog\/wp-content\/uploads\/2016\/10\/dreamstime_m_56882010.jpg\",\"width\":2120,\"height\":790,\"caption\":\"Sotrender, no bullshit social media analytics\"},{\"@type\":\"BreadcrumbList\",\"@id\":\"https:\/\/www.sotrender.com\/blog\/pl\/2016\/10\/telewizja-2-0-internet-wideo-youtube\/#breadcrumb\",\"itemListElement\":[{\"@type\":\"ListItem\",\"position\":1,\"name\":\"Home\",\"item\":\"https:\/\/www.sotrender.com\/blog\/\"},{\"@type\":\"ListItem\",\"position\":2,\"name\":\"Telewizja 2.0 &#8211; Internetowa wideo rzeczywisto\u015b\u0107\"}]},{\"@type\":\"WebSite\",\"@id\":\"https:\/\/www.sotrender.com\/blog\/#website\",\"url\":\"https:\/\/www.sotrender.com\/blog\/\",\"name\":\"Sotrender Blog\",\"description\":\"\",\"potentialAction\":[{\"@type\":\"SearchAction\",\"target\":{\"@type\":\"EntryPoint\",\"urlTemplate\":\"https:\/\/www.sotrender.com\/blog\/?s={search_term_string}\"},\"query-input\":\"required name=search_term_string\"}],\"inLanguage\":\"pl-PL\"},{\"@type\":\"Person\",\"@id\":\"https:\/\/www.sotrender.com\/blog\/#\/schema\/person\/48ed6f8ff39863778de8dd32f58467f5\",\"name\":\"Micha\u0142 Wieczorek\",\"image\":{\"@type\":\"ImageObject\",\"inLanguage\":\"pl-PL\",\"@id\":\"https:\/\/www.sotrender.com\/blog\/#\/schema\/person\/image\/\",\"url\":\"https:\/\/secure.gravatar.com\/avatar\/65ceb2020aa2338488b9c5f33c10137f?s=96&d=mm&r=g\",\"contentUrl\":\"https:\/\/secure.gravatar.com\/avatar\/65ceb2020aa2338488b9c5f33c10137f?s=96&d=mm&r=g\",\"caption\":\"Micha\u0142 Wieczorek\"},\"description\":\"Baltic linguist, marketer, and music journalist in his free time. A big fan of good food and even better music.\",\"sameAs\":[\"https:\/\/www.linkedin.com\/in\/michaldwieczorek\",\"https:\/\/twitter.com\/http:\/\/twitter.com\/eveningo\"],\"url\":\"https:\/\/www.sotrender.com\/blog\/pl\/author\/micha_wieczorek\/\"}]}<\/script>\n<!-- \/ Yoast SEO plugin. -->","yoast_head_json":{"title":"Telewizja 2.0","description":"Jak internet i social media zmieni\u0142y konsumpcj\u0119 wideo?","robots":{"index":"index","follow":"follow","max-snippet":"max-snippet:-1","max-image-preview":"max-image-preview:large","max-video-preview":"max-video-preview:-1"},"canonical":"https:\/\/www.sotrender.com\/blog\/pl\/2016\/10\/telewizja-2-0-internet-wideo-youtube\/","og_locale":"pl_PL","og_type":"article","og_title":"Telewizja 2.0","og_description":"Jak internet i social media zmieni\u0142y konsumpcj\u0119 wideo?","og_url":"https:\/\/www.sotrender.com\/blog\/pl\/2016\/10\/telewizja-2-0-internet-wideo-youtube\/","og_site_name":"Sotrender Blog","article_publisher":"https:\/\/www.facebook.com\/Sotrender","article_published_time":"2016-10-25T06:50:40+00:00","article_modified_time":"2017-04-13T09:11:41+00:00","og_image":[{"width":2120,"height":790,"url":"https:\/\/www.sotrender.com\/blog\/wp-content\/uploads\/2016\/10\/dreamstime_m_56882010.jpg","type":"image\/jpeg"}],"author":"Micha\u0142 Wieczorek","twitter_card":"summary_large_image","twitter_creator":"@http:\/\/twitter.com\/eveningo","twitter_site":"@Sotrender","twitter_misc":{"Written by":"Micha\u0142 Wieczorek","Est. reading time":"6 minutes"},"schema":{"@context":"https:\/\/schema.org","@graph":[{"@type":"WebPage","@id":"https:\/\/www.sotrender.com\/blog\/pl\/2016\/10\/telewizja-2-0-internet-wideo-youtube\/","url":"https:\/\/www.sotrender.com\/blog\/pl\/2016\/10\/telewizja-2-0-internet-wideo-youtube\/","name":"Telewizja 2.0","isPartOf":{"@id":"https:\/\/www.sotrender.com\/blog\/#website"},"primaryImageOfPage":{"@id":"https:\/\/www.sotrender.com\/blog\/pl\/2016\/10\/telewizja-2-0-internet-wideo-youtube\/#primaryimage"},"image":{"@id":"https:\/\/www.sotrender.com\/blog\/pl\/2016\/10\/telewizja-2-0-internet-wideo-youtube\/#primaryimage"},"thumbnailUrl":"https:\/\/www.sotrender.com\/blog\/wp-content\/uploads\/2016\/10\/dreamstime_m_56882010.jpg","datePublished":"2016-10-25T06:50:40+00:00","dateModified":"2017-04-13T09:11:41+00:00","author":{"@id":"https:\/\/www.sotrender.com\/blog\/#\/schema\/person\/48ed6f8ff39863778de8dd32f58467f5"},"description":"Jak internet i social media zmieni\u0142y konsumpcj\u0119 wideo?","breadcrumb":{"@id":"https:\/\/www.sotrender.com\/blog\/pl\/2016\/10\/telewizja-2-0-internet-wideo-youtube\/#breadcrumb"},"inLanguage":"pl-PL","potentialAction":[{"@type":"ReadAction","target":["https:\/\/www.sotrender.com\/blog\/pl\/2016\/10\/telewizja-2-0-internet-wideo-youtube\/"]}]},{"@type":"ImageObject","inLanguage":"pl-PL","@id":"https:\/\/www.sotrender.com\/blog\/pl\/2016\/10\/telewizja-2-0-internet-wideo-youtube\/#primaryimage","url":"https:\/\/www.sotrender.com\/blog\/wp-content\/uploads\/2016\/10\/dreamstime_m_56882010.jpg","contentUrl":"https:\/\/www.sotrender.com\/blog\/wp-content\/uploads\/2016\/10\/dreamstime_m_56882010.jpg","width":2120,"height":790,"caption":"Sotrender, no bullshit social media analytics"},{"@type":"BreadcrumbList","@id":"https:\/\/www.sotrender.com\/blog\/pl\/2016\/10\/telewizja-2-0-internet-wideo-youtube\/#breadcrumb","itemListElement":[{"@type":"ListItem","position":1,"name":"Home","item":"https:\/\/www.sotrender.com\/blog\/"},{"@type":"ListItem","position":2,"name":"Telewizja 2.0 &#8211; Internetowa wideo rzeczywisto\u015b\u0107"}]},{"@type":"WebSite","@id":"https:\/\/www.sotrender.com\/blog\/#website","url":"https:\/\/www.sotrender.com\/blog\/","name":"Sotrender Blog","description":"","potentialAction":[{"@type":"SearchAction","target":{"@type":"EntryPoint","urlTemplate":"https:\/\/www.sotrender.com\/blog\/?s={search_term_string}"},"query-input":"required name=search_term_string"}],"inLanguage":"pl-PL"},{"@type":"Person","@id":"https:\/\/www.sotrender.com\/blog\/#\/schema\/person\/48ed6f8ff39863778de8dd32f58467f5","name":"Micha\u0142 Wieczorek","image":{"@type":"ImageObject","inLanguage":"pl-PL","@id":"https:\/\/www.sotrender.com\/blog\/#\/schema\/person\/image\/","url":"https:\/\/secure.gravatar.com\/avatar\/65ceb2020aa2338488b9c5f33c10137f?s=96&d=mm&r=g","contentUrl":"https:\/\/secure.gravatar.com\/avatar\/65ceb2020aa2338488b9c5f33c10137f?s=96&d=mm&r=g","caption":"Micha\u0142 Wieczorek"},"description":"Baltic linguist, marketer, and music journalist in his free time. A big fan of good food and even better music.","sameAs":["https:\/\/www.linkedin.com\/in\/michaldwieczorek","https:\/\/twitter.com\/http:\/\/twitter.com\/eveningo"],"url":"https:\/\/www.sotrender.com\/blog\/pl\/author\/micha_wieczorek\/"}]}},"_links":{"self":[{"href":"https:\/\/www.sotrender.com\/blog\/pl\/wp-json\/wp\/v2\/posts\/23469"}],"collection":[{"href":"https:\/\/www.sotrender.com\/blog\/pl\/wp-json\/wp\/v2\/posts"}],"about":[{"href":"https:\/\/www.sotrender.com\/blog\/pl\/wp-json\/wp\/v2\/types\/post"}],"author":[{"embeddable":true,"href":"https:\/\/www.sotrender.com\/blog\/pl\/wp-json\/wp\/v2\/users\/49"}],"replies":[{"embeddable":true,"href":"https:\/\/www.sotrender.com\/blog\/pl\/wp-json\/wp\/v2\/comments?post=23469"}],"version-history":[{"count":11,"href":"https:\/\/www.sotrender.com\/blog\/pl\/wp-json\/wp\/v2\/posts\/23469\/revisions"}],"predecessor-version":[{"id":26503,"href":"https:\/\/www.sotrender.com\/blog\/pl\/wp-json\/wp\/v2\/posts\/23469\/revisions\/26503"}],"wp:featuredmedia":[{"embeddable":true,"href":"https:\/\/www.sotrender.com\/blog\/pl\/wp-json\/wp\/v2\/media\/23491"}],"wp:attachment":[{"href":"https:\/\/www.sotrender.com\/blog\/pl\/wp-json\/wp\/v2\/media?parent=23469"}],"wp:term":[{"taxonomy":"category","embeddable":true,"href":"https:\/\/www.sotrender.com\/blog\/pl\/wp-json\/wp\/v2\/categories?post=23469"},{"taxonomy":"post_tag","embeddable":true,"href":"https:\/\/www.sotrender.com\/blog\/pl\/wp-json\/wp\/v2\/tags?post=23469"}],"curies":[{"name":"wp","href":"https:\/\/api.w.org\/{rel}","templated":true}]}}