{"id":23255,"date":"2016-10-04T12:50:09","date_gmt":"2016-10-04T10:50:09","guid":{"rendered":"http:\/\/blog.sotrender.com\/pl\/?p=23255"},"modified":"2016-10-04T15:51:00","modified_gmt":"2016-10-04T13:51:00","slug":"instagram-trends-wrzesien-2016","status":"publish","type":"post","link":"https:\/\/www.sotrender.com\/blog\/pl\/2016\/10\/instagram-trends-wrzesien-2016\/","title":{"rendered":"Instagram Trends wrzesie\u0144 2016 &#8211; Na Instagramie bez zmian"},"content":{"rendered":"<p style=\"text-align: justify;\"><span style=\"font-weight: 400;\">Wrzesie\u0144 by\u0142 kolejnym miesi\u0105cem,  w kt\u00f3rym zanotowali\u015bmy spadek aktywno\u015bci obserwowanych przez nas profili,  kt\u00f3re opublikowa\u0142y \u015brednio 5 % mniej post\u00f3w ni\u017c sierpniu. Najlepszy post miesi\u0105ca opublikowa\u0142 jak zawsze Robert Lewandowski.<\/span><\/p>\n<p style=\"text-align: justify;\"><span style=\"font-weight: 400;\">Co jeszcze dzia\u0142o si\u0119 na Instagramie we wrze\u015bniu? Zapraszamy do lektury najnowszego wydania raportu Instagram Trends przygotowanego przez <a href=\"http:\/\/sotrender.pl\">Sotrender<\/a>!<\/span><!--more--><\/p>\n<h2><span style=\"font-weight: 400;\">Najpopularniejsi w Instagram Trends<\/span><\/h2>\n<div id=\"attachment_23257\" style=\"width: 1019px\" class=\"wp-caption aligncenter\"><a href=\"https:\/\/www.sotrender.com\/wp-content\/uploads\/2016\/10\/Najwi\u0119ksze-profile-we-wrzesniu-Instagram-Trends.png\"><img loading=\"lazy\" decoding=\"async\" aria-describedby=\"caption-attachment-23257\" class=\"size-full wp-image-23257\" src=\"https:\/\/www.sotrender.com\/wp-content\/uploads\/2016\/10\/Najwi\u0119ksze-profile-we-wrzesniu-Instagram-Trends.png\" alt=\"Najwi\u0119ksze polskie profile na Instagramie - Instagram Trends wrzesie\u0144 2016\" width=\"1009\" height=\"910\" srcset=\"https:\/\/www.sotrender.com\/blog\/wp-content\/uploads\/2016\/10\/Najwi\u0119ksze-profile-we-wrzesniu-Instagram-Trends.png 1009w, https:\/\/www.sotrender.com\/blog\/wp-content\/uploads\/2016\/10\/Najwi\u0119ksze-profile-we-wrzesniu-Instagram-Trends-475x428.png 475w, https:\/\/www.sotrender.com\/blog\/wp-content\/uploads\/2016\/10\/Najwi\u0119ksze-profile-we-wrzesniu-Instagram-Trends-768x693.png 768w, https:\/\/www.sotrender.com\/blog\/wp-content\/uploads\/2016\/10\/Najwi\u0119ksze-profile-we-wrzesniu-Instagram-Trends-950x857.png 950w, https:\/\/www.sotrender.com\/blog\/wp-content\/uploads\/2016\/10\/Najwi\u0119ksze-profile-we-wrzesniu-Instagram-Trends-600x541.png 600w\" sizes=\"(max-width: 1009px) 100vw, 1009px\" \/><\/a><p id=\"caption-attachment-23257\" class=\"wp-caption-text\">Najwi\u0119ksze polskie profile na Instagramie &#8211; Instagram Trends wrzesie\u0144 2016<\/p><\/div>\n<p style=\"text-align: justify;\"><span style=\"font-weight: 400;\">Czo\u0142\u00f3wka najpopularniejszych profili na Instagramie wygl\u0105da tak samo,  jak w poprzednich miesi\u0105cach. Najwi\u0119cej u\u017cytkownik\u00f3w obserwuje profil Roberta Lewandowskiego. We wrze\u015bniu do jego instagramowej spo\u0142eczno\u015bci do\u0142\u0105czy\u0142o prawie \u0107wier\u0107 miliona nowych u\u017cytkownik\u00f3w! To oznacza,  \u017ce zdj\u0119cia najlepszego polskiego pi\u0142karza ogl\u0105da ponad 7 milion\u00f3w ludzi. Na drugim i trzecim miejscu znajduj\u0105 si\u0119 Suchar Codzienny i Joanna Kuchta. Jedyn\u0105 nowo\u015bci\u0105 w pierwszej pi\u0119tnastce najpopularniejszych polskich profili na Instagramie jest profil DEYNN.<\/span><\/p>\n<p style=\"text-align: justify;\"><div class=\"shortcode trial\"><h4><span>Mierz dzia\u0142ania na Instagramie w Sotrenderze!<\/span><a title=\"Wypr\u00f3buj za darmo!\" class=\"btn\" href=\"https:\/\/app.sotrender.com\/auth\/signup\/trial\/pl?utm_source=blog-cta-legacy\">Wypr\u00f3buj za darmo!<\/a><\/h4><\/div><\/p>\n<div id=\"attachment_23259\" style=\"width: 996px\" class=\"wp-caption aligncenter\"><a href=\"https:\/\/www.sotrender.com\/wp-content\/uploads\/2016\/10\/Najwi\u0119cej-aktynow\u015bci-u\u017cytkownik\u00f3w-Instagram-Trends-wrzesie\u0144-2016.png\"><img loading=\"lazy\" decoding=\"async\" aria-describedby=\"caption-attachment-23259\" class=\"size-full wp-image-23259\" src=\"https:\/\/www.sotrender.com\/wp-content\/uploads\/2016\/10\/Najwi\u0119cej-aktynow\u015bci-u\u017cytkownik\u00f3w-Instagram-Trends-wrzesie\u0144-2016.png\" alt=\"Najwi\u0119cej aktywno\u015bci u\u017cytkownik\u00f3w - Instagram Trends wrzesie\u0144 2016\" width=\"986\" height=\"903\" srcset=\"https:\/\/www.sotrender.com\/blog\/wp-content\/uploads\/2016\/10\/Najwi\u0119cej-aktynow\u015bci-u\u017cytkownik\u00f3w-Instagram-Trends-wrzesie\u0144-2016.png 986w, https:\/\/www.sotrender.com\/blog\/wp-content\/uploads\/2016\/10\/Najwi\u0119cej-aktynow\u015bci-u\u017cytkownik\u00f3w-Instagram-Trends-wrzesie\u0144-2016-475x435.png 475w, https:\/\/www.sotrender.com\/blog\/wp-content\/uploads\/2016\/10\/Najwi\u0119cej-aktynow\u015bci-u\u017cytkownik\u00f3w-Instagram-Trends-wrzesie\u0144-2016-768x703.png 768w, https:\/\/www.sotrender.com\/blog\/wp-content\/uploads\/2016\/10\/Najwi\u0119cej-aktynow\u015bci-u\u017cytkownik\u00f3w-Instagram-Trends-wrzesie\u0144-2016-950x870.png 950w, https:\/\/www.sotrender.com\/blog\/wp-content\/uploads\/2016\/10\/Najwi\u0119cej-aktynow\u015bci-u\u017cytkownik\u00f3w-Instagram-Trends-wrzesie\u0144-2016-600x549.png 600w\" sizes=\"(max-width: 986px) 100vw, 986px\" \/><\/a><p id=\"caption-attachment-23259\" class=\"wp-caption-text\">Najwi\u0119cej aktywno\u015bci u\u017cytkownik\u00f3w &#8211; Instagram Trends wrzesie\u0144 2016<\/p><\/div>\n<p style=\"text-align: justify;\"><span style=\"font-weight: 400;\">R\u00f3wnie\u017c podobnie jak przed miesi\u0105cem najwi\u0119ksze zaanga\u017cowanie u\u017cytkownik\u00f3w wywo\u0142ywa\u0142y post Suchara Codziennego. Mimo \u017ce obserwuje go oko\u0142o siedem razy mniej u\u017cytkownik\u00f3w ni\u017c Lewandowskiego,  to jego u\u017cytkownicy s\u0105 du\u017co bardziej zaanga\u017cowani w komunikacj\u0119.<\/span><\/p>\n<h2><span style=\"font-weight: 400;\">Wyznanie brata dilera<\/span><\/h2>\n<p style=\"text-align: justify;\"><span style=\"font-weight: 400;\">We wrze\u015bniu r\u00f3wnie\u017c analizowali\u015bmy niezwykle popularny post na Facebooku. Tym razem by\u0142o to wyznanie brata \u201cdilera\u201d. W ciagu jednej doby,  post zobaczy\u0142o ponad milion os\u00f3b. Postanowili\u015bmy tym razem sprawdzi\u0107,  czy wirusowo\u015b\u0107 daje si\u0119 przewidzie\u0107. Chcesz wiedzie\u0107 wi\u0119cej? <a href=\"https:\/\/www.sotrender.com\/blog\/pl\/2016\/09\/wyznajemy-pasta-dilera-viralowe-posty-facebook\/\">Zapraszamy do lektury wpisu!<\/a><\/span><\/p>\n<h2><span style=\"font-weight: 400;\">Zg\u0142o\u015b profil do Instagram Trends!<\/span><\/h2>\n<p style=\"text-align: justify;\"><span style=\"font-weight: 400;\">Ca\u0142y czas dodajemy nowe kategorie i profile do naszego raportu. Je\u015bli znacie profile,  kt\u00f3re powinny znale\u017a\u0107 si\u0119 w Instagram Trends,  wype\u0142nijcie <\/span><a href=\"https:\/\/www.sotrender.pl\/trends\/apply-page\"><span style=\"font-weight: 400;\">ten formularz<\/span><\/a><span style=\"font-weight: 400;\"> lub napiszcie na adres trends@sotrender.com.<\/span><\/p>\n<p>&nbsp;<\/p>\n<h2 style=\"text-align: center;\"><a href=\"https:\/\/www.sotrender.com\/wp-content\/uploads\/2016\/10\/instagram_trends_201609_hl2.pdf\">Pobierz raport Instagram Trends wrzesie\u0144 2016!<\/a><\/h2>\n","protected":false},"excerpt":{"rendered":"<p>Wrzesie\u0144 by\u0142 kolejnym miesi\u0105cem, w kt\u00f3rym zanotowali\u015bmy spadek aktywno\u015bci obserwowanych przez nas profili, kt\u00f3re opublikowa\u0142y \u015brednio 5 % mniej post\u00f3w ni\u017c sierpniu. Najlepszy post miesi\u0105ca opublikowa\u0142 jak zawsze Robert Lewandowski. Co jeszcze dzia\u0142o si\u0119 na Instagramie we wrze\u015bniu? Zapraszamy do lektury najnowszego wydania raportu Instagram Trends przygotowanego przez Sotrender!<\/p>\n","protected":false},"author":49,"featured_media":21729,"comment_status":"open","ping_status":"open","sticky":false,"template":"","format":"standard","meta":{"inline_featured_image":false,"footnotes":""},"categories":[1791,1803],"tags":[615,725,1687,2073],"yoast_head":"<!-- This site is optimized with the Yoast SEO plugin v22.4 - https:\/\/yoast.com\/wordpress\/plugins\/seo\/ -->\n<title>Instagram Trends wrzesie\u0144 2016<\/title>\n<meta name=\"description\" content=\"Co dzia\u0142o si\u0119 we wrze\u015bniu na Instagramie? Zapraszamy do lektury najnowszego wydania raportu Instagram Trends przygotowanego przez Sotrender!\" \/>\n<meta name=\"robots\" content=\"index, follow, max-snippet:-1, max-image-preview:large, max-video-preview:-1\" \/>\n<link rel=\"canonical\" href=\"https:\/\/www.sotrender.com\/blog\/pl\/2016\/10\/instagram-trends-wrzesien-2016\/\" \/>\n<meta property=\"og:locale\" content=\"pl_PL\" \/>\n<meta property=\"og:type\" content=\"article\" \/>\n<meta property=\"og:title\" content=\"Instagram Trends wrzesie\u0144 2016\" \/>\n<meta property=\"og:description\" content=\"Co dzia\u0142o si\u0119 we wrze\u015bniu na Instagramie? Zapraszamy do lektury najnowszego wydania raportu Instagram Trends przygotowanego przez Sotrender!\" \/>\n<meta property=\"og:url\" content=\"https:\/\/www.sotrender.com\/blog\/pl\/2016\/10\/instagram-trends-wrzesien-2016\/\" \/>\n<meta property=\"og:site_name\" content=\"Sotrender Blog\" \/>\n<meta property=\"article:publisher\" content=\"https:\/\/www.facebook.com\/Sotrender\" \/>\n<meta property=\"article:published_time\" content=\"2016-10-04T10:50:09+00:00\" \/>\n<meta property=\"article:modified_time\" content=\"2016-10-04T13:51:00+00:00\" \/>\n<meta property=\"og:image\" content=\"https:\/\/www.sotrender.com\/blog\/wp-content\/uploads\/2016\/03\/header-4-950x634.jpg\" \/>\n\t<meta property=\"og:image:width\" content=\"950\" \/>\n\t<meta property=\"og:image:height\" content=\"634\" \/>\n\t<meta property=\"og:image:type\" content=\"image\/jpeg\" \/>\n<meta name=\"author\" content=\"Micha\u0142 Wieczorek\" \/>\n<meta name=\"twitter:card\" content=\"summary_large_image\" \/>\n<meta name=\"twitter:creator\" content=\"@http:\/\/twitter.com\/eveningo\" \/>\n<meta name=\"twitter:site\" content=\"@Sotrender\" \/>\n<meta name=\"twitter:label1\" content=\"Written by\" \/>\n\t<meta name=\"twitter:data1\" content=\"Micha\u0142 Wieczorek\" \/>\n\t<meta name=\"twitter:label2\" content=\"Est. reading time\" \/>\n\t<meta name=\"twitter:data2\" content=\"2 minutes\" \/>\n<script type=\"application\/ld+json\" class=\"yoast-schema-graph\">{\"@context\":\"https:\/\/schema.org\",\"@graph\":[{\"@type\":\"WebPage\",\"@id\":\"https:\/\/www.sotrender.com\/blog\/pl\/2016\/10\/instagram-trends-wrzesien-2016\/\",\"url\":\"https:\/\/www.sotrender.com\/blog\/pl\/2016\/10\/instagram-trends-wrzesien-2016\/\",\"name\":\"Instagram Trends wrzesie\u0144 2016\",\"isPartOf\":{\"@id\":\"https:\/\/www.sotrender.com\/blog\/#website\"},\"primaryImageOfPage\":{\"@id\":\"https:\/\/www.sotrender.com\/blog\/pl\/2016\/10\/instagram-trends-wrzesien-2016\/#primaryimage\"},\"image\":{\"@id\":\"https:\/\/www.sotrender.com\/blog\/pl\/2016\/10\/instagram-trends-wrzesien-2016\/#primaryimage\"},\"thumbnailUrl\":\"https:\/\/www.sotrender.com\/blog\/wp-content\/uploads\/2016\/03\/header-4.jpg\",\"datePublished\":\"2016-10-04T10:50:09+00:00\",\"dateModified\":\"2016-10-04T13:51:00+00:00\",\"author\":{\"@id\":\"https:\/\/www.sotrender.com\/blog\/#\/schema\/person\/48ed6f8ff39863778de8dd32f58467f5\"},\"description\":\"Co dzia\u0142o si\u0119 we wrze\u015bniu na Instagramie? Zapraszamy do lektury najnowszego wydania raportu Instagram Trends przygotowanego przez Sotrender!\",\"breadcrumb\":{\"@id\":\"https:\/\/www.sotrender.com\/blog\/pl\/2016\/10\/instagram-trends-wrzesien-2016\/#breadcrumb\"},\"inLanguage\":\"pl-PL\",\"potentialAction\":[{\"@type\":\"ReadAction\",\"target\":[\"https:\/\/www.sotrender.com\/blog\/pl\/2016\/10\/instagram-trends-wrzesien-2016\/\"]}]},{\"@type\":\"ImageObject\",\"inLanguage\":\"pl-PL\",\"@id\":\"https:\/\/www.sotrender.com\/blog\/pl\/2016\/10\/instagram-trends-wrzesien-2016\/#primaryimage\",\"url\":\"https:\/\/www.sotrender.com\/blog\/wp-content\/uploads\/2016\/03\/header-4.jpg\",\"contentUrl\":\"https:\/\/www.sotrender.com\/blog\/wp-content\/uploads\/2016\/03\/header-4.jpg\",\"width\":7360,\"height\":4912},{\"@type\":\"BreadcrumbList\",\"@id\":\"https:\/\/www.sotrender.com\/blog\/pl\/2016\/10\/instagram-trends-wrzesien-2016\/#breadcrumb\",\"itemListElement\":[{\"@type\":\"ListItem\",\"position\":1,\"name\":\"Home\",\"item\":\"https:\/\/www.sotrender.com\/blog\/\"},{\"@type\":\"ListItem\",\"position\":2,\"name\":\"Instagram Trends wrzesie\u0144 2016 &#8211; Na Instagramie bez zmian\"}]},{\"@type\":\"WebSite\",\"@id\":\"https:\/\/www.sotrender.com\/blog\/#website\",\"url\":\"https:\/\/www.sotrender.com\/blog\/\",\"name\":\"Sotrender Blog\",\"description\":\"\",\"potentialAction\":[{\"@type\":\"SearchAction\",\"target\":{\"@type\":\"EntryPoint\",\"urlTemplate\":\"https:\/\/www.sotrender.com\/blog\/?s={search_term_string}\"},\"query-input\":\"required name=search_term_string\"}],\"inLanguage\":\"pl-PL\"},{\"@type\":\"Person\",\"@id\":\"https:\/\/www.sotrender.com\/blog\/#\/schema\/person\/48ed6f8ff39863778de8dd32f58467f5\",\"name\":\"Micha\u0142 Wieczorek\",\"image\":{\"@type\":\"ImageObject\",\"inLanguage\":\"pl-PL\",\"@id\":\"https:\/\/www.sotrender.com\/blog\/#\/schema\/person\/image\/\",\"url\":\"https:\/\/secure.gravatar.com\/avatar\/65ceb2020aa2338488b9c5f33c10137f?s=96&d=mm&r=g\",\"contentUrl\":\"https:\/\/secure.gravatar.com\/avatar\/65ceb2020aa2338488b9c5f33c10137f?s=96&d=mm&r=g\",\"caption\":\"Micha\u0142 Wieczorek\"},\"description\":\"Baltic linguist, marketer, and music journalist in his free time. A big fan of good food and even better music.\",\"sameAs\":[\"https:\/\/www.linkedin.com\/in\/michaldwieczorek\",\"https:\/\/twitter.com\/http:\/\/twitter.com\/eveningo\"],\"url\":\"https:\/\/www.sotrender.com\/blog\/pl\/author\/micha_wieczorek\/\"}]}<\/script>\n<!-- \/ Yoast SEO plugin. -->","yoast_head_json":{"title":"Instagram Trends wrzesie\u0144 2016","description":"Co dzia\u0142o si\u0119 we wrze\u015bniu na Instagramie? Zapraszamy do lektury najnowszego wydania raportu Instagram Trends przygotowanego przez Sotrender!","robots":{"index":"index","follow":"follow","max-snippet":"max-snippet:-1","max-image-preview":"max-image-preview:large","max-video-preview":"max-video-preview:-1"},"canonical":"https:\/\/www.sotrender.com\/blog\/pl\/2016\/10\/instagram-trends-wrzesien-2016\/","og_locale":"pl_PL","og_type":"article","og_title":"Instagram Trends wrzesie\u0144 2016","og_description":"Co dzia\u0142o si\u0119 we wrze\u015bniu na Instagramie? Zapraszamy do lektury najnowszego wydania raportu Instagram Trends przygotowanego przez Sotrender!","og_url":"https:\/\/www.sotrender.com\/blog\/pl\/2016\/10\/instagram-trends-wrzesien-2016\/","og_site_name":"Sotrender Blog","article_publisher":"https:\/\/www.facebook.com\/Sotrender","article_published_time":"2016-10-04T10:50:09+00:00","article_modified_time":"2016-10-04T13:51:00+00:00","og_image":[{"width":950,"height":634,"url":"https:\/\/www.sotrender.com\/blog\/wp-content\/uploads\/2016\/03\/header-4-950x634.jpg","type":"image\/jpeg"}],"author":"Micha\u0142 Wieczorek","twitter_card":"summary_large_image","twitter_creator":"@http:\/\/twitter.com\/eveningo","twitter_site":"@Sotrender","twitter_misc":{"Written by":"Micha\u0142 Wieczorek","Est. reading time":"2 minutes"},"schema":{"@context":"https:\/\/schema.org","@graph":[{"@type":"WebPage","@id":"https:\/\/www.sotrender.com\/blog\/pl\/2016\/10\/instagram-trends-wrzesien-2016\/","url":"https:\/\/www.sotrender.com\/blog\/pl\/2016\/10\/instagram-trends-wrzesien-2016\/","name":"Instagram Trends wrzesie\u0144 2016","isPartOf":{"@id":"https:\/\/www.sotrender.com\/blog\/#website"},"primaryImageOfPage":{"@id":"https:\/\/www.sotrender.com\/blog\/pl\/2016\/10\/instagram-trends-wrzesien-2016\/#primaryimage"},"image":{"@id":"https:\/\/www.sotrender.com\/blog\/pl\/2016\/10\/instagram-trends-wrzesien-2016\/#primaryimage"},"thumbnailUrl":"https:\/\/www.sotrender.com\/blog\/wp-content\/uploads\/2016\/03\/header-4.jpg","datePublished":"2016-10-04T10:50:09+00:00","dateModified":"2016-10-04T13:51:00+00:00","author":{"@id":"https:\/\/www.sotrender.com\/blog\/#\/schema\/person\/48ed6f8ff39863778de8dd32f58467f5"},"description":"Co dzia\u0142o si\u0119 we wrze\u015bniu na Instagramie? Zapraszamy do lektury najnowszego wydania raportu Instagram Trends przygotowanego przez Sotrender!","breadcrumb":{"@id":"https:\/\/www.sotrender.com\/blog\/pl\/2016\/10\/instagram-trends-wrzesien-2016\/#breadcrumb"},"inLanguage":"pl-PL","potentialAction":[{"@type":"ReadAction","target":["https:\/\/www.sotrender.com\/blog\/pl\/2016\/10\/instagram-trends-wrzesien-2016\/"]}]},{"@type":"ImageObject","inLanguage":"pl-PL","@id":"https:\/\/www.sotrender.com\/blog\/pl\/2016\/10\/instagram-trends-wrzesien-2016\/#primaryimage","url":"https:\/\/www.sotrender.com\/blog\/wp-content\/uploads\/2016\/03\/header-4.jpg","contentUrl":"https:\/\/www.sotrender.com\/blog\/wp-content\/uploads\/2016\/03\/header-4.jpg","width":7360,"height":4912},{"@type":"BreadcrumbList","@id":"https:\/\/www.sotrender.com\/blog\/pl\/2016\/10\/instagram-trends-wrzesien-2016\/#breadcrumb","itemListElement":[{"@type":"ListItem","position":1,"name":"Home","item":"https:\/\/www.sotrender.com\/blog\/"},{"@type":"ListItem","position":2,"name":"Instagram Trends wrzesie\u0144 2016 &#8211; Na Instagramie bez zmian"}]},{"@type":"WebSite","@id":"https:\/\/www.sotrender.com\/blog\/#website","url":"https:\/\/www.sotrender.com\/blog\/","name":"Sotrender Blog","description":"","potentialAction":[{"@type":"SearchAction","target":{"@type":"EntryPoint","urlTemplate":"https:\/\/www.sotrender.com\/blog\/?s={search_term_string}"},"query-input":"required name=search_term_string"}],"inLanguage":"pl-PL"},{"@type":"Person","@id":"https:\/\/www.sotrender.com\/blog\/#\/schema\/person\/48ed6f8ff39863778de8dd32f58467f5","name":"Micha\u0142 Wieczorek","image":{"@type":"ImageObject","inLanguage":"pl-PL","@id":"https:\/\/www.sotrender.com\/blog\/#\/schema\/person\/image\/","url":"https:\/\/secure.gravatar.com\/avatar\/65ceb2020aa2338488b9c5f33c10137f?s=96&d=mm&r=g","contentUrl":"https:\/\/secure.gravatar.com\/avatar\/65ceb2020aa2338488b9c5f33c10137f?s=96&d=mm&r=g","caption":"Micha\u0142 Wieczorek"},"description":"Baltic linguist, marketer, and music journalist in his free time. A big fan of good food and even better music.","sameAs":["https:\/\/www.linkedin.com\/in\/michaldwieczorek","https:\/\/twitter.com\/http:\/\/twitter.com\/eveningo"],"url":"https:\/\/www.sotrender.com\/blog\/pl\/author\/micha_wieczorek\/"}]}},"_links":{"self":[{"href":"https:\/\/www.sotrender.com\/blog\/pl\/wp-json\/wp\/v2\/posts\/23255"}],"collection":[{"href":"https:\/\/www.sotrender.com\/blog\/pl\/wp-json\/wp\/v2\/posts"}],"about":[{"href":"https:\/\/www.sotrender.com\/blog\/pl\/wp-json\/wp\/v2\/types\/post"}],"author":[{"embeddable":true,"href":"https:\/\/www.sotrender.com\/blog\/pl\/wp-json\/wp\/v2\/users\/49"}],"replies":[{"embeddable":true,"href":"https:\/\/www.sotrender.com\/blog\/pl\/wp-json\/wp\/v2\/comments?post=23255"}],"version-history":[{"count":4,"href":"https:\/\/www.sotrender.com\/blog\/pl\/wp-json\/wp\/v2\/posts\/23255\/revisions"}],"predecessor-version":[{"id":23271,"href":"https:\/\/www.sotrender.com\/blog\/pl\/wp-json\/wp\/v2\/posts\/23255\/revisions\/23271"}],"wp:featuredmedia":[{"embeddable":true,"href":"https:\/\/www.sotrender.com\/blog\/pl\/wp-json\/wp\/v2\/media\/21729"}],"wp:attachment":[{"href":"https:\/\/www.sotrender.com\/blog\/pl\/wp-json\/wp\/v2\/media?parent=23255"}],"wp:term":[{"taxonomy":"category","embeddable":true,"href":"https:\/\/www.sotrender.com\/blog\/pl\/wp-json\/wp\/v2\/categories?post=23255"},{"taxonomy":"post_tag","embeddable":true,"href":"https:\/\/www.sotrender.com\/blog\/pl\/wp-json\/wp\/v2\/tags?post=23255"}],"curies":[{"name":"wp","href":"https:\/\/api.w.org\/{rel}","templated":true}]}}