{"id":23095,"date":"2016-09-05T15:56:15","date_gmt":"2016-09-05T13:56:15","guid":{"rendered":"http:\/\/blog.sotrender.com\/pl\/?p=23095"},"modified":"2017-02-05T10:01:28","modified_gmt":"2017-02-05T09:01:28","slug":"instagram-trends-sierpien-2016-moda-igersi-urlopy","status":"publish","type":"post","link":"https:\/\/www.sotrender.com\/blog\/pl\/2016\/09\/instagram-trends-sierpien-2016-moda-igersi-urlopy\/","title":{"rendered":"Instagram Trends\u00a0sierpie\u0144 2016 &#8211; Moda, igersi i urlopy"},"content":{"rendered":"<p style=\"text-align: justify;\"><span style=\"font-weight: 400;\">Sierpie\u0144 na Instagramie by\u0142 bardzo podobny do lipca &#8211; dominowa\u0142a tematyka wakacyjna. Najlepszy post miesi\u0105ca to zdj\u0119cie Roberta Lewandowskiego z urlopu. R\u00f3wnie\u017c wakacyjna by\u0142a aktywno\u015b\u0107 u\u017cytkownik\u00f3w. W por\u00f3wnaniu do czerwca obserwowane przez nas profile opublikowa\u0142y o 10% mniej, a liczba polubie\u0144 spad\u0142a o 7% w por\u00f3wnaniu do lipca. Co jeszcze dzia\u0142o si\u0119 na Instagramie w sierpniu? Zapraszamy do lektury najnowszego wydania raportu Instagram Trends przygotowanego przez <a href=\"http:\/\/sotrender.com\">Sotrender<\/a>!<\/span><!--more--><\/p>\n<h2><span style=\"font-weight: 400;\">Igersi wszystkich miast \u0142\u0105czcie si\u0119<\/span><\/h2>\n<div id=\"attachment_23097\" style=\"width: 1053px\" class=\"wp-caption aligncenter\"><a href=\"https:\/\/blog.sotrender.com\/wp-content\/uploads\/2016\/09\/Najwi\u0119cej-aktywno\u015bci-w-kategori-Instagramersi-Intagram-Trends-sierpie\u0144-2016.png\"><img loading=\"lazy\" decoding=\"async\" aria-describedby=\"caption-attachment-23097\" class=\"size-full wp-image-23097\" src=\"https:\/\/blog.sotrender.com\/wp-content\/uploads\/2016\/09\/Najwi\u0119cej-aktywno\u015bci-w-kategori-Instagramersi-Intagram-Trends-sierpie\u0144-2016.png\" alt=\"Najwi\u0119cej aktywno\u015bci w kategori Instagramersi - Intagram Trends sierpie\u0144 2016\" width=\"1043\" height=\"923\" srcset=\"https:\/\/www.sotrender.com\/blog\/wp-content\/uploads\/2016\/09\/Najwi\u0119cej-aktywno\u015bci-w-kategori-Instagramersi-Intagram-Trends-sierpie\u0144-2016.png 1043w, https:\/\/www.sotrender.com\/blog\/wp-content\/uploads\/2016\/09\/Najwi\u0119cej-aktywno\u015bci-w-kategori-Instagramersi-Intagram-Trends-sierpie\u0144-2016-475x420.png 475w, https:\/\/www.sotrender.com\/blog\/wp-content\/uploads\/2016\/09\/Najwi\u0119cej-aktywno\u015bci-w-kategori-Instagramersi-Intagram-Trends-sierpie\u0144-2016-768x680.png 768w, https:\/\/www.sotrender.com\/blog\/wp-content\/uploads\/2016\/09\/Najwi\u0119cej-aktywno\u015bci-w-kategori-Instagramersi-Intagram-Trends-sierpie\u0144-2016-950x841.png 950w, https:\/\/www.sotrender.com\/blog\/wp-content\/uploads\/2016\/09\/Najwi\u0119cej-aktywno\u015bci-w-kategori-Instagramersi-Intagram-Trends-sierpie\u0144-2016-600x531.png 600w\" sizes=\"(max-width: 1043px) 100vw, 1043px\" \/><\/a><p id=\"caption-attachment-23097\" class=\"wp-caption-text\">Najwi\u0119cej aktywno\u015bci w kategori Instagramersi &#8211; Intagram Trends sierpie\u0144 2016<\/p><\/div>\n<p style=\"text-align: justify;\"><span style=\"font-weight: 400;\">Wok\u00f3\u0142 Instagram przez kilka lat wyros\u0142a bardzo silna spo\u0142eczno\u015b\u0107, instagramersi, bardziej znani jako igers. Igersi spotykaj\u0105 si\u0119, wspieraj\u0105, robi\u0105 wsp\u00f3lne zdj\u0119cia. Prawie ka\u017cde wi\u0119ksze miasto czy region ma profil swojej spo\u0142eczno\u015bci igers\u00f3w. Od dzisiaj w Instagram Trends mo\u017cecie sprawdzi\u0107, kt\u00f3ra z nich jest najsilniejsza. W premierowym zestawieniu kategorii najwi\u0119cej obserwuj\u0105cych zanotowa\u0142 profil igerswroclaw, przed igerspoland i igerswarsaw. Natomiast najbardziej aktywnych u\u017cytkownik\u00f3w mia\u0142y opr\u00f3cz Wroc\u0142awia profile instagramers\u00f3w z Krakowa i Gda\u0144ska.<\/span><\/p>\n<p style=\"text-align: justify;\"><div class=\"shortcode trial\"><h4><span>Mierz dzia\u0142ania na Instagramie w Sotrenderze!<\/span><a title=\"Wypr\u00f3buj za darmo!\" class=\"btn\" href=\"https:\/\/app.sotrender.com\/auth\/signup\/trial\/pl?utm_source=blog-cta-legacy\">Wypr\u00f3buj za darmo!<\/a><\/h4><\/div><\/p>\n<h2><span style=\"font-weight: 400;\">Modowe blogi w Instagram Trends<\/span><\/h2>\n<div id=\"attachment_23099\" style=\"width: 1014px\" class=\"wp-caption aligncenter\"><a href=\"https:\/\/blog.sotrender.com\/wp-content\/uploads\/2016\/09\/Najwi\u0119cej-obserwuj\u0105cych-w-kategorii-Moda-blogi-Instagram-Trends-sierpie\u0144-2016.png\"><img loading=\"lazy\" decoding=\"async\" aria-describedby=\"caption-attachment-23099\" class=\"wp-image-23099 size-full\" src=\"https:\/\/blog.sotrender.com\/wp-content\/uploads\/2016\/09\/Najwi\u0119cej-obserwuj\u0105cych-w-kategorii-Moda-blogi-Instagram-Trends-sierpie\u0144-2016.png\" alt=\"Najwi\u0119cej obserwuj\u0105cych w kategorii Moda - blogi - Instagram Trends sierpie\u0144 2016\" width=\"1004\" height=\"912\" srcset=\"https:\/\/www.sotrender.com\/blog\/wp-content\/uploads\/2016\/09\/Najwi\u0119cej-obserwuj\u0105cych-w-kategorii-Moda-blogi-Instagram-Trends-sierpie\u0144-2016.png 1004w, https:\/\/www.sotrender.com\/blog\/wp-content\/uploads\/2016\/09\/Najwi\u0119cej-obserwuj\u0105cych-w-kategorii-Moda-blogi-Instagram-Trends-sierpie\u0144-2016-475x431.png 475w, https:\/\/www.sotrender.com\/blog\/wp-content\/uploads\/2016\/09\/Najwi\u0119cej-obserwuj\u0105cych-w-kategorii-Moda-blogi-Instagram-Trends-sierpie\u0144-2016-768x698.png 768w, https:\/\/www.sotrender.com\/blog\/wp-content\/uploads\/2016\/09\/Najwi\u0119cej-obserwuj\u0105cych-w-kategorii-Moda-blogi-Instagram-Trends-sierpie\u0144-2016-950x863.png 950w, https:\/\/www.sotrender.com\/blog\/wp-content\/uploads\/2016\/09\/Najwi\u0119cej-obserwuj\u0105cych-w-kategorii-Moda-blogi-Instagram-Trends-sierpie\u0144-2016-600x545.png 600w\" sizes=\"(max-width: 1004px) 100vw, 1004px\" \/><\/a><p id=\"caption-attachment-23099\" class=\"wp-caption-text\">Najwi\u0119cej obserwuj\u0105cych w kategorii Moda &#8211; blogi &#8211; Instagram Trends sierpie\u0144 2016<\/p><\/div>\n<p style=\"text-align: justify;\"><span style=\"font-weight: 400;\">Jedn\u0105 z najsilniejszych kategorii w raportach Instagram Trends jest \u201cModa &#8211; blogi\u201d. Blogerki (a tak\u017ce blogerzy) modowe s\u0105 ju\u017c niejednokrotnie prawdziwymi celebrytami. Wystarczy wspomnie\u0107 liderki naszych ranking\u00f3w &#8211; Maffashion, Jessic\u0119 Mercedes i Deynn. Ka\u017cd\u0105 z nich obserwuje na Instagramie ponad p\u00f3\u0142 miliona u\u017cytkownik\u00f3w. W sierpniu zanotowali\u015bmy jeden awans w rankingu pod wzgl\u0119dem liczby u\u017cytkownik\u00f3w &#8211; profil GlamPauli zacz\u0119\u0142o obserwowa\u0107 ponad 17 tysi\u0119cy nowych u\u017cytkownik\u00f3w, co zaowocowa\u0142o awansem o jedno oczko, na sz\u00f3ste miejsce. W rankingu aktywno\u015bci profil GlamPauli nalaz\u0142 si\u0119 tu\u017c za podium.<\/span><\/p>\n<h2><span style=\"font-weight: 400;\">Zg\u0142o\u015b profil do Instagram Trends!<\/span><\/h2>\n<p style=\"text-align: justify;\"><span style=\"font-weight: 400;\">Ca\u0142y czas dodajemy nowe kategorie i profile do naszego raportu. Je\u015bli znacie profile, kt\u00f3re powinny znale\u017a\u0107 si\u0119 w Instagram Trends, wype\u0142nijcie <\/span><a href=\"https:\/\/www.sotrender.pl\/trends\/apply-page\"><span style=\"font-weight: 400;\">ten formularz<\/span><\/a><span style=\"font-weight: 400;\"> lub napiszcie na adres <a href=\"mailto:trends@sotrender.com\">trends@sotrender.com<\/a>.<\/span><\/p>\n<h2 style=\"text-align: center;\"><a href=\"https:\/\/blog.sotrender.com\/wp-content\/uploads\/2016\/09\/instagram_trends_201608_hl2-1.pdf\">Pobierz raport Instagram Trends sierpie\u0144 2016!<\/a><\/h2>\n","protected":false},"excerpt":{"rendered":"<p>Sierpie\u0144 na Instagramie by\u0142 bardzo podobny do lipca &#8211; dominowa\u0142a tematyka wakacyjna. Najlepszy post miesi\u0105ca to zdj\u0119cie Roberta Lewandowskiego z urlopu. R\u00f3wnie\u017c wakacyjna by\u0142a aktywno\u015b\u0107 u\u017cytkownik\u00f3w. W por\u00f3wnaniu do czerwca obserwowane przez nas profile opublikowa\u0142y o 10% mniej, a liczba polubie\u0144 spad\u0142a o 7% w por\u00f3wnaniu do lipca. Co jeszcze dzia\u0142o si\u0119 na Instagramie w [&hellip;]<\/p>\n","protected":false},"author":49,"featured_media":21729,"comment_status":"open","ping_status":"open","sticky":false,"template":"","format":"standard","meta":{"inline_featured_image":false,"footnotes":""},"categories":[1791,1803],"tags":[25,615,2073],"yoast_head":"<!-- This site is optimized with the Yoast SEO plugin v22.4 - https:\/\/yoast.com\/wordpress\/plugins\/seo\/ -->\n<title>Instagram Trends sierpie\u0144 2016<\/title>\n<meta name=\"description\" content=\"Co dzia\u0142o si\u0119 na Instagramie w sierpniu? Pobierz raport za darmo!\" \/>\n<meta name=\"robots\" content=\"index, follow, max-snippet:-1, max-image-preview:large, max-video-preview:-1\" \/>\n<link rel=\"canonical\" href=\"https:\/\/www.sotrender.com\/blog\/pl\/2016\/09\/instagram-trends-sierpien-2016-moda-igersi-urlopy\/\" \/>\n<meta property=\"og:locale\" content=\"pl_PL\" \/>\n<meta property=\"og:type\" content=\"article\" \/>\n<meta property=\"og:title\" content=\"Instagram Trends sierpie\u0144 2016\" \/>\n<meta property=\"og:description\" content=\"Co dzia\u0142o si\u0119 na Instagramie w sierpniu? Pobierz raport za darmo!\" \/>\n<meta property=\"og:url\" content=\"https:\/\/www.sotrender.com\/blog\/pl\/2016\/09\/instagram-trends-sierpien-2016-moda-igersi-urlopy\/\" \/>\n<meta property=\"og:site_name\" content=\"Sotrender Blog\" \/>\n<meta property=\"article:publisher\" content=\"https:\/\/www.facebook.com\/Sotrender\" \/>\n<meta property=\"article:published_time\" content=\"2016-09-05T13:56:15+00:00\" \/>\n<meta property=\"article:modified_time\" content=\"2017-02-05T09:01:28+00:00\" \/>\n<meta property=\"og:image\" content=\"https:\/\/www.sotrender.com\/blog\/wp-content\/uploads\/2016\/03\/header-4-950x634.jpg\" \/>\n\t<meta property=\"og:image:width\" content=\"950\" \/>\n\t<meta property=\"og:image:height\" content=\"634\" \/>\n\t<meta property=\"og:image:type\" content=\"image\/jpeg\" \/>\n<meta name=\"author\" content=\"Micha\u0142 Wieczorek\" \/>\n<meta name=\"twitter:card\" content=\"summary_large_image\" \/>\n<meta name=\"twitter:creator\" content=\"@http:\/\/twitter.com\/eveningo\" \/>\n<meta name=\"twitter:site\" content=\"@Sotrender\" \/>\n<meta name=\"twitter:label1\" content=\"Written by\" \/>\n\t<meta name=\"twitter:data1\" content=\"Micha\u0142 Wieczorek\" \/>\n\t<meta name=\"twitter:label2\" content=\"Est. reading time\" \/>\n\t<meta name=\"twitter:data2\" content=\"2 minutes\" \/>\n<script type=\"application\/ld+json\" class=\"yoast-schema-graph\">{\"@context\":\"https:\/\/schema.org\",\"@graph\":[{\"@type\":\"WebPage\",\"@id\":\"https:\/\/www.sotrender.com\/blog\/pl\/2016\/09\/instagram-trends-sierpien-2016-moda-igersi-urlopy\/\",\"url\":\"https:\/\/www.sotrender.com\/blog\/pl\/2016\/09\/instagram-trends-sierpien-2016-moda-igersi-urlopy\/\",\"name\":\"Instagram Trends sierpie\u0144 2016\",\"isPartOf\":{\"@id\":\"https:\/\/www.sotrender.com\/blog\/#website\"},\"primaryImageOfPage\":{\"@id\":\"https:\/\/www.sotrender.com\/blog\/pl\/2016\/09\/instagram-trends-sierpien-2016-moda-igersi-urlopy\/#primaryimage\"},\"image\":{\"@id\":\"https:\/\/www.sotrender.com\/blog\/pl\/2016\/09\/instagram-trends-sierpien-2016-moda-igersi-urlopy\/#primaryimage\"},\"thumbnailUrl\":\"https:\/\/www.sotrender.com\/blog\/wp-content\/uploads\/2016\/03\/header-4.jpg\",\"datePublished\":\"2016-09-05T13:56:15+00:00\",\"dateModified\":\"2017-02-05T09:01:28+00:00\",\"author\":{\"@id\":\"https:\/\/www.sotrender.com\/blog\/#\/schema\/person\/48ed6f8ff39863778de8dd32f58467f5\"},\"description\":\"Co dzia\u0142o si\u0119 na Instagramie w sierpniu? Pobierz raport za darmo!\",\"breadcrumb\":{\"@id\":\"https:\/\/www.sotrender.com\/blog\/pl\/2016\/09\/instagram-trends-sierpien-2016-moda-igersi-urlopy\/#breadcrumb\"},\"inLanguage\":\"pl-PL\",\"potentialAction\":[{\"@type\":\"ReadAction\",\"target\":[\"https:\/\/www.sotrender.com\/blog\/pl\/2016\/09\/instagram-trends-sierpien-2016-moda-igersi-urlopy\/\"]}]},{\"@type\":\"ImageObject\",\"inLanguage\":\"pl-PL\",\"@id\":\"https:\/\/www.sotrender.com\/blog\/pl\/2016\/09\/instagram-trends-sierpien-2016-moda-igersi-urlopy\/#primaryimage\",\"url\":\"https:\/\/www.sotrender.com\/blog\/wp-content\/uploads\/2016\/03\/header-4.jpg\",\"contentUrl\":\"https:\/\/www.sotrender.com\/blog\/wp-content\/uploads\/2016\/03\/header-4.jpg\",\"width\":7360,\"height\":4912},{\"@type\":\"BreadcrumbList\",\"@id\":\"https:\/\/www.sotrender.com\/blog\/pl\/2016\/09\/instagram-trends-sierpien-2016-moda-igersi-urlopy\/#breadcrumb\",\"itemListElement\":[{\"@type\":\"ListItem\",\"position\":1,\"name\":\"Home\",\"item\":\"https:\/\/www.sotrender.com\/blog\/\"},{\"@type\":\"ListItem\",\"position\":2,\"name\":\"Instagram Trends\u00a0sierpie\u0144 2016 &#8211; Moda, igersi i urlopy\"}]},{\"@type\":\"WebSite\",\"@id\":\"https:\/\/www.sotrender.com\/blog\/#website\",\"url\":\"https:\/\/www.sotrender.com\/blog\/\",\"name\":\"Sotrender Blog\",\"description\":\"\",\"potentialAction\":[{\"@type\":\"SearchAction\",\"target\":{\"@type\":\"EntryPoint\",\"urlTemplate\":\"https:\/\/www.sotrender.com\/blog\/?s={search_term_string}\"},\"query-input\":\"required name=search_term_string\"}],\"inLanguage\":\"pl-PL\"},{\"@type\":\"Person\",\"@id\":\"https:\/\/www.sotrender.com\/blog\/#\/schema\/person\/48ed6f8ff39863778de8dd32f58467f5\",\"name\":\"Micha\u0142 Wieczorek\",\"image\":{\"@type\":\"ImageObject\",\"inLanguage\":\"pl-PL\",\"@id\":\"https:\/\/www.sotrender.com\/blog\/#\/schema\/person\/image\/\",\"url\":\"https:\/\/secure.gravatar.com\/avatar\/65ceb2020aa2338488b9c5f33c10137f?s=96&d=mm&r=g\",\"contentUrl\":\"https:\/\/secure.gravatar.com\/avatar\/65ceb2020aa2338488b9c5f33c10137f?s=96&d=mm&r=g\",\"caption\":\"Micha\u0142 Wieczorek\"},\"description\":\"Baltic linguist, marketer, and music journalist in his free time. A big fan of good food and even better music.\",\"sameAs\":[\"https:\/\/www.linkedin.com\/in\/michaldwieczorek\",\"https:\/\/twitter.com\/http:\/\/twitter.com\/eveningo\"],\"url\":\"https:\/\/www.sotrender.com\/blog\/pl\/author\/micha_wieczorek\/\"}]}<\/script>\n<!-- \/ Yoast SEO plugin. -->","yoast_head_json":{"title":"Instagram Trends sierpie\u0144 2016","description":"Co dzia\u0142o si\u0119 na Instagramie w sierpniu? Pobierz raport za darmo!","robots":{"index":"index","follow":"follow","max-snippet":"max-snippet:-1","max-image-preview":"max-image-preview:large","max-video-preview":"max-video-preview:-1"},"canonical":"https:\/\/www.sotrender.com\/blog\/pl\/2016\/09\/instagram-trends-sierpien-2016-moda-igersi-urlopy\/","og_locale":"pl_PL","og_type":"article","og_title":"Instagram Trends sierpie\u0144 2016","og_description":"Co dzia\u0142o si\u0119 na Instagramie w sierpniu? Pobierz raport za darmo!","og_url":"https:\/\/www.sotrender.com\/blog\/pl\/2016\/09\/instagram-trends-sierpien-2016-moda-igersi-urlopy\/","og_site_name":"Sotrender Blog","article_publisher":"https:\/\/www.facebook.com\/Sotrender","article_published_time":"2016-09-05T13:56:15+00:00","article_modified_time":"2017-02-05T09:01:28+00:00","og_image":[{"width":950,"height":634,"url":"https:\/\/www.sotrender.com\/blog\/wp-content\/uploads\/2016\/03\/header-4-950x634.jpg","type":"image\/jpeg"}],"author":"Micha\u0142 Wieczorek","twitter_card":"summary_large_image","twitter_creator":"@http:\/\/twitter.com\/eveningo","twitter_site":"@Sotrender","twitter_misc":{"Written by":"Micha\u0142 Wieczorek","Est. reading time":"2 minutes"},"schema":{"@context":"https:\/\/schema.org","@graph":[{"@type":"WebPage","@id":"https:\/\/www.sotrender.com\/blog\/pl\/2016\/09\/instagram-trends-sierpien-2016-moda-igersi-urlopy\/","url":"https:\/\/www.sotrender.com\/blog\/pl\/2016\/09\/instagram-trends-sierpien-2016-moda-igersi-urlopy\/","name":"Instagram Trends sierpie\u0144 2016","isPartOf":{"@id":"https:\/\/www.sotrender.com\/blog\/#website"},"primaryImageOfPage":{"@id":"https:\/\/www.sotrender.com\/blog\/pl\/2016\/09\/instagram-trends-sierpien-2016-moda-igersi-urlopy\/#primaryimage"},"image":{"@id":"https:\/\/www.sotrender.com\/blog\/pl\/2016\/09\/instagram-trends-sierpien-2016-moda-igersi-urlopy\/#primaryimage"},"thumbnailUrl":"https:\/\/www.sotrender.com\/blog\/wp-content\/uploads\/2016\/03\/header-4.jpg","datePublished":"2016-09-05T13:56:15+00:00","dateModified":"2017-02-05T09:01:28+00:00","author":{"@id":"https:\/\/www.sotrender.com\/blog\/#\/schema\/person\/48ed6f8ff39863778de8dd32f58467f5"},"description":"Co dzia\u0142o si\u0119 na Instagramie w sierpniu? Pobierz raport za darmo!","breadcrumb":{"@id":"https:\/\/www.sotrender.com\/blog\/pl\/2016\/09\/instagram-trends-sierpien-2016-moda-igersi-urlopy\/#breadcrumb"},"inLanguage":"pl-PL","potentialAction":[{"@type":"ReadAction","target":["https:\/\/www.sotrender.com\/blog\/pl\/2016\/09\/instagram-trends-sierpien-2016-moda-igersi-urlopy\/"]}]},{"@type":"ImageObject","inLanguage":"pl-PL","@id":"https:\/\/www.sotrender.com\/blog\/pl\/2016\/09\/instagram-trends-sierpien-2016-moda-igersi-urlopy\/#primaryimage","url":"https:\/\/www.sotrender.com\/blog\/wp-content\/uploads\/2016\/03\/header-4.jpg","contentUrl":"https:\/\/www.sotrender.com\/blog\/wp-content\/uploads\/2016\/03\/header-4.jpg","width":7360,"height":4912},{"@type":"BreadcrumbList","@id":"https:\/\/www.sotrender.com\/blog\/pl\/2016\/09\/instagram-trends-sierpien-2016-moda-igersi-urlopy\/#breadcrumb","itemListElement":[{"@type":"ListItem","position":1,"name":"Home","item":"https:\/\/www.sotrender.com\/blog\/"},{"@type":"ListItem","position":2,"name":"Instagram Trends\u00a0sierpie\u0144 2016 &#8211; Moda, igersi i urlopy"}]},{"@type":"WebSite","@id":"https:\/\/www.sotrender.com\/blog\/#website","url":"https:\/\/www.sotrender.com\/blog\/","name":"Sotrender Blog","description":"","potentialAction":[{"@type":"SearchAction","target":{"@type":"EntryPoint","urlTemplate":"https:\/\/www.sotrender.com\/blog\/?s={search_term_string}"},"query-input":"required name=search_term_string"}],"inLanguage":"pl-PL"},{"@type":"Person","@id":"https:\/\/www.sotrender.com\/blog\/#\/schema\/person\/48ed6f8ff39863778de8dd32f58467f5","name":"Micha\u0142 Wieczorek","image":{"@type":"ImageObject","inLanguage":"pl-PL","@id":"https:\/\/www.sotrender.com\/blog\/#\/schema\/person\/image\/","url":"https:\/\/secure.gravatar.com\/avatar\/65ceb2020aa2338488b9c5f33c10137f?s=96&d=mm&r=g","contentUrl":"https:\/\/secure.gravatar.com\/avatar\/65ceb2020aa2338488b9c5f33c10137f?s=96&d=mm&r=g","caption":"Micha\u0142 Wieczorek"},"description":"Baltic linguist, marketer, and music journalist in his free time. A big fan of good food and even better music.","sameAs":["https:\/\/www.linkedin.com\/in\/michaldwieczorek","https:\/\/twitter.com\/http:\/\/twitter.com\/eveningo"],"url":"https:\/\/www.sotrender.com\/blog\/pl\/author\/micha_wieczorek\/"}]}},"_links":{"self":[{"href":"https:\/\/www.sotrender.com\/blog\/pl\/wp-json\/wp\/v2\/posts\/23095"}],"collection":[{"href":"https:\/\/www.sotrender.com\/blog\/pl\/wp-json\/wp\/v2\/posts"}],"about":[{"href":"https:\/\/www.sotrender.com\/blog\/pl\/wp-json\/wp\/v2\/types\/post"}],"author":[{"embeddable":true,"href":"https:\/\/www.sotrender.com\/blog\/pl\/wp-json\/wp\/v2\/users\/49"}],"replies":[{"embeddable":true,"href":"https:\/\/www.sotrender.com\/blog\/pl\/wp-json\/wp\/v2\/comments?post=23095"}],"version-history":[{"count":10,"href":"https:\/\/www.sotrender.com\/blog\/pl\/wp-json\/wp\/v2\/posts\/23095\/revisions"}],"predecessor-version":[{"id":25119,"href":"https:\/\/www.sotrender.com\/blog\/pl\/wp-json\/wp\/v2\/posts\/23095\/revisions\/25119"}],"wp:featuredmedia":[{"embeddable":true,"href":"https:\/\/www.sotrender.com\/blog\/pl\/wp-json\/wp\/v2\/media\/21729"}],"wp:attachment":[{"href":"https:\/\/www.sotrender.com\/blog\/pl\/wp-json\/wp\/v2\/media?parent=23095"}],"wp:term":[{"taxonomy":"category","embeddable":true,"href":"https:\/\/www.sotrender.com\/blog\/pl\/wp-json\/wp\/v2\/categories?post=23095"},{"taxonomy":"post_tag","embeddable":true,"href":"https:\/\/www.sotrender.com\/blog\/pl\/wp-json\/wp\/v2\/tags?post=23095"}],"curies":[{"name":"wp","href":"https:\/\/api.w.org\/{rel}","templated":true}]}}