{"id":22975,"date":"2016-09-13T13:16:44","date_gmt":"2016-09-13T11:16:44","guid":{"rendered":"http:\/\/blog.sotrender.com\/pl\/?p=22975"},"modified":"2016-09-29T10:08:22","modified_gmt":"2016-09-29T08:08:22","slug":"rekordowy-post-na-facebooku","status":"publish","type":"post","link":"https:\/\/www.sotrender.com\/blog\/pl\/2016\/09\/rekordowy-post-na-facebooku\/","title":{"rendered":"Wielki post ma\u0142ej strony"},"content":{"rendered":"<p style=\"text-align: justify;\"><span style=\"font-weight: 400;\">Niepozorne zdj\u0119cie kartki na desce rozdzielczej samochodu zobaczy\u0142o w ci\u0105gu kilku dni na Facebooku ponad 5 milion\u00f3w os\u00f3b. D<\/span><span style=\"font-weight: 400;\">la por\u00f3wnania,  takie zasi\u0119gi zyskuj\u0105 tylko niekt\u00f3re,  najpopularniejsze posty portali informacyjnych czy stron takich jak Wiedza Bezu\u017cyteczna (od dawna czo\u0142owa strona na FB pod wzgl\u0119dem zaanga\u017cowania). Z takim zasi\u0119giem ten post znalaz\u0142 si\u0119 te\u017c w\u015br\u00f3d najlepszych post\u00f3w w sierpniowym wydaniu Fanpage Trends. \u00a0Jak do tego dosz\u0142o?<\/span><\/p>\n<p style=\"text-align: justify;\"><!--more--><\/p>\n<div id=\"attachment_23177\" style=\"width: 1328px\" class=\"wp-caption aligncenter\"><a href=\"https:\/\/www.sotrender.com\/wp-content\/uploads\/2016\/09\/damian-micha\u0142owski.png\"><img loading=\"lazy\" decoding=\"async\" aria-describedby=\"caption-attachment-23177\" class=\"wp-image-23177 size-full\" src=\"https:\/\/www.sotrender.com\/wp-content\/uploads\/2016\/09\/damian-micha\u0142owski-e1473769822308.png\" alt=\"Wielki post ma\u0142ej strony\" width=\"1318\" height=\"720\" srcset=\"https:\/\/www.sotrender.com\/blog\/wp-content\/uploads\/2016\/09\/damian-micha\u0142owski-e1473769822308.png 1318w, https:\/\/www.sotrender.com\/blog\/wp-content\/uploads\/2016\/09\/damian-micha\u0142owski-e1473769822308-475x259.png 475w, https:\/\/www.sotrender.com\/blog\/wp-content\/uploads\/2016\/09\/damian-micha\u0142owski-e1473769822308-768x420.png 768w, https:\/\/www.sotrender.com\/blog\/wp-content\/uploads\/2016\/09\/damian-micha\u0142owski-e1473769822308-950x519.png 950w, https:\/\/www.sotrender.com\/blog\/wp-content\/uploads\/2016\/09\/damian-micha\u0142owski-e1473769822308-600x328.png 600w\" sizes=\"(max-width: 1318px) 100vw, 1318px\" \/><\/a><p id=\"caption-attachment-23177\" class=\"wp-caption-text\">Wielki post ma\u0142ej strony<\/p><\/div>\n<p style=\"text-align: justify;\"><span style=\"font-weight: 400;\">Zacznijmy od pocz\u0105tku. 2 sierpnia <a href=\"https:\/\/www.facebook.com\/damichalowski\/\">Damian Micha\u0142owski<\/a>,  prezenter Radia ZET i 4fun HITS,  <a href=\"https:\/\/www.facebook.com\/damichalowski\/photos\/a.1459443241018286.1073741828.1459184884377455\/1583336601962282\/?type=1&amp;theater\">zamie\u015bci\u0142 na swojej stronie zdj\u0119cie kartki<\/a> z przeprosinami za brak biletu parkingowego\/zastawienie miejsca parkingowe,  bo w\u0142a\u015bnie rodzi \u017cona. Za wycieraczk\u0119 by\u0142 zatkni\u0119ty bilet parkingowy op\u0142acony przez kogo\u015b \u017cyczliwego. Post zosta\u0142 udost\u0119pniony (stan na 11 sierpnia) prawie 6 tysi\u0119cy razy,  skomentowany 716 razy i zebra\u0142 91 tysi\u0119cy reakcji. Sk\u0105d wzi\u0119\u0142a si\u0119 kartka i pomys\u0142 na wpis? <em>P<\/em><\/span><i style=\"line-height: 1.5;\">omys\u0142 z kartk\u0105 powsta\u0142 po rozmowach z po\u0142o\u017cnymi na szkole rodzenia. Najpierw zadaje si\u0119 pytania o dziecko,  o sam por\u00f3d,  ale w ko\u0144cu wyszed\u0142 temat dojazdu do szpitala. Po\u0142o\u017cna zasugerowa\u0142a napisanie takiej kartki. Przygotowa\u0142em j\u0105 wi\u0119c wcze\u015bniej,  dlatego tak by\u0142a \u0142adnie napisana. Przyjechali\u015bmy wieczorem,  a gdy rano poszed\u0142em po samoch\u00f3d,  okaza\u0142o si\u0119,  \u017ce za wycieraczk\u0105 jest bilet parkingowy na 15 z\u0142otych,  op\u0142acony kart\u0105. <\/i><span style=\"font-weight: 400;\">&#8211; m\u00f3wi nam Damian. Na pocz\u0105tku jednak nie przyzna\u0142 si\u0119,  \u017c\u0119 kartk\u0119 mia\u0142 ju\u017c przygotowan\u0105 zawczasu i na Facebooku mo\u017cna by\u0142o przeczyta\u0107 du\u017co komentarzy,  \u017ce to na pewno by\u0142a ustawka,  \u017ce przecie\u017c w drodze na sal\u0119 porodow\u0105 nikt nie mia\u0142by czasu na tworzenie tak dopracowanych komunikat\u00f3w. Jednak przewa\u017ca\u0142y komentarze pozytywne.<\/span><\/p>\n<div id=\"attachment_22977\" style=\"width: 970px\" class=\"wp-caption aligncenter\"><a href=\"https:\/\/www.sotrender.com\/wp-content\/uploads\/2016\/08\/przyrost-damian-micha\u0142owski.png\"><img loading=\"lazy\" decoding=\"async\" aria-describedby=\"caption-attachment-22977\" class=\"size-full wp-image-22977\" src=\"https:\/\/www.sotrender.com\/wp-content\/uploads\/2016\/08\/przyrost-damian-micha\u0142owski.png\" alt=\"Przyrost komentarzy pod postem Damiana Micha\u0142owskiego\" width=\"960\" height=\"720\" srcset=\"https:\/\/www.sotrender.com\/blog\/wp-content\/uploads\/2016\/08\/przyrost-damian-micha\u0142owski.png 960w, https:\/\/www.sotrender.com\/blog\/wp-content\/uploads\/2016\/08\/przyrost-damian-micha\u0142owski-475x356.png 475w, https:\/\/www.sotrender.com\/blog\/wp-content\/uploads\/2016\/08\/przyrost-damian-micha\u0142owski-768x576.png 768w, https:\/\/www.sotrender.com\/blog\/wp-content\/uploads\/2016\/08\/przyrost-damian-micha\u0142owski-950x713.png 950w, https:\/\/www.sotrender.com\/blog\/wp-content\/uploads\/2016\/08\/przyrost-damian-micha\u0142owski-600x450.png 600w\" sizes=\"(max-width: 960px) 100vw, 960px\" \/><\/a><p id=\"caption-attachment-22977\" class=\"wp-caption-text\">Przyrost komentarzy pod postem Damiana Micha\u0142owskiego<\/p><\/div>\n<p style=\"text-align: justify;\"><span style=\"font-weight: 400;\">Przyrost komentarzy obrazuje powy\u017cszy wykres. Bardzo du\u017co pojawi\u0142o si\u0119 ich nied\u0142ugo po publikacji zdj\u0119cia,  w nocy nast\u0105pi\u0142 gwa\u0142towny spadek,  a od rana nast\u0119pnego dnia zn\u00f3w wzrost. Taki rozk\u0142ad aktywno\u015bci jest bardzo charakterystyczny dla wirusowej dynamiki tre\u015bci. Nic dziwnego,  \u017ce algorytm Facebooka uzna\u0142 to zdj\u0119cia za atrakcyjne dla pi\u0119ciu milion\u00f3w u\u017cytkownik\u00f3w. Mo\u017cna by si\u0119 spodziewa\u0107,  \u017ce za takim rekordem stoi profesjonalista,  wyga znaj\u0105cy najrozmaitsze strategie komunikacyjne. <\/span><i><span style=\"font-weight: 400;\">Jestem Facebookowym laikiem. Fanpage mam od zesz\u0142ego roku,  ale to nie ja go za\u0142o\u017cy\u0142em,  tylko m\u00f3j pracodawca,  Radio ZET. Zrobili to,  \u017ceby mogli mnie oznacza\u0107 w swoich postach.<\/span><\/i><span style=\"font-weight: 400;\"> &#8211; \u015bmieje si\u0119 Damian i dodaje: &#8211;<\/span><i> Jestem jedyn\u0105 osob\u0105,  kt\u00f3ra publikuje na niej tre\u015bci,  ale nie staram si\u0119 jako\u015b bardzo przyci\u0105gn\u0105\u0107 fan\u00f3w. Nie zap\u0142aci\u0142em te\u017c ani z\u0142ot\u00f3wki za jej promocj\u0119. Fanpage mam przede wszystkim do kontaktu ze s\u0142uchaczami i widzami,  bo po prostu lubi\u0119 go mie\u0107. Nie sprawdza\u0142em\u00a0powiadomie\u0144\u00a0przez kilka godzin,  a kiedy to zrobi\u0142em,  okaza\u0142o si\u0119,  \u017ce jest straszny\u00a0sza\u0142. Ogromnie mnie to zaskoczy\u0142o. Tym bardziej,  \u017ce ja niespecjalnie przyk\u0142adam si\u0119 do prowadzenia swojej strony na Facebooku. Oczywi\u015bcie,  s\u0105 ludzie,  kt\u00f3rzy komentuj\u0105 czy udost\u0119pniaj\u0105,  ale to zwykle dziesi\u0105tki,  a nie tysi\u0105ce. A miliony zobaczy\u0142y to\u00a0zdj\u0119cie. Niewyobra\u017calne.<\/i> To tak,  jakby amator biegania pokona\u0142 w zawodach na Igrzyskach Olimpijskich najszybszego cz\u0142owieka na \u015bwiecie,  Usaina Bolta.<\/p>\n<p style=\"text-align: justify;\"><div class=\"shortcode trial\"><h4><span>Mierz dzia\u0142ania na Facebooku w Sotrenderze!<\/span><a title=\"Wypr\u00f3buj za darmo!\" class=\"btn\" href=\"https:\/\/app.sotrender.com\/auth\/signup\/trial\/pl?utm_source=blog-cta-legacy\">Wypr\u00f3buj za darmo!<\/a><\/h4><\/div><strong>\u00a0<\/strong><\/p>\n<h2 style=\"text-align: justify;\">Kogo zaanga\u017cowa\u0142 rekordowy post<\/h2>\n<p style=\"text-align: justify;\"><span style=\"font-weight: 400;\">Te miliony zobaczy\u0142y post tak\u017ce dzi\u0119ki udost\u0119pnieniu przez stron\u0119 4fun.tv,  z ktorymi wsp\u00f3\u0142pracuje Damian. Zn\u00f3w podkre\u015bla,  \u017ce nie by\u0142a to zaplanowana akcja. <\/span><i><span style=\"font-weight: 400;\">Niczego z nimi nie uzgadania\u0142em. 4fun ma w\u0142asny dzia\u0142 social media,  oni zobaczyli,  co si\u0119 dzieje,  udost\u0119pnili m\u00f3j post,  bo wsp\u00f3\u0142pracujemy. No i posz\u0142o.<\/span><\/i><span style=\"font-weight: 400;\"> &#8211; m\u00f3wi nam w rozmowie.<\/span><\/p>\n<p style=\"text-align: justify;\">Zbadali\u015bmy,  sk\u0105d przyszli u\u017cytkownicy reaguj\u0105cy na rekordowy post (<a href=\"https:\/\/www.sotrender.com\/blog\/pl\/2015\/05\/poznaj-zainteresowania-fanow-twojej-marki\/\">dowiedz si\u0119 wi\u0119cej o naszej metodzie badawczej<\/a>). A\u017c 10 tysi\u0119cy os\u00f3b,  kt\u00f3re wesz\u0142y w interakcj\u0119 z postem Damiana to fani strony 4fun.tv. To 17% wszystkich komentuj\u0105cych i lajkuj\u0105cych\u00a0zdj\u0119cie dziennikarza. 4fun udost\u0119pni\u0142 post dopiero nast\u0119pnego dnia,  a on sam ju\u017c wcze\u015bniej rozchodzi\u0142 si\u0119 wiralowo. Du\u017cy odsetek wsp\u00f3lnych zaanga\u017cowanych (10 % i wi\u0119cej) wida\u0107 ze stronami po\u015bwi\u0119conymi rodzicielstwu &#8211; Mum and the City,  oczekujac.pl,  Mamissima i Bakusiowo.<\/p>\n<div id=\"attachment_22979\" style=\"width: 970px\" class=\"wp-caption aligncenter\"><a href=\"https:\/\/www.sotrender.com\/wp-content\/uploads\/2016\/08\/michalowski_wzgledne.png\"><img loading=\"lazy\" decoding=\"async\" aria-describedby=\"caption-attachment-22979\" class=\"wp-image-22979 size-full\" src=\"https:\/\/www.sotrender.com\/wp-content\/uploads\/2016\/08\/michalowski_wzgledne.png\" alt=\"michalowski_wzgledne\" width=\"960\" height=\"720\" srcset=\"https:\/\/www.sotrender.com\/blog\/wp-content\/uploads\/2016\/08\/michalowski_wzgledne.png 960w, https:\/\/www.sotrender.com\/blog\/wp-content\/uploads\/2016\/08\/michalowski_wzgledne-475x356.png 475w, https:\/\/www.sotrender.com\/blog\/wp-content\/uploads\/2016\/08\/michalowski_wzgledne-768x576.png 768w, https:\/\/www.sotrender.com\/blog\/wp-content\/uploads\/2016\/08\/michalowski_wzgledne-950x713.png 950w, https:\/\/www.sotrender.com\/blog\/wp-content\/uploads\/2016\/08\/michalowski_wzgledne-600x450.png 600w\" sizes=\"(max-width: 960px) 100vw, 960px\" \/><\/a><p id=\"caption-attachment-22979\" class=\"wp-caption-text\">Zainteresowania u\u017cytkownik\u00f3w,  kt\u00f3rzy polubili lub skomentowali post Damiana Micha\u0142owskiego (wg procenta wsp\u00f3lnych zaanga\u017cowanych)<\/p><\/div>\n<p>W warto\u015bciach bezwzgl\u0119dnych wygl\u0105da to troch\u0119 inaczej. Najwi\u0119cej u\u017cytkownik\u00f3w udost\u0119pniaj\u0105cych i komentuj\u0105cych anga\u017cuje si\u0119 (tj. lajkuje,  udost\u0119pnia lub komentuje) na stronie Wyznajemy,  popularnego serwisu,  kt\u00f3ry umo\u017cliwia anonimowe dzielenie si\u0119 historiami z w\u0142asnego \u017cycia. W\u0142a\u015bnie takimi,  jak\u0105 podzieli\u0142 si\u0119 Damian. Wysoko znajduj\u0105 si\u0119 tak\u017ce najpopularniejsze polskie strony na Facebooku,  m.in. Wiedza Bezu\u017cyteczna,  Kwejk,  Demotywatory.<\/p>\n<div id=\"attachment_22981\" style=\"width: 970px\" class=\"wp-caption aligncenter\"><a href=\"https:\/\/www.sotrender.com\/wp-content\/uploads\/2016\/08\/michalowski_bezwzgledne.png\"><img loading=\"lazy\" decoding=\"async\" aria-describedby=\"caption-attachment-22981\" class=\"wp-image-22981 size-full\" src=\"https:\/\/www.sotrender.com\/wp-content\/uploads\/2016\/08\/michalowski_bezwzgledne.png\" alt=\"michalowski_bezwzgledne\" width=\"960\" height=\"720\" srcset=\"https:\/\/www.sotrender.com\/blog\/wp-content\/uploads\/2016\/08\/michalowski_bezwzgledne.png 960w, https:\/\/www.sotrender.com\/blog\/wp-content\/uploads\/2016\/08\/michalowski_bezwzgledne-475x356.png 475w, https:\/\/www.sotrender.com\/blog\/wp-content\/uploads\/2016\/08\/michalowski_bezwzgledne-768x576.png 768w, https:\/\/www.sotrender.com\/blog\/wp-content\/uploads\/2016\/08\/michalowski_bezwzgledne-950x713.png 950w, https:\/\/www.sotrender.com\/blog\/wp-content\/uploads\/2016\/08\/michalowski_bezwzgledne-600x450.png 600w\" sizes=\"(max-width: 960px) 100vw, 960px\" \/><\/a><p id=\"caption-attachment-22981\" class=\"wp-caption-text\">Zainteresowania u\u017cytkownik\u00f3w,  k\u00f3rzy polubili lub skomentowali post Damiana Micha\u0142owskiego (wg liczby wsp\u00f3lnych zaanga\u017cowanych)<\/p><\/div>\n<p style=\"text-align: justify;\"><span style=\"font-weight: 400;\">Odpowied\u017a na pytanie,  dlaczego post Damiana tak szeroko rozszed\u0142 si\u0119 po Facebooku jest tylko pozornie trudna. Pami\u0119tajcie,  \u017ce algorytm Facebooka jest tak skonstruowany,  \u017ceby tre\u015bci wywo\u0142uj\u0105ce najwi\u0119ksze zaanga\u017cowanie znajdowa\u0142y si\u0119 w najlepszej pozycji. Tre\u015bci wzbudzaj\u0105ce emocje rozchodz\u0105 si\u0119 jak najszerzej na Facebooku. <a href=\"https:\/\/www.sotrender.com\/2016\/08\/how-does-facebook-algorithm-work\/\">O tym,  jak dzia\u0142a algorytm,  przeczytacie wi\u0119cej w oddzielnym po\u015bcie (w j\u0119zyku angielskim)<\/a>. Jaki wniosek mog\u0105 z tego wyci\u0105gn\u0105\u0107 administratorzy stron firmowych? To kolejny dow\u00f3d na to,  \u017ce na Facebooku du\u017co mocniej anga\u017cuj\u0105 osoby,  a nie marki,  wi\u0119c mo\u017ce czas przesta\u0107 si\u0119 \u015bciga\u0107 z Justinem Bieberem. Z drugiej strony to promyczek nadziei,  \u017ce nawet w dobie coraz wi\u0119kszego ograniczania zasi\u0119gu organicznego,  nawet niewielka strona mo\u017ce odnie\u015b\u0107 wielki sukces zasi\u0119gowy<\/span><\/p>\n","protected":false},"excerpt":{"rendered":"<p>Niepozorne zdj\u0119cie kartki na desce rozdzielczej samochodu zobaczy\u0142o w ci\u0105gu kilku dni na Facebooku ponad 5 milion\u00f3w os\u00f3b. Dla por\u00f3wnania, takie zasi\u0119gi zyskuj\u0105 tylko niekt\u00f3re, najpopularniejsze posty portali informacyjnych czy stron takich jak Wiedza Bezu\u017cyteczna (od dawna czo\u0142owa strona na FB pod wzgl\u0119dem zaanga\u017cowania). Z takim zasi\u0119giem ten post znalaz\u0142 si\u0119 te\u017c w\u015br\u00f3d najlepszych post\u00f3w [&hellip;]<\/p>\n","protected":false},"author":49,"featured_media":22943,"comment_status":"open","ping_status":"open","sticky":false,"template":"","format":"standard","meta":{"inline_featured_image":false,"footnotes":""},"categories":[1793,1797],"tags":[939,2055,2057],"yoast_head":"<!-- This site is optimized with the Yoast SEO plugin v22.4 - https:\/\/yoast.com\/wordpress\/plugins\/seo\/ -->\n<title>Wielki post ma\u0142ej strony \u2013 Sotrender Blog \u2013 Analyze, Benchmark &amp; Report Your Social Media Performance<\/title>\n<meta name=\"description\" content=\"Niepozorne zdj\u0119cie kartki na desce rozdzielczej samochodu zobaczy\u0142o w ci\u0105gu kilku dni na Facebooku ponad 5 milion\u00f3w os\u00f3b. Dla por\u00f3wnania, takie zasi\u0119gi Social Media Marketing &amp; Analytics Blog.\" \/>\n<meta name=\"robots\" content=\"index, follow, max-snippet:-1, max-image-preview:large, max-video-preview:-1\" \/>\n<link rel=\"canonical\" href=\"https:\/\/www.sotrender.com\/blog\/pl\/2016\/09\/rekordowy-post-na-facebooku\/\" \/>\n<meta property=\"og:locale\" content=\"pl_PL\" \/>\n<meta property=\"og:type\" content=\"article\" \/>\n<meta property=\"og:title\" content=\"Wielki post ma\u0142ej strony \u2013 Sotrender Blog \u2013 Analyze, Benchmark &amp; Report Your Social Media Performance\" \/>\n<meta property=\"og:description\" content=\"Niepozorne zdj\u0119cie kartki na desce rozdzielczej samochodu zobaczy\u0142o w ci\u0105gu kilku dni na Facebooku ponad 5 milion\u00f3w os\u00f3b. Dla por\u00f3wnania, takie zasi\u0119gi Social Media Marketing &amp; Analytics Blog.\" \/>\n<meta property=\"og:url\" content=\"https:\/\/www.sotrender.com\/blog\/pl\/2016\/09\/rekordowy-post-na-facebooku\/\" \/>\n<meta property=\"og:site_name\" content=\"Sotrender Blog\" \/>\n<meta property=\"article:publisher\" content=\"https:\/\/www.facebook.com\/Sotrender\" \/>\n<meta property=\"article:published_time\" content=\"2016-09-13T11:16:44+00:00\" \/>\n<meta property=\"article:modified_time\" content=\"2016-09-29T08:08:22+00:00\" \/>\n<meta property=\"og:image\" content=\"https:\/\/www.sotrender.com\/blog\/wp-content\/uploads\/2016\/08\/photo-1450219459203-23bbd1339943-e1470647365119.jpeg\" \/>\n\t<meta property=\"og:image:width\" content=\"4699\" \/>\n\t<meta property=\"og:image:height\" content=\"2302\" \/>\n\t<meta property=\"og:image:type\" content=\"image\/jpeg\" \/>\n<meta name=\"author\" content=\"Micha\u0142 Wieczorek\" \/>\n<meta name=\"twitter:card\" content=\"summary_large_image\" \/>\n<meta name=\"twitter:creator\" content=\"@http:\/\/twitter.com\/eveningo\" \/>\n<meta name=\"twitter:site\" content=\"@Sotrender\" \/>\n<meta name=\"twitter:label1\" content=\"Written by\" \/>\n\t<meta name=\"twitter:data1\" content=\"Micha\u0142 Wieczorek\" \/>\n\t<meta name=\"twitter:label2\" content=\"Est. reading time\" \/>\n\t<meta name=\"twitter:data2\" content=\"5 minutes\" \/>\n<script type=\"application\/ld+json\" class=\"yoast-schema-graph\">{\"@context\":\"https:\/\/schema.org\",\"@graph\":[{\"@type\":\"WebPage\",\"@id\":\"https:\/\/www.sotrender.com\/blog\/pl\/2016\/09\/rekordowy-post-na-facebooku\/\",\"url\":\"https:\/\/www.sotrender.com\/blog\/pl\/2016\/09\/rekordowy-post-na-facebooku\/\",\"name\":\"Wielki post ma\u0142ej strony \u2013 Sotrender Blog \u2013 Analyze, Benchmark & Report Your Social Media Performance\",\"isPartOf\":{\"@id\":\"https:\/\/www.sotrender.com\/blog\/#website\"},\"primaryImageOfPage\":{\"@id\":\"https:\/\/www.sotrender.com\/blog\/pl\/2016\/09\/rekordowy-post-na-facebooku\/#primaryimage\"},\"image\":{\"@id\":\"https:\/\/www.sotrender.com\/blog\/pl\/2016\/09\/rekordowy-post-na-facebooku\/#primaryimage\"},\"thumbnailUrl\":\"https:\/\/www.sotrender.com\/blog\/wp-content\/uploads\/2016\/08\/photo-1450219459203-23bbd1339943-e1470647365119.jpeg\",\"datePublished\":\"2016-09-13T11:16:44+00:00\",\"dateModified\":\"2016-09-29T08:08:22+00:00\",\"author\":{\"@id\":\"https:\/\/www.sotrender.com\/blog\/#\/schema\/person\/48ed6f8ff39863778de8dd32f58467f5\"},\"description\":\"Niepozorne zdj\u0119cie kartki na desce rozdzielczej samochodu zobaczy\u0142o w ci\u0105gu kilku dni na Facebooku ponad 5 milion\u00f3w os\u00f3b. Dla por\u00f3wnania, takie zasi\u0119gi Social Media Marketing & Analytics Blog.\",\"breadcrumb\":{\"@id\":\"https:\/\/www.sotrender.com\/blog\/pl\/2016\/09\/rekordowy-post-na-facebooku\/#breadcrumb\"},\"inLanguage\":\"pl-PL\",\"potentialAction\":[{\"@type\":\"ReadAction\",\"target\":[\"https:\/\/www.sotrender.com\/blog\/pl\/2016\/09\/rekordowy-post-na-facebooku\/\"]}]},{\"@type\":\"ImageObject\",\"inLanguage\":\"pl-PL\",\"@id\":\"https:\/\/www.sotrender.com\/blog\/pl\/2016\/09\/rekordowy-post-na-facebooku\/#primaryimage\",\"url\":\"https:\/\/www.sotrender.com\/blog\/wp-content\/uploads\/2016\/08\/photo-1450219459203-23bbd1339943-e1470647365119.jpeg\",\"contentUrl\":\"https:\/\/www.sotrender.com\/blog\/wp-content\/uploads\/2016\/08\/photo-1450219459203-23bbd1339943-e1470647365119.jpeg\",\"width\":4699,\"height\":2302},{\"@type\":\"BreadcrumbList\",\"@id\":\"https:\/\/www.sotrender.com\/blog\/pl\/2016\/09\/rekordowy-post-na-facebooku\/#breadcrumb\",\"itemListElement\":[{\"@type\":\"ListItem\",\"position\":1,\"name\":\"Home\",\"item\":\"https:\/\/www.sotrender.com\/blog\/\"},{\"@type\":\"ListItem\",\"position\":2,\"name\":\"Wielki post ma\u0142ej strony\"}]},{\"@type\":\"WebSite\",\"@id\":\"https:\/\/www.sotrender.com\/blog\/#website\",\"url\":\"https:\/\/www.sotrender.com\/blog\/\",\"name\":\"Sotrender Blog\",\"description\":\"\",\"potentialAction\":[{\"@type\":\"SearchAction\",\"target\":{\"@type\":\"EntryPoint\",\"urlTemplate\":\"https:\/\/www.sotrender.com\/blog\/?s={search_term_string}\"},\"query-input\":\"required name=search_term_string\"}],\"inLanguage\":\"pl-PL\"},{\"@type\":\"Person\",\"@id\":\"https:\/\/www.sotrender.com\/blog\/#\/schema\/person\/48ed6f8ff39863778de8dd32f58467f5\",\"name\":\"Micha\u0142 Wieczorek\",\"image\":{\"@type\":\"ImageObject\",\"inLanguage\":\"pl-PL\",\"@id\":\"https:\/\/www.sotrender.com\/blog\/#\/schema\/person\/image\/\",\"url\":\"https:\/\/secure.gravatar.com\/avatar\/65ceb2020aa2338488b9c5f33c10137f?s=96&d=mm&r=g\",\"contentUrl\":\"https:\/\/secure.gravatar.com\/avatar\/65ceb2020aa2338488b9c5f33c10137f?s=96&d=mm&r=g\",\"caption\":\"Micha\u0142 Wieczorek\"},\"description\":\"Baltic linguist, marketer, and music journalist in his free time. A big fan of good food and even better music.\",\"sameAs\":[\"https:\/\/www.linkedin.com\/in\/michaldwieczorek\",\"https:\/\/twitter.com\/http:\/\/twitter.com\/eveningo\"],\"url\":\"https:\/\/www.sotrender.com\/blog\/pl\/author\/micha_wieczorek\/\"}]}<\/script>\n<!-- \/ Yoast SEO plugin. -->","yoast_head_json":{"title":"Wielki post ma\u0142ej strony \u2013 Sotrender Blog \u2013 Analyze, Benchmark & Report Your Social Media Performance","description":"Niepozorne zdj\u0119cie kartki na desce rozdzielczej samochodu zobaczy\u0142o w ci\u0105gu kilku dni na Facebooku ponad 5 milion\u00f3w os\u00f3b. Dla por\u00f3wnania, takie zasi\u0119gi Social Media Marketing & Analytics Blog.","robots":{"index":"index","follow":"follow","max-snippet":"max-snippet:-1","max-image-preview":"max-image-preview:large","max-video-preview":"max-video-preview:-1"},"canonical":"https:\/\/www.sotrender.com\/blog\/pl\/2016\/09\/rekordowy-post-na-facebooku\/","og_locale":"pl_PL","og_type":"article","og_title":"Wielki post ma\u0142ej strony \u2013 Sotrender Blog \u2013 Analyze, Benchmark & Report Your Social Media Performance","og_description":"Niepozorne zdj\u0119cie kartki na desce rozdzielczej samochodu zobaczy\u0142o w ci\u0105gu kilku dni na Facebooku ponad 5 milion\u00f3w os\u00f3b. Dla por\u00f3wnania, takie zasi\u0119gi Social Media Marketing & Analytics Blog.","og_url":"https:\/\/www.sotrender.com\/blog\/pl\/2016\/09\/rekordowy-post-na-facebooku\/","og_site_name":"Sotrender Blog","article_publisher":"https:\/\/www.facebook.com\/Sotrender","article_published_time":"2016-09-13T11:16:44+00:00","article_modified_time":"2016-09-29T08:08:22+00:00","og_image":[{"width":4699,"height":2302,"url":"https:\/\/www.sotrender.com\/blog\/wp-content\/uploads\/2016\/08\/photo-1450219459203-23bbd1339943-e1470647365119.jpeg","type":"image\/jpeg"}],"author":"Micha\u0142 Wieczorek","twitter_card":"summary_large_image","twitter_creator":"@http:\/\/twitter.com\/eveningo","twitter_site":"@Sotrender","twitter_misc":{"Written by":"Micha\u0142 Wieczorek","Est. reading time":"5 minutes"},"schema":{"@context":"https:\/\/schema.org","@graph":[{"@type":"WebPage","@id":"https:\/\/www.sotrender.com\/blog\/pl\/2016\/09\/rekordowy-post-na-facebooku\/","url":"https:\/\/www.sotrender.com\/blog\/pl\/2016\/09\/rekordowy-post-na-facebooku\/","name":"Wielki post ma\u0142ej strony \u2013 Sotrender Blog \u2013 Analyze, Benchmark & Report Your Social Media Performance","isPartOf":{"@id":"https:\/\/www.sotrender.com\/blog\/#website"},"primaryImageOfPage":{"@id":"https:\/\/www.sotrender.com\/blog\/pl\/2016\/09\/rekordowy-post-na-facebooku\/#primaryimage"},"image":{"@id":"https:\/\/www.sotrender.com\/blog\/pl\/2016\/09\/rekordowy-post-na-facebooku\/#primaryimage"},"thumbnailUrl":"https:\/\/www.sotrender.com\/blog\/wp-content\/uploads\/2016\/08\/photo-1450219459203-23bbd1339943-e1470647365119.jpeg","datePublished":"2016-09-13T11:16:44+00:00","dateModified":"2016-09-29T08:08:22+00:00","author":{"@id":"https:\/\/www.sotrender.com\/blog\/#\/schema\/person\/48ed6f8ff39863778de8dd32f58467f5"},"description":"Niepozorne zdj\u0119cie kartki na desce rozdzielczej samochodu zobaczy\u0142o w ci\u0105gu kilku dni na Facebooku ponad 5 milion\u00f3w os\u00f3b. Dla por\u00f3wnania, takie zasi\u0119gi Social Media Marketing & Analytics Blog.","breadcrumb":{"@id":"https:\/\/www.sotrender.com\/blog\/pl\/2016\/09\/rekordowy-post-na-facebooku\/#breadcrumb"},"inLanguage":"pl-PL","potentialAction":[{"@type":"ReadAction","target":["https:\/\/www.sotrender.com\/blog\/pl\/2016\/09\/rekordowy-post-na-facebooku\/"]}]},{"@type":"ImageObject","inLanguage":"pl-PL","@id":"https:\/\/www.sotrender.com\/blog\/pl\/2016\/09\/rekordowy-post-na-facebooku\/#primaryimage","url":"https:\/\/www.sotrender.com\/blog\/wp-content\/uploads\/2016\/08\/photo-1450219459203-23bbd1339943-e1470647365119.jpeg","contentUrl":"https:\/\/www.sotrender.com\/blog\/wp-content\/uploads\/2016\/08\/photo-1450219459203-23bbd1339943-e1470647365119.jpeg","width":4699,"height":2302},{"@type":"BreadcrumbList","@id":"https:\/\/www.sotrender.com\/blog\/pl\/2016\/09\/rekordowy-post-na-facebooku\/#breadcrumb","itemListElement":[{"@type":"ListItem","position":1,"name":"Home","item":"https:\/\/www.sotrender.com\/blog\/"},{"@type":"ListItem","position":2,"name":"Wielki post ma\u0142ej strony"}]},{"@type":"WebSite","@id":"https:\/\/www.sotrender.com\/blog\/#website","url":"https:\/\/www.sotrender.com\/blog\/","name":"Sotrender Blog","description":"","potentialAction":[{"@type":"SearchAction","target":{"@type":"EntryPoint","urlTemplate":"https:\/\/www.sotrender.com\/blog\/?s={search_term_string}"},"query-input":"required name=search_term_string"}],"inLanguage":"pl-PL"},{"@type":"Person","@id":"https:\/\/www.sotrender.com\/blog\/#\/schema\/person\/48ed6f8ff39863778de8dd32f58467f5","name":"Micha\u0142 Wieczorek","image":{"@type":"ImageObject","inLanguage":"pl-PL","@id":"https:\/\/www.sotrender.com\/blog\/#\/schema\/person\/image\/","url":"https:\/\/secure.gravatar.com\/avatar\/65ceb2020aa2338488b9c5f33c10137f?s=96&d=mm&r=g","contentUrl":"https:\/\/secure.gravatar.com\/avatar\/65ceb2020aa2338488b9c5f33c10137f?s=96&d=mm&r=g","caption":"Micha\u0142 Wieczorek"},"description":"Baltic linguist, marketer, and music journalist in his free time. A big fan of good food and even better music.","sameAs":["https:\/\/www.linkedin.com\/in\/michaldwieczorek","https:\/\/twitter.com\/http:\/\/twitter.com\/eveningo"],"url":"https:\/\/www.sotrender.com\/blog\/pl\/author\/micha_wieczorek\/"}]}},"_links":{"self":[{"href":"https:\/\/www.sotrender.com\/blog\/pl\/wp-json\/wp\/v2\/posts\/22975"}],"collection":[{"href":"https:\/\/www.sotrender.com\/blog\/pl\/wp-json\/wp\/v2\/posts"}],"about":[{"href":"https:\/\/www.sotrender.com\/blog\/pl\/wp-json\/wp\/v2\/types\/post"}],"author":[{"embeddable":true,"href":"https:\/\/www.sotrender.com\/blog\/pl\/wp-json\/wp\/v2\/users\/49"}],"replies":[{"embeddable":true,"href":"https:\/\/www.sotrender.com\/blog\/pl\/wp-json\/wp\/v2\/comments?post=22975"}],"version-history":[{"count":12,"href":"https:\/\/www.sotrender.com\/blog\/pl\/wp-json\/wp\/v2\/posts\/22975\/revisions"}],"predecessor-version":[{"id":23201,"href":"https:\/\/www.sotrender.com\/blog\/pl\/wp-json\/wp\/v2\/posts\/22975\/revisions\/23201"}],"wp:featuredmedia":[{"embeddable":true,"href":"https:\/\/www.sotrender.com\/blog\/pl\/wp-json\/wp\/v2\/media\/22943"}],"wp:attachment":[{"href":"https:\/\/www.sotrender.com\/blog\/pl\/wp-json\/wp\/v2\/media?parent=22975"}],"wp:term":[{"taxonomy":"category","embeddable":true,"href":"https:\/\/www.sotrender.com\/blog\/pl\/wp-json\/wp\/v2\/categories?post=22975"},{"taxonomy":"post_tag","embeddable":true,"href":"https:\/\/www.sotrender.com\/blog\/pl\/wp-json\/wp\/v2\/tags?post=22975"}],"curies":[{"name":"wp","href":"https:\/\/api.w.org\/{rel}","templated":true}]}}