{"id":22467,"date":"2016-07-04T14:39:12","date_gmt":"2016-07-04T13:39:12","guid":{"rendered":"http:\/\/blog.sotrender.com\/pl\/?p=22467"},"modified":"2017-07-27T20:42:01","modified_gmt":"2017-07-27T18:42:01","slug":"euro2016-polska-portugalia-social-media-analiza","status":"publish","type":"post","link":"https:\/\/www.sotrender.com\/blog\/pl\/2016\/07\/euro2016-polska-portugalia-social-media-analiza\/","title":{"rendered":"Polska &#8211; Portugalia na Euro 2016 &#8211; na taki mecz czekali\u015bmy! [ANALIZA]"},"content":{"rendered":"<p style=\"text-align: justify;\">To by\u0142y trzy tygodnie, o kt\u00f3rych marzyli\u015bmy od dawna. Polska kadra na Euro 2016 dostarczy\u0142a nam ton\u0119 emocji &#8211; nerw\u00f3w, \u015bmiechu, \u0142ez\u2026 Cho\u0107 nasza przygoda zosta\u0142a przerwana przez Portugali\u0119, to z dum\u0105 (przyznamy, \u017ce jednak te\u017c z odrobin\u0105 \u017calu i niedosytu) b\u0119dziemy wspomina\u0107 wyst\u0119py naszej kadry na francuskich stadionach i ju\u017c czekamy\u00a0na eliminacje do Mistrzostw \u015awiata w 2018.<\/p>\n<p><!--more--><\/p>\n<p style=\"text-align: justify;\">Ekipa <a href=\"http:\/\/sotrender.pl\">Sotrendera<\/a> r\u00f3wnie\u017c prze\u017cywa\u0142a, kibicowa\u0142a, obgryza\u0142a paznokcie i p\u0142aka\u0142a, a teraz analizuje i komentuje to, co dzia\u0142o si\u0119 w mediach spo\u0142eczno\u015bciowych przed, w trakcie i po ostatnim meczu Polskich or\u0142\u00f3w na\u00a0Euro 2016.<\/p>\n<p style=\"text-align: justify;\">Dzie\u0144 po meczu w czo\u0142\u00f3wce polskich trend\u00f3w na <strong>Twiterze<\/strong> kr\u00f3lowa\u0142 hashtag <a href=\"https:\/\/twitter.com\/search?q=%23PolandWonEuro2016&amp;src=tyah\">#PolandWonEuro2016<\/a>, ale same wydarzenia meczowe badali\u015bmy ponownie na podstawie\u00a0oficjalnych: <a href=\"https:\/\/twitter.com\/search?q=%23POL&amp;src=typd\">#POL<\/a> i <a href=\"https:\/\/twitter.com\/search?q=%23POR&amp;src=typd\">#POR<\/a>. Mi\u0119dzy godzin\u0105 19.00 w czwartek 30 czerwca a 2.00 w pi\u0105tek 1 lipca, oba u\u017cyte zosta\u0142y\u00a0246 644\u00a0razy w ponad\u00a0171tys.\u00a0tweet\u00f3w a \u0107wierka\u0142o niemal 97 tys. u\u017cytkownik\u00f3w! Analizowane hashtagi jednocze\u015bnie znalaz\u0142y si\u0119 w a\u017c 74 758 postach.<\/p>\n<p style=\"text-align: justify;\">Najwi\u0119cej tweet\u00f3w\u00a0oznaczonych #POL pojawi\u0142o si\u0119\u00a0w wyniku pi\u0119knego gola Lewandowskiego, kt\u00f3ry to by\u0142 drugim najszybciej strzelonym golem w historii pi\u0142karskich Mistrzostw Europy!\u00a0Hashtag #POR si\u0119gn\u0105\u0142 szczyt\u00f3w po golu Renato Sanchesa oraz oczywi\u015bcie w wyniku zwyci\u0119stwa reprezentacji Portugalii w konkursie rzut\u00f3w karnych.\u00a0Na wykresie wyra\u017anie wida\u0107 najwa\u017cniejsze momenty \u0107wier\u0107fina\u0142owego spotkania.<\/p>\n<div id=\"attachment_22471\" style=\"width: 960px\" class=\"wp-caption aligncenter\"><a href=\"https:\/\/www.sotrender.com\/blog\/wp-content\/uploads\/2016\/07\/twittery.png\"><img loading=\"lazy\" decoding=\"async\" aria-describedby=\"caption-attachment-22471\" class=\"wp-image-22471 size-large\" src=\"https:\/\/www.sotrender.com\/blog\/wp-content\/uploads\/2016\/07\/twittery-950x678.png\" alt=\"Hashtagi #POL i #POR na Twiterze w czasie meczu Polska-Portugalia\" width=\"950\" height=\"678\" srcset=\"https:\/\/www.sotrender.com\/blog\/wp-content\/uploads\/2016\/07\/twittery-950x678.png 950w, https:\/\/www.sotrender.com\/blog\/wp-content\/uploads\/2016\/07\/twittery-475x339.png 475w, https:\/\/www.sotrender.com\/blog\/wp-content\/uploads\/2016\/07\/twittery-768x548.png 768w, https:\/\/www.sotrender.com\/blog\/wp-content\/uploads\/2016\/07\/twittery-600x428.png 600w, https:\/\/www.sotrender.com\/blog\/wp-content\/uploads\/2016\/07\/twittery.png 1205w\" sizes=\"(max-width: 950px) 100vw, 950px\" \/><\/a><p id=\"caption-attachment-22471\" class=\"wp-caption-text\">Liczba tweet\u00f3w z hashtagiem #POL i #POR w czasie meczu Polska &#8211; Portugalia na Euro2016.<\/p><\/div>\n<div><\/div>\n<div style=\"text-align: justify;\">Postanowili\u015bmy sprawdzi\u0107 te\u017c\u00a0jak radz\u0105 sobie oficjalne konta kibic\u00f3w na Twitterze.\u00a0<a href=\"https:\/\/twitter.com\/laczynaspilka\">\u0141\u0105czy nas pi\u0142ka<\/a>\u00a0(45 852 obserwuj\u0105cych\u00a0w dniu meczu) przez ca\u0142y czwartek opublikowa\u0142 46 tweet\u00f3w (w tym 7 retweet\u00f3w). Tweety otrzyma\u0142y\u00a089 odpowiedzi, 2 818 retweet\u00f3w i 11 280 polubie\u0144.\u00a0Mimo \u017ce <a href=\"https:\/\/twitter.com\/selecaoportugal\">Sele\u00e7\u00e3o Portugal<\/a>\u00a0(20 3389 fan\u00f3w w dniu meczu) zamie\u015bci\u0142 a\u017c 259 tweet\u00f3w (w tym 173 w\u0142asne) wywo\u0142a\u0142 tylko 21 odpowiedzi, ale ju\u017c 4 187 retweet\u00f3w oraz 30 372 polubie\u0144.<\/div>\n<div style=\"text-align: justify;\"><\/div>\n<div style=\"text-align: justify;\"><div class=\"shortcode trial\"><h4><span>Mierz dzia\u0142ania w social media w Sotrenderze!<\/span><a title=\"Wypr\u00f3buj za darmo!\" class=\"btn\" href=\"https:\/\/app.sotrender.com\/auth\/signup\/trial\/pl?utm_source=blog-cta-legacy\">Wypr\u00f3buj za darmo!<\/a><\/h4><\/div><strong>\u00a0<\/strong><\/div>\n<div>\n<p style=\"text-align: justify;\">Oficjalne profile kibicowskie na Facebooku mi\u0119dzy 20:00 30.06 a 01:00 1.07 zamie\u015bci\u0142y w sumie 66 (w tym 37 Portugalczycy) post\u00f3w a te wywo\u0142a\u0142o reakcj\u0119 w postaci 17 688 komentarzy. Jako nar\u00f3d, kt\u00f3ry zawsze ma co\u015b do powiedzenia, zamie\u015bcili\u015bmy ich na <a href=\"https:\/\/www.facebook.com\/LaczyNasPilka\/\">\u0141\u0105czy Nas Pi\u0142ka<\/a>\u00a0a\u017c o 1 300 wi\u0119cej ni\u017c kibice rywali. Natomiast aktywno\u015bci (polubie\u0144, udost\u0119pnie\u0144, komentarzy) pod profilami by\u0142o a\u017c 1, 5 miliona.<\/p>\n<p style=\"text-align: justify;\">W przypadku <strong>Facebooka<\/strong> lawin\u0119 wywo\u0142a\u0142y g\u0142\u00f3wnie rzuty karne i ostateczny wynik meczu &#8211; rado\u015b\u0107 Portugalczyk\u00f3w, a po naszej stronie potok komentarzy wyra\u017caj\u0105cych dum\u0119, wdzi\u0119czno\u015b\u0107 i podzi\u0119kowania.<\/p>\n<p style=\"text-align: justify;\">Co ciekawe, gol Lewego nie podni\u00f3s\u0142 tu wysoko s\u0142upk\u00f3w a profil <a href=\"https:\/\/www.facebook.com\/selecoesportugal\/\">Sele\u00e7\u00f5es de Portugal<\/a>\u00a0najwyra\u017aniej zupe\u0142nie go przemilcza\u0142. Czy \u015bwiadczy to o tym, \u017ce nie ogl\u0105damy z uwag\u0105 pierwszych minut meczu? A mo\u017ce szybko skupili\u015bmy si\u0119 na kolejnych wydarzeniach?<\/p>\n<div id=\"attachment_22495\" style=\"width: 1610px\" class=\"wp-caption aligncenter\"><a href=\"https:\/\/www.sotrender.com\/blog\/wp-content\/uploads\/2016\/07\/liczba-akcji-na-profilach-reprezentacji.png\"><img loading=\"lazy\" decoding=\"async\" aria-describedby=\"caption-attachment-22495\" class=\"wp-image-22495 size-full\" src=\"https:\/\/www.sotrender.com\/blog\/wp-content\/uploads\/2016\/07\/liczba-akcji-na-profilach-reprezentacji.png\" alt=\"Liczba aktywno\u015bci na stronach reprezentacji w czasie meczu Polska Portugalia\" width=\"1600\" height=\"1200\" srcset=\"https:\/\/www.sotrender.com\/blog\/wp-content\/uploads\/2016\/07\/liczba-akcji-na-profilach-reprezentacji.png 1600w, https:\/\/www.sotrender.com\/blog\/wp-content\/uploads\/2016\/07\/liczba-akcji-na-profilach-reprezentacji-475x356.png 475w, https:\/\/www.sotrender.com\/blog\/wp-content\/uploads\/2016\/07\/liczba-akcji-na-profilach-reprezentacji-768x576.png 768w, https:\/\/www.sotrender.com\/blog\/wp-content\/uploads\/2016\/07\/liczba-akcji-na-profilach-reprezentacji-950x713.png 950w, https:\/\/www.sotrender.com\/blog\/wp-content\/uploads\/2016\/07\/liczba-akcji-na-profilach-reprezentacji-600x450.png 600w\" sizes=\"(max-width: 1600px) 100vw, 1600px\" \/><\/a><p id=\"caption-attachment-22495\" class=\"wp-caption-text\">Liczba aktywno\u015bci na stronach reprezentacji w czasie meczu Polska Portugalia<\/p><\/div>\n<p style=\"text-align: justify;\">Post profilu \u0141\u0105czy nas pi\u0142ka o golu Lewandowskiego zgromadzi\u0142 ponad 290 komentarzy, 1 370 udost\u0119pnie\u0144 i oko\u0142o\u00a027 tys. r\u00f3\u017cnych reakcji.<\/p>\n<div id=\"attachment_22509\" style=\"width: 498px\" class=\"wp-caption aligncenter\"><a href=\"https:\/\/www.sotrender.com\/blog\/wp-content\/uploads\/2016\/07\/golPol.png\"><img loading=\"lazy\" decoding=\"async\" aria-describedby=\"caption-attachment-22509\" class=\"wp-image-22509 size-full\" src=\"https:\/\/www.sotrender.com\/blog\/wp-content\/uploads\/2016\/07\/golPol.png\" alt=\"Post oficjalnego profilu reprezentacji Polski\" width=\"488\" height=\"678\" srcset=\"https:\/\/www.sotrender.com\/blog\/wp-content\/uploads\/2016\/07\/golPol.png 488w, https:\/\/www.sotrender.com\/blog\/wp-content\/uploads\/2016\/07\/golPol-475x660.png 475w\" sizes=\"(max-width: 488px) 100vw, 488px\" \/><\/a><p id=\"caption-attachment-22509\" class=\"wp-caption-text\">Post oficjalnego profilu reprezentacji Polski<\/p><\/div>\n<p style=\"text-align: justify;\">Natomiast post o golu Sanchesa z profilu Sele\u00e7\u00f5es de Portugal &#8211; ponad 1 400 komentarzy, 14 300 udost\u0119pnie\u0144 i 64 tys. reakcji, w tym 199 &#8220;z\u0142o\u015bci&#8221;\u00a0(mo\u017cecie si\u0119 domy\u015bla\u0107, kto najcz\u0119\u015bciej dodawa\u0142 tak\u0105 reakcj\u0119).<\/p>\n<div id=\"attachment_22511\" style=\"width: 505px\" class=\"wp-caption aligncenter\"><a href=\"https:\/\/www.sotrender.com\/blog\/wp-content\/uploads\/2016\/07\/golPor.png\"><img loading=\"lazy\" decoding=\"async\" aria-describedby=\"caption-attachment-22511\" class=\"wp-image-22511 size-full\" src=\"https:\/\/www.sotrender.com\/blog\/wp-content\/uploads\/2016\/07\/golPor.png\" alt=\"Post oficjalnego profilu reprezentacji Portugalii\" width=\"495\" height=\"717\" srcset=\"https:\/\/www.sotrender.com\/blog\/wp-content\/uploads\/2016\/07\/golPor.png 495w, https:\/\/www.sotrender.com\/blog\/wp-content\/uploads\/2016\/07\/golPor-475x688.png 475w\" sizes=\"(max-width: 495px) 100vw, 495px\" \/><\/a><p id=\"caption-attachment-22511\" class=\"wp-caption-text\">Post oficjalnego profilu reprezentacji Portugalii<\/p><\/div>\n<p style=\"text-align: justify;\">Rozk\u0142ad aktywno\u015bci na profilach obu reprezentacji w trakcie meczu wygl\u0105da\u0142 nast\u0119puj\u0105co:<\/p>\n<div id=\"attachment_22505\" style=\"width: 1410px\" class=\"wp-caption aligncenter\"><a href=\"https:\/\/www.sotrender.com\/blog\/wp-content\/uploads\/2016\/07\/euro_typy_akcji.png\"><img loading=\"lazy\" decoding=\"async\" aria-describedby=\"caption-attachment-22505\" class=\"wp-image-22505 size-full\" src=\"https:\/\/www.sotrender.com\/blog\/wp-content\/uploads\/2016\/07\/euro_typy_akcji.png\" alt=\"Typy aktywno\u015bci na stronach reprezentacji Polski i Portugalii podczas meczu \u0107wier\u0107fina\u0142owego na EURO 2016\" width=\"1400\" height=\"1000\" srcset=\"https:\/\/www.sotrender.com\/blog\/wp-content\/uploads\/2016\/07\/euro_typy_akcji.png 1400w, https:\/\/www.sotrender.com\/blog\/wp-content\/uploads\/2016\/07\/euro_typy_akcji-475x339.png 475w, https:\/\/www.sotrender.com\/blog\/wp-content\/uploads\/2016\/07\/euro_typy_akcji-768x549.png 768w, https:\/\/www.sotrender.com\/blog\/wp-content\/uploads\/2016\/07\/euro_typy_akcji-950x679.png 950w, https:\/\/www.sotrender.com\/blog\/wp-content\/uploads\/2016\/07\/euro_typy_akcji-600x429.png 600w\" sizes=\"(max-width: 1400px) 100vw, 1400px\" \/><\/a><p id=\"caption-attachment-22505\" class=\"wp-caption-text\">Typy aktywno\u015bci na stronach reprezentacji Polski i Portugalii podczas meczu \u0107wier\u0107fina\u0142owego na EURO 2016<\/p><\/div>\n<p style=\"text-align: justify;\">Sprawdzili\u015bmy r\u00f3wnie\u017c komu zwi\u0119kszy\u0142a si\u0119 najbardziej liczba fan\u00f3w na oficjalnej stronie. Z ka\u017cdej dru\u017cyny wybrali\u015bmy TOP 5:<\/p>\n<p><a href=\"https:\/\/www.sotrender.com\/blog\/wp-content\/uploads\/2016\/07\/upload.png\"><img loading=\"lazy\" decoding=\"async\" class=\"aligncenter wp-image-22481 size-full\" src=\"https:\/\/www.sotrender.com\/blog\/wp-content\/uploads\/2016\/07\/upload.png\" alt=\"Liczba nowych fan\u00f3w na profilach pi\u0142karzy reprezentacji Polski. Od 29\/06\/2016 17:00 do 01\/07\/2016 15:00.\" width=\"1004\" height=\"535\" srcset=\"https:\/\/www.sotrender.com\/blog\/wp-content\/uploads\/2016\/07\/upload.png 1004w, https:\/\/www.sotrender.com\/blog\/wp-content\/uploads\/2016\/07\/upload-475x253.png 475w, https:\/\/www.sotrender.com\/blog\/wp-content\/uploads\/2016\/07\/upload-768x409.png 768w, https:\/\/www.sotrender.com\/blog\/wp-content\/uploads\/2016\/07\/upload-950x506.png 950w, https:\/\/www.sotrender.com\/blog\/wp-content\/uploads\/2016\/07\/upload-600x320.png 600w\" sizes=\"(max-width: 1004px) 100vw, 1004px\" \/><\/a><\/p>\n<p style=\"text-align: justify;\">Najwi\u0119cej nowych polubie\u0144 otrzyma\u0142 profil najwi\u0119kszego bohatera i jednocze\u015bnie najwi\u0119kszego pechowca tych mistrzostw &#8211; Kuby B\u0142aszczykowskiego, kt\u00f3rego stron\u0119 polubi\u0142o 140 014 u\u017cytkownik\u00f3w. Spo\u015br\u00f3d naszych przeciwnik\u00f3w bezkonkurencyjny by\u0142 Cristiano Ronaldo z 129 643 nowymi polubieniami.<\/p>\n<\/div>\n<p><a href=\"https:\/\/www.sotrender.com\/blog\/wp-content\/uploads\/2016\/07\/upload-2.png\"><img loading=\"lazy\" decoding=\"async\" class=\"aligncenter wp-image-22479 size-large\" src=\"https:\/\/www.sotrender.com\/blog\/wp-content\/uploads\/2016\/07\/upload-2-950x471.png\" alt=\"Liczba nowych fan\u00f3w na profilach pi\u0142karzy reprezentacji Portugalii. Od 29\/06\/2016 17:00 do 01\/07\/2016 15:00.\" width=\"950\" height=\"471\" srcset=\"https:\/\/www.sotrender.com\/blog\/wp-content\/uploads\/2016\/07\/upload-2-950x471.png 950w, https:\/\/www.sotrender.com\/blog\/wp-content\/uploads\/2016\/07\/upload-2-475x235.png 475w, https:\/\/www.sotrender.com\/blog\/wp-content\/uploads\/2016\/07\/upload-2-768x380.png 768w, https:\/\/www.sotrender.com\/blog\/wp-content\/uploads\/2016\/07\/upload-2-600x297.png 600w, https:\/\/www.sotrender.com\/blog\/wp-content\/uploads\/2016\/07\/upload-2.png 1090w\" sizes=\"(max-width: 950px) 100vw, 950px\" \/><\/a><\/p>\n<p style=\"text-align: justify;\">Kuba m\u00f3g\u0142 liczy\u0107 tak\u017ce na wsparcie swego s\u0142awnego fana Russella Crowe&#8217;a, kt\u00f3ry pociesza\u0142 i gratulowa\u0142 na Twitterze:<\/p>\n<div align=\"center\">\n<blockquote class=\"twitter-tweet\" data-lang=\"en-gb\">\n<p dir=\"ltr\" lang=\"en\">Oh man <a href=\"https:\/\/twitter.com\/hashtag\/POL?src=hash\">#POL<\/a> &#8230;. Bad luck. You did great. Be proud. We love you Kuba. You are a hero. Congratulations <a href=\"https:\/\/twitter.com\/hashtag\/POR?src=hash\">#POR<\/a><\/p>\n<p>\u2014 Russell Crowe (@russellcrowe) <a href=\"https:\/\/twitter.com\/russellcrowe\/status\/748633972666683393\">30 June 2016<\/a><\/p><\/blockquote>\n<p><script src=\"\/\/platform.twitter.com\/widgets.js\" async=\"\" charset=\"utf-8\"><\/script><\/p>\n<\/div>\n<p style=\"text-align: center;\"><strong>Nasza walka w ramach Euro2016 si\u0119 zako\u0144czy\u0142a, ale\u00a0rozgrywki nadal trwaj\u0105. Komu teraz kibicujecie? Komentujcie!<\/strong><\/p>\n","protected":false},"excerpt":{"rendered":"<p>To by\u0142y trzy tygodnie, o kt\u00f3rych marzyli\u015bmy od dawna. Polska kadra na Euro 2016 dostarczy\u0142a nam ton\u0119 emocji &#8211; nerw\u00f3w, \u015bmiechu, \u0142ez\u2026 Cho\u0107 nasza przygoda zosta\u0142a przerwana przez Portugali\u0119, to z dum\u0105 (przyznamy, \u017ce jednak te\u017c z odrobin\u0105 \u017calu i niedosytu) b\u0119dziemy wspomina\u0107 wyst\u0119py naszej kadry na francuskich stadionach i ju\u017c czekamy\u00a0na eliminacje do Mistrzostw [&hellip;]<\/p>\n","protected":false},"author":67,"featured_media":22469,"comment_status":"open","ping_status":"open","sticky":false,"template":"","format":"standard","meta":{"inline_featured_image":false,"footnotes":""},"categories":[1793,1797,1799],"tags":[725,1381,2023,2027,2033,17,313,515],"yoast_head":"<!-- This site is optimized with the Yoast SEO plugin v22.4 - https:\/\/yoast.com\/wordpress\/plugins\/seo\/ -->\n<title>Mecz Polska - Portugalia na EURO 2016 i w social media<\/title>\n<meta name=\"description\" content=\"Sprawdzili\u015bmy, jak na mecz \u0107wier\u0107fina\u0142owy reagowa\u0142y media spo\u0142eczno\u015bciowe.\" \/>\n<meta name=\"robots\" content=\"index, follow, max-snippet:-1, max-image-preview:large, max-video-preview:-1\" \/>\n<link rel=\"canonical\" href=\"https:\/\/www.sotrender.com\/blog\/pl\/2016\/07\/euro2016-polska-portugalia-social-media-analiza\/\" \/>\n<meta property=\"og:locale\" content=\"pl_PL\" \/>\n<meta property=\"og:type\" content=\"article\" \/>\n<meta property=\"og:title\" content=\"Mecz Polska - Portugalia na EURO 2016 i w social media\" \/>\n<meta property=\"og:description\" content=\"Sprawdzili\u015bmy, jak na mecz \u0107wier\u0107fina\u0142owy reagowa\u0142y media spo\u0142eczno\u015bciowe.\" \/>\n<meta property=\"og:url\" content=\"https:\/\/www.sotrender.com\/blog\/pl\/2016\/07\/euro2016-polska-portugalia-social-media-analiza\/\" \/>\n<meta property=\"og:site_name\" content=\"Sotrender Blog\" \/>\n<meta property=\"article:publisher\" content=\"https:\/\/www.facebook.com\/Sotrender\" \/>\n<meta property=\"article:author\" content=\"http:\/\/facebook.com\/malgorzata.walendziewska\" \/>\n<meta property=\"article:published_time\" content=\"2016-07-04T13:39:12+00:00\" \/>\n<meta property=\"article:modified_time\" content=\"2017-07-27T18:42:01+00:00\" \/>\n<meta property=\"og:image\" content=\"https:\/\/www.sotrender.com\/blog\/wp-content\/uploads\/2016\/07\/football-1-1551755.jpg\" \/>\n\t<meta property=\"og:image:width\" content=\"2000\" \/>\n\t<meta property=\"og:image:height\" content=\"1500\" \/>\n\t<meta property=\"og:image:type\" content=\"image\/jpeg\" \/>\n<meta name=\"author\" content=\"Ma\u0142gorzata Walendziewska\" \/>\n<meta name=\"twitter:card\" content=\"summary_large_image\" \/>\n<meta name=\"twitter:creator\" content=\"@http:\/\/twitter.com\/malgon007\" \/>\n<meta name=\"twitter:site\" content=\"@Sotrender\" \/>\n<meta name=\"twitter:label1\" content=\"Written by\" \/>\n\t<meta name=\"twitter:data1\" content=\"Ma\u0142gorzata Walendziewska\" \/>\n\t<meta name=\"twitter:label2\" content=\"Est. reading time\" \/>\n\t<meta name=\"twitter:data2\" content=\"4 minutes\" \/>\n<script type=\"application\/ld+json\" class=\"yoast-schema-graph\">{\"@context\":\"https:\/\/schema.org\",\"@graph\":[{\"@type\":\"WebPage\",\"@id\":\"https:\/\/www.sotrender.com\/blog\/pl\/2016\/07\/euro2016-polska-portugalia-social-media-analiza\/\",\"url\":\"https:\/\/www.sotrender.com\/blog\/pl\/2016\/07\/euro2016-polska-portugalia-social-media-analiza\/\",\"name\":\"Mecz Polska - Portugalia na EURO 2016 i w social media\",\"isPartOf\":{\"@id\":\"https:\/\/www.sotrender.com\/blog\/#website\"},\"primaryImageOfPage\":{\"@id\":\"https:\/\/www.sotrender.com\/blog\/pl\/2016\/07\/euro2016-polska-portugalia-social-media-analiza\/#primaryimage\"},\"image\":{\"@id\":\"https:\/\/www.sotrender.com\/blog\/pl\/2016\/07\/euro2016-polska-portugalia-social-media-analiza\/#primaryimage\"},\"thumbnailUrl\":\"https:\/\/www.sotrender.com\/blog\/wp-content\/uploads\/2016\/07\/football-1-1551755.jpg\",\"datePublished\":\"2016-07-04T13:39:12+00:00\",\"dateModified\":\"2017-07-27T18:42:01+00:00\",\"author\":{\"@id\":\"https:\/\/www.sotrender.com\/blog\/#\/schema\/person\/38b3b8bd37a77450406b779c526da5a4\"},\"description\":\"Sprawdzili\u015bmy, jak na mecz \u0107wier\u0107fina\u0142owy reagowa\u0142y media spo\u0142eczno\u015bciowe.\",\"breadcrumb\":{\"@id\":\"https:\/\/www.sotrender.com\/blog\/pl\/2016\/07\/euro2016-polska-portugalia-social-media-analiza\/#breadcrumb\"},\"inLanguage\":\"pl-PL\",\"potentialAction\":[{\"@type\":\"ReadAction\",\"target\":[\"https:\/\/www.sotrender.com\/blog\/pl\/2016\/07\/euro2016-polska-portugalia-social-media-analiza\/\"]}]},{\"@type\":\"ImageObject\",\"inLanguage\":\"pl-PL\",\"@id\":\"https:\/\/www.sotrender.com\/blog\/pl\/2016\/07\/euro2016-polska-portugalia-social-media-analiza\/#primaryimage\",\"url\":\"https:\/\/www.sotrender.com\/blog\/wp-content\/uploads\/2016\/07\/football-1-1551755.jpg\",\"contentUrl\":\"https:\/\/www.sotrender.com\/blog\/wp-content\/uploads\/2016\/07\/football-1-1551755.jpg\",\"width\":2000,\"height\":1500,\"caption\":\"Polska - Portugalia na Euro2016 - jak prze\u017cywali\u015bmy mecz w mediach spo\u0142eczno\u015bciowych\"},{\"@type\":\"BreadcrumbList\",\"@id\":\"https:\/\/www.sotrender.com\/blog\/pl\/2016\/07\/euro2016-polska-portugalia-social-media-analiza\/#breadcrumb\",\"itemListElement\":[{\"@type\":\"ListItem\",\"position\":1,\"name\":\"Home\",\"item\":\"https:\/\/www.sotrender.com\/blog\/\"},{\"@type\":\"ListItem\",\"position\":2,\"name\":\"Polska &#8211; Portugalia na Euro 2016 &#8211; na taki mecz czekali\u015bmy! [ANALIZA]\"}]},{\"@type\":\"WebSite\",\"@id\":\"https:\/\/www.sotrender.com\/blog\/#website\",\"url\":\"https:\/\/www.sotrender.com\/blog\/\",\"name\":\"Sotrender Blog\",\"description\":\"\",\"potentialAction\":[{\"@type\":\"SearchAction\",\"target\":{\"@type\":\"EntryPoint\",\"urlTemplate\":\"https:\/\/www.sotrender.com\/blog\/?s={search_term_string}\"},\"query-input\":\"required name=search_term_string\"}],\"inLanguage\":\"pl-PL\"},{\"@type\":\"Person\",\"@id\":\"https:\/\/www.sotrender.com\/blog\/#\/schema\/person\/38b3b8bd37a77450406b779c526da5a4\",\"name\":\"Ma\u0142gorzata Walendziewska\",\"image\":{\"@type\":\"ImageObject\",\"inLanguage\":\"pl-PL\",\"@id\":\"https:\/\/www.sotrender.com\/blog\/#\/schema\/person\/image\/\",\"url\":\"https:\/\/secure.gravatar.com\/avatar\/49154305532a4107705060f12e80e08e?s=96&d=mm&r=g\",\"contentUrl\":\"https:\/\/secure.gravatar.com\/avatar\/49154305532a4107705060f12e80e08e?s=96&d=mm&r=g\",\"caption\":\"Ma\u0142gorzata Walendziewska\"},\"description\":\"10 years of an experience in social media. Love challenges, learning new stuff, meeting people. Always on the run.\",\"sameAs\":[\"http:\/\/facebook.com\/malgorzata.walendziewska\",\"https:\/\/pl.linkedin.com\/in\/mwalendziewska\",\"https:\/\/twitter.com\/http:\/\/twitter.com\/malgon007\"],\"url\":\"https:\/\/www.sotrender.com\/blog\/pl\/author\/magorzata_walendziewska\/\"}]}<\/script>\n<!-- \/ Yoast SEO plugin. -->","yoast_head_json":{"title":"Mecz Polska - Portugalia na EURO 2016 i w social media","description":"Sprawdzili\u015bmy, jak na mecz \u0107wier\u0107fina\u0142owy reagowa\u0142y media spo\u0142eczno\u015bciowe.","robots":{"index":"index","follow":"follow","max-snippet":"max-snippet:-1","max-image-preview":"max-image-preview:large","max-video-preview":"max-video-preview:-1"},"canonical":"https:\/\/www.sotrender.com\/blog\/pl\/2016\/07\/euro2016-polska-portugalia-social-media-analiza\/","og_locale":"pl_PL","og_type":"article","og_title":"Mecz Polska - Portugalia na EURO 2016 i w social media","og_description":"Sprawdzili\u015bmy, jak na mecz \u0107wier\u0107fina\u0142owy reagowa\u0142y media spo\u0142eczno\u015bciowe.","og_url":"https:\/\/www.sotrender.com\/blog\/pl\/2016\/07\/euro2016-polska-portugalia-social-media-analiza\/","og_site_name":"Sotrender Blog","article_publisher":"https:\/\/www.facebook.com\/Sotrender","article_author":"http:\/\/facebook.com\/malgorzata.walendziewska","article_published_time":"2016-07-04T13:39:12+00:00","article_modified_time":"2017-07-27T18:42:01+00:00","og_image":[{"width":2000,"height":1500,"url":"https:\/\/www.sotrender.com\/blog\/wp-content\/uploads\/2016\/07\/football-1-1551755.jpg","type":"image\/jpeg"}],"author":"Ma\u0142gorzata Walendziewska","twitter_card":"summary_large_image","twitter_creator":"@http:\/\/twitter.com\/malgon007","twitter_site":"@Sotrender","twitter_misc":{"Written by":"Ma\u0142gorzata Walendziewska","Est. reading time":"4 minutes"},"schema":{"@context":"https:\/\/schema.org","@graph":[{"@type":"WebPage","@id":"https:\/\/www.sotrender.com\/blog\/pl\/2016\/07\/euro2016-polska-portugalia-social-media-analiza\/","url":"https:\/\/www.sotrender.com\/blog\/pl\/2016\/07\/euro2016-polska-portugalia-social-media-analiza\/","name":"Mecz Polska - Portugalia na EURO 2016 i w social media","isPartOf":{"@id":"https:\/\/www.sotrender.com\/blog\/#website"},"primaryImageOfPage":{"@id":"https:\/\/www.sotrender.com\/blog\/pl\/2016\/07\/euro2016-polska-portugalia-social-media-analiza\/#primaryimage"},"image":{"@id":"https:\/\/www.sotrender.com\/blog\/pl\/2016\/07\/euro2016-polska-portugalia-social-media-analiza\/#primaryimage"},"thumbnailUrl":"https:\/\/www.sotrender.com\/blog\/wp-content\/uploads\/2016\/07\/football-1-1551755.jpg","datePublished":"2016-07-04T13:39:12+00:00","dateModified":"2017-07-27T18:42:01+00:00","author":{"@id":"https:\/\/www.sotrender.com\/blog\/#\/schema\/person\/38b3b8bd37a77450406b779c526da5a4"},"description":"Sprawdzili\u015bmy, jak na mecz \u0107wier\u0107fina\u0142owy reagowa\u0142y media spo\u0142eczno\u015bciowe.","breadcrumb":{"@id":"https:\/\/www.sotrender.com\/blog\/pl\/2016\/07\/euro2016-polska-portugalia-social-media-analiza\/#breadcrumb"},"inLanguage":"pl-PL","potentialAction":[{"@type":"ReadAction","target":["https:\/\/www.sotrender.com\/blog\/pl\/2016\/07\/euro2016-polska-portugalia-social-media-analiza\/"]}]},{"@type":"ImageObject","inLanguage":"pl-PL","@id":"https:\/\/www.sotrender.com\/blog\/pl\/2016\/07\/euro2016-polska-portugalia-social-media-analiza\/#primaryimage","url":"https:\/\/www.sotrender.com\/blog\/wp-content\/uploads\/2016\/07\/football-1-1551755.jpg","contentUrl":"https:\/\/www.sotrender.com\/blog\/wp-content\/uploads\/2016\/07\/football-1-1551755.jpg","width":2000,"height":1500,"caption":"Polska - Portugalia na Euro2016 - jak prze\u017cywali\u015bmy mecz w mediach spo\u0142eczno\u015bciowych"},{"@type":"BreadcrumbList","@id":"https:\/\/www.sotrender.com\/blog\/pl\/2016\/07\/euro2016-polska-portugalia-social-media-analiza\/#breadcrumb","itemListElement":[{"@type":"ListItem","position":1,"name":"Home","item":"https:\/\/www.sotrender.com\/blog\/"},{"@type":"ListItem","position":2,"name":"Polska &#8211; Portugalia na Euro 2016 &#8211; na taki mecz czekali\u015bmy! [ANALIZA]"}]},{"@type":"WebSite","@id":"https:\/\/www.sotrender.com\/blog\/#website","url":"https:\/\/www.sotrender.com\/blog\/","name":"Sotrender Blog","description":"","potentialAction":[{"@type":"SearchAction","target":{"@type":"EntryPoint","urlTemplate":"https:\/\/www.sotrender.com\/blog\/?s={search_term_string}"},"query-input":"required name=search_term_string"}],"inLanguage":"pl-PL"},{"@type":"Person","@id":"https:\/\/www.sotrender.com\/blog\/#\/schema\/person\/38b3b8bd37a77450406b779c526da5a4","name":"Ma\u0142gorzata Walendziewska","image":{"@type":"ImageObject","inLanguage":"pl-PL","@id":"https:\/\/www.sotrender.com\/blog\/#\/schema\/person\/image\/","url":"https:\/\/secure.gravatar.com\/avatar\/49154305532a4107705060f12e80e08e?s=96&d=mm&r=g","contentUrl":"https:\/\/secure.gravatar.com\/avatar\/49154305532a4107705060f12e80e08e?s=96&d=mm&r=g","caption":"Ma\u0142gorzata Walendziewska"},"description":"10 years of an experience in social media. Love challenges, learning new stuff, meeting people. Always on the run.","sameAs":["http:\/\/facebook.com\/malgorzata.walendziewska","https:\/\/pl.linkedin.com\/in\/mwalendziewska","https:\/\/twitter.com\/http:\/\/twitter.com\/malgon007"],"url":"https:\/\/www.sotrender.com\/blog\/pl\/author\/magorzata_walendziewska\/"}]}},"_links":{"self":[{"href":"https:\/\/www.sotrender.com\/blog\/pl\/wp-json\/wp\/v2\/posts\/22467"}],"collection":[{"href":"https:\/\/www.sotrender.com\/blog\/pl\/wp-json\/wp\/v2\/posts"}],"about":[{"href":"https:\/\/www.sotrender.com\/blog\/pl\/wp-json\/wp\/v2\/types\/post"}],"author":[{"embeddable":true,"href":"https:\/\/www.sotrender.com\/blog\/pl\/wp-json\/wp\/v2\/users\/67"}],"replies":[{"embeddable":true,"href":"https:\/\/www.sotrender.com\/blog\/pl\/wp-json\/wp\/v2\/comments?post=22467"}],"version-history":[{"count":12,"href":"https:\/\/www.sotrender.com\/blog\/pl\/wp-json\/wp\/v2\/posts\/22467\/revisions"}],"predecessor-version":[{"id":29191,"href":"https:\/\/www.sotrender.com\/blog\/pl\/wp-json\/wp\/v2\/posts\/22467\/revisions\/29191"}],"wp:featuredmedia":[{"embeddable":true,"href":"https:\/\/www.sotrender.com\/blog\/pl\/wp-json\/wp\/v2\/media\/22469"}],"wp:attachment":[{"href":"https:\/\/www.sotrender.com\/blog\/pl\/wp-json\/wp\/v2\/media?parent=22467"}],"wp:term":[{"taxonomy":"category","embeddable":true,"href":"https:\/\/www.sotrender.com\/blog\/pl\/wp-json\/wp\/v2\/categories?post=22467"},{"taxonomy":"post_tag","embeddable":true,"href":"https:\/\/www.sotrender.com\/blog\/pl\/wp-json\/wp\/v2\/tags?post=22467"}],"curies":[{"name":"wp","href":"https:\/\/api.w.org\/{rel}","templated":true}]}}