{"id":22421,"date":"2016-06-29T08:06:34","date_gmt":"2016-06-29T07:06:34","guid":{"rendered":"http:\/\/blog.sotrender.com\/pl\/?p=22421"},"modified":"2016-07-04T09:32:38","modified_gmt":"2016-07-04T08:32:38","slug":"polska-szwajcaria-euro-2016","status":"publish","type":"post","link":"https:\/\/www.sotrender.com\/blog\/pl\/2016\/06\/polska-szwajcaria-euro-2016\/","title":{"rendered":"Mecz Polska &#8211; Szwajcaria na Twitterze [ANALIZA]"},"content":{"rendered":"<p style=\"text-align: justify;\">EURO 2016 elektryzuje nie tylko ludzi interesuj\u0105cych si\u0119 pi\u0142k\u0105 no\u017cn\u0105 na co dzie\u0144. Wydarzenia na boisku s\u0105 szeroko i szybko komentowane w social media. W <a href=\"http:\/\/sotrender.pl\/reports\">Sotrenderze<\/a>\u00a0te\u017c \u015bledzimy poczynania polskiej reprezentacji z wypiekami na twarzy i\u00a0sprawdzili\u015bmy,  czy na podstawie\u00a0aktywno\u015bci twitterowicz\u00f3w mo\u017cna odwzorowa\u0107 przebieg meczu (<a href=\"http:\/\/www.sport.pl\/euro2016\/1, 136510, 20233759, euro-2016-grali-polacy-wiec-kibice-zuzyli-mniej-wody.html\">tak jak na podstawie zu\u017cycia wody wiadomo,  kiedy s\u0119dzia ko\u0144czy gr\u0119<\/a>).\u00a0Do analizy wybrali\u015bmy mecz szczeg\u00f3lny,  spotkanie w\u00a0<span style=\"font-weight: 400;\">\u215b fina\u0142u mi\u0119dzy reprezentacjami Polski a Szwajcarii rozgrywane w sobot\u0119 25 czerwca.\u00a0<\/span><br \/>\n<!--more--><\/p>\n<p style=\"text-align: justify;\">W badaniu przeanalizowali\u015bmy aktywno\u015b\u0107\u00a0prawie 3500 kont na Twitterze. Obserwowali\u015bmy tweety wys\u0142ane w sobot\u0119 mi\u0119dzy 14 a 19,  czyli w okresie od godziny przed do godziny po meczu Polska Szwajcaria (kt\u00f3ry,  przypominamy rozstrzygn\u0119\u0142y dopiero rzuty karne). W tym czasie badane profile wys\u0142a\u0142y ponad 60 tysi\u0119cy tweet\u00f3w. Liczba tweet\u00f3w oznaczonych hashtagiem #POL ro\u015bnie wyra\u017anie w kilku punktach.<\/p>\n<div id=\"attachment_22425\" style=\"width: 1235px\" class=\"wp-caption aligncenter\"><a href=\"https:\/\/www.sotrender.com\/wp-content\/uploads\/2016\/06\/tweety-na-meczu-ze-szwajcari\u0105-final-2.png\"><img loading=\"lazy\" decoding=\"async\" aria-describedby=\"caption-attachment-22425\" class=\"size-full wp-image-22425\" src=\"https:\/\/www.sotrender.com\/wp-content\/uploads\/2016\/06\/tweety-na-meczu-ze-szwajcari\u0105-final-2.png\" alt=\"Liczba tweet\u00f3w oznaczonych #POL 25 czerwca 2016\" width=\"1225\" height=\"841\" srcset=\"https:\/\/www.sotrender.com\/blog\/wp-content\/uploads\/2016\/06\/tweety-na-meczu-ze-szwajcari\u0105-final-2.png 1225w, https:\/\/www.sotrender.com\/blog\/wp-content\/uploads\/2016\/06\/tweety-na-meczu-ze-szwajcari\u0105-final-2-475x326.png 475w, https:\/\/www.sotrender.com\/blog\/wp-content\/uploads\/2016\/06\/tweety-na-meczu-ze-szwajcari\u0105-final-2-768x527.png 768w, https:\/\/www.sotrender.com\/blog\/wp-content\/uploads\/2016\/06\/tweety-na-meczu-ze-szwajcari\u0105-final-2-950x652.png 950w, https:\/\/www.sotrender.com\/blog\/wp-content\/uploads\/2016\/06\/tweety-na-meczu-ze-szwajcari\u0105-final-2-600x412.png 600w\" sizes=\"(max-width: 1225px) 100vw, 1225px\" \/><\/a><p id=\"caption-attachment-22425\" class=\"wp-caption-text\">Liczba tweet\u00f3w oznaczonych #POL 25 czerwca 2016<\/p><\/div>\n<p style=\"text-align: justify;\">To pocz\u0105tek meczu,  gol Jakuba B\u0142aszczykowskiego,  wyr\u00f3wnuj\u0105ce trafienie Xherdana Shaqiriego,  koniec meczu,  koniec dogrywki i wreszcie zwyci\u0119stwo Polski w konkursie rzut\u00f3w karnych.<\/p>\n<p><div class=\"shortcode trial\"><h4><span>Mierz dzia\u0142ania na Twitterze w Sotrenderze!<\/span><a title=\"Wypr\u00f3buj za darmo!\" class=\"btn\" href=\"https:\/\/app.sotrender.com\/auth\/signup\/trial\/pl?utm_source=blog-cta-legacy\">Wypr\u00f3buj za darmo!<\/a><\/h4><\/div><strong><br \/>\n<\/strong><\/p>\n<p style=\"text-align: justify;\">Najpopularniejsze hashtagi tego okresu oczywi\u015bcie by\u0142y zwi\u0105zane z pi\u0142k\u0105 no\u017cn\u0105 i badanym przez nas meczem \u215b fina\u0142u &#8211; #POL i #SUI. Twitterowicze cz\u0119sto korzystali tak\u017ce z oficjalnego hashtaga francuskiego turnieju: #EURO2016. W\u015br\u00f3d najcz\u0119\u015bciej u\u017cywanych hashtag\u00f3w znalaz\u0142y si\u0119 tak\u017ce te powi\u0105zane z pozosta\u0142ymi meczami rozgrywanymi 25 czerwca,  czyli Chorwacja &#8211; Portugalia i Walia &#8211; Irlandia P\u00f3\u0142nocna.<\/p>\n<div id=\"attachment_22433\" style=\"width: 842px\" class=\"wp-caption aligncenter\"><a href=\"https:\/\/www.sotrender.com\/wp-content\/uploads\/2016\/06\/hashtagi.png\"><img loading=\"lazy\" decoding=\"async\" aria-describedby=\"caption-attachment-22433\" class=\"size-full wp-image-22433\" src=\"https:\/\/www.sotrender.com\/wp-content\/uploads\/2016\/06\/hashtagi.png\" alt=\"Najpopularniejsze hashtagi w dniu 25 czerwca\" width=\"832\" height=\"826\" srcset=\"https:\/\/www.sotrender.com\/blog\/wp-content\/uploads\/2016\/06\/hashtagi.png 832w, https:\/\/www.sotrender.com\/blog\/wp-content\/uploads\/2016\/06\/hashtagi-475x472.png 475w, https:\/\/www.sotrender.com\/blog\/wp-content\/uploads\/2016\/06\/hashtagi-768x762.png 768w, https:\/\/www.sotrender.com\/blog\/wp-content\/uploads\/2016\/06\/hashtagi-600x596.png 600w, https:\/\/www.sotrender.com\/blog\/wp-content\/uploads\/2016\/06\/hashtagi-80x80.png 80w\" sizes=\"(max-width: 832px) 100vw, 832px\" \/><\/a><p id=\"caption-attachment-22433\" class=\"wp-caption-text\">Najpopularniejsze hashtagi w dniu 25 czerwca<\/p><\/div>\n<p style=\"text-align: justify;\">Tweetowa\u0142 tak\u017ce,  do czego przywykli\u015bmy,  Russel Crowe,  kt\u00f3ry podczas EURO 2016\u00a0ujawni\u0142 si\u0119 jako kibic reprezentacji Polski i fan Kuby B\u0142aszczykowskiego. Podobnie,  jak przy okazji jego poprzednich tweet\u00f3w komentuj\u0105cych gr\u0119 Polak\u00f3w we Francji,  tak\u017ce i ten gratuluj\u0105cy naszym or\u0142om awans do \u0107wier\u0107fina\u0142u,  rozszed\u0142 si\u0119 bardzo szeroko po Twitterze.<\/p>\n<div align=\"center\">\n<blockquote class=\"twitter-tweet\" data-lang=\"en\">\n<p dir=\"ltr\" lang=\"en\"><a href=\"https:\/\/twitter.com\/hashtag\/POL?src=hash\">#POL<\/a> !!! Final 8!!! <a href=\"https:\/\/twitter.com\/hashtag\/UEFAEURO2016?src=hash\">#UEFAEURO2016<\/a><\/p>\n<p>\u2014 Russell Crowe (@russellcrowe) <a href=\"https:\/\/twitter.com\/russellcrowe\/status\/746731579788124160\">June 25,  2016<\/a><\/p><\/blockquote>\n<p><script src=\"\/\/platform.twitter.com\/widgets.js\" async=\"\" charset=\"utf-8\"><\/script><\/p>\n<\/div>\n<p style=\"text-align: center;\"><strong>Mamy nadziej\u0119,  \u017ce\u00a0australijski aktor b\u0119dzie si\u0119 tak samo cieszy\u0142 jutro\u00a0wieczorem!<\/strong><\/p>\n","protected":false},"excerpt":{"rendered":"<p>EURO 2016 elektryzuje nie tylko ludzi interesuj\u0105cych si\u0119 pi\u0142k\u0105 no\u017cn\u0105 na co dzie\u0144. Wydarzenia na boisku s\u0105 szeroko i szybko komentowane w social media. W Sotrenderze\u00a0te\u017c \u015bledzimy poczynania polskiej reprezentacji z wypiekami na twarzy i\u00a0sprawdzili\u015bmy, czy na podstawie\u00a0aktywno\u015bci twitterowicz\u00f3w mo\u017cna odwzorowa\u0107 przebieg meczu (tak jak na podstawie zu\u017cycia wody wiadomo, kiedy s\u0119dzia ko\u0144czy gr\u0119).\u00a0Do analizy [&hellip;]<\/p>\n","protected":false},"author":49,"featured_media":22431,"comment_status":"open","ping_status":"open","sticky":false,"template":"","format":"standard","meta":{"inline_featured_image":false,"footnotes":""},"categories":[1793,1799],"tags":[313,515,725,2023,2027,2031,2033],"yoast_head":"<!-- This site is optimized with the Yoast SEO plugin v22.4 - https:\/\/yoast.com\/wordpress\/plugins\/seo\/ -->\n<title>Mecz Polska - Szwajcaria na EURO 2016<\/title>\n<meta name=\"description\" content=\"Sprawdzili\u015bmy, czy na Twitterze wida\u0107 przebieg mecz\u00f3w na EURO 2016 we Francji.\" \/>\n<meta name=\"robots\" content=\"index, follow, max-snippet:-1, max-image-preview:large, max-video-preview:-1\" \/>\n<link rel=\"canonical\" href=\"https:\/\/www.sotrender.com\/blog\/pl\/2016\/06\/polska-szwajcaria-euro-2016\/\" \/>\n<meta property=\"og:locale\" content=\"pl_PL\" \/>\n<meta property=\"og:type\" content=\"article\" \/>\n<meta property=\"og:title\" content=\"Mecz Polska - Szwajcaria na EURO 2016\" \/>\n<meta property=\"og:description\" content=\"Sprawdzili\u015bmy, czy na Twitterze wida\u0107 przebieg mecz\u00f3w na EURO 2016 we Francji.\" \/>\n<meta property=\"og:url\" content=\"https:\/\/www.sotrender.com\/blog\/pl\/2016\/06\/polska-szwajcaria-euro-2016\/\" \/>\n<meta property=\"og:site_name\" content=\"Sotrender Blog\" \/>\n<meta property=\"article:publisher\" content=\"https:\/\/www.facebook.com\/Sotrender\" \/>\n<meta property=\"article:published_time\" content=\"2016-06-29T07:06:34+00:00\" \/>\n<meta property=\"article:modified_time\" content=\"2016-07-04T08:32:38+00:00\" \/>\n<meta property=\"og:image\" content=\"https:\/\/www.sotrender.com\/blog\/wp-content\/uploads\/2016\/06\/stadion-header-2-950x534.jpg\" \/>\n\t<meta property=\"og:image:width\" content=\"950\" \/>\n\t<meta property=\"og:image:height\" content=\"534\" \/>\n\t<meta property=\"og:image:type\" content=\"image\/jpeg\" \/>\n<meta name=\"author\" content=\"Micha\u0142 Wieczorek\" \/>\n<meta name=\"twitter:card\" content=\"summary_large_image\" \/>\n<meta name=\"twitter:creator\" content=\"@http:\/\/twitter.com\/eveningo\" \/>\n<meta name=\"twitter:site\" content=\"@Sotrender\" \/>\n<meta name=\"twitter:label1\" content=\"Written by\" \/>\n\t<meta name=\"twitter:data1\" content=\"Micha\u0142 Wieczorek\" \/>\n\t<meta name=\"twitter:label2\" content=\"Est. reading time\" \/>\n\t<meta name=\"twitter:data2\" content=\"2 minutes\" \/>\n<script type=\"application\/ld+json\" class=\"yoast-schema-graph\">{\"@context\":\"https:\/\/schema.org\",\"@graph\":[{\"@type\":\"WebPage\",\"@id\":\"https:\/\/www.sotrender.com\/blog\/pl\/2016\/06\/polska-szwajcaria-euro-2016\/\",\"url\":\"https:\/\/www.sotrender.com\/blog\/pl\/2016\/06\/polska-szwajcaria-euro-2016\/\",\"name\":\"Mecz Polska - Szwajcaria na EURO 2016\",\"isPartOf\":{\"@id\":\"https:\/\/www.sotrender.com\/blog\/#website\"},\"primaryImageOfPage\":{\"@id\":\"https:\/\/www.sotrender.com\/blog\/pl\/2016\/06\/polska-szwajcaria-euro-2016\/#primaryimage\"},\"image\":{\"@id\":\"https:\/\/www.sotrender.com\/blog\/pl\/2016\/06\/polska-szwajcaria-euro-2016\/#primaryimage\"},\"thumbnailUrl\":\"https:\/\/www.sotrender.com\/blog\/wp-content\/uploads\/2016\/06\/stadion-header-2.jpg\",\"datePublished\":\"2016-06-29T07:06:34+00:00\",\"dateModified\":\"2016-07-04T08:32:38+00:00\",\"author\":{\"@id\":\"https:\/\/www.sotrender.com\/blog\/#\/schema\/person\/48ed6f8ff39863778de8dd32f58467f5\"},\"description\":\"Sprawdzili\u015bmy, czy na Twitterze wida\u0107 przebieg mecz\u00f3w na EURO 2016 we Francji.\",\"breadcrumb\":{\"@id\":\"https:\/\/www.sotrender.com\/blog\/pl\/2016\/06\/polska-szwajcaria-euro-2016\/#breadcrumb\"},\"inLanguage\":\"pl-PL\",\"potentialAction\":[{\"@type\":\"ReadAction\",\"target\":[\"https:\/\/www.sotrender.com\/blog\/pl\/2016\/06\/polska-szwajcaria-euro-2016\/\"]}]},{\"@type\":\"ImageObject\",\"inLanguage\":\"pl-PL\",\"@id\":\"https:\/\/www.sotrender.com\/blog\/pl\/2016\/06\/polska-szwajcaria-euro-2016\/#primaryimage\",\"url\":\"https:\/\/www.sotrender.com\/blog\/wp-content\/uploads\/2016\/06\/stadion-header-2.jpg\",\"contentUrl\":\"https:\/\/www.sotrender.com\/blog\/wp-content\/uploads\/2016\/06\/stadion-header-2.jpg\",\"width\":4160,\"height\":2340},{\"@type\":\"BreadcrumbList\",\"@id\":\"https:\/\/www.sotrender.com\/blog\/pl\/2016\/06\/polska-szwajcaria-euro-2016\/#breadcrumb\",\"itemListElement\":[{\"@type\":\"ListItem\",\"position\":1,\"name\":\"Home\",\"item\":\"https:\/\/www.sotrender.com\/blog\/\"},{\"@type\":\"ListItem\",\"position\":2,\"name\":\"Mecz Polska &#8211; Szwajcaria na Twitterze [ANALIZA]\"}]},{\"@type\":\"WebSite\",\"@id\":\"https:\/\/www.sotrender.com\/blog\/#website\",\"url\":\"https:\/\/www.sotrender.com\/blog\/\",\"name\":\"Sotrender Blog\",\"description\":\"\",\"potentialAction\":[{\"@type\":\"SearchAction\",\"target\":{\"@type\":\"EntryPoint\",\"urlTemplate\":\"https:\/\/www.sotrender.com\/blog\/?s={search_term_string}\"},\"query-input\":\"required name=search_term_string\"}],\"inLanguage\":\"pl-PL\"},{\"@type\":\"Person\",\"@id\":\"https:\/\/www.sotrender.com\/blog\/#\/schema\/person\/48ed6f8ff39863778de8dd32f58467f5\",\"name\":\"Micha\u0142 Wieczorek\",\"image\":{\"@type\":\"ImageObject\",\"inLanguage\":\"pl-PL\",\"@id\":\"https:\/\/www.sotrender.com\/blog\/#\/schema\/person\/image\/\",\"url\":\"https:\/\/secure.gravatar.com\/avatar\/65ceb2020aa2338488b9c5f33c10137f?s=96&d=mm&r=g\",\"contentUrl\":\"https:\/\/secure.gravatar.com\/avatar\/65ceb2020aa2338488b9c5f33c10137f?s=96&d=mm&r=g\",\"caption\":\"Micha\u0142 Wieczorek\"},\"description\":\"Baltic linguist, marketer, and music journalist in his free time. A big fan of good food and even better music.\",\"sameAs\":[\"https:\/\/www.linkedin.com\/in\/michaldwieczorek\",\"https:\/\/twitter.com\/http:\/\/twitter.com\/eveningo\"],\"url\":\"https:\/\/www.sotrender.com\/blog\/pl\/author\/micha_wieczorek\/\"}]}<\/script>\n<!-- \/ Yoast SEO plugin. -->","yoast_head_json":{"title":"Mecz Polska - Szwajcaria na EURO 2016","description":"Sprawdzili\u015bmy, czy na Twitterze wida\u0107 przebieg mecz\u00f3w na EURO 2016 we Francji.","robots":{"index":"index","follow":"follow","max-snippet":"max-snippet:-1","max-image-preview":"max-image-preview:large","max-video-preview":"max-video-preview:-1"},"canonical":"https:\/\/www.sotrender.com\/blog\/pl\/2016\/06\/polska-szwajcaria-euro-2016\/","og_locale":"pl_PL","og_type":"article","og_title":"Mecz Polska - Szwajcaria na EURO 2016","og_description":"Sprawdzili\u015bmy, czy na Twitterze wida\u0107 przebieg mecz\u00f3w na EURO 2016 we Francji.","og_url":"https:\/\/www.sotrender.com\/blog\/pl\/2016\/06\/polska-szwajcaria-euro-2016\/","og_site_name":"Sotrender Blog","article_publisher":"https:\/\/www.facebook.com\/Sotrender","article_published_time":"2016-06-29T07:06:34+00:00","article_modified_time":"2016-07-04T08:32:38+00:00","og_image":[{"width":950,"height":534,"url":"https:\/\/www.sotrender.com\/blog\/wp-content\/uploads\/2016\/06\/stadion-header-2-950x534.jpg","type":"image\/jpeg"}],"author":"Micha\u0142 Wieczorek","twitter_card":"summary_large_image","twitter_creator":"@http:\/\/twitter.com\/eveningo","twitter_site":"@Sotrender","twitter_misc":{"Written by":"Micha\u0142 Wieczorek","Est. reading time":"2 minutes"},"schema":{"@context":"https:\/\/schema.org","@graph":[{"@type":"WebPage","@id":"https:\/\/www.sotrender.com\/blog\/pl\/2016\/06\/polska-szwajcaria-euro-2016\/","url":"https:\/\/www.sotrender.com\/blog\/pl\/2016\/06\/polska-szwajcaria-euro-2016\/","name":"Mecz Polska - Szwajcaria na EURO 2016","isPartOf":{"@id":"https:\/\/www.sotrender.com\/blog\/#website"},"primaryImageOfPage":{"@id":"https:\/\/www.sotrender.com\/blog\/pl\/2016\/06\/polska-szwajcaria-euro-2016\/#primaryimage"},"image":{"@id":"https:\/\/www.sotrender.com\/blog\/pl\/2016\/06\/polska-szwajcaria-euro-2016\/#primaryimage"},"thumbnailUrl":"https:\/\/www.sotrender.com\/blog\/wp-content\/uploads\/2016\/06\/stadion-header-2.jpg","datePublished":"2016-06-29T07:06:34+00:00","dateModified":"2016-07-04T08:32:38+00:00","author":{"@id":"https:\/\/www.sotrender.com\/blog\/#\/schema\/person\/48ed6f8ff39863778de8dd32f58467f5"},"description":"Sprawdzili\u015bmy, czy na Twitterze wida\u0107 przebieg mecz\u00f3w na EURO 2016 we Francji.","breadcrumb":{"@id":"https:\/\/www.sotrender.com\/blog\/pl\/2016\/06\/polska-szwajcaria-euro-2016\/#breadcrumb"},"inLanguage":"pl-PL","potentialAction":[{"@type":"ReadAction","target":["https:\/\/www.sotrender.com\/blog\/pl\/2016\/06\/polska-szwajcaria-euro-2016\/"]}]},{"@type":"ImageObject","inLanguage":"pl-PL","@id":"https:\/\/www.sotrender.com\/blog\/pl\/2016\/06\/polska-szwajcaria-euro-2016\/#primaryimage","url":"https:\/\/www.sotrender.com\/blog\/wp-content\/uploads\/2016\/06\/stadion-header-2.jpg","contentUrl":"https:\/\/www.sotrender.com\/blog\/wp-content\/uploads\/2016\/06\/stadion-header-2.jpg","width":4160,"height":2340},{"@type":"BreadcrumbList","@id":"https:\/\/www.sotrender.com\/blog\/pl\/2016\/06\/polska-szwajcaria-euro-2016\/#breadcrumb","itemListElement":[{"@type":"ListItem","position":1,"name":"Home","item":"https:\/\/www.sotrender.com\/blog\/"},{"@type":"ListItem","position":2,"name":"Mecz Polska &#8211; Szwajcaria na Twitterze [ANALIZA]"}]},{"@type":"WebSite","@id":"https:\/\/www.sotrender.com\/blog\/#website","url":"https:\/\/www.sotrender.com\/blog\/","name":"Sotrender Blog","description":"","potentialAction":[{"@type":"SearchAction","target":{"@type":"EntryPoint","urlTemplate":"https:\/\/www.sotrender.com\/blog\/?s={search_term_string}"},"query-input":"required name=search_term_string"}],"inLanguage":"pl-PL"},{"@type":"Person","@id":"https:\/\/www.sotrender.com\/blog\/#\/schema\/person\/48ed6f8ff39863778de8dd32f58467f5","name":"Micha\u0142 Wieczorek","image":{"@type":"ImageObject","inLanguage":"pl-PL","@id":"https:\/\/www.sotrender.com\/blog\/#\/schema\/person\/image\/","url":"https:\/\/secure.gravatar.com\/avatar\/65ceb2020aa2338488b9c5f33c10137f?s=96&d=mm&r=g","contentUrl":"https:\/\/secure.gravatar.com\/avatar\/65ceb2020aa2338488b9c5f33c10137f?s=96&d=mm&r=g","caption":"Micha\u0142 Wieczorek"},"description":"Baltic linguist, marketer, and music journalist in his free time. A big fan of good food and even better music.","sameAs":["https:\/\/www.linkedin.com\/in\/michaldwieczorek","https:\/\/twitter.com\/http:\/\/twitter.com\/eveningo"],"url":"https:\/\/www.sotrender.com\/blog\/pl\/author\/micha_wieczorek\/"}]}},"_links":{"self":[{"href":"https:\/\/www.sotrender.com\/blog\/pl\/wp-json\/wp\/v2\/posts\/22421"}],"collection":[{"href":"https:\/\/www.sotrender.com\/blog\/pl\/wp-json\/wp\/v2\/posts"}],"about":[{"href":"https:\/\/www.sotrender.com\/blog\/pl\/wp-json\/wp\/v2\/types\/post"}],"author":[{"embeddable":true,"href":"https:\/\/www.sotrender.com\/blog\/pl\/wp-json\/wp\/v2\/users\/49"}],"replies":[{"embeddable":true,"href":"https:\/\/www.sotrender.com\/blog\/pl\/wp-json\/wp\/v2\/comments?post=22421"}],"version-history":[{"count":18,"href":"https:\/\/www.sotrender.com\/blog\/pl\/wp-json\/wp\/v2\/posts\/22421\/revisions"}],"predecessor-version":[{"id":22489,"href":"https:\/\/www.sotrender.com\/blog\/pl\/wp-json\/wp\/v2\/posts\/22421\/revisions\/22489"}],"wp:featuredmedia":[{"embeddable":true,"href":"https:\/\/www.sotrender.com\/blog\/pl\/wp-json\/wp\/v2\/media\/22431"}],"wp:attachment":[{"href":"https:\/\/www.sotrender.com\/blog\/pl\/wp-json\/wp\/v2\/media?parent=22421"}],"wp:term":[{"taxonomy":"category","embeddable":true,"href":"https:\/\/www.sotrender.com\/blog\/pl\/wp-json\/wp\/v2\/categories?post=22421"},{"taxonomy":"post_tag","embeddable":true,"href":"https:\/\/www.sotrender.com\/blog\/pl\/wp-json\/wp\/v2\/tags?post=22421"}],"curies":[{"name":"wp","href":"https:\/\/api.w.org\/{rel}","templated":true}]}}