{"id":22407,"date":"2016-06-24T13:13:52","date_gmt":"2016-06-24T12:13:52","guid":{"rendered":"http:\/\/blog.sotrender.com\/pl\/?p=22407"},"modified":"2017-04-13T11:32:11","modified_gmt":"2017-04-13T09:32:11","slug":"jak-kibicowano-polakom-w-social-media-analiza","status":"publish","type":"post","link":"https:\/\/www.sotrender.com\/blog\/pl\/2016\/06\/jak-kibicowano-polakom-w-social-media-analiza\/","title":{"rendered":"Jak kibicowano Polakom w social media? [ANALIZA]"},"content":{"rendered":"<p style=\"text-align: justify;\"><span style=\"font-weight: 400;\">Uda\u0142o si\u0119, po latach wracania z najwi\u0119kszych pi\u0142karskich imprez po trzech meczach, reprezentacja Polski w ko\u0144cu wysz\u0142a z grupy. Wcale w niez\u0142ym stylu, nie trac\u0105c ani jednej bramki. My, w <a href=\"https:\/\/www.sotrender.com\/resources\/pl\/reports\">Sotrenderze<\/a> te\u017c kibicowali\u015bmy (niekt\u00f3rzy nawet pojechali do Francji na mecz) i dlatego postanowili\u015bmy dowiedzie\u0107 si\u0119, jak naszych Or\u0142\u00f3w wspierano w mediach spo\u0142eczno\u015bciowych.\u00a0<\/span><!--more--><\/p>\n<p style=\"text-align: justify;\"><span style=\"font-weight: 400;\">Na pocz\u0105tek przyjrzeli\u015bmy si\u0119, kiedy u\u017cytkownicy Facebooka anga\u017cowali si\u0119 najbardziej na profilach polskich pi\u0142karzy i medi\u00f3w sportowych w dniu ostatniego meczu grupowego z Ukrain\u0105. Do analizy wybrali\u015bmy dwadzie\u015bcia pi\u0119\u0107 stron &#8211; 21 pi\u0142karzy i 4 medi\u00f3w sportowych (Wesz\u0142o, Przegl\u0105d Sportowy, Sport.pl oraz Eurosport). Na wykresie wyra\u017anie wida\u0107, \u017ce liczba zaanga\u017cowanych u\u017cytkownik\u00f3w (tj. lubi\u0105cych, komentuj\u0105cych lub udost\u0119pniaj\u0105cych tre\u015bci) najwy\u017csza by\u0142a mi\u0119dzy 17 a 18, czyli chwil\u0119 przed rozpocz\u0119ciem meczu, kiedy na badanych profilach odnotowali\u015bmy ponad 600 000 zaanga\u017cowanych u\u017cytkownik\u00f3w. Potem kibice oderwali si\u0119 od ekran\u00f3w kom\u00f3rek, komputer\u00f3w, tablet\u00f3w i ca\u0142\u0105 uwag\u0119 skupili na meczu. Dopiero po ko\u0144cowym gwizdku zaanga\u017cowanie wzros\u0142o, ale nie tak bardzo jak przed meczem.<\/span><\/p>\n<div id=\"attachment_22413\" style=\"width: 1261px\" class=\"wp-caption aligncenter\"><a href=\"https:\/\/www.sotrender.com\/wp-content\/uploads\/2016\/06\/liczba-zaanga\u017cowanych-na-profilach-pi\u0142karzy-euro-2016.png\"><img loading=\"lazy\" decoding=\"async\" aria-describedby=\"caption-attachment-22413\" class=\"wp-image-22413 size-full\" src=\"https:\/\/www.sotrender.com\/blog\/wp-content\/uploads\/2016\/06\/liczba-zaanga\u017cowanych-na-profilach-pi\u0142karzy-euro-2016.png\" alt=\"Liczba zaanga\u017cowanych u\u017cytkownik\u00f3w na wybranych profilach pi\u0142karskich medialnych w dniu 21 czerwca 2016.\" width=\"1251\" height=\"885\" srcset=\"https:\/\/www.sotrender.com\/blog\/wp-content\/uploads\/2016\/06\/liczba-zaanga\u017cowanych-na-profilach-pi\u0142karzy-euro-2016.png 1251w, https:\/\/www.sotrender.com\/blog\/wp-content\/uploads\/2016\/06\/liczba-zaanga\u017cowanych-na-profilach-pi\u0142karzy-euro-2016-475x336.png 475w, https:\/\/www.sotrender.com\/blog\/wp-content\/uploads\/2016\/06\/liczba-zaanga\u017cowanych-na-profilach-pi\u0142karzy-euro-2016-768x543.png 768w, https:\/\/www.sotrender.com\/blog\/wp-content\/uploads\/2016\/06\/liczba-zaanga\u017cowanych-na-profilach-pi\u0142karzy-euro-2016-950x672.png 950w, https:\/\/www.sotrender.com\/blog\/wp-content\/uploads\/2016\/06\/liczba-zaanga\u017cowanych-na-profilach-pi\u0142karzy-euro-2016-600x424.png 600w\" sizes=\"(max-width: 1251px) 100vw, 1251px\" \/><\/a><p id=\"caption-attachment-22413\" class=\"wp-caption-text\">Liczba zaanga\u017cowanych u\u017cytkownik\u00f3w na wybranych profilach pi\u0142karskich medialnych w dniu 21 czerwca 2016.<\/p><\/div>\n<p style=\"text-align: justify;\"><span style=\"font-weight: 400;\">Nieco inaczej rozk\u0142ada si\u0119 zaanga\u017cowanie, gdy spojrzymy na poszczeg\u00f3lne profile. Na stronie kapitana reprezentacji, Roberta Lewandowskiego najwi\u0119cej u\u017cytkownik\u00f3w anga\u017cowa\u0142o si\u0119 wczesnym popo\u0142udniem, a na stronie Grzegorza Krychowiaka, \u015bwie\u017co upieczonego zawodnika PSG oraz Sport.pl (kt\u00f3rego &#8211; nota bene &#8211; Krychowiak zosta\u0142 ostatnio twarz\u0105 marketingow\u0105) odpowiednio o 9 i 10 rano. Zdecydowanie najwi\u0119cej u\u017cytkownik\u00f3w anga\u017cowa\u0142o si\u0119 na stronie Kuby B\u0142aszczykowskiego, r\u00f3wnie\u017c przed meczem, jakby u\u017cytkownicy Facebooka przeczuwali, \u017ce to w\u0142a\u015bnie Kuba da Polsce upragnione trzy punkty. Warto zauwa\u017cy\u0107, \u017ce na profilu skrzyd\u0142owego najwi\u0119cej u\u017cytkownik\u00f3w anga\u017cowa\u0142o si\u0119 godzin\u0119 wcze\u015bniej ni\u017c na stronach pozosta\u0142ych pi\u0142karzy. R\u00f3wnie\u017c po meczu strona B\u0142aszczykowskiego anga\u017cowa\u0142a najbardziej.<\/span><\/p>\n<p><div class=\"shortcode trial\"><h4><span>Mierz dzia\u0142ania w social media w Sotrenderze!<\/span><a title=\"Wypr\u00f3buj za darmo!\" class=\"btn\" href=\"https:\/\/app.sotrender.com\/auth\/signup\/trial\/pl?utm_source=blog-cta-legacy\">Wypr\u00f3buj za darmo!<\/a><\/h4><\/div><strong>\u00a0<\/strong><\/p>\n<div id=\"attachment_22411\" style=\"width: 1237px\" class=\"wp-caption aligncenter\"><a href=\"https:\/\/www.sotrender.com\/wp-content\/uploads\/2016\/06\/liczba-zaanga\u017cowanych-na-profilach-pi\u0142karzy-i-medi\u00f3w-euro-2016-szczeg\u00f3\u0142owo.png\"><img loading=\"lazy\" decoding=\"async\" aria-describedby=\"caption-attachment-22411\" class=\"wp-image-22411 size-full\" src=\"https:\/\/www.sotrender.com\/blog\/wp-content\/uploads\/2016\/06\/liczba-zaanga\u017cowanych-na-profilach-pi\u0142karzy-i-medi\u00f3w-euro-2016-szczeg\u00f3\u0142owo.png\" alt=\"Liczba zaanga\u017cowanych u\u017cytkownik\u00f3w na wybranych stronach w dniu 21 czerwca\" width=\"1227\" height=\"881\" srcset=\"https:\/\/www.sotrender.com\/blog\/wp-content\/uploads\/2016\/06\/liczba-zaanga\u017cowanych-na-profilach-pi\u0142karzy-i-medi\u00f3w-euro-2016-szczeg\u00f3\u0142owo.png 1227w, https:\/\/www.sotrender.com\/blog\/wp-content\/uploads\/2016\/06\/liczba-zaanga\u017cowanych-na-profilach-pi\u0142karzy-i-medi\u00f3w-euro-2016-szczeg\u00f3\u0142owo-475x341.png 475w, https:\/\/www.sotrender.com\/blog\/wp-content\/uploads\/2016\/06\/liczba-zaanga\u017cowanych-na-profilach-pi\u0142karzy-i-medi\u00f3w-euro-2016-szczeg\u00f3\u0142owo-768x551.png 768w, https:\/\/www.sotrender.com\/blog\/wp-content\/uploads\/2016\/06\/liczba-zaanga\u017cowanych-na-profilach-pi\u0142karzy-i-medi\u00f3w-euro-2016-szczeg\u00f3\u0142owo-950x682.png 950w, https:\/\/www.sotrender.com\/blog\/wp-content\/uploads\/2016\/06\/liczba-zaanga\u017cowanych-na-profilach-pi\u0142karzy-i-medi\u00f3w-euro-2016-szczeg\u00f3\u0142owo-600x431.png 600w\" sizes=\"(max-width: 1227px) 100vw, 1227px\" \/><\/a><p id=\"caption-attachment-22411\" class=\"wp-caption-text\">Liczba zaanga\u017cowanych u\u017cytkownik\u00f3w na wybranych stronach w dniu 21 czerwca<\/p><\/div>\n<p style=\"text-align: justify;\"><span style=\"font-weight: 400;\">Zgodnie z przewidywaniami tweety z hashtagiem #POL by\u0142y najcz\u0119\u015bciej publikowane w dniach meczowych &#8211; 12, 16 i 21 czerwca, a twitterowicze najuwa\u017cniej \u015bledzili hitowe spotkanie naszej grupy, Polska-Niemcy. Zako\u0144czy\u0142o si\u0119 ono, jak dobrze pami\u0119tamy, bezbramkowym, zwyci\u0119skim remisem, kt\u00f3ry zapewni\u0142 Polsce historyczny awans w fina\u0142ach Mistrzostw Europy.<\/span><\/p>\n<div id=\"attachment_22409\" style=\"width: 878px\" class=\"wp-caption aligncenter\"><a href=\"https:\/\/www.sotrender.com\/wp-content\/uploads\/2016\/06\/tweety-z-hashtagiem-pol.png\"><img loading=\"lazy\" decoding=\"async\" aria-describedby=\"caption-attachment-22409\" class=\"wp-image-22409 size-full\" src=\"https:\/\/www.sotrender.com\/blog\/wp-content\/uploads\/2016\/06\/tweety-z-hashtagiem-pol.png\" alt=\"Rozk\u0142ad tweet\u00f3w oznaczonych #POL mi\u0119dzy 9 a 22 czerwca 2016\" width=\"868\" height=\"614\" srcset=\"https:\/\/www.sotrender.com\/blog\/wp-content\/uploads\/2016\/06\/tweety-z-hashtagiem-pol.png 868w, https:\/\/www.sotrender.com\/blog\/wp-content\/uploads\/2016\/06\/tweety-z-hashtagiem-pol-475x336.png 475w, https:\/\/www.sotrender.com\/blog\/wp-content\/uploads\/2016\/06\/tweety-z-hashtagiem-pol-768x543.png 768w, https:\/\/www.sotrender.com\/blog\/wp-content\/uploads\/2016\/06\/tweety-z-hashtagiem-pol-600x424.png 600w\" sizes=\"(max-width: 868px) 100vw, 868px\" \/><\/a><p id=\"caption-attachment-22409\" class=\"wp-caption-text\">Rozk\u0142ad tweet\u00f3w oznaczonych #POL mi\u0119dzy 10 a 22 czerwca 2016<\/p><\/div>\n<p>Z niecierpliwo\u015bci\u0105 czekamy na spotkanie 1\/8 fina\u0142u, w kt\u00f3rym Polska zagra ze Szwajcari\u0105! Jak my\u015blicie, jaki b\u0119dzie wynik?<\/p>\n<p>A my ju\u017c przygotowujemy dla Was kolejne pi\u0142karskie analizy.<\/p>\n<p>&nbsp;<\/p>\n","protected":false},"excerpt":{"rendered":"<p>Uda\u0142o si\u0119, po latach wracania z najwi\u0119kszych pi\u0142karskich imprez po trzech meczach, reprezentacja Polski w ko\u0144cu wysz\u0142a z grupy. Wcale w niez\u0142ym stylu, nie trac\u0105c ani jednej bramki. My, w Sotrenderze te\u017c kibicowali\u015bmy (niekt\u00f3rzy nawet pojechali do Francji na mecz) i dlatego postanowili\u015bmy dowiedzie\u0107 si\u0119, jak naszych Or\u0142\u00f3w wspierano w mediach spo\u0142eczno\u015bciowych.\u00a0<\/p>\n","protected":false},"author":49,"featured_media":22291,"comment_status":"open","ping_status":"open","sticky":false,"template":"","format":"standard","meta":{"inline_featured_image":false,"footnotes":""},"categories":[1793,1797,1799],"tags":[1583,2023,2025,2027,2029,17,313,515,725],"yoast_head":"<!-- This site is optimized with the Yoast SEO plugin v22.4 - https:\/\/yoast.com\/wordpress\/plugins\/seo\/ -->\n<title>Jak kibicowano Polakom w social media? [ANALIZA] \u2013 Sotrender Blog \u2013 Analyze, Benchmark &amp; Report Your Social Media Performance<\/title>\n<meta name=\"description\" content=\"Sprawdzamy, jak u\u017cytkownicy medi\u00f3w spo\u0142eczno\u015bciowych wspierali Polak\u00f3w na EURO 2016\" \/>\n<meta name=\"robots\" content=\"index, follow, max-snippet:-1, max-image-preview:large, max-video-preview:-1\" \/>\n<link rel=\"canonical\" href=\"https:\/\/www.sotrender.com\/blog\/pl\/2016\/06\/jak-kibicowano-polakom-w-social-media-analiza\/\" \/>\n<meta property=\"og:locale\" content=\"pl_PL\" \/>\n<meta property=\"og:type\" content=\"article\" \/>\n<meta property=\"og:title\" content=\"Jak kibicowano Polakom w social media? [ANALIZA] \u2013 Sotrender Blog \u2013 Analyze, Benchmark &amp; Report Your Social Media Performance\" \/>\n<meta property=\"og:description\" content=\"Sprawdzamy, jak u\u017cytkownicy medi\u00f3w spo\u0142eczno\u015bciowych wspierali Polak\u00f3w na EURO 2016\" \/>\n<meta property=\"og:url\" content=\"https:\/\/www.sotrender.com\/blog\/pl\/2016\/06\/jak-kibicowano-polakom-w-social-media-analiza\/\" \/>\n<meta property=\"og:site_name\" content=\"Sotrender Blog\" \/>\n<meta property=\"article:publisher\" content=\"https:\/\/www.facebook.com\/Sotrender\" \/>\n<meta property=\"article:published_time\" content=\"2016-06-24T12:13:52+00:00\" \/>\n<meta property=\"article:modified_time\" content=\"2017-04-13T09:32:11+00:00\" \/>\n<meta property=\"og:image\" content=\"https:\/\/www.sotrender.com\/blog\/wp-content\/uploads\/2016\/06\/euro-header-950x633.jpg\" \/>\n\t<meta property=\"og:image:width\" content=\"950\" \/>\n\t<meta property=\"og:image:height\" content=\"633\" \/>\n\t<meta property=\"og:image:type\" content=\"image\/jpeg\" \/>\n<meta name=\"author\" content=\"Micha\u0142 Wieczorek\" \/>\n<meta name=\"twitter:card\" content=\"summary_large_image\" \/>\n<meta name=\"twitter:creator\" content=\"@http:\/\/twitter.com\/eveningo\" \/>\n<meta name=\"twitter:site\" content=\"@Sotrender\" \/>\n<meta name=\"twitter:label1\" content=\"Written by\" \/>\n\t<meta name=\"twitter:data1\" content=\"Micha\u0142 Wieczorek\" \/>\n\t<meta name=\"twitter:label2\" content=\"Est. reading time\" \/>\n\t<meta name=\"twitter:data2\" content=\"2 minutes\" \/>\n<script type=\"application\/ld+json\" class=\"yoast-schema-graph\">{\"@context\":\"https:\/\/schema.org\",\"@graph\":[{\"@type\":\"WebPage\",\"@id\":\"https:\/\/www.sotrender.com\/blog\/pl\/2016\/06\/jak-kibicowano-polakom-w-social-media-analiza\/\",\"url\":\"https:\/\/www.sotrender.com\/blog\/pl\/2016\/06\/jak-kibicowano-polakom-w-social-media-analiza\/\",\"name\":\"Jak kibicowano Polakom w social media? [ANALIZA] \u2013 Sotrender Blog \u2013 Analyze, Benchmark & Report Your Social Media Performance\",\"isPartOf\":{\"@id\":\"https:\/\/www.sotrender.com\/blog\/#website\"},\"primaryImageOfPage\":{\"@id\":\"https:\/\/www.sotrender.com\/blog\/pl\/2016\/06\/jak-kibicowano-polakom-w-social-media-analiza\/#primaryimage\"},\"image\":{\"@id\":\"https:\/\/www.sotrender.com\/blog\/pl\/2016\/06\/jak-kibicowano-polakom-w-social-media-analiza\/#primaryimage\"},\"thumbnailUrl\":\"https:\/\/www.sotrender.com\/blog\/wp-content\/uploads\/2016\/06\/euro-header.jpg\",\"datePublished\":\"2016-06-24T12:13:52+00:00\",\"dateModified\":\"2017-04-13T09:32:11+00:00\",\"author\":{\"@id\":\"https:\/\/www.sotrender.com\/blog\/#\/schema\/person\/48ed6f8ff39863778de8dd32f58467f5\"},\"description\":\"Sprawdzamy, jak u\u017cytkownicy medi\u00f3w spo\u0142eczno\u015bciowych wspierali Polak\u00f3w na EURO 2016\",\"breadcrumb\":{\"@id\":\"https:\/\/www.sotrender.com\/blog\/pl\/2016\/06\/jak-kibicowano-polakom-w-social-media-analiza\/#breadcrumb\"},\"inLanguage\":\"pl-PL\",\"potentialAction\":[{\"@type\":\"ReadAction\",\"target\":[\"https:\/\/www.sotrender.com\/blog\/pl\/2016\/06\/jak-kibicowano-polakom-w-social-media-analiza\/\"]}]},{\"@type\":\"ImageObject\",\"inLanguage\":\"pl-PL\",\"@id\":\"https:\/\/www.sotrender.com\/blog\/pl\/2016\/06\/jak-kibicowano-polakom-w-social-media-analiza\/#primaryimage\",\"url\":\"https:\/\/www.sotrender.com\/blog\/wp-content\/uploads\/2016\/06\/euro-header.jpg\",\"contentUrl\":\"https:\/\/www.sotrender.com\/blog\/wp-content\/uploads\/2016\/06\/euro-header.jpg\",\"width\":4608,\"height\":3072},{\"@type\":\"BreadcrumbList\",\"@id\":\"https:\/\/www.sotrender.com\/blog\/pl\/2016\/06\/jak-kibicowano-polakom-w-social-media-analiza\/#breadcrumb\",\"itemListElement\":[{\"@type\":\"ListItem\",\"position\":1,\"name\":\"Home\",\"item\":\"https:\/\/www.sotrender.com\/blog\/\"},{\"@type\":\"ListItem\",\"position\":2,\"name\":\"Jak kibicowano Polakom w social media? [ANALIZA]\"}]},{\"@type\":\"WebSite\",\"@id\":\"https:\/\/www.sotrender.com\/blog\/#website\",\"url\":\"https:\/\/www.sotrender.com\/blog\/\",\"name\":\"Sotrender Blog\",\"description\":\"\",\"potentialAction\":[{\"@type\":\"SearchAction\",\"target\":{\"@type\":\"EntryPoint\",\"urlTemplate\":\"https:\/\/www.sotrender.com\/blog\/?s={search_term_string}\"},\"query-input\":\"required name=search_term_string\"}],\"inLanguage\":\"pl-PL\"},{\"@type\":\"Person\",\"@id\":\"https:\/\/www.sotrender.com\/blog\/#\/schema\/person\/48ed6f8ff39863778de8dd32f58467f5\",\"name\":\"Micha\u0142 Wieczorek\",\"image\":{\"@type\":\"ImageObject\",\"inLanguage\":\"pl-PL\",\"@id\":\"https:\/\/www.sotrender.com\/blog\/#\/schema\/person\/image\/\",\"url\":\"https:\/\/secure.gravatar.com\/avatar\/65ceb2020aa2338488b9c5f33c10137f?s=96&d=mm&r=g\",\"contentUrl\":\"https:\/\/secure.gravatar.com\/avatar\/65ceb2020aa2338488b9c5f33c10137f?s=96&d=mm&r=g\",\"caption\":\"Micha\u0142 Wieczorek\"},\"description\":\"Baltic linguist, marketer, and music journalist in his free time. A big fan of good food and even better music.\",\"sameAs\":[\"https:\/\/www.linkedin.com\/in\/michaldwieczorek\",\"https:\/\/twitter.com\/http:\/\/twitter.com\/eveningo\"],\"url\":\"https:\/\/www.sotrender.com\/blog\/pl\/author\/micha_wieczorek\/\"}]}<\/script>\n<!-- \/ Yoast SEO plugin. -->","yoast_head_json":{"title":"Jak kibicowano Polakom w social media? [ANALIZA] \u2013 Sotrender Blog \u2013 Analyze, Benchmark & Report Your Social Media Performance","description":"Sprawdzamy, jak u\u017cytkownicy medi\u00f3w spo\u0142eczno\u015bciowych wspierali Polak\u00f3w na EURO 2016","robots":{"index":"index","follow":"follow","max-snippet":"max-snippet:-1","max-image-preview":"max-image-preview:large","max-video-preview":"max-video-preview:-1"},"canonical":"https:\/\/www.sotrender.com\/blog\/pl\/2016\/06\/jak-kibicowano-polakom-w-social-media-analiza\/","og_locale":"pl_PL","og_type":"article","og_title":"Jak kibicowano Polakom w social media? [ANALIZA] \u2013 Sotrender Blog \u2013 Analyze, Benchmark & Report Your Social Media Performance","og_description":"Sprawdzamy, jak u\u017cytkownicy medi\u00f3w spo\u0142eczno\u015bciowych wspierali Polak\u00f3w na EURO 2016","og_url":"https:\/\/www.sotrender.com\/blog\/pl\/2016\/06\/jak-kibicowano-polakom-w-social-media-analiza\/","og_site_name":"Sotrender Blog","article_publisher":"https:\/\/www.facebook.com\/Sotrender","article_published_time":"2016-06-24T12:13:52+00:00","article_modified_time":"2017-04-13T09:32:11+00:00","og_image":[{"width":950,"height":633,"url":"https:\/\/www.sotrender.com\/blog\/wp-content\/uploads\/2016\/06\/euro-header-950x633.jpg","type":"image\/jpeg"}],"author":"Micha\u0142 Wieczorek","twitter_card":"summary_large_image","twitter_creator":"@http:\/\/twitter.com\/eveningo","twitter_site":"@Sotrender","twitter_misc":{"Written by":"Micha\u0142 Wieczorek","Est. reading time":"2 minutes"},"schema":{"@context":"https:\/\/schema.org","@graph":[{"@type":"WebPage","@id":"https:\/\/www.sotrender.com\/blog\/pl\/2016\/06\/jak-kibicowano-polakom-w-social-media-analiza\/","url":"https:\/\/www.sotrender.com\/blog\/pl\/2016\/06\/jak-kibicowano-polakom-w-social-media-analiza\/","name":"Jak kibicowano Polakom w social media? [ANALIZA] \u2013 Sotrender Blog \u2013 Analyze, Benchmark & Report Your Social Media Performance","isPartOf":{"@id":"https:\/\/www.sotrender.com\/blog\/#website"},"primaryImageOfPage":{"@id":"https:\/\/www.sotrender.com\/blog\/pl\/2016\/06\/jak-kibicowano-polakom-w-social-media-analiza\/#primaryimage"},"image":{"@id":"https:\/\/www.sotrender.com\/blog\/pl\/2016\/06\/jak-kibicowano-polakom-w-social-media-analiza\/#primaryimage"},"thumbnailUrl":"https:\/\/www.sotrender.com\/blog\/wp-content\/uploads\/2016\/06\/euro-header.jpg","datePublished":"2016-06-24T12:13:52+00:00","dateModified":"2017-04-13T09:32:11+00:00","author":{"@id":"https:\/\/www.sotrender.com\/blog\/#\/schema\/person\/48ed6f8ff39863778de8dd32f58467f5"},"description":"Sprawdzamy, jak u\u017cytkownicy medi\u00f3w spo\u0142eczno\u015bciowych wspierali Polak\u00f3w na EURO 2016","breadcrumb":{"@id":"https:\/\/www.sotrender.com\/blog\/pl\/2016\/06\/jak-kibicowano-polakom-w-social-media-analiza\/#breadcrumb"},"inLanguage":"pl-PL","potentialAction":[{"@type":"ReadAction","target":["https:\/\/www.sotrender.com\/blog\/pl\/2016\/06\/jak-kibicowano-polakom-w-social-media-analiza\/"]}]},{"@type":"ImageObject","inLanguage":"pl-PL","@id":"https:\/\/www.sotrender.com\/blog\/pl\/2016\/06\/jak-kibicowano-polakom-w-social-media-analiza\/#primaryimage","url":"https:\/\/www.sotrender.com\/blog\/wp-content\/uploads\/2016\/06\/euro-header.jpg","contentUrl":"https:\/\/www.sotrender.com\/blog\/wp-content\/uploads\/2016\/06\/euro-header.jpg","width":4608,"height":3072},{"@type":"BreadcrumbList","@id":"https:\/\/www.sotrender.com\/blog\/pl\/2016\/06\/jak-kibicowano-polakom-w-social-media-analiza\/#breadcrumb","itemListElement":[{"@type":"ListItem","position":1,"name":"Home","item":"https:\/\/www.sotrender.com\/blog\/"},{"@type":"ListItem","position":2,"name":"Jak kibicowano Polakom w social media? [ANALIZA]"}]},{"@type":"WebSite","@id":"https:\/\/www.sotrender.com\/blog\/#website","url":"https:\/\/www.sotrender.com\/blog\/","name":"Sotrender Blog","description":"","potentialAction":[{"@type":"SearchAction","target":{"@type":"EntryPoint","urlTemplate":"https:\/\/www.sotrender.com\/blog\/?s={search_term_string}"},"query-input":"required name=search_term_string"}],"inLanguage":"pl-PL"},{"@type":"Person","@id":"https:\/\/www.sotrender.com\/blog\/#\/schema\/person\/48ed6f8ff39863778de8dd32f58467f5","name":"Micha\u0142 Wieczorek","image":{"@type":"ImageObject","inLanguage":"pl-PL","@id":"https:\/\/www.sotrender.com\/blog\/#\/schema\/person\/image\/","url":"https:\/\/secure.gravatar.com\/avatar\/65ceb2020aa2338488b9c5f33c10137f?s=96&d=mm&r=g","contentUrl":"https:\/\/secure.gravatar.com\/avatar\/65ceb2020aa2338488b9c5f33c10137f?s=96&d=mm&r=g","caption":"Micha\u0142 Wieczorek"},"description":"Baltic linguist, marketer, and music journalist in his free time. A big fan of good food and even better music.","sameAs":["https:\/\/www.linkedin.com\/in\/michaldwieczorek","https:\/\/twitter.com\/http:\/\/twitter.com\/eveningo"],"url":"https:\/\/www.sotrender.com\/blog\/pl\/author\/micha_wieczorek\/"}]}},"_links":{"self":[{"href":"https:\/\/www.sotrender.com\/blog\/pl\/wp-json\/wp\/v2\/posts\/22407"}],"collection":[{"href":"https:\/\/www.sotrender.com\/blog\/pl\/wp-json\/wp\/v2\/posts"}],"about":[{"href":"https:\/\/www.sotrender.com\/blog\/pl\/wp-json\/wp\/v2\/types\/post"}],"author":[{"embeddable":true,"href":"https:\/\/www.sotrender.com\/blog\/pl\/wp-json\/wp\/v2\/users\/49"}],"replies":[{"embeddable":true,"href":"https:\/\/www.sotrender.com\/blog\/pl\/wp-json\/wp\/v2\/comments?post=22407"}],"version-history":[{"count":4,"href":"https:\/\/www.sotrender.com\/blog\/pl\/wp-json\/wp\/v2\/posts\/22407\/revisions"}],"predecessor-version":[{"id":26511,"href":"https:\/\/www.sotrender.com\/blog\/pl\/wp-json\/wp\/v2\/posts\/22407\/revisions\/26511"}],"wp:featuredmedia":[{"embeddable":true,"href":"https:\/\/www.sotrender.com\/blog\/pl\/wp-json\/wp\/v2\/media\/22291"}],"wp:attachment":[{"href":"https:\/\/www.sotrender.com\/blog\/pl\/wp-json\/wp\/v2\/media?parent=22407"}],"wp:term":[{"taxonomy":"category","embeddable":true,"href":"https:\/\/www.sotrender.com\/blog\/pl\/wp-json\/wp\/v2\/categories?post=22407"},{"taxonomy":"post_tag","embeddable":true,"href":"https:\/\/www.sotrender.com\/blog\/pl\/wp-json\/wp\/v2\/tags?post=22407"}],"curies":[{"name":"wp","href":"https:\/\/api.w.org\/{rel}","templated":true}]}}