{"id":22347,"date":"2016-06-15T12:59:48","date_gmt":"2016-06-15T11:59:48","guid":{"rendered":"http:\/\/blog.sotrender.com\/pl\/?p=22347"},"modified":"2017-04-13T11:33:03","modified_gmt":"2017-04-13T09:33:03","slug":"kataryna-twitter","status":"publish","type":"post","link":"https:\/\/www.sotrender.com\/blog\/pl\/2016\/06\/kataryna-twitter\/","title":{"rendered":"Jak Twitter zareagowa\u0142 na znikni\u0119cie i powr\u00f3t Kataryny?"},"content":{"rendered":"<p style=\"text-align: justify;\"><span style=\"font-weight: 400;\">1 czerwca w tygodniku POLITYKA\u00a0ukaza\u0142 si\u0119 wywiad z Kataryn\u0105, blogerk\u0105 kojarzon\u0105 z prawic\u0105 i PiSem. Ju\u017c sama zapowied\u017a rozmowy opublikowana dzie\u0144 wcze\u015bniej, wywo\u0142a\u0142a twitterow\u0105 burz\u0119. Po publikacji rozmowy burza wok\u00f3\u0142 Kataryny okaza\u0142a si\u0119 tak wielka, \u017ce blogerka postanowi\u0142a wygasi\u0107 konto w serwisie. Po trzech dniach jednak wr\u00f3ci\u0142a. W <a href=\"http:\/\/sotrender.pl\">Sotrenderze<\/a> sprawdzamy, jak na te wydarzenia zareagowa\u0142 Twitter.<\/span><!--more--><\/p>\n<p style=\"text-align: justify;\"><span style=\"font-weight: 400;\">Na pocz\u0105tek zobaczmy, jak kszta\u0142tuje si\u0119 chmura s\u0142\u00f3w w tweetach wysy\u0142anych do kataryny (tj. Z oznaczeniem jej profilu @katarynaaa) do 31 maja do 1 czerwca, kiedy zosta\u0142 opublikowany kontrowersyjny wywiad.<\/span><\/p>\n<div id=\"attachment_22349\" style=\"width: 1216px\" class=\"wp-caption aligncenter\"><a href=\"https:\/\/www.sotrender.com\/wp-content\/uploads\/2016\/06\/kataryna1.png\"><img loading=\"lazy\" decoding=\"async\" aria-describedby=\"caption-attachment-22349\" class=\"wp-image-22349 size-full\" src=\"https:\/\/www.sotrender.com\/blog\/wp-content\/uploads\/2016\/06\/kataryna1.png\" alt=\"Chmura s\u0142\u00f3w pojawiaj\u0105cych si\u0119 w tweetach skierowanych do Kataryny w dniach 31.05 i 1.06 2016\" width=\"1206\" height=\"591\" srcset=\"https:\/\/www.sotrender.com\/blog\/wp-content\/uploads\/2016\/06\/kataryna1.png 1206w, https:\/\/www.sotrender.com\/blog\/wp-content\/uploads\/2016\/06\/kataryna1-475x233.png 475w, https:\/\/www.sotrender.com\/blog\/wp-content\/uploads\/2016\/06\/kataryna1-950x466.png 950w\" sizes=\"(max-width: 1206px) 100vw, 1206px\" \/><\/a><p id=\"caption-attachment-22349\" class=\"wp-caption-text\">Chmura s\u0142\u00f3w pojawiaj\u0105cych si\u0119 w tweetach skierowanych do Kataryny w dniach 31.05 i 1.06 2016<\/p><\/div>\n<p style=\"text-align: justify;\"><span style=\"font-weight: 400;\">Wyra\u017anie wida\u0107 wzmo\u017cenie i oburzenie w\u015br\u00f3d u\u017cytkownik\u00f3w. Pojawiaj\u0105 si\u0119 takie okre\u015blenia jak \u201cbolszewickie\u201d w odniesieniu do POLITYKI. Twitterowicze wyci\u0105gn\u0119li tak\u017ce prywatne sprawy kataryny, w tym jej nazwisko i miejsce pracy. Ruch na profilu kataryny by\u0142 du\u017co wi\u0119kszy ni\u017c zwykle. Wed\u0142ug danych zebranych przez <a href=\"https:\/\/www.sotrender.com\/resources\/pl\/reports\">Sotrender Research Team<\/a> 1 czerwca profil Kataryny zosta\u0142 wspomniany 913 razy, a podczas poprzednich 3 miesi\u0119cy \u015brednio 608 razy dziennie. Jej tweety by\u0142y tak\u017ce 1 czerwca cz\u0119\u015bciej lubiane &#8211; otrzyma\u0142y 1483 polubienia, w por\u00f3wnaniu do \u015brednio 1071 w okresie od marca do czerwca.<\/span><\/p>\n<p><div class=\"shortcode trial\"><h4><span>Mierz dzia\u0142ania na Twitterze w Sotrenderze!<\/span><a title=\"Wypr\u00f3buj za darmo!\" class=\"btn\" href=\"https:\/\/app.sotrender.com\/auth\/signup\/trial\/pl?utm_source=blog-cta-legacy\">Wypr\u00f3buj za darmo!<\/a><\/h4><\/div><strong>\u00a0<\/strong><\/p>\n<p style=\"text-align: justify;\"><span style=\"font-weight: 400;\">Po zalewie internetowego hejtu, Kataryna zdezaktywowa\u0142a swoje konto, ale wr\u00f3ci\u0142a na Twittera ju\u017c po trzech dniach. Reakcje na ten powr\u00f3t by\u0142y ju\u017c zupe\u0142nie inne. Z chmury s\u0142\u00f3w wynika, \u017ce Twitter cieszy\u0142 si\u0119 z powrotu najpopularniejszej blogerki politycznej. Nie mo\u017ce to dziwi\u0107, blogerka\u00a0znana jest z ci\u0119tego j\u0119zyka, celnych ripost, wyrazistych pogl\u0105d\u00f3w i zgrabnych bon mot\u00f3w, czyli tego, co twitterowicze lubi\u0105 najbardziej.<\/span><\/p>\n<div id=\"attachment_22351\" style=\"width: 1009px\" class=\"wp-caption aligncenter\"><a href=\"https:\/\/www.sotrender.com\/wp-content\/uploads\/2016\/06\/kataryna-2.png\"><img loading=\"lazy\" decoding=\"async\" aria-describedby=\"caption-attachment-22351\" class=\"wp-image-22351 size-full\" src=\"https:\/\/www.sotrender.com\/blog\/wp-content\/uploads\/2016\/06\/kataryna-2.png\" alt=\"Chmura s\u0142\u00f3w pojawiaj\u0105cych si\u0119 w tweetach skierowanych do Kataryny w dniach 04-06.06.2016\" width=\"999\" height=\"500\" srcset=\"https:\/\/www.sotrender.com\/blog\/wp-content\/uploads\/2016\/06\/kataryna-2.png 999w, https:\/\/www.sotrender.com\/blog\/wp-content\/uploads\/2016\/06\/kataryna-2-475x238.png 475w, https:\/\/www.sotrender.com\/blog\/wp-content\/uploads\/2016\/06\/kataryna-2-950x475.png 950w\" sizes=\"(max-width: 999px) 100vw, 999px\" \/><\/a><p id=\"caption-attachment-22351\" class=\"wp-caption-text\">Chmura s\u0142\u00f3w pojawiaj\u0105cych si\u0119 w tweetach skierowanych do Kataryny w dniach 04-06.06.2016<\/p><\/div>\n<p style=\"text-align: justify;\">Znikni\u0119cie tak wa\u017cnej postaci dla polskiego Twittera, nawet na kilka dni, z powodu zalewu hejtu, jest sygna\u0142em ostrzegawczym, \u017ce problem nienawi\u015bci w internecie staje si\u0119 jeszcze powa\u017cniejszy. Warto te\u017c zauwa\u017cy\u0107, \u017ce Kataryn\u0119 atakowali nie jej polityczni przeciwnicy, ale sympatycy tego samego obozu politycznego, dla kt\u00f3rych wywiad udzielony POLITYCE by\u0142 niczym zdrada idea\u0142\u00f3w i przej\u015bcie na drug\u0105 stron\u0119 politycznego sporu.<\/p>\n","protected":false},"excerpt":{"rendered":"<p>1 czerwca w tygodniku POLITYKA\u00a0ukaza\u0142 si\u0119 wywiad z Kataryn\u0105, blogerk\u0105 kojarzon\u0105 z prawic\u0105 i PiSem. Ju\u017c sama zapowied\u017a rozmowy opublikowana dzie\u0144 wcze\u015bniej, wywo\u0142a\u0142a twitterow\u0105 burz\u0119. Po publikacji rozmowy burza wok\u00f3\u0142 Kataryny okaza\u0142a si\u0119 tak wielka, \u017ce blogerka postanowi\u0142a wygasi\u0107 konto w serwisie. Po trzech dniach jednak wr\u00f3ci\u0142a. W Sotrenderze sprawdzamy, jak na te wydarzenia zareagowa\u0142 [&hellip;]<\/p>\n","protected":false},"author":49,"featured_media":21799,"comment_status":"open","ping_status":"open","sticky":false,"template":"","format":"standard","meta":{"inline_featured_image":false,"footnotes":""},"categories":[1793,1799],"tags":[515,825,973,2017,2019,2021],"yoast_head":"<!-- This site is optimized with the Yoast SEO plugin v22.4 - https:\/\/yoast.com\/wordpress\/plugins\/seo\/ -->\n<title>Znikni\u0119cie i powr\u00f3t Kataryny<\/title>\n<meta name=\"description\" content=\"Sprawdzamy, jak Twitter zareagowa\u0142 na znikni\u0119cie i powr\u00f3t jednej z najpopularniejszych blogerek politycznych - Kataryny.\" \/>\n<meta name=\"robots\" content=\"index, follow, max-snippet:-1, max-image-preview:large, max-video-preview:-1\" \/>\n<link rel=\"canonical\" href=\"https:\/\/www.sotrender.com\/blog\/pl\/2016\/06\/kataryna-twitter\/\" \/>\n<meta property=\"og:locale\" content=\"pl_PL\" \/>\n<meta property=\"og:type\" content=\"article\" \/>\n<meta property=\"og:title\" content=\"Znikni\u0119cie i powr\u00f3t Kataryny\" \/>\n<meta property=\"og:description\" content=\"Sprawdzamy, jak Twitter zareagowa\u0142 na znikni\u0119cie i powr\u00f3t jednej z najpopularniejszych blogerek politycznych - Kataryny.\" \/>\n<meta property=\"og:url\" content=\"https:\/\/www.sotrender.com\/blog\/pl\/2016\/06\/kataryna-twitter\/\" \/>\n<meta property=\"og:site_name\" content=\"Sotrender Blog\" \/>\n<meta property=\"article:publisher\" content=\"https:\/\/www.facebook.com\/Sotrender\" \/>\n<meta property=\"article:published_time\" content=\"2016-06-15T11:59:48+00:00\" \/>\n<meta property=\"article:modified_time\" content=\"2017-04-13T09:33:03+00:00\" \/>\n<meta property=\"og:image\" content=\"https:\/\/www.sotrender.com\/blog\/wp-content\/uploads\/2016\/03\/crowd-header-950x631.jpg\" \/>\n\t<meta property=\"og:image:width\" content=\"950\" \/>\n\t<meta property=\"og:image:height\" content=\"631\" \/>\n\t<meta property=\"og:image:type\" content=\"image\/jpeg\" \/>\n<meta name=\"author\" content=\"Micha\u0142 Wieczorek\" \/>\n<meta name=\"twitter:card\" content=\"summary_large_image\" \/>\n<meta name=\"twitter:creator\" content=\"@http:\/\/twitter.com\/eveningo\" \/>\n<meta name=\"twitter:site\" content=\"@Sotrender\" \/>\n<meta name=\"twitter:label1\" content=\"Written by\" \/>\n\t<meta name=\"twitter:data1\" content=\"Micha\u0142 Wieczorek\" \/>\n\t<meta name=\"twitter:label2\" content=\"Est. reading time\" \/>\n\t<meta name=\"twitter:data2\" content=\"2 minutes\" \/>\n<script type=\"application\/ld+json\" class=\"yoast-schema-graph\">{\"@context\":\"https:\/\/schema.org\",\"@graph\":[{\"@type\":\"WebPage\",\"@id\":\"https:\/\/www.sotrender.com\/blog\/pl\/2016\/06\/kataryna-twitter\/\",\"url\":\"https:\/\/www.sotrender.com\/blog\/pl\/2016\/06\/kataryna-twitter\/\",\"name\":\"Znikni\u0119cie i powr\u00f3t Kataryny\",\"isPartOf\":{\"@id\":\"https:\/\/www.sotrender.com\/blog\/#website\"},\"primaryImageOfPage\":{\"@id\":\"https:\/\/www.sotrender.com\/blog\/pl\/2016\/06\/kataryna-twitter\/#primaryimage\"},\"image\":{\"@id\":\"https:\/\/www.sotrender.com\/blog\/pl\/2016\/06\/kataryna-twitter\/#primaryimage\"},\"thumbnailUrl\":\"https:\/\/www.sotrender.com\/blog\/wp-content\/uploads\/2016\/03\/crowd-header.jpg\",\"datePublished\":\"2016-06-15T11:59:48+00:00\",\"dateModified\":\"2017-04-13T09:33:03+00:00\",\"author\":{\"@id\":\"https:\/\/www.sotrender.com\/blog\/#\/schema\/person\/48ed6f8ff39863778de8dd32f58467f5\"},\"description\":\"Sprawdzamy, jak Twitter zareagowa\u0142 na znikni\u0119cie i powr\u00f3t jednej z najpopularniejszych blogerek politycznych - Kataryny.\",\"breadcrumb\":{\"@id\":\"https:\/\/www.sotrender.com\/blog\/pl\/2016\/06\/kataryna-twitter\/#breadcrumb\"},\"inLanguage\":\"pl-PL\",\"potentialAction\":[{\"@type\":\"ReadAction\",\"target\":[\"https:\/\/www.sotrender.com\/blog\/pl\/2016\/06\/kataryna-twitter\/\"]}]},{\"@type\":\"ImageObject\",\"inLanguage\":\"pl-PL\",\"@id\":\"https:\/\/www.sotrender.com\/blog\/pl\/2016\/06\/kataryna-twitter\/#primaryimage\",\"url\":\"https:\/\/www.sotrender.com\/blog\/wp-content\/uploads\/2016\/03\/crowd-header.jpg\",\"contentUrl\":\"https:\/\/www.sotrender.com\/blog\/wp-content\/uploads\/2016\/03\/crowd-header.jpg\",\"width\":4219,\"height\":2802},{\"@type\":\"BreadcrumbList\",\"@id\":\"https:\/\/www.sotrender.com\/blog\/pl\/2016\/06\/kataryna-twitter\/#breadcrumb\",\"itemListElement\":[{\"@type\":\"ListItem\",\"position\":1,\"name\":\"Home\",\"item\":\"https:\/\/www.sotrender.com\/blog\/\"},{\"@type\":\"ListItem\",\"position\":2,\"name\":\"Jak Twitter zareagowa\u0142 na znikni\u0119cie i powr\u00f3t Kataryny?\"}]},{\"@type\":\"WebSite\",\"@id\":\"https:\/\/www.sotrender.com\/blog\/#website\",\"url\":\"https:\/\/www.sotrender.com\/blog\/\",\"name\":\"Sotrender Blog\",\"description\":\"\",\"potentialAction\":[{\"@type\":\"SearchAction\",\"target\":{\"@type\":\"EntryPoint\",\"urlTemplate\":\"https:\/\/www.sotrender.com\/blog\/?s={search_term_string}\"},\"query-input\":\"required name=search_term_string\"}],\"inLanguage\":\"pl-PL\"},{\"@type\":\"Person\",\"@id\":\"https:\/\/www.sotrender.com\/blog\/#\/schema\/person\/48ed6f8ff39863778de8dd32f58467f5\",\"name\":\"Micha\u0142 Wieczorek\",\"image\":{\"@type\":\"ImageObject\",\"inLanguage\":\"pl-PL\",\"@id\":\"https:\/\/www.sotrender.com\/blog\/#\/schema\/person\/image\/\",\"url\":\"https:\/\/secure.gravatar.com\/avatar\/65ceb2020aa2338488b9c5f33c10137f?s=96&d=mm&r=g\",\"contentUrl\":\"https:\/\/secure.gravatar.com\/avatar\/65ceb2020aa2338488b9c5f33c10137f?s=96&d=mm&r=g\",\"caption\":\"Micha\u0142 Wieczorek\"},\"description\":\"Baltic linguist, marketer, and music journalist in his free time. A big fan of good food and even better music.\",\"sameAs\":[\"https:\/\/www.linkedin.com\/in\/michaldwieczorek\",\"https:\/\/twitter.com\/http:\/\/twitter.com\/eveningo\"],\"url\":\"https:\/\/www.sotrender.com\/blog\/pl\/author\/micha_wieczorek\/\"}]}<\/script>\n<!-- \/ Yoast SEO plugin. -->","yoast_head_json":{"title":"Znikni\u0119cie i powr\u00f3t Kataryny","description":"Sprawdzamy, jak Twitter zareagowa\u0142 na znikni\u0119cie i powr\u00f3t jednej z najpopularniejszych blogerek politycznych - Kataryny.","robots":{"index":"index","follow":"follow","max-snippet":"max-snippet:-1","max-image-preview":"max-image-preview:large","max-video-preview":"max-video-preview:-1"},"canonical":"https:\/\/www.sotrender.com\/blog\/pl\/2016\/06\/kataryna-twitter\/","og_locale":"pl_PL","og_type":"article","og_title":"Znikni\u0119cie i powr\u00f3t Kataryny","og_description":"Sprawdzamy, jak Twitter zareagowa\u0142 na znikni\u0119cie i powr\u00f3t jednej z najpopularniejszych blogerek politycznych - Kataryny.","og_url":"https:\/\/www.sotrender.com\/blog\/pl\/2016\/06\/kataryna-twitter\/","og_site_name":"Sotrender Blog","article_publisher":"https:\/\/www.facebook.com\/Sotrender","article_published_time":"2016-06-15T11:59:48+00:00","article_modified_time":"2017-04-13T09:33:03+00:00","og_image":[{"width":950,"height":631,"url":"https:\/\/www.sotrender.com\/blog\/wp-content\/uploads\/2016\/03\/crowd-header-950x631.jpg","type":"image\/jpeg"}],"author":"Micha\u0142 Wieczorek","twitter_card":"summary_large_image","twitter_creator":"@http:\/\/twitter.com\/eveningo","twitter_site":"@Sotrender","twitter_misc":{"Written by":"Micha\u0142 Wieczorek","Est. reading time":"2 minutes"},"schema":{"@context":"https:\/\/schema.org","@graph":[{"@type":"WebPage","@id":"https:\/\/www.sotrender.com\/blog\/pl\/2016\/06\/kataryna-twitter\/","url":"https:\/\/www.sotrender.com\/blog\/pl\/2016\/06\/kataryna-twitter\/","name":"Znikni\u0119cie i powr\u00f3t Kataryny","isPartOf":{"@id":"https:\/\/www.sotrender.com\/blog\/#website"},"primaryImageOfPage":{"@id":"https:\/\/www.sotrender.com\/blog\/pl\/2016\/06\/kataryna-twitter\/#primaryimage"},"image":{"@id":"https:\/\/www.sotrender.com\/blog\/pl\/2016\/06\/kataryna-twitter\/#primaryimage"},"thumbnailUrl":"https:\/\/www.sotrender.com\/blog\/wp-content\/uploads\/2016\/03\/crowd-header.jpg","datePublished":"2016-06-15T11:59:48+00:00","dateModified":"2017-04-13T09:33:03+00:00","author":{"@id":"https:\/\/www.sotrender.com\/blog\/#\/schema\/person\/48ed6f8ff39863778de8dd32f58467f5"},"description":"Sprawdzamy, jak Twitter zareagowa\u0142 na znikni\u0119cie i powr\u00f3t jednej z najpopularniejszych blogerek politycznych - Kataryny.","breadcrumb":{"@id":"https:\/\/www.sotrender.com\/blog\/pl\/2016\/06\/kataryna-twitter\/#breadcrumb"},"inLanguage":"pl-PL","potentialAction":[{"@type":"ReadAction","target":["https:\/\/www.sotrender.com\/blog\/pl\/2016\/06\/kataryna-twitter\/"]}]},{"@type":"ImageObject","inLanguage":"pl-PL","@id":"https:\/\/www.sotrender.com\/blog\/pl\/2016\/06\/kataryna-twitter\/#primaryimage","url":"https:\/\/www.sotrender.com\/blog\/wp-content\/uploads\/2016\/03\/crowd-header.jpg","contentUrl":"https:\/\/www.sotrender.com\/blog\/wp-content\/uploads\/2016\/03\/crowd-header.jpg","width":4219,"height":2802},{"@type":"BreadcrumbList","@id":"https:\/\/www.sotrender.com\/blog\/pl\/2016\/06\/kataryna-twitter\/#breadcrumb","itemListElement":[{"@type":"ListItem","position":1,"name":"Home","item":"https:\/\/www.sotrender.com\/blog\/"},{"@type":"ListItem","position":2,"name":"Jak Twitter zareagowa\u0142 na znikni\u0119cie i powr\u00f3t Kataryny?"}]},{"@type":"WebSite","@id":"https:\/\/www.sotrender.com\/blog\/#website","url":"https:\/\/www.sotrender.com\/blog\/","name":"Sotrender Blog","description":"","potentialAction":[{"@type":"SearchAction","target":{"@type":"EntryPoint","urlTemplate":"https:\/\/www.sotrender.com\/blog\/?s={search_term_string}"},"query-input":"required name=search_term_string"}],"inLanguage":"pl-PL"},{"@type":"Person","@id":"https:\/\/www.sotrender.com\/blog\/#\/schema\/person\/48ed6f8ff39863778de8dd32f58467f5","name":"Micha\u0142 Wieczorek","image":{"@type":"ImageObject","inLanguage":"pl-PL","@id":"https:\/\/www.sotrender.com\/blog\/#\/schema\/person\/image\/","url":"https:\/\/secure.gravatar.com\/avatar\/65ceb2020aa2338488b9c5f33c10137f?s=96&d=mm&r=g","contentUrl":"https:\/\/secure.gravatar.com\/avatar\/65ceb2020aa2338488b9c5f33c10137f?s=96&d=mm&r=g","caption":"Micha\u0142 Wieczorek"},"description":"Baltic linguist, marketer, and music journalist in his free time. A big fan of good food and even better music.","sameAs":["https:\/\/www.linkedin.com\/in\/michaldwieczorek","https:\/\/twitter.com\/http:\/\/twitter.com\/eveningo"],"url":"https:\/\/www.sotrender.com\/blog\/pl\/author\/micha_wieczorek\/"}]}},"_links":{"self":[{"href":"https:\/\/www.sotrender.com\/blog\/pl\/wp-json\/wp\/v2\/posts\/22347"}],"collection":[{"href":"https:\/\/www.sotrender.com\/blog\/pl\/wp-json\/wp\/v2\/posts"}],"about":[{"href":"https:\/\/www.sotrender.com\/blog\/pl\/wp-json\/wp\/v2\/types\/post"}],"author":[{"embeddable":true,"href":"https:\/\/www.sotrender.com\/blog\/pl\/wp-json\/wp\/v2\/users\/49"}],"replies":[{"embeddable":true,"href":"https:\/\/www.sotrender.com\/blog\/pl\/wp-json\/wp\/v2\/comments?post=22347"}],"version-history":[{"count":9,"href":"https:\/\/www.sotrender.com\/blog\/pl\/wp-json\/wp\/v2\/posts\/22347\/revisions"}],"predecessor-version":[{"id":26513,"href":"https:\/\/www.sotrender.com\/blog\/pl\/wp-json\/wp\/v2\/posts\/22347\/revisions\/26513"}],"wp:featuredmedia":[{"embeddable":true,"href":"https:\/\/www.sotrender.com\/blog\/pl\/wp-json\/wp\/v2\/media\/21799"}],"wp:attachment":[{"href":"https:\/\/www.sotrender.com\/blog\/pl\/wp-json\/wp\/v2\/media?parent=22347"}],"wp:term":[{"taxonomy":"category","embeddable":true,"href":"https:\/\/www.sotrender.com\/blog\/pl\/wp-json\/wp\/v2\/categories?post=22347"},{"taxonomy":"post_tag","embeddable":true,"href":"https:\/\/www.sotrender.com\/blog\/pl\/wp-json\/wp\/v2\/tags?post=22347"}],"curies":[{"name":"wp","href":"https:\/\/api.w.org\/{rel}","templated":true}]}}