{"id":22255,"date":"2016-06-09T10:10:41","date_gmt":"2016-06-09T09:10:41","guid":{"rendered":"http:\/\/blog.sotrender.com\/pl\/?p=22255"},"modified":"2018-08-08T16:20:12","modified_gmt":"2018-08-08T14:20:12","slug":"pejzaz-wydatkow-reklamowych-polskich-firm-na-facebooku-prezentacja","status":"publish","type":"post","link":"https:\/\/www.sotrender.com\/blog\/pl\/2016\/06\/pejzaz-wydatkow-reklamowych-polskich-firm-na-facebooku-prezentacja\/","title":{"rendered":"Pejza\u017c wydatk\u00f3w reklamowych polskich firm na Facebooku [PREZENTACJA]"},"content":{"rendered":"<p style=\"text-align: justify;\"><span style=\"font-weight: 400;\">Z okazji <a href=\"https:\/\/www.forumiab.pl\">Forum IAB<\/a>\u00a0prezentujemy premierowe wyniki badania wydatk\u00f3w polskich firm na reklam\u0119 na Facebooku. Realizowane pioniersk\u0105 metoda opart\u0105 o big data, badanie pozwala przewidzie\u0107 na podstawie danych publicznych rzeczywiste wydatki na p\u0142atn\u0105 komunikacj\u0119 dowolnej strony, ca\u0142ych bran\u017c i kategorii produktowych. <\/span><br \/>\n<!--more--><\/p>\n<h2 style=\"text-align: justify;\">Warto\u015b\u0107 rynku reklamy w social media<\/h2>\n<p style=\"text-align: justify;\"><span style=\"font-weight: 400;\">Rynek reklamy online w Polsce stale ro\u015bnie. Wg badania <\/span><span style=\"font-weight: 400;\"><a href=\"http:\/\/iab.org.pl\/wp-content\/uploads\/2016\/05\/IAB_PwC_AdEx_2015FY_infografika.png\">IAB Polska\/PwC AdEx 2015<\/a><\/span><span style=\"font-weight: 400;\">\u00a0w Polsce w latach 2008-2015 r\u00f3s\u0142 on przeci\u0119tnie o niemal 15% rocznie, w 2015 przekraczaj\u0105c po raz pierwszy 3 mld z\u0142. Zarazem w naszym kraju ci\u0105gle ma\u0142y jest udzia\u0142 social media w og\u00f3le wydatk\u00f3w online (12% w 2015 w por\u00f3wnaniu do 18% w USA), cho\u0107 szybko ro\u015bnie. Nawet ten kilkunastoprocentowy udzia\u0142 to niewiele, bior\u0105c pod uwag\u0119, \u017ce zdecydowana wi\u0119kszo\u015bc u\u017cytkownik\u00f3w internetu korzysta intensywnie z social media i sp\u0119dza tam coraz wi\u0119cej czasu. W analizach wydatk\u00f3w na social media brakuje te\u017c szacunk\u00f3w dotycz\u0105cych podzia\u0142u wydawanych kwot pomi\u0119dzy poszczeg\u00f3lne platformy (cho\u0107 mo\u017cna si\u0119 domy\u015bla\u0107, \u017ce najpopularniejszy serwis spo\u0142eczno\u015bciowych, jakim jest Facebook, skupia te\u017c wi\u0119kszo\u015b\u0107 wydatk\u00f3w), nie m\u00f3wi\u0105c ju\u017c o szacunkach dla poszczeg\u00f3lnych bran\u017c czy marek.<\/span><\/p>\n<div id=\"attachment_22257\" style=\"width: 562px\" class=\"wp-caption aligncenter\"><a href=\"https:\/\/www.sotrender.com\/wp-content\/uploads\/2016\/06\/odseted-wydatk\u00f3w-na-reklam\u0119-w-mediach-spo\u0142eczno\u015bciowych.png\"><img loading=\"lazy\" decoding=\"async\" aria-describedby=\"caption-attachment-22257\" class=\"wp-image-22257 size-full\" src=\"https:\/\/www.sotrender.com\/blog\/wp-content\/uploads\/2016\/06\/odseted-wydatk\u00f3w-na-reklam\u0119-w-mediach-spo\u0142eczno\u015bciowych.png\" alt=\"odsetek wydatk\u00f3w na reklam\u0119 w mediach spo\u0142eczno\u015bciowych\" width=\"552\" height=\"416\" srcset=\"https:\/\/www.sotrender.com\/blog\/wp-content\/uploads\/2016\/06\/odseted-wydatk\u00f3w-na-reklam\u0119-w-mediach-spo\u0142eczno\u015bciowych.png 552w, https:\/\/www.sotrender.com\/blog\/wp-content\/uploads\/2016\/06\/odseted-wydatk\u00f3w-na-reklam\u0119-w-mediach-spo\u0142eczno\u015bciowych-475x358.png 475w\" sizes=\"(max-width: 552px) 100vw, 552px\" \/><\/a><p id=\"caption-attachment-22257\" class=\"wp-caption-text\">\u0179r\u00f3d\u0142a: IAB Polska\/PwC AdEx 2015-2013; IAB Internet Advertising Revenue 2015-2013 Full-Year Report<\/p><\/div>\n<h2 style=\"text-align: justify;\">Estymacja wydatk\u00f3w dzi\u0119ki big data<\/h2>\n<p style=\"text-align: justify;\"><a href=\"https:\/\/www.sotrender.com\/resources\/pl\/reports\"><span style=\"font-weight: 400;\">Sotrender Research Team<\/span><\/a><span style=\"font-weight: 400;\">\u00a0podj\u0105\u0142 wyzwanie oszacowania wydatk\u00f3w polskich marek na reklam\u0119 na Facebooku. Jest to mo\u017cliwe dzi\u0119ki naszej nowatorskiej w skali \u015bwiatowej metodzie szacowania ods\u0142on i zasi\u0119g\u00f3w z wykorzystaniem big data.<\/span><\/p>\n<p style=\"text-align: justify;\"><span style=\"font-weight: 400;\">Wykorzystywane przez nas metody pozwalaj\u0105 nam oszacowa\u0107 wydatki reklamowe w oparciu o dane dost\u0119pne publicznie. Osi\u0105gamy obecnie 97% skuteczno\u015bci w klasyfikacji poszczeg\u00f3lnych post\u00f3w jako sponsorowane i przynajmniej 88% dok\u0142adno\u015b\u0107 szacunk\u00f3w dla liczby ods\u0142on i zasi\u0119gu profili pow. 100 tys. fan\u00f3w. W oparciu o liczb\u0119 ods\u0142on szacujemy wydatki, przyjmuj\u0105c u\u015bredniony rynkowy CPM = 8 z\u0142, czyli ekwiwalent 8 z\u0142 dla ka\u017cdego 1000 ods\u0142on.<\/span><\/p>\n<p style=\"text-align: justify;\"><span style=\"font-weight: 400;\">W tych analizach skupiamy si\u0119 na komunikacji profili widocznej w newsfeedzie u\u017cytkownik\u00f3w, uwzgl\u0119dniaj\u0105c zar\u00f3wno posty widoczne na \u015bcianie profilu, jak i tzw. dark posty. S\u0105 to formy reklamowe specyficzne dla Facebooka i pozwalaj\u0105ce na interakcje z tre\u015bci\u0105. Nie bierzemy \u00a0natomiast pod uwag\u0119 tak zwanych reklam w prawej kolumnie, kt\u00f3re zwykle s\u0105 kolejn\u0105 form\u0105 reklamy display i cz\u0119sto kieruj\u0105 na strony WWW, czyli poza Facebooka.<\/span><\/p>\n<div id=\"attachment_22277\" style=\"width: 1375px\" class=\"wp-caption aligncenter\"><a href=\"https:\/\/www.sotrender.com\/wp-content\/uploads\/2016\/06\/Clipboard01.jpg\"><img loading=\"lazy\" decoding=\"async\" aria-describedby=\"caption-attachment-22277\" class=\"wp-image-22277 size-full\" src=\"https:\/\/www.sotrender.com\/blog\/wp-content\/uploads\/2016\/06\/Clipboard01.jpg\" alt=\"Jakie reklamy na Facebooku podlegaj\u0105 naszej analizie\" width=\"1365\" height=\"786\" srcset=\"https:\/\/www.sotrender.com\/blog\/wp-content\/uploads\/2016\/06\/Clipboard01.jpg 1365w, https:\/\/www.sotrender.com\/blog\/wp-content\/uploads\/2016\/06\/Clipboard01-475x274.jpg 475w, https:\/\/www.sotrender.com\/blog\/wp-content\/uploads\/2016\/06\/Clipboard01-768x442.jpg 768w, https:\/\/www.sotrender.com\/blog\/wp-content\/uploads\/2016\/06\/Clipboard01-950x547.jpg 950w, https:\/\/www.sotrender.com\/blog\/wp-content\/uploads\/2016\/06\/Clipboard01-600x345.jpg 600w\" sizes=\"(max-width: 1365px) 100vw, 1365px\" \/><\/a><p id=\"caption-attachment-22277\" class=\"wp-caption-text\">Jakie reklamy na Facebooku podlegaj\u0105 naszej analizie<\/p><\/div>\n<h2 style=\"text-align: justify;\">Wydatki bran\u017c na komunikacj\u0119 na Facebooku<\/h2>\n<p style=\"text-align: justify;\"><span style=\"font-weight: 400;\">Nasza metoda estymacji wydatk\u00f3w reklamowych umo\u017cliwia oszacowanie wydatk\u00f3w poszczeg\u00f3lnych bran\u017c. Wzi\u0119li\u015bmy pod lup\u0119 wydatki w 2015 r. Wykorzystali\u015bmy kategoryzacj\u0119 u\u017cywan\u0105 przez IAB Polska w raportach AdEx.<\/span><\/p>\n<div id=\"attachment_22261\" style=\"width: 546px\" class=\"wp-caption aligncenter\"><a href=\"https:\/\/www.sotrender.com\/wp-content\/uploads\/2016\/06\/p\u0142atna-komunikacja-bran\u017c.png\"><img loading=\"lazy\" decoding=\"async\" aria-describedby=\"caption-attachment-22261\" class=\"wp-image-22261 size-full\" src=\"https:\/\/www.sotrender.com\/blog\/wp-content\/uploads\/2016\/06\/p\u0142atna-komunikacja-bran\u017c.png\" alt=\"p\u0142atna komunikacja bran\u017c\" width=\"536\" height=\"357\" srcset=\"https:\/\/www.sotrender.com\/blog\/wp-content\/uploads\/2016\/06\/p\u0142atna-komunikacja-bran\u017c.png 536w, https:\/\/www.sotrender.com\/blog\/wp-content\/uploads\/2016\/06\/p\u0142atna-komunikacja-bran\u017c-475x316.png 475w\" sizes=\"(max-width: 536px) 100vw, 536px\" \/><\/a><p id=\"caption-attachment-22261\" class=\"wp-caption-text\">Estymowane wydatki na p\u0142atn\u0105 komunikacj\u0119 w bran\u017cach<\/p><\/div>\n<p style=\"text-align: justify;\"><span style=\"font-weight: 400;\">Liderem wydatk\u00f3w na p\u0142atn\u0105 komunikacj\u0119 na Facebooku jest handel. W tej kategorii zawiera si\u0119 tak\u017ce e-commerce, kt\u00f3ry odpowiada za prawie 50% wydatk\u00f3w bran\u017cy. W 2015 roku na sponsorowane posty (w tym dark posty) marki z tej kategorii wyda\u0142y \u0142\u0105cznie ponad 50 milion\u00f3w z\u0142otych. Coraz wi\u0119cej decyzji zakupowych (i samych zakup\u00f3w) odbywa si\u0119 online, z uwzgl\u0119dnieniem social media, dlatego takie wydatki nie s\u0105 zaskoczeniem. Wysok\u0105 pozycj\u0119 zajmuje kategoria Napoje i alkohole. Marki piwa, cydru i mocniejszych alkoholi odpowiada\u0142y za ponad po\u0142ow\u0119 koszt\u00f3w reklamy w tej bran\u017cy, wykorzystuj\u0105c sytuacj\u0119 mniejszych regulacji reklamy w tym kanale. Nie zaskakuj\u0105 niskie wydatki reklamowe firm farmaceutycznych (ponad 50 razy mniej ni\u017c handel), poniewa\u017c ta bran\u017ca skupia si\u0119 przede wszystkim na reklamie w mediach tradycyjnych, a poza tym ograniczenia prawne utrudniaj\u0105 jej promocj\u0119 w mediach spo\u0142eczno\u015bciowych.<\/span><\/p>\n<div id=\"attachment_22263\" style=\"width: 574px\" class=\"wp-caption aligncenter\"><a href=\"https:\/\/www.sotrender.com\/wp-content\/uploads\/2016\/06\/p\u0142atna-komunikacja-a-reklama-online.png\"><img loading=\"lazy\" decoding=\"async\" aria-describedby=\"caption-attachment-22263\" class=\"wp-image-22263 size-full\" src=\"https:\/\/www.sotrender.com\/blog\/wp-content\/uploads\/2016\/06\/p\u0142atna-komunikacja-a-reklama-online.png\" alt=\"p\u0142atna komunikacja a reklama online\" width=\"564\" height=\"372\" srcset=\"https:\/\/www.sotrender.com\/blog\/wp-content\/uploads\/2016\/06\/p\u0142atna-komunikacja-a-reklama-online.png 564w, https:\/\/www.sotrender.com\/blog\/wp-content\/uploads\/2016\/06\/p\u0142atna-komunikacja-a-reklama-online-475x313.png 475w\" sizes=\"(max-width: 564px) 100vw, 564px\" \/><\/a><p id=\"caption-attachment-22263\" class=\"wp-caption-text\">Reklama internetowa a p\u0142atna promocja na Facebooku<\/p><\/div>\n<p style=\"text-align: justify;\"><span style=\"font-weight: 400;\">Ciekawe wnioski p\u0142yn\u0105 z por\u00f3wnania pozycji poszczeg\u00f3lnych bran\u017c w naszym badaniu i w raporcie IAB AdEx dotycz\u0105cym ca\u0142o\u015bci wydatk\u00f3w reklamy online. Najwi\u0119ksze r\u00f3\u017cnice dotycz\u0105 takich bran\u017c jak Motoryzacja, kt\u00f3ra odpowiada za bardzo du\u017c\u0105 cz\u0119\u015b\u0107 reklamy online, za\u015b na Facebooku ma znacznie mniejszy udzia\u0142, oraz Napoje i alkohole, w przypadku kt\u00f3rych zale\u017cno\u015b\u0107 jest odwrotna. <\/span><\/p>\n<h2 style=\"text-align: justify;\">Najwi\u0119ksi reklamodawcy na Facebooku w Polsce<\/h2>\n<div id=\"attachment_22281\" style=\"width: 967px\" class=\"wp-caption aligncenter\"><a href=\"https:\/\/www.sotrender.com\/wp-content\/uploads\/2016\/06\/najwi\u0119cej-wydatk\u00f3w-na-reklam\u0119.png\"><img loading=\"lazy\" decoding=\"async\" aria-describedby=\"caption-attachment-22281\" class=\"wp-image-22281 size-full\" src=\"https:\/\/www.sotrender.com\/blog\/wp-content\/uploads\/2016\/06\/najwi\u0119cej-wydatk\u00f3w-na-reklam\u0119.png\" alt=\"Marki wydaj\u0105ce najwi\u0119cej na p\u0142atn\u0105 komunikacj\u0119 na Facebooku\" width=\"957\" height=\"718\" srcset=\"https:\/\/www.sotrender.com\/blog\/wp-content\/uploads\/2016\/06\/najwi\u0119cej-wydatk\u00f3w-na-reklam\u0119.png 957w, https:\/\/www.sotrender.com\/blog\/wp-content\/uploads\/2016\/06\/najwi\u0119cej-wydatk\u00f3w-na-reklam\u0119-475x356.png 475w, https:\/\/www.sotrender.com\/blog\/wp-content\/uploads\/2016\/06\/najwi\u0119cej-wydatk\u00f3w-na-reklam\u0119-950x713.png 950w\" sizes=\"(max-width: 957px) 100vw, 957px\" \/><\/a><p id=\"caption-attachment-22281\" class=\"wp-caption-text\">Marki wydaj\u0105ce najwi\u0119cej na p\u0142atn\u0105 komunikacj\u0119 na Facebooku<\/p><\/div>\n<p style=\"text-align: justify;\"><span style=\"font-weight: 400;\">Stosowane przez nas algorytmy machine learning umo\u017cliwiaj\u0105 tak\u017ce szacowanie wydatk\u00f3w poszczeg\u00f3lnych firm i marek. Jak wida\u0107, mamy w Polsce kilka firm, kt\u00f3re wydaj\u0105 na promocj\u0119 post\u00f3w na Facebooku ponad 5 mln z\u0142 rocznie, i kilkadziesi\u0105t kolejnych wydaj\u0105cych setki tysi\u0119cy. W tym rankingu przewa\u017caj\u0105 przede wszystkim marki konsumenckie. Wi\u0119kszo\u015b\u0107 z nich nale\u017cy do grona najwi\u0119kszych reklamodawc\u00f3w, przeznaczaj\u0105cych du\u017ce bud\u017cety na dzia\u0142ania tak\u017ce w innych kana\u0142ach. Zdarzaj\u0105 si\u0119 jednak tak\u017ce stosunkowo mniej znane marki, kt\u00f3re traktuj\u0105 Facebook priorytetowo. Szczeg\u00f3lnie cz\u0119ste jest to w e-commerce (wi\u0119cej danych znajdziecie w analizie przygotowanej wsp\u00f3lnie z <a href=\"http:\/\/socialpress.pl\/2016\/05\/branza-e-commerce-zobacz-jaki-budzet-wydaje-na-posty-sponsorowane-na-facebooku\/\">Social Press<\/a><\/span><span style=\"font-weight: 400;\">).<\/span><\/p>\n<p style=\"text-align: justify;\"><span style=\"font-weight: 400;\">Znacznie wi\u0119cej danych dotycz\u0105cych wydatk\u00f3w na reklamy na Facebooku znajduje si\u0119 w prezentacji, przedstawionej na Forum IAB. <\/span><\/p>\n<div align=\"center\">\n<p><iframe loading=\"lazy\" style=\"border: 1px solid #CCC; border-width: 1px; margin-bottom: 5px; max-width: 100%;\" src=\"\/\/www.slideshare.net\/slideshow\/embed_code\/key\/KNx1prScx3Qz92\" width=\"595\" height=\"485\" frameborder=\"0\" marginwidth=\"0\" marginheight=\"0\" scrolling=\"no\" allowfullscreen=\"allowfullscreen\"> <\/iframe><\/p>\n<div style=\"margin-bottom: 5px;\"><strong> <a title=\"Pejza\u017c wydatk\u00f3w reklamowych polskich firm na Facebooku\" href=\"\/\/www.slideshare.net\/FanpageTrender\/pejza-wydatkw-reklamowych-polskich-firm-na-facebooku\" target=\"_blank\" rel=\"noopener\">Pejza\u017c wydatk\u00f3w reklamowych polskich firm na Facebooku<\/a> <\/strong> from <strong><a href=\"\/\/www.slideshare.net\/FanpageTrender\" target=\"_blank\" rel=\"noopener\">Sotrender<\/a><\/strong><\/div>\n<\/div>\n<p style=\"text-align: justify;\"><span style=\"font-weight: 400;\">Zapraszamy te\u017c do sprawdzenia przyk\u0142ad\u00f3w naszych bada\u0144 strategii komunikacji w social media i wydatk\u00f3w na ni\u0105:<\/span><\/p>\n<div align=\"center\">\n<p><iframe loading=\"lazy\" style=\"border: 1px solid #CCC; border-width: 1px; margin-bottom: 5px; max-width: 100%;\" src=\"\/\/www.slideshare.net\/slideshow\/embed_code\/key\/4OD6lDUMwmmmZi\" width=\"595\" height=\"485\" frameborder=\"0\" marginwidth=\"0\" marginheight=\"0\" scrolling=\"no\" allowfullscreen=\"allowfullscreen\"> <\/iframe><\/p>\n<div style=\"margin-bottom: 5px;\"><strong> <a title=\"Badanie komunikacji kategorii na Facebooku\" href=\"\/\/www.slideshare.net\/FanpageTrender\/badanie-patnej-komunikacji-na-facebooku\" target=\"_blank\" rel=\"noopener\">Badanie komunikacji kategorii na Facebooku<\/a> <\/strong> from <strong><a href=\"https:\/\/www.slideshare.net\/FanpageTrender\" target=\"_blank\" rel=\"noopener\">Sotrender<\/a><\/strong><\/div>\n<\/div>\n","protected":false},"excerpt":{"rendered":"<p>Z okazji Forum IAB\u00a0prezentujemy premierowe wyniki badania wydatk\u00f3w polskich firm na reklam\u0119 na Facebooku. Realizowane pioniersk\u0105 metoda opart\u0105 o big data, badanie pozwala przewidzie\u0107 na podstawie danych publicznych rzeczywiste wydatki na p\u0142atn\u0105 komunikacj\u0119 dowolnej strony, ca\u0142ych bran\u017c i kategorii produktowych.<\/p>\n","protected":false},"author":2,"featured_media":21729,"comment_status":"open","ping_status":"open","sticky":false,"template":"","format":"standard","meta":{"inline_featured_image":false,"footnotes":""},"categories":[1793,1795,1797],"tags":[573,1381,2003,2005,2007],"yoast_head":"<!-- This site is optimized with the Yoast SEO plugin v22.4 - https:\/\/yoast.com\/wordpress\/plugins\/seo\/ -->\n<title>Pejza\u017c wydatk\u00f3w reklamowych polskich firm na Facebooku<\/title>\n<meta name=\"description\" content=\"Reklama na Facebooku - kto wydaje najwi\u0119cej i jak to sprawdzi\u0107?\" \/>\n<meta name=\"robots\" content=\"index, follow, max-snippet:-1, max-image-preview:large, max-video-preview:-1\" \/>\n<link rel=\"canonical\" href=\"https:\/\/www.sotrender.com\/blog\/pl\/2016\/06\/pejzaz-wydatkow-reklamowych-polskich-firm-na-facebooku-prezentacja\/\" \/>\n<meta property=\"og:locale\" content=\"pl_PL\" \/>\n<meta property=\"og:type\" content=\"article\" \/>\n<meta property=\"og:title\" content=\"Pejza\u017c wydatk\u00f3w reklamowych polskich firm na Facebooku\" \/>\n<meta property=\"og:description\" content=\"Reklama na Facebooku - kto wydaje najwi\u0119cej i jak to sprawdzi\u0107?\" \/>\n<meta property=\"og:url\" content=\"https:\/\/www.sotrender.com\/blog\/pl\/2016\/06\/pejzaz-wydatkow-reklamowych-polskich-firm-na-facebooku-prezentacja\/\" \/>\n<meta property=\"og:site_name\" content=\"Sotrender Blog\" \/>\n<meta property=\"article:publisher\" content=\"https:\/\/www.facebook.com\/Sotrender\" \/>\n<meta property=\"article:author\" content=\"https:\/\/www.facebook.com\/jan.zajac.75?fref=ts\" \/>\n<meta property=\"article:published_time\" content=\"2016-06-09T09:10:41+00:00\" \/>\n<meta property=\"article:modified_time\" content=\"2018-08-08T14:20:12+00:00\" \/>\n<meta property=\"og:image\" content=\"https:\/\/www.sotrender.com\/blog\/wp-content\/uploads\/2016\/03\/header-4-950x634.jpg\" \/>\n\t<meta property=\"og:image:width\" content=\"950\" \/>\n\t<meta property=\"og:image:height\" content=\"634\" \/>\n\t<meta property=\"og:image:type\" content=\"image\/jpeg\" \/>\n<meta name=\"author\" content=\"Jan Zaj\u0105c\" \/>\n<meta name=\"twitter:card\" content=\"summary_large_image\" \/>\n<meta name=\"twitter:creator\" content=\"@http:\/\/twitter.com\/janekzajac\" \/>\n<meta name=\"twitter:site\" content=\"@Sotrender\" \/>\n<meta name=\"twitter:label1\" content=\"Written by\" \/>\n\t<meta name=\"twitter:data1\" content=\"Jan Zaj\u0105c\" \/>\n\t<meta name=\"twitter:label2\" content=\"Est. reading time\" \/>\n\t<meta name=\"twitter:data2\" content=\"5 minutes\" \/>\n<script type=\"application\/ld+json\" class=\"yoast-schema-graph\">{\"@context\":\"https:\/\/schema.org\",\"@graph\":[{\"@type\":\"WebPage\",\"@id\":\"https:\/\/www.sotrender.com\/blog\/pl\/2016\/06\/pejzaz-wydatkow-reklamowych-polskich-firm-na-facebooku-prezentacja\/\",\"url\":\"https:\/\/www.sotrender.com\/blog\/pl\/2016\/06\/pejzaz-wydatkow-reklamowych-polskich-firm-na-facebooku-prezentacja\/\",\"name\":\"Pejza\u017c wydatk\u00f3w reklamowych polskich firm na Facebooku\",\"isPartOf\":{\"@id\":\"https:\/\/www.sotrender.com\/blog\/#website\"},\"primaryImageOfPage\":{\"@id\":\"https:\/\/www.sotrender.com\/blog\/pl\/2016\/06\/pejzaz-wydatkow-reklamowych-polskich-firm-na-facebooku-prezentacja\/#primaryimage\"},\"image\":{\"@id\":\"https:\/\/www.sotrender.com\/blog\/pl\/2016\/06\/pejzaz-wydatkow-reklamowych-polskich-firm-na-facebooku-prezentacja\/#primaryimage\"},\"thumbnailUrl\":\"https:\/\/www.sotrender.com\/blog\/wp-content\/uploads\/2016\/03\/header-4.jpg\",\"datePublished\":\"2016-06-09T09:10:41+00:00\",\"dateModified\":\"2018-08-08T14:20:12+00:00\",\"author\":{\"@id\":\"https:\/\/www.sotrender.com\/blog\/#\/schema\/person\/15d4db3ba9c4e61b1cb96099300e7c51\"},\"description\":\"Reklama na Facebooku - kto wydaje najwi\u0119cej i jak to sprawdzi\u0107?\",\"breadcrumb\":{\"@id\":\"https:\/\/www.sotrender.com\/blog\/pl\/2016\/06\/pejzaz-wydatkow-reklamowych-polskich-firm-na-facebooku-prezentacja\/#breadcrumb\"},\"inLanguage\":\"pl-PL\",\"potentialAction\":[{\"@type\":\"ReadAction\",\"target\":[\"https:\/\/www.sotrender.com\/blog\/pl\/2016\/06\/pejzaz-wydatkow-reklamowych-polskich-firm-na-facebooku-prezentacja\/\"]}]},{\"@type\":\"ImageObject\",\"inLanguage\":\"pl-PL\",\"@id\":\"https:\/\/www.sotrender.com\/blog\/pl\/2016\/06\/pejzaz-wydatkow-reklamowych-polskich-firm-na-facebooku-prezentacja\/#primaryimage\",\"url\":\"https:\/\/www.sotrender.com\/blog\/wp-content\/uploads\/2016\/03\/header-4.jpg\",\"contentUrl\":\"https:\/\/www.sotrender.com\/blog\/wp-content\/uploads\/2016\/03\/header-4.jpg\",\"width\":7360,\"height\":4912},{\"@type\":\"BreadcrumbList\",\"@id\":\"https:\/\/www.sotrender.com\/blog\/pl\/2016\/06\/pejzaz-wydatkow-reklamowych-polskich-firm-na-facebooku-prezentacja\/#breadcrumb\",\"itemListElement\":[{\"@type\":\"ListItem\",\"position\":1,\"name\":\"Home\",\"item\":\"https:\/\/www.sotrender.com\/blog\/\"},{\"@type\":\"ListItem\",\"position\":2,\"name\":\"Pejza\u017c wydatk\u00f3w reklamowych polskich firm na Facebooku [PREZENTACJA]\"}]},{\"@type\":\"WebSite\",\"@id\":\"https:\/\/www.sotrender.com\/blog\/#website\",\"url\":\"https:\/\/www.sotrender.com\/blog\/\",\"name\":\"Sotrender Blog\",\"description\":\"\",\"potentialAction\":[{\"@type\":\"SearchAction\",\"target\":{\"@type\":\"EntryPoint\",\"urlTemplate\":\"https:\/\/www.sotrender.com\/blog\/?s={search_term_string}\"},\"query-input\":\"required name=search_term_string\"}],\"inLanguage\":\"pl-PL\"},{\"@type\":\"Person\",\"@id\":\"https:\/\/www.sotrender.com\/blog\/#\/schema\/person\/15d4db3ba9c4e61b1cb96099300e7c51\",\"name\":\"Jan Zaj\u0105c\",\"image\":{\"@type\":\"ImageObject\",\"inLanguage\":\"pl-PL\",\"@id\":\"https:\/\/www.sotrender.com\/blog\/#\/schema\/person\/image\/\",\"url\":\"https:\/\/secure.gravatar.com\/avatar\/330c70ea205c5402148d7c7d8927d81d?s=96&d=mm&r=g\",\"contentUrl\":\"https:\/\/secure.gravatar.com\/avatar\/330c70ea205c5402148d7c7d8927d81d?s=96&d=mm&r=g\",\"caption\":\"Jan Zaj\u0105c\"},\"description\":\"Psychologist &amp; economist, experienced consultant &amp; researcher, who speaks 6 languages and has cycled around 17 countries.\",\"sameAs\":[\"https:\/\/www.facebook.com\/jan.zajac.75?fref=ts\",\"https:\/\/www.linkedin.com\/in\/janekzajac\",\"https:\/\/twitter.com\/http:\/\/twitter.com\/janekzajac\"],\"url\":\"https:\/\/www.sotrender.com\/blog\/pl\/author\/jan_zajc\/\"}]}<\/script>\n<!-- \/ Yoast SEO plugin. -->","yoast_head_json":{"title":"Pejza\u017c wydatk\u00f3w reklamowych polskich firm na Facebooku","description":"Reklama na Facebooku - kto wydaje najwi\u0119cej i jak to sprawdzi\u0107?","robots":{"index":"index","follow":"follow","max-snippet":"max-snippet:-1","max-image-preview":"max-image-preview:large","max-video-preview":"max-video-preview:-1"},"canonical":"https:\/\/www.sotrender.com\/blog\/pl\/2016\/06\/pejzaz-wydatkow-reklamowych-polskich-firm-na-facebooku-prezentacja\/","og_locale":"pl_PL","og_type":"article","og_title":"Pejza\u017c wydatk\u00f3w reklamowych polskich firm na Facebooku","og_description":"Reklama na Facebooku - kto wydaje najwi\u0119cej i jak to sprawdzi\u0107?","og_url":"https:\/\/www.sotrender.com\/blog\/pl\/2016\/06\/pejzaz-wydatkow-reklamowych-polskich-firm-na-facebooku-prezentacja\/","og_site_name":"Sotrender Blog","article_publisher":"https:\/\/www.facebook.com\/Sotrender","article_author":"https:\/\/www.facebook.com\/jan.zajac.75?fref=ts","article_published_time":"2016-06-09T09:10:41+00:00","article_modified_time":"2018-08-08T14:20:12+00:00","og_image":[{"width":950,"height":634,"url":"https:\/\/www.sotrender.com\/blog\/wp-content\/uploads\/2016\/03\/header-4-950x634.jpg","type":"image\/jpeg"}],"author":"Jan Zaj\u0105c","twitter_card":"summary_large_image","twitter_creator":"@http:\/\/twitter.com\/janekzajac","twitter_site":"@Sotrender","twitter_misc":{"Written by":"Jan Zaj\u0105c","Est. reading time":"5 minutes"},"schema":{"@context":"https:\/\/schema.org","@graph":[{"@type":"WebPage","@id":"https:\/\/www.sotrender.com\/blog\/pl\/2016\/06\/pejzaz-wydatkow-reklamowych-polskich-firm-na-facebooku-prezentacja\/","url":"https:\/\/www.sotrender.com\/blog\/pl\/2016\/06\/pejzaz-wydatkow-reklamowych-polskich-firm-na-facebooku-prezentacja\/","name":"Pejza\u017c wydatk\u00f3w reklamowych polskich firm na Facebooku","isPartOf":{"@id":"https:\/\/www.sotrender.com\/blog\/#website"},"primaryImageOfPage":{"@id":"https:\/\/www.sotrender.com\/blog\/pl\/2016\/06\/pejzaz-wydatkow-reklamowych-polskich-firm-na-facebooku-prezentacja\/#primaryimage"},"image":{"@id":"https:\/\/www.sotrender.com\/blog\/pl\/2016\/06\/pejzaz-wydatkow-reklamowych-polskich-firm-na-facebooku-prezentacja\/#primaryimage"},"thumbnailUrl":"https:\/\/www.sotrender.com\/blog\/wp-content\/uploads\/2016\/03\/header-4.jpg","datePublished":"2016-06-09T09:10:41+00:00","dateModified":"2018-08-08T14:20:12+00:00","author":{"@id":"https:\/\/www.sotrender.com\/blog\/#\/schema\/person\/15d4db3ba9c4e61b1cb96099300e7c51"},"description":"Reklama na Facebooku - kto wydaje najwi\u0119cej i jak to sprawdzi\u0107?","breadcrumb":{"@id":"https:\/\/www.sotrender.com\/blog\/pl\/2016\/06\/pejzaz-wydatkow-reklamowych-polskich-firm-na-facebooku-prezentacja\/#breadcrumb"},"inLanguage":"pl-PL","potentialAction":[{"@type":"ReadAction","target":["https:\/\/www.sotrender.com\/blog\/pl\/2016\/06\/pejzaz-wydatkow-reklamowych-polskich-firm-na-facebooku-prezentacja\/"]}]},{"@type":"ImageObject","inLanguage":"pl-PL","@id":"https:\/\/www.sotrender.com\/blog\/pl\/2016\/06\/pejzaz-wydatkow-reklamowych-polskich-firm-na-facebooku-prezentacja\/#primaryimage","url":"https:\/\/www.sotrender.com\/blog\/wp-content\/uploads\/2016\/03\/header-4.jpg","contentUrl":"https:\/\/www.sotrender.com\/blog\/wp-content\/uploads\/2016\/03\/header-4.jpg","width":7360,"height":4912},{"@type":"BreadcrumbList","@id":"https:\/\/www.sotrender.com\/blog\/pl\/2016\/06\/pejzaz-wydatkow-reklamowych-polskich-firm-na-facebooku-prezentacja\/#breadcrumb","itemListElement":[{"@type":"ListItem","position":1,"name":"Home","item":"https:\/\/www.sotrender.com\/blog\/"},{"@type":"ListItem","position":2,"name":"Pejza\u017c wydatk\u00f3w reklamowych polskich firm na Facebooku [PREZENTACJA]"}]},{"@type":"WebSite","@id":"https:\/\/www.sotrender.com\/blog\/#website","url":"https:\/\/www.sotrender.com\/blog\/","name":"Sotrender Blog","description":"","potentialAction":[{"@type":"SearchAction","target":{"@type":"EntryPoint","urlTemplate":"https:\/\/www.sotrender.com\/blog\/?s={search_term_string}"},"query-input":"required name=search_term_string"}],"inLanguage":"pl-PL"},{"@type":"Person","@id":"https:\/\/www.sotrender.com\/blog\/#\/schema\/person\/15d4db3ba9c4e61b1cb96099300e7c51","name":"Jan Zaj\u0105c","image":{"@type":"ImageObject","inLanguage":"pl-PL","@id":"https:\/\/www.sotrender.com\/blog\/#\/schema\/person\/image\/","url":"https:\/\/secure.gravatar.com\/avatar\/330c70ea205c5402148d7c7d8927d81d?s=96&d=mm&r=g","contentUrl":"https:\/\/secure.gravatar.com\/avatar\/330c70ea205c5402148d7c7d8927d81d?s=96&d=mm&r=g","caption":"Jan Zaj\u0105c"},"description":"Psychologist &amp; economist, experienced consultant &amp; researcher, who speaks 6 languages and has cycled around 17 countries.","sameAs":["https:\/\/www.facebook.com\/jan.zajac.75?fref=ts","https:\/\/www.linkedin.com\/in\/janekzajac","https:\/\/twitter.com\/http:\/\/twitter.com\/janekzajac"],"url":"https:\/\/www.sotrender.com\/blog\/pl\/author\/jan_zajc\/"}]}},"_links":{"self":[{"href":"https:\/\/www.sotrender.com\/blog\/pl\/wp-json\/wp\/v2\/posts\/22255"}],"collection":[{"href":"https:\/\/www.sotrender.com\/blog\/pl\/wp-json\/wp\/v2\/posts"}],"about":[{"href":"https:\/\/www.sotrender.com\/blog\/pl\/wp-json\/wp\/v2\/types\/post"}],"author":[{"embeddable":true,"href":"https:\/\/www.sotrender.com\/blog\/pl\/wp-json\/wp\/v2\/users\/2"}],"replies":[{"embeddable":true,"href":"https:\/\/www.sotrender.com\/blog\/pl\/wp-json\/wp\/v2\/comments?post=22255"}],"version-history":[{"count":12,"href":"https:\/\/www.sotrender.com\/blog\/pl\/wp-json\/wp\/v2\/posts\/22255\/revisions"}],"predecessor-version":[{"id":34643,"href":"https:\/\/www.sotrender.com\/blog\/pl\/wp-json\/wp\/v2\/posts\/22255\/revisions\/34643"}],"wp:featuredmedia":[{"embeddable":true,"href":"https:\/\/www.sotrender.com\/blog\/pl\/wp-json\/wp\/v2\/media\/21729"}],"wp:attachment":[{"href":"https:\/\/www.sotrender.com\/blog\/pl\/wp-json\/wp\/v2\/media?parent=22255"}],"wp:term":[{"taxonomy":"category","embeddable":true,"href":"https:\/\/www.sotrender.com\/blog\/pl\/wp-json\/wp\/v2\/categories?post=22255"},{"taxonomy":"post_tag","embeddable":true,"href":"https:\/\/www.sotrender.com\/blog\/pl\/wp-json\/wp\/v2\/tags?post=22255"}],"curies":[{"name":"wp","href":"https:\/\/api.w.org\/{rel}","templated":true}]}}