{"id":22169,"date":"2016-05-31T11:45:20","date_gmt":"2016-05-31T10:45:20","guid":{"rendered":"http:\/\/blog.sotrender.com\/pl\/?p=22169"},"modified":"2016-06-02T15:20:17","modified_gmt":"2016-06-02T14:20:17","slug":"polskie-festiwale-facebook","status":"publish","type":"post","link":"https:\/\/www.sotrender.com\/blog\/pl\/2016\/05\/polskie-festiwale-facebook\/","title":{"rendered":"Polskie festiwale na Facebooku [ANALIZA]"},"content":{"rendered":"<p style=\"text-align: justify;\"><span style=\"font-weight: 400;\">Robi si\u0119 coraz cieplej,  s\u0142once grzeje coraz mocniej,  nerwowo wyrywamy kartki z kalendarza. Co to oznacza? Zbli\u017ca si\u0119 letni sezon festiwalowy,  a my w <a href=\"http:\/\/sotrender.pl\">Sotrenderze<\/a> uwielbiamy festiwale. Postanowili\u015bmy zbada\u0107,  czy polskie festiwale odpowiadaj\u0105 na potrzeby swoich fan\u00f3w i czy fani interesuj\u0105 si\u0119 wi\u0119cej ni\u017c jedn\u0105 imprez\u0105. Sprawd\u017acie,  czego si\u0119 dowiedzieli\u015bmy!<\/span><!--more--><\/p>\n<p style=\"text-align: justify;\"><span style=\"font-weight: 400;\">Rynek festiwalowy robi si\u0119 w Polsce coraz bardziej nasycony i chocia\u017c nie jest tak ciasno,  jak w Wielkiej Brytanii,  gdzie rokrocznie odbywa si\u0119 ponad <a href=\"http:\/\/www.telegraph.co.uk\/music\/what-to-listen-to\/the-best-festivals-a-guide\/\">100 r\u00f3\u017cnych festiwali muzycznych<\/a>, <\/span><span style=\"font-weight: 400;\">\u00a0to coraz trudniej nowym festiwalom znale\u017a\u0107 swoje miejsce. Postanowili\u015bmy spojrze\u0107 szeroko na polskie festiwale. W analizie znalaz\u0142y si\u0119 imprezy\u00a0nastawione na jeden gatunek muzyki,  te,  kt\u00f3re staraj\u0105 si\u0119 obj\u0105\u0107 jak najwi\u0119ksze spektrum gatunkowe,  takie,  kt\u00f3re skupiaj\u0105 si\u0119 na naj\u015bwie\u017cszych odkryciach,  oraz takie,  kt\u00f3re przypominaj\u0105 gwiazdy sprzed lat.<\/span><\/p>\n<h2 style=\"text-align: justify;\">Kt\u00f3ry festiwal ma najwi\u0119cej fan\u00f3w?<\/h2>\n<p style=\"text-align: justify;\"><span style=\"font-weight: 400;\">Zacz\u0119li\u015bmy od sprawdzenia,  kt\u00f3re polskie festiwale maj\u0105 najwi\u0119cej fan\u00f3w na Facebooku. W pierwszej pi\u0105tce znalaz\u0142y si\u0119 Przystanek Woodstock,  Open\u2019er,  Orange Warsaw,  Sunrise Festival i Live Music Festival (kt\u00f3ry w tym roku wr\u00f3ci\u0142 po rocznej przerwie). To tak\u017ce najwi\u0119ksze festiwale pod wzgl\u0119dem liczby uczestnik\u00f3w. Cho\u0107 na Facebooku przewaga Woodstocku nad Open\u2019erem to 44 tysi\u0105ce fan\u00f3w,  na festiwal Jurka Owsiaka rokrocznie przyje\u017cd\u017ca oko\u0142o 500 tysi\u0119cy ludzi,  a w Babich Do\u0142ach w ubieg\u0142ym roku bawi\u0142o si\u0119 90 tysi\u0119cy uczestnik\u00f3w. Ko\u0142obrzeski Sunrise,  po\u015bwi\u0119cony tanecznej muzyce elektronicznej na Facebooku lubi 165 tysi\u0119cy u\u017cytkownik\u00f3w,  a zesz\u0142oroczna edycja przyci\u0105gn\u0119\u0142a ponad 100 tysi\u0119cy festiwalowicz\u00f3w. Powy\u017cej stu tysi\u0119cy fan\u00f3w ma tak\u017ce Orange Warsaw Festival,  odbywaj\u0105cy si\u0119 od kilku lat na warszawskim S\u0142u\u017cewcu.\u00a0<\/span><\/p>\n<div id=\"attachment_22215\" style=\"width: 903px\" class=\"wp-caption aligncenter\"><a href=\"https:\/\/www.sotrender.com\/wp-content\/uploads\/2016\/06\/Najwi\u0119ksze-polskie-festiwale-na-Facebooku.png\"><img loading=\"lazy\" decoding=\"async\" aria-describedby=\"caption-attachment-22215\" class=\"wp-image-22215 size-full\" src=\"https:\/\/www.sotrender.com\/wp-content\/uploads\/2016\/06\/Najwi\u0119ksze-polskie-festiwale-na-Facebooku.png\" alt=\"Najwi\u0119ksze polskie festiwale na Facebooku\" width=\"893\" height=\"1264\" srcset=\"https:\/\/www.sotrender.com\/blog\/wp-content\/uploads\/2016\/06\/Najwi\u0119ksze-polskie-festiwale-na-Facebooku.png 893w, https:\/\/www.sotrender.com\/blog\/wp-content\/uploads\/2016\/06\/Najwi\u0119ksze-polskie-festiwale-na-Facebooku-475x672.png 475w\" sizes=\"(max-width: 893px) 100vw, 893px\" \/><\/a><p id=\"caption-attachment-22215\" class=\"wp-caption-text\">Najwi\u0119ksze polskie festiwale na Facebooku<\/p><\/div>\n<h2>Powi\u0105zania mi\u0119dzy festiwalami<\/h2>\n<p style=\"text-align: justify;\"><span style=\"font-weight: 400;\">Nast\u0119pnie zbadali\u015bmy wsp\u00f3lne zainteresowania fan\u00f3w festiwali. Sprawdzili\u015bmy,  czy u\u017cytkownicy zaanga\u017cowani w komunikacj\u0119 jednego festiwalu,  anga\u017cowali si\u0119 &#8211; klikali &#8220;lubi\u0119 to&#8221;,  udost\u0119pniali lub komentowali tre\u015bci publikowane przez profil festiwalu &#8211; w komunikacj\u0119 innych imprez. (<a href=\"https:\/\/www.sotrender.com\/blog\/pl\/2015\/05\/poznaj-zainteresowania-fanow-twojej-marki\/\">Wi\u0119cej o naszej metodzie badawczej przeczytacie w oddzielnym wpisie<\/a>). Najwi\u0119cej wsp\u00f3lnych u\u017cytkownik\u00f3w maj\u0105 Open\u2019er,  Orange Warsaw Festival i Live Festival Krak\u00f3w. Co ciekawe,  wszystkie maj\u0105 tego samego organizatora &#8211; Alter Art. Wida\u0107 tak\u017ce,  kt\u00f3re festiwale przyci\u0105gaj\u0105 podobn\u0105 publiczno\u015b\u0107. Openerowicze lubi\u0105 tak\u017ce katowicki OFF Festival i,  co mo\u017ce zaskakiwa\u0107,  Przystanek Woodstock,  cz\u0119sto przeciwstawiany \u201cbananowemu\u201d Open\u2019erowi jako festiwal bardziej \u201cautentyczny\u201d i przeznaczony dla wszystkich. Z zupe\u0142nie inn\u0105 publiczno\u015bci\u0105 ni\u017c gdy\u0144ska impreza. Czy\u017cby to by\u0142 jedynie mit,  niemaj\u0105cy potwierdzenia w faktach?<\/span><\/p>\n<div id=\"attachment_22173\" style=\"width: 2410px\" class=\"wp-caption aligncenter\"><a href=\"https:\/\/www.sotrender.com\/wp-content\/uploads\/2016\/05\/coactivity_web.png\"><img loading=\"lazy\" decoding=\"async\" aria-describedby=\"caption-attachment-22173\" class=\"size-full wp-image-22173\" src=\"https:\/\/www.sotrender.com\/wp-content\/uploads\/2016\/05\/coactivity_web.png\" alt=\"Sie\u0107 zainteresowa\u0144 - festiwale\" width=\"2400\" height=\"2400\" srcset=\"https:\/\/www.sotrender.com\/blog\/wp-content\/uploads\/2016\/05\/coactivity_web.png 2400w, https:\/\/www.sotrender.com\/blog\/wp-content\/uploads\/2016\/05\/coactivity_web-475x475.png 475w, https:\/\/www.sotrender.com\/blog\/wp-content\/uploads\/2016\/05\/coactivity_web-768x768.png 768w, https:\/\/www.sotrender.com\/blog\/wp-content\/uploads\/2016\/05\/coactivity_web-950x950.png 950w, https:\/\/www.sotrender.com\/blog\/wp-content\/uploads\/2016\/05\/coactivity_web-600x600.png 600w, https:\/\/www.sotrender.com\/blog\/wp-content\/uploads\/2016\/05\/coactivity_web-80x80.png 80w\" sizes=\"(max-width: 2400px) 100vw, 2400px\" \/><\/a><p id=\"caption-attachment-22173\" class=\"wp-caption-text\">Sie\u0107 zainteresowa\u0144 &#8211; festiwale<\/p><\/div>\n<p style=\"text-align: justify;\"><span style=\"font-weight: 400;\">Woodstokowicz\u00f3w \u0142\u0105cz\u0105 do\u015b\u0107 silne wi\u0119zi z Jarocinem,  Ostr\u00f3da Reggae Festival,  ale te\u017c OFF Festivalem. Z kolei,  tak jak mo\u017cna by\u0142o si\u0119 spodziewa\u0107 ci sami ludzie anga\u017cuj\u0105 si\u0119 na stronie OFFa,  Open\u2019era i innego katowickiego festiwalu,  Tauron Nowa Muzyka,  kt\u00f3ry odbywa si\u0119 pod koniec sierpnia. W sieci zainteresowa\u0144\u00a0wida\u0107 te\u017c wyra\u017anie,  \u017ce festiwale maj\u0105ce bardzo silnie \u00a0gatunkowo sprofilowane lineupy nie s\u0105 blisko powi\u0105zanie z imprezami stawiaj\u0105cymi na muzyczn\u0105 r\u00f3\u017cnorodno\u015b\u0107. Folkowy Ethno Port,  gotycki Castle Party czy Festiwal Legend Rocka,  po\u015bwi\u0119cony muzyce sprzed czterech dekad maj\u0105 bardzo ma\u0142ych wsp\u00f3lnych u\u017cytkownik\u00f3w z innymi badanymi festiwalami. Ewenementem jest Festiwal Disco Polo,  kt\u00f3rego u\u017cytkownicy nie anga\u017cuj\u0105 si\u0119 na stronach \u017cadnej z badanych imprez.<\/span><\/p>\n<p style=\"text-align: justify;\"><div class=\"shortcode trial\"><h4><span>Mierz dzia\u0142ania na Facebooku w Sotrenderze!<\/span><a title=\"Wypr\u00f3buj za darmo!\" class=\"btn\" href=\"https:\/\/app.sotrender.com\/auth\/signup\/trial\/pl?utm_source=blog-cta-legacy\">Wypr\u00f3buj za darmo!<\/a><\/h4><\/div><strong>\u00a0<\/strong><\/p>\n<h2 style=\"text-align: justify;\">Kto powinien zagra\u0107 w tym roku?<\/h2>\n<p style=\"text-align: justify;\"><span style=\"font-weight: 400;\">Wiemy ju\u017c,  jakie inne festiwale lubi\u0105,  sprawd\u017amy,  jak bardzo tegoroczne lineupy odpowiadaj\u0105 gustom\u00a0fan\u00f3w. W tej cz\u0119\u015bci analizy wzi\u0119li\u015bmy pod uwag\u0119 trzy najwi\u0119ksze imprezy &#8211; Open\u2019era,  Woodstock i Orange Warsaw. Coraz wi\u0119cej miejsca na festiwalach dostaj\u0105 polscy arty\u015bci. W ubieg\u0142ym roku <a href=\"http:\/\/www.ziemianiczyja.pl\/2015\/07\/przepis-na-festiwale\/\">na OFFie i Open\u2019erze by\u0142a ich wi\u0119kszo\u015b\u0107<\/a><\/span><span style=\"font-weight: 400;\">. Zbadali\u015bmy,  kt\u00f3rzy rodzimi muzycy s\u0105 najbardziej lubiani przez u\u017cytkownik\u00f3w stron festiwali i czy wyst\u0119puj\u0105 na tegorocznych edycjach imprez.<\/span><\/p>\n<div id=\"attachment_22175\" style=\"width: 1710px\" class=\"wp-caption aligncenter\"><a href=\"https:\/\/www.sotrender.com\/wp-content\/uploads\/2016\/05\/2_coactive1219.png\"><img loading=\"lazy\" decoding=\"async\" aria-describedby=\"caption-attachment-22175\" class=\"size-full wp-image-22175\" src=\"https:\/\/www.sotrender.com\/wp-content\/uploads\/2016\/05\/2_coactive1219.png\" alt=\"Strony,  na kt\u00f3rych anga\u017cuj\u0105 si\u0119 u\u017cytkownicy zaanga\u017cowani na profilu Open'era\" width=\"1700\" height=\"1200\" srcset=\"https:\/\/www.sotrender.com\/blog\/wp-content\/uploads\/2016\/05\/2_coactive1219.png 1700w, https:\/\/www.sotrender.com\/blog\/wp-content\/uploads\/2016\/05\/2_coactive1219-475x335.png 475w, https:\/\/www.sotrender.com\/blog\/wp-content\/uploads\/2016\/05\/2_coactive1219-768x542.png 768w, https:\/\/www.sotrender.com\/blog\/wp-content\/uploads\/2016\/05\/2_coactive1219-950x671.png 950w, https:\/\/www.sotrender.com\/blog\/wp-content\/uploads\/2016\/05\/2_coactive1219-600x424.png 600w\" sizes=\"(max-width: 1700px) 100vw, 1700px\" \/><\/a><p id=\"caption-attachment-22175\" class=\"wp-caption-text\">Strony,  na kt\u00f3rych anga\u017cuj\u0105 si\u0119 u\u017cytkownicy zaanga\u017cowani na profilu Open&#8217;era<\/p><\/div>\n<p style=\"text-align: justify;\"><span style=\"font-weight: 400;\">Open\u2019erowicze z polskich wykonawc\u00f3w najbardziej sobie ceni\u0105 O.S.T.R.,  Dawida Podsiad\u0142o,  Pezeta i the Dumplings. Ci drudzy w Gdyni <\/span><span style=\"font-weight: 400;\">zagrali w roku ubieg\u0142ym,  Podsiad\u0142o jest w tym roku jedn\u0105 z gwiazd imprezy (gra\u0142 te\u017c w 2013 roku). Pezet nigdy nie gra\u0142 na tym festiwalu,  ale ju\u017c O.S.T.R by\u0142 trzykrotnym go\u015bciem Open\u2019era. Na poprzednich edycjach festiwalu wyst\u0119powali te\u017c Brodka,  Hey i Domowe Melodie.<\/span><\/p>\n<div id=\"attachment_22177\" style=\"width: 1710px\" class=\"wp-caption aligncenter\"><a href=\"https:\/\/www.sotrender.com\/wp-content\/uploads\/2016\/05\/2_coactive1285.png\"><img loading=\"lazy\" decoding=\"async\" aria-describedby=\"caption-attachment-22177\" class=\"size-full wp-image-22177\" src=\"https:\/\/www.sotrender.com\/wp-content\/uploads\/2016\/05\/2_coactive1285.png\" alt=\"Strony,  na kt\u00f3rych anga\u017cuj\u0105 si\u0119 u\u017cytkownicy zaanga\u017cowani na profilu Przystanku Woodstock\" width=\"1700\" height=\"1200\" srcset=\"https:\/\/www.sotrender.com\/blog\/wp-content\/uploads\/2016\/05\/2_coactive1285.png 1700w, https:\/\/www.sotrender.com\/blog\/wp-content\/uploads\/2016\/05\/2_coactive1285-475x335.png 475w, https:\/\/www.sotrender.com\/blog\/wp-content\/uploads\/2016\/05\/2_coactive1285-768x542.png 768w, https:\/\/www.sotrender.com\/blog\/wp-content\/uploads\/2016\/05\/2_coactive1285-950x671.png 950w, https:\/\/www.sotrender.com\/blog\/wp-content\/uploads\/2016\/05\/2_coactive1285-600x424.png 600w\" sizes=\"(max-width: 1700px) 100vw, 1700px\" \/><\/a><p id=\"caption-attachment-22177\" class=\"wp-caption-text\">Strony,  na kt\u00f3rych anga\u017cuj\u0105 si\u0119 u\u017cytkownicy zaanga\u017cowani na profilu Przystanku Woodstock<\/p><\/div>\n<p style=\"text-align: justify;\"><span style=\"font-weight: 400;\">Najpopularniejszym polskim wykonawc\u0105 w\u015br\u00f3d u\u017cytkownik\u00f3w strony Przystanku Woodstock jest Luxtorpeda. I faktycznie,  wyst\u0105pi\u0105 w Kostrzynie nad Odr\u0105 w tym roku. Na scenach przystanku zagrali te\u017c Kamil Bednarek,  Acid Drinkers,  Hey,  Grubson,  Czes\u0142aw \u015apiewa,  happysad.<\/span><\/p>\n<div id=\"attachment_22179\" style=\"width: 1710px\" class=\"wp-caption aligncenter\"><a href=\"https:\/\/www.sotrender.com\/wp-content\/uploads\/2016\/05\/2_coactive673.png\"><img loading=\"lazy\" decoding=\"async\" aria-describedby=\"caption-attachment-22179\" class=\"size-full wp-image-22179\" src=\"https:\/\/www.sotrender.com\/wp-content\/uploads\/2016\/05\/2_coactive673.png\" alt=\"Strony,  na kt\u00f3rych anga\u017cuj\u0105 si\u0119 u\u017cytkownicy zaanga\u017cowani na profilu Orange Warsaw Festival\" width=\"1700\" height=\"1200\" srcset=\"https:\/\/www.sotrender.com\/blog\/wp-content\/uploads\/2016\/05\/2_coactive673.png 1700w, https:\/\/www.sotrender.com\/blog\/wp-content\/uploads\/2016\/05\/2_coactive673-475x335.png 475w, https:\/\/www.sotrender.com\/blog\/wp-content\/uploads\/2016\/05\/2_coactive673-768x542.png 768w, https:\/\/www.sotrender.com\/blog\/wp-content\/uploads\/2016\/05\/2_coactive673-950x671.png 950w, https:\/\/www.sotrender.com\/blog\/wp-content\/uploads\/2016\/05\/2_coactive673-600x424.png 600w\" sizes=\"(max-width: 1700px) 100vw, 1700px\" \/><\/a><p id=\"caption-attachment-22179\" class=\"wp-caption-text\">Strony,  na kt\u00f3rych anga\u017cuj\u0105 si\u0119 u\u017cytkownicy zaanga\u017cowani na profilu Orange Warsaw Festival<\/p><\/div>\n<p style=\"text-align: justify;\"><span style=\"font-weight: 400;\">Inaczej wygl\u0105da sytuacja z Orange Warsaw Festivalem. Nikt z najpopularniejszych polskich artyst\u00f3w w\u015br\u00f3d u\u017cytkownik\u00f3w strony nie wyst\u0119puje w tym roku na festiwalu,  ale kilkoro z nich znalaz\u0142o si\u0119 w poprzednich latach na scenach Open\u2019era,  a Brodka kilka lat temu gra\u0142a na warszawskim festiwalu 6 lat temu. Najpopularniejszy w\u015br\u00f3d fan\u00f3w Orange Warsaw Festival jest Dawid Podsiad\u0142o,  ale jego b\u0119dzie mo\u017cna zobaczy\u0107 w Gdyni.<\/span><\/p>\n<h2 style=\"text-align: center;\"><strong>Gdzie widzimy si\u0119 pod scen\u0105?<\/strong><\/h2>\n","protected":false},"excerpt":{"rendered":"<p>Robi si\u0119 coraz cieplej, s\u0142once grzeje coraz mocniej, nerwowo wyrywamy kartki z kalendarza. Co to oznacza? Zbli\u017ca si\u0119 letni sezon festiwalowy, a my w Sotrenderze uwielbiamy festiwale. Postanowili\u015bmy zbada\u0107, czy polskie festiwale odpowiadaj\u0105 na potrzeby swoich fan\u00f3w i czy fani interesuj\u0105 si\u0119 wi\u0119cej ni\u017c jedn\u0105 imprez\u0105. Sprawd\u017acie, czego si\u0119 dowiedzieli\u015bmy!<\/p>\n","protected":false},"author":49,"featured_media":22181,"comment_status":"open","ping_status":"open","sticky":false,"template":"","format":"standard","meta":{"inline_featured_image":false,"footnotes":""},"categories":[1793,1797],"tags":[1997,1999,2001,17,723,1991,1993,1995],"yoast_head":"<!-- This site is optimized with the Yoast SEO plugin v22.4 - https:\/\/yoast.com\/wordpress\/plugins\/seo\/ -->\n<title>Polskie festiwale na Facebooku [ANALIZA]<\/title>\n<meta name=\"description\" content=\"Zbadali\u015bmy, czy programy letnich festiwali odpowiadaj\u0105 potrzebom swoich fan\u00f3w. Sprawd\u017acie wyniki!\" \/>\n<meta name=\"robots\" content=\"index, follow, max-snippet:-1, max-image-preview:large, max-video-preview:-1\" \/>\n<link rel=\"canonical\" href=\"https:\/\/www.sotrender.com\/blog\/pl\/2016\/05\/polskie-festiwale-facebook\/\" \/>\n<meta property=\"og:locale\" content=\"pl_PL\" \/>\n<meta property=\"og:type\" content=\"article\" \/>\n<meta property=\"og:title\" content=\"Polskie festiwale na Facebooku [ANALIZA]\" \/>\n<meta property=\"og:description\" content=\"Zbadali\u015bmy, czy programy letnich festiwali odpowiadaj\u0105 potrzebom swoich fan\u00f3w. Sprawd\u017acie wyniki!\" \/>\n<meta property=\"og:url\" content=\"https:\/\/www.sotrender.com\/blog\/pl\/2016\/05\/polskie-festiwale-facebook\/\" \/>\n<meta property=\"og:site_name\" content=\"Sotrender Blog\" \/>\n<meta property=\"article:publisher\" content=\"https:\/\/www.facebook.com\/Sotrender\" \/>\n<meta property=\"article:published_time\" content=\"2016-05-31T10:45:20+00:00\" \/>\n<meta property=\"article:modified_time\" content=\"2016-06-02T14:20:17+00:00\" \/>\n<meta property=\"og:image\" content=\"https:\/\/www.sotrender.com\/blog\/wp-content\/uploads\/2016\/05\/festiwale-header-950x633.jpg\" \/>\n\t<meta property=\"og:image:width\" content=\"950\" \/>\n\t<meta property=\"og:image:height\" content=\"633\" \/>\n\t<meta property=\"og:image:type\" content=\"image\/jpeg\" \/>\n<meta name=\"author\" content=\"Micha\u0142 Wieczorek\" \/>\n<meta name=\"twitter:card\" content=\"summary_large_image\" \/>\n<meta name=\"twitter:creator\" content=\"@http:\/\/twitter.com\/eveningo\" \/>\n<meta name=\"twitter:site\" content=\"@Sotrender\" \/>\n<meta name=\"twitter:label1\" content=\"Written by\" \/>\n\t<meta name=\"twitter:data1\" content=\"Micha\u0142 Wieczorek\" \/>\n\t<meta name=\"twitter:label2\" content=\"Est. reading time\" \/>\n\t<meta name=\"twitter:data2\" content=\"5 minutes\" \/>\n<script type=\"application\/ld+json\" class=\"yoast-schema-graph\">{\"@context\":\"https:\/\/schema.org\",\"@graph\":[{\"@type\":\"WebPage\",\"@id\":\"https:\/\/www.sotrender.com\/blog\/pl\/2016\/05\/polskie-festiwale-facebook\/\",\"url\":\"https:\/\/www.sotrender.com\/blog\/pl\/2016\/05\/polskie-festiwale-facebook\/\",\"name\":\"Polskie festiwale na Facebooku [ANALIZA]\",\"isPartOf\":{\"@id\":\"https:\/\/www.sotrender.com\/blog\/#website\"},\"primaryImageOfPage\":{\"@id\":\"https:\/\/www.sotrender.com\/blog\/pl\/2016\/05\/polskie-festiwale-facebook\/#primaryimage\"},\"image\":{\"@id\":\"https:\/\/www.sotrender.com\/blog\/pl\/2016\/05\/polskie-festiwale-facebook\/#primaryimage\"},\"thumbnailUrl\":\"https:\/\/www.sotrender.com\/blog\/wp-content\/uploads\/2016\/05\/festiwale-header.jpg\",\"datePublished\":\"2016-05-31T10:45:20+00:00\",\"dateModified\":\"2016-06-02T14:20:17+00:00\",\"author\":{\"@id\":\"https:\/\/www.sotrender.com\/blog\/#\/schema\/person\/48ed6f8ff39863778de8dd32f58467f5\"},\"description\":\"Zbadali\u015bmy, czy programy letnich festiwali odpowiadaj\u0105 potrzebom swoich fan\u00f3w. Sprawd\u017acie wyniki!\",\"breadcrumb\":{\"@id\":\"https:\/\/www.sotrender.com\/blog\/pl\/2016\/05\/polskie-festiwale-facebook\/#breadcrumb\"},\"inLanguage\":\"pl-PL\",\"potentialAction\":[{\"@type\":\"ReadAction\",\"target\":[\"https:\/\/www.sotrender.com\/blog\/pl\/2016\/05\/polskie-festiwale-facebook\/\"]}]},{\"@type\":\"ImageObject\",\"inLanguage\":\"pl-PL\",\"@id\":\"https:\/\/www.sotrender.com\/blog\/pl\/2016\/05\/polskie-festiwale-facebook\/#primaryimage\",\"url\":\"https:\/\/www.sotrender.com\/blog\/wp-content\/uploads\/2016\/05\/festiwale-header.jpg\",\"contentUrl\":\"https:\/\/www.sotrender.com\/blog\/wp-content\/uploads\/2016\/05\/festiwale-header.jpg\",\"width\":5184,\"height\":3456},{\"@type\":\"BreadcrumbList\",\"@id\":\"https:\/\/www.sotrender.com\/blog\/pl\/2016\/05\/polskie-festiwale-facebook\/#breadcrumb\",\"itemListElement\":[{\"@type\":\"ListItem\",\"position\":1,\"name\":\"Home\",\"item\":\"https:\/\/www.sotrender.com\/blog\/\"},{\"@type\":\"ListItem\",\"position\":2,\"name\":\"Polskie festiwale na Facebooku [ANALIZA]\"}]},{\"@type\":\"WebSite\",\"@id\":\"https:\/\/www.sotrender.com\/blog\/#website\",\"url\":\"https:\/\/www.sotrender.com\/blog\/\",\"name\":\"Sotrender Blog\",\"description\":\"\",\"potentialAction\":[{\"@type\":\"SearchAction\",\"target\":{\"@type\":\"EntryPoint\",\"urlTemplate\":\"https:\/\/www.sotrender.com\/blog\/?s={search_term_string}\"},\"query-input\":\"required name=search_term_string\"}],\"inLanguage\":\"pl-PL\"},{\"@type\":\"Person\",\"@id\":\"https:\/\/www.sotrender.com\/blog\/#\/schema\/person\/48ed6f8ff39863778de8dd32f58467f5\",\"name\":\"Micha\u0142 Wieczorek\",\"image\":{\"@type\":\"ImageObject\",\"inLanguage\":\"pl-PL\",\"@id\":\"https:\/\/www.sotrender.com\/blog\/#\/schema\/person\/image\/\",\"url\":\"https:\/\/secure.gravatar.com\/avatar\/65ceb2020aa2338488b9c5f33c10137f?s=96&d=mm&r=g\",\"contentUrl\":\"https:\/\/secure.gravatar.com\/avatar\/65ceb2020aa2338488b9c5f33c10137f?s=96&d=mm&r=g\",\"caption\":\"Micha\u0142 Wieczorek\"},\"description\":\"Baltic linguist, marketer, and music journalist in his free time. A big fan of good food and even better music.\",\"sameAs\":[\"https:\/\/www.linkedin.com\/in\/michaldwieczorek\",\"https:\/\/twitter.com\/http:\/\/twitter.com\/eveningo\"],\"url\":\"https:\/\/www.sotrender.com\/blog\/pl\/author\/micha_wieczorek\/\"}]}<\/script>\n<!-- \/ Yoast SEO plugin. -->","yoast_head_json":{"title":"Polskie festiwale na Facebooku [ANALIZA]","description":"Zbadali\u015bmy, czy programy letnich festiwali odpowiadaj\u0105 potrzebom swoich fan\u00f3w. Sprawd\u017acie wyniki!","robots":{"index":"index","follow":"follow","max-snippet":"max-snippet:-1","max-image-preview":"max-image-preview:large","max-video-preview":"max-video-preview:-1"},"canonical":"https:\/\/www.sotrender.com\/blog\/pl\/2016\/05\/polskie-festiwale-facebook\/","og_locale":"pl_PL","og_type":"article","og_title":"Polskie festiwale na Facebooku [ANALIZA]","og_description":"Zbadali\u015bmy, czy programy letnich festiwali odpowiadaj\u0105 potrzebom swoich fan\u00f3w. Sprawd\u017acie wyniki!","og_url":"https:\/\/www.sotrender.com\/blog\/pl\/2016\/05\/polskie-festiwale-facebook\/","og_site_name":"Sotrender Blog","article_publisher":"https:\/\/www.facebook.com\/Sotrender","article_published_time":"2016-05-31T10:45:20+00:00","article_modified_time":"2016-06-02T14:20:17+00:00","og_image":[{"width":950,"height":633,"url":"https:\/\/www.sotrender.com\/blog\/wp-content\/uploads\/2016\/05\/festiwale-header-950x633.jpg","type":"image\/jpeg"}],"author":"Micha\u0142 Wieczorek","twitter_card":"summary_large_image","twitter_creator":"@http:\/\/twitter.com\/eveningo","twitter_site":"@Sotrender","twitter_misc":{"Written by":"Micha\u0142 Wieczorek","Est. reading time":"5 minutes"},"schema":{"@context":"https:\/\/schema.org","@graph":[{"@type":"WebPage","@id":"https:\/\/www.sotrender.com\/blog\/pl\/2016\/05\/polskie-festiwale-facebook\/","url":"https:\/\/www.sotrender.com\/blog\/pl\/2016\/05\/polskie-festiwale-facebook\/","name":"Polskie festiwale na Facebooku [ANALIZA]","isPartOf":{"@id":"https:\/\/www.sotrender.com\/blog\/#website"},"primaryImageOfPage":{"@id":"https:\/\/www.sotrender.com\/blog\/pl\/2016\/05\/polskie-festiwale-facebook\/#primaryimage"},"image":{"@id":"https:\/\/www.sotrender.com\/blog\/pl\/2016\/05\/polskie-festiwale-facebook\/#primaryimage"},"thumbnailUrl":"https:\/\/www.sotrender.com\/blog\/wp-content\/uploads\/2016\/05\/festiwale-header.jpg","datePublished":"2016-05-31T10:45:20+00:00","dateModified":"2016-06-02T14:20:17+00:00","author":{"@id":"https:\/\/www.sotrender.com\/blog\/#\/schema\/person\/48ed6f8ff39863778de8dd32f58467f5"},"description":"Zbadali\u015bmy, czy programy letnich festiwali odpowiadaj\u0105 potrzebom swoich fan\u00f3w. Sprawd\u017acie wyniki!","breadcrumb":{"@id":"https:\/\/www.sotrender.com\/blog\/pl\/2016\/05\/polskie-festiwale-facebook\/#breadcrumb"},"inLanguage":"pl-PL","potentialAction":[{"@type":"ReadAction","target":["https:\/\/www.sotrender.com\/blog\/pl\/2016\/05\/polskie-festiwale-facebook\/"]}]},{"@type":"ImageObject","inLanguage":"pl-PL","@id":"https:\/\/www.sotrender.com\/blog\/pl\/2016\/05\/polskie-festiwale-facebook\/#primaryimage","url":"https:\/\/www.sotrender.com\/blog\/wp-content\/uploads\/2016\/05\/festiwale-header.jpg","contentUrl":"https:\/\/www.sotrender.com\/blog\/wp-content\/uploads\/2016\/05\/festiwale-header.jpg","width":5184,"height":3456},{"@type":"BreadcrumbList","@id":"https:\/\/www.sotrender.com\/blog\/pl\/2016\/05\/polskie-festiwale-facebook\/#breadcrumb","itemListElement":[{"@type":"ListItem","position":1,"name":"Home","item":"https:\/\/www.sotrender.com\/blog\/"},{"@type":"ListItem","position":2,"name":"Polskie festiwale na Facebooku [ANALIZA]"}]},{"@type":"WebSite","@id":"https:\/\/www.sotrender.com\/blog\/#website","url":"https:\/\/www.sotrender.com\/blog\/","name":"Sotrender Blog","description":"","potentialAction":[{"@type":"SearchAction","target":{"@type":"EntryPoint","urlTemplate":"https:\/\/www.sotrender.com\/blog\/?s={search_term_string}"},"query-input":"required name=search_term_string"}],"inLanguage":"pl-PL"},{"@type":"Person","@id":"https:\/\/www.sotrender.com\/blog\/#\/schema\/person\/48ed6f8ff39863778de8dd32f58467f5","name":"Micha\u0142 Wieczorek","image":{"@type":"ImageObject","inLanguage":"pl-PL","@id":"https:\/\/www.sotrender.com\/blog\/#\/schema\/person\/image\/","url":"https:\/\/secure.gravatar.com\/avatar\/65ceb2020aa2338488b9c5f33c10137f?s=96&d=mm&r=g","contentUrl":"https:\/\/secure.gravatar.com\/avatar\/65ceb2020aa2338488b9c5f33c10137f?s=96&d=mm&r=g","caption":"Micha\u0142 Wieczorek"},"description":"Baltic linguist, marketer, and music journalist in his free time. A big fan of good food and even better music.","sameAs":["https:\/\/www.linkedin.com\/in\/michaldwieczorek","https:\/\/twitter.com\/http:\/\/twitter.com\/eveningo"],"url":"https:\/\/www.sotrender.com\/blog\/pl\/author\/micha_wieczorek\/"}]}},"_links":{"self":[{"href":"https:\/\/www.sotrender.com\/blog\/pl\/wp-json\/wp\/v2\/posts\/22169"}],"collection":[{"href":"https:\/\/www.sotrender.com\/blog\/pl\/wp-json\/wp\/v2\/posts"}],"about":[{"href":"https:\/\/www.sotrender.com\/blog\/pl\/wp-json\/wp\/v2\/types\/post"}],"author":[{"embeddable":true,"href":"https:\/\/www.sotrender.com\/blog\/pl\/wp-json\/wp\/v2\/users\/49"}],"replies":[{"embeddable":true,"href":"https:\/\/www.sotrender.com\/blog\/pl\/wp-json\/wp\/v2\/comments?post=22169"}],"version-history":[{"count":13,"href":"https:\/\/www.sotrender.com\/blog\/pl\/wp-json\/wp\/v2\/posts\/22169\/revisions"}],"predecessor-version":[{"id":22217,"href":"https:\/\/www.sotrender.com\/blog\/pl\/wp-json\/wp\/v2\/posts\/22169\/revisions\/22217"}],"wp:featuredmedia":[{"embeddable":true,"href":"https:\/\/www.sotrender.com\/blog\/pl\/wp-json\/wp\/v2\/media\/22181"}],"wp:attachment":[{"href":"https:\/\/www.sotrender.com\/blog\/pl\/wp-json\/wp\/v2\/media?parent=22169"}],"wp:term":[{"taxonomy":"category","embeddable":true,"href":"https:\/\/www.sotrender.com\/blog\/pl\/wp-json\/wp\/v2\/categories?post=22169"},{"taxonomy":"post_tag","embeddable":true,"href":"https:\/\/www.sotrender.com\/blog\/pl\/wp-json\/wp\/v2\/tags?post=22169"}],"curies":[{"name":"wp","href":"https:\/\/api.w.org\/{rel}","templated":true}]}}