{"id":221,"date":"2012-01-23T13:05:14","date_gmt":"2012-01-23T12:05:14","guid":{"rendered":"http:\/\/blog.fanpagetrender.pl\/?p=221"},"modified":"2015-12-01T22:44:44","modified_gmt":"2015-12-01T21:44:44","slug":"o-czym-mowi-facebook-czyli-talking-about-zanalizowany","status":"publish","type":"post","link":"https:\/\/www.sotrender.com\/blog\/pl\/2012\/01\/o-czym-mowi-facebook-czyli-talking-about-zanalizowany\/","title":{"rendered":"O czym m\u00f3wi Facebook? &#8211; czyli Talking About zanalizowany"},"content":{"rendered":"<p>Kilka miesi\u0119cy temu Facebook wprowadzi\u0142 now\u0105 miar\u0119 \u2013 Talking About,  czyli \u201eLiczb\u0119 os\u00f3b,  kt\u00f3re o tym m\u00f3wi\u0105\u201d. Od grudnia,  odk\u0105d te dane s\u0105 dost\u0119pne w API,  raportujemy Talking About w Fanpage Trenderze. Skorzystali\u015bmy z tej okazji,  aby przyjrze\u0107 si\u0119 dok\u0142adniej temu wska\u017anikowi,  wyja\u015bni\u0107 jak jest on liczony i czy wnosi co\u015b nowego.<br \/>\n<!--more--><\/p>\n<p><em>Ten wpis jest skr\u00f3con\u0105 wersj\u0105 artyku\u0142u,  kt\u00f3ry wkr\u00f3tce uka\u017ce si\u0119 w Marketingu w Praktyce. Liczymy na Wasze opinii i komentarze \u2013 pomo\u017cecie nam doszlifowa\u0107 tekst?<\/em><\/p>\n<h3>Jak Facebook liczy?<\/h3>\n<p>Pierwsze przybli\u017cenie tego,  czym jest <strong>nowy wska\u017anik<\/strong>,  pojawi\u0142o si\u0119 w serwisie\u00a0<a href=\"http:\/\/searchengineland.com\/demystifying-facebooks-people-are-talking-about-this-metric-96104\">Searchengineland.com<\/a>,  kt\u00f3ry powo\u0142a\u0142 si\u0119 na rozmow\u0119 z przedstawicielem Facebooka. Nasze dane generalnie potwierdzaj\u0105 te informacje.\u00a0Nowy wska\u017anik liczony jest na podstawie wszystkich aktywno\u015bci fan\u00f3w w relacji z mark\u0105,  podsumowuj\u0105c liczb\u0119 os\u00f3b,  kt\u00f3re w przynajmniej 1 spos\u00f3b odnios\u0142y si\u0119 do marki.<\/p>\n<p>W sk\u0142ad<strong> Talking About<\/strong> wchodz\u0105:<\/p>\n<ul>\n<li>polubienie strony<\/li>\n<li>lubienie,  komentowanie lub publikowanie wpis\u00f3w oraz dowolnych innych tre\u015bci (np. obraz\u00f3w,  wideo czy album\u00f3w)<\/li>\n<li>odpowiadanie na pytania ankiet, <\/li>\n<li>przyjmowanie zaprosze\u0144 do wydarze\u0144, <\/li>\n<li>tagowanie fanpage&#8217;\u00f3w we wpisach i na obrazach, <\/li>\n<li>share&#8217;owanie post\u00f3w fanpage&#8217;a &#8211; z naszych analiz wynika,  i\u017c uwzgl\u0119dniane jest dzielenie si\u0119 \u00a0przez u\u017cytkownika postem fanpage\u2019a na w\u0142asnej tablicy,  natomiast w takim wypadku nie b\u0119d\u0105 ju\u017c brane pod uwag\u0119 \u201elajki\u201d i komentarze pod tym \u201eshare\u2019owanym\u201d postem.<\/li>\n<\/ul>\n<p>Talking about jest agregatem opisanych wy\u017cej aktywno\u015bci z okresu siedmiu dni. Warto podkre\u015bli\u0107,  \u017ce miara ta zmienia si\u0119 z pewnym op\u00f3\u017anieniem. Efekty dzia\u0142a\u0144 mog\u0105 by\u0107 widoczne w poziomie tego wska\u017anika po dw\u00f3ch &#8211; trzech dniach,  a na\u0142o\u017cenie si\u0119 efekt\u00f3w zmian z kilku dni mo\u017ce powodowa\u0107,  \u017ce najwy\u017csze warto\u015bci \u201eTalking About\u201d przypadaj\u0105 na dni,  gdy na fanpage\u2019u nic si\u0119 nie dzieje.<\/p>\n<p>Sprawdzaj\u0105c na danym fanpage\u2019u jak zachowuje si\u0119 nowy wska\u017anik z dnia na dzie\u0144 b\u0119dziemy zdezorientowani. Jednak po u\u015brednieniu warto\u015bci dziennych dla siedmiodniowego okresu,  okaza\u0142o si\u0119,  \u017ce dotychczasowe miary zaanga\u017cowania raportowane przez Fanpage Trender,  takie jak Interactivity Index czy liczba zaanga\u017cowanych fan\u00f3w,  mierz\u0105 prawie dok\u0142adnie to samo. Jednocze\u015bnie spos\u00f3b konstrukcji parametru \u201eM\u00f3wi\u0105 o tym\u201d sprawia,  \u017ce prawie zawsze b\u0119dzie prezentowa\u0142 wy\u017csz\u0105 liczb\u0119 ni\u017c liczba zaanga\u017cowanych fan\u00f3w.<\/p>\n<h3>Interactivity Index i Talking About<\/h3>\n<p>Fanpage,  kt\u00f3rych tre\u015bci ciesz\u0105 si\u0119 wysok\u0105 interaktywno\u015bci\u0105 oraz wysok\u0105 liczb\u0105 zaanga\u017cowanych fan\u00f3w,  s\u0105 zwykle tymi,  dla kt\u00f3rych warto\u015b\u0107 \u201eLiczby os\u00f3b,  kt\u00f3re m\u00f3wi\u0105 o tym\u201d tak\u017ce jest wysoka.\u00a0Wsp\u00f3\u0142czynniki korelacji Pearsona s\u0105 wysokie,  najwy\u017csze dla liczby zaanga\u017cowanych fan\u00f3w (0.89,  przy zestawieniu uwzgl\u0119dniaj\u0105cym \u015brednie dzienne obu warto\u015bci dla grudnia 2011). Podobnie rzecz ma si\u0119 z liczb\u0105 fan\u00f3w zaanga\u017cowanych na danym fanpage&#8217;u po raz pierwszy (0.85). Niemal r\u00f3wnie wysoki jest zwi\u0105zek warto\u015bci \u201eLiczby os\u00f3b,  kt\u00f3re m\u00f3wi\u0105 o tym\u201d z liczb\u0105 fan\u00f3w (0.79) i jej zmian\u0105 (0.80). Poni\u017cszy wykres obrazuje wyra\u017any liniowy zwi\u0105zek warto\u015bci Interactivity Index i Liczb\u0105 os\u00f3b,  kt\u00f3re o tym m\u00f3wi\u0105 \/Talking About.<\/p>\n<p><a href=\"https:\/\/www.sotrender.com\/blog\/wp-content\/uploads\/2012\/01\/Interactivity_Index_Talking_About.png\"><img loading=\"lazy\" decoding=\"async\" class=\"aligncenter size-full wp-image-227\" title=\"Interactivity_Index_Talking_About\" src=\"https:\/\/www.sotrender.com\/blog\/wp-content\/uploads\/2012\/01\/Interactivity_Index_Talking_About.png\" alt=\"\" width=\"804\" height=\"805\" srcset=\"https:\/\/www.sotrender.com\/blog\/wp-content\/uploads\/2012\/01\/Interactivity_Index_Talking_About.png 804w, https:\/\/www.sotrender.com\/blog\/wp-content\/uploads\/2012\/01\/Interactivity_Index_Talking_About-475x476.png 475w, https:\/\/www.sotrender.com\/blog\/wp-content\/uploads\/2012\/01\/Interactivity_Index_Talking_About-768x769.png 768w, https:\/\/www.sotrender.com\/blog\/wp-content\/uploads\/2012\/01\/Interactivity_Index_Talking_About-600x601.png 600w, https:\/\/www.sotrender.com\/blog\/wp-content\/uploads\/2012\/01\/Interactivity_Index_Talking_About-80x80.png 80w\" sizes=\"(max-width: 804px) 100vw, 804px\" \/><\/a><\/p>\n<h3>Co\u015b pomi\u0119dzy<\/h3>\n<p>\u201eLiczba os\u00f3b,  kt\u00f3re o tym m\u00f3wi\u0105\u201d jest warto\u015bci\u0105 po\u015bredni\u0105 mi\u0119dzy liczb\u0105 fan\u00f3w i liczb\u0105 zaanga\u017cowanych fan\u00f3w. Zwykle wynosi mniej ni\u017c liczba fan\u00f3w i wi\u0119cej ni\u017c liczba fan\u00f3w zaanga\u017cowanych na stronie. Zwi\u0119ksza wi\u0119c w pewien spos\u00f3b &#8220;rozdzielczo\u015b\u0107&#8221;,  z kt\u00f3r\u0105 mo\u017cemy obserwowa\u0107 dynamik\u0119 zaanga\u017cowania fan\u00f3w w tre\u015bci publikowane na stronie. Ilustruje to poni\u017cszy wykres. Na osi X przedstawiono kolejne fanpage\u2019e,  uporz\u0105dkowane wg warto\u015bci nowego wska\u017anika \u201eLiczby os\u00f3b,  kt\u00f3re o tym m\u00f3wi\u0105\u201d\/ Talking About.<\/p>\n<p><a href=\"https:\/\/www.sotrender.com\/blog\/wp-content\/uploads\/2012\/01\/Talking_About_Liczba_fan\u00f3w.png\"><img loading=\"lazy\" decoding=\"async\" class=\"aligncenter size-full wp-image-231\" title=\"Talking_About_Liczba_fan\u00f3w\" src=\"https:\/\/www.sotrender.com\/blog\/wp-content\/uploads\/2012\/01\/Talking_About_Liczba_fan\u00f3w.png\" alt=\"\" width=\"800\" height=\"601\" srcset=\"https:\/\/www.sotrender.com\/blog\/wp-content\/uploads\/2012\/01\/Talking_About_Liczba_fan\u00f3w.png 800w, https:\/\/www.sotrender.com\/blog\/wp-content\/uploads\/2012\/01\/Talking_About_Liczba_fan\u00f3w-475x357.png 475w, https:\/\/www.sotrender.com\/blog\/wp-content\/uploads\/2012\/01\/Talking_About_Liczba_fan\u00f3w-768x577.png 768w, https:\/\/www.sotrender.com\/blog\/wp-content\/uploads\/2012\/01\/Talking_About_Liczba_fan\u00f3w-600x451.png 600w\" sizes=\"(max-width: 800px) 100vw, 800px\" \/><\/a><\/p>\n<p>Najciekawsze s\u0105 oczywi\u015bcie wyj\u0105tki i przypadki skrajne. Na wykresie wida\u0107 dobrze,  \u017ce istniej\u0105 strony,  w przypadku kt\u00f3rych liczba fan\u00f3w zaanga\u017cowanych na profilu by\u0142a wi\u0119ksza ni\u017c warto\u015b\u0107 Talking About. Wydaje si\u0119,  \u017ce takie przypadki nale\u017cy traktowa\u0107 jako znak wyj\u0105tkowo ma\u0142ej no\u015bno\u015bci fanpage&#8217;a w kontek\u015bcie ca\u0142ego &#8220;polskiego&#8221; Facebooka. W grudniu 2011 by\u0142y to fanpage\u2019e:<\/p>\n<ul>\n<li>Nie ma mocnych na Polaka &#8211; Tomasz Adamek mistrzem \u015bwiata<\/li>\n<li>ECCO Walkathon Poland<\/li>\n<li>Goldenline.pl<\/li>\n<li>Kocham wakacje!<\/li>\n<li>Paker.co.uk<\/li>\n<li>I bet Poland can get 1 million fans before any other European Country.<\/li>\n<li>Pla\u017cuj.pl &#8211; pla\u017ca,  s\u0142o\u0144ce i luksusowe apartamenty w super cenie<\/li>\n<li>Disney Junior Polska<\/li>\n<li>Nestle: Lody<\/li>\n<li>www.beeatwork.pl<\/li>\n<\/ul>\n<p>Analogicznie,  strony,  dla kt\u00f3rych r\u00f3\u017cnica mi\u0119dzy Talking About a liczb\u0105 zaanga\u017cowanych fan\u00f3w jest wyj\u0105tkowo wysoka mo\u017cna traktowa\u0107 jako producent\u00f3w wyj\u0105tkowo no\u015bnych tre\u015bci,  czyli takich,  kt\u00f3rymi u\u017cytkownicy Facebooka ch\u0119tnie si\u0119 dziel\u0105 ze swoimi znajomymi,  te\u017c takimi,  kt\u00f3rzy nie s\u0105 fanami danej strony. W grudniu 2011 by\u0142y to strony:<\/p>\n<ul>\n<li>Reebok Classics<\/li>\n<li>OKazik<\/li>\n<li>Anja Rubik<\/li>\n<li>OKazik Warszawa<\/li>\n<li>NO! NO! NO!<\/li>\n<li>LG: U\u0142atwia\u0107 sobie \u017cycie<\/li>\n<li>Pingwiny z Madagaskaru<\/li>\n<li>Aviko Polska<\/li>\n<li>Pampers<\/li>\n<li>Kupuje.to<\/li>\n<\/ul>\n<h3>Przydatno\u015b\u0107 wska\u017anika<\/h3>\n<p>Wprowadzenie nowej miary przez Facebook jest kolejnym dowodem na to,  \u017ce jako\u015b\u0107 dialogu z fanami marki ma znaczenie. Liczba fan\u00f3w,  owszem,  jest istotna,  ale jako baza do nawi\u0105zywania interakcji.<\/p>\n<p>Na szcz\u0119\u015bcie warto\u015b\u0107 wska\u017anika mo\u017cna podejrze\u0107 dla ka\u017cdego fanpage\u2019a na Facebooku,  co pozwala wyrobi\u0107 sobie zdanie na temat zaanga\u017cowania i sk\u0142onno\u015bci do dzielenia si\u0119 tre\u015bci\u0105 przez fan\u00f3w oraz pom\u00f3c chocia\u017cby por\u00f3wna\u0107 efektywno\u015b\u0107 i no\u015bno\u015b\u0107 tre\u015bci danej marki z tre\u015bciami jej konkurencji. Bez udost\u0119pnienia tego wska\u017anika ci\u0119\u017cko by\u0142o samodzielnie o tym wnioskowa\u0107. Uwzgl\u0119dnili\u015bmy to,  raportuj\u0105c od grudnia 2011 r. raportujemy warto\u015bci Talking About w <a href=\"http:\/\/www.fanpagetrender.com\">Fanpage Trenderze<\/a> oraz naszych cyklicznych raportach <a href=\"http:\/\/www.fanpagetrender.com\/pl\/fanpage-trends\">Fanpage Trends<\/a>. W Fanpage Trends mo\u017cna znale\u017a\u0107 na przyk\u0142ad <a href=\"http:\/\/www.fanpagetrender.com\/pl\/fanpage-trends-category\/201112\/pl_wszystkie\">ranking polskoj\u0119zycznych fanpage&#8217;\u00f3w o najwy\u017cszej warto\u015bci Talking About w grudniu 2011 r<\/a>. Symptomatyczne jest to,  \u017ce w czo\u0142\u00f3wce znajdziemy serwisy z demotami (Demotywatory,  Kwejk,  Wiocha). S\u0105 to tre\u015bci,  kt\u00f3rymi u\u017cytkownicy Facebooka ch\u0119tnie si\u0119 dziel\u0105,  podobnie jak innymi tre\u015bciami rozrywkowymi i muzyk\u0105,  kt\u00f3re te\u017c znajduj\u0105 si\u0119 wysoko w tym zestawieniu.<\/p>\n<p>Jak wida\u0107 z naszej analizy,  dos\u0142owne rozumienie nowego wska\u017anika jako liczby os\u00f3b,  kt\u00f3re m\u00f3wi\u0105 o tre\u015bciach prezentowanych na stronie danej marki,  czy te\u017c podejmuj\u0105 z ni\u0105 jak\u0105kolwiek form\u0119 interakcji by\u0142oby do\u015b\u0107 nieprecyzyjne. Trzeba raczej uzna\u0107,  \u017ce jest to wzgl\u0119dnie nowa,  syntetyczna miara sukcesu na drodze do anga\u017cowania si\u0119 marki w dialog z jej fanami na Facebooku,  kt\u00f3rej udost\u0119pnienie w widocznym dla wszystkich fan\u00f3w miejscu na stronach portalu umo\u017cliwia nam chocia\u017cby pobie\u017cn\u0105 ocen\u0119 i por\u00f3wnania dokona\u0144 marki w odniesieniu do jej wynik\u00f3w w przesz\u0142o\u015bci oraz na tle konkurencji.<\/p>\n<p><em><strong>Autorzy: Jacek Szejda,  Jan Zaj\u0105c,  Dominik Batorski<\/strong><\/em><\/p>\n","protected":false},"excerpt":{"rendered":"<p>Kilka miesi\u0119cy temu Facebook wprowadzi\u0142 now\u0105 miar\u0119 \u2013 Talking About, czyli \u201eLiczb\u0119 os\u00f3b, kt\u00f3re o tym m\u00f3wi\u0105\u201d. Od grudnia, odk\u0105d te dane s\u0105 dost\u0119pne w API, raportujemy Talking About w Fanpage Trenderze. Skorzystali\u015bmy z tej okazji, aby przyjrze\u0107 si\u0119 dok\u0142adniej temu wska\u017anikowi, wyja\u015bni\u0107 jak jest on liczony i czy wnosi co\u015b nowego.<\/p>\n","protected":false},"author":2,"featured_media":0,"comment_status":"open","ping_status":"open","sticky":false,"template":"","format":"standard","meta":{"inline_featured_image":false,"footnotes":""},"categories":[1793,1797],"tags":[27,223,17,25],"yoast_head":"<!-- This site is optimized with the Yoast SEO plugin v22.4 - https:\/\/yoast.com\/wordpress\/plugins\/seo\/ -->\n<title>Analiza wska\u017anika Talking About<\/title>\n<meta name=\"description\" content=\"Sprawd\u017aod czego zale\u017cy wska\u017cnik Talking about na Twoim fanpage&#039;u. Sotrender - Social Media Marketing Blog.\" \/>\n<meta name=\"robots\" content=\"index, follow, max-snippet:-1, max-image-preview:large, max-video-preview:-1\" \/>\n<link rel=\"canonical\" href=\"https:\/\/www.sotrender.com\/blog\/pl\/2012\/01\/o-czym-mowi-facebook-czyli-talking-about-zanalizowany\/\" \/>\n<meta property=\"og:locale\" content=\"pl_PL\" \/>\n<meta property=\"og:type\" content=\"article\" \/>\n<meta property=\"og:title\" content=\"Analiza wska\u017anika Talking About\" \/>\n<meta property=\"og:description\" content=\"Sprawd\u017aod czego zale\u017cy wska\u017cnik Talking about na Twoim fanpage&#039;u. Sotrender - Social Media Marketing Blog.\" \/>\n<meta property=\"og:url\" content=\"https:\/\/www.sotrender.com\/blog\/pl\/2012\/01\/o-czym-mowi-facebook-czyli-talking-about-zanalizowany\/\" \/>\n<meta property=\"og:site_name\" content=\"Sotrender Blog\" \/>\n<meta property=\"article:publisher\" content=\"https:\/\/www.facebook.com\/Sotrender\" \/>\n<meta property=\"article:author\" content=\"https:\/\/www.facebook.com\/jan.zajac.75?fref=ts\" \/>\n<meta property=\"article:published_time\" content=\"2012-01-23T12:05:14+00:00\" \/>\n<meta property=\"article:modified_time\" content=\"2015-12-01T21:44:44+00:00\" \/>\n<meta property=\"og:image\" content=\"https:\/\/www.sotrender.com\/blog\/wp-content\/uploads\/2012\/01\/Interactivity_Index_Talking_About.png\" \/>\n<meta name=\"author\" content=\"Jan Zaj\u0105c\" \/>\n<meta name=\"twitter:card\" content=\"summary_large_image\" \/>\n<meta name=\"twitter:creator\" content=\"@http:\/\/twitter.com\/janekzajac\" \/>\n<meta name=\"twitter:site\" content=\"@Sotrender\" \/>\n<meta name=\"twitter:label1\" content=\"Written by\" \/>\n\t<meta name=\"twitter:data1\" content=\"Jan Zaj\u0105c\" \/>\n\t<meta name=\"twitter:label2\" content=\"Est. reading time\" \/>\n\t<meta name=\"twitter:data2\" content=\"6 minutes\" \/>\n<script type=\"application\/ld+json\" class=\"yoast-schema-graph\">{\"@context\":\"https:\/\/schema.org\",\"@graph\":[{\"@type\":\"WebPage\",\"@id\":\"https:\/\/www.sotrender.com\/blog\/pl\/2012\/01\/o-czym-mowi-facebook-czyli-talking-about-zanalizowany\/\",\"url\":\"https:\/\/www.sotrender.com\/blog\/pl\/2012\/01\/o-czym-mowi-facebook-czyli-talking-about-zanalizowany\/\",\"name\":\"Analiza wska\u017anika Talking About\",\"isPartOf\":{\"@id\":\"https:\/\/www.sotrender.com\/blog\/#website\"},\"primaryImageOfPage\":{\"@id\":\"https:\/\/www.sotrender.com\/blog\/pl\/2012\/01\/o-czym-mowi-facebook-czyli-talking-about-zanalizowany\/#primaryimage\"},\"image\":{\"@id\":\"https:\/\/www.sotrender.com\/blog\/pl\/2012\/01\/o-czym-mowi-facebook-czyli-talking-about-zanalizowany\/#primaryimage\"},\"thumbnailUrl\":\"https:\/\/www.sotrender.com\/blog\/wp-content\/uploads\/2012\/01\/Interactivity_Index_Talking_About.png\",\"datePublished\":\"2012-01-23T12:05:14+00:00\",\"dateModified\":\"2015-12-01T21:44:44+00:00\",\"author\":{\"@id\":\"https:\/\/www.sotrender.com\/blog\/#\/schema\/person\/15d4db3ba9c4e61b1cb96099300e7c51\"},\"description\":\"Sprawd\u017aod czego zale\u017cy wska\u017cnik Talking about na Twoim fanpage'u. Sotrender - Social Media Marketing Blog.\",\"breadcrumb\":{\"@id\":\"https:\/\/www.sotrender.com\/blog\/pl\/2012\/01\/o-czym-mowi-facebook-czyli-talking-about-zanalizowany\/#breadcrumb\"},\"inLanguage\":\"pl-PL\",\"potentialAction\":[{\"@type\":\"ReadAction\",\"target\":[\"https:\/\/www.sotrender.com\/blog\/pl\/2012\/01\/o-czym-mowi-facebook-czyli-talking-about-zanalizowany\/\"]}]},{\"@type\":\"ImageObject\",\"inLanguage\":\"pl-PL\",\"@id\":\"https:\/\/www.sotrender.com\/blog\/pl\/2012\/01\/o-czym-mowi-facebook-czyli-talking-about-zanalizowany\/#primaryimage\",\"url\":\"https:\/\/www.sotrender.com\/blog\/wp-content\/uploads\/2012\/01\/Interactivity_Index_Talking_About.png\",\"contentUrl\":\"https:\/\/www.sotrender.com\/blog\/wp-content\/uploads\/2012\/01\/Interactivity_Index_Talking_About.png\"},{\"@type\":\"BreadcrumbList\",\"@id\":\"https:\/\/www.sotrender.com\/blog\/pl\/2012\/01\/o-czym-mowi-facebook-czyli-talking-about-zanalizowany\/#breadcrumb\",\"itemListElement\":[{\"@type\":\"ListItem\",\"position\":1,\"name\":\"Home\",\"item\":\"https:\/\/www.sotrender.com\/blog\/\"},{\"@type\":\"ListItem\",\"position\":2,\"name\":\"O czym m\u00f3wi Facebook? &#8211; czyli Talking About zanalizowany\"}]},{\"@type\":\"WebSite\",\"@id\":\"https:\/\/www.sotrender.com\/blog\/#website\",\"url\":\"https:\/\/www.sotrender.com\/blog\/\",\"name\":\"Sotrender Blog\",\"description\":\"\",\"potentialAction\":[{\"@type\":\"SearchAction\",\"target\":{\"@type\":\"EntryPoint\",\"urlTemplate\":\"https:\/\/www.sotrender.com\/blog\/?s={search_term_string}\"},\"query-input\":\"required name=search_term_string\"}],\"inLanguage\":\"pl-PL\"},{\"@type\":\"Person\",\"@id\":\"https:\/\/www.sotrender.com\/blog\/#\/schema\/person\/15d4db3ba9c4e61b1cb96099300e7c51\",\"name\":\"Jan Zaj\u0105c\",\"image\":{\"@type\":\"ImageObject\",\"inLanguage\":\"pl-PL\",\"@id\":\"https:\/\/www.sotrender.com\/blog\/#\/schema\/person\/image\/\",\"url\":\"https:\/\/secure.gravatar.com\/avatar\/330c70ea205c5402148d7c7d8927d81d?s=96&d=mm&r=g\",\"contentUrl\":\"https:\/\/secure.gravatar.com\/avatar\/330c70ea205c5402148d7c7d8927d81d?s=96&d=mm&r=g\",\"caption\":\"Jan Zaj\u0105c\"},\"description\":\"Psychologist &amp; economist, experienced consultant &amp; researcher, who speaks 6 languages and has cycled around 17 countries.\",\"sameAs\":[\"https:\/\/www.facebook.com\/jan.zajac.75?fref=ts\",\"https:\/\/www.linkedin.com\/in\/janekzajac\",\"https:\/\/twitter.com\/http:\/\/twitter.com\/janekzajac\"],\"url\":\"https:\/\/www.sotrender.com\/blog\/pl\/author\/jan_zajc\/\"}]}<\/script>\n<!-- \/ Yoast SEO plugin. -->","yoast_head_json":{"title":"Analiza wska\u017anika Talking About","description":"Sprawd\u017aod czego zale\u017cy wska\u017cnik Talking about na Twoim fanpage'u. Sotrender - Social Media Marketing Blog.","robots":{"index":"index","follow":"follow","max-snippet":"max-snippet:-1","max-image-preview":"max-image-preview:large","max-video-preview":"max-video-preview:-1"},"canonical":"https:\/\/www.sotrender.com\/blog\/pl\/2012\/01\/o-czym-mowi-facebook-czyli-talking-about-zanalizowany\/","og_locale":"pl_PL","og_type":"article","og_title":"Analiza wska\u017anika Talking About","og_description":"Sprawd\u017aod czego zale\u017cy wska\u017cnik Talking about na Twoim fanpage'u. Sotrender - Social Media Marketing Blog.","og_url":"https:\/\/www.sotrender.com\/blog\/pl\/2012\/01\/o-czym-mowi-facebook-czyli-talking-about-zanalizowany\/","og_site_name":"Sotrender Blog","article_publisher":"https:\/\/www.facebook.com\/Sotrender","article_author":"https:\/\/www.facebook.com\/jan.zajac.75?fref=ts","article_published_time":"2012-01-23T12:05:14+00:00","article_modified_time":"2015-12-01T21:44:44+00:00","og_image":[{"url":"https:\/\/www.sotrender.com\/blog\/wp-content\/uploads\/2012\/01\/Interactivity_Index_Talking_About.png"}],"author":"Jan Zaj\u0105c","twitter_card":"summary_large_image","twitter_creator":"@http:\/\/twitter.com\/janekzajac","twitter_site":"@Sotrender","twitter_misc":{"Written by":"Jan Zaj\u0105c","Est. reading time":"6 minutes"},"schema":{"@context":"https:\/\/schema.org","@graph":[{"@type":"WebPage","@id":"https:\/\/www.sotrender.com\/blog\/pl\/2012\/01\/o-czym-mowi-facebook-czyli-talking-about-zanalizowany\/","url":"https:\/\/www.sotrender.com\/blog\/pl\/2012\/01\/o-czym-mowi-facebook-czyli-talking-about-zanalizowany\/","name":"Analiza wska\u017anika Talking About","isPartOf":{"@id":"https:\/\/www.sotrender.com\/blog\/#website"},"primaryImageOfPage":{"@id":"https:\/\/www.sotrender.com\/blog\/pl\/2012\/01\/o-czym-mowi-facebook-czyli-talking-about-zanalizowany\/#primaryimage"},"image":{"@id":"https:\/\/www.sotrender.com\/blog\/pl\/2012\/01\/o-czym-mowi-facebook-czyli-talking-about-zanalizowany\/#primaryimage"},"thumbnailUrl":"https:\/\/www.sotrender.com\/blog\/wp-content\/uploads\/2012\/01\/Interactivity_Index_Talking_About.png","datePublished":"2012-01-23T12:05:14+00:00","dateModified":"2015-12-01T21:44:44+00:00","author":{"@id":"https:\/\/www.sotrender.com\/blog\/#\/schema\/person\/15d4db3ba9c4e61b1cb96099300e7c51"},"description":"Sprawd\u017aod czego zale\u017cy wska\u017cnik Talking about na Twoim fanpage'u. Sotrender - Social Media Marketing Blog.","breadcrumb":{"@id":"https:\/\/www.sotrender.com\/blog\/pl\/2012\/01\/o-czym-mowi-facebook-czyli-talking-about-zanalizowany\/#breadcrumb"},"inLanguage":"pl-PL","potentialAction":[{"@type":"ReadAction","target":["https:\/\/www.sotrender.com\/blog\/pl\/2012\/01\/o-czym-mowi-facebook-czyli-talking-about-zanalizowany\/"]}]},{"@type":"ImageObject","inLanguage":"pl-PL","@id":"https:\/\/www.sotrender.com\/blog\/pl\/2012\/01\/o-czym-mowi-facebook-czyli-talking-about-zanalizowany\/#primaryimage","url":"https:\/\/www.sotrender.com\/blog\/wp-content\/uploads\/2012\/01\/Interactivity_Index_Talking_About.png","contentUrl":"https:\/\/www.sotrender.com\/blog\/wp-content\/uploads\/2012\/01\/Interactivity_Index_Talking_About.png"},{"@type":"BreadcrumbList","@id":"https:\/\/www.sotrender.com\/blog\/pl\/2012\/01\/o-czym-mowi-facebook-czyli-talking-about-zanalizowany\/#breadcrumb","itemListElement":[{"@type":"ListItem","position":1,"name":"Home","item":"https:\/\/www.sotrender.com\/blog\/"},{"@type":"ListItem","position":2,"name":"O czym m\u00f3wi Facebook? &#8211; czyli Talking About zanalizowany"}]},{"@type":"WebSite","@id":"https:\/\/www.sotrender.com\/blog\/#website","url":"https:\/\/www.sotrender.com\/blog\/","name":"Sotrender Blog","description":"","potentialAction":[{"@type":"SearchAction","target":{"@type":"EntryPoint","urlTemplate":"https:\/\/www.sotrender.com\/blog\/?s={search_term_string}"},"query-input":"required name=search_term_string"}],"inLanguage":"pl-PL"},{"@type":"Person","@id":"https:\/\/www.sotrender.com\/blog\/#\/schema\/person\/15d4db3ba9c4e61b1cb96099300e7c51","name":"Jan Zaj\u0105c","image":{"@type":"ImageObject","inLanguage":"pl-PL","@id":"https:\/\/www.sotrender.com\/blog\/#\/schema\/person\/image\/","url":"https:\/\/secure.gravatar.com\/avatar\/330c70ea205c5402148d7c7d8927d81d?s=96&d=mm&r=g","contentUrl":"https:\/\/secure.gravatar.com\/avatar\/330c70ea205c5402148d7c7d8927d81d?s=96&d=mm&r=g","caption":"Jan Zaj\u0105c"},"description":"Psychologist &amp; economist, experienced consultant &amp; researcher, who speaks 6 languages and has cycled around 17 countries.","sameAs":["https:\/\/www.facebook.com\/jan.zajac.75?fref=ts","https:\/\/www.linkedin.com\/in\/janekzajac","https:\/\/twitter.com\/http:\/\/twitter.com\/janekzajac"],"url":"https:\/\/www.sotrender.com\/blog\/pl\/author\/jan_zajc\/"}]}},"_links":{"self":[{"href":"https:\/\/www.sotrender.com\/blog\/pl\/wp-json\/wp\/v2\/posts\/221"}],"collection":[{"href":"https:\/\/www.sotrender.com\/blog\/pl\/wp-json\/wp\/v2\/posts"}],"about":[{"href":"https:\/\/www.sotrender.com\/blog\/pl\/wp-json\/wp\/v2\/types\/post"}],"author":[{"embeddable":true,"href":"https:\/\/www.sotrender.com\/blog\/pl\/wp-json\/wp\/v2\/users\/2"}],"replies":[{"embeddable":true,"href":"https:\/\/www.sotrender.com\/blog\/pl\/wp-json\/wp\/v2\/comments?post=221"}],"version-history":[{"count":15,"href":"https:\/\/www.sotrender.com\/blog\/pl\/wp-json\/wp\/v2\/posts\/221\/revisions"}],"predecessor-version":[{"id":20199,"href":"https:\/\/www.sotrender.com\/blog\/pl\/wp-json\/wp\/v2\/posts\/221\/revisions\/20199"}],"wp:attachment":[{"href":"https:\/\/www.sotrender.com\/blog\/pl\/wp-json\/wp\/v2\/media?parent=221"}],"wp:term":[{"taxonomy":"category","embeddable":true,"href":"https:\/\/www.sotrender.com\/blog\/pl\/wp-json\/wp\/v2\/categories?post=221"},{"taxonomy":"post_tag","embeddable":true,"href":"https:\/\/www.sotrender.com\/blog\/pl\/wp-json\/wp\/v2\/tags?post=221"}],"curies":[{"name":"wp","href":"https:\/\/api.w.org\/{rel}","templated":true}]}}