{"id":22,"date":"2011-11-07T11:56:25","date_gmt":"2011-11-07T10:56:25","guid":{"rendered":"http:\/\/blog.fanpagetrender.pl\/?p=22"},"modified":"2017-04-13T17:31:20","modified_gmt":"2017-04-13T15:31:20","slug":"bohaterskie-ladowanie-pilota-wrony-na-facebooku-2","status":"publish","type":"post","link":"https:\/\/www.sotrender.com\/blog\/pl\/2011\/11\/bohaterskie-ladowanie-pilota-wrony-na-facebooku-2\/","title":{"rendered":"Bohaterskie l\u0105dowanie pilota Wrony na Facebooku"},"content":{"rendered":"<p>Wtorkowe brawurowe a zarazem <strong>bohaterskie l\u0105dowanie<\/strong>, dowodzonego przez pilota Tadeusza Wron\u0119, Boeinga 767, na warszawskim Ok\u0119ciu, obesz\u0142o si\u0119 wielkim echem nie tylko w mediach ale r\u00f3wnie\u017c w internecie.<\/p>\n<p><!--more--><br \/>\nTadzio, jak m\u00f3wi\u0105 o os\u0142awionym pilocie znajomi, w ci\u0105gu kilku godzin od l\u0105dowania zyska\u0142 tysi\u0105ce fan\u00f3w i tym samym sta\u0142 si\u0119 bezspornym rekordzist\u0105 polskiego Facebooka. Nikt bowiem w tak kr\u00f3tkim czasie nie zyska\u0142 tak wielkiej<strong> liczby fan\u00f3w<\/strong>. W przeci\u0105gu zaledwie kilku godzin od l\u0105dowania Boeinga powsta\u0142o <strong>a\u017c 20 nieoficjalnych fanpage&#8217;y<\/strong> maj\u0105cych w sumie ponad 54 tys. fan\u00f3w. Dwa najwi\u0119ksze &#8211; <a href=\"https:\/\/www.facebook.com\/BrawoKapitanTadeuszWrona\">Brawo Kapitan Wrona<\/a><a href=\"http:\/\/www.facebook.com\/BrawoKapitanTadeuszWrona\">\u00a0<\/a>i <a href=\"https:\/\/www.facebook.com\/KapitanWronaFP\">Kapitan Wrona<\/a>&#8211; maj\u0105 ju\u017c grubo ponad 20tys .fan\u00f3w ka\u017cdy (stan na godz.13.00, \u015broda, 2listopada br.).<\/p>\n<p>&nbsp;<\/p>\n<p>&nbsp;<\/p>\n","protected":false},"excerpt":{"rendered":"<p>Wtorkowe brawurowe a zarazem bohaterskie l\u0105dowanie, dowodzonego przez pilota Tadeusza Wron\u0119, Boeinga 767, na warszawskim Ok\u0119ciu, obesz\u0142o si\u0119 wielkim echem nie tylko w mediach ale r\u00f3wnie\u017c w internecie.<\/p>\n","protected":false},"author":31,"featured_media":0,"comment_status":"open","ping_status":"open","sticky":false,"template":"","format":"standard","meta":{"inline_featured_image":false,"footnotes":""},"categories":[1793,1797],"tags":[17,311],"yoast_head":"<!-- This site is optimized with the Yoast SEO plugin v22.4 - https:\/\/yoast.com\/wordpress\/plugins\/seo\/ -->\n<title>Bohaterskie l\u0105dowanie pilota Wrony na Facebooku<\/title>\n<meta name=\"description\" content=\"Bohaterskie l\u0105dowanie dowodzonego przez pilota Tadeusza Wron\u0119 Boeinga 767 na warszawskim Ok\u0119ciu, obesz\u0142o si\u0119 wielkim echem w internecie.\" \/>\n<meta name=\"robots\" content=\"index, follow, max-snippet:-1, max-image-preview:large, max-video-preview:-1\" \/>\n<link rel=\"canonical\" href=\"https:\/\/www.sotrender.com\/blog\/pl\/2011\/11\/bohaterskie-ladowanie-pilota-wrony-na-facebooku-2\/\" \/>\n<meta property=\"og:locale\" content=\"pl_PL\" \/>\n<meta property=\"og:type\" content=\"article\" \/>\n<meta property=\"og:title\" content=\"Bohaterskie l\u0105dowanie pilota Wrony na Facebooku\" \/>\n<meta property=\"og:description\" content=\"Bohaterskie l\u0105dowanie dowodzonego przez pilota Tadeusza Wron\u0119 Boeinga 767 na warszawskim Ok\u0119ciu, obesz\u0142o si\u0119 wielkim echem w internecie.\" \/>\n<meta property=\"og:url\" content=\"https:\/\/www.sotrender.com\/blog\/pl\/2011\/11\/bohaterskie-ladowanie-pilota-wrony-na-facebooku-2\/\" \/>\n<meta property=\"og:site_name\" content=\"Sotrender Blog\" \/>\n<meta property=\"article:publisher\" content=\"https:\/\/www.facebook.com\/Sotrender\" \/>\n<meta property=\"article:published_time\" content=\"2011-11-07T10:56:25+00:00\" \/>\n<meta property=\"article:modified_time\" content=\"2017-04-13T15:31:20+00:00\" \/>\n<meta name=\"author\" content=\"Aleksandra Prejs\" \/>\n<meta name=\"twitter:card\" content=\"summary_large_image\" \/>\n<meta name=\"twitter:creator\" content=\"@Sotrender\" \/>\n<meta name=\"twitter:site\" content=\"@Sotrender\" \/>\n<meta name=\"twitter:label1\" content=\"Written by\" \/>\n\t<meta name=\"twitter:data1\" content=\"Aleksandra Prejs\" \/>\n\t<meta name=\"twitter:label2\" content=\"Est. reading time\" \/>\n\t<meta name=\"twitter:data2\" content=\"1 minute\" \/>\n<script type=\"application\/ld+json\" class=\"yoast-schema-graph\">{\"@context\":\"https:\/\/schema.org\",\"@graph\":[{\"@type\":\"WebPage\",\"@id\":\"https:\/\/www.sotrender.com\/blog\/pl\/2011\/11\/bohaterskie-ladowanie-pilota-wrony-na-facebooku-2\/\",\"url\":\"https:\/\/www.sotrender.com\/blog\/pl\/2011\/11\/bohaterskie-ladowanie-pilota-wrony-na-facebooku-2\/\",\"name\":\"Bohaterskie l\u0105dowanie pilota Wrony na Facebooku\",\"isPartOf\":{\"@id\":\"https:\/\/www.sotrender.com\/blog\/#website\"},\"datePublished\":\"2011-11-07T10:56:25+00:00\",\"dateModified\":\"2017-04-13T15:31:20+00:00\",\"author\":{\"@id\":\"https:\/\/www.sotrender.com\/blog\/#\/schema\/person\/7106df62825269bc360ad9171cd7149b\"},\"description\":\"Bohaterskie l\u0105dowanie dowodzonego przez pilota Tadeusza Wron\u0119 Boeinga 767 na warszawskim Ok\u0119ciu, obesz\u0142o si\u0119 wielkim echem w internecie.\",\"breadcrumb\":{\"@id\":\"https:\/\/www.sotrender.com\/blog\/pl\/2011\/11\/bohaterskie-ladowanie-pilota-wrony-na-facebooku-2\/#breadcrumb\"},\"inLanguage\":\"pl-PL\",\"potentialAction\":[{\"@type\":\"ReadAction\",\"target\":[\"https:\/\/www.sotrender.com\/blog\/pl\/2011\/11\/bohaterskie-ladowanie-pilota-wrony-na-facebooku-2\/\"]}]},{\"@type\":\"BreadcrumbList\",\"@id\":\"https:\/\/www.sotrender.com\/blog\/pl\/2011\/11\/bohaterskie-ladowanie-pilota-wrony-na-facebooku-2\/#breadcrumb\",\"itemListElement\":[{\"@type\":\"ListItem\",\"position\":1,\"name\":\"Home\",\"item\":\"https:\/\/www.sotrender.com\/blog\/\"},{\"@type\":\"ListItem\",\"position\":2,\"name\":\"Bohaterskie l\u0105dowanie pilota Wrony na Facebooku\"}]},{\"@type\":\"WebSite\",\"@id\":\"https:\/\/www.sotrender.com\/blog\/#website\",\"url\":\"https:\/\/www.sotrender.com\/blog\/\",\"name\":\"Sotrender Blog\",\"description\":\"\",\"potentialAction\":[{\"@type\":\"SearchAction\",\"target\":{\"@type\":\"EntryPoint\",\"urlTemplate\":\"https:\/\/www.sotrender.com\/blog\/?s={search_term_string}\"},\"query-input\":\"required name=search_term_string\"}],\"inLanguage\":\"pl-PL\"},{\"@type\":\"Person\",\"@id\":\"https:\/\/www.sotrender.com\/blog\/#\/schema\/person\/7106df62825269bc360ad9171cd7149b\",\"name\":\"Aleksandra Prejs\",\"image\":{\"@type\":\"ImageObject\",\"inLanguage\":\"pl-PL\",\"@id\":\"https:\/\/www.sotrender.com\/blog\/#\/schema\/person\/image\/\",\"url\":\"https:\/\/secure.gravatar.com\/avatar\/469000454b77ff0aacb32c49dba023be?s=96&d=mm&r=g\",\"contentUrl\":\"https:\/\/secure.gravatar.com\/avatar\/469000454b77ff0aacb32c49dba023be?s=96&d=mm&r=g\",\"caption\":\"Aleksandra Prejs\"},\"url\":\"https:\/\/www.sotrender.com\/blog\/pl\/author\/aleksandra-prejs\/\"}]}<\/script>\n<!-- \/ Yoast SEO plugin. -->","yoast_head_json":{"title":"Bohaterskie l\u0105dowanie pilota Wrony na Facebooku","description":"Bohaterskie l\u0105dowanie dowodzonego przez pilota Tadeusza Wron\u0119 Boeinga 767 na warszawskim Ok\u0119ciu, obesz\u0142o si\u0119 wielkim echem w internecie.","robots":{"index":"index","follow":"follow","max-snippet":"max-snippet:-1","max-image-preview":"max-image-preview:large","max-video-preview":"max-video-preview:-1"},"canonical":"https:\/\/www.sotrender.com\/blog\/pl\/2011\/11\/bohaterskie-ladowanie-pilota-wrony-na-facebooku-2\/","og_locale":"pl_PL","og_type":"article","og_title":"Bohaterskie l\u0105dowanie pilota Wrony na Facebooku","og_description":"Bohaterskie l\u0105dowanie dowodzonego przez pilota Tadeusza Wron\u0119 Boeinga 767 na warszawskim Ok\u0119ciu, obesz\u0142o si\u0119 wielkim echem w internecie.","og_url":"https:\/\/www.sotrender.com\/blog\/pl\/2011\/11\/bohaterskie-ladowanie-pilota-wrony-na-facebooku-2\/","og_site_name":"Sotrender Blog","article_publisher":"https:\/\/www.facebook.com\/Sotrender","article_published_time":"2011-11-07T10:56:25+00:00","article_modified_time":"2017-04-13T15:31:20+00:00","author":"Aleksandra Prejs","twitter_card":"summary_large_image","twitter_creator":"@Sotrender","twitter_site":"@Sotrender","twitter_misc":{"Written by":"Aleksandra Prejs","Est. reading time":"1 minute"},"schema":{"@context":"https:\/\/schema.org","@graph":[{"@type":"WebPage","@id":"https:\/\/www.sotrender.com\/blog\/pl\/2011\/11\/bohaterskie-ladowanie-pilota-wrony-na-facebooku-2\/","url":"https:\/\/www.sotrender.com\/blog\/pl\/2011\/11\/bohaterskie-ladowanie-pilota-wrony-na-facebooku-2\/","name":"Bohaterskie l\u0105dowanie pilota Wrony na Facebooku","isPartOf":{"@id":"https:\/\/www.sotrender.com\/blog\/#website"},"datePublished":"2011-11-07T10:56:25+00:00","dateModified":"2017-04-13T15:31:20+00:00","author":{"@id":"https:\/\/www.sotrender.com\/blog\/#\/schema\/person\/7106df62825269bc360ad9171cd7149b"},"description":"Bohaterskie l\u0105dowanie dowodzonego przez pilota Tadeusza Wron\u0119 Boeinga 767 na warszawskim Ok\u0119ciu, obesz\u0142o si\u0119 wielkim echem w internecie.","breadcrumb":{"@id":"https:\/\/www.sotrender.com\/blog\/pl\/2011\/11\/bohaterskie-ladowanie-pilota-wrony-na-facebooku-2\/#breadcrumb"},"inLanguage":"pl-PL","potentialAction":[{"@type":"ReadAction","target":["https:\/\/www.sotrender.com\/blog\/pl\/2011\/11\/bohaterskie-ladowanie-pilota-wrony-na-facebooku-2\/"]}]},{"@type":"BreadcrumbList","@id":"https:\/\/www.sotrender.com\/blog\/pl\/2011\/11\/bohaterskie-ladowanie-pilota-wrony-na-facebooku-2\/#breadcrumb","itemListElement":[{"@type":"ListItem","position":1,"name":"Home","item":"https:\/\/www.sotrender.com\/blog\/"},{"@type":"ListItem","position":2,"name":"Bohaterskie l\u0105dowanie pilota Wrony na Facebooku"}]},{"@type":"WebSite","@id":"https:\/\/www.sotrender.com\/blog\/#website","url":"https:\/\/www.sotrender.com\/blog\/","name":"Sotrender Blog","description":"","potentialAction":[{"@type":"SearchAction","target":{"@type":"EntryPoint","urlTemplate":"https:\/\/www.sotrender.com\/blog\/?s={search_term_string}"},"query-input":"required name=search_term_string"}],"inLanguage":"pl-PL"},{"@type":"Person","@id":"https:\/\/www.sotrender.com\/blog\/#\/schema\/person\/7106df62825269bc360ad9171cd7149b","name":"Aleksandra Prejs","image":{"@type":"ImageObject","inLanguage":"pl-PL","@id":"https:\/\/www.sotrender.com\/blog\/#\/schema\/person\/image\/","url":"https:\/\/secure.gravatar.com\/avatar\/469000454b77ff0aacb32c49dba023be?s=96&d=mm&r=g","contentUrl":"https:\/\/secure.gravatar.com\/avatar\/469000454b77ff0aacb32c49dba023be?s=96&d=mm&r=g","caption":"Aleksandra Prejs"},"url":"https:\/\/www.sotrender.com\/blog\/pl\/author\/aleksandra-prejs\/"}]}},"_links":{"self":[{"href":"https:\/\/www.sotrender.com\/blog\/pl\/wp-json\/wp\/v2\/posts\/22"}],"collection":[{"href":"https:\/\/www.sotrender.com\/blog\/pl\/wp-json\/wp\/v2\/posts"}],"about":[{"href":"https:\/\/www.sotrender.com\/blog\/pl\/wp-json\/wp\/v2\/types\/post"}],"author":[{"embeddable":true,"href":"https:\/\/www.sotrender.com\/blog\/pl\/wp-json\/wp\/v2\/users\/31"}],"replies":[{"embeddable":true,"href":"https:\/\/www.sotrender.com\/blog\/pl\/wp-json\/wp\/v2\/comments?post=22"}],"version-history":[{"count":14,"href":"https:\/\/www.sotrender.com\/blog\/pl\/wp-json\/wp\/v2\/posts\/22\/revisions"}],"predecessor-version":[{"id":26707,"href":"https:\/\/www.sotrender.com\/blog\/pl\/wp-json\/wp\/v2\/posts\/22\/revisions\/26707"}],"wp:attachment":[{"href":"https:\/\/www.sotrender.com\/blog\/pl\/wp-json\/wp\/v2\/media?parent=22"}],"wp:term":[{"taxonomy":"category","embeddable":true,"href":"https:\/\/www.sotrender.com\/blog\/pl\/wp-json\/wp\/v2\/categories?post=22"},{"taxonomy":"post_tag","embeddable":true,"href":"https:\/\/www.sotrender.com\/blog\/pl\/wp-json\/wp\/v2\/tags?post=22"}],"curies":[{"name":"wp","href":"https:\/\/api.w.org\/{rel}","templated":true}]}}