{"id":21831,"date":"2016-04-06T11:28:39","date_gmt":"2016-04-06T10:28:39","guid":{"rendered":"http:\/\/blog.sotrender.com\/?p=21831"},"modified":"2016-04-06T11:28:39","modified_gmt":"2016-04-06T10:28:39","slug":"twitter-trends-marzec-2016","status":"publish","type":"post","link":"https:\/\/www.sotrender.com\/blog\/pl\/2016\/04\/twitter-trends-marzec-2016\/","title":{"rendered":"Twitter Trends marzec 2016 &#8211; Wej\u015bcie Szpaka"},"content":{"rendered":"<p style=\"text-align: justify;\">Marzec by\u0142 miesi\u0105cem napi\u0119\u0107 i protest\u00f3w spo\u0142ecznych. Twitter jak zawsze by\u0142 pe\u0142en polityki,  najcz\u0119\u015bciej u\u017cywane hashtagi marca to #TK,  #dobrazmiana i #PiS. Spo\u0142eczno\u015b\u0107 serwisu wzbogadzi\u0142 swoj\u0105 obecno\u015bci\u0105 jeden z najpopularniejszych dziennikarzy. Co jeszcze dzia\u0142o si\u0119 w marcu na Twitterze? Zapraszamy do lektury raportu <a title=\"Kliknij,  aby przeczyta\u0107 raport\" href=\"http:\/\/www.sotrender.pl\/trends\/twitter\/\" target=\"_blank\">Twitter Trends<\/a> przygotowanego przez <a title=\"Kliknij,  aby dowiedzie\u0107 si\u0119 wi\u0119cej\" href=\"http:\/\/sotrender.pl\" target=\"_blank\">Sotrender<\/a>!<!--more--><\/p>\n<h2><span style=\"font-weight: 400;\">Z\u0142oty debiut w Twitter Trends<\/span><\/h2>\n<div id=\"attachment_21833\" style=\"width: 1009px\" class=\"wp-caption aligncenter\"><a href=\"https:\/\/www.sotrender.com\/blog\/wp-content\/uploads\/2016\/04\/najlepsze-tweety-Twitter-Trends-marzec-2016.png\"><img loading=\"lazy\" decoding=\"async\" aria-describedby=\"caption-attachment-21833\" class=\"size-full wp-image-21833\" src=\"https:\/\/www.sotrender.com\/blog\/wp-content\/uploads\/2016\/04\/najlepsze-tweety-Twitter-Trends-marzec-2016.png\" alt=\"Najlepsze tweety miesi\u0105ce - Twitter Trends marzec 2016\" width=\"999\" height=\"903\" srcset=\"https:\/\/www.sotrender.com\/blog\/wp-content\/uploads\/2016\/04\/najlepsze-tweety-Twitter-Trends-marzec-2016.png 999w, https:\/\/www.sotrender.com\/blog\/wp-content\/uploads\/2016\/04\/najlepsze-tweety-Twitter-Trends-marzec-2016-475x429.png 475w, https:\/\/www.sotrender.com\/blog\/wp-content\/uploads\/2016\/04\/najlepsze-tweety-Twitter-Trends-marzec-2016-768x694.png 768w, https:\/\/www.sotrender.com\/blog\/wp-content\/uploads\/2016\/04\/najlepsze-tweety-Twitter-Trends-marzec-2016-950x859.png 950w\" sizes=\"(max-width: 999px) 100vw, 999px\" \/><\/a><p id=\"caption-attachment-21833\" class=\"wp-caption-text\">Najlepsze tweety miesi\u0105ce &#8211; Twitter Trends marzec 2016<\/p><\/div>\n<p><span style=\"font-weight: 400;\">Marzec przyni\u00f3s\u0142 spektakularny debiut na Twitterze. Konto w serwisie za\u0142o\u017cy\u0142 Dariusz Szpakowski,  legendarny komentator sportowy. I ju\u017c jego pierwszy tweet znalaz\u0142 si\u0119 w\u015br\u00f3d najbardziej anga\u017cuj\u0105cych w ubieg\u0142ym miesi\u0105cu. Polubi\u0142o go prawie 2 tysi\u0105ce u\u017cytkownik\u00f3w,  a poda\u0142o dalej 351. W\u015br\u00f3d najpopularniejszych tweet\u00f3w marca znalaz\u0142 si\u0119 tak\u017ce tweet Zbigniewa Bo\u0144ka,  zapowiadaj\u0105cy mecz reprezentacji Polski z Finlandi\u0105.<\/span><\/p>\n<p><div class=\"shortcode trial\"><h4><span>Mierz dzia\u0142ania na Twitterze w Sotrenderze!<\/span><a title=\"Wypr\u00f3buj za darmo!\" class=\"btn\" href=\"https:\/\/app.sotrender.com\/auth\/signup\/trial\/pl?utm_source=blog-cta-legacy\">Wypr\u00f3buj za darmo!<\/a><\/h4><\/div><strong>\u00a0<\/strong><\/p>\n<h2 style=\"text-align: justify;\"><span style=\"font-weight: 400;\">Co o Polakach m\u00f3wi\u0105 media spo\u0142eczno\u015bciowe?<\/span><\/h2>\n<div id=\"attachment_21755\" style=\"width: 749px\" class=\"wp-caption aligncenter\"><a href=\"https:\/\/www.sotrender.com\/blog\/wp-content\/uploads\/2016\/03\/najwi\u0119kszy-wzrost-w-historii-polskiego-facebook.png\"><img loading=\"lazy\" decoding=\"async\" aria-describedby=\"caption-attachment-21755\" class=\"size-full wp-image-21755\" src=\"https:\/\/www.sotrender.com\/blog\/wp-content\/uploads\/2016\/03\/najwi\u0119kszy-wzrost-w-historii-polskiego-facebook.png\" alt=\"Najwi\u0119kszy wzrost w historii polskiego Facebooka\" width=\"739\" height=\"237\" srcset=\"https:\/\/www.sotrender.com\/blog\/wp-content\/uploads\/2016\/03\/najwi\u0119kszy-wzrost-w-historii-polskiego-facebook.png 739w, https:\/\/www.sotrender.com\/blog\/wp-content\/uploads\/2016\/03\/najwi\u0119kszy-wzrost-w-historii-polskiego-facebook-475x152.png 475w\" sizes=\"(max-width: 739px) 100vw, 739px\" \/><\/a><p id=\"caption-attachment-21755\" class=\"wp-caption-text\">Najwi\u0119kszy wzrost w historii polskiego Facebooka<\/p><\/div>\n<p style=\"text-align: justify;\"><span style=\"font-weight: 400;\">Na konferencji Cyber 6.0 opowiadali\u015bmy,  o tym,  czego dowiedzieli\u015bmy si\u0119 o Polakach,  badaj\u0105c media spo\u0142eczno\u015bciowe. Kto w\u0142ada rz\u0105dem dusz nastolatk\u00f3w (poza kr\u00f3lem Twittera Dawidem Kwiatkowskim),  jak memy zmieni\u0142y komunikacj\u0119 polityczn\u0105 oraz co nie \u015bni\u0142o si\u0119 badaczom? <a title=\"Czego dowiedzieli\u015bmy si\u0119 o zachowaniach i gustach Polak\u00f3w podczas 5 lat bada\u0144 medi\u00f3w spo\u0142eczno\u015bciowych [PREZENTACJA]\" href=\"https:\/\/www.sotrender.com\/blog\/pl\/2016\/03\/badania-gustow-w-social-media\/\">Dowiecie si\u0119 tego z naszego wpisu.<\/a><\/span><\/p>\n<h2 style=\"text-align: center;\"><a title=\"Kliknij,  aby przeczyta\u0107 raport\" href=\"http:\/\/www.sotrender.pl\/trends\/twitter\/reports\/201603\" target=\"_blank\">Zapraszamy do lektury najnowszego raportu Twitter Trends!<\/a><\/h2>\n","protected":false},"excerpt":{"rendered":"<p>Marzec by\u0142 miesi\u0105cem napi\u0119\u0107 i protest\u00f3w spo\u0142ecznych. Twitter jak zawsze by\u0142 pe\u0142en polityki, najcz\u0119\u015bciej u\u017cywane hashtagi marca to #TK, #dobrazmiana i #PiS. Spo\u0142eczno\u015b\u0107 serwisu wzbogadzi\u0142 swoj\u0105 obecno\u015bci\u0105 jeden z najpopularniejszych dziennikarzy. Co jeszcze dzia\u0142o si\u0119 w marcu na Twitterze? Zapraszamy do lektury raportu Twitter Trends przygotowanego przez Sotrender!<\/p>\n","protected":false},"author":49,"featured_media":18811,"comment_status":"open","ping_status":"open","sticky":false,"template":"","format":"standard","meta":{"inline_featured_image":false,"footnotes":""},"categories":[1791,1799],"tags":[471,725,889,1553,1969],"yoast_head":"<!-- This site is optimized with the Yoast SEO plugin v22.4 - https:\/\/yoast.com\/wordpress\/plugins\/seo\/ -->\n<title>Twitter Trends marzec 2016 - Wej\u015bcie Szpaka<\/title>\n<meta name=\"description\" content=\"Najwa\u017cniejsze wydarzenia na Twitterze w marcu. Zapraszamy do lektury najnowszego raportu Twitter Trends!\" \/>\n<meta name=\"robots\" content=\"index, follow, max-snippet:-1, max-image-preview:large, max-video-preview:-1\" \/>\n<link rel=\"canonical\" href=\"https:\/\/www.sotrender.com\/blog\/pl\/2016\/04\/twitter-trends-marzec-2016\/\" \/>\n<meta property=\"og:locale\" content=\"pl_PL\" \/>\n<meta property=\"og:type\" content=\"article\" \/>\n<meta property=\"og:title\" content=\"Twitter Trends marzec 2016 - Wej\u015bcie Szpaka\" \/>\n<meta property=\"og:description\" content=\"Najwa\u017cniejsze wydarzenia na Twitterze w marcu. Zapraszamy do lektury najnowszego raportu Twitter Trends!\" \/>\n<meta property=\"og:url\" content=\"https:\/\/www.sotrender.com\/blog\/pl\/2016\/04\/twitter-trends-marzec-2016\/\" \/>\n<meta property=\"og:site_name\" content=\"Sotrender Blog\" \/>\n<meta property=\"article:publisher\" content=\"https:\/\/www.facebook.com\/Sotrender\" \/>\n<meta property=\"article:published_time\" content=\"2016-04-06T10:28:39+00:00\" \/>\n<meta property=\"og:image\" content=\"https:\/\/www.sotrender.com\/blog\/wp-content\/uploads\/2015\/07\/Header_blog_TT_1.jpg\" \/>\n\t<meta property=\"og:image:width\" content=\"1600\" \/>\n\t<meta property=\"og:image:height\" content=\"700\" \/>\n\t<meta property=\"og:image:type\" content=\"image\/jpeg\" \/>\n<meta name=\"author\" content=\"Micha\u0142 Wieczorek\" \/>\n<meta name=\"twitter:card\" content=\"summary_large_image\" \/>\n<meta name=\"twitter:creator\" content=\"@http:\/\/twitter.com\/eveningo\" \/>\n<meta name=\"twitter:site\" content=\"@Sotrender\" \/>\n<meta name=\"twitter:label1\" content=\"Written by\" \/>\n\t<meta name=\"twitter:data1\" content=\"Micha\u0142 Wieczorek\" \/>\n\t<meta name=\"twitter:label2\" content=\"Est. reading time\" \/>\n\t<meta name=\"twitter:data2\" content=\"1 minute\" \/>\n<script type=\"application\/ld+json\" class=\"yoast-schema-graph\">{\"@context\":\"https:\/\/schema.org\",\"@graph\":[{\"@type\":\"WebPage\",\"@id\":\"https:\/\/www.sotrender.com\/blog\/pl\/2016\/04\/twitter-trends-marzec-2016\/\",\"url\":\"https:\/\/www.sotrender.com\/blog\/pl\/2016\/04\/twitter-trends-marzec-2016\/\",\"name\":\"Twitter Trends marzec 2016 - Wej\u015bcie Szpaka\",\"isPartOf\":{\"@id\":\"https:\/\/www.sotrender.com\/blog\/#website\"},\"primaryImageOfPage\":{\"@id\":\"https:\/\/www.sotrender.com\/blog\/pl\/2016\/04\/twitter-trends-marzec-2016\/#primaryimage\"},\"image\":{\"@id\":\"https:\/\/www.sotrender.com\/blog\/pl\/2016\/04\/twitter-trends-marzec-2016\/#primaryimage\"},\"thumbnailUrl\":\"https:\/\/www.sotrender.com\/blog\/wp-content\/uploads\/2015\/07\/Header_blog_TT_1.jpg\",\"datePublished\":\"2016-04-06T10:28:39+00:00\",\"dateModified\":\"2016-04-06T10:28:39+00:00\",\"author\":{\"@id\":\"https:\/\/www.sotrender.com\/blog\/#\/schema\/person\/48ed6f8ff39863778de8dd32f58467f5\"},\"description\":\"Najwa\u017cniejsze wydarzenia na Twitterze w marcu. Zapraszamy do lektury najnowszego raportu Twitter Trends!\",\"breadcrumb\":{\"@id\":\"https:\/\/www.sotrender.com\/blog\/pl\/2016\/04\/twitter-trends-marzec-2016\/#breadcrumb\"},\"inLanguage\":\"pl-PL\",\"potentialAction\":[{\"@type\":\"ReadAction\",\"target\":[\"https:\/\/www.sotrender.com\/blog\/pl\/2016\/04\/twitter-trends-marzec-2016\/\"]}]},{\"@type\":\"ImageObject\",\"inLanguage\":\"pl-PL\",\"@id\":\"https:\/\/www.sotrender.com\/blog\/pl\/2016\/04\/twitter-trends-marzec-2016\/#primaryimage\",\"url\":\"https:\/\/www.sotrender.com\/blog\/wp-content\/uploads\/2015\/07\/Header_blog_TT_1.jpg\",\"contentUrl\":\"https:\/\/www.sotrender.com\/blog\/wp-content\/uploads\/2015\/07\/Header_blog_TT_1.jpg\",\"width\":1600,\"height\":700},{\"@type\":\"BreadcrumbList\",\"@id\":\"https:\/\/www.sotrender.com\/blog\/pl\/2016\/04\/twitter-trends-marzec-2016\/#breadcrumb\",\"itemListElement\":[{\"@type\":\"ListItem\",\"position\":1,\"name\":\"Home\",\"item\":\"https:\/\/www.sotrender.com\/blog\/\"},{\"@type\":\"ListItem\",\"position\":2,\"name\":\"Twitter Trends marzec 2016 &#8211; Wej\u015bcie Szpaka\"}]},{\"@type\":\"WebSite\",\"@id\":\"https:\/\/www.sotrender.com\/blog\/#website\",\"url\":\"https:\/\/www.sotrender.com\/blog\/\",\"name\":\"Sotrender Blog\",\"description\":\"\",\"potentialAction\":[{\"@type\":\"SearchAction\",\"target\":{\"@type\":\"EntryPoint\",\"urlTemplate\":\"https:\/\/www.sotrender.com\/blog\/?s={search_term_string}\"},\"query-input\":\"required name=search_term_string\"}],\"inLanguage\":\"pl-PL\"},{\"@type\":\"Person\",\"@id\":\"https:\/\/www.sotrender.com\/blog\/#\/schema\/person\/48ed6f8ff39863778de8dd32f58467f5\",\"name\":\"Micha\u0142 Wieczorek\",\"image\":{\"@type\":\"ImageObject\",\"inLanguage\":\"pl-PL\",\"@id\":\"https:\/\/www.sotrender.com\/blog\/#\/schema\/person\/image\/\",\"url\":\"https:\/\/secure.gravatar.com\/avatar\/65ceb2020aa2338488b9c5f33c10137f?s=96&d=mm&r=g\",\"contentUrl\":\"https:\/\/secure.gravatar.com\/avatar\/65ceb2020aa2338488b9c5f33c10137f?s=96&d=mm&r=g\",\"caption\":\"Micha\u0142 Wieczorek\"},\"description\":\"Baltic linguist, marketer, and music journalist in his free time. A big fan of good food and even better music.\",\"sameAs\":[\"https:\/\/www.linkedin.com\/in\/michaldwieczorek\",\"https:\/\/twitter.com\/http:\/\/twitter.com\/eveningo\"],\"url\":\"https:\/\/www.sotrender.com\/blog\/pl\/author\/micha_wieczorek\/\"}]}<\/script>\n<!-- \/ Yoast SEO plugin. -->","yoast_head_json":{"title":"Twitter Trends marzec 2016 - Wej\u015bcie Szpaka","description":"Najwa\u017cniejsze wydarzenia na Twitterze w marcu. Zapraszamy do lektury najnowszego raportu Twitter Trends!","robots":{"index":"index","follow":"follow","max-snippet":"max-snippet:-1","max-image-preview":"max-image-preview:large","max-video-preview":"max-video-preview:-1"},"canonical":"https:\/\/www.sotrender.com\/blog\/pl\/2016\/04\/twitter-trends-marzec-2016\/","og_locale":"pl_PL","og_type":"article","og_title":"Twitter Trends marzec 2016 - Wej\u015bcie Szpaka","og_description":"Najwa\u017cniejsze wydarzenia na Twitterze w marcu. Zapraszamy do lektury najnowszego raportu Twitter Trends!","og_url":"https:\/\/www.sotrender.com\/blog\/pl\/2016\/04\/twitter-trends-marzec-2016\/","og_site_name":"Sotrender Blog","article_publisher":"https:\/\/www.facebook.com\/Sotrender","article_published_time":"2016-04-06T10:28:39+00:00","og_image":[{"width":1600,"height":700,"url":"https:\/\/www.sotrender.com\/blog\/wp-content\/uploads\/2015\/07\/Header_blog_TT_1.jpg","type":"image\/jpeg"}],"author":"Micha\u0142 Wieczorek","twitter_card":"summary_large_image","twitter_creator":"@http:\/\/twitter.com\/eveningo","twitter_site":"@Sotrender","twitter_misc":{"Written by":"Micha\u0142 Wieczorek","Est. reading time":"1 minute"},"schema":{"@context":"https:\/\/schema.org","@graph":[{"@type":"WebPage","@id":"https:\/\/www.sotrender.com\/blog\/pl\/2016\/04\/twitter-trends-marzec-2016\/","url":"https:\/\/www.sotrender.com\/blog\/pl\/2016\/04\/twitter-trends-marzec-2016\/","name":"Twitter Trends marzec 2016 - Wej\u015bcie Szpaka","isPartOf":{"@id":"https:\/\/www.sotrender.com\/blog\/#website"},"primaryImageOfPage":{"@id":"https:\/\/www.sotrender.com\/blog\/pl\/2016\/04\/twitter-trends-marzec-2016\/#primaryimage"},"image":{"@id":"https:\/\/www.sotrender.com\/blog\/pl\/2016\/04\/twitter-trends-marzec-2016\/#primaryimage"},"thumbnailUrl":"https:\/\/www.sotrender.com\/blog\/wp-content\/uploads\/2015\/07\/Header_blog_TT_1.jpg","datePublished":"2016-04-06T10:28:39+00:00","dateModified":"2016-04-06T10:28:39+00:00","author":{"@id":"https:\/\/www.sotrender.com\/blog\/#\/schema\/person\/48ed6f8ff39863778de8dd32f58467f5"},"description":"Najwa\u017cniejsze wydarzenia na Twitterze w marcu. Zapraszamy do lektury najnowszego raportu Twitter Trends!","breadcrumb":{"@id":"https:\/\/www.sotrender.com\/blog\/pl\/2016\/04\/twitter-trends-marzec-2016\/#breadcrumb"},"inLanguage":"pl-PL","potentialAction":[{"@type":"ReadAction","target":["https:\/\/www.sotrender.com\/blog\/pl\/2016\/04\/twitter-trends-marzec-2016\/"]}]},{"@type":"ImageObject","inLanguage":"pl-PL","@id":"https:\/\/www.sotrender.com\/blog\/pl\/2016\/04\/twitter-trends-marzec-2016\/#primaryimage","url":"https:\/\/www.sotrender.com\/blog\/wp-content\/uploads\/2015\/07\/Header_blog_TT_1.jpg","contentUrl":"https:\/\/www.sotrender.com\/blog\/wp-content\/uploads\/2015\/07\/Header_blog_TT_1.jpg","width":1600,"height":700},{"@type":"BreadcrumbList","@id":"https:\/\/www.sotrender.com\/blog\/pl\/2016\/04\/twitter-trends-marzec-2016\/#breadcrumb","itemListElement":[{"@type":"ListItem","position":1,"name":"Home","item":"https:\/\/www.sotrender.com\/blog\/"},{"@type":"ListItem","position":2,"name":"Twitter Trends marzec 2016 &#8211; Wej\u015bcie Szpaka"}]},{"@type":"WebSite","@id":"https:\/\/www.sotrender.com\/blog\/#website","url":"https:\/\/www.sotrender.com\/blog\/","name":"Sotrender Blog","description":"","potentialAction":[{"@type":"SearchAction","target":{"@type":"EntryPoint","urlTemplate":"https:\/\/www.sotrender.com\/blog\/?s={search_term_string}"},"query-input":"required name=search_term_string"}],"inLanguage":"pl-PL"},{"@type":"Person","@id":"https:\/\/www.sotrender.com\/blog\/#\/schema\/person\/48ed6f8ff39863778de8dd32f58467f5","name":"Micha\u0142 Wieczorek","image":{"@type":"ImageObject","inLanguage":"pl-PL","@id":"https:\/\/www.sotrender.com\/blog\/#\/schema\/person\/image\/","url":"https:\/\/secure.gravatar.com\/avatar\/65ceb2020aa2338488b9c5f33c10137f?s=96&d=mm&r=g","contentUrl":"https:\/\/secure.gravatar.com\/avatar\/65ceb2020aa2338488b9c5f33c10137f?s=96&d=mm&r=g","caption":"Micha\u0142 Wieczorek"},"description":"Baltic linguist, marketer, and music journalist in his free time. A big fan of good food and even better music.","sameAs":["https:\/\/www.linkedin.com\/in\/michaldwieczorek","https:\/\/twitter.com\/http:\/\/twitter.com\/eveningo"],"url":"https:\/\/www.sotrender.com\/blog\/pl\/author\/micha_wieczorek\/"}]}},"_links":{"self":[{"href":"https:\/\/www.sotrender.com\/blog\/pl\/wp-json\/wp\/v2\/posts\/21831"}],"collection":[{"href":"https:\/\/www.sotrender.com\/blog\/pl\/wp-json\/wp\/v2\/posts"}],"about":[{"href":"https:\/\/www.sotrender.com\/blog\/pl\/wp-json\/wp\/v2\/types\/post"}],"author":[{"embeddable":true,"href":"https:\/\/www.sotrender.com\/blog\/pl\/wp-json\/wp\/v2\/users\/49"}],"replies":[{"embeddable":true,"href":"https:\/\/www.sotrender.com\/blog\/pl\/wp-json\/wp\/v2\/comments?post=21831"}],"version-history":[{"count":1,"href":"https:\/\/www.sotrender.com\/blog\/pl\/wp-json\/wp\/v2\/posts\/21831\/revisions"}],"predecessor-version":[{"id":21835,"href":"https:\/\/www.sotrender.com\/blog\/pl\/wp-json\/wp\/v2\/posts\/21831\/revisions\/21835"}],"wp:featuredmedia":[{"embeddable":true,"href":"https:\/\/www.sotrender.com\/blog\/pl\/wp-json\/wp\/v2\/media\/18811"}],"wp:attachment":[{"href":"https:\/\/www.sotrender.com\/blog\/pl\/wp-json\/wp\/v2\/media?parent=21831"}],"wp:term":[{"taxonomy":"category","embeddable":true,"href":"https:\/\/www.sotrender.com\/blog\/pl\/wp-json\/wp\/v2\/categories?post=21831"},{"taxonomy":"post_tag","embeddable":true,"href":"https:\/\/www.sotrender.com\/blog\/pl\/wp-json\/wp\/v2\/tags?post=21831"}],"curies":[{"name":"wp","href":"https:\/\/api.w.org\/{rel}","templated":true}]}}