{"id":21823,"date":"2016-04-05T14:32:41","date_gmt":"2016-04-05T13:32:41","guid":{"rendered":"http:\/\/blog.sotrender.com\/?p=21823"},"modified":"2016-04-15T16:25:01","modified_gmt":"2016-04-15T15:25:01","slug":"fanpage-trends-marzec-2016","status":"publish","type":"post","link":"https:\/\/www.sotrender.com\/blog\/pl\/2016\/04\/fanpage-trends-marzec-2016\/","title":{"rendered":"Fanpage Trends marzec 2016 &#8211; Wiosenne przebudzenie"},"content":{"rendered":"<p style=\"text-align: justify;\">Wiosn\u0105 budzi si\u0119 nie tylko natura,  ale r\u00f3wnie\u017c Facebook. W ubieg\u0142ym miesi\u0105cu analizowane przez nas strony opublikowa\u0142y o 13% wi\u0119cej post\u00f3w ni\u017c w lutym,  u\u017cytkownicy cz\u0119\u015bciej je komentowali. Co jeszcze dzia\u0142o si\u0119 na Facebooku w marcu? Zapraszamy do lektury najnowszego wydania raportu <a title=\"Kliknij,  aby przeczyta\u0107 raport\" href=\"http:\/\/sotrender.pl\/trends\/facebook\/\" target=\"_blank\">Fanpage Trends<\/a> przygotowanego przez <a title=\"Kliknij,  aby przej\u015b\u0107 do strony\" href=\"http:\/\/sotrender.pl\" target=\"_blank\">Sotrender<\/a>!<!--more--><\/p>\n<h2><span style=\"font-weight: 400;\">Rekordowa polityka w Fanpage Trends<\/span><\/h2>\n<div id=\"attachment_21825\" style=\"width: 809px\" class=\"wp-caption aligncenter\"><a href=\"https:\/\/www.sotrender.com\/blog\/wp-content\/uploads\/2016\/04\/najlepsze-posty-Fanpage-Trends-marzec-2016.png\"><img loading=\"lazy\" decoding=\"async\" aria-describedby=\"caption-attachment-21825\" class=\"size-full wp-image-21825\" src=\"https:\/\/www.sotrender.com\/blog\/wp-content\/uploads\/2016\/04\/najlepsze-posty-Fanpage-Trends-marzec-2016.png\" alt=\"Najbardziej interaktywne posty - Fanpage Trends marzec 2016\" width=\"799\" height=\"718\" srcset=\"https:\/\/www.sotrender.com\/blog\/wp-content\/uploads\/2016\/04\/najlepsze-posty-Fanpage-Trends-marzec-2016.png 799w, https:\/\/www.sotrender.com\/blog\/wp-content\/uploads\/2016\/04\/najlepsze-posty-Fanpage-Trends-marzec-2016-475x427.png 475w, https:\/\/www.sotrender.com\/blog\/wp-content\/uploads\/2016\/04\/najlepsze-posty-Fanpage-Trends-marzec-2016-768x690.png 768w\" sizes=\"(max-width: 799px) 100vw, 799px\" \/><\/a><p id=\"caption-attachment-21825\" class=\"wp-caption-text\">Najbardziej interaktywne posty &#8211; Fanpage Trends marzec 2016<\/p><\/div>\n<p style=\"text-align: justify;\"><span style=\"font-weight: 400;\">Cho\u0107 na Facebooku polityka zwykle ust\u0119puje miejsca bardziej rozrywkowym tre\u015bciom,  w marcu nie da\u0142o si\u0119 od niej uciec. Apel inicjatywy \u201cCa\u0142a Polska niezw\u0142ocznie publikuje wyrok Trybuna\u0142u Konstytucyjnego\u201d zosta\u0142 polubiony przez 14 tysi\u0119cy u\u017cytkownik\u00f3w,  ale udost\u0119pniony a\u017c 63 tysi\u0105ce razy. Komentarz Macieja Stuhra dotycz\u0105cy \u00a0rozdania polskich nagr\u00f3d filmowych Or\u0142y polubi\u0142o ponad 260 tysi\u0119cy u\u017cytkownik\u00f3w! Jednak najpopularniejszy w ubieg\u0142ym miesi\u0105cu by\u0142 post Schroniska w Korabiewicach,  kt\u00f3ry zosta\u0142 udost\u0119pniony ponad 90 tysi\u0119cy raz. Warto wspomnie\u0107,  \u017ce post opublikowano 28 marca.<\/span><\/p>\n<h2><span style=\"font-weight: 400;\">Dwa plemiona czy wi\u0119cej?<\/span><\/h2>\n<div id=\"attachment_21795\" style=\"width: 652px\" class=\"wp-caption aligncenter\"><a href=\"https:\/\/www.sotrender.com\/blog\/wp-content\/uploads\/2016\/03\/sieci-spo\u0142eczno\u015bciowe-a-z\u0142udzenie-wi\u0119kszo\u015bci.png\"><img loading=\"lazy\" decoding=\"async\" aria-describedby=\"caption-attachment-21795\" class=\"size-full wp-image-21795\" src=\"https:\/\/www.sotrender.com\/blog\/wp-content\/uploads\/2016\/03\/sieci-spo\u0142eczno\u015bciowe-a-z\u0142udzenie-wi\u0119kszo\u015bci.png\" alt=\"Z\u0142udzenie wi\u0119kszo\u015bci w sieciach spo\u0142eczno\u015bciowych\" width=\"642\" height=\"305\" srcset=\"https:\/\/www.sotrender.com\/blog\/wp-content\/uploads\/2016\/03\/sieci-spo\u0142eczno\u015bciowe-a-z\u0142udzenie-wi\u0119kszo\u015bci.png 642w, https:\/\/www.sotrender.com\/blog\/wp-content\/uploads\/2016\/03\/sieci-spo\u0142eczno\u015bciowe-a-z\u0142udzenie-wi\u0119kszo\u015bci-475x226.png 475w\" sizes=\"(max-width: 642px) 100vw, 642px\" \/><\/a><p id=\"caption-attachment-21795\" class=\"wp-caption-text\">Z\u0142udzenie wi\u0119kszo\u015bci w sieciach spo\u0142eczno\u015bciowych<\/p><\/div>\n<p style=\"text-align: justify;\"><span style=\"font-weight: 400;\">Sprawa wyst\u0105pienia Macieja Stuhra i zamieszania wok\u00f3\u0142 Trybuna\u0142u Konstytucyjnego ka\u017c\u0105 sobie zada\u0107 pytanie o podziale Polak\u00f3w na dwa wrogie sobie plemiona. Czy to prawda,  czy mo\u017ce zgrabny medialny konstrukt? Kamil Rakocy,  razem z pomoc\u0105 Sotrender Research Team <a title=\"Dwa plemiona czy wi\u0119cej \u2013 polaryzacja Polak\u00f3w w mediach spo\u0142eczno\u015bciowych [PREZENTACJA]\" href=\"https:\/\/www.sotrender.com\/blog\/pl\/2016\/03\/polaryzacja-polakow-w-mediach-spolecznosciowych\/\">postanowi\u0142 odpowiedzie\u0107 na to pytanie na konferencji Cyber 6.0.<\/a><\/span><\/p>\n<h2><span style=\"font-weight: 400;\">Tego nie da si\u0119 odzobaczy\u0107<\/span><\/h2>\n<div id=\"attachment_21751\" style=\"width: 1231px\" class=\"wp-caption aligncenter\"><a href=\"https:\/\/www.sotrender.com\/blog\/wp-content\/uploads\/2016\/03\/giganci-memowi-vs-media.png\"><img loading=\"lazy\" decoding=\"async\" aria-describedby=\"caption-attachment-21751\" class=\"size-full wp-image-21751\" src=\"https:\/\/www.sotrender.com\/blog\/wp-content\/uploads\/2016\/03\/giganci-memowi-vs-media.png\" alt=\"Liczba zaanga\u017cowanych u\u017cytkownik\u00f3w pod przeci\u0119tnym postem giganci memowi vs najwi\u0119ksze media - prezentacja &quot;Tego nie da si\u0119 odzobaczy\u0107&quot;\" width=\"1221\" height=\"679\" srcset=\"https:\/\/www.sotrender.com\/blog\/wp-content\/uploads\/2016\/03\/giganci-memowi-vs-media.png 1221w, https:\/\/www.sotrender.com\/blog\/wp-content\/uploads\/2016\/03\/giganci-memowi-vs-media-475x264.png 475w, https:\/\/www.sotrender.com\/blog\/wp-content\/uploads\/2016\/03\/giganci-memowi-vs-media-768x427.png 768w, https:\/\/www.sotrender.com\/blog\/wp-content\/uploads\/2016\/03\/giganci-memowi-vs-media-950x528.png 950w\" sizes=\"(max-width: 1221px) 100vw, 1221px\" \/><\/a><p id=\"caption-attachment-21751\" class=\"wp-caption-text\">Liczba zaanga\u017cowanych u\u017cytkownik\u00f3w pod przeci\u0119tnym postem giganci memowi vs najwi\u0119ksze media<\/p><\/div>\n<p style=\"text-align: justify;\"><span style=\"font-weight: 400;\">Na tej samej konferencji m\u00f3wili\u015bmy o tym,  czego dowiedzieli\u015bmy si\u0119 o Polakach,  trendach i przemianach kulturowych,  badaj\u0105c media spo\u0142eczno\u015bciowe. Widzieli\u015bmy rzeczy,  o kt\u00f3rych badaczom si\u0119 nie \u015bni\u0142o. Wnioski? <a title=\"Czego dowiedzieli\u015bmy si\u0119 o zachowaniach i gustach Polak\u00f3w podczas 5 lat bada\u0144 medi\u00f3w spo\u0142eczno\u015bciowych [PREZENTACJA]\" href=\"https:\/\/www.sotrender.com\/blog\/pl\/2016\/03\/badania-gustow-w-social-media\/\">Czekaj\u0105 nas ciekawe czasy.<\/a><\/span><\/p>\n<p style=\"text-align: center;\"><a title=\"Kliknij,  aby przeczyta\u0107 raport\" href=\"http:\/\/www.sotrender.pl\/trends\/facebook\/reports\/201603\" target=\"_blank\">Zapraszamy do lektury najnowszego wydania raportu Fanpage Trends!<\/a><\/p>\n","protected":false},"excerpt":{"rendered":"<p>Wiosn\u0105 budzi si\u0119 nie tylko natura, ale r\u00f3wnie\u017c Facebook. W ubieg\u0142ym miesi\u0105cu analizowane przez nas strony opublikowa\u0142y o 13% wi\u0119cej post\u00f3w ni\u017c w lutym, u\u017cytkownicy cz\u0119\u015bciej je komentowali. Co jeszcze dzia\u0142o si\u0119 na Facebooku w marcu? Zapraszamy do lektury najnowszego wydania raportu Fanpage Trends przygotowanego przez Sotrender!<\/p>\n","protected":false},"author":49,"featured_media":18901,"comment_status":"open","ping_status":"open","sticky":false,"template":"","format":"standard","meta":{"inline_featured_image":false,"footnotes":""},"categories":[1791,1797],"tags":[17,31,825,1965,1967],"yoast_head":"<!-- This site is optimized with the Yoast SEO plugin v22.4 - https:\/\/yoast.com\/wordpress\/plugins\/seo\/ -->\n<title>Fanpage Trends marzec 2016 - Wiosenne przebudzenie \u2013 Sotrender Blog \u2013 Analyze, Benchmark &amp; Report Your Social Media Performance<\/title>\n<meta name=\"description\" content=\"Wiosn\u0105 budzi si\u0119 nie tylko natura, ale r\u00f3wnie\u017c Facebook. W ubieg\u0142ym miesi\u0105cu analizowane przez nas strony opublikowa\u0142y o 13% wi\u0119cej post\u00f3w ni\u017c w lutym, Social Media Marketing &amp; Analytics Blog.\" \/>\n<meta name=\"robots\" content=\"index, follow, max-snippet:-1, max-image-preview:large, max-video-preview:-1\" \/>\n<link rel=\"canonical\" href=\"https:\/\/www.sotrender.com\/blog\/pl\/2016\/04\/fanpage-trends-marzec-2016\/\" \/>\n<meta property=\"og:locale\" content=\"pl_PL\" \/>\n<meta property=\"og:type\" content=\"article\" \/>\n<meta property=\"og:title\" content=\"Fanpage Trends marzec 2016 - Wiosenne przebudzenie \u2013 Sotrender Blog \u2013 Analyze, Benchmark &amp; Report Your Social Media Performance\" \/>\n<meta property=\"og:description\" content=\"Wiosn\u0105 budzi si\u0119 nie tylko natura, ale r\u00f3wnie\u017c Facebook. W ubieg\u0142ym miesi\u0105cu analizowane przez nas strony opublikowa\u0142y o 13% wi\u0119cej post\u00f3w ni\u017c w lutym, Social Media Marketing &amp; Analytics Blog.\" \/>\n<meta property=\"og:url\" content=\"https:\/\/www.sotrender.com\/blog\/pl\/2016\/04\/fanpage-trends-marzec-2016\/\" \/>\n<meta property=\"og:site_name\" content=\"Sotrender Blog\" \/>\n<meta property=\"article:publisher\" content=\"https:\/\/www.facebook.com\/Sotrender\" \/>\n<meta property=\"article:published_time\" content=\"2016-04-05T13:32:41+00:00\" \/>\n<meta property=\"article:modified_time\" content=\"2016-04-15T15:25:01+00:00\" \/>\n<meta property=\"og:image\" content=\"https:\/\/www.sotrender.com\/blog\/wp-content\/uploads\/2015\/07\/header_blog_3.jpg\" \/>\n\t<meta property=\"og:image:width\" content=\"1600\" \/>\n\t<meta property=\"og:image:height\" content=\"700\" \/>\n\t<meta property=\"og:image:type\" content=\"image\/jpeg\" \/>\n<meta name=\"author\" content=\"Micha\u0142 Wieczorek\" \/>\n<meta name=\"twitter:card\" content=\"summary_large_image\" \/>\n<meta name=\"twitter:creator\" content=\"@http:\/\/twitter.com\/eveningo\" \/>\n<meta name=\"twitter:site\" content=\"@Sotrender\" \/>\n<meta name=\"twitter:label1\" content=\"Written by\" \/>\n\t<meta name=\"twitter:data1\" content=\"Micha\u0142 Wieczorek\" \/>\n\t<meta name=\"twitter:label2\" content=\"Est. reading time\" \/>\n\t<meta name=\"twitter:data2\" content=\"2 minutes\" \/>\n<script type=\"application\/ld+json\" class=\"yoast-schema-graph\">{\"@context\":\"https:\/\/schema.org\",\"@graph\":[{\"@type\":\"WebPage\",\"@id\":\"https:\/\/www.sotrender.com\/blog\/pl\/2016\/04\/fanpage-trends-marzec-2016\/\",\"url\":\"https:\/\/www.sotrender.com\/blog\/pl\/2016\/04\/fanpage-trends-marzec-2016\/\",\"name\":\"Fanpage Trends marzec 2016 - Wiosenne przebudzenie \u2013 Sotrender Blog \u2013 Analyze, Benchmark & Report Your Social Media Performance\",\"isPartOf\":{\"@id\":\"https:\/\/www.sotrender.com\/blog\/#website\"},\"primaryImageOfPage\":{\"@id\":\"https:\/\/www.sotrender.com\/blog\/pl\/2016\/04\/fanpage-trends-marzec-2016\/#primaryimage\"},\"image\":{\"@id\":\"https:\/\/www.sotrender.com\/blog\/pl\/2016\/04\/fanpage-trends-marzec-2016\/#primaryimage\"},\"thumbnailUrl\":\"https:\/\/www.sotrender.com\/blog\/wp-content\/uploads\/2015\/07\/header_blog_3.jpg\",\"datePublished\":\"2016-04-05T13:32:41+00:00\",\"dateModified\":\"2016-04-15T15:25:01+00:00\",\"author\":{\"@id\":\"https:\/\/www.sotrender.com\/blog\/#\/schema\/person\/48ed6f8ff39863778de8dd32f58467f5\"},\"description\":\"Wiosn\u0105 budzi si\u0119 nie tylko natura, ale r\u00f3wnie\u017c Facebook. W ubieg\u0142ym miesi\u0105cu analizowane przez nas strony opublikowa\u0142y o 13% wi\u0119cej post\u00f3w ni\u017c w lutym, Social Media Marketing & Analytics Blog.\",\"breadcrumb\":{\"@id\":\"https:\/\/www.sotrender.com\/blog\/pl\/2016\/04\/fanpage-trends-marzec-2016\/#breadcrumb\"},\"inLanguage\":\"pl-PL\",\"potentialAction\":[{\"@type\":\"ReadAction\",\"target\":[\"https:\/\/www.sotrender.com\/blog\/pl\/2016\/04\/fanpage-trends-marzec-2016\/\"]}]},{\"@type\":\"ImageObject\",\"inLanguage\":\"pl-PL\",\"@id\":\"https:\/\/www.sotrender.com\/blog\/pl\/2016\/04\/fanpage-trends-marzec-2016\/#primaryimage\",\"url\":\"https:\/\/www.sotrender.com\/blog\/wp-content\/uploads\/2015\/07\/header_blog_3.jpg\",\"contentUrl\":\"https:\/\/www.sotrender.com\/blog\/wp-content\/uploads\/2015\/07\/header_blog_3.jpg\",\"width\":1600,\"height\":700},{\"@type\":\"BreadcrumbList\",\"@id\":\"https:\/\/www.sotrender.com\/blog\/pl\/2016\/04\/fanpage-trends-marzec-2016\/#breadcrumb\",\"itemListElement\":[{\"@type\":\"ListItem\",\"position\":1,\"name\":\"Home\",\"item\":\"https:\/\/www.sotrender.com\/blog\/\"},{\"@type\":\"ListItem\",\"position\":2,\"name\":\"Fanpage Trends marzec 2016 &#8211; Wiosenne przebudzenie\"}]},{\"@type\":\"WebSite\",\"@id\":\"https:\/\/www.sotrender.com\/blog\/#website\",\"url\":\"https:\/\/www.sotrender.com\/blog\/\",\"name\":\"Sotrender Blog\",\"description\":\"\",\"potentialAction\":[{\"@type\":\"SearchAction\",\"target\":{\"@type\":\"EntryPoint\",\"urlTemplate\":\"https:\/\/www.sotrender.com\/blog\/?s={search_term_string}\"},\"query-input\":\"required name=search_term_string\"}],\"inLanguage\":\"pl-PL\"},{\"@type\":\"Person\",\"@id\":\"https:\/\/www.sotrender.com\/blog\/#\/schema\/person\/48ed6f8ff39863778de8dd32f58467f5\",\"name\":\"Micha\u0142 Wieczorek\",\"image\":{\"@type\":\"ImageObject\",\"inLanguage\":\"pl-PL\",\"@id\":\"https:\/\/www.sotrender.com\/blog\/#\/schema\/person\/image\/\",\"url\":\"https:\/\/secure.gravatar.com\/avatar\/65ceb2020aa2338488b9c5f33c10137f?s=96&d=mm&r=g\",\"contentUrl\":\"https:\/\/secure.gravatar.com\/avatar\/65ceb2020aa2338488b9c5f33c10137f?s=96&d=mm&r=g\",\"caption\":\"Micha\u0142 Wieczorek\"},\"description\":\"Baltic linguist, marketer, and music journalist in his free time. A big fan of good food and even better music.\",\"sameAs\":[\"https:\/\/www.linkedin.com\/in\/michaldwieczorek\",\"https:\/\/twitter.com\/http:\/\/twitter.com\/eveningo\"],\"url\":\"https:\/\/www.sotrender.com\/blog\/pl\/author\/micha_wieczorek\/\"}]}<\/script>\n<!-- \/ Yoast SEO plugin. -->","yoast_head_json":{"title":"Fanpage Trends marzec 2016 - Wiosenne przebudzenie \u2013 Sotrender Blog \u2013 Analyze, Benchmark & Report Your Social Media Performance","description":"Wiosn\u0105 budzi si\u0119 nie tylko natura, ale r\u00f3wnie\u017c Facebook. W ubieg\u0142ym miesi\u0105cu analizowane przez nas strony opublikowa\u0142y o 13% wi\u0119cej post\u00f3w ni\u017c w lutym, Social Media Marketing & Analytics Blog.","robots":{"index":"index","follow":"follow","max-snippet":"max-snippet:-1","max-image-preview":"max-image-preview:large","max-video-preview":"max-video-preview:-1"},"canonical":"https:\/\/www.sotrender.com\/blog\/pl\/2016\/04\/fanpage-trends-marzec-2016\/","og_locale":"pl_PL","og_type":"article","og_title":"Fanpage Trends marzec 2016 - Wiosenne przebudzenie \u2013 Sotrender Blog \u2013 Analyze, Benchmark & Report Your Social Media Performance","og_description":"Wiosn\u0105 budzi si\u0119 nie tylko natura, ale r\u00f3wnie\u017c Facebook. W ubieg\u0142ym miesi\u0105cu analizowane przez nas strony opublikowa\u0142y o 13% wi\u0119cej post\u00f3w ni\u017c w lutym, Social Media Marketing & Analytics Blog.","og_url":"https:\/\/www.sotrender.com\/blog\/pl\/2016\/04\/fanpage-trends-marzec-2016\/","og_site_name":"Sotrender Blog","article_publisher":"https:\/\/www.facebook.com\/Sotrender","article_published_time":"2016-04-05T13:32:41+00:00","article_modified_time":"2016-04-15T15:25:01+00:00","og_image":[{"width":1600,"height":700,"url":"https:\/\/www.sotrender.com\/blog\/wp-content\/uploads\/2015\/07\/header_blog_3.jpg","type":"image\/jpeg"}],"author":"Micha\u0142 Wieczorek","twitter_card":"summary_large_image","twitter_creator":"@http:\/\/twitter.com\/eveningo","twitter_site":"@Sotrender","twitter_misc":{"Written by":"Micha\u0142 Wieczorek","Est. reading time":"2 minutes"},"schema":{"@context":"https:\/\/schema.org","@graph":[{"@type":"WebPage","@id":"https:\/\/www.sotrender.com\/blog\/pl\/2016\/04\/fanpage-trends-marzec-2016\/","url":"https:\/\/www.sotrender.com\/blog\/pl\/2016\/04\/fanpage-trends-marzec-2016\/","name":"Fanpage Trends marzec 2016 - Wiosenne przebudzenie \u2013 Sotrender Blog \u2013 Analyze, Benchmark & Report Your Social Media Performance","isPartOf":{"@id":"https:\/\/www.sotrender.com\/blog\/#website"},"primaryImageOfPage":{"@id":"https:\/\/www.sotrender.com\/blog\/pl\/2016\/04\/fanpage-trends-marzec-2016\/#primaryimage"},"image":{"@id":"https:\/\/www.sotrender.com\/blog\/pl\/2016\/04\/fanpage-trends-marzec-2016\/#primaryimage"},"thumbnailUrl":"https:\/\/www.sotrender.com\/blog\/wp-content\/uploads\/2015\/07\/header_blog_3.jpg","datePublished":"2016-04-05T13:32:41+00:00","dateModified":"2016-04-15T15:25:01+00:00","author":{"@id":"https:\/\/www.sotrender.com\/blog\/#\/schema\/person\/48ed6f8ff39863778de8dd32f58467f5"},"description":"Wiosn\u0105 budzi si\u0119 nie tylko natura, ale r\u00f3wnie\u017c Facebook. W ubieg\u0142ym miesi\u0105cu analizowane przez nas strony opublikowa\u0142y o 13% wi\u0119cej post\u00f3w ni\u017c w lutym, Social Media Marketing & Analytics Blog.","breadcrumb":{"@id":"https:\/\/www.sotrender.com\/blog\/pl\/2016\/04\/fanpage-trends-marzec-2016\/#breadcrumb"},"inLanguage":"pl-PL","potentialAction":[{"@type":"ReadAction","target":["https:\/\/www.sotrender.com\/blog\/pl\/2016\/04\/fanpage-trends-marzec-2016\/"]}]},{"@type":"ImageObject","inLanguage":"pl-PL","@id":"https:\/\/www.sotrender.com\/blog\/pl\/2016\/04\/fanpage-trends-marzec-2016\/#primaryimage","url":"https:\/\/www.sotrender.com\/blog\/wp-content\/uploads\/2015\/07\/header_blog_3.jpg","contentUrl":"https:\/\/www.sotrender.com\/blog\/wp-content\/uploads\/2015\/07\/header_blog_3.jpg","width":1600,"height":700},{"@type":"BreadcrumbList","@id":"https:\/\/www.sotrender.com\/blog\/pl\/2016\/04\/fanpage-trends-marzec-2016\/#breadcrumb","itemListElement":[{"@type":"ListItem","position":1,"name":"Home","item":"https:\/\/www.sotrender.com\/blog\/"},{"@type":"ListItem","position":2,"name":"Fanpage Trends marzec 2016 &#8211; Wiosenne przebudzenie"}]},{"@type":"WebSite","@id":"https:\/\/www.sotrender.com\/blog\/#website","url":"https:\/\/www.sotrender.com\/blog\/","name":"Sotrender Blog","description":"","potentialAction":[{"@type":"SearchAction","target":{"@type":"EntryPoint","urlTemplate":"https:\/\/www.sotrender.com\/blog\/?s={search_term_string}"},"query-input":"required name=search_term_string"}],"inLanguage":"pl-PL"},{"@type":"Person","@id":"https:\/\/www.sotrender.com\/blog\/#\/schema\/person\/48ed6f8ff39863778de8dd32f58467f5","name":"Micha\u0142 Wieczorek","image":{"@type":"ImageObject","inLanguage":"pl-PL","@id":"https:\/\/www.sotrender.com\/blog\/#\/schema\/person\/image\/","url":"https:\/\/secure.gravatar.com\/avatar\/65ceb2020aa2338488b9c5f33c10137f?s=96&d=mm&r=g","contentUrl":"https:\/\/secure.gravatar.com\/avatar\/65ceb2020aa2338488b9c5f33c10137f?s=96&d=mm&r=g","caption":"Micha\u0142 Wieczorek"},"description":"Baltic linguist, marketer, and music journalist in his free time. A big fan of good food and even better music.","sameAs":["https:\/\/www.linkedin.com\/in\/michaldwieczorek","https:\/\/twitter.com\/http:\/\/twitter.com\/eveningo"],"url":"https:\/\/www.sotrender.com\/blog\/pl\/author\/micha_wieczorek\/"}]}},"_links":{"self":[{"href":"https:\/\/www.sotrender.com\/blog\/pl\/wp-json\/wp\/v2\/posts\/21823"}],"collection":[{"href":"https:\/\/www.sotrender.com\/blog\/pl\/wp-json\/wp\/v2\/posts"}],"about":[{"href":"https:\/\/www.sotrender.com\/blog\/pl\/wp-json\/wp\/v2\/types\/post"}],"author":[{"embeddable":true,"href":"https:\/\/www.sotrender.com\/blog\/pl\/wp-json\/wp\/v2\/users\/49"}],"replies":[{"embeddable":true,"href":"https:\/\/www.sotrender.com\/blog\/pl\/wp-json\/wp\/v2\/comments?post=21823"}],"version-history":[{"count":4,"href":"https:\/\/www.sotrender.com\/blog\/pl\/wp-json\/wp\/v2\/posts\/21823\/revisions"}],"predecessor-version":[{"id":21917,"href":"https:\/\/www.sotrender.com\/blog\/pl\/wp-json\/wp\/v2\/posts\/21823\/revisions\/21917"}],"wp:featuredmedia":[{"embeddable":true,"href":"https:\/\/www.sotrender.com\/blog\/pl\/wp-json\/wp\/v2\/media\/18901"}],"wp:attachment":[{"href":"https:\/\/www.sotrender.com\/blog\/pl\/wp-json\/wp\/v2\/media?parent=21823"}],"wp:term":[{"taxonomy":"category","embeddable":true,"href":"https:\/\/www.sotrender.com\/blog\/pl\/wp-json\/wp\/v2\/categories?post=21823"},{"taxonomy":"post_tag","embeddable":true,"href":"https:\/\/www.sotrender.com\/blog\/pl\/wp-json\/wp\/v2\/tags?post=21823"}],"curies":[{"name":"wp","href":"https:\/\/api.w.org\/{rel}","templated":true}]}}