{"id":21785,"date":"2016-03-31T14:27:12","date_gmt":"2016-03-31T13:27:12","guid":{"rendered":"http:\/\/blog.sotrender.com\/?p=21785"},"modified":"2016-04-01T11:26:04","modified_gmt":"2016-04-01T10:26:04","slug":"polaryzacja-polakow-w-mediach-spolecznosciowych","status":"publish","type":"post","link":"https:\/\/www.sotrender.com\/blog\/pl\/2016\/03\/polaryzacja-polakow-w-mediach-spolecznosciowych\/","title":{"rendered":"Dwa plemiona czy wi\u0119cej &#8211; polaryzacja Polak\u00f3w w mediach spo\u0142eczno\u015bciowych [PREZENTACJA]"},"content":{"rendered":"<p style=\"text-align: justify;\"><span style=\"font-weight: 400;\">Media donosz\u0105 od d\u0142u\u017cszego czasu (tak naprawd\u0119 od katastrofy samolotu prezydenckiego w Smole\u0144sku) o podziale Polak\u00f3w na dwa wrogie sobie plemiona. Czy to prawda,  czy mo\u017ce zgrabny medialny konstrukt? Zbada\u0142 to <\/span><a href=\"http:\/\/www.krconsulting.pl\"><span style=\"font-weight: 400;\">Kamil Rakocy<\/span><\/a><span style=\"font-weight: 400;\"> w oparciu o dane i z pomoc\u0105 Sotrender Research Team. Wyniki badania zosta\u0142y przedstawione na konferencji Cyber 6.0 organizowanej przez <a title=\"Kliknij,  aby dowiedzie\u0107 si\u0119 wi\u0119cej\" href=\"http:\/\/ptbrio.pl\" target=\"_blank\">PTBRiO<\/a>. Wpis jest om\u00f3wieniem najwa\u017cniejszych wniosk\u00f3w badania,  kt\u00f3re <a title=\"Kliknij,  aby przeczyta\u0107 artyku\u0142\" href=\"http:\/\/antymatrix.blog.polityka.pl\/2016\/03\/20\/facebook-polityka-i-zludzenie-plemiennosci\/\" target=\"_blank\">ju\u017c cieszy si\u0119 du\u017cym zainteresowaniem<\/a>.<\/span><!--more--><\/p>\n<h2 style=\"text-align: left;\"><span style=\"font-weight: 400;\">Metoda badania &#8211; analiza sieciowa w oparciu o Faceboka<\/span><\/h2>\n<p style=\"text-align: justify;\"><span style=\"font-weight: 400;\">Od d\u0142u\u017cszego czasu w Sotrenderze przeprowadzamy badania zainteresowa\u0144 i segmentacje w oparciu o zachowania u\u017cytkownik\u00f3w Facebooka. Dzi\u0119ki nim marki mog\u0105 dowiedzie\u0107 si\u0119,  <a title=\"Poznaj zainteresowania fan\u00f3w Twojej marki!\" href=\"https:\/\/www.sotrender.com\/blog\/pl\/2015\/05\/poznaj-zainteresowania-fanow-twojej-marki\/\">czym interesuj\u0105 si\u0119 ich fani<\/a> i j<a title=\"Fan kocha,  lubi,  szanuje. Ale nie tylko nas.\" href=\"https:\/\/www.sotrender.com\/blog\/pl\/2016\/03\/fan-kocha-lubi-szanuje-ale-nie-tylko-nas\/\">ak wykorzysta\u0107 t\u0119 wiedz\u0119 w strategii komunikacji<\/a>. Podobne podej\u015bcie zastosowano w tej analizie. Wykorzystali\u015bmy analiz\u0119 sieci spo\u0142ecznych (social network analysis). W\u0119z\u0142ami naszej sieci by\u0142y strony na Facebooku,  czyli profile organizacji,  medi\u00f3w,  celebryt\u00f3w itd. Zbadali\u015bmy komunikacj\u0119 i aktywno\u015bci na wszystkich najwa\u017cniejszych polskich profilach medi\u00f3w,  polityk\u00f3w,  partii,  organizacji pozarz\u0105dowych i oddolnych inicjatyw,  tak\u017ce prze\u015bmiewczo-satyrycznych. Relacje mi\u0119dzy 2 stronami badali\u015bmy przez sprawdzanie,  czy ci sami u\u017cytkownicy lubili tre\u015bci na danych stronach<\/span>.<\/p>\n<p style=\"text-align: justify;\"><span style=\"font-weight: 400;\">Oczywi\u015bcie taka metoda badania zainteresowa\u0144 politycznych ma pewne ograniczenia. Przede wszystkim,  nie wszyscy Polacy korzystaj\u0105 z internetu,  a nie wszyscy internauci korzystaj\u0105 z Facebooka. 14, 2 mln Polak\u00f3w ma konto w serwisie. Co wi\u0119cej,  nie wszyscy u\u017cytkownicy Facebooka anga\u017cuj\u0105 si\u0119 w komunikacj\u0119 &#8211; cho\u0107 z drugiej strony \u0142\u0105cznie w badanym okresie na wszystkich polskich stronach na Facebooku opublikowane tre\u015bci otrzyma\u0142y 368 mln polubie\u0144(cho\u0107 cz\u0119\u015b\u0107 z nich mo\u017ce pochodzi\u0107 z zagranicy).<\/span><\/p>\n<div id=\"attachment_21787\" style=\"width: 1006px\" class=\"wp-caption aligncenter\"><a href=\"https:\/\/www.sotrender.com\/blog\/wp-content\/uploads\/2016\/03\/demografia-facebooka-luty-2016-fanpage-trends.png\"><img loading=\"lazy\" decoding=\"async\" aria-describedby=\"caption-attachment-21787\" class=\"size-full wp-image-21787\" src=\"https:\/\/www.sotrender.com\/blog\/wp-content\/uploads\/2016\/03\/demografia-facebooka-luty-2016-fanpage-trends.png\" alt=\"Polscy u\u017cytkownicy Facebooka w lutym 2016 - dane Fanpage Trends\" width=\"996\" height=\"365\" srcset=\"https:\/\/www.sotrender.com\/blog\/wp-content\/uploads\/2016\/03\/demografia-facebooka-luty-2016-fanpage-trends.png 996w, https:\/\/www.sotrender.com\/blog\/wp-content\/uploads\/2016\/03\/demografia-facebooka-luty-2016-fanpage-trends-475x174.png 475w, https:\/\/www.sotrender.com\/blog\/wp-content\/uploads\/2016\/03\/demografia-facebooka-luty-2016-fanpage-trends-768x281.png 768w, https:\/\/www.sotrender.com\/blog\/wp-content\/uploads\/2016\/03\/demografia-facebooka-luty-2016-fanpage-trends-950x348.png 950w\" sizes=\"(max-width: 996px) 100vw, 996px\" \/><\/a><p id=\"caption-attachment-21787\" class=\"wp-caption-text\">Polscy u\u017cytkownicy Facebooka w lutym 2016 &#8211; dane Fanpage Trends<\/p><\/div>\n<p style=\"text-align: justify;\"><span style=\"font-weight: 400;\">Zarazem taki spos\u00f3b badania umo\u017cliwia zebranie danych o rzeczywistych zachowaniach,  a nie tylko ich deklaracjach,  co jest szczeg\u00f3lnie wa\u017cne w przypadku badania sfery dra\u017cliwej,  o kt\u00f3rej cz\u0119\u015b\u0107 os\u00f3b badanych mo\u017ce nie chcie\u0107 si\u0119 wypowiada\u0107. T\u0119 sam\u0105 metod\u0119 wykorzystali\u015bmy w naszych analizach intensywno\u015bci komunikacji kandydat\u00f3w w <a title=\"Kampania prezydencka w social media \u2013 kto wygrywa w wy\u015bcigu do Pa\u0142acu Prezydenckiego?\" href=\"https:\/\/www.sotrender.com\/blog\/pl\/2015\/04\/kampania-prezydencka-w-social-media\/\">ostatnich wyborach prezydenckich<\/a> oraz <a title=\"Kliknij,  aby przeczyta\u0107 raport\" href=\"http:\/\/www.sotrender.com\/reports\/general-election-2015-on-social-media\" target=\"_blank\">wybor\u00f3w parlamentarnych w Wielkiej Brytanii<\/a>.<\/span><\/p>\n<p style=\"text-align: justify;\">W niniejszym badaniu przeanalizowano 57 gigabajt\u00f3w danych z ostatniego p\u00f3\u0142rocza &#8211; od dnia og\u0142oszenia wyniku wybor\u00f3w do ko\u0144ca 100 dni nowego rz\u0105du. Wybrali\u015bmy taki okres badania,  poniewa\u017c 2015 rok by\u0142 rokiem wyborczym i a\u017c do 26 pa\u017adziernika tak naprawd\u0119 toczy\u0142a si\u0119 kampania wyborcza,  a co za tym idzie nastroje w spo\u0142ecze\u0144stwie by\u0142y du\u017co bardziej napi\u0119te ni\u017c zazwyczaj.<\/p>\n<h2 style=\"text-align: justify;\"><a title=\"Kliknij,  aby dowiedzie\u0107 si\u0119 wi\u0119cej\" href=\"http:\/\/arxiv.org\/abs\/1506.03022\" target=\"_blank\"><span style=\"font-weight: 400;\">Z\u0142udzenie wi\u0119kszo\u015bci<\/span><\/a><\/h2>\n<p style=\"text-align: justify;\"><span style=\"font-weight: 400;\">Z badania wynika,  \u017ce a\u017c 80% polskich u\u017cytkownik\u00f3w Facebooka nie udziela si\u0119 w sporach na profilach identyfikowanych z jednym z g\u0142\u00f3wnych oboz\u00f3w (co nie znaczy,  \u017ce nie s\u0105 aktywnie politycznie gdzie indziej). Dlaczego jednak m\u00f3wimy o wrogich sobie politycznych plemionach? Z samego charakteru medi\u00f3w spo\u0142eczno\u015bciowych &#8211; dobieramy sobie znajomych podobnych do nas,  co prowadzi do mylnych wniosk\u00f3w,  \u017ce wi\u0119kszo\u015b\u0107 my\u015bli tak samo jak my. Cho\u0107by nasze pogl\u0105dy polityczne (lub gusta muzyczne) by\u0142y bardzo niepopularne i niszowe. To <a title=\"Dowiedz si\u0119 wi\u0119cej\" href=\"http:\/\/arxiv.org\/abs\/1506.03022\" target=\"_blank\">z\u0142udzenie wi\u0119kszo\u015bci<\/a> wzmaga poczucie plemienno\u015bci,  kt\u00f3remu ulegaj\u0105 r\u00f3wnie\u017c dziennikarze wsp\u00f3\u0142odpowiedzialni za popularyzacj\u0119 stwierdzenia o rozbiciu Polak\u00f3w na dwa obozy.<\/span><\/p>\n<div id=\"attachment_21795\" style=\"width: 652px\" class=\"wp-caption aligncenter\"><a href=\"https:\/\/www.sotrender.com\/blog\/wp-content\/uploads\/2016\/03\/sieci-spo\u0142eczno\u015bciowe-a-z\u0142udzenie-wi\u0119kszo\u015bci.png\"><img loading=\"lazy\" decoding=\"async\" aria-describedby=\"caption-attachment-21795\" class=\"size-full wp-image-21795\" src=\"https:\/\/www.sotrender.com\/blog\/wp-content\/uploads\/2016\/03\/sieci-spo\u0142eczno\u015bciowe-a-z\u0142udzenie-wi\u0119kszo\u015bci.png\" alt=\"Z\u0142udzenie wi\u0119kszo\u015bci w sieciach spo\u0142eczno\u015bciowych\" width=\"642\" height=\"305\" srcset=\"https:\/\/www.sotrender.com\/blog\/wp-content\/uploads\/2016\/03\/sieci-spo\u0142eczno\u015bciowe-a-z\u0142udzenie-wi\u0119kszo\u015bci.png 642w, https:\/\/www.sotrender.com\/blog\/wp-content\/uploads\/2016\/03\/sieci-spo\u0142eczno\u015bciowe-a-z\u0142udzenie-wi\u0119kszo\u015bci-475x226.png 475w\" sizes=\"(max-width: 642px) 100vw, 642px\" \/><\/a><p id=\"caption-attachment-21795\" class=\"wp-caption-text\">Z\u0142udzenie wi\u0119kszo\u015bci w sieciach spo\u0142eczno\u015bciowych<\/p><\/div>\n<h2 style=\"text-align: justify;\"><span style=\"font-weight: 400;\">Gdzie ta prawica?<\/span><\/h2>\n<p style=\"text-align: justify;\"><span style=\"font-weight: 400;\">Podczas wybor\u00f3w prezydenckich przygotowali\u015bmy dwa obszerne raporty dotycz\u0105ce obecno\u015bci kandydat\u00f3w w mediach spo\u0142eczno\u015bciowych &#8211; najintensywniejsz\u0105 kampani\u0119 w mediach spo\u0142eczno\u015bciowych prowadzili Bronis\u0142aw Komorowski i Pawe\u0142 Kukiz. Jednak niekwestionowanym liderem w anga\u017cowaniu zwolennik\u00f3w w social media by\u0142 ma\u0142o wtedy znany europose\u0142 PiSu,  dzisiejszy prezydent Andrzej Duda. Wyra\u017anie by\u0142o wida\u0107 w naszych analizach,  \u017ce jego komunikacja w social media (przede wszystkim na <a href=\"http:\/\/sotrender.pl\/trends\/facebook\" target=\"_blank\">Facebooku<\/a> i <a href=\"http:\/\/sotrender.pl\/trends\/twitter\" target=\"_blank\">Twitterze<\/a>) rozchodzi si\u0119 bardzo szeroko oraz \u017ce spotyka si\u0119 z bardzo pozytywnym odbiorem internaut\u00f3w.<\/span><\/p>\n<p style=\"text-align: justify;\"><span style=\"font-weight: 400;\">Jak zaznacza Kamil Rakocy,  w czasie kampanii wyborczej PiS postawi\u0142 na wirusowo\u015b\u0107 przekazu i zaanga\u017cowanie zwolennik\u00f3w w mediach spo\u0142eczno\u015bci. Partia Jaros\u0142awa Kaczy\u0144skiego \u015bwietnie zrozumia\u0142a rol\u0119 social media w kszta\u0142towaniu opinii wyborc\u00f3w. W internecie pojawi\u0142y si\u0119 tak\u017ce <a title=\"Kliknij,  aby dowiedzie\u0107 si\u0119 wi\u0119cej\" href=\"https:\/\/www.youtube.com\/watch?time_continue=1&amp;v=wP8ZBg2FLFY\" target=\"_blank\">spoty<\/a>\u00a0zach\u0119caj\u0105ce zwolennik\u00f3w dobrej zmiany do prowadzenia oddolnej kampanii wyborczej. Ekwiwalent reklamowy zasi\u0119gu osi\u0105gni\u0119tego przez PiS w ostatnim kwartale 2015 roku to <a title=\"Czego dowiedzieli\u015bmy si\u0119 o zachowaniach i gustach Polak\u00f3w podczas 5 lat bada\u0144 medi\u00f3w spo\u0142eczno\u015bciowych [PREZENTACJA]\" href=\"https:\/\/www.sotrender.com\/blog\/pl\/2016\/03\/badania-gustow-w-social-media\/\" target=\"_blank\">prawie 900\u00a0tysi\u0119cy z\u0142otych<\/a>.<br \/>\n<\/span><\/p>\n<div id=\"attachment_21775\" style=\"width: 1232px\" class=\"wp-caption aligncenter\"><a href=\"https:\/\/www.sotrender.com\/blog\/wp-content\/uploads\/2016\/03\/ekwiwalent-reklamowy-partie-polityczne.png\"><img loading=\"lazy\" decoding=\"async\" aria-describedby=\"caption-attachment-21775\" class=\"size-full wp-image-21775\" src=\"https:\/\/www.sotrender.com\/blog\/wp-content\/uploads\/2016\/03\/ekwiwalent-reklamowy-partie-polityczne.png\" alt=\"Ile musia\u0142yby zap\u0142aci\u0107 partie Facebookowi,  gdyby by\u0142y markami\" width=\"1222\" height=\"616\" srcset=\"https:\/\/www.sotrender.com\/blog\/wp-content\/uploads\/2016\/03\/ekwiwalent-reklamowy-partie-polityczne.png 1222w, https:\/\/www.sotrender.com\/blog\/wp-content\/uploads\/2016\/03\/ekwiwalent-reklamowy-partie-polityczne-475x239.png 475w, https:\/\/www.sotrender.com\/blog\/wp-content\/uploads\/2016\/03\/ekwiwalent-reklamowy-partie-polityczne-768x387.png 768w, https:\/\/www.sotrender.com\/blog\/wp-content\/uploads\/2016\/03\/ekwiwalent-reklamowy-partie-polityczne-950x479.png 950w\" sizes=\"(max-width: 1222px) 100vw, 1222px\" \/><\/a><p id=\"caption-attachment-21775\" class=\"wp-caption-text\">Ile musia\u0142yby zap\u0142aci\u0107 partie Facebookowi,  gdyby by\u0142y markami<\/p><\/div>\n<p style=\"text-align: justify;\"><span style=\"font-weight: 400;\">\u00a0<\/span><\/p>\n<p style=\"text-align: justify;\"><span style=\"font-weight: 400;\">Jednak z danych z ostatniego p\u00f3\u0142rocza wynika,  \u017ce w mediach spo\u0142eczno\u015bciowych liczniejszy jest ob\u00f3z nazwany roboczo \u201canty-PiS\u201d. Najwi\u0119ksze strony zaanga\u017cowane w \u017cycie publiczne reprezentuj\u0105 w\u0142a\u015bnie t\u0119 opcj\u0119.\u00a0<\/span>Co si\u0119 sta\u0142o z prawic\u0105,  kt\u00f3ra przecie\u017c wygra\u0142a wybory r\u00f3wnie\u017c dzi\u0119ki wielkiej aktywno\u015bci w social media? Je\u015bli spojrzymy na mniejsze strony na Facebooku,  maj\u0105ce powy\u017cej 30 tysi\u0119cy fan\u00f3w,  zobaczymy du\u017ce skupisko stron prawicowych. Ich powi\u0105zania mi\u0119dzy sob\u0105 s\u0105 jeszcze silniejsze. Wyra\u017anie wida\u0107 \u017ar\u00f3d\u0142o z\u0142udzenia wi\u0119kszo\u015bci &#8211; przez filtr Facebooku i dzi\u0119ki w\u0142asnym decyzjom co polubi\u0107,  a czego nie &#8211; u\u017cytkownik dostaje bardzo jednolity obraz \u015bwiata. Z danych z Facebooka wygl\u0105da,  \u017ce zwolennik\u00f3w prawicy nie jest przyt\u0142aczaj\u0105ca wi\u0119kszo\u015b\u0107,  lecz skuteczniej wykorzystuj\u0105 oni nowe media.<\/p>\n<div id=\"attachment_21791\" style=\"width: 1086px\" class=\"wp-caption aligncenter\"><a href=\"https:\/\/www.sotrender.com\/blog\/wp-content\/uploads\/2016\/03\/powi\u0105zania-stron-z-marszem-niepodleg\u0142o\u015bci.png\"><img loading=\"lazy\" decoding=\"async\" aria-describedby=\"caption-attachment-21791\" class=\"size-full wp-image-21791\" src=\"https:\/\/www.sotrender.com\/blog\/wp-content\/uploads\/2016\/03\/powi\u0105zania-stron-z-marszem-niepodleg\u0142o\u015bci.png\" alt=\"Wsp\u00f3\u0142aktywno\u015bci fan\u00f3w strony Marszu  Niepodleg\u0142o\u015bci\" width=\"1076\" height=\"618\" srcset=\"https:\/\/www.sotrender.com\/blog\/wp-content\/uploads\/2016\/03\/powi\u0105zania-stron-z-marszem-niepodleg\u0142o\u015bci.png 1076w, https:\/\/www.sotrender.com\/blog\/wp-content\/uploads\/2016\/03\/powi\u0105zania-stron-z-marszem-niepodleg\u0142o\u015bci-475x273.png 475w, https:\/\/www.sotrender.com\/blog\/wp-content\/uploads\/2016\/03\/powi\u0105zania-stron-z-marszem-niepodleg\u0142o\u015bci-768x441.png 768w, https:\/\/www.sotrender.com\/blog\/wp-content\/uploads\/2016\/03\/powi\u0105zania-stron-z-marszem-niepodleg\u0142o\u015bci-950x546.png 950w\" sizes=\"(max-width: 1076px) 100vw, 1076px\" \/><\/a><p id=\"caption-attachment-21791\" class=\"wp-caption-text\">Sie\u0107 powi\u0105za\u0144 wok\u00f3\u0142 strony\u00a0Marszu Niepodleg\u0142o\u015bci<\/p><\/div>\n<h2 style=\"text-align: justify;\"><span style=\"font-weight: 400;\">Gdzie ta lewica?<\/span><\/h2>\n<p style=\"text-align: justify;\"><span style=\"font-weight: 400;\">W polskiej polityce od lat obecne s\u0105 dwa bieguny &#8211; PiS i antyPiS. Gdzie w tej uk\u0142adance znajduje si\u0119 lewica? By odpowiedzie\u0107 na to pytanie jako trzeci\u0105 kategori\u0119 wydzielono Roberta Biedronia,  obecnie najpopularniejszego lewicowego polityka (jego strona na Facebooku ma ponad 272 tysi\u0105ce fan\u00f3w) i strony skupione wok\u00f3\u0142 profilu prezydenta S\u0142upska oraz partii Razem. Okazuje si\u0119,  \u017ce ob\u00f3z lewicowy jest zbie\u017cny z obozem anty-PiSu.<\/span><\/p>\n<div id=\"attachment_21789\" style=\"width: 1156px\" class=\"wp-caption aligncenter\"><a href=\"https:\/\/www.sotrender.com\/blog\/wp-content\/uploads\/2016\/03\/czy-istnieje-trzeci-biegun.png\"><img loading=\"lazy\" decoding=\"async\" aria-describedby=\"caption-attachment-21789\" class=\"size-full wp-image-21789\" src=\"https:\/\/www.sotrender.com\/blog\/wp-content\/uploads\/2016\/03\/czy-istnieje-trzeci-biegun.png\" alt=\"Wsp\u00f3\u0142aktywno\u015bci fan\u00f3 wpartii Razem\" width=\"1146\" height=\"644\" srcset=\"https:\/\/www.sotrender.com\/blog\/wp-content\/uploads\/2016\/03\/czy-istnieje-trzeci-biegun.png 1146w, https:\/\/www.sotrender.com\/blog\/wp-content\/uploads\/2016\/03\/czy-istnieje-trzeci-biegun-475x267.png 475w, https:\/\/www.sotrender.com\/blog\/wp-content\/uploads\/2016\/03\/czy-istnieje-trzeci-biegun-768x432.png 768w, https:\/\/www.sotrender.com\/blog\/wp-content\/uploads\/2016\/03\/czy-istnieje-trzeci-biegun-950x534.png 950w\" sizes=\"(max-width: 1146px) 100vw, 1146px\" \/><\/a><p id=\"caption-attachment-21789\" class=\"wp-caption-text\">Wsp\u00f3\u0142aktywno\u015bci fan\u00f3 wpartii Razem<\/p><\/div>\n<h2 style=\"text-align: justify;\"><span style=\"font-weight: 400;\">Wcale nie tak podzieleni?<\/span><\/h2>\n<p style=\"text-align: justify;\"><span style=\"font-weight: 400;\">Z badania wynika,  \u017ce wi\u0119kszo\u015b\u0107 polskich u\u017cytkownik\u00f3w Facebooka nie anga\u017cuje si\u0119 w spory polityczne na platformie,  a istniej\u0105ce poczucie podzia\u0142u na wrogie sobie plemiona wynika ze z\u0142udzenia wi\u0119kszo\u015bci i \u0142atwiejszej polaryzacji pogl\u0105d\u00f3w w sieciach spo\u0142eczno\u015bciowych.\u00a0<\/span><\/p>\n<h3 style=\"text-align: center;\">Jeszcze wi\u0119cej dowiecie si\u0119 z prezentacji Kamila Rakocego<\/h3>\n<p>&nbsp;<\/p>\n<div align=\"center\"><iframe loading=\"lazy\" style=\"border: 1px solid #CCC; border-width: 1px; margin-bottom: 5px; max-width: 100%;\" src=\"\/\/www.slideshare.net\/slideshow\/embed_code\/key\/3v429SNPOHc80E\" width=\"595\" height=\"485\" frameborder=\"0\" marginwidth=\"0\" marginheight=\"0\" scrolling=\"no\" allowfullscreen=\"allowfullscreen\"> <\/iframe><\/p>\n<div style=\"margin-bottom: 5px;\"><strong> <a title=\"Dwa plemiona czy wi\u0119cej?\" href=\"\/\/www.slideshare.net\/kamilrakocy\/dwa-plemiona-czy-wicej\" target=\"_blank\">Dwa plemiona czy wi\u0119cej?<\/a> <\/strong> from <strong><a href=\"\/\/www.slideshare.net\/kamilrakocy\" target=\"_blank\">Kamil Rakocy<\/a><\/strong><\/div>\n<\/div>\n","protected":false},"excerpt":{"rendered":"<p>Media donosz\u0105 od d\u0142u\u017cszego czasu (tak naprawd\u0119 od katastrofy samolotu prezydenckiego w Smole\u0144sku) o podziale Polak\u00f3w na dwa wrogie sobie plemiona. Czy to prawda, czy mo\u017ce zgrabny medialny konstrukt? Zbada\u0142 to Kamil Rakocy w oparciu o dane i z pomoc\u0105 Sotrender Research Team. Wyniki badania zosta\u0142y przedstawione na konferencji Cyber 6.0 organizowanej przez PTBRiO. Wpis [&hellip;]<\/p>\n","protected":false},"author":2,"featured_media":21799,"comment_status":"open","ping_status":"open","sticky":false,"template":"","format":"standard","meta":{"inline_featured_image":false,"footnotes":""},"categories":[1791,1797],"tags":[17,573,825,1553,1961,1963],"yoast_head":"<!-- This site is optimized with the Yoast SEO plugin v22.4 - https:\/\/yoast.com\/wordpress\/plugins\/seo\/ -->\n<title>Dwa plemiona czy wi\u0119cej?<\/title>\n<meta name=\"description\" content=\"Analiza polaryzacji i fragmentaryzacji dyskursu we wsp\u00f3\u0142czesnej Polsce na podstawie danych z medi\u00f3w spo\u0142eczno\u015bciowych.\" \/>\n<meta name=\"robots\" content=\"index, follow, max-snippet:-1, max-image-preview:large, max-video-preview:-1\" \/>\n<link rel=\"canonical\" href=\"https:\/\/www.sotrender.com\/blog\/pl\/2016\/03\/polaryzacja-polakow-w-mediach-spolecznosciowych\/\" \/>\n<meta property=\"og:locale\" content=\"pl_PL\" \/>\n<meta property=\"og:type\" content=\"article\" \/>\n<meta property=\"og:title\" content=\"Dwa plemiona czy wi\u0119cej?\" \/>\n<meta property=\"og:description\" content=\"Analiza polaryzacji i fragmentaryzacji dyskursu we wsp\u00f3\u0142czesnej Polsce na podstawie danych z medi\u00f3w spo\u0142eczno\u015bciowych.\" \/>\n<meta property=\"og:url\" content=\"https:\/\/www.sotrender.com\/blog\/pl\/2016\/03\/polaryzacja-polakow-w-mediach-spolecznosciowych\/\" \/>\n<meta property=\"og:site_name\" content=\"Sotrender Blog\" \/>\n<meta property=\"article:publisher\" content=\"https:\/\/www.facebook.com\/Sotrender\" \/>\n<meta property=\"article:author\" content=\"https:\/\/www.facebook.com\/jan.zajac.75?fref=ts\" \/>\n<meta property=\"article:published_time\" content=\"2016-03-31T13:27:12+00:00\" \/>\n<meta property=\"article:modified_time\" content=\"2016-04-01T10:26:04+00:00\" \/>\n<meta property=\"og:image\" content=\"https:\/\/www.sotrender.com\/blog\/wp-content\/uploads\/2016\/03\/crowd-header-950x631.jpg\" \/>\n\t<meta property=\"og:image:width\" content=\"950\" \/>\n\t<meta property=\"og:image:height\" content=\"631\" \/>\n\t<meta property=\"og:image:type\" content=\"image\/jpeg\" \/>\n<meta name=\"author\" content=\"Jan Zaj\u0105c\" \/>\n<meta name=\"twitter:card\" content=\"summary_large_image\" \/>\n<meta name=\"twitter:creator\" content=\"@http:\/\/twitter.com\/janekzajac\" \/>\n<meta name=\"twitter:site\" content=\"@Sotrender\" \/>\n<meta name=\"twitter:label1\" content=\"Written by\" \/>\n\t<meta name=\"twitter:data1\" content=\"Jan Zaj\u0105c\" \/>\n\t<meta name=\"twitter:label2\" content=\"Est. reading time\" \/>\n\t<meta name=\"twitter:data2\" content=\"5 minutes\" \/>\n<script type=\"application\/ld+json\" class=\"yoast-schema-graph\">{\"@context\":\"https:\/\/schema.org\",\"@graph\":[{\"@type\":\"WebPage\",\"@id\":\"https:\/\/www.sotrender.com\/blog\/pl\/2016\/03\/polaryzacja-polakow-w-mediach-spolecznosciowych\/\",\"url\":\"https:\/\/www.sotrender.com\/blog\/pl\/2016\/03\/polaryzacja-polakow-w-mediach-spolecznosciowych\/\",\"name\":\"Dwa plemiona czy wi\u0119cej?\",\"isPartOf\":{\"@id\":\"https:\/\/www.sotrender.com\/blog\/#website\"},\"primaryImageOfPage\":{\"@id\":\"https:\/\/www.sotrender.com\/blog\/pl\/2016\/03\/polaryzacja-polakow-w-mediach-spolecznosciowych\/#primaryimage\"},\"image\":{\"@id\":\"https:\/\/www.sotrender.com\/blog\/pl\/2016\/03\/polaryzacja-polakow-w-mediach-spolecznosciowych\/#primaryimage\"},\"thumbnailUrl\":\"https:\/\/www.sotrender.com\/blog\/wp-content\/uploads\/2016\/03\/crowd-header.jpg\",\"datePublished\":\"2016-03-31T13:27:12+00:00\",\"dateModified\":\"2016-04-01T10:26:04+00:00\",\"author\":{\"@id\":\"https:\/\/www.sotrender.com\/blog\/#\/schema\/person\/15d4db3ba9c4e61b1cb96099300e7c51\"},\"description\":\"Analiza polaryzacji i fragmentaryzacji dyskursu we wsp\u00f3\u0142czesnej Polsce na podstawie danych z medi\u00f3w spo\u0142eczno\u015bciowych.\",\"breadcrumb\":{\"@id\":\"https:\/\/www.sotrender.com\/blog\/pl\/2016\/03\/polaryzacja-polakow-w-mediach-spolecznosciowych\/#breadcrumb\"},\"inLanguage\":\"pl-PL\",\"potentialAction\":[{\"@type\":\"ReadAction\",\"target\":[\"https:\/\/www.sotrender.com\/blog\/pl\/2016\/03\/polaryzacja-polakow-w-mediach-spolecznosciowych\/\"]}]},{\"@type\":\"ImageObject\",\"inLanguage\":\"pl-PL\",\"@id\":\"https:\/\/www.sotrender.com\/blog\/pl\/2016\/03\/polaryzacja-polakow-w-mediach-spolecznosciowych\/#primaryimage\",\"url\":\"https:\/\/www.sotrender.com\/blog\/wp-content\/uploads\/2016\/03\/crowd-header.jpg\",\"contentUrl\":\"https:\/\/www.sotrender.com\/blog\/wp-content\/uploads\/2016\/03\/crowd-header.jpg\",\"width\":4219,\"height\":2802},{\"@type\":\"BreadcrumbList\",\"@id\":\"https:\/\/www.sotrender.com\/blog\/pl\/2016\/03\/polaryzacja-polakow-w-mediach-spolecznosciowych\/#breadcrumb\",\"itemListElement\":[{\"@type\":\"ListItem\",\"position\":1,\"name\":\"Home\",\"item\":\"https:\/\/www.sotrender.com\/blog\/\"},{\"@type\":\"ListItem\",\"position\":2,\"name\":\"Dwa plemiona czy wi\u0119cej &#8211; polaryzacja Polak\u00f3w w mediach spo\u0142eczno\u015bciowych [PREZENTACJA]\"}]},{\"@type\":\"WebSite\",\"@id\":\"https:\/\/www.sotrender.com\/blog\/#website\",\"url\":\"https:\/\/www.sotrender.com\/blog\/\",\"name\":\"Sotrender Blog\",\"description\":\"\",\"potentialAction\":[{\"@type\":\"SearchAction\",\"target\":{\"@type\":\"EntryPoint\",\"urlTemplate\":\"https:\/\/www.sotrender.com\/blog\/?s={search_term_string}\"},\"query-input\":\"required name=search_term_string\"}],\"inLanguage\":\"pl-PL\"},{\"@type\":\"Person\",\"@id\":\"https:\/\/www.sotrender.com\/blog\/#\/schema\/person\/15d4db3ba9c4e61b1cb96099300e7c51\",\"name\":\"Jan Zaj\u0105c\",\"image\":{\"@type\":\"ImageObject\",\"inLanguage\":\"pl-PL\",\"@id\":\"https:\/\/www.sotrender.com\/blog\/#\/schema\/person\/image\/\",\"url\":\"https:\/\/secure.gravatar.com\/avatar\/330c70ea205c5402148d7c7d8927d81d?s=96&d=mm&r=g\",\"contentUrl\":\"https:\/\/secure.gravatar.com\/avatar\/330c70ea205c5402148d7c7d8927d81d?s=96&d=mm&r=g\",\"caption\":\"Jan Zaj\u0105c\"},\"description\":\"Psychologist &amp; economist, experienced consultant &amp; researcher, who speaks 6 languages and has cycled around 17 countries.\",\"sameAs\":[\"https:\/\/www.facebook.com\/jan.zajac.75?fref=ts\",\"https:\/\/www.linkedin.com\/in\/janekzajac\",\"https:\/\/twitter.com\/http:\/\/twitter.com\/janekzajac\"],\"url\":\"https:\/\/www.sotrender.com\/blog\/pl\/author\/jan_zajc\/\"}]}<\/script>\n<!-- \/ Yoast SEO plugin. -->","yoast_head_json":{"title":"Dwa plemiona czy wi\u0119cej?","description":"Analiza polaryzacji i fragmentaryzacji dyskursu we wsp\u00f3\u0142czesnej Polsce na podstawie danych z medi\u00f3w spo\u0142eczno\u015bciowych.","robots":{"index":"index","follow":"follow","max-snippet":"max-snippet:-1","max-image-preview":"max-image-preview:large","max-video-preview":"max-video-preview:-1"},"canonical":"https:\/\/www.sotrender.com\/blog\/pl\/2016\/03\/polaryzacja-polakow-w-mediach-spolecznosciowych\/","og_locale":"pl_PL","og_type":"article","og_title":"Dwa plemiona czy wi\u0119cej?","og_description":"Analiza polaryzacji i fragmentaryzacji dyskursu we wsp\u00f3\u0142czesnej Polsce na podstawie danych z medi\u00f3w spo\u0142eczno\u015bciowych.","og_url":"https:\/\/www.sotrender.com\/blog\/pl\/2016\/03\/polaryzacja-polakow-w-mediach-spolecznosciowych\/","og_site_name":"Sotrender Blog","article_publisher":"https:\/\/www.facebook.com\/Sotrender","article_author":"https:\/\/www.facebook.com\/jan.zajac.75?fref=ts","article_published_time":"2016-03-31T13:27:12+00:00","article_modified_time":"2016-04-01T10:26:04+00:00","og_image":[{"width":950,"height":631,"url":"https:\/\/www.sotrender.com\/blog\/wp-content\/uploads\/2016\/03\/crowd-header-950x631.jpg","type":"image\/jpeg"}],"author":"Jan Zaj\u0105c","twitter_card":"summary_large_image","twitter_creator":"@http:\/\/twitter.com\/janekzajac","twitter_site":"@Sotrender","twitter_misc":{"Written by":"Jan Zaj\u0105c","Est. reading time":"5 minutes"},"schema":{"@context":"https:\/\/schema.org","@graph":[{"@type":"WebPage","@id":"https:\/\/www.sotrender.com\/blog\/pl\/2016\/03\/polaryzacja-polakow-w-mediach-spolecznosciowych\/","url":"https:\/\/www.sotrender.com\/blog\/pl\/2016\/03\/polaryzacja-polakow-w-mediach-spolecznosciowych\/","name":"Dwa plemiona czy wi\u0119cej?","isPartOf":{"@id":"https:\/\/www.sotrender.com\/blog\/#website"},"primaryImageOfPage":{"@id":"https:\/\/www.sotrender.com\/blog\/pl\/2016\/03\/polaryzacja-polakow-w-mediach-spolecznosciowych\/#primaryimage"},"image":{"@id":"https:\/\/www.sotrender.com\/blog\/pl\/2016\/03\/polaryzacja-polakow-w-mediach-spolecznosciowych\/#primaryimage"},"thumbnailUrl":"https:\/\/www.sotrender.com\/blog\/wp-content\/uploads\/2016\/03\/crowd-header.jpg","datePublished":"2016-03-31T13:27:12+00:00","dateModified":"2016-04-01T10:26:04+00:00","author":{"@id":"https:\/\/www.sotrender.com\/blog\/#\/schema\/person\/15d4db3ba9c4e61b1cb96099300e7c51"},"description":"Analiza polaryzacji i fragmentaryzacji dyskursu we wsp\u00f3\u0142czesnej Polsce na podstawie danych z medi\u00f3w spo\u0142eczno\u015bciowych.","breadcrumb":{"@id":"https:\/\/www.sotrender.com\/blog\/pl\/2016\/03\/polaryzacja-polakow-w-mediach-spolecznosciowych\/#breadcrumb"},"inLanguage":"pl-PL","potentialAction":[{"@type":"ReadAction","target":["https:\/\/www.sotrender.com\/blog\/pl\/2016\/03\/polaryzacja-polakow-w-mediach-spolecznosciowych\/"]}]},{"@type":"ImageObject","inLanguage":"pl-PL","@id":"https:\/\/www.sotrender.com\/blog\/pl\/2016\/03\/polaryzacja-polakow-w-mediach-spolecznosciowych\/#primaryimage","url":"https:\/\/www.sotrender.com\/blog\/wp-content\/uploads\/2016\/03\/crowd-header.jpg","contentUrl":"https:\/\/www.sotrender.com\/blog\/wp-content\/uploads\/2016\/03\/crowd-header.jpg","width":4219,"height":2802},{"@type":"BreadcrumbList","@id":"https:\/\/www.sotrender.com\/blog\/pl\/2016\/03\/polaryzacja-polakow-w-mediach-spolecznosciowych\/#breadcrumb","itemListElement":[{"@type":"ListItem","position":1,"name":"Home","item":"https:\/\/www.sotrender.com\/blog\/"},{"@type":"ListItem","position":2,"name":"Dwa plemiona czy wi\u0119cej &#8211; polaryzacja Polak\u00f3w w mediach spo\u0142eczno\u015bciowych [PREZENTACJA]"}]},{"@type":"WebSite","@id":"https:\/\/www.sotrender.com\/blog\/#website","url":"https:\/\/www.sotrender.com\/blog\/","name":"Sotrender Blog","description":"","potentialAction":[{"@type":"SearchAction","target":{"@type":"EntryPoint","urlTemplate":"https:\/\/www.sotrender.com\/blog\/?s={search_term_string}"},"query-input":"required name=search_term_string"}],"inLanguage":"pl-PL"},{"@type":"Person","@id":"https:\/\/www.sotrender.com\/blog\/#\/schema\/person\/15d4db3ba9c4e61b1cb96099300e7c51","name":"Jan Zaj\u0105c","image":{"@type":"ImageObject","inLanguage":"pl-PL","@id":"https:\/\/www.sotrender.com\/blog\/#\/schema\/person\/image\/","url":"https:\/\/secure.gravatar.com\/avatar\/330c70ea205c5402148d7c7d8927d81d?s=96&d=mm&r=g","contentUrl":"https:\/\/secure.gravatar.com\/avatar\/330c70ea205c5402148d7c7d8927d81d?s=96&d=mm&r=g","caption":"Jan Zaj\u0105c"},"description":"Psychologist &amp; economist, experienced consultant &amp; researcher, who speaks 6 languages and has cycled around 17 countries.","sameAs":["https:\/\/www.facebook.com\/jan.zajac.75?fref=ts","https:\/\/www.linkedin.com\/in\/janekzajac","https:\/\/twitter.com\/http:\/\/twitter.com\/janekzajac"],"url":"https:\/\/www.sotrender.com\/blog\/pl\/author\/jan_zajc\/"}]}},"_links":{"self":[{"href":"https:\/\/www.sotrender.com\/blog\/pl\/wp-json\/wp\/v2\/posts\/21785"}],"collection":[{"href":"https:\/\/www.sotrender.com\/blog\/pl\/wp-json\/wp\/v2\/posts"}],"about":[{"href":"https:\/\/www.sotrender.com\/blog\/pl\/wp-json\/wp\/v2\/types\/post"}],"author":[{"embeddable":true,"href":"https:\/\/www.sotrender.com\/blog\/pl\/wp-json\/wp\/v2\/users\/2"}],"replies":[{"embeddable":true,"href":"https:\/\/www.sotrender.com\/blog\/pl\/wp-json\/wp\/v2\/comments?post=21785"}],"version-history":[{"count":8,"href":"https:\/\/www.sotrender.com\/blog\/pl\/wp-json\/wp\/v2\/posts\/21785\/revisions"}],"predecessor-version":[{"id":21811,"href":"https:\/\/www.sotrender.com\/blog\/pl\/wp-json\/wp\/v2\/posts\/21785\/revisions\/21811"}],"wp:featuredmedia":[{"embeddable":true,"href":"https:\/\/www.sotrender.com\/blog\/pl\/wp-json\/wp\/v2\/media\/21799"}],"wp:attachment":[{"href":"https:\/\/www.sotrender.com\/blog\/pl\/wp-json\/wp\/v2\/media?parent=21785"}],"wp:term":[{"taxonomy":"category","embeddable":true,"href":"https:\/\/www.sotrender.com\/blog\/pl\/wp-json\/wp\/v2\/categories?post=21785"},{"taxonomy":"post_tag","embeddable":true,"href":"https:\/\/www.sotrender.com\/blog\/pl\/wp-json\/wp\/v2\/tags?post=21785"}],"curies":[{"name":"wp","href":"https:\/\/api.w.org\/{rel}","templated":true}]}}