{"id":21735,"date":"2016-03-23T12:27:59","date_gmt":"2016-03-23T11:27:59","guid":{"rendered":"http:\/\/blog.sotrender.com\/?p=21735"},"modified":"2017-05-04T09:46:17","modified_gmt":"2017-05-04T07:46:17","slug":"badania-gustow-w-social-media","status":"publish","type":"post","link":"https:\/\/www.sotrender.com\/blog\/pl\/2016\/03\/badania-gustow-w-social-media\/","title":{"rendered":"Czego dowiedzieli\u015bmy si\u0119 o zachowaniach i gustach Polak\u00f3w podczas 5 lat bada\u0144 medi\u00f3w spo\u0142eczno\u015bciowych [PREZENTACJA]"},"content":{"rendered":"<p style=\"text-align: justify;\"><span style=\"font-weight: 400;\">Badanie tre\u015bci i zachowa\u0144 w mediach spo\u0142eczno\u015bciowych mo\u017ce by\u0107 \u015bwietnym sposobem na zrozumienie preferencji, gust\u00f3w i warto\u015bci m\u0142odych ludzi. Wnioski pomagaj\u0105 zrozumie\u0107 Generacj\u0119 Y i Generacj\u0119 Z, ich warto\u015bci, oczekiwania i upodobania. Ponadto mo\u017cna je stosowa\u0107 w tworzeniu strategii reklamowych i komunikacyjnych oraz przy projektowaniu marek. Badaniem social media w <a title=\"Kliknij, aby dowiedzie\u0107 si\u0119 wi\u0119cej\" href=\"http:\/\/sotrender.pl\" target=\"_blank\">Sotrenderze<\/a> zajmujemy si\u0119 ponad 5 lat, publikujemy comiesi\u0119czne raporty dotycz\u0105ce polskiego <a title=\"Kilknij, aby dowiedzie\u0107 si\u0119 wi\u0119cej\" href=\"http:\/\/sotrender.pl\/trends\/facebook\" target=\"_blank\">Facebooka<\/a>, <a title=\"Kliknij, aby dowiedzie\u0107 si\u0119 wi\u0119cej\" href=\"http:\/\/sotrender.pl\/trends\/twitter\" target=\"_blank\">Twittera<\/a>, Instagrama oraz\u00a0<a title=\"Kliknij, aby dowiedzie\u0107 si\u0119 wi\u0119cej\" href=\"http:\/\/sotrender.pl\/trends\/youtube\" target=\"_blank\">YouTube<\/a> i w tym czasie widzieli\u015bmy rzeczy, o kt\u00f3rych badaczom si\u0119 nie \u015bni\u0142o. O nich m\u00f3wili\u015bmy na konferencji Polskiego Towarzystwa Badaczy Rynku i Opinii <a title=\"Kliknij, aby dowiedzie\u0107 si\u0119 wi\u0119cej\" href=\"http:\/\/www.ptbrio.pl\/cyber60\/index.php\/program\" target=\"_blank\">Cyber 6.0 REDEFINE<\/a>, najwi\u0119kszym i najbardziej presti\u017cowym wydarzeniu w bran\u017cy badawczej. Razem z Filipem Cyprowskim, Head of Analytics Sotrendera, m\u00f3wili\u015bmy o kilku aspektach: kulturze obraz\u00f3w, kulturze mem\u00f3w, demokratyzacji kultury, eksplozji nisz oraz polityce w mediach spo\u0142eczno\u015bciowych. Wpis jest rozszerzeniem prezentacji, kt\u00f3r\u0105 znajdziecie na ko\u0144cu tekstu.<\/span><\/p>\n<h2 style=\"text-align: justify;\"><!--more-->Kultura obraz\u00f3w<\/h2>\n<p style=\"text-align: justify;\"><span style=\"font-weight: 400;\">Znane i chyba zbyt cz\u0119sto u\u017cywane powiedzenie m\u00f3wi, \u017ce jeden obraz jest wart tysi\u0105ca s\u0142\u00f3w. Najbardziej anga\u017cuj\u0105ce tre\u015bci w social media to obrazy. W 2011 roku 28% tre\u015bci opublikowanych na polskich stronach na Facebooku by\u0142o statusami tekstowymi, cztery lata p\u00f3\u017aniej tylko 13%. Najpopularniejsze pozosta\u0142y linki (kt\u00f3re r\u00f3wnie\u017c przewa\u017cnie s\u0105 zilustrowane zdj\u0119ciem) oraz zdj\u0119cia. Razem odpowiadaj\u0105 za 80% komunikacji stron. Mo\u017ce jednak spadek ilo\u015bciowy prze\u0142o\u017cy\u0142 si\u0119 na wzrost jako\u015bciowy? Dane temu przecz\u0105, z ka\u017cdym rokiem zmniejsza si\u0119 przeci\u0119tna liczba znak\u00f3w w statusach tekstowych. Piszemy rzadziej i coraz mniej.<\/span><\/p>\n<div id=\"attachment_21737\" style=\"width: 1234px\" class=\"wp-caption aligncenter\"><a href=\"https:\/\/www.sotrender.com\/blog\/wp-content\/uploads\/2016\/03\/typy-post\u00f3w-na-polskich-sotrnach-na-facebooku.png\"><img loading=\"lazy\" decoding=\"async\" aria-describedby=\"caption-attachment-21737\" class=\"size-full wp-image-21737\" src=\"https:\/\/www.sotrender.com\/blog\/wp-content\/uploads\/2016\/03\/typy-post\u00f3w-na-polskich-sotrnach-na-facebooku.png\" alt=\"Popularno\u015b\u0107 r\u00f3\u017cnych typ\u00f3w post\u00f3w na Facebooku - prezentacja &quot;Tego nie da si\u0119 odzobaczy\u0107&quot;\" width=\"1224\" height=\"766\" srcset=\"https:\/\/www.sotrender.com\/blog\/wp-content\/uploads\/2016\/03\/typy-post\u00f3w-na-polskich-sotrnach-na-facebooku.png 1224w, https:\/\/www.sotrender.com\/blog\/wp-content\/uploads\/2016\/03\/typy-post\u00f3w-na-polskich-sotrnach-na-facebooku-475x297.png 475w, https:\/\/www.sotrender.com\/blog\/wp-content\/uploads\/2016\/03\/typy-post\u00f3w-na-polskich-sotrnach-na-facebooku-768x481.png 768w, https:\/\/www.sotrender.com\/blog\/wp-content\/uploads\/2016\/03\/typy-post\u00f3w-na-polskich-sotrnach-na-facebooku-950x595.png 950w\" sizes=\"(max-width: 1224px) 100vw, 1224px\" \/><\/a><p id=\"caption-attachment-21737\" class=\"wp-caption-text\">Popularno\u015b\u0107 r\u00f3\u017cnych typ\u00f3w post\u00f3w na Facebooku<\/p><\/div>\n<p style=\"text-align: justify;\"><span style=\"font-weight: 400;\">Rosn\u0105c\u0105 przewag\u0119 tre\u015bci obrazkowych nad s\u0142ownymi zauwa\u017cy\u0142y nowe gwiazdy social media &#8211; blogerki modowe. Masowo porzucaj\u0105 Facebooka na korzy\u015b\u0107 Instagrama, medium, kt\u00f3re rozumie ich potrzeby i potrzeby ich odbiorc\u00f3w. Podobnie, coraz wi\u0119cej tradycyjnych bloger\u00f3w zak\u0142ada kana\u0142y na YouTube. Najpopularniejsza polsk\u0105 blogerk\u0119 modow\u0105 &#8211; <\/span><a href=\"https:\/\/www.instagram.com\/maffashion_official\/\"><span style=\"font-weight: 400;\">Maffashion<\/span><\/a><span style=\"font-weight: 400;\"> obserwuj\u0105 663 tysi\u0105ce u\u017cytkownik\u00f3w Instagrama.<\/span><\/p>\n<p style=\"text-align: justify;\"><span style=\"font-weight: 400;\">Wraz z popularno\u015bci\u0105 Instagrama narodzi\u0142a si\u0119 nowa kategoria celebryt\u00f3w &#8211; \u201cznani z tego, \u017ce robi\u0105 sobie zdj\u0119cia\u201d. Wyr\u00f3\u017cnili\u015bmy w\u015br\u00f3d nich kilka podkategorii (mog\u0105 si\u0119 ze sob\u0105 przenika\u0107):<\/span><\/p>\n<ul style=\"text-align: justify;\">\n<li style=\"font-weight: 400;\"><span style=\"font-weight: 400;\">Pi\u0119kny narcyz (np. blogerki i blogerzy modowi, modelki, profile wype\u0142nione selfie, \u015bwietnym przyk\u0142adem jest <\/span><a title=\"Kliknij, aby zobaczy\u0107 wi\u0119cej\" href=\"https:\/\/www.instagram.com\/joannakuchta\/\" target=\"_blank\"><span style=\"font-weight: 400;\">Joanna Kuchta<\/span><\/a><span style=\"font-weight: 400;\">)<\/span><\/li>\n<li style=\"font-weight: 400;\"><span style=\"font-weight: 400;\">Artysta \u017cycia &#8211; osoby, kt\u00f3re robi\u0105 ze swojego \u017cycia sztuk\u0119, jak Maffashion<\/span><\/li>\n<li style=\"font-weight: 400; text-align: left;\"><span style=\"font-weight: 400;\">Cz\u0142owiek taki, jak ja, ale \u0142adniejszy, robi\u0105cy ciekawsze rzeczy i mieszkaj\u0105cy w lepszym miejscu (np. Taylor Swift, kreuj\u0105ca si\u0119 na <\/span><i><span style=\"font-weight: 400;\">girl next door<\/span><\/i><span style=\"font-weight: 400;\">)<\/span><\/li>\n<\/ul>\n<div align=\"center\">\n<blockquote class=\"instagram-media\" style=\"background: #FFF; border: 0; border-radius: 3px; box-shadow: 0 0 1px 0 rgba(0, 0, 0, 0.5), 0 1px 10px 0 rgba(0, 0, 0, 0.15); margin: 1px; max-width: 658px; padding: 0; width: calc(100% - 2px);\" data-instgrm-captioned=\"\" data-instgrm-version=\"6\">\n<div style=\"padding: 8px;\">\n<div style=\"line-height: 0; margin-top: 40px; padding: 62.474% 0px; width: 100%; text-align: center; background: #f8f8f8;\"><\/div>\n<p style=\"margin: 8px 0px 0px; padding: 0px 4px; text-align: center;\"><a style=\"color: #000; font-family: Arial, sans-serif; font-size: 14px; font-style: normal; font-weight: normal; line-height: 17px; text-decoration: none; word-wrap: break-word;\" href=\"https:\/\/www.instagram.com\/p\/BCgU12zDvH4\/\" target=\"_blank\">Happy birthday, you precious little angel!! @camila_cabello <\/a><\/p>\n<p style=\"color: #c9c8cd; font-family: Arial, sans-serif; font-size: 14px; line-height: 17px; margin-bottom: 0px; margin-top: 8px; overflow: hidden; padding: 8px 0px 7px; text-overflow: ellipsis; white-space: nowrap; text-align: center;\">Zdj\u0119cie zamieszczone przez u\u017cytkownika Taylor Swift (@taylorswift) <time style=\"font-family: Arial, sans-serif; font-size: 14px; line-height: 17px;\" datetime=\"2016-03-03T20:56:51+00:00\">3 Mar, 2016 o 12:56 PST<\/time><\/p>\n<\/div>\n<\/blockquote>\n<\/div>\n<p><script src=\"\/\/platform.instagram.com\/en_US\/embeds.js\" async=\"\" defer=\"defer\"><\/script><\/p>\n<p style=\"text-align: justify;\"><span style=\"font-weight: 400;\">Jak w tej sytuacji odnajduj\u0105 si\u0119 starzy celebryci? R\u00f3wnie\u017c s\u0105 aktywni i popularni w mediach spo\u0142eczno\u015bciowych. Joann\u0119 Krup\u0119 na Instagramie obserwuje 675 tysi\u0119cy u\u017cytkownik\u00f3w, a Roberta Lewandowskiego ponad 4, 7 miliona, co czyni go najpopularniejszym Polakiem w social media. Nie tylko na Instagramie, jego profile na Facebooku i Twitterze r\u00f3wnie\u017c nale\u017c\u0105 do najwi\u0119kszych i najbardziej anga\u017cuj\u0105cych.<\/span><\/p>\n<p style=\"text-align: justify;\"><span style=\"font-weight: 400;\">Celebryckie zdj\u0119cia mo\u017cemy podzieli\u0107 na dwie kategorie: wystylizowane pi\u0119kno i codzienno\u015b\u0107 (jednak te\u017c wystylizowana). \u017bycie celebryt\u00f3w jawi si\u0119 jako cel, do kt\u00f3rego mo\u017cna i powinno si\u0119\u00a0d\u0105\u017cy\u0107, w ko\u0144cu celebryci te\u017c s\u0105 lud\u017ami. Nie jest ju\u017c problemem ani skandalem pokazanie si\u0119 bez makija\u017cu, w bardzo prywatnych sytuacjach, ani nawet nago (co pokaza\u0142a <a title=\"Kliknij, aby dowiedzie\u0107 si\u0119 wi\u0119cej\" href=\"https:\/\/www.instagram.com\/p\/BCpQBQROS5l\/?taken-by=kimkardashian\" target=\"_blank\">Kim Kardashian<\/a> na Instagramie).<\/span><\/p>\n<p style=\"text-align: center;\"><iframe loading=\"lazy\" src=\"https:\/\/www.youtube.com\/embed\/mq-NdYAlWXc\" width=\"560\" height=\"315\" frameborder=\"0\" allowfullscreen=\"allowfullscreen\"><\/iframe><\/p>\n<p style=\"text-align: center;\"><em>Wyst\u0105pienie Sotrender w ramach konferencji <strong>Cyber 6.0\u00a0REDEFINE<\/strong><\/em><\/p>\n<h2><span style=\"font-weight: 400;\">Kultura mem\u00f3w<\/span><\/h2>\n<p style=\"text-align: justify;\"><span style=\"font-weight: 400;\">Richard Dawkins, pisz\u0105c w 1976 roku <\/span><i><span style=\"font-weight: 400;\">Samolubny gen<\/span><\/i><span style=\"font-weight: 400;\"> nie spodziewa\u0142 si\u0119, \u017ce ukute przez niego poj\u0119cie <\/span><i><span style=\"font-weight: 400;\">mem<\/span><\/i><span style=\"font-weight: 400;\"> stanie si\u0119 po prawie czterdziestu latach tak popularne. Mem to porcja informacji rozprzestrzeniaj\u0105ca si\u0119 wirusowo i podlegaj\u0105ca doborowi naturalnemu. Podobnie dzia\u0142aj\u0105 memy internetowe, b\u0119d\u0105ce obrazkami opatrzone zabawnym lub b\u0142yskotliwym podpisem, nios\u0105ce uproszczon\u0105 informacj\u0119. <\/span><\/p>\n<p style=\"text-align: justify;\"><span style=\"font-weight: 400;\">Memy internetowe pocz\u0105tkowo by\u0142y oddoln\u0105 tw\u00f3rczo\u015bci\u0105 internaut\u00f3w, powstawa\u0142y liczne tzw. farmy mem\u00f3w, strony po\u015bwi\u0119cone tworzeniu mem\u00f3w przez u\u017cytkownik\u00f3w. Jeszcze <a title=\"Kliknij, aby dowiedzie\u0107 si\u0119 wi\u0119cej\" href=\"http:\/\/www.sotrender.pl\/trends\/facebook\/reports\/201305\/pl_wszystkie#trends\" target=\"_blank\">nieca\u0142e trzy lata temu<\/a> w\u015br\u00f3d najbardziej anga\u017cuj\u0105cych strona na polskim Facebooku kr\u00f3lowa\u0142y strony z tej kategorii oraz farmy fan\u00f3w. Znajdziecie w\u015br\u00f3d nich tak kreatywne nazwy jak\u00a0<\/span><i><span style=\"font-weight: 400;\">Rucha\u0142abym jak dzika kuna w agre\u015bcie<\/span><\/i><span style=\"font-weight: 400;\">. Jednak poprzez zmiany w Edge Ranku i profesjonalizacj\u0119 trzech najwi\u0119kszych generator\u00f3w mem\u00f3w w pierwszej dziesi\u0105tce zosta\u0142y jedynie najwi\u0119ksi &#8211; Kwejk, Demotywatory i Bezu\u017cyteczna.<\/span><\/p>\n<div id=\"attachment_21751\" style=\"width: 1231px\" class=\"wp-caption aligncenter\"><a href=\"https:\/\/www.sotrender.com\/blog\/wp-content\/uploads\/2016\/03\/giganci-memowi-vs-media.png\"><img loading=\"lazy\" decoding=\"async\" aria-describedby=\"caption-attachment-21751\" class=\"size-full wp-image-21751\" src=\"https:\/\/www.sotrender.com\/blog\/wp-content\/uploads\/2016\/03\/giganci-memowi-vs-media.png\" alt=\"Liczba zaanga\u017cowanych u\u017cytkownik\u00f3w pod przeci\u0119tnym postem giganci memowi vs najwi\u0119ksze media - prezentacja &quot;Tego nie da si\u0119 odzobaczy\u0107&quot;\" width=\"1221\" height=\"679\" srcset=\"https:\/\/www.sotrender.com\/blog\/wp-content\/uploads\/2016\/03\/giganci-memowi-vs-media.png 1221w, https:\/\/www.sotrender.com\/blog\/wp-content\/uploads\/2016\/03\/giganci-memowi-vs-media-475x264.png 475w, https:\/\/www.sotrender.com\/blog\/wp-content\/uploads\/2016\/03\/giganci-memowi-vs-media-768x427.png 768w, https:\/\/www.sotrender.com\/blog\/wp-content\/uploads\/2016\/03\/giganci-memowi-vs-media-950x528.png 950w\" sizes=\"(max-width: 1221px) 100vw, 1221px\" \/><\/a><p id=\"caption-attachment-21751\" class=\"wp-caption-text\">Liczba zaanga\u017cowanych u\u017cytkownik\u00f3w pod przeci\u0119tnym postem giganci memowi vs najwi\u0119ksze media<\/p><\/div>\n<p><iframe loading=\"lazy\" style=\"border: 1px solid #CCC; border-width: 1px; margin-bottom: 5px; max-width: 100%;\" src=\"\/\/www.slideshare.net\/slideshow\/embed_code\/key\/dVpzrpOmn49IoT\" width=\"595\" height=\"485\" frameborder=\"0\" marginwidth=\"0\" marginheight=\"0\" scrolling=\"no\" allowfullscreen=\"allowfullscreen\"> <\/iframe><\/p>\n<div style=\"margin-bottom: 5px;\"><strong> <a title=\"Memy i kultura obrazu w mediach spo\u0142eczno\u015bciowych\" href=\"\/\/www.slideshare.net\/FanpageTrender\/memy-i-kultura-obrazu-w-mediach-spoecznociowych\" target=\"_blank\">Memy i kultura obrazu w mediach spo\u0142eczno\u015bciowych<\/a> <\/strong> from <strong><a href=\"https:\/\/www.slideshare.net\/FanpageTrender\" target=\"_blank\">Sotrender<\/a><\/strong><\/div>\n<p><div class=\"shortcode trial\"><h4><span>Mierz dzia\u0142ania w social media w Sotrenderze!<\/span><a title=\"Wypr\u00f3buj za darmo!\" class=\"btn\" href=\"https:\/\/app.sotrender.com\/auth\/signup\/trial\/pl?utm_source=blog-cta-legacy\">Wypr\u00f3buj za darmo!<\/a><\/h4><\/div><strong><strong>\u00a0<\/strong><\/strong><\/p>\n<h2><span style=\"font-weight: 400;\">Demokratyzacja czy oligarchizacja kultury w social media<\/span><\/h2>\n<p style=\"text-align: justify;\"><span style=\"font-weight: 400;\">Szeroki dost\u0119p do internetu mia\u0142 odmieni\u0107 i uwolni\u0107 kultur\u0119. Koszt za\u0142o\u017cenia bloga, profilu na Instagramie czy kana\u0142y na YouTube jest zerowy, a mniej popularne tre\u015bci dzi\u0119ki darmowo\u015bci internetu mog\u0142y zdobywa\u0107 niskim kosztem nowych u\u017cytkownik\u00f3w. Faktycznie, kultura z hierarchicznej struktury (kultura wysoka vs. kultura niska) przekszta\u0142ci\u0142a si\u0119 w federacj\u0119 nisz, kt\u00f3re prze\u017cy\u0142y prawdziw\u0105 eksplozj\u0119. Dzi\u0119ki nowym mediom nurty i arty\u015bci ignorowani przez tradycyjne media dotar\u0142y do swoich odbiorc\u00f3w. W najpopularniejszych tre\u015bciach na YouTube od miesi\u0119cy na samym szczycie znajduj\u0105 si\u0119 projekty z Popkiem, kontrowersyjnym raperem i zawodnikiem MMA w roli g\u0142\u00f3wnej. Niewa\u017cne, czy Popek nagrywa z <a title=\"Klikasz na w\u0142asn\u0105 odpowiedzialno\u015b\u0107!\" href=\"https:\/\/www.youtube.com\/watch?v=9zVIbSdz6rM\" target=\"_blank\">Gangiem Albanii<\/a> czy <a title=\"Klikasz na w\u0142asn\u0105 odpowiedzialno\u015b\u0107!\" href=\"https:\/\/www.youtube.com\/watch?v=S5yuG4V-lBo\" target=\"_blank\">solo<\/a>, jego wideo l\u0105duj\u0105 na pierwszym miejscu naszego rankingu <a title=\"Kliknij, aby dowiedzie\u0107 si\u0119 wi\u0119cej\" href=\"http:\/\/sotrender.pl\/trends\/youtube\" target=\"_blank\">YouTube Trends<\/a>. Tre\u015bci powi\u0105zane z Popkiem generuj\u0105 ponad 20% wy\u015bwietle\u0144 najpopularniejszego polskiego kana\u0142u na YouTube &#8211; Step Records, niezale\u017cnej wytw\u00f3rni rapowej z Opola, wydawcy Gangu Albanii. W styczniu, zaraz za singlem rapera znalaz\u0142y si\u0119 trzy piosenki disco polo. To pokazuje jak ignorowani w mediach g\u0142\u00f3wnego nurtu zyskuj\u0105 popularno\u015b\u0107 oraz fakt, \u017ce obecno\u015b\u0107 w nich nie jest dzisiaj potrzebna do odniesienia sukcesu.<\/span><\/p>\n<div id=\"attachment_21041\" style=\"width: 1074px\" class=\"wp-caption aligncenter\"><a href=\"https:\/\/www.sotrender.com\/blog\/wp-content\/uploads\/2016\/02\/najcz\u0119\u015bciej-ogl\u0105dane-wideo.png\"><img loading=\"lazy\" decoding=\"async\" aria-describedby=\"caption-attachment-21041\" class=\"size-full wp-image-21041\" src=\"https:\/\/www.sotrender.com\/blog\/wp-content\/uploads\/2016\/02\/najcz\u0119\u015bciej-ogl\u0105dane-wideo.png\" alt=\"Najcz\u0119\u015bciej ogl\u0105dane wideo na YouTube w stycznieu 2016 - YouTube Trends Stycze\u0144 2016\" width=\"1064\" height=\"945\" srcset=\"https:\/\/www.sotrender.com\/blog\/wp-content\/uploads\/2016\/02\/najcz\u0119\u015bciej-ogl\u0105dane-wideo.png 1064w, https:\/\/www.sotrender.com\/blog\/wp-content\/uploads\/2016\/02\/najcz\u0119\u015bciej-ogl\u0105dane-wideo-475x422.png 475w, https:\/\/www.sotrender.com\/blog\/wp-content\/uploads\/2016\/02\/najcz\u0119\u015bciej-ogl\u0105dane-wideo-768x682.png 768w, https:\/\/www.sotrender.com\/blog\/wp-content\/uploads\/2016\/02\/najcz\u0119\u015bciej-ogl\u0105dane-wideo-950x844.png 950w\" sizes=\"(max-width: 1064px) 100vw, 1064px\" \/><\/a><p id=\"caption-attachment-21041\" class=\"wp-caption-text\">Najcz\u0119\u015bciej ogl\u0105dane wideo na YouTube w styczniu 2016<\/p><\/div>\n<p style=\"text-align: justify;\">To jednak niepe\u0142ny obraz kultury w \u015bwiecie social media. Pewnie wszyscy pami\u0119tacie <a title=\"Kliknij, aby zobaczy\u0107 wi\u0119cej\" href=\"http:\/\/www.gracjanroztocki.pl\" target=\"_blank\">Gracjana Roztockiego<\/a> i jego amatorskie piosenki i obrazy, kt\u00f3re rozchodzi\u0142y si\u0119 szerokim echem po mediach spo\u0142eczno\u015bciowych. Dzisiaj Gracjan ma du\u017co bardziej utrudnione zadanie, jego stron\u0119 na Facebooku lubi\u00a0zaledwie 27 tysi\u0119cy os\u00f3b. Wraz z rosn\u0105c\u0105 profesjonalizacj\u0105 dzia\u0142alno\u015bci w mediach spo\u0142eczno\u015bciowych ro\u015bnie bariera wej\u015bcia, nie wystarczy tylko opublikowa\u0107 tre\u015bci w social media, trzeba je tak\u017ce wypromowa\u0107.<\/p>\n<p style=\"text-align: justify;\">Zasi\u0119g w coraz wi\u0119kszym stopniu zale\u017cy od kapita\u0142u &#8211; na Facebooku coraz wi\u0119kszy odsetek zasi\u0119gu to zasi\u0119g p\u0142atny, na Instagramie coraz mocniej wida\u0107 wp\u0142yw p\u0142atnych wy\u015bwietle\u0144. Popularni YouTuberzy to tak naprawd\u0119 przedsi\u0119biorstwa z obs\u0142ug\u0105 i sklepami online, gdzie fani mog\u0105 zakupi\u0107 obrandowane przez swoich idoli. Powstaj\u0105 sieci i oligopole producent\u00f3w wideo &#8211; youtuberzy gaminowi polecaj\u0105 si\u0119 nawzajem, bior\u0105 udzia\u0142 we wsp\u00f3lnych akcjach, podbijaj\u0105c swoje statystyki i staj\u0105c si\u0119 coraz atrakcyjniejszymi dla marek i wielkich koncern\u00f3w jako kana\u0142y reklamowe.<\/p>\n<p style=\"text-align: justify;\"><span style=\"font-weight: 400;\">Jest jednak sfera \u017cycia publicznego, kt\u00f3ra skutecznie opiera si\u0119 tym trendom.<\/span><\/p>\n<h2><span style=\"font-weight: 400;\">Kultura polityczna w mediach spo\u0142eczno\u015bciowych<\/span><\/h2>\n<p style=\"text-align: justify;\"><span style=\"font-weight: 400;\">Polityka jest najbardziej polaryzuj\u0105cym obszarem w social media. Twitter, najszybsze i najwyrazistsze medium spo\u0142eczno\u015bciowe jest zdominowany przez polityk\u00f3w i dziennikarzy &#8211; mog\u0105 z nimi konkurowa\u0107 jedynie najpopularniejsi sportowcy oraz idole nastolatk\u00f3w &#8211; Dawid Kwiatkowski i Saszan. Polityka jest tak\u017ce bardzo dynamiczn\u0105 sfer\u0105 &#8211; du\u017ce spadki czy wzrosty zaanga\u017cowania i aktywno\u015bci s\u0105 na porz\u0105dku dziennym. Wystarczy tu wspomnie\u0107 afer\u0119 ta\u015bmow\u0105 i za\u0142o\u017cenie przez Zbigniewa Stonog\u0119 nowej strony na Facebooku, kt\u00f3r\u0105 w ci\u0105gu jednego miesi\u0105ca polubi\u0142o prawie \u0107wier\u0107 miliona u\u017cytkownik\u00f3w.<\/span><\/p>\n<div id=\"attachment_21755\" style=\"width: 749px\" class=\"wp-caption aligncenter\"><a href=\"https:\/\/www.sotrender.com\/blog\/wp-content\/uploads\/2016\/03\/najwi\u0119kszy-wzrost-w-historii-polskiego-facebook.png\"><img loading=\"lazy\" decoding=\"async\" aria-describedby=\"caption-attachment-21755\" class=\"size-full wp-image-21755\" src=\"https:\/\/www.sotrender.com\/blog\/wp-content\/uploads\/2016\/03\/najwi\u0119kszy-wzrost-w-historii-polskiego-facebook.png\" alt=\"Najwi\u0119kszy wzrost w historii polskiego Facebooka\" width=\"739\" height=\"237\" srcset=\"https:\/\/www.sotrender.com\/blog\/wp-content\/uploads\/2016\/03\/najwi\u0119kszy-wzrost-w-historii-polskiego-facebook.png 739w, https:\/\/www.sotrender.com\/blog\/wp-content\/uploads\/2016\/03\/najwi\u0119kszy-wzrost-w-historii-polskiego-facebook-475x152.png 475w\" sizes=\"(max-width: 739px) 100vw, 739px\" \/><\/a><p id=\"caption-attachment-21755\" class=\"wp-caption-text\">Najwi\u0119kszy wzrost w historii polskiego Facebooka<\/p><\/div>\n<p style=\"text-align: justify;\"><span style=\"font-weight: 400;\">Lapidarno\u015b\u0107 komunikacji (przede wszystkim na Twitterze) i coraz szybsze tempo \u017cycia, w kt\u00f3rym liczy si\u0119 przede wszystkim czas reakcji, a nie sama jej tre\u015b\u0107, powoduj\u0105, \u017ce politycy stawiaj\u0105 na uproszczony przekaz, korzystaj\u0105c coraz cz\u0119\u015bciej z mem\u00f3w internetowych. Post\u0119puje tak przede wszystkim prawica, po lewej stronie sceny politycznej z si\u0142y mem\u00f3w najlepiej korzysta Partia Razem. Nota bene to\u00a0jedyna inicjatyw lewicowa, kt\u00f3a mo\u017ce konkurowa\u0107 popularno\u015bci\u0105 w mediach spo\u0142eczno\u015bciowych z partiami prawicowymi.<\/span><\/p>\n<div id=\"attachment_21757\" style=\"width: 481px\" class=\"wp-caption aligncenter\"><a href=\"https:\/\/www.sotrender.com\/blog\/wp-content\/uploads\/2016\/03\/mem-razem.png\"><img loading=\"lazy\" decoding=\"async\" aria-describedby=\"caption-attachment-21757\" class=\"size-full wp-image-21757\" src=\"https:\/\/www.sotrender.com\/blog\/wp-content\/uploads\/2016\/03\/mem-razem.png\" alt=\"Jeden z mem\u00f3w przygotowanych przez Parti\u0119 Razem\" width=\"471\" height=\"470\" srcset=\"https:\/\/www.sotrender.com\/blog\/wp-content\/uploads\/2016\/03\/mem-razem.png 471w, https:\/\/www.sotrender.com\/blog\/wp-content\/uploads\/2016\/03\/mem-razem-80x80.png 80w\" sizes=\"(max-width: 471px) 100vw, 471px\" \/><\/a><p id=\"caption-attachment-21757\" class=\"wp-caption-text\">Jeden z mem\u00f3w przygotowanych przez Parti\u0119 Razem<\/p><\/div>\n<p style=\"text-align: justify;\"><span style=\"font-weight: 400;\">Dzi\u0119ki zr\u0119cznemu wykorzystaniu mem\u00f3w oraz polaryzuj\u0105cym, wyrazistym opiniom, anga\u017cuj\u0105cym u\u017cytkownik\u00f3w Facebooka, partie polityczne rzadko si\u0119gaj\u0105 po zasi\u0119g p\u0142atny. Tre\u015bci rozchodz\u0105 si\u0119 wirusowo, jak memy w\u0142a\u015bnie. Gdyby inicjatywy polityczne by\u0142y markami, musia\u0142yby zap\u0142aci\u0107 \u015brednio 500 tysi\u0119cy z\u0142otych w czwartym kwartale 2015 roku, \u017ceby uzyska\u0107 taki sam zasi\u0119g.<\/span><\/p>\n<div id=\"attachment_21775\" style=\"width: 1232px\" class=\"wp-caption aligncenter\"><a href=\"https:\/\/www.sotrender.com\/blog\/wp-content\/uploads\/2016\/03\/ekwiwalent-reklamowy-partie-polityczne.png\"><img loading=\"lazy\" decoding=\"async\" aria-describedby=\"caption-attachment-21775\" class=\"size-full wp-image-21775\" src=\"https:\/\/www.sotrender.com\/blog\/wp-content\/uploads\/2016\/03\/ekwiwalent-reklamowy-partie-polityczne.png\" alt=\"Ile musia\u0142yby zap\u0142aci\u0107 partie Facebookowi, gdyby by\u0142y markami\" width=\"1222\" height=\"616\" srcset=\"https:\/\/www.sotrender.com\/blog\/wp-content\/uploads\/2016\/03\/ekwiwalent-reklamowy-partie-polityczne.png 1222w, https:\/\/www.sotrender.com\/blog\/wp-content\/uploads\/2016\/03\/ekwiwalent-reklamowy-partie-polityczne-475x239.png 475w, https:\/\/www.sotrender.com\/blog\/wp-content\/uploads\/2016\/03\/ekwiwalent-reklamowy-partie-polityczne-768x387.png 768w, https:\/\/www.sotrender.com\/blog\/wp-content\/uploads\/2016\/03\/ekwiwalent-reklamowy-partie-polityczne-950x479.png 950w\" sizes=\"(max-width: 1222px) 100vw, 1222px\" \/><\/a><p id=\"caption-attachment-21775\" class=\"wp-caption-text\">Ile musia\u0142yby zap\u0142aci\u0107 partie Facebookowi, gdyby by\u0142y markami<\/p><\/div>\n<h2 style=\"text-align: justify;\"><span style=\"font-weight: 400;\">Podsumowanie<\/span><\/h2>\n<p style=\"text-align: justify;\"><span style=\"font-weight: 400;\">Social media da\u0142y mo\u017cliwo\u015b\u0107 ekspresji nurtom i postaciom ignorowanym przez media tradycyjne. Wraz ze wzrostem profesjonalizacji tworzenia i dystrybucji tre\u015bci w mediach spo\u0142eczno\u015bciowych, bariera wej\u015bcia staje si\u0119 coraz trudniejsza do pokonania dla zupe\u0142nych amator\u00f3w. Coraz wa\u017cniejsza staje si\u0119 tak\u017ce wizualno\u015b\u0107 i wyrazisto\u015b\u0107 komunikacji w mediach spo\u0142eczno\u015bciowych. Jednak jest nadzieja, nie musicie by\u0107 pi\u0119kn\u0105 blondynk\u0105 z zasobn\u0105 kieszeni\u0105, \u017ceby zosta\u0107 idolami m\u0142odych Polek i Polak\u00f3w. W ko\u0144cu Zbigniew Stonoga te\u017c ni\u0105 nie jest.<\/span><\/p>\n<h2 style=\"text-align: center;\">Zapraszam do obejrzenia prezentacji!<\/h2>\n<p>&nbsp;<\/p>\n<div align=\"center\">\n<p><iframe loading=\"lazy\" style=\"border: 1px solid #CCC; border-width: 1px; margin-bottom: 5px; max-width: 100%;\" src=\"\/\/www.slideshare.net\/slideshow\/embed_code\/key\/1mdW54ORIjWXOG\" width=\"595\" height=\"485\" frameborder=\"0\" marginwidth=\"0\" marginheight=\"0\" scrolling=\"no\" allowfullscreen=\"allowfullscreen\"> <\/iframe><\/p>\n<div style=\"margin-bottom: 5px;\"><strong> <a title=\"Tego si\u0119 nie da odzobaczy\u0107 - czego dowiedzieli\u015bmy si\u0119 o gustach Polak\u00f3w przez pi\u0119\u0107 lat badania social media\" href=\"\/\/www.slideshare.net\/Sotrender\/tego-si-nie-da-odzobaczy-czego-dowiedzielimy-si-o-gustach-polakw-przez-pi-lat-badania-social-media\" target=\"_blank\">Tego si\u0119 nie da odzobaczy\u0107 &#8211; czego dowiedzieli\u015bmy si\u0119 o gustach Polak\u00f3w przez pi\u0119\u0107 lat badania social media<\/a> <\/strong> from <strong><a href=\"\/\/www.slideshare.net\/Sotrender\" target=\"_blank\">Sotrender<\/a><\/strong><\/div>\n<\/div>\n","protected":false},"excerpt":{"rendered":"<p>Badanie tre\u015bci i zachowa\u0144 w mediach spo\u0142eczno\u015bciowych mo\u017ce by\u0107 \u015bwietnym sposobem na zrozumienie preferencji, gust\u00f3w i warto\u015bci m\u0142odych ludzi. Wnioski pomagaj\u0105 zrozumie\u0107 Generacj\u0119 Y i Generacj\u0119 Z, ich warto\u015bci, oczekiwania i upodobania. Ponadto mo\u017cna je stosowa\u0107 w tworzeniu strategii reklamowych i komunikacyjnych oraz przy projektowaniu marek. Badaniem social media w Sotrenderze zajmujemy si\u0119 ponad 5 [&hellip;]<\/p>\n","protected":false},"author":2,"featured_media":15735,"comment_status":"open","ping_status":"open","sticky":false,"template":"","format":"standard","meta":{"inline_featured_image":false,"footnotes":""},"categories":[1799,1801,1803,1793,1797],"tags":[],"yoast_head":"<!-- This site is optimized with the Yoast SEO plugin v22.4 - https:\/\/yoast.com\/wordpress\/plugins\/seo\/ -->\n<title>Czego dowiedzieli\u015bmy si\u0119 o Polakach, badaj\u0105c social media<\/title>\n<meta name=\"description\" content=\"Dotarli\u015bmy do miejsc, o kt\u00f3rych badaczom si\u0119 nie \u015bni\u0142o.\" \/>\n<meta name=\"robots\" content=\"index, follow, max-snippet:-1, max-image-preview:large, max-video-preview:-1\" \/>\n<link rel=\"canonical\" href=\"https:\/\/www.sotrender.com\/blog\/pl\/2016\/03\/badania-gustow-w-social-media\/\" \/>\n<meta property=\"og:locale\" content=\"pl_PL\" \/>\n<meta property=\"og:type\" content=\"article\" \/>\n<meta property=\"og:title\" content=\"Czego dowiedzieli\u015bmy si\u0119 o Polakach, badaj\u0105c social media\" \/>\n<meta property=\"og:description\" content=\"Dotarli\u015bmy do miejsc, o kt\u00f3rych badaczom si\u0119 nie \u015bni\u0142o.\" \/>\n<meta property=\"og:url\" content=\"https:\/\/www.sotrender.com\/blog\/pl\/2016\/03\/badania-gustow-w-social-media\/\" \/>\n<meta property=\"og:site_name\" content=\"Sotrender Blog\" \/>\n<meta property=\"article:publisher\" content=\"https:\/\/www.facebook.com\/Sotrender\" \/>\n<meta property=\"article:author\" content=\"https:\/\/www.facebook.com\/jan.zajac.75?fref=ts\" \/>\n<meta property=\"article:published_time\" content=\"2016-03-23T11:27:59+00:00\" \/>\n<meta property=\"article:modified_time\" content=\"2017-05-04T07:46:17+00:00\" \/>\n<meta property=\"og:image\" content=\"https:\/\/www.sotrender.com\/blog\/wp-content\/uploads\/2014\/12\/algorytmy.jpg\" \/>\n\t<meta property=\"og:image:width\" content=\"1600\" \/>\n\t<meta property=\"og:image:height\" content=\"700\" \/>\n\t<meta property=\"og:image:type\" content=\"image\/jpeg\" \/>\n<meta name=\"author\" content=\"Jan Zaj\u0105c\" \/>\n<meta name=\"twitter:card\" content=\"summary_large_image\" \/>\n<meta name=\"twitter:creator\" content=\"@http:\/\/twitter.com\/janekzajac\" \/>\n<meta name=\"twitter:site\" content=\"@Sotrender\" \/>\n<meta name=\"twitter:label1\" content=\"Written by\" \/>\n\t<meta name=\"twitter:data1\" content=\"Jan Zaj\u0105c\" \/>\n\t<meta name=\"twitter:label2\" content=\"Est. reading time\" \/>\n\t<meta name=\"twitter:data2\" content=\"8 minutes\" \/>\n<script type=\"application\/ld+json\" class=\"yoast-schema-graph\">{\"@context\":\"https:\/\/schema.org\",\"@graph\":[{\"@type\":\"WebPage\",\"@id\":\"https:\/\/www.sotrender.com\/blog\/pl\/2016\/03\/badania-gustow-w-social-media\/\",\"url\":\"https:\/\/www.sotrender.com\/blog\/pl\/2016\/03\/badania-gustow-w-social-media\/\",\"name\":\"Czego dowiedzieli\u015bmy si\u0119 o Polakach, badaj\u0105c social media\",\"isPartOf\":{\"@id\":\"https:\/\/www.sotrender.com\/blog\/#website\"},\"primaryImageOfPage\":{\"@id\":\"https:\/\/www.sotrender.com\/blog\/pl\/2016\/03\/badania-gustow-w-social-media\/#primaryimage\"},\"image\":{\"@id\":\"https:\/\/www.sotrender.com\/blog\/pl\/2016\/03\/badania-gustow-w-social-media\/#primaryimage\"},\"thumbnailUrl\":\"https:\/\/www.sotrender.com\/blog\/wp-content\/uploads\/2014\/12\/algorytmy.jpg\",\"datePublished\":\"2016-03-23T11:27:59+00:00\",\"dateModified\":\"2017-05-04T07:46:17+00:00\",\"author\":{\"@id\":\"https:\/\/www.sotrender.com\/blog\/#\/schema\/person\/15d4db3ba9c4e61b1cb96099300e7c51\"},\"description\":\"Dotarli\u015bmy do miejsc, o kt\u00f3rych badaczom si\u0119 nie \u015bni\u0142o.\",\"breadcrumb\":{\"@id\":\"https:\/\/www.sotrender.com\/blog\/pl\/2016\/03\/badania-gustow-w-social-media\/#breadcrumb\"},\"inLanguage\":\"pl-PL\",\"potentialAction\":[{\"@type\":\"ReadAction\",\"target\":[\"https:\/\/www.sotrender.com\/blog\/pl\/2016\/03\/badania-gustow-w-social-media\/\"]}]},{\"@type\":\"ImageObject\",\"inLanguage\":\"pl-PL\",\"@id\":\"https:\/\/www.sotrender.com\/blog\/pl\/2016\/03\/badania-gustow-w-social-media\/#primaryimage\",\"url\":\"https:\/\/www.sotrender.com\/blog\/wp-content\/uploads\/2014\/12\/algorytmy.jpg\",\"contentUrl\":\"https:\/\/www.sotrender.com\/blog\/wp-content\/uploads\/2014\/12\/algorytmy.jpg\",\"width\":1600,\"height\":700},{\"@type\":\"BreadcrumbList\",\"@id\":\"https:\/\/www.sotrender.com\/blog\/pl\/2016\/03\/badania-gustow-w-social-media\/#breadcrumb\",\"itemListElement\":[{\"@type\":\"ListItem\",\"position\":1,\"name\":\"Home\",\"item\":\"https:\/\/www.sotrender.com\/blog\/\"},{\"@type\":\"ListItem\",\"position\":2,\"name\":\"Czego dowiedzieli\u015bmy si\u0119 o zachowaniach i gustach Polak\u00f3w podczas 5 lat bada\u0144 medi\u00f3w spo\u0142eczno\u015bciowych [PREZENTACJA]\"}]},{\"@type\":\"WebSite\",\"@id\":\"https:\/\/www.sotrender.com\/blog\/#website\",\"url\":\"https:\/\/www.sotrender.com\/blog\/\",\"name\":\"Sotrender Blog\",\"description\":\"\",\"potentialAction\":[{\"@type\":\"SearchAction\",\"target\":{\"@type\":\"EntryPoint\",\"urlTemplate\":\"https:\/\/www.sotrender.com\/blog\/?s={search_term_string}\"},\"query-input\":\"required name=search_term_string\"}],\"inLanguage\":\"pl-PL\"},{\"@type\":\"Person\",\"@id\":\"https:\/\/www.sotrender.com\/blog\/#\/schema\/person\/15d4db3ba9c4e61b1cb96099300e7c51\",\"name\":\"Jan Zaj\u0105c\",\"image\":{\"@type\":\"ImageObject\",\"inLanguage\":\"pl-PL\",\"@id\":\"https:\/\/www.sotrender.com\/blog\/#\/schema\/person\/image\/\",\"url\":\"https:\/\/secure.gravatar.com\/avatar\/330c70ea205c5402148d7c7d8927d81d?s=96&d=mm&r=g\",\"contentUrl\":\"https:\/\/secure.gravatar.com\/avatar\/330c70ea205c5402148d7c7d8927d81d?s=96&d=mm&r=g\",\"caption\":\"Jan Zaj\u0105c\"},\"description\":\"Psychologist &amp; economist, experienced consultant &amp; researcher, who speaks 6 languages and has cycled around 17 countries.\",\"sameAs\":[\"https:\/\/www.facebook.com\/jan.zajac.75?fref=ts\",\"https:\/\/www.linkedin.com\/in\/janekzajac\",\"https:\/\/twitter.com\/http:\/\/twitter.com\/janekzajac\"],\"url\":\"https:\/\/www.sotrender.com\/blog\/pl\/author\/jan_zajc\/\"}]}<\/script>\n<!-- \/ Yoast SEO plugin. -->","yoast_head_json":{"title":"Czego dowiedzieli\u015bmy si\u0119 o Polakach, badaj\u0105c social media","description":"Dotarli\u015bmy do miejsc, o kt\u00f3rych badaczom si\u0119 nie \u015bni\u0142o.","robots":{"index":"index","follow":"follow","max-snippet":"max-snippet:-1","max-image-preview":"max-image-preview:large","max-video-preview":"max-video-preview:-1"},"canonical":"https:\/\/www.sotrender.com\/blog\/pl\/2016\/03\/badania-gustow-w-social-media\/","og_locale":"pl_PL","og_type":"article","og_title":"Czego dowiedzieli\u015bmy si\u0119 o Polakach, badaj\u0105c social media","og_description":"Dotarli\u015bmy do miejsc, o kt\u00f3rych badaczom si\u0119 nie \u015bni\u0142o.","og_url":"https:\/\/www.sotrender.com\/blog\/pl\/2016\/03\/badania-gustow-w-social-media\/","og_site_name":"Sotrender Blog","article_publisher":"https:\/\/www.facebook.com\/Sotrender","article_author":"https:\/\/www.facebook.com\/jan.zajac.75?fref=ts","article_published_time":"2016-03-23T11:27:59+00:00","article_modified_time":"2017-05-04T07:46:17+00:00","og_image":[{"width":1600,"height":700,"url":"https:\/\/www.sotrender.com\/blog\/wp-content\/uploads\/2014\/12\/algorytmy.jpg","type":"image\/jpeg"}],"author":"Jan Zaj\u0105c","twitter_card":"summary_large_image","twitter_creator":"@http:\/\/twitter.com\/janekzajac","twitter_site":"@Sotrender","twitter_misc":{"Written by":"Jan Zaj\u0105c","Est. reading time":"8 minutes"},"schema":{"@context":"https:\/\/schema.org","@graph":[{"@type":"WebPage","@id":"https:\/\/www.sotrender.com\/blog\/pl\/2016\/03\/badania-gustow-w-social-media\/","url":"https:\/\/www.sotrender.com\/blog\/pl\/2016\/03\/badania-gustow-w-social-media\/","name":"Czego dowiedzieli\u015bmy si\u0119 o Polakach, badaj\u0105c social media","isPartOf":{"@id":"https:\/\/www.sotrender.com\/blog\/#website"},"primaryImageOfPage":{"@id":"https:\/\/www.sotrender.com\/blog\/pl\/2016\/03\/badania-gustow-w-social-media\/#primaryimage"},"image":{"@id":"https:\/\/www.sotrender.com\/blog\/pl\/2016\/03\/badania-gustow-w-social-media\/#primaryimage"},"thumbnailUrl":"https:\/\/www.sotrender.com\/blog\/wp-content\/uploads\/2014\/12\/algorytmy.jpg","datePublished":"2016-03-23T11:27:59+00:00","dateModified":"2017-05-04T07:46:17+00:00","author":{"@id":"https:\/\/www.sotrender.com\/blog\/#\/schema\/person\/15d4db3ba9c4e61b1cb96099300e7c51"},"description":"Dotarli\u015bmy do miejsc, o kt\u00f3rych badaczom si\u0119 nie \u015bni\u0142o.","breadcrumb":{"@id":"https:\/\/www.sotrender.com\/blog\/pl\/2016\/03\/badania-gustow-w-social-media\/#breadcrumb"},"inLanguage":"pl-PL","potentialAction":[{"@type":"ReadAction","target":["https:\/\/www.sotrender.com\/blog\/pl\/2016\/03\/badania-gustow-w-social-media\/"]}]},{"@type":"ImageObject","inLanguage":"pl-PL","@id":"https:\/\/www.sotrender.com\/blog\/pl\/2016\/03\/badania-gustow-w-social-media\/#primaryimage","url":"https:\/\/www.sotrender.com\/blog\/wp-content\/uploads\/2014\/12\/algorytmy.jpg","contentUrl":"https:\/\/www.sotrender.com\/blog\/wp-content\/uploads\/2014\/12\/algorytmy.jpg","width":1600,"height":700},{"@type":"BreadcrumbList","@id":"https:\/\/www.sotrender.com\/blog\/pl\/2016\/03\/badania-gustow-w-social-media\/#breadcrumb","itemListElement":[{"@type":"ListItem","position":1,"name":"Home","item":"https:\/\/www.sotrender.com\/blog\/"},{"@type":"ListItem","position":2,"name":"Czego dowiedzieli\u015bmy si\u0119 o zachowaniach i gustach Polak\u00f3w podczas 5 lat bada\u0144 medi\u00f3w spo\u0142eczno\u015bciowych [PREZENTACJA]"}]},{"@type":"WebSite","@id":"https:\/\/www.sotrender.com\/blog\/#website","url":"https:\/\/www.sotrender.com\/blog\/","name":"Sotrender Blog","description":"","potentialAction":[{"@type":"SearchAction","target":{"@type":"EntryPoint","urlTemplate":"https:\/\/www.sotrender.com\/blog\/?s={search_term_string}"},"query-input":"required name=search_term_string"}],"inLanguage":"pl-PL"},{"@type":"Person","@id":"https:\/\/www.sotrender.com\/blog\/#\/schema\/person\/15d4db3ba9c4e61b1cb96099300e7c51","name":"Jan Zaj\u0105c","image":{"@type":"ImageObject","inLanguage":"pl-PL","@id":"https:\/\/www.sotrender.com\/blog\/#\/schema\/person\/image\/","url":"https:\/\/secure.gravatar.com\/avatar\/330c70ea205c5402148d7c7d8927d81d?s=96&d=mm&r=g","contentUrl":"https:\/\/secure.gravatar.com\/avatar\/330c70ea205c5402148d7c7d8927d81d?s=96&d=mm&r=g","caption":"Jan Zaj\u0105c"},"description":"Psychologist &amp; economist, experienced consultant &amp; researcher, who speaks 6 languages and has cycled around 17 countries.","sameAs":["https:\/\/www.facebook.com\/jan.zajac.75?fref=ts","https:\/\/www.linkedin.com\/in\/janekzajac","https:\/\/twitter.com\/http:\/\/twitter.com\/janekzajac"],"url":"https:\/\/www.sotrender.com\/blog\/pl\/author\/jan_zajc\/"}]}},"_links":{"self":[{"href":"https:\/\/www.sotrender.com\/blog\/pl\/wp-json\/wp\/v2\/posts\/21735"}],"collection":[{"href":"https:\/\/www.sotrender.com\/blog\/pl\/wp-json\/wp\/v2\/posts"}],"about":[{"href":"https:\/\/www.sotrender.com\/blog\/pl\/wp-json\/wp\/v2\/types\/post"}],"author":[{"embeddable":true,"href":"https:\/\/www.sotrender.com\/blog\/pl\/wp-json\/wp\/v2\/users\/2"}],"replies":[{"embeddable":true,"href":"https:\/\/www.sotrender.com\/blog\/pl\/wp-json\/wp\/v2\/comments?post=21735"}],"version-history":[{"count":22,"href":"https:\/\/www.sotrender.com\/blog\/pl\/wp-json\/wp\/v2\/posts\/21735\/revisions"}],"predecessor-version":[{"id":27195,"href":"https:\/\/www.sotrender.com\/blog\/pl\/wp-json\/wp\/v2\/posts\/21735\/revisions\/27195"}],"wp:featuredmedia":[{"embeddable":true,"href":"https:\/\/www.sotrender.com\/blog\/pl\/wp-json\/wp\/v2\/media\/15735"}],"wp:attachment":[{"href":"https:\/\/www.sotrender.com\/blog\/pl\/wp-json\/wp\/v2\/media?parent=21735"}],"wp:term":[{"taxonomy":"category","embeddable":true,"href":"https:\/\/www.sotrender.com\/blog\/pl\/wp-json\/wp\/v2\/categories?post=21735"},{"taxonomy":"post_tag","embeddable":true,"href":"https:\/\/www.sotrender.com\/blog\/pl\/wp-json\/wp\/v2\/tags?post=21735"}],"curies":[{"name":"wp","href":"https:\/\/api.w.org\/{rel}","templated":true}]}}