{"id":21709,"date":"2016-03-16T16:06:29","date_gmt":"2016-03-16T15:06:29","guid":{"rendered":"http:\/\/blog.sotrender.com\/?p=21709"},"modified":"2017-04-03T14:31:03","modified_gmt":"2017-04-03T12:31:03","slug":"sotrender-na-konferencji-cyber-6-0","status":"publish","type":"post","link":"https:\/\/www.sotrender.com\/blog\/pl\/2016\/03\/sotrender-na-konferencji-cyber-6-0\/","title":{"rendered":"Sotrender na konferencji Cyber 6.0"},"content":{"rendered":"<p style=\"text-align: justify;\">Media spo\u0142eczno\u015bciowe odgrywaj\u0105 coraz wi\u0119ksz\u0105 rol\u0119 nie tylko w marketingu, ale tak\u017ce w codziennej komunikacji mi\u0119dzyludzkiej. Social media zmieni\u0142y spos\u00f3b, w jaki si\u0119 komunikujemy. Wp\u0142yn\u0119\u0142y tak\u017ce na rozw\u00f3j m.in. nisz kulturowych, zmieni\u0142y obraz i rol\u0119 medi\u00f3w tradycyjnych. R\u00f3wnie\u017c bran\u017ca badawcza coraz cz\u0119\u015bciej zastanawia si\u0119, jak wykorzysta\u0107 popularno\u015b\u0107 medi\u00f3w spo\u0142eczno\u015bciowych i zbierane w nich dane.<!--more--><\/p>\n<h2 style=\"text-align: justify;\">Sotrender a badania marketingowe<\/h2>\n<p style=\"text-align: justify;\"><a title=\"Kliknij, aby dowiedzie\u0107 si\u0119 wi\u0119cej\" href=\"http:\/\/sotrender.pl\" target=\"_blank\">Sotrender<\/a> wywodzi si\u0119 ze \u015brodowiska badawczego i jest firm\u0105 badawcz\u0105, jednak dzia\u0142aj\u0105c\u0105 w nowy spos\u00f3b. Skupiamy si\u0119 przede wszystkim na badaniach niereaktywnych, czyli bez \u015bwiadomego udzia\u0142u os\u00f3b badanych. Dzi\u0119ki temu mo\u017cemy zbiera\u0107 dane o rzeczywistych zachowaniach os\u00f3b badanych i tworzone przez nich tre\u015bci, a nie tylko deklaracje i opinie. Co wi\u0119cej, w wielu przypadkach dotycz\u0105 one ca\u0142ej populacji, dzi\u0119ki czemu mo\u017cna unikn\u0105\u0107 b\u0142\u0119d\u00f3w zwi\u0105zanych z pr\u00f3bkowaniem.<\/p>\n<p style=\"text-align: justify;\">Nasz g\u0142\u00f3wny biznes to tworzenie w\u0142asnych narz\u0119dzi wspieraj\u0105cych, a czasem zast\u0119puj\u0105cych analityk\u00f3w. Mamy te\u017c specjalny zesp\u00f3\u0142 badaczy, tworz\u0105cy badania na zlecenie i raporty, w tym comiesi\u0119czne zestawienia podsumowuj\u0105ce marketing na <a title=\"Kliknij, aby dowiedzie\u0107 si\u0119 wi\u0119cej\" href=\"http:\/\/www.sotrender.pl\/trends\/facebook\" target=\"_blank\">Facebooku<\/a>, <a title=\"Kliknij, aby dowiedzie\u0107 si\u0119 wi\u0119cej\" href=\"http:\/\/sotrender.pl\/trends\/twitter\" target=\"_blank\">Twitterze<\/a> i <a title=\"Kliknij, aby dowiedzie\u0107 si\u0119 wi\u0119cej\" href=\"http:\/\/sotrender.pl\/trends\/youtube\">YouTube<\/a>. Nie tworzymy w\u0142asnych ankiet, nie przeprowadzamy bada\u0144 fokusowych. Specjalizujemy si\u0119 przede wszystkim w pozyskiwaniu danych z serwis\u00f3w spo\u0142eczno\u015bciowych, takich jak wspomniane Facebook, Twitter, YouTube czy Instagram. S\u0142u\u017cy to nie tylko analizowaniu i optymalizowaniu kamp<strong><span style=\"font-weight: 400;\">anii reklamowych w tych kana\u0142ach, ale tak\u017ce celom zwi\u0105zanych z marketingiem w innych obszarach, na przyk\u0142ad analizowaniu <\/span><a href=\"https:\/\/www.sotrender.com\/blog\/pl\/2015\/05\/poznaj-zainteresowania-fanow-twojej-marki\/\"><span style=\"font-weight: 400;\">zainteresowa\u0144 grup docelowe<\/span><\/a><span style=\"font-weight: 400;\">j czy <\/span><a href=\"https:\/\/www.sotrender.com\/blog\/pl\/2015\/12\/badania-facebooka-na-potrzeby-marek-fmcg\/\"><span style=\"font-weight: 400;\">wydatk\u00f3w reklamowych<\/span><\/a><span style=\"font-weight: 400;\">.<\/span><\/strong><\/p>\n<p style=\"text-align: justify;\">Takie podej\u015bcie do bada\u0144 nie by\u0142oby mo\u017cliwe bez rozbudowanego dzia\u0142u IT. U podstaw naszego dzia\u0142ania le\u017c\u0105 rozwi\u0105zania z zakresu big data, pozwalaj\u0105ce na zbieranie i zaawansowane przetwarzanie danych o kampaniach marek i zachowaniach u\u017cytkownik\u00f3w medi\u00f3w spo\u0142eczno\u015bciowych. Mamy dost\u0119p do dok\u0142adnych danych ponad 30 tysi\u0119cy profili i podstawowych dla kilkunastu milion\u00f3w. Wszystkie aktywnie monitorujemy, aktualizuj\u0105c dane mniej wi\u0119cej co godzin\u0119. Robimy to za pomoc\u0105 tzw. API calls, zapyta\u0144 do API poszczeg\u00f3lnych serwis\u00f3w. Proces przetwarzania danych wygl\u0105da w uproszczeniu tak:<\/p>\n<div id=\"attachment_21469\" style=\"width: 794px\" class=\"wp-caption aligncenter\"><a href=\"https:\/\/www.sotrender.com\/blog\/wp-content\/uploads\/2016\/02\/Zrzut-ekranu-2016-02-26-o-10.37.10.png\"><img loading=\"lazy\" decoding=\"async\" aria-describedby=\"caption-attachment-21469\" class=\"size-full wp-image-21469\" src=\"https:\/\/www.sotrender.com\/blog\/wp-content\/uploads\/2016\/02\/Zrzut-ekranu-2016-02-26-o-10.37.10.png\" alt=\"Jak procesujemy dane w Sotrenderze\" width=\"784\" height=\"413\" srcset=\"https:\/\/www.sotrender.com\/blog\/wp-content\/uploads\/2016\/02\/Zrzut-ekranu-2016-02-26-o-10.37.10.png 784w, https:\/\/www.sotrender.com\/blog\/wp-content\/uploads\/2016\/02\/Zrzut-ekranu-2016-02-26-o-10.37.10-475x250.png 475w, https:\/\/www.sotrender.com\/blog\/wp-content\/uploads\/2016\/02\/Zrzut-ekranu-2016-02-26-o-10.37.10-768x405.png 768w\" sizes=\"(max-width: 784px) 100vw, 784px\" \/><\/a><p id=\"caption-attachment-21469\" class=\"wp-caption-text\">Jak procesujemy dane w Sotrenderze<\/p><\/div>\n<p style=\"text-align: justify;\">Je\u015bli chcieliby\u015bcie wiedzie\u0107 wi\u0119cej o naszych rozwi\u0105zaniach typu big data, zapraszamy do lektury <a title=\"Kulisy Sotrendera: oswajanie s\u0142onia Hadoopa.\" href=\"https:\/\/www.sotrender.com\/blog\/pl\/2016\/02\/kulisy-sotrendera-oswajanie-slonia-hadoopa\/\">wpisu na blogu po\u015bwi\u0119conemu temu zagadnieniu<\/a>.<\/p>\n<h2 style=\"text-align: justify;\">Sotrender partnerem konferencji Cyber 6.0 Redefine<\/h2>\n<p style=\"text-align: justify;\">Nasze podej\u015bcie \u015bwietnie wpisuje si\u0119 w konferencj\u0119 <a href=\"http:\/\/www.ptbrio.pl\/cyber60\/\" target=\"_blank\">Cyber 6.0 Redefine<\/a> organizowan\u0105 przez <a title=\"Kliknij, aby dowiedzie\u0107 si\u0119 wi\u0119cej\" href=\"http:\/\/ptbrio.pl\" target=\"_blank\">Polskie Towarzystwo Badaczy Rynku i Opinii<\/a>.\u00a0Jak <a href=\"http:\/\/ptbrio.pl\/newsletter\/128\/\" target=\"_blank\">pisze<\/a> przewodnicz\u0105cy Rady Programowej Konferencji Wojciech Ozimek:<\/p>\n<blockquote>\n<p style=\"text-align: justify;\">Interpretacja narastaj\u0105cej masy informacji wymaga redefinicji roli Badacza. Konieczne jest zderzenie jego tradycyjnej wiedzy z wiedz\u0105 &#8220;data scientist&#8221; (wywodz\u0105cym si\u0119 bardzo cz\u0119sto z IT i \u015bwiata technologii). Badacz bez zaplecza technicznego widzi tylko cz\u0119\u015b\u0107 \u015bwiata.<\/p>\n<p style=\"text-align: justify;\">Jednak to zderzenie r\u00f3l ma tak\u017ce drug\u0105 stron\u0119. &#8220;Data scientist&#8221; bez warsztatu badawczego i wiedzy o tym, co &#8220;siedzi w g\u0142owie konsumenta&#8221; posiada jedynie bezwarto\u015bciowy zbi\u00f3r danych. Masa informacji bardzo cz\u0119sto nie \u015bwiadczy o ich jako\u015bci. Bardzo cz\u0119sto m\u00f3wi si\u0119 dzisiaj o &#8220;Big Data&#8221; ale samo s\u0142owo &#8220;big&#8221; nie oznacza cz\u0119sto nic, poza problemami do rozwi\u0105zania wynikaj\u0105cymi z nadmiaru i z\u0142o\u017cono\u015bci.<\/p>\n<\/blockquote>\n<p style=\"text-align: justify;\">Po takim zaproszeniu nie mog\u0142o nas zabrakn\u0105\u0107 na konferencji.<\/p>\n<h2 style=\"text-align: justify;\">Tego si\u0119 nie da odzobaczy\u0107, czyli nasza obecno\u015b\u0107 na Cyber 6.0<\/h2>\n<p><span style=\"font-weight: 400;\">Sotrender ju\u017c w poprzednich latach uczestniczy\u0142 w konferencji Cyber, m.in. na poprzedniej edycji na temat pomiaru kampanii w social media, kt\u00f3ry to temat <\/span><a href=\"https:\/\/www.sotrender.com\/blog\/pl\/2014\/11\/mierzenie-social-media-2015\/\"><span style=\"font-weight: 400;\">wielokrotnie poruszali\u015bmy na tym blogu<\/span><\/a><span style=\"font-weight: 400;\">.<\/span><\/p>\n<p><span style=\"font-weight: 400;\">W tym roku zostali\u015bmy Srebrnym Partnerem konferencji i w zwi\u0105zku z tym nasza obecno\u015b\u0107 na Cyber 6.0 REDEFINE b\u0119dzie kilkuaspektowa:<\/span><\/p>\n<ul>\n<li style=\"font-weight: 400;\"><span style=\"font-weight: 400;\">Jan Zaj\u0105c, prezes i wsp\u00f3\u0142tw\u00f3rca Sotrendera oraz Filip Cyprowski, szef dzia\u0142u analiz opowiedz\u0105, <\/span><a href=\"http:\/\/www.ptbrio.pl\/cyber60\/index.php\/8-abstrakty\/45-tego-sie-nie-da-odzobaczyc-czego-dowiedzielismy-sie-o-zachowaniach-i-gustach-polakow-podczas-5-lat-badan-mediow-spolecznosciowych\"><span style=\"font-weight: 400;\">czego dowiedzieli\u015bmy si\u0119 o zachowaniach i gustach Polak\u00f3w<\/span><\/a><span style=\"font-weight: 400;\"> przez 5 lat dzia\u0142ania Sotrendera oraz co to m\u00f3wi o nas jako spo\u0142ecze\u0144stwie<\/span><\/li>\n<li style=\"font-weight: 400;\"><span style=\"font-weight: 400;\">Jan Zaj\u0105c jest tak\u017ce <\/span><a href=\"http:\/\/www.ptbrio.pl\/cyber60\/index.php\/8-abstrakty\/37-dwa-plemiona-czy-wiecej-polaryzacja-w-serwisach-spolecznosciowych-w-polsce-2015-2016-\"><span style=\"font-weight: 400;\">wsp\u00f3\u0142autorem prezentacji Kamila Rakocego<\/span><\/a><span style=\"font-weight: 400;\">, kt\u00f3ry opowie o podziale Polak\u00f3w na plemiona, posi\u0142kuj\u0105c si\u0119 danymi z Sotrendera. <\/span><\/li>\n<li style=\"font-weight: 400;\"><span style=\"font-weight: 400;\">B\u0119dziecie mogli nas spotka\u0107 na targach firm badawczych, gdzie b\u0119dziemy mie\u0107 w\u0142asne stoisko. <\/span><\/li>\n<li style=\"font-weight: 400;\"><span style=\"font-weight: 400;\">Dominik Batorski, nasz Chief Scientist jest cz\u0142onkiem rady programowej konferencji.<\/span><\/li>\n<\/ul>\n<div id=\"attachment_21715\" style=\"width: 1001px\" class=\"wp-caption aligncenter\"><a href=\"https:\/\/www.sotrender.com\/blog\/wp-content\/uploads\/2016\/03\/ekwiwalent-reklamowy.png\"><img loading=\"lazy\" decoding=\"async\" aria-describedby=\"caption-attachment-21715\" class=\"size-full wp-image-21715\" src=\"https:\/\/www.sotrender.com\/blog\/wp-content\/uploads\/2016\/03\/ekwiwalent-reklamowy.png\" alt=\"Ile partie usia\u0142yby wyda\u0107 na zasi\u0119g na Facebooku, gdyby by\u0142y markami komercyjnymi\" width=\"991\" height=\"792\" srcset=\"https:\/\/www.sotrender.com\/blog\/wp-content\/uploads\/2016\/03\/ekwiwalent-reklamowy.png 991w, https:\/\/www.sotrender.com\/blog\/wp-content\/uploads\/2016\/03\/ekwiwalent-reklamowy-475x380.png 475w, https:\/\/www.sotrender.com\/blog\/wp-content\/uploads\/2016\/03\/ekwiwalent-reklamowy-768x614.png 768w, https:\/\/www.sotrender.com\/blog\/wp-content\/uploads\/2016\/03\/ekwiwalent-reklamowy-950x759.png 950w\" sizes=\"(max-width: 991px) 100vw, 991px\" \/><\/a><p id=\"caption-attachment-21715\" class=\"wp-caption-text\">Ile partie usia\u0142yby wyda\u0107 na zasi\u0119g na Facebooku, gdyby by\u0142y markami komercyjnymi<\/p><\/div>\n<p>Zobacz nasze wyst\u0105pienie w ramach konferencji <strong>Cyber 6.0\u00a0REDEFINE<\/strong>:<\/p>\n<p><iframe loading=\"lazy\" src=\"https:\/\/www.youtube.com\/embed\/mq-NdYAlWXc\" width=\"560\" height=\"315\" frameborder=\"0\" allowfullscreen=\"allowfullscreen\"><\/iframe><\/p>\n","protected":false},"excerpt":{"rendered":"<p>Media spo\u0142eczno\u015bciowe odgrywaj\u0105 coraz wi\u0119ksz\u0105 rol\u0119 nie tylko w marketingu, ale tak\u017ce w codziennej komunikacji mi\u0119dzyludzkiej. Social media zmieni\u0142y spos\u00f3b, w jaki si\u0119 komunikujemy. Wp\u0142yn\u0119\u0142y tak\u017ce na rozw\u00f3j m.in. nisz kulturowych, zmieni\u0142y obraz i rol\u0119 medi\u00f3w tradycyjnych. R\u00f3wnie\u017c bran\u017ca badawcza coraz cz\u0119\u015bciej zastanawia si\u0119, jak wykorzysta\u0107 popularno\u015b\u0107 medi\u00f3w spo\u0142eczno\u015bciowych i zbierane w nich dane.<\/p>\n","protected":false},"author":49,"featured_media":21729,"comment_status":"open","ping_status":"open","sticky":false,"template":"","format":"standard","meta":{"inline_featured_image":false,"footnotes":""},"categories":[1795,1797,1799,1801],"tags":[17,515,517,589,593,1957,1959],"yoast_head":"<!-- This site is optimized with the Yoast SEO plugin v22.4 - https:\/\/yoast.com\/wordpress\/plugins\/seo\/ -->\n<title>Sotrender na konferencji Cyber 6.0<\/title>\n<meta name=\"description\" content=\"Jak skutecznie bada\u0107 social media i co aktywno\u015b\u0107 w serwisach spo\u0142eczno\u015bciowych m\u00f3wi o Polakach.\" \/>\n<meta name=\"robots\" content=\"index, follow, max-snippet:-1, max-image-preview:large, max-video-preview:-1\" \/>\n<link rel=\"canonical\" href=\"https:\/\/www.sotrender.com\/blog\/pl\/2016\/03\/sotrender-na-konferencji-cyber-6-0\/\" \/>\n<meta property=\"og:locale\" content=\"pl_PL\" \/>\n<meta property=\"og:type\" content=\"article\" \/>\n<meta property=\"og:title\" content=\"Sotrender na konferencji Cyber 6.0\" \/>\n<meta property=\"og:description\" content=\"Jak skutecznie bada\u0107 social media i co aktywno\u015b\u0107 w serwisach spo\u0142eczno\u015bciowych m\u00f3wi o Polakach.\" \/>\n<meta property=\"og:url\" content=\"https:\/\/www.sotrender.com\/blog\/pl\/2016\/03\/sotrender-na-konferencji-cyber-6-0\/\" \/>\n<meta property=\"og:site_name\" content=\"Sotrender Blog\" \/>\n<meta property=\"article:publisher\" content=\"https:\/\/www.facebook.com\/Sotrender\" \/>\n<meta property=\"article:published_time\" content=\"2016-03-16T15:06:29+00:00\" \/>\n<meta property=\"article:modified_time\" content=\"2017-04-03T12:31:03+00:00\" \/>\n<meta property=\"og:image\" content=\"https:\/\/www.sotrender.com\/blog\/wp-content\/uploads\/2016\/03\/header-4-950x634.jpg\" \/>\n\t<meta property=\"og:image:width\" content=\"950\" \/>\n\t<meta property=\"og:image:height\" content=\"634\" \/>\n\t<meta property=\"og:image:type\" content=\"image\/jpeg\" \/>\n<meta name=\"author\" content=\"Micha\u0142 Wieczorek\" \/>\n<meta name=\"twitter:card\" content=\"summary_large_image\" \/>\n<meta name=\"twitter:creator\" content=\"@http:\/\/twitter.com\/eveningo\" \/>\n<meta name=\"twitter:site\" content=\"@Sotrender\" \/>\n<meta name=\"twitter:label1\" content=\"Written by\" \/>\n\t<meta name=\"twitter:data1\" content=\"Micha\u0142 Wieczorek\" \/>\n\t<meta name=\"twitter:label2\" content=\"Est. reading time\" \/>\n\t<meta name=\"twitter:data2\" content=\"4 minutes\" \/>\n<script type=\"application\/ld+json\" class=\"yoast-schema-graph\">{\"@context\":\"https:\/\/schema.org\",\"@graph\":[{\"@type\":\"WebPage\",\"@id\":\"https:\/\/www.sotrender.com\/blog\/pl\/2016\/03\/sotrender-na-konferencji-cyber-6-0\/\",\"url\":\"https:\/\/www.sotrender.com\/blog\/pl\/2016\/03\/sotrender-na-konferencji-cyber-6-0\/\",\"name\":\"Sotrender na konferencji Cyber 6.0\",\"isPartOf\":{\"@id\":\"https:\/\/www.sotrender.com\/blog\/#website\"},\"primaryImageOfPage\":{\"@id\":\"https:\/\/www.sotrender.com\/blog\/pl\/2016\/03\/sotrender-na-konferencji-cyber-6-0\/#primaryimage\"},\"image\":{\"@id\":\"https:\/\/www.sotrender.com\/blog\/pl\/2016\/03\/sotrender-na-konferencji-cyber-6-0\/#primaryimage\"},\"thumbnailUrl\":\"https:\/\/www.sotrender.com\/blog\/wp-content\/uploads\/2016\/03\/header-4.jpg\",\"datePublished\":\"2016-03-16T15:06:29+00:00\",\"dateModified\":\"2017-04-03T12:31:03+00:00\",\"author\":{\"@id\":\"https:\/\/www.sotrender.com\/blog\/#\/schema\/person\/48ed6f8ff39863778de8dd32f58467f5\"},\"description\":\"Jak skutecznie bada\u0107 social media i co aktywno\u015b\u0107 w serwisach spo\u0142eczno\u015bciowych m\u00f3wi o Polakach.\",\"breadcrumb\":{\"@id\":\"https:\/\/www.sotrender.com\/blog\/pl\/2016\/03\/sotrender-na-konferencji-cyber-6-0\/#breadcrumb\"},\"inLanguage\":\"pl-PL\",\"potentialAction\":[{\"@type\":\"ReadAction\",\"target\":[\"https:\/\/www.sotrender.com\/blog\/pl\/2016\/03\/sotrender-na-konferencji-cyber-6-0\/\"]}]},{\"@type\":\"ImageObject\",\"inLanguage\":\"pl-PL\",\"@id\":\"https:\/\/www.sotrender.com\/blog\/pl\/2016\/03\/sotrender-na-konferencji-cyber-6-0\/#primaryimage\",\"url\":\"https:\/\/www.sotrender.com\/blog\/wp-content\/uploads\/2016\/03\/header-4.jpg\",\"contentUrl\":\"https:\/\/www.sotrender.com\/blog\/wp-content\/uploads\/2016\/03\/header-4.jpg\",\"width\":7360,\"height\":4912},{\"@type\":\"BreadcrumbList\",\"@id\":\"https:\/\/www.sotrender.com\/blog\/pl\/2016\/03\/sotrender-na-konferencji-cyber-6-0\/#breadcrumb\",\"itemListElement\":[{\"@type\":\"ListItem\",\"position\":1,\"name\":\"Home\",\"item\":\"https:\/\/www.sotrender.com\/blog\/\"},{\"@type\":\"ListItem\",\"position\":2,\"name\":\"Sotrender na konferencji Cyber 6.0\"}]},{\"@type\":\"WebSite\",\"@id\":\"https:\/\/www.sotrender.com\/blog\/#website\",\"url\":\"https:\/\/www.sotrender.com\/blog\/\",\"name\":\"Sotrender Blog\",\"description\":\"\",\"potentialAction\":[{\"@type\":\"SearchAction\",\"target\":{\"@type\":\"EntryPoint\",\"urlTemplate\":\"https:\/\/www.sotrender.com\/blog\/?s={search_term_string}\"},\"query-input\":\"required name=search_term_string\"}],\"inLanguage\":\"pl-PL\"},{\"@type\":\"Person\",\"@id\":\"https:\/\/www.sotrender.com\/blog\/#\/schema\/person\/48ed6f8ff39863778de8dd32f58467f5\",\"name\":\"Micha\u0142 Wieczorek\",\"image\":{\"@type\":\"ImageObject\",\"inLanguage\":\"pl-PL\",\"@id\":\"https:\/\/www.sotrender.com\/blog\/#\/schema\/person\/image\/\",\"url\":\"https:\/\/secure.gravatar.com\/avatar\/65ceb2020aa2338488b9c5f33c10137f?s=96&d=mm&r=g\",\"contentUrl\":\"https:\/\/secure.gravatar.com\/avatar\/65ceb2020aa2338488b9c5f33c10137f?s=96&d=mm&r=g\",\"caption\":\"Micha\u0142 Wieczorek\"},\"description\":\"Baltic linguist, marketer, and music journalist in his free time. A big fan of good food and even better music.\",\"sameAs\":[\"https:\/\/www.linkedin.com\/in\/michaldwieczorek\",\"https:\/\/twitter.com\/http:\/\/twitter.com\/eveningo\"],\"url\":\"https:\/\/www.sotrender.com\/blog\/pl\/author\/micha_wieczorek\/\"}]}<\/script>\n<!-- \/ Yoast SEO plugin. -->","yoast_head_json":{"title":"Sotrender na konferencji Cyber 6.0","description":"Jak skutecznie bada\u0107 social media i co aktywno\u015b\u0107 w serwisach spo\u0142eczno\u015bciowych m\u00f3wi o Polakach.","robots":{"index":"index","follow":"follow","max-snippet":"max-snippet:-1","max-image-preview":"max-image-preview:large","max-video-preview":"max-video-preview:-1"},"canonical":"https:\/\/www.sotrender.com\/blog\/pl\/2016\/03\/sotrender-na-konferencji-cyber-6-0\/","og_locale":"pl_PL","og_type":"article","og_title":"Sotrender na konferencji Cyber 6.0","og_description":"Jak skutecznie bada\u0107 social media i co aktywno\u015b\u0107 w serwisach spo\u0142eczno\u015bciowych m\u00f3wi o Polakach.","og_url":"https:\/\/www.sotrender.com\/blog\/pl\/2016\/03\/sotrender-na-konferencji-cyber-6-0\/","og_site_name":"Sotrender Blog","article_publisher":"https:\/\/www.facebook.com\/Sotrender","article_published_time":"2016-03-16T15:06:29+00:00","article_modified_time":"2017-04-03T12:31:03+00:00","og_image":[{"width":950,"height":634,"url":"https:\/\/www.sotrender.com\/blog\/wp-content\/uploads\/2016\/03\/header-4-950x634.jpg","type":"image\/jpeg"}],"author":"Micha\u0142 Wieczorek","twitter_card":"summary_large_image","twitter_creator":"@http:\/\/twitter.com\/eveningo","twitter_site":"@Sotrender","twitter_misc":{"Written by":"Micha\u0142 Wieczorek","Est. reading time":"4 minutes"},"schema":{"@context":"https:\/\/schema.org","@graph":[{"@type":"WebPage","@id":"https:\/\/www.sotrender.com\/blog\/pl\/2016\/03\/sotrender-na-konferencji-cyber-6-0\/","url":"https:\/\/www.sotrender.com\/blog\/pl\/2016\/03\/sotrender-na-konferencji-cyber-6-0\/","name":"Sotrender na konferencji Cyber 6.0","isPartOf":{"@id":"https:\/\/www.sotrender.com\/blog\/#website"},"primaryImageOfPage":{"@id":"https:\/\/www.sotrender.com\/blog\/pl\/2016\/03\/sotrender-na-konferencji-cyber-6-0\/#primaryimage"},"image":{"@id":"https:\/\/www.sotrender.com\/blog\/pl\/2016\/03\/sotrender-na-konferencji-cyber-6-0\/#primaryimage"},"thumbnailUrl":"https:\/\/www.sotrender.com\/blog\/wp-content\/uploads\/2016\/03\/header-4.jpg","datePublished":"2016-03-16T15:06:29+00:00","dateModified":"2017-04-03T12:31:03+00:00","author":{"@id":"https:\/\/www.sotrender.com\/blog\/#\/schema\/person\/48ed6f8ff39863778de8dd32f58467f5"},"description":"Jak skutecznie bada\u0107 social media i co aktywno\u015b\u0107 w serwisach spo\u0142eczno\u015bciowych m\u00f3wi o Polakach.","breadcrumb":{"@id":"https:\/\/www.sotrender.com\/blog\/pl\/2016\/03\/sotrender-na-konferencji-cyber-6-0\/#breadcrumb"},"inLanguage":"pl-PL","potentialAction":[{"@type":"ReadAction","target":["https:\/\/www.sotrender.com\/blog\/pl\/2016\/03\/sotrender-na-konferencji-cyber-6-0\/"]}]},{"@type":"ImageObject","inLanguage":"pl-PL","@id":"https:\/\/www.sotrender.com\/blog\/pl\/2016\/03\/sotrender-na-konferencji-cyber-6-0\/#primaryimage","url":"https:\/\/www.sotrender.com\/blog\/wp-content\/uploads\/2016\/03\/header-4.jpg","contentUrl":"https:\/\/www.sotrender.com\/blog\/wp-content\/uploads\/2016\/03\/header-4.jpg","width":7360,"height":4912},{"@type":"BreadcrumbList","@id":"https:\/\/www.sotrender.com\/blog\/pl\/2016\/03\/sotrender-na-konferencji-cyber-6-0\/#breadcrumb","itemListElement":[{"@type":"ListItem","position":1,"name":"Home","item":"https:\/\/www.sotrender.com\/blog\/"},{"@type":"ListItem","position":2,"name":"Sotrender na konferencji Cyber 6.0"}]},{"@type":"WebSite","@id":"https:\/\/www.sotrender.com\/blog\/#website","url":"https:\/\/www.sotrender.com\/blog\/","name":"Sotrender Blog","description":"","potentialAction":[{"@type":"SearchAction","target":{"@type":"EntryPoint","urlTemplate":"https:\/\/www.sotrender.com\/blog\/?s={search_term_string}"},"query-input":"required name=search_term_string"}],"inLanguage":"pl-PL"},{"@type":"Person","@id":"https:\/\/www.sotrender.com\/blog\/#\/schema\/person\/48ed6f8ff39863778de8dd32f58467f5","name":"Micha\u0142 Wieczorek","image":{"@type":"ImageObject","inLanguage":"pl-PL","@id":"https:\/\/www.sotrender.com\/blog\/#\/schema\/person\/image\/","url":"https:\/\/secure.gravatar.com\/avatar\/65ceb2020aa2338488b9c5f33c10137f?s=96&d=mm&r=g","contentUrl":"https:\/\/secure.gravatar.com\/avatar\/65ceb2020aa2338488b9c5f33c10137f?s=96&d=mm&r=g","caption":"Micha\u0142 Wieczorek"},"description":"Baltic linguist, marketer, and music journalist in his free time. A big fan of good food and even better music.","sameAs":["https:\/\/www.linkedin.com\/in\/michaldwieczorek","https:\/\/twitter.com\/http:\/\/twitter.com\/eveningo"],"url":"https:\/\/www.sotrender.com\/blog\/pl\/author\/micha_wieczorek\/"}]}},"_links":{"self":[{"href":"https:\/\/www.sotrender.com\/blog\/pl\/wp-json\/wp\/v2\/posts\/21709"}],"collection":[{"href":"https:\/\/www.sotrender.com\/blog\/pl\/wp-json\/wp\/v2\/posts"}],"about":[{"href":"https:\/\/www.sotrender.com\/blog\/pl\/wp-json\/wp\/v2\/types\/post"}],"author":[{"embeddable":true,"href":"https:\/\/www.sotrender.com\/blog\/pl\/wp-json\/wp\/v2\/users\/49"}],"replies":[{"embeddable":true,"href":"https:\/\/www.sotrender.com\/blog\/pl\/wp-json\/wp\/v2\/comments?post=21709"}],"version-history":[{"count":7,"href":"https:\/\/www.sotrender.com\/blog\/pl\/wp-json\/wp\/v2\/posts\/21709\/revisions"}],"predecessor-version":[{"id":26117,"href":"https:\/\/www.sotrender.com\/blog\/pl\/wp-json\/wp\/v2\/posts\/21709\/revisions\/26117"}],"wp:featuredmedia":[{"embeddable":true,"href":"https:\/\/www.sotrender.com\/blog\/pl\/wp-json\/wp\/v2\/media\/21729"}],"wp:attachment":[{"href":"https:\/\/www.sotrender.com\/blog\/pl\/wp-json\/wp\/v2\/media?parent=21709"}],"wp:term":[{"taxonomy":"category","embeddable":true,"href":"https:\/\/www.sotrender.com\/blog\/pl\/wp-json\/wp\/v2\/categories?post=21709"},{"taxonomy":"post_tag","embeddable":true,"href":"https:\/\/www.sotrender.com\/blog\/pl\/wp-json\/wp\/v2\/tags?post=21709"}],"curies":[{"name":"wp","href":"https:\/\/api.w.org\/{rel}","templated":true}]}}