{"id":21667,"date":"2016-03-10T12:47:40","date_gmt":"2016-03-10T11:47:40","guid":{"rendered":"http:\/\/blog.sotrender.com\/?p=21667"},"modified":"2018-02-22T13:45:04","modified_gmt":"2018-02-22T12:45:04","slug":"zaangazowani-uzytkownicy-twitter","status":"publish","type":"post","link":"https:\/\/www.sotrender.com\/blog\/pl\/2016\/03\/zaangazowani-uzytkownicy-twitter\/","title":{"rendered":"Nowa funkcja w Sotrenderze: analiza zaanga\u017cowanych u\u017cytkownik\u00f3w Twittera"},"content":{"rendered":"<p style=\"text-align: justify;\"><span style=\"font-weight: 400;\">Prezentujemy kolejn\u0105 now\u0105 funkcj\u0119 <a title=\"Kliknij, aby dowiedzie\u0107 si\u0119 wi\u0119cej\" href=\"http:\/\/sotrender.pl\" target=\"_blank\" rel=\"noopener\">Sotrendera<\/a>! Od dzi\u015b mo\u017cecie sprawdzi\u0107 dok\u0142adnie, kto i dlaczego anga\u017cowa\u0142 si\u0119 w Wasz\u0105 komunikacj\u0119 na Twitterze.<\/span><!--more--><\/p>\n<h2><span style=\"font-weight: 400;\">Zaanga\u017cowani u\u017cytkownicy na Twitterze<\/span><\/h2>\n<div id=\"attachment_21671\" style=\"width: 1652px\" class=\"wp-caption aligncenter\"><a href=\"https:\/\/www.sotrender.com\/blog\/wp-content\/uploads\/2016\/03\/zaanga\u017cowani-u\u017cytkownicy-twitter.png\"><img loading=\"lazy\" decoding=\"async\" aria-describedby=\"caption-attachment-21671\" class=\"size-full wp-image-21671\" src=\"https:\/\/www.sotrender.com\/blog\/wp-content\/uploads\/2016\/03\/zaanga\u017cowani-u\u017cytkownicy-twitter.png\" alt=\"Widok wykresu zaanga\u017cowanych u\u017cytkownik\u00f3w na Twitterze\" width=\"1642\" height=\"718\" srcset=\"https:\/\/www.sotrender.com\/blog\/wp-content\/uploads\/2016\/03\/zaanga\u017cowani-u\u017cytkownicy-twitter.png 1642w, https:\/\/www.sotrender.com\/blog\/wp-content\/uploads\/2016\/03\/zaanga\u017cowani-u\u017cytkownicy-twitter-475x208.png 475w, https:\/\/www.sotrender.com\/blog\/wp-content\/uploads\/2016\/03\/zaanga\u017cowani-u\u017cytkownicy-twitter-768x336.png 768w, https:\/\/www.sotrender.com\/blog\/wp-content\/uploads\/2016\/03\/zaanga\u017cowani-u\u017cytkownicy-twitter-950x415.png 950w\" sizes=\"(max-width: 1642px) 100vw, 1642px\" \/><\/a><p id=\"caption-attachment-21671\" class=\"wp-caption-text\">Widok wykresu zaanga\u017cowanych u\u017cytkownik\u00f3w na Twitterze<\/p><\/div>\n<p style=\"text-align: justify;\"><span style=\"font-weight: 400;\">Wykres zaanga\u017cowanych u\u017cytkownik\u00f3w dla Twittera pokazuje liczb\u0119 unikalnych u\u017cytkownik\u00f3w, kt\u00f3rzy zaanga\u017cowali si\u0119 w komunikacj\u0119 marki. Zaanga\u017cowani u\u017cytkownicy to ci twitterowicze, kt\u00f3rzy oznaczyli profil marki, podali dalej lub odpowiedzieli na tweet marki. Na wykresie zobaczycie tak\u017ce tweety marki opublikowane danego dnia, co pomo\u017ce Wam usprawni\u0107 strategi\u0119 komunikacyjn\u0105 i dowiedzie\u0107 si\u0119, w jakie tre\u015bci najbardziej anga\u017cowali si\u0119 u\u017cytkownicy. Dzieki temu b\u0119dziecie mogli jeszcze lepiej dopasowa\u0107 publikowane tre\u015bci do odbiorc\u00f3w.<\/span><\/p>\n<p style=\"text-align: center;\"><!--HubSpot Call-to-Action Code --><span id=\"hs-cta-wrapper-c4243256-775c-4f09-9dae-182c6d1fa4e1\" class=\"hs-cta-wrapper\"><span id=\"hs-cta-c4243256-775c-4f09-9dae-182c6d1fa4e1\" class=\"hs-cta-node hs-cta-c4243256-775c-4f09-9dae-182c6d1fa4e1\"><!-- [if lte IE 8]><\/p>\n\n\n\n\n\n<div id=\"hs-cta-ie-element\"><\/div>\n\n\n<![endif]--><a href=\"https:\/\/cta-redirect.hubspot.com\/cta\/redirect\/3842881\/c4243256-775c-4f09-9dae-182c6d1fa4e1\"><img decoding=\"async\" id=\"hs-cta-img-c4243256-775c-4f09-9dae-182c6d1fa4e1\" class=\"hs-cta-img aligncenter\" style=\"border-width: 0px;\" src=\"https:\/\/no-cache.hubspot.com\/cta\/default\/3842881\/c4243256-775c-4f09-9dae-182c6d1fa4e1.png\" alt=\"Mierz swoje dzia\u0142ania w social media!\" \/><\/a><\/span><script charset=\"utf-8\" src=\"https:\/\/js.hscta.net\/cta\/current.js\"><\/script><script type=\"text\/javascript\"> hbspt.cta.load(3842881, 'c4243256-775c-4f09-9dae-182c6d1fa4e1', {}); <\/script><\/span><!-- end HubSpot Call-to-Action Code --><\/p>\n<div id=\"attachment_21669\" style=\"width: 1667px\" class=\"wp-caption aligncenter\"><a href=\"https:\/\/www.sotrender.com\/blog\/wp-content\/uploads\/2016\/03\/zaanga\u017cowani-u\u017cytkownicy-twitter-dni-tygodnia.png\"><img loading=\"lazy\" decoding=\"async\" aria-describedby=\"caption-attachment-21669\" class=\"wp-image-21669 size-full\" src=\"https:\/\/www.sotrender.com\/blog\/wp-content\/uploads\/2016\/03\/zaanga\u017cowani-u\u017cytkownicy-twitter-dni-tygodnia.png\" alt=\"zaanga\u017cowani u\u017cytkownicy twitter dni tygodnia\" width=\"1657\" height=\"513\" srcset=\"https:\/\/www.sotrender.com\/blog\/wp-content\/uploads\/2016\/03\/zaanga\u017cowani-u\u017cytkownicy-twitter-dni-tygodnia.png 1657w, https:\/\/www.sotrender.com\/blog\/wp-content\/uploads\/2016\/03\/zaanga\u017cowani-u\u017cytkownicy-twitter-dni-tygodnia-475x147.png 475w, https:\/\/www.sotrender.com\/blog\/wp-content\/uploads\/2016\/03\/zaanga\u017cowani-u\u017cytkownicy-twitter-dni-tygodnia-768x238.png 768w, https:\/\/www.sotrender.com\/blog\/wp-content\/uploads\/2016\/03\/zaanga\u017cowani-u\u017cytkownicy-twitter-dni-tygodnia-950x294.png 950w\" sizes=\"(max-width: 1657px) 100vw, 1657px\" \/><\/a><p id=\"caption-attachment-21669\" class=\"wp-caption-text\">Rozk\u0142ad zaanga\u017cowanych u\u017cytkownik\u00f3w Twittera wg dni tygodnia<\/p><\/div>\n<p>&nbsp;<\/p>\n<p style=\"text-align: justify;\"><span style=\"font-weight: 400;\">Mo\u017cecie sprawdzi\u0107 wyniki do p\u00f3\u0142 roku wstecz, co da szerszy obraz strategii komunikacyjnej. Co wi\u0119cej, mo\u017cecie por\u00f3wna\u0107 nie tylko dane dzienne i tygodniowe, ale tak\u017ce sprawdzi\u0107, w jakich dniach tygodnia Wasza komunikacja wywo\u0142uje najwi\u0119ksze (i najmniejsze) zaanga\u017cowanie!<\/span><\/p>\n<div id=\"attachment_21673\" style=\"width: 213px\" class=\"wp-caption aligncenter\"><a href=\"https:\/\/www.sotrender.com\/blog\/wp-content\/uploads\/2016\/03\/zaanga\u017cowanie.png\"><img loading=\"lazy\" decoding=\"async\" aria-describedby=\"caption-attachment-21673\" class=\"size-full wp-image-21673\" src=\"https:\/\/www.sotrender.com\/blog\/wp-content\/uploads\/2016\/03\/zaanga\u017cowanie.png\" alt=\"Zak\u0142adka zaanga\u017cowani u\u017cytkownicy na Twitterze w panelu Sotrendera\" width=\"203\" height=\"328\" \/><\/a><p id=\"caption-attachment-21673\" class=\"wp-caption-text\">Zak\u0142adka zaanga\u017cowani u\u017cytkownicy na Twitterze w panelu Sotrendera<\/p><\/div>\n<p style=\"text-align: justify;\"><span style=\"font-weight: 400;\">Wystarczy, \u017ce wybierzecie odpowiedni profil w panelu Sotrendera, klikniecie w zak\u0142adk\u0119 zaanga\u017cowani i ju\u017c mo\u017cecie korzysta\u0107 z mo\u017cliwo\u015bci analizowania zaanga\u017cowanych u\u017cytkownik\u00f3w. To takie proste, a z pewno\u015bci\u0105 usprawni Wasz\u0105 prac\u0119.<\/span><\/p>\n<h2 style=\"text-align: center;\"><a title=\"Kliknij, aby za\u0142o\u017cy\u0107 konto w Sotrenderze!\" href=\"https:\/\/app.sotrender.com\/auth\/signup\/trial\/pln\/gold?_ga=1.169087585.1791689737.1450703722\" target=\"_blank\" rel=\"noopener\"><span style=\"font-weight: 400;\">Wypr\u00f3buj now\u0105 funkcj\u0119 Sotrendera!<\/span><\/a><\/h2>\n<p>&nbsp;<\/p>\n","protected":false},"excerpt":{"rendered":"<p>Prezentujemy kolejn\u0105 now\u0105 funkcj\u0119 Sotrendera! Od dzi\u015b mo\u017cecie sprawdzi\u0107 dok\u0142adnie, kto i dlaczego anga\u017cowa\u0142 si\u0119 w Wasz\u0105 komunikacj\u0119 na Twitterze.<\/p>\n","protected":false},"author":49,"featured_media":17597,"comment_status":"open","ping_status":"open","sticky":false,"template":"","format":"standard","meta":{"inline_featured_image":false,"footnotes":""},"categories":[1795,1799],"tags":[1955,515,573,1381,1951,1953],"yoast_head":"<!-- This site is optimized with the Yoast SEO plugin v22.4 - https:\/\/yoast.com\/wordpress\/plugins\/seo\/ -->\n<title>Nowo\u015b\u0107 w Sotrenderze!<\/title>\n<meta name=\"description\" content=\"Prezentujemy kolejn\u0105 now\u0105 funkcj\u0119 Sotrendera! Od dzi\u015b mo\u017cecie sprawdzi\u0107 dok\u0142adnie, kto i dlaczego anga\u017cowa\u0142 si\u0119 w Wasz\u0105 komunikacj\u0119 na Twitterze.\" \/>\n<meta name=\"robots\" content=\"index, follow, max-snippet:-1, max-image-preview:large, max-video-preview:-1\" \/>\n<link rel=\"canonical\" href=\"https:\/\/www.sotrender.com\/blog\/pl\/2016\/03\/zaangazowani-uzytkownicy-twitter\/\" \/>\n<meta property=\"og:locale\" content=\"pl_PL\" \/>\n<meta property=\"og:type\" content=\"article\" \/>\n<meta property=\"og:title\" content=\"Nowo\u015b\u0107 w Sotrenderze!\" \/>\n<meta property=\"og:description\" content=\"Prezentujemy kolejn\u0105 now\u0105 funkcj\u0119 Sotrendera! Od dzi\u015b mo\u017cecie sprawdzi\u0107 dok\u0142adnie, kto i dlaczego anga\u017cowa\u0142 si\u0119 w Wasz\u0105 komunikacj\u0119 na Twitterze.\" \/>\n<meta property=\"og:url\" content=\"https:\/\/www.sotrender.com\/blog\/pl\/2016\/03\/zaangazowani-uzytkownicy-twitter\/\" \/>\n<meta property=\"og:site_name\" content=\"Sotrender Blog\" \/>\n<meta property=\"article:publisher\" content=\"https:\/\/www.facebook.com\/Sotrender\" \/>\n<meta property=\"article:published_time\" content=\"2016-03-10T11:47:40+00:00\" \/>\n<meta property=\"article:modified_time\" content=\"2018-02-22T12:45:04+00:00\" \/>\n<meta property=\"og:image\" content=\"https:\/\/www.sotrender.com\/blog\/wp-content\/uploads\/2015\/04\/mac-glasses.jpg\" \/>\n\t<meta property=\"og:image:width\" content=\"1080\" \/>\n\t<meta property=\"og:image:height\" content=\"720\" \/>\n\t<meta property=\"og:image:type\" content=\"image\/jpeg\" \/>\n<meta name=\"author\" content=\"Micha\u0142 Wieczorek\" \/>\n<meta name=\"twitter:card\" content=\"summary_large_image\" \/>\n<meta name=\"twitter:creator\" content=\"@http:\/\/twitter.com\/eveningo\" \/>\n<meta name=\"twitter:site\" content=\"@Sotrender\" \/>\n<meta name=\"twitter:label1\" content=\"Written by\" \/>\n\t<meta name=\"twitter:data1\" content=\"Micha\u0142 Wieczorek\" \/>\n\t<meta name=\"twitter:label2\" content=\"Est. reading time\" \/>\n\t<meta name=\"twitter:data2\" content=\"1 minute\" \/>\n<script type=\"application\/ld+json\" class=\"yoast-schema-graph\">{\"@context\":\"https:\/\/schema.org\",\"@graph\":[{\"@type\":\"WebPage\",\"@id\":\"https:\/\/www.sotrender.com\/blog\/pl\/2016\/03\/zaangazowani-uzytkownicy-twitter\/\",\"url\":\"https:\/\/www.sotrender.com\/blog\/pl\/2016\/03\/zaangazowani-uzytkownicy-twitter\/\",\"name\":\"Nowo\u015b\u0107 w Sotrenderze!\",\"isPartOf\":{\"@id\":\"https:\/\/www.sotrender.com\/blog\/#website\"},\"primaryImageOfPage\":{\"@id\":\"https:\/\/www.sotrender.com\/blog\/pl\/2016\/03\/zaangazowani-uzytkownicy-twitter\/#primaryimage\"},\"image\":{\"@id\":\"https:\/\/www.sotrender.com\/blog\/pl\/2016\/03\/zaangazowani-uzytkownicy-twitter\/#primaryimage\"},\"thumbnailUrl\":\"https:\/\/www.sotrender.com\/blog\/wp-content\/uploads\/2015\/04\/mac-glasses.jpg\",\"datePublished\":\"2016-03-10T11:47:40+00:00\",\"dateModified\":\"2018-02-22T12:45:04+00:00\",\"author\":{\"@id\":\"https:\/\/www.sotrender.com\/blog\/#\/schema\/person\/48ed6f8ff39863778de8dd32f58467f5\"},\"description\":\"Prezentujemy kolejn\u0105 now\u0105 funkcj\u0119 Sotrendera! Od dzi\u015b mo\u017cecie sprawdzi\u0107 dok\u0142adnie, kto i dlaczego anga\u017cowa\u0142 si\u0119 w Wasz\u0105 komunikacj\u0119 na Twitterze.\",\"breadcrumb\":{\"@id\":\"https:\/\/www.sotrender.com\/blog\/pl\/2016\/03\/zaangazowani-uzytkownicy-twitter\/#breadcrumb\"},\"inLanguage\":\"pl-PL\",\"potentialAction\":[{\"@type\":\"ReadAction\",\"target\":[\"https:\/\/www.sotrender.com\/blog\/pl\/2016\/03\/zaangazowani-uzytkownicy-twitter\/\"]}]},{\"@type\":\"ImageObject\",\"inLanguage\":\"pl-PL\",\"@id\":\"https:\/\/www.sotrender.com\/blog\/pl\/2016\/03\/zaangazowani-uzytkownicy-twitter\/#primaryimage\",\"url\":\"https:\/\/www.sotrender.com\/blog\/wp-content\/uploads\/2015\/04\/mac-glasses.jpg\",\"contentUrl\":\"https:\/\/www.sotrender.com\/blog\/wp-content\/uploads\/2015\/04\/mac-glasses.jpg\",\"width\":1080,\"height\":720},{\"@type\":\"BreadcrumbList\",\"@id\":\"https:\/\/www.sotrender.com\/blog\/pl\/2016\/03\/zaangazowani-uzytkownicy-twitter\/#breadcrumb\",\"itemListElement\":[{\"@type\":\"ListItem\",\"position\":1,\"name\":\"Home\",\"item\":\"https:\/\/www.sotrender.com\/blog\/\"},{\"@type\":\"ListItem\",\"position\":2,\"name\":\"Nowa funkcja w Sotrenderze: analiza zaanga\u017cowanych u\u017cytkownik\u00f3w Twittera\"}]},{\"@type\":\"WebSite\",\"@id\":\"https:\/\/www.sotrender.com\/blog\/#website\",\"url\":\"https:\/\/www.sotrender.com\/blog\/\",\"name\":\"Sotrender Blog\",\"description\":\"\",\"potentialAction\":[{\"@type\":\"SearchAction\",\"target\":{\"@type\":\"EntryPoint\",\"urlTemplate\":\"https:\/\/www.sotrender.com\/blog\/?s={search_term_string}\"},\"query-input\":\"required name=search_term_string\"}],\"inLanguage\":\"pl-PL\"},{\"@type\":\"Person\",\"@id\":\"https:\/\/www.sotrender.com\/blog\/#\/schema\/person\/48ed6f8ff39863778de8dd32f58467f5\",\"name\":\"Micha\u0142 Wieczorek\",\"image\":{\"@type\":\"ImageObject\",\"inLanguage\":\"pl-PL\",\"@id\":\"https:\/\/www.sotrender.com\/blog\/#\/schema\/person\/image\/\",\"url\":\"https:\/\/secure.gravatar.com\/avatar\/65ceb2020aa2338488b9c5f33c10137f?s=96&d=mm&r=g\",\"contentUrl\":\"https:\/\/secure.gravatar.com\/avatar\/65ceb2020aa2338488b9c5f33c10137f?s=96&d=mm&r=g\",\"caption\":\"Micha\u0142 Wieczorek\"},\"description\":\"Baltic linguist, marketer, and music journalist in his free time. A big fan of good food and even better music.\",\"sameAs\":[\"https:\/\/www.linkedin.com\/in\/michaldwieczorek\",\"https:\/\/twitter.com\/http:\/\/twitter.com\/eveningo\"],\"url\":\"https:\/\/www.sotrender.com\/blog\/pl\/author\/micha_wieczorek\/\"}]}<\/script>\n<!-- \/ Yoast SEO plugin. -->","yoast_head_json":{"title":"Nowo\u015b\u0107 w Sotrenderze!","description":"Prezentujemy kolejn\u0105 now\u0105 funkcj\u0119 Sotrendera! Od dzi\u015b mo\u017cecie sprawdzi\u0107 dok\u0142adnie, kto i dlaczego anga\u017cowa\u0142 si\u0119 w Wasz\u0105 komunikacj\u0119 na Twitterze.","robots":{"index":"index","follow":"follow","max-snippet":"max-snippet:-1","max-image-preview":"max-image-preview:large","max-video-preview":"max-video-preview:-1"},"canonical":"https:\/\/www.sotrender.com\/blog\/pl\/2016\/03\/zaangazowani-uzytkownicy-twitter\/","og_locale":"pl_PL","og_type":"article","og_title":"Nowo\u015b\u0107 w Sotrenderze!","og_description":"Prezentujemy kolejn\u0105 now\u0105 funkcj\u0119 Sotrendera! Od dzi\u015b mo\u017cecie sprawdzi\u0107 dok\u0142adnie, kto i dlaczego anga\u017cowa\u0142 si\u0119 w Wasz\u0105 komunikacj\u0119 na Twitterze.","og_url":"https:\/\/www.sotrender.com\/blog\/pl\/2016\/03\/zaangazowani-uzytkownicy-twitter\/","og_site_name":"Sotrender Blog","article_publisher":"https:\/\/www.facebook.com\/Sotrender","article_published_time":"2016-03-10T11:47:40+00:00","article_modified_time":"2018-02-22T12:45:04+00:00","og_image":[{"width":1080,"height":720,"url":"https:\/\/www.sotrender.com\/blog\/wp-content\/uploads\/2015\/04\/mac-glasses.jpg","type":"image\/jpeg"}],"author":"Micha\u0142 Wieczorek","twitter_card":"summary_large_image","twitter_creator":"@http:\/\/twitter.com\/eveningo","twitter_site":"@Sotrender","twitter_misc":{"Written by":"Micha\u0142 Wieczorek","Est. reading time":"1 minute"},"schema":{"@context":"https:\/\/schema.org","@graph":[{"@type":"WebPage","@id":"https:\/\/www.sotrender.com\/blog\/pl\/2016\/03\/zaangazowani-uzytkownicy-twitter\/","url":"https:\/\/www.sotrender.com\/blog\/pl\/2016\/03\/zaangazowani-uzytkownicy-twitter\/","name":"Nowo\u015b\u0107 w Sotrenderze!","isPartOf":{"@id":"https:\/\/www.sotrender.com\/blog\/#website"},"primaryImageOfPage":{"@id":"https:\/\/www.sotrender.com\/blog\/pl\/2016\/03\/zaangazowani-uzytkownicy-twitter\/#primaryimage"},"image":{"@id":"https:\/\/www.sotrender.com\/blog\/pl\/2016\/03\/zaangazowani-uzytkownicy-twitter\/#primaryimage"},"thumbnailUrl":"https:\/\/www.sotrender.com\/blog\/wp-content\/uploads\/2015\/04\/mac-glasses.jpg","datePublished":"2016-03-10T11:47:40+00:00","dateModified":"2018-02-22T12:45:04+00:00","author":{"@id":"https:\/\/www.sotrender.com\/blog\/#\/schema\/person\/48ed6f8ff39863778de8dd32f58467f5"},"description":"Prezentujemy kolejn\u0105 now\u0105 funkcj\u0119 Sotrendera! Od dzi\u015b mo\u017cecie sprawdzi\u0107 dok\u0142adnie, kto i dlaczego anga\u017cowa\u0142 si\u0119 w Wasz\u0105 komunikacj\u0119 na Twitterze.","breadcrumb":{"@id":"https:\/\/www.sotrender.com\/blog\/pl\/2016\/03\/zaangazowani-uzytkownicy-twitter\/#breadcrumb"},"inLanguage":"pl-PL","potentialAction":[{"@type":"ReadAction","target":["https:\/\/www.sotrender.com\/blog\/pl\/2016\/03\/zaangazowani-uzytkownicy-twitter\/"]}]},{"@type":"ImageObject","inLanguage":"pl-PL","@id":"https:\/\/www.sotrender.com\/blog\/pl\/2016\/03\/zaangazowani-uzytkownicy-twitter\/#primaryimage","url":"https:\/\/www.sotrender.com\/blog\/wp-content\/uploads\/2015\/04\/mac-glasses.jpg","contentUrl":"https:\/\/www.sotrender.com\/blog\/wp-content\/uploads\/2015\/04\/mac-glasses.jpg","width":1080,"height":720},{"@type":"BreadcrumbList","@id":"https:\/\/www.sotrender.com\/blog\/pl\/2016\/03\/zaangazowani-uzytkownicy-twitter\/#breadcrumb","itemListElement":[{"@type":"ListItem","position":1,"name":"Home","item":"https:\/\/www.sotrender.com\/blog\/"},{"@type":"ListItem","position":2,"name":"Nowa funkcja w Sotrenderze: analiza zaanga\u017cowanych u\u017cytkownik\u00f3w Twittera"}]},{"@type":"WebSite","@id":"https:\/\/www.sotrender.com\/blog\/#website","url":"https:\/\/www.sotrender.com\/blog\/","name":"Sotrender Blog","description":"","potentialAction":[{"@type":"SearchAction","target":{"@type":"EntryPoint","urlTemplate":"https:\/\/www.sotrender.com\/blog\/?s={search_term_string}"},"query-input":"required name=search_term_string"}],"inLanguage":"pl-PL"},{"@type":"Person","@id":"https:\/\/www.sotrender.com\/blog\/#\/schema\/person\/48ed6f8ff39863778de8dd32f58467f5","name":"Micha\u0142 Wieczorek","image":{"@type":"ImageObject","inLanguage":"pl-PL","@id":"https:\/\/www.sotrender.com\/blog\/#\/schema\/person\/image\/","url":"https:\/\/secure.gravatar.com\/avatar\/65ceb2020aa2338488b9c5f33c10137f?s=96&d=mm&r=g","contentUrl":"https:\/\/secure.gravatar.com\/avatar\/65ceb2020aa2338488b9c5f33c10137f?s=96&d=mm&r=g","caption":"Micha\u0142 Wieczorek"},"description":"Baltic linguist, marketer, and music journalist in his free time. A big fan of good food and even better music.","sameAs":["https:\/\/www.linkedin.com\/in\/michaldwieczorek","https:\/\/twitter.com\/http:\/\/twitter.com\/eveningo"],"url":"https:\/\/www.sotrender.com\/blog\/pl\/author\/micha_wieczorek\/"}]}},"_links":{"self":[{"href":"https:\/\/www.sotrender.com\/blog\/pl\/wp-json\/wp\/v2\/posts\/21667"}],"collection":[{"href":"https:\/\/www.sotrender.com\/blog\/pl\/wp-json\/wp\/v2\/posts"}],"about":[{"href":"https:\/\/www.sotrender.com\/blog\/pl\/wp-json\/wp\/v2\/types\/post"}],"author":[{"embeddable":true,"href":"https:\/\/www.sotrender.com\/blog\/pl\/wp-json\/wp\/v2\/users\/49"}],"replies":[{"embeddable":true,"href":"https:\/\/www.sotrender.com\/blog\/pl\/wp-json\/wp\/v2\/comments?post=21667"}],"version-history":[{"count":4,"href":"https:\/\/www.sotrender.com\/blog\/pl\/wp-json\/wp\/v2\/posts\/21667\/revisions"}],"predecessor-version":[{"id":33375,"href":"https:\/\/www.sotrender.com\/blog\/pl\/wp-json\/wp\/v2\/posts\/21667\/revisions\/33375"}],"wp:featuredmedia":[{"embeddable":true,"href":"https:\/\/www.sotrender.com\/blog\/pl\/wp-json\/wp\/v2\/media\/17597"}],"wp:attachment":[{"href":"https:\/\/www.sotrender.com\/blog\/pl\/wp-json\/wp\/v2\/media?parent=21667"}],"wp:term":[{"taxonomy":"category","embeddable":true,"href":"https:\/\/www.sotrender.com\/blog\/pl\/wp-json\/wp\/v2\/categories?post=21667"},{"taxonomy":"post_tag","embeddable":true,"href":"https:\/\/www.sotrender.com\/blog\/pl\/wp-json\/wp\/v2\/tags?post=21667"}],"curies":[{"name":"wp","href":"https:\/\/api.w.org\/{rel}","templated":true}]}}