{"id":21637,"date":"2016-03-09T10:13:28","date_gmt":"2016-03-09T09:13:28","guid":{"rendered":"http:\/\/blog.sotrender.com\/?p=21637"},"modified":"2016-03-09T11:19:46","modified_gmt":"2016-03-09T10:19:46","slug":"fanpage-trends-luty-2016","status":"publish","type":"post","link":"https:\/\/www.sotrender.com\/blog\/pl\/2016\/03\/fanpage-trends-luty-2016\/","title":{"rendered":"Fanpage Trends luty 2016 &#8211; Walentynki i ferie zimowe na Facebooku"},"content":{"rendered":"<p style=\"text-align: justify;\">Ferie zimowe najwidoczniej odci\u0105gn\u0119\u0142y administrator\u00f3w stron od Facebooka. W ubieg\u0142ym miesi\u0105cu na polskim Facebooku pojawi\u0142o si\u0119 o 2% mniej post\u00f3w stron ni\u017c w styczniu,  a publikowane tre\u015bci anga\u017cowa\u0142y \u015brednio o 10% mniej u\u017cytkownik\u00f3w. Nie znaczy to jednak,  \u017ce \u017cycie w social media w lutym zamar\u0142o. Najpopularniejszym hashtagiem lutego by\u0142 oczywi\u015bcie #walentynki. Co ciekawego jeszcze dzia\u0142o si\u0119 na Facebooku w poprzednim miesi\u0105cu? Zapraszamy do lektury <a title=\"Kliknij,  aby przeczyta\u0107 raport\" href=\"http:\/\/www.sotrender.pl\/trends\/facebook\/reports\/201602\" target=\"_blank\">najnowszego wydania raportu Fanpage Trends<\/a> przygotowanego przez <a title=\"Kliknij,  aby dowiedzie\u0107 si\u0119 wi\u0119cej\" href=\"http:\/\/sotrender.pl\" target=\"_blank\">Sotrender<\/a>!<!--more--><\/p>\n<h2>Nowy lider w Fanpage Trends<\/h2>\n<div id=\"attachment_21641\" style=\"width: 1072px\" class=\"wp-caption aligncenter\"><a href=\"https:\/\/www.sotrender.com\/blog\/wp-content\/uploads\/2016\/03\/Najwi\u0119ksze-strony-na-polskim-Facebooku-Fanpage-Trends-luty-216.png\"><img loading=\"lazy\" decoding=\"async\" aria-describedby=\"caption-attachment-21641\" class=\"size-full wp-image-21641\" src=\"https:\/\/www.sotrender.com\/blog\/wp-content\/uploads\/2016\/03\/Najwi\u0119ksze-strony-na-polskim-Facebooku-Fanpage-Trends-luty-216.png\" alt=\"Najwi\u0119ksze strony na polskim Facebooku - Fanpage Trends luty 216\" width=\"1062\" height=\"907\" srcset=\"https:\/\/www.sotrender.com\/blog\/wp-content\/uploads\/2016\/03\/Najwi\u0119ksze-strony-na-polskim-Facebooku-Fanpage-Trends-luty-216.png 1062w, https:\/\/www.sotrender.com\/blog\/wp-content\/uploads\/2016\/03\/Najwi\u0119ksze-strony-na-polskim-Facebooku-Fanpage-Trends-luty-216-475x406.png 475w, https:\/\/www.sotrender.com\/blog\/wp-content\/uploads\/2016\/03\/Najwi\u0119ksze-strony-na-polskim-Facebooku-Fanpage-Trends-luty-216-768x656.png 768w, https:\/\/www.sotrender.com\/blog\/wp-content\/uploads\/2016\/03\/Najwi\u0119ksze-strony-na-polskim-Facebooku-Fanpage-Trends-luty-216-950x811.png 950w\" sizes=\"(max-width: 1062px) 100vw, 1062px\" \/><\/a><p id=\"caption-attachment-21641\" class=\"wp-caption-text\">Najwi\u0119ksze strony na polskim Facebooku &#8211; Fanpage Trends luty 2016<\/p><\/div>\n<p style=\"text-align: justify;\">Mamy now\u0105 najwi\u0119ksz\u0105 polsk\u0105 stron\u0119 na Facebooku! Nowym liderem zosta\u0142a strona Play,  operatora kom\u00f3rkowego,  kt\u00f3ra o 9 tys. fan\u00f3w wyprzedzi\u0142a w lutym stron\u0119 Serce i Rozum. Najwi\u0119ksze zaanga\u017cowanie fan\u00f3w wywo\u0142a\u0142y posty Ewy Chodakowskiej,  Wiedzy bezu\u017cytecznej i Martyny Wojciechowskiej. Natomiast najwi\u0119cej polubie\u0144 otrzyma\u0142y tre\u015bci opublikowane przez stron\u0119 youbera gamingowego StuuGames.<\/p>\n<h2>Walentynkowe \u0107wiczenia<\/h2>\n<div id=\"attachment_21639\" style=\"width: 1077px\" class=\"wp-caption aligncenter\"><a href=\"https:\/\/www.sotrender.com\/blog\/wp-content\/uploads\/2016\/03\/najbardziej-interaktywne-strony-na-Facebooku-Fanpage-Trends-luty-2016.png\"><img loading=\"lazy\" decoding=\"async\" aria-describedby=\"caption-attachment-21639\" class=\"size-full wp-image-21639\" src=\"https:\/\/www.sotrender.com\/blog\/wp-content\/uploads\/2016\/03\/najbardziej-interaktywne-strony-na-Facebooku-Fanpage-Trends-luty-2016.png\" alt=\"Najvbardziej interaktywne sotrny na polskim Facebooku - Fanpage Trends luty 2016\" width=\"1067\" height=\"941\" srcset=\"https:\/\/www.sotrender.com\/blog\/wp-content\/uploads\/2016\/03\/najbardziej-interaktywne-strony-na-Facebooku-Fanpage-Trends-luty-2016.png 1067w, https:\/\/www.sotrender.com\/blog\/wp-content\/uploads\/2016\/03\/najbardziej-interaktywne-strony-na-Facebooku-Fanpage-Trends-luty-2016-475x419.png 475w, https:\/\/www.sotrender.com\/blog\/wp-content\/uploads\/2016\/03\/najbardziej-interaktywne-strony-na-Facebooku-Fanpage-Trends-luty-2016-768x677.png 768w, https:\/\/www.sotrender.com\/blog\/wp-content\/uploads\/2016\/03\/najbardziej-interaktywne-strony-na-Facebooku-Fanpage-Trends-luty-2016-950x838.png 950w\" sizes=\"(max-width: 1067px) 100vw, 1067px\" \/><\/a><p id=\"caption-attachment-21639\" class=\"wp-caption-text\">Najvbardziej interaktywne sotrny na polskim Facebooku &#8211; Fanpage Trends luty 2016<\/p><\/div>\n<p style=\"text-align: justify;\">Fit.pl po raz kolejny opublikowa\u0142 najpopularniejszy post miesi\u0105ca i co ciekawe by\u0142 to jedyny post w zestawieniu odnosz\u0105cy si\u0119 do Walentynek. Dzi\u0119ki temu super strona Fit.pl zanotowa\u0142a du\u017ce wzrosty w rankingach stron polskoj\u0119zycznych. W rankingu zaanga\u017cowania profil znalaz\u0142 si\u0119 na 11. miejscu (awans o 11 miejsc),  a w zestawieniu pod wzgl\u0119dem interaktywno\u015bci na najni\u017cszym stopniu podium,  awansuj\u0105c o 7 miejsc.<\/p>\n<p style=\"text-align: justify;\"><div class=\"shortcode trial\"><h4><span>Mierz dzia\u0142ania na na Facebooku w Sotrenderze!<\/span><a title=\"Wypr\u00f3buj za darmo!\" class=\"btn\" href=\"https:\/\/app.sotrender.com\/auth\/signup\/trial\/pl?utm_source=blog-cta-legacy\">Wypr\u00f3buj za darmo!<\/a><\/h4><\/div><strong><strong>\u00a0<\/strong><\/strong><\/p>\n<h2>Reakcje na reakcje<\/h2>\n<p><a href=\"https:\/\/www.sotrender.com\/blog\/wp-content\/uploads\/2016\/02\/reakcje.gif\"><img loading=\"lazy\" decoding=\"async\" class=\"aligncenter size-full wp-image-21423\" src=\"https:\/\/www.sotrender.com\/blog\/wp-content\/uploads\/2016\/02\/reakcje.gif\" alt=\"reakcje\" width=\"367\" height=\"59\" \/><\/a><\/p>\n<p style=\"text-align: justify;\"><span style=\"font-weight: 400;\">Przez siedem d\u0142ugich lat u\u017cytkownicy Facebooka mogli jedynie darzy\u0107 si\u0119 sympati\u0105,  wreszcie mo\u017cemy da\u0107 odpocz\u0105\u0107 naszym wirtualnym kciukom. Wprowadzone globalnie <\/span><b>Facebook Reactions<\/b><span style=\"font-weight: 400;\"> to sze\u015b\u0107 graficznych komunikat\u00f3w stanowi\u0105cych uproszczone odzwierciedlenie emocji. <\/span><a href=\"https:\/\/www.sotrender.com\/blog\/pl\/2016\/02\/reakcje-na-facebook-reactions\/\"><span style=\"font-weight: 400;\">Sprawdzili\u015bmy,  co zmienia si\u0119 z perspektywy u\u017cytkownika Facebooka,  a co z perspektywy marek buduj\u0105cych tu swoj\u0105 strategi\u0119.<\/span><\/a><\/p>\n<h2>Jak polskie media wykorzystuj\u0105 wideo na Facebooku<\/h2>\n<div id=\"attachment_21371\" style=\"width: 1410px\" class=\"wp-caption aligncenter\"><a href=\"https:\/\/www.sotrender.com\/blog\/wp-content\/uploads\/2016\/02\/typy_postow1.png\"><img loading=\"lazy\" decoding=\"async\" aria-describedby=\"caption-attachment-21371\" class=\"size-full wp-image-21371\" src=\"https:\/\/www.sotrender.com\/blog\/wp-content\/uploads\/2016\/02\/typy_postow1.png\" alt=\"Typy post\u00f3w u\u017cywane przez polskie media i portale internetowe na Facebooku - raport jak polskie media korzystaj\u0105 z wideo na Facebooku\" width=\"1400\" height=\"1000\" srcset=\"https:\/\/www.sotrender.com\/blog\/wp-content\/uploads\/2016\/02\/typy_postow1.png 1400w, https:\/\/www.sotrender.com\/blog\/wp-content\/uploads\/2016\/02\/typy_postow1-475x339.png 475w, https:\/\/www.sotrender.com\/blog\/wp-content\/uploads\/2016\/02\/typy_postow1-768x549.png 768w, https:\/\/www.sotrender.com\/blog\/wp-content\/uploads\/2016\/02\/typy_postow1-950x679.png 950w, https:\/\/www.sotrender.com\/blog\/wp-content\/uploads\/2016\/02\/typy_postow1-600x429.png 600w\" sizes=\"(max-width: 1400px) 100vw, 1400px\" \/><\/a><p id=\"caption-attachment-21371\" class=\"wp-caption-text\">Typy post\u00f3w u\u017cywane przez polskie media i portale internetowe na Facebooku<\/p><\/div>\n<p style=\"text-align: justify;\"><span style=\"font-weight: 400;\">Nie od dzi\u015b wiadomo,  \u017ce tre\u015bci wideo staj\u0105 si\u0119 coraz popularniejszym sposobem komunikacji w mediach spo\u0142eczno\u015bciowych. Ten rodzaj tre\u015bci wzbudza najwi\u0119ksze zaanga\u017cowanie u\u017cytkownik\u00f3w i najsilniej przyci\u0105ga ich uwag\u0119. W Sotrenderze postanowili\u015bmy sprawdzi\u0107,  <\/span><a href=\"https:\/\/www.sotrender.com\/blog\/pl\/2016\/02\/media-a-wideo-na-facebooku-raport\/\"><span style=\"font-weight: 400;\">jak z mo\u017cliwo\u015bci komunikacji wideo w internecie korzystaj\u0105 polskie media.<\/span><\/a><\/p>\n<h2 style=\"text-align: center;\"><a title=\"Kliknij,  aby przej\u015b\u0107 do raportu\" href=\"http:\/\/www.sotrender.pl\/trends\/facebook\/reports\/201602\" target=\"_blank\">Zapraszamy do lektury najnowszego raportu Fanpage Trends!<\/a><\/h2>\n<p>&nbsp;<\/p>\n","protected":false},"excerpt":{"rendered":"<p>Ferie zimowe najwidoczniej odci\u0105gn\u0119\u0142y administrator\u00f3w stron od Facebooka. W ubieg\u0142ym miesi\u0105cu na polskim Facebooku pojawi\u0142o si\u0119 o 2% mniej post\u00f3w stron ni\u017c w styczniu, a publikowane tre\u015bci anga\u017cowa\u0142y \u015brednio o 10% mniej u\u017cytkownik\u00f3w. Nie znaczy to jednak, \u017ce \u017cycie w social media w lutym zamar\u0142o. Najpopularniejszym hashtagiem lutego by\u0142 oczywi\u015bcie #walentynki. Co ciekawego jeszcze dzia\u0142o [&hellip;]<\/p>\n","protected":false},"author":49,"featured_media":18445,"comment_status":"open","ping_status":"open","sticky":false,"template":"","format":"standard","meta":{"inline_featured_image":false,"footnotes":""},"categories":[1797,1791],"tags":[31,519,1943,1945,1947,1949,25],"yoast_head":"<!-- This site is optimized with the Yoast SEO plugin v22.4 - https:\/\/yoast.com\/wordpress\/plugins\/seo\/ -->\n<title>Fanpage Trends luty 2016<\/title>\n<meta name=\"description\" content=\"Najwa\u017cniejsze wydarzenia na Facebooku w lutym 2016. Zapraszamy do lektury raportu Fanpage Trends!\" \/>\n<meta name=\"robots\" content=\"index, follow, max-snippet:-1, max-image-preview:large, max-video-preview:-1\" \/>\n<link rel=\"canonical\" href=\"https:\/\/www.sotrender.com\/blog\/pl\/2016\/03\/fanpage-trends-luty-2016\/\" \/>\n<meta property=\"og:locale\" content=\"pl_PL\" \/>\n<meta property=\"og:type\" content=\"article\" \/>\n<meta property=\"og:title\" content=\"Fanpage Trends luty 2016\" \/>\n<meta property=\"og:description\" content=\"Najwa\u017cniejsze wydarzenia na Facebooku w lutym 2016. Zapraszamy do lektury raportu Fanpage Trends!\" \/>\n<meta property=\"og:url\" content=\"https:\/\/www.sotrender.com\/blog\/pl\/2016\/03\/fanpage-trends-luty-2016\/\" \/>\n<meta property=\"og:site_name\" content=\"Sotrender Blog\" \/>\n<meta property=\"article:publisher\" content=\"https:\/\/www.facebook.com\/Sotrender\" \/>\n<meta property=\"article:published_time\" content=\"2016-03-09T09:13:28+00:00\" \/>\n<meta property=\"article:modified_time\" content=\"2016-03-09T10:19:46+00:00\" \/>\n<meta property=\"og:image\" content=\"https:\/\/www.sotrender.com\/blog\/wp-content\/uploads\/2015\/06\/fanpage-trends-featyred.jpg\" \/>\n\t<meta property=\"og:image:width\" content=\"1600\" \/>\n\t<meta property=\"og:image:height\" content=\"700\" \/>\n\t<meta property=\"og:image:type\" content=\"image\/jpeg\" \/>\n<meta name=\"author\" content=\"Micha\u0142 Wieczorek\" \/>\n<meta name=\"twitter:card\" content=\"summary_large_image\" \/>\n<meta name=\"twitter:creator\" content=\"@http:\/\/twitter.com\/eveningo\" \/>\n<meta name=\"twitter:site\" content=\"@Sotrender\" \/>\n<meta name=\"twitter:label1\" content=\"Written by\" \/>\n\t<meta name=\"twitter:data1\" content=\"Micha\u0142 Wieczorek\" \/>\n\t<meta name=\"twitter:label2\" content=\"Est. reading time\" \/>\n\t<meta name=\"twitter:data2\" content=\"2 minutes\" \/>\n<script type=\"application\/ld+json\" class=\"yoast-schema-graph\">{\"@context\":\"https:\/\/schema.org\",\"@graph\":[{\"@type\":\"WebPage\",\"@id\":\"https:\/\/www.sotrender.com\/blog\/pl\/2016\/03\/fanpage-trends-luty-2016\/\",\"url\":\"https:\/\/www.sotrender.com\/blog\/pl\/2016\/03\/fanpage-trends-luty-2016\/\",\"name\":\"Fanpage Trends luty 2016\",\"isPartOf\":{\"@id\":\"https:\/\/www.sotrender.com\/blog\/#website\"},\"primaryImageOfPage\":{\"@id\":\"https:\/\/www.sotrender.com\/blog\/pl\/2016\/03\/fanpage-trends-luty-2016\/#primaryimage\"},\"image\":{\"@id\":\"https:\/\/www.sotrender.com\/blog\/pl\/2016\/03\/fanpage-trends-luty-2016\/#primaryimage\"},\"thumbnailUrl\":\"https:\/\/www.sotrender.com\/blog\/wp-content\/uploads\/2015\/06\/fanpage-trends-featyred.jpg\",\"datePublished\":\"2016-03-09T09:13:28+00:00\",\"dateModified\":\"2016-03-09T10:19:46+00:00\",\"author\":{\"@id\":\"https:\/\/www.sotrender.com\/blog\/#\/schema\/person\/48ed6f8ff39863778de8dd32f58467f5\"},\"description\":\"Najwa\u017cniejsze wydarzenia na Facebooku w lutym 2016. Zapraszamy do lektury raportu Fanpage Trends!\",\"breadcrumb\":{\"@id\":\"https:\/\/www.sotrender.com\/blog\/pl\/2016\/03\/fanpage-trends-luty-2016\/#breadcrumb\"},\"inLanguage\":\"pl-PL\",\"potentialAction\":[{\"@type\":\"ReadAction\",\"target\":[\"https:\/\/www.sotrender.com\/blog\/pl\/2016\/03\/fanpage-trends-luty-2016\/\"]}]},{\"@type\":\"ImageObject\",\"inLanguage\":\"pl-PL\",\"@id\":\"https:\/\/www.sotrender.com\/blog\/pl\/2016\/03\/fanpage-trends-luty-2016\/#primaryimage\",\"url\":\"https:\/\/www.sotrender.com\/blog\/wp-content\/uploads\/2015\/06\/fanpage-trends-featyred.jpg\",\"contentUrl\":\"https:\/\/www.sotrender.com\/blog\/wp-content\/uploads\/2015\/06\/fanpage-trends-featyred.jpg\",\"width\":1600,\"height\":700},{\"@type\":\"BreadcrumbList\",\"@id\":\"https:\/\/www.sotrender.com\/blog\/pl\/2016\/03\/fanpage-trends-luty-2016\/#breadcrumb\",\"itemListElement\":[{\"@type\":\"ListItem\",\"position\":1,\"name\":\"Home\",\"item\":\"https:\/\/www.sotrender.com\/blog\/\"},{\"@type\":\"ListItem\",\"position\":2,\"name\":\"Fanpage Trends luty 2016 &#8211; Walentynki i ferie zimowe na Facebooku\"}]},{\"@type\":\"WebSite\",\"@id\":\"https:\/\/www.sotrender.com\/blog\/#website\",\"url\":\"https:\/\/www.sotrender.com\/blog\/\",\"name\":\"Sotrender Blog\",\"description\":\"\",\"potentialAction\":[{\"@type\":\"SearchAction\",\"target\":{\"@type\":\"EntryPoint\",\"urlTemplate\":\"https:\/\/www.sotrender.com\/blog\/?s={search_term_string}\"},\"query-input\":\"required name=search_term_string\"}],\"inLanguage\":\"pl-PL\"},{\"@type\":\"Person\",\"@id\":\"https:\/\/www.sotrender.com\/blog\/#\/schema\/person\/48ed6f8ff39863778de8dd32f58467f5\",\"name\":\"Micha\u0142 Wieczorek\",\"image\":{\"@type\":\"ImageObject\",\"inLanguage\":\"pl-PL\",\"@id\":\"https:\/\/www.sotrender.com\/blog\/#\/schema\/person\/image\/\",\"url\":\"https:\/\/secure.gravatar.com\/avatar\/65ceb2020aa2338488b9c5f33c10137f?s=96&d=mm&r=g\",\"contentUrl\":\"https:\/\/secure.gravatar.com\/avatar\/65ceb2020aa2338488b9c5f33c10137f?s=96&d=mm&r=g\",\"caption\":\"Micha\u0142 Wieczorek\"},\"description\":\"Baltic linguist, marketer, and music journalist in his free time. A big fan of good food and even better music.\",\"sameAs\":[\"https:\/\/www.linkedin.com\/in\/michaldwieczorek\",\"https:\/\/twitter.com\/http:\/\/twitter.com\/eveningo\"],\"url\":\"https:\/\/www.sotrender.com\/blog\/pl\/author\/micha_wieczorek\/\"}]}<\/script>\n<!-- \/ Yoast SEO plugin. -->","yoast_head_json":{"title":"Fanpage Trends luty 2016","description":"Najwa\u017cniejsze wydarzenia na Facebooku w lutym 2016. Zapraszamy do lektury raportu Fanpage Trends!","robots":{"index":"index","follow":"follow","max-snippet":"max-snippet:-1","max-image-preview":"max-image-preview:large","max-video-preview":"max-video-preview:-1"},"canonical":"https:\/\/www.sotrender.com\/blog\/pl\/2016\/03\/fanpage-trends-luty-2016\/","og_locale":"pl_PL","og_type":"article","og_title":"Fanpage Trends luty 2016","og_description":"Najwa\u017cniejsze wydarzenia na Facebooku w lutym 2016. Zapraszamy do lektury raportu Fanpage Trends!","og_url":"https:\/\/www.sotrender.com\/blog\/pl\/2016\/03\/fanpage-trends-luty-2016\/","og_site_name":"Sotrender Blog","article_publisher":"https:\/\/www.facebook.com\/Sotrender","article_published_time":"2016-03-09T09:13:28+00:00","article_modified_time":"2016-03-09T10:19:46+00:00","og_image":[{"width":1600,"height":700,"url":"https:\/\/www.sotrender.com\/blog\/wp-content\/uploads\/2015\/06\/fanpage-trends-featyred.jpg","type":"image\/jpeg"}],"author":"Micha\u0142 Wieczorek","twitter_card":"summary_large_image","twitter_creator":"@http:\/\/twitter.com\/eveningo","twitter_site":"@Sotrender","twitter_misc":{"Written by":"Micha\u0142 Wieczorek","Est. reading time":"2 minutes"},"schema":{"@context":"https:\/\/schema.org","@graph":[{"@type":"WebPage","@id":"https:\/\/www.sotrender.com\/blog\/pl\/2016\/03\/fanpage-trends-luty-2016\/","url":"https:\/\/www.sotrender.com\/blog\/pl\/2016\/03\/fanpage-trends-luty-2016\/","name":"Fanpage Trends luty 2016","isPartOf":{"@id":"https:\/\/www.sotrender.com\/blog\/#website"},"primaryImageOfPage":{"@id":"https:\/\/www.sotrender.com\/blog\/pl\/2016\/03\/fanpage-trends-luty-2016\/#primaryimage"},"image":{"@id":"https:\/\/www.sotrender.com\/blog\/pl\/2016\/03\/fanpage-trends-luty-2016\/#primaryimage"},"thumbnailUrl":"https:\/\/www.sotrender.com\/blog\/wp-content\/uploads\/2015\/06\/fanpage-trends-featyred.jpg","datePublished":"2016-03-09T09:13:28+00:00","dateModified":"2016-03-09T10:19:46+00:00","author":{"@id":"https:\/\/www.sotrender.com\/blog\/#\/schema\/person\/48ed6f8ff39863778de8dd32f58467f5"},"description":"Najwa\u017cniejsze wydarzenia na Facebooku w lutym 2016. Zapraszamy do lektury raportu Fanpage Trends!","breadcrumb":{"@id":"https:\/\/www.sotrender.com\/blog\/pl\/2016\/03\/fanpage-trends-luty-2016\/#breadcrumb"},"inLanguage":"pl-PL","potentialAction":[{"@type":"ReadAction","target":["https:\/\/www.sotrender.com\/blog\/pl\/2016\/03\/fanpage-trends-luty-2016\/"]}]},{"@type":"ImageObject","inLanguage":"pl-PL","@id":"https:\/\/www.sotrender.com\/blog\/pl\/2016\/03\/fanpage-trends-luty-2016\/#primaryimage","url":"https:\/\/www.sotrender.com\/blog\/wp-content\/uploads\/2015\/06\/fanpage-trends-featyred.jpg","contentUrl":"https:\/\/www.sotrender.com\/blog\/wp-content\/uploads\/2015\/06\/fanpage-trends-featyred.jpg","width":1600,"height":700},{"@type":"BreadcrumbList","@id":"https:\/\/www.sotrender.com\/blog\/pl\/2016\/03\/fanpage-trends-luty-2016\/#breadcrumb","itemListElement":[{"@type":"ListItem","position":1,"name":"Home","item":"https:\/\/www.sotrender.com\/blog\/"},{"@type":"ListItem","position":2,"name":"Fanpage Trends luty 2016 &#8211; Walentynki i ferie zimowe na Facebooku"}]},{"@type":"WebSite","@id":"https:\/\/www.sotrender.com\/blog\/#website","url":"https:\/\/www.sotrender.com\/blog\/","name":"Sotrender Blog","description":"","potentialAction":[{"@type":"SearchAction","target":{"@type":"EntryPoint","urlTemplate":"https:\/\/www.sotrender.com\/blog\/?s={search_term_string}"},"query-input":"required name=search_term_string"}],"inLanguage":"pl-PL"},{"@type":"Person","@id":"https:\/\/www.sotrender.com\/blog\/#\/schema\/person\/48ed6f8ff39863778de8dd32f58467f5","name":"Micha\u0142 Wieczorek","image":{"@type":"ImageObject","inLanguage":"pl-PL","@id":"https:\/\/www.sotrender.com\/blog\/#\/schema\/person\/image\/","url":"https:\/\/secure.gravatar.com\/avatar\/65ceb2020aa2338488b9c5f33c10137f?s=96&d=mm&r=g","contentUrl":"https:\/\/secure.gravatar.com\/avatar\/65ceb2020aa2338488b9c5f33c10137f?s=96&d=mm&r=g","caption":"Micha\u0142 Wieczorek"},"description":"Baltic linguist, marketer, and music journalist in his free time. A big fan of good food and even better music.","sameAs":["https:\/\/www.linkedin.com\/in\/michaldwieczorek","https:\/\/twitter.com\/http:\/\/twitter.com\/eveningo"],"url":"https:\/\/www.sotrender.com\/blog\/pl\/author\/micha_wieczorek\/"}]}},"_links":{"self":[{"href":"https:\/\/www.sotrender.com\/blog\/pl\/wp-json\/wp\/v2\/posts\/21637"}],"collection":[{"href":"https:\/\/www.sotrender.com\/blog\/pl\/wp-json\/wp\/v2\/posts"}],"about":[{"href":"https:\/\/www.sotrender.com\/blog\/pl\/wp-json\/wp\/v2\/types\/post"}],"author":[{"embeddable":true,"href":"https:\/\/www.sotrender.com\/blog\/pl\/wp-json\/wp\/v2\/users\/49"}],"replies":[{"embeddable":true,"href":"https:\/\/www.sotrender.com\/blog\/pl\/wp-json\/wp\/v2\/comments?post=21637"}],"version-history":[{"count":5,"href":"https:\/\/www.sotrender.com\/blog\/pl\/wp-json\/wp\/v2\/posts\/21637\/revisions"}],"predecessor-version":[{"id":21651,"href":"https:\/\/www.sotrender.com\/blog\/pl\/wp-json\/wp\/v2\/posts\/21637\/revisions\/21651"}],"wp:featuredmedia":[{"embeddable":true,"href":"https:\/\/www.sotrender.com\/blog\/pl\/wp-json\/wp\/v2\/media\/18445"}],"wp:attachment":[{"href":"https:\/\/www.sotrender.com\/blog\/pl\/wp-json\/wp\/v2\/media?parent=21637"}],"wp:term":[{"taxonomy":"category","embeddable":true,"href":"https:\/\/www.sotrender.com\/blog\/pl\/wp-json\/wp\/v2\/categories?post=21637"},{"taxonomy":"post_tag","embeddable":true,"href":"https:\/\/www.sotrender.com\/blog\/pl\/wp-json\/wp\/v2\/tags?post=21637"}],"curies":[{"name":"wp","href":"https:\/\/api.w.org\/{rel}","templated":true}]}}