{"id":21531,"date":"2016-03-02T15:19:48","date_gmt":"2016-03-02T14:19:48","guid":{"rendered":"http:\/\/blog.sotrender.com\/?p=21531"},"modified":"2016-03-02T15:19:48","modified_gmt":"2016-03-02T14:19:48","slug":"fan-kocha-lubi-szanuje-ale-nie-tylko-nas","status":"publish","type":"post","link":"https:\/\/www.sotrender.com\/blog\/pl\/2016\/03\/fan-kocha-lubi-szanuje-ale-nie-tylko-nas\/","title":{"rendered":"Fan kocha,  lubi,  szanuje. Ale nie tylko nas."},"content":{"rendered":"<p style=\"text-align: justify;\">W zesz\u0142ym tygodniu bran\u017c\u0119 medi\u00f3w spo\u0142eczno\u015bciowych <strong>zdominowa\u0142y dyskusje o pojawieniu si\u0119 Facebook Reactions<\/strong>. Poza zalewem mniej lub bardziej wyrafinowanych przer\u00f3bek nast\u0119pc\u00f3w &#8220;lajka&#8221;,  pojawi\u0142y si\u0119 te\u017c dywagacje,  jak Reakcje wp\u0142yn\u0105 na Facebookowy marketing. Poniewa\u017c,  <a href=\"https:\/\/www.sotrender.com\/blog\/pl\/2016\/02\/reakcje-na-facebook-reactions\/\" target=\"_blank\">o czym pisali\u015bmy w zesz\u0142ym tygodniu<\/a>,  Facebook Reactions nie maj\u0105 p\u00f3ki co wygodnie mierzalnego prze\u0142o\u017cenia,  postanowili\u015bmy przypomnie\u0107\u00a0Wam inny spos\u00f3b badania zachowa\u0144 konsumenckich,  kt\u00f3ry odgrywa coraz wi\u0119ksz\u0105 rol\u0119 przy budowaniu strategii.<\/p>\n<p style=\"text-align: justify;\"><!--more--><\/p>\n<h3 style=\"text-align: justify;\">Analizy social media to nie sekcja zw\u0142ok.<\/h3>\n<p style=\"text-align: justify;\">My\u015bl\u0105c o tym,  jak wiele o zachowaniach konsument\u00f3w wiemy dzi\u0119ki Facebookowi,  cz\u0119sto zapominamy,  \u017ce to akcja wywo\u0142uje reakcj\u0119. Media spo\u0142eczno\u015bciowe daj\u0105 pole do popisu naszej kreatywno\u015bci je\u015bli chodzi o content marketing i daj\u0105 szerokie mo\u017cliwo\u015bci dotarcia do wybranych grup docelowych,  ale ta swoboda przek\u0142ada si\u0119 r\u00f3wnie\u017c na to,  \u017ce \u017ale obrane strategie nie przynios\u0105 nam oczekiwanych korzy\u015bci. Dlatego te\u017c <strong>poddaj\u0105c analizie wyniki naszych dzia\u0142a\u0144 social media marketingowych\u00a0musimy to traktowa\u0107 jak operacj\u0119 na \u017cywym organizmie,  a nie jak sekcj\u0119 zw\u0142ok<\/strong>.<\/p>\n<p style=\"text-align: justify;\">Media spo\u0142eczno\u015bciowe to w\u0142a\u015bnie taki \u017cywy organizm,  kt\u00f3ry reaguje na nasze bod\u017ace i ewoluuje na przestrzeni lat. My spojrzeli\u015bmy na to przez pryzmat naszych comiesi\u0119cznych raport\u00f3w<a href=\"https:\/\/www.sotrender.com\/blog\/pl\/category\/raporty\/\" target=\"_blank\"> Fanpage Trends<\/a>.<\/p>\n<p style=\"text-align: justify;\"><a href=\"https:\/\/www.sotrender.com\/blog\/wp-content\/uploads\/2016\/03\/Zrzut-ekranu-2016-03-02-o-13.38.54.png\"><img loading=\"lazy\" decoding=\"async\" class=\" size-medium wp-image-21545 alignleft\" src=\"https:\/\/www.sotrender.com\/blog\/wp-content\/uploads\/2016\/03\/Zrzut-ekranu-2016-03-02-o-13.38.54-300x285.png\" alt=\"FanpageTrends052013\" width=\"300\" height=\"285\" \/><\/a><a href=\"https:\/\/www.sotrender.com\/blog\/wp-content\/uploads\/2016\/03\/Zrzut-ekranu-2016-03-02-o-13.39.131.png\"><img loading=\"lazy\" decoding=\"async\" class=\" size-medium wp-image-21543 alignright\" src=\"https:\/\/www.sotrender.com\/blog\/wp-content\/uploads\/2016\/03\/Zrzut-ekranu-2016-03-02-o-13.39.131-300x266.png\" alt=\"FanpageTrends102015\" width=\"300\" height=\"266\" \/><\/a><\/p>\n<p style=\"text-align: justify;\">Por\u00f3wnuj\u0105c najbardziej anga\u017cuj\u0105ce strony z roku 2013 do tych z ko\u0144ca roku 2015 widzimy,  \u017ce <strong>w zestawieniu wzros\u0142a rola\u00a0marek i influencer\u00f3w,  do lamusa odesz\u0142a z kolei wi\u0119kszo\u015b\u0107 stron\u00a0dostarczaj\u0105cych tre\u015bci o charakterze ma\u0142o wymagaj\u0105cej rozrywki<\/strong>. A poniewa\u017c <em>vox populi &#8211; vox Dei<\/em>,  sp\u00f3jrzmy jak wp\u0142yn\u0119\u0142o to na strategie marek.<\/p>\n<p style=\"text-align: justify;\">Wiele z nich ju\u017c zrezygnowa\u0142o z\u00a0kampanii zasi\u0119gowych opartych na\u00a0tre\u015bciach \u015bmiesznych,  ale pozbawionych wsp\u00f3lnego mianownika z brandem,  co\u00a0jeszcze spotykali\u015bmy kilka lat temu:<\/p>\n<p style=\"text-align: justify;\"><a href=\"https:\/\/www.sotrender.com\/blog\/wp-content\/uploads\/2016\/03\/Zrzut-ekranu-2016-03-02-o-13.55.47.png\"><img loading=\"lazy\" decoding=\"async\" class=\"aligncenter wp-image-21553 size-medium\" src=\"https:\/\/www.sotrender.com\/blog\/wp-content\/uploads\/2016\/03\/Zrzut-ekranu-2016-03-02-o-13.55.47-300x186.png\" alt=\"kote\u0142ek Playa\" width=\"300\" height=\"186\" \/><\/a><\/p>\n<p style=\"text-align: justify;\">Obecnie,  nawet je\u015bli marka decyduje si\u0119 &#8220;robi\u0107 zasi\u0119gi&#8221; u\u017cywaj\u0105c memopodobnych grafik,  stara si\u0119 to jednak utrzyma\u0107 we w\u0142asnym klimacie.<a href=\"https:\/\/www.sotrender.com\/blog\/wp-content\/uploads\/2016\/03\/Zrzut-ekranu-2016-03-02-o-13.59.12.png\"><img loading=\"lazy\" decoding=\"async\" class=\"aligncenter size-medium wp-image-21559\" src=\"https:\/\/www.sotrender.com\/blog\/wp-content\/uploads\/2016\/03\/Zrzut-ekranu-2016-03-02-o-13.59.12-261x300.png\" alt=\"serce i rozum\" width=\"261\" height=\"300\" \/><\/a><\/p>\n<h3 style=\"text-align: justify;\"><strong>Czy robienie kampanii zasi\u0119gowych ma jeszcze jakikolwiek sens<\/strong>?<\/h3>\n<p style=\"text-align: justify;\">I tak,  i nie. Przemawiaj\u0105ce za nimi korzy\u015bci to mo\u017cliwo\u015b\u0107\u00a0dotarcia do szerszej ni\u017c zwykle grupy odbiorc\u00f3w i zbudowania \u015bwiadomo\u015bci brandu,  pobudzenie u\u017cytkownik\u00f3w Facebooka do interakcji (mimo wszystko nale\u017cy pami\u0119ta\u0107,  \u017ce\u00a0odwiedzamy media spo\u0142eczno\u015bciowe dla przyjemno\u015bci,  a nie z przykrego obowi\u0105zku),  a ponadto wielu social media manager\u00f3w nadal ma w swoich KPIach liczb\u0119\u00a0nowych polubie\u0144\u00a0czy komentarzy.<\/p>\n<p style=\"text-align: justify;\">Z drugiej strony,  dysponuj\u0105c obecnie mo\u017cliwo\u015bciami prowadzenia w\u0105sko targetowanych kampanii w spos\u00f3b \u015bwiadomy i sp\u00f3jny z naszymi dzia\u0142aniami marketingowymi w innych mediach,  mo\u017cemy bez \u017calu zrezygnowa\u0107 z wsp\u00f3lnego \u015bmieszkowania na rzecz implementacji przemy\u015blanych strategii sprzeda\u017cowych. Tym bardziej,  \u017ce <strong>nasi konsumenci buszuj\u0105c\u00a0w sieci zostawili tam prawdopodobnie wiele \u00a0danych<\/strong>,  kt\u00f3re pomog\u0105 nam w osi\u0105gni\u0119ciu tego celu.<\/p>\n<h3 style=\"text-align: justify;\">Case study<\/h3>\n<p style=\"text-align: justify;\">W\u00a0ubieg\u0142ym roku jedna z firm kosmetycznych postanowi\u0142a poprawi\u0107 swoj\u0105 strategi\u0119 sprzeda\u017cow\u0105 na Facebooku. Zostali\u015bmy poproszeni o diagnoz\u0119.<\/p>\n<p style=\"text-align: justify;\"><strong>Najpierw spojrzeli\u015bmy na zastan\u0105 sytuacj\u0119<\/strong>: analizowana przez nas marka 1 posiada\u0142a w swojej ofercie szerok\u0105 gam\u0119 produkt\u00f3w dla kobiet i m\u0119\u017cczyzn. W komunikacji na Facebooku wyszczeg\u00f3lnili\u015bmy 5 linii kreacyjnych &#8211; 4 skierowane do kobiet,  1 do m\u0119\u017cczyzn. Promocji produkt\u00f3w dla pan\u00f3w po\u015bwi\u0119cono jedynie 20% wszystkich tre\u015bci.<\/p>\n<p style=\"text-align: justify;\">Postanowili\u015bmy zatem <strong>por\u00f3wna\u0107 nasz\u0105 mark\u0119 z inn\u0105 mark\u0105 kosmetyczn\u0105<\/strong>,  kt\u00f3ra posiada\u0142a w swojej ofercie wy\u0142\u0105cznie produkty dla m\u0119\u017cczyzn (wi\u0119c 100% komunikacji po\u015bwi\u0119cono tej grupie docelowej). W marce 2 wyszczeg\u00f3lnili\u015bmy 7 linii kreacyjnych promuj\u0105cych r\u00f3\u017cne produkty.<\/p>\n<p style=\"text-align: justify;\">Chcieli\u015bmy dowiedzie\u0107 si\u0119,  czy skoro na stronie marki 1 mamy tylko 20% tre\u015bci skierowanych do m\u0119\u017cczyzn,  a ta grupa docelowa jest aktywna na stronie,  to czy marka 1 &#8220;traci&#8221; zaanga\u017cowanie tych fan\u00f3w na rzecz marki 2? Okaza\u0142o si\u0119,  \u017ce tak.\u00a0<a href=\"https:\/\/www.sotrender.com\/blog\/wp-content\/uploads\/2016\/03\/Zrzut-ekranu-2016-03-02-o-14.21.04.png\"><img loading=\"lazy\" decoding=\"async\" class=\"aligncenter wp-image-21575 size-large\" src=\"https:\/\/www.sotrender.com\/blog\/wp-content\/uploads\/2016\/03\/Zrzut-ekranu-2016-03-02-o-14.21.04-1024x538.png\" alt=\"marka12\" width=\"1024\" height=\"538\" \/><\/a><\/p>\n<p style=\"text-align: justify;\">M\u0119\u017cczy\u017ani anga\u017cuj\u0105cy si\u0119 na stronie badanej przez nas marki 1 byli zainteresowani innymi produktami z tej samej kategorii,  ale poniewa\u017c marka 1 nie pokazywa\u0142a ich w swojej komunikacji,  szukali oni interesuj\u0105cych ich tre\u015bci na stronie marki 2. <strong>Po zwi\u0119kszeniu ilo\u015bci tre\u015bci skierowanej do m\u0119\u017cczyzn,  marka 1 odnotowa\u0142a 15% wzrost zaanga\u017cowania w grupie m\u0119\u017cczyzn w ci\u0105gu 3 miesi\u0119cy.\u00a0<\/strong><\/p>\n<h3 style=\"text-align: justify;\">Co daje nam takie badanie?<\/h3>\n<p style=\"text-align: justify;\">Poznajemy profil zachowa\u0144 os\u00f3b z naszej grupy docelowej. Wiemy,  co lubi\u0105 &#8211; opr\u00f3cz nas. U\u0142atwia nam optymalizacj\u0119 tre\u015bci dla wybranej grupy docelowej. Analizuj\u0105c szerzej zainteresowania naszych fan\u00f3w i bior\u0105c pod uwag\u0119 nie tylko profile konkurencji,  a og\u00f3lnie &#8211; strony,  kt\u00f3re ich anga\u017cuj\u0105,  mo\u017cemy wyselekcjonowa\u0107 te\u017c np. influencer\u00f3w,  z kt\u00f3rymi warto jest podj\u0105\u0107 wsp\u00f3\u0142prac\u0119.<\/p>\n<p style=\"text-align: justify;\">Dodajmy,  \u017ce taka analiza jest szybsza i ta\u0144sza ni\u017c tradycyjne badanie konsumenckie,  a mo\u017cliwo\u015bci wykorzystania zebranych danych s\u0105 praktycznie nieograniczone. Kilka innych przyk\u0142ad\u00f3w znajdziecie r\u00f3wnie\u017c <a href=\"https:\/\/www.sotrender.com\/blog\/pl\/2015\/05\/poznaj-zainteresowania-fanow-twojej-marki\/\" target=\"_blank\">w tym wpisie<\/a>.<\/p>\n<p style=\"text-align: justify;\"><strong>Mo\u017ce zatem,  zamiast wprowadza\u0107 do raport\u00f3w kolejne kolumny i zlicza\u0107,  ilu fan\u00f3w nas lubi,  ilu kocha,  a ilu z\u0142o\u015bci si\u0119 na nasz post,  warto spojrze\u0107 g\u0142\u0119biej i dowiedzie\u0107 si\u0119,  nie ilu,  ale dlaczego?\u00a0\u00a0<\/strong><\/p>\n<p style=\"text-align: justify;\"><em>Materia\u0142 zosta\u0142 zaprezentowany przez Huberta Tworkowskiego,  VP Sotrendera,  podczas konferencji Marketing i Technologia 2015 w Poznaniu. Zapraszamy do <a href=\"https:\/\/www.youtube.com\/watch?v=9y-79G02kDw\" target=\"_blank\">obejrzenia nagrania<\/a>\u00a0oraz <a href=\"http:\/\/www.slideshare.net\/FanpageTrender\/jak-wiele-o-zachowaniach-konsumentw-wiemy-dziki-social-media-marketing-i-technologia-pozna\" target=\"_blank\">przejrzenia prezentacji<\/a>!<\/em><\/p>\n","protected":false},"excerpt":{"rendered":"<p>W zesz\u0142ym tygodniu bran\u017c\u0119 medi\u00f3w spo\u0142eczno\u015bciowych zdominowa\u0142y dyskusje o pojawieniu si\u0119 Facebook Reactions. Poza zalewem mniej lub bardziej wyrafinowanych przer\u00f3bek nast\u0119pc\u00f3w &#8220;lajka&#8221;, pojawi\u0142y si\u0119 te\u017c dywagacje, jak Reakcje wp\u0142yn\u0105 na Facebookowy marketing. Poniewa\u017c, o czym pisali\u015bmy w zesz\u0142ym tygodniu, Facebook Reactions nie maj\u0105 p\u00f3ki co wygodnie mierzalnego prze\u0142o\u017cenia, postanowili\u015bmy przypomnie\u0107\u00a0Wam inny spos\u00f3b badania zachowa\u0144 konsumenckich, [&hellip;]<\/p>\n","protected":false},"author":63,"featured_media":21593,"comment_status":"open","ping_status":"open","sticky":false,"template":"","format":"standard","meta":{"inline_featured_image":false,"footnotes":""},"categories":[1,1797],"tags":[17,1381,1383,1557,1853],"yoast_head":"<!-- This site is optimized with the Yoast SEO plugin v22.4 - https:\/\/yoast.com\/wordpress\/plugins\/seo\/ -->\n<title>Facebook Marketing a badania zachowa\u0144 konsument\u00f3w.<\/title>\n<meta name=\"description\" content=\"Co zmieni\u0142o si\u0119 w marketingu na Facebooku na prze\u0142omie ostatnich lat? Czy kampanie zasi\u0119gowe maj\u0105 jeszcze sens? Jak teraz bada\u0107 zachowania konsument\u00f3w?\" \/>\n<meta name=\"robots\" content=\"index, follow, max-snippet:-1, max-image-preview:large, max-video-preview:-1\" \/>\n<link rel=\"canonical\" href=\"https:\/\/www.sotrender.com\/blog\/pl\/2016\/03\/fan-kocha-lubi-szanuje-ale-nie-tylko-nas\/\" \/>\n<meta property=\"og:locale\" content=\"pl_PL\" \/>\n<meta property=\"og:type\" content=\"article\" \/>\n<meta property=\"og:title\" content=\"Facebook Marketing a badania zachowa\u0144 konsument\u00f3w.\" \/>\n<meta property=\"og:description\" content=\"Co zmieni\u0142o si\u0119 w marketingu na Facebooku na prze\u0142omie ostatnich lat? Czy kampanie zasi\u0119gowe maj\u0105 jeszcze sens? Jak teraz bada\u0107 zachowania konsument\u00f3w?\" \/>\n<meta property=\"og:url\" content=\"https:\/\/www.sotrender.com\/blog\/pl\/2016\/03\/fan-kocha-lubi-szanuje-ale-nie-tylko-nas\/\" \/>\n<meta property=\"og:site_name\" content=\"Sotrender Blog\" \/>\n<meta property=\"article:publisher\" content=\"https:\/\/www.facebook.com\/Sotrender\" \/>\n<meta property=\"article:published_time\" content=\"2016-03-02T14:19:48+00:00\" \/>\n<meta property=\"og:image\" content=\"https:\/\/www.sotrender.com\/blog\/wp-content\/uploads\/2016\/03\/sailors-all-hands-navy-military.jpg\" \/>\n\t<meta property=\"og:image:width\" content=\"1280\" \/>\n\t<meta property=\"og:image:height\" content=\"849\" \/>\n\t<meta property=\"og:image:type\" content=\"image\/jpeg\" \/>\n<meta name=\"author\" content=\"Marta Sta\u0144czyk\" \/>\n<meta name=\"twitter:card\" content=\"summary_large_image\" \/>\n<meta name=\"twitter:creator\" content=\"@Sotrender\" \/>\n<meta name=\"twitter:site\" content=\"@Sotrender\" \/>\n<meta name=\"twitter:label1\" content=\"Written by\" \/>\n\t<meta name=\"twitter:data1\" content=\"Marta Sta\u0144czyk\" \/>\n\t<meta name=\"twitter:label2\" content=\"Est. reading time\" \/>\n\t<meta name=\"twitter:data2\" content=\"4 minutes\" \/>\n<script type=\"application\/ld+json\" class=\"yoast-schema-graph\">{\"@context\":\"https:\/\/schema.org\",\"@graph\":[{\"@type\":\"WebPage\",\"@id\":\"https:\/\/www.sotrender.com\/blog\/pl\/2016\/03\/fan-kocha-lubi-szanuje-ale-nie-tylko-nas\/\",\"url\":\"https:\/\/www.sotrender.com\/blog\/pl\/2016\/03\/fan-kocha-lubi-szanuje-ale-nie-tylko-nas\/\",\"name\":\"Facebook Marketing a badania zachowa\u0144 konsument\u00f3w.\",\"isPartOf\":{\"@id\":\"https:\/\/www.sotrender.com\/blog\/#website\"},\"primaryImageOfPage\":{\"@id\":\"https:\/\/www.sotrender.com\/blog\/pl\/2016\/03\/fan-kocha-lubi-szanuje-ale-nie-tylko-nas\/#primaryimage\"},\"image\":{\"@id\":\"https:\/\/www.sotrender.com\/blog\/pl\/2016\/03\/fan-kocha-lubi-szanuje-ale-nie-tylko-nas\/#primaryimage\"},\"thumbnailUrl\":\"https:\/\/www.sotrender.com\/blog\/wp-content\/uploads\/2016\/03\/sailors-all-hands-navy-military.jpg\",\"datePublished\":\"2016-03-02T14:19:48+00:00\",\"dateModified\":\"2016-03-02T14:19:48+00:00\",\"author\":{\"@id\":\"https:\/\/www.sotrender.com\/blog\/#\/schema\/person\/326a1e5fe884b6deb2e4b04642cc1432\"},\"description\":\"Co zmieni\u0142o si\u0119 w marketingu na Facebooku na prze\u0142omie ostatnich lat? Czy kampanie zasi\u0119gowe maj\u0105 jeszcze sens? Jak teraz bada\u0107 zachowania konsument\u00f3w?\",\"breadcrumb\":{\"@id\":\"https:\/\/www.sotrender.com\/blog\/pl\/2016\/03\/fan-kocha-lubi-szanuje-ale-nie-tylko-nas\/#breadcrumb\"},\"inLanguage\":\"pl-PL\",\"potentialAction\":[{\"@type\":\"ReadAction\",\"target\":[\"https:\/\/www.sotrender.com\/blog\/pl\/2016\/03\/fan-kocha-lubi-szanuje-ale-nie-tylko-nas\/\"]}]},{\"@type\":\"ImageObject\",\"inLanguage\":\"pl-PL\",\"@id\":\"https:\/\/www.sotrender.com\/blog\/pl\/2016\/03\/fan-kocha-lubi-szanuje-ale-nie-tylko-nas\/#primaryimage\",\"url\":\"https:\/\/www.sotrender.com\/blog\/wp-content\/uploads\/2016\/03\/sailors-all-hands-navy-military.jpg\",\"contentUrl\":\"https:\/\/www.sotrender.com\/blog\/wp-content\/uploads\/2016\/03\/sailors-all-hands-navy-military.jpg\",\"width\":1280,\"height\":849},{\"@type\":\"BreadcrumbList\",\"@id\":\"https:\/\/www.sotrender.com\/blog\/pl\/2016\/03\/fan-kocha-lubi-szanuje-ale-nie-tylko-nas\/#breadcrumb\",\"itemListElement\":[{\"@type\":\"ListItem\",\"position\":1,\"name\":\"Home\",\"item\":\"https:\/\/www.sotrender.com\/blog\/\"},{\"@type\":\"ListItem\",\"position\":2,\"name\":\"Fan kocha, lubi, szanuje. Ale nie tylko nas.\"}]},{\"@type\":\"WebSite\",\"@id\":\"https:\/\/www.sotrender.com\/blog\/#website\",\"url\":\"https:\/\/www.sotrender.com\/blog\/\",\"name\":\"Sotrender Blog\",\"description\":\"\",\"potentialAction\":[{\"@type\":\"SearchAction\",\"target\":{\"@type\":\"EntryPoint\",\"urlTemplate\":\"https:\/\/www.sotrender.com\/blog\/?s={search_term_string}\"},\"query-input\":\"required name=search_term_string\"}],\"inLanguage\":\"pl-PL\"},{\"@type\":\"Person\",\"@id\":\"https:\/\/www.sotrender.com\/blog\/#\/schema\/person\/326a1e5fe884b6deb2e4b04642cc1432\",\"name\":\"Marta Sta\u0144czyk\",\"image\":{\"@type\":\"ImageObject\",\"inLanguage\":\"pl-PL\",\"@id\":\"https:\/\/www.sotrender.com\/blog\/#\/schema\/person\/image\/\",\"url\":\"https:\/\/secure.gravatar.com\/avatar\/04a11d4dbb80fe0058ee59dcc7ac4b9b?s=96&d=mm&r=g\",\"contentUrl\":\"https:\/\/secure.gravatar.com\/avatar\/04a11d4dbb80fe0058ee59dcc7ac4b9b?s=96&d=mm&r=g\",\"caption\":\"Marta Sta\u0144czyk\"},\"url\":\"https:\/\/www.sotrender.com\/blog\/pl\/author\/mstanczyk\/\"}]}<\/script>\n<!-- \/ Yoast SEO plugin. -->","yoast_head_json":{"title":"Facebook Marketing a badania zachowa\u0144 konsument\u00f3w.","description":"Co zmieni\u0142o si\u0119 w marketingu na Facebooku na prze\u0142omie ostatnich lat? Czy kampanie zasi\u0119gowe maj\u0105 jeszcze sens? Jak teraz bada\u0107 zachowania konsument\u00f3w?","robots":{"index":"index","follow":"follow","max-snippet":"max-snippet:-1","max-image-preview":"max-image-preview:large","max-video-preview":"max-video-preview:-1"},"canonical":"https:\/\/www.sotrender.com\/blog\/pl\/2016\/03\/fan-kocha-lubi-szanuje-ale-nie-tylko-nas\/","og_locale":"pl_PL","og_type":"article","og_title":"Facebook Marketing a badania zachowa\u0144 konsument\u00f3w.","og_description":"Co zmieni\u0142o si\u0119 w marketingu na Facebooku na prze\u0142omie ostatnich lat? Czy kampanie zasi\u0119gowe maj\u0105 jeszcze sens? Jak teraz bada\u0107 zachowania konsument\u00f3w?","og_url":"https:\/\/www.sotrender.com\/blog\/pl\/2016\/03\/fan-kocha-lubi-szanuje-ale-nie-tylko-nas\/","og_site_name":"Sotrender Blog","article_publisher":"https:\/\/www.facebook.com\/Sotrender","article_published_time":"2016-03-02T14:19:48+00:00","og_image":[{"width":1280,"height":849,"url":"https:\/\/www.sotrender.com\/blog\/wp-content\/uploads\/2016\/03\/sailors-all-hands-navy-military.jpg","type":"image\/jpeg"}],"author":"Marta Sta\u0144czyk","twitter_card":"summary_large_image","twitter_creator":"@Sotrender","twitter_site":"@Sotrender","twitter_misc":{"Written by":"Marta Sta\u0144czyk","Est. reading time":"4 minutes"},"schema":{"@context":"https:\/\/schema.org","@graph":[{"@type":"WebPage","@id":"https:\/\/www.sotrender.com\/blog\/pl\/2016\/03\/fan-kocha-lubi-szanuje-ale-nie-tylko-nas\/","url":"https:\/\/www.sotrender.com\/blog\/pl\/2016\/03\/fan-kocha-lubi-szanuje-ale-nie-tylko-nas\/","name":"Facebook Marketing a badania zachowa\u0144 konsument\u00f3w.","isPartOf":{"@id":"https:\/\/www.sotrender.com\/blog\/#website"},"primaryImageOfPage":{"@id":"https:\/\/www.sotrender.com\/blog\/pl\/2016\/03\/fan-kocha-lubi-szanuje-ale-nie-tylko-nas\/#primaryimage"},"image":{"@id":"https:\/\/www.sotrender.com\/blog\/pl\/2016\/03\/fan-kocha-lubi-szanuje-ale-nie-tylko-nas\/#primaryimage"},"thumbnailUrl":"https:\/\/www.sotrender.com\/blog\/wp-content\/uploads\/2016\/03\/sailors-all-hands-navy-military.jpg","datePublished":"2016-03-02T14:19:48+00:00","dateModified":"2016-03-02T14:19:48+00:00","author":{"@id":"https:\/\/www.sotrender.com\/blog\/#\/schema\/person\/326a1e5fe884b6deb2e4b04642cc1432"},"description":"Co zmieni\u0142o si\u0119 w marketingu na Facebooku na prze\u0142omie ostatnich lat? Czy kampanie zasi\u0119gowe maj\u0105 jeszcze sens? Jak teraz bada\u0107 zachowania konsument\u00f3w?","breadcrumb":{"@id":"https:\/\/www.sotrender.com\/blog\/pl\/2016\/03\/fan-kocha-lubi-szanuje-ale-nie-tylko-nas\/#breadcrumb"},"inLanguage":"pl-PL","potentialAction":[{"@type":"ReadAction","target":["https:\/\/www.sotrender.com\/blog\/pl\/2016\/03\/fan-kocha-lubi-szanuje-ale-nie-tylko-nas\/"]}]},{"@type":"ImageObject","inLanguage":"pl-PL","@id":"https:\/\/www.sotrender.com\/blog\/pl\/2016\/03\/fan-kocha-lubi-szanuje-ale-nie-tylko-nas\/#primaryimage","url":"https:\/\/www.sotrender.com\/blog\/wp-content\/uploads\/2016\/03\/sailors-all-hands-navy-military.jpg","contentUrl":"https:\/\/www.sotrender.com\/blog\/wp-content\/uploads\/2016\/03\/sailors-all-hands-navy-military.jpg","width":1280,"height":849},{"@type":"BreadcrumbList","@id":"https:\/\/www.sotrender.com\/blog\/pl\/2016\/03\/fan-kocha-lubi-szanuje-ale-nie-tylko-nas\/#breadcrumb","itemListElement":[{"@type":"ListItem","position":1,"name":"Home","item":"https:\/\/www.sotrender.com\/blog\/"},{"@type":"ListItem","position":2,"name":"Fan kocha, lubi, szanuje. Ale nie tylko nas."}]},{"@type":"WebSite","@id":"https:\/\/www.sotrender.com\/blog\/#website","url":"https:\/\/www.sotrender.com\/blog\/","name":"Sotrender Blog","description":"","potentialAction":[{"@type":"SearchAction","target":{"@type":"EntryPoint","urlTemplate":"https:\/\/www.sotrender.com\/blog\/?s={search_term_string}"},"query-input":"required name=search_term_string"}],"inLanguage":"pl-PL"},{"@type":"Person","@id":"https:\/\/www.sotrender.com\/blog\/#\/schema\/person\/326a1e5fe884b6deb2e4b04642cc1432","name":"Marta Sta\u0144czyk","image":{"@type":"ImageObject","inLanguage":"pl-PL","@id":"https:\/\/www.sotrender.com\/blog\/#\/schema\/person\/image\/","url":"https:\/\/secure.gravatar.com\/avatar\/04a11d4dbb80fe0058ee59dcc7ac4b9b?s=96&d=mm&r=g","contentUrl":"https:\/\/secure.gravatar.com\/avatar\/04a11d4dbb80fe0058ee59dcc7ac4b9b?s=96&d=mm&r=g","caption":"Marta Sta\u0144czyk"},"url":"https:\/\/www.sotrender.com\/blog\/pl\/author\/mstanczyk\/"}]}},"_links":{"self":[{"href":"https:\/\/www.sotrender.com\/blog\/pl\/wp-json\/wp\/v2\/posts\/21531"}],"collection":[{"href":"https:\/\/www.sotrender.com\/blog\/pl\/wp-json\/wp\/v2\/posts"}],"about":[{"href":"https:\/\/www.sotrender.com\/blog\/pl\/wp-json\/wp\/v2\/types\/post"}],"author":[{"embeddable":true,"href":"https:\/\/www.sotrender.com\/blog\/pl\/wp-json\/wp\/v2\/users\/63"}],"replies":[{"embeddable":true,"href":"https:\/\/www.sotrender.com\/blog\/pl\/wp-json\/wp\/v2\/comments?post=21531"}],"version-history":[{"count":21,"href":"https:\/\/www.sotrender.com\/blog\/pl\/wp-json\/wp\/v2\/posts\/21531\/revisions"}],"predecessor-version":[{"id":21601,"href":"https:\/\/www.sotrender.com\/blog\/pl\/wp-json\/wp\/v2\/posts\/21531\/revisions\/21601"}],"wp:featuredmedia":[{"embeddable":true,"href":"https:\/\/www.sotrender.com\/blog\/pl\/wp-json\/wp\/v2\/media\/21593"}],"wp:attachment":[{"href":"https:\/\/www.sotrender.com\/blog\/pl\/wp-json\/wp\/v2\/media?parent=21531"}],"wp:term":[{"taxonomy":"category","embeddable":true,"href":"https:\/\/www.sotrender.com\/blog\/pl\/wp-json\/wp\/v2\/categories?post=21531"},{"taxonomy":"post_tag","embeddable":true,"href":"https:\/\/www.sotrender.com\/blog\/pl\/wp-json\/wp\/v2\/tags?post=21531"}],"curies":[{"name":"wp","href":"https:\/\/api.w.org\/{rel}","templated":true}]}}