{"id":21399,"date":"2016-02-25T13:56:00","date_gmt":"2016-02-25T12:56:00","guid":{"rendered":"http:\/\/blog.sotrender.com\/?p=21399"},"modified":"2017-04-13T12:14:53","modified_gmt":"2017-04-13T10:14:53","slug":"reakcje-na-facebook-reactions","status":"publish","type":"post","link":"https:\/\/www.sotrender.com\/blog\/pl\/2016\/02\/reakcje-na-facebook-reactions\/","title":{"rendered":"Ju\u017c si\u0119 nie lubimy? Facebook Reactions w praktyce."},"content":{"rendered":"<p style=\"text-align: justify;\">Przez siedem d\u0142ugich lat u\u017cytkownicy Facebooka mogli jedynie darzy\u0107 si\u0119 sympati\u0105, wreszcie mo\u017cemy\u00a0da\u0107 odpocz\u0105\u0107 naszym wirtualnym kciukom. Wprowadzone wczoraj globalnie <strong>Facebook Reactions<\/strong> to sze\u015b\u0107 graficznych komunikat\u00f3w stanowi\u0105cych uproszczone odzwierciedlenie emocji.<\/p>\n<p style=\"text-align: justify;\">Pomi\u0144my dywagacje na temat tego, czy dostarczona paleta emocji w pe\u0142ni oddaje nasze potrzeby. Facebook przyj\u0105\u0142 i konsekwentnie zrealizowa\u0142 okre\u015blone za\u0142o\u017cenia, kt\u00f3re opiszemy poni\u017cej.<\/p>\n<p style=\"text-align: justify;\">Sprawd\u017a, co zmienia si\u0119 z perspektywy u\u017cytkownika Facebooka, a co z perspektywy marek buduj\u0105cych tu swoj\u0105 strategi\u0119.<!--more--><\/p>\n<h2 style=\"text-align: justify;\">1.\u00a0Pomy\u015bl, zanim pokochasz.<\/h2>\n<p style=\"text-align: justify;\">Sukces przycisku &#8220;lubi\u0119 to!&#8221; tkwi\u0142 w jego prostocie i mo\u017cliwo\u015bci bezrefleksyjnego u\u017cycia. <strong>Reactions<\/strong> to pr\u00f3ba powrotu do g\u0142\u0119bszych emocji &#8211; jakkolwiek banalnie to nie brzmi, sam fakt, \u017ce trzeba straci\u0107 jedn\u0105 cenn\u0105 sekund\u0119 wi\u0119cej na przytrzymanie przycisku i wybranie konkretnej reakcji anga\u017cuje nas bardziej, ni\u017c odruchowy &#8220;lajk&#8221;.<\/p>\n<p style=\"text-align: justify;\">I z\u00a0jednej strony to dobre, ka\u017cdy przecie\u017c woli mie\u0107 wyb\u00f3r, ni\u017c go nie mie\u0107. Ale ju\u017c pojawi\u0142y si\u0119 g\u0142osy, \u017ce nadal czego\u015b brakuje &#8211; a to emocji zniesmaczenia, a to skonfundowania, a w og\u00f3le to nie wiadomo, czy &#8220;haha&#8221; to \u015bmiech dobroduszny, czy ironiczny. A tak poza tym, to mo\u017ce wystarczy\u0142by\u00a0dislike button.<\/p>\n<p style=\"text-align: justify;\">Jak jednak t\u0142umaczy <a href=\"https:\/\/twitter.com\/gt\">Geoff Teehan<\/a>, \u00a0Product Design Director Facebooka, <a href=\"https:\/\/medium.com\/facebook-design\/reactions-not-everything-in-life-is-likable-5c403de72a3f#.5insxwk7l\">dwa priorytety, kt\u00f3re postawi\u0142 przed sob\u0105 zesp\u00f3\u0142 pracuj\u0105cy nad Reakcjami<\/a>, to:<\/p>\n<p style=\"text-align: justify;\">1. <strong>Uniwersalny charakter Reakcji<\/strong>. Powinny by\u0107 one identycznie rozumiane w ka\u017cdym zak\u0105tku \u015bwiata, aby wi\u0119cej os\u00f3b mog\u0142o si\u0119 z ich pomoc\u0105 komunikowa\u0107.<\/p>\n<p style=\"text-align: justify;\">2. <strong>Ekspresyjno\u015b\u0107 i popularno\u015b\u0107<\/strong>. Reakcje maj\u0105 u\u0142atwi\u0107 u\u017cytkownikom\u00a0odzwieciedlenie prawdziwych emocji.<\/p>\n<p style=\"text-align: justify;\">Zesp\u00f3\u0142 roboczy posi\u0142kowa\u0142 si\u0119 w trakcie prac m.in. najpopularniejszymi naklejkami i emoji, has\u0142ami, wed\u0142ug kt\u00f3rych u\u017cytkownicy poszukiwali konkretnych naklejek, a tak\u017ce kr\u00f3tkimi komentarzami o jednoznacznym zabarwieniu emocjonalnym.<\/p>\n<p style=\"text-align: justify;\">Na podstawie tych bada\u0144 oraz licznych wersji testowych, powsta\u0142a <strong>ostateczna lista sze\u015bciu Reakcji<\/strong>:<\/p>\n<p style=\"text-align: justify;\"><a href=\"https:\/\/www.sotrender.com\/blog\/wp-content\/uploads\/2016\/02\/reakcje.gif\"><img loading=\"lazy\" decoding=\"async\" class=\"aligncenter size-full wp-image-21423\" src=\"https:\/\/www.sotrender.com\/blog\/wp-content\/uploads\/2016\/02\/reakcje.gif\" alt=\"reakcje\" width=\"367\" height=\"59\" \/><\/a><\/p>\n<p style=\"text-align: justify;\">W ostatniej rundzie z rozgrywki wypad\u0142y Reakcje \u201cConfused\u201d oraz\u00a0\u201cYay\u201d. Pierwsza w fazie test\u00f3w by\u0142a u\u017cywana ekstremalnie rzadko, druga z kolei okaza\u0142a si\u0119 ma\u0142o uniwersalna.<\/p>\n<h2 style=\"text-align: justify;\">2. Nie dodawaj pi\u0119ciu nowych kolumn do raportu&#8230; p\u00f3ki co.<\/h2>\n<p style=\"text-align: justify;\">Niejeden social media manager zadr\u017ca\u0142 na my\u015bl o nowej formie raportu dla swojego prze\u0142o\u017conego lub klienta. &#8220;Nasz ostatni post otrzyma\u0142 130 polubie\u0144, 105 mi\u0142o\u015bci, 12 hah\u00f3w, 73 wow\u00f3w, 16 smutk\u00f3w i 15 z\u0142o\u015bci, a poza tym 61 udost\u0119pnie\u0144 i 41 komentarzy&#8221;. Tu dopiero pojawi\u0105 si\u0119 ciekawe REAKCJE, prawda?<\/p>\n<p style=\"text-align: justify;\">Bez w\u0105tpienia czeka nas wiele pracy edukacyjnej, ale najwa\u017cniejsz\u0105 informacj\u0105 jest\u00a0to, \u017ce <a href=\"https:\/\/www.facebook.com\/business\/help\/628902713913864\" target=\"_blank\">p\u00f3ki co Facebook nie b\u0119dzie wykorzystywa\u0142 Reactions do targetowania\u00a0reklam<\/a>. R\u00f3wnie\u017c kwestia <a href=\"http:\/\/mashable.com\/2016\/02\/25\/how-to-use-facebook-reactions\">prezentowania tre\u015bci\u00a0w News Feedzie jest p\u00f3ki co niezale\u017cna od Reakcji<\/a> pod nim.<\/p>\n<p style=\"text-align: justify;\">Powt\u00f3rzmy kluczowy element powy\u017cszych: <strong>p\u00f3ki co<\/strong>.<\/p>\n<p style=\"text-align: justify;\"><strong>Czy mo\u017cemy ju\u017c mierzy\u0107 Reakcje?\u00a0<\/strong><\/p>\n<p style=\"text-align: justify;\">Nie, poza zliczeniem liczby konkretnych Reakcji pod postem. Facebook Reactions nie\u00a0s\u0105 obecnie udost\u0119pniane przez Facebook Graph API. Dop\u00f3ki Facebook nie wprowadzi zmiany w tym zakresie, planowanie na strategii\u00a0z ich wykorzystaniem mo\u017ce by\u0107 karko\u0142omne. Nie jest wiadome, w jaki spos\u00f3b poszczeg\u00f3lne Reakcje prze\u0142o\u017c\u0105 si\u0119 na zasi\u0119gi.<\/p>\n<p style=\"text-align: justify;\"><strong>Czy mo\u017cemy ju\u017c wyci\u0105ga\u0107 pierwsze wnioski z Reakcji?\u00a0<\/strong><\/p>\n<p style=\"text-align: justify;\">Tak. Poniewa\u017c trzy najcz\u0119\u015bciej wybierane Reakcje wy\u015bwietlaj\u0105 si\u0119 pod udost\u0119pnion\u0105 przez nas tre\u015bci\u0105, mo\u017cemy bardzo szybko optycznie zweryfikowa\u0107\u00a0wyd\u017awi\u0119k. Do tej pory, je\u017celi kto\u015b nie zgadza\u0142 si\u0119 z udost\u0119pnion\u0105 przez nas tre\u015bci\u0105, musia\u0142 wykona\u0107 wysi\u0142ek poprzez sformu\u0142owanie komentarza. Teraz wystarczy wybra\u0107 Reakcj\u0119: smutek lub z\u0142o\u015b\u0107.<\/p>\n<h2 style=\"text-align: justify;\">3. Reakcje na Reakcje.<\/h2>\n<p style=\"text-align: justify;\">Je\u015bli z perspektywy u\u017cytkownika spodziewali\u015bcie si\u0119 arcykreatywnych przyk\u0142ad\u00f3w\u00a0real-time marketingu po wprowadzeniu Facebook Reactions, mo\u017cecie poczu\u0107 pewien niedosyt. Zdecydowana wi\u0119kszo\u015b\u0107 reakcji na\u00a0Reakcje (sic!) to po prostu graficzne przer\u00f3bki Facebookowej palety w klimacie adekwatnym dla konkretnej marki lub strony.<\/p>\n<p style=\"text-align: justify;\">Reakcje wychwyci\u0142 i odni\u00f3s\u0142 do trwaj\u0105cej teraz kampanii <a href=\"https:\/\/www.facebook.com\/ZywiecMeskimZdaniem\/photos\/a.177342925630254.38024.177296888968191\/1108905435807327\/\">\u017bywiec<\/a>:<\/p>\n<p style=\"text-align: justify;\"><a href=\"https:\/\/www.sotrender.com\/blog\/wp-content\/uploads\/2016\/02\/Zrzut-ekranu-2016-02-25-o-10.50.28.png\"><img loading=\"lazy\" decoding=\"async\" class=\"aligncenter size-full wp-image-21403\" src=\"https:\/\/www.sotrender.com\/blog\/wp-content\/uploads\/2016\/02\/Zrzut-ekranu-2016-02-25-o-10.50.28.png\" alt=\"Zrzut ekranu 2016-02-25 o 10.50.28\" width=\"444\" height=\"391\" \/><\/a><\/p>\n<p style=\"text-align: justify;\">Przyjemna wizualnie i osadzona w klimacie bran\u017cy jest te\u017c kreacja <a href=\"https:\/\/www.facebook.com\/bzwbk\/photos\/a.118134798693.121982.113143203693\/10154056833493694\">Banku Zachodniego WBK<\/a>:<\/p>\n<p style=\"text-align: justify;\"><a href=\"https:\/\/www.sotrender.com\/blog\/wp-content\/uploads\/2016\/02\/Zrzut-ekranu-2016-02-25-o-10.52.00.png\"><img loading=\"lazy\" decoding=\"async\" class=\"aligncenter size-full wp-image-21405\" src=\"https:\/\/www.sotrender.com\/blog\/wp-content\/uploads\/2016\/02\/Zrzut-ekranu-2016-02-25-o-10.52.00.png\" alt=\"Zrzut ekranu 2016-02-25 o 10.52.00\" width=\"444\" height=\"531\" \/><\/a><\/p>\n<p style=\"text-align: justify;\">Nasz\u0105 uwag\u0119 przyku\u0142 te\u017c post agencji <a href=\"https:\/\/www.facebook.com\/semahead\/posts\/1100478956653247\" target=\"_blank\">Semahead<\/a> (wyra\u017any call to action i godne pochwa\u0142y zaanga\u017cowanie ludzkie;)).<\/p>\n<p style=\"text-align: justify;\"><a href=\"https:\/\/www.sotrender.com\/blog\/wp-content\/uploads\/2016\/02\/Zrzut-ekranu-2016-02-25-o-10.56.34.png\"><img loading=\"lazy\" decoding=\"async\" class=\"aligncenter size-full wp-image-21407\" src=\"https:\/\/www.sotrender.com\/blog\/wp-content\/uploads\/2016\/02\/Zrzut-ekranu-2016-02-25-o-10.56.34.png\" alt=\"Zrzut ekranu 2016-02-25 o 10.56.34\" width=\"444\" height=\"453\" \/><\/a><\/p>\n<p style=\"text-align: justify;\">Naszym zdecydowanym faworytem real-time marketingu sta\u0142a si\u0119 jednak marka <a href=\"https:\/\/www.facebook.com\/chevrolet\/videos\/vb.77589292295\/10153936046192296\/?type=2&amp;theater\" target=\"_blank\">Chevrolet<\/a>, kt\u00f3ra opublikowa\u0142a <a href=\"https:\/\/www.youtube.com\/watch?v=5gPrAIr5ULw&amp;feature=youtu.be\" target=\"_blank\">wideo &#8220;From Like to Love&#8221;<\/a> po\u015bwi\u0119cone z jednej strony wprowadzeniu Reakcji, a z drugiej &#8211; premierze Chevroleta Malibu. Brawa dla agencji\u00a0<a href=\"https:\/\/www.facebook.com\/CommonwealthMcCann\/\" target=\"_blank\">Commonwealth\/\/McCann<\/a>.<\/p>\n<p style=\"text-align: justify;\"><a href=\"https:\/\/www.sotrender.com\/blog\/wp-content\/uploads\/2016\/02\/Zrzut-ekranu-2016-02-25-o-11.18.48.png\"><img loading=\"lazy\" decoding=\"async\" class=\"aligncenter size-full wp-image-21411\" src=\"https:\/\/www.sotrender.com\/blog\/wp-content\/uploads\/2016\/02\/Zrzut-ekranu-2016-02-25-o-11.18.48.png\" alt=\"Zrzut ekranu 2016-02-25 o 11.18.48\" width=\"446\" height=\"336\" \/><\/a><\/p>\n<p style=\"text-align: justify;\">Dosy\u0107 frapuj\u0105cym zagadnieniem sta\u0142y si\u0119 dla nas natomiast liczne marki, kt\u00f3re r\u00f3wnie\u017c wypu\u015bci\u0142y &#8220;w\u0142asne&#8221; wersje Reactions, ale wy\u0142\u0105cznie na&#8230; <strong>Twitterze<\/strong>. Je\u017celi czytaj\u0105 nas social media managerowie takich marek &#8211; odezwijcie si\u0119. Chcemy zrozumie\u0107.<\/p>\n<p style=\"text-align: justify;\">Podsumowuj\u0105c temat: <strong>wprowadzenie Facebook Reactions wywo\u0142a\u0142o spory szum, chocia\u017c na wymierne efekty tego elementu musimy jeszcze zaczeka\u0107<\/strong>.\u00a0Bez wzgl\u0119du na form\u0119, ten interfejsowy detal obudzi\u0142 w u\u017cytkownikach Facebooka potrzeb\u0119 wyra\u017cania emocji. Czy s\u0142usznie i skutecznie? Patrz\u0105c na sukces analogicznego zabiegu wprowadzonego du\u017co wcze\u015bniej przez\u00a0<a href=\"http:\/\/buzzfeed.com\">Buzzfeed<\/a>, mo\u017cna spodziewa\u0107 si\u0119, \u017ce kompleksowe podej\u015bcie do zbierania subiektywnych odczu\u0107 u\u017cytkownik\u00f3w u\u0142atwi prac\u0119, zw\u0142aszcza Content Managerom. U\u0142atwienie u\u017cytkownikom selekcji tre\u015bci przez ten pryzmat to <a href=\"http:\/\/www.reactiontools.com\/en\/top-websites\/playbuzz\/\">jeden z filar\u00f3w sukcesu Buzzfeeda<\/a>.<\/p>\n<p style=\"text-align: justify;\"><a href=\"https:\/\/www.sotrender.com\/blog\/wp-content\/uploads\/2016\/02\/Zrzut-ekranu-2016-02-25-o-12.42.40.png\"><img loading=\"lazy\" decoding=\"async\" class=\"aligncenter size-full wp-image-21415\" src=\"https:\/\/www.sotrender.com\/blog\/wp-content\/uploads\/2016\/02\/Zrzut-ekranu-2016-02-25-o-12.42.40.png\" alt=\"Zrzut ekranu 2016-02-25 o 12.42.40\" width=\"654\" height=\"248\" srcset=\"https:\/\/www.sotrender.com\/blog\/wp-content\/uploads\/2016\/02\/Zrzut-ekranu-2016-02-25-o-12.42.40.png 654w, https:\/\/www.sotrender.com\/blog\/wp-content\/uploads\/2016\/02\/Zrzut-ekranu-2016-02-25-o-12.42.40-475x180.png 475w\" sizes=\"(max-width: 654px) 100vw, 654px\" \/><\/a><\/p>\n<p style=\"text-align: justify;\">Dy\u017curnym antyfanom wszelkich nowo\u015bci pozostaje natomiast stworzona przez copywritera i ilustratork\u0119\u00a0<a href=\"https:\/\/www.facebook.com\/Bzdurynn\/photos\/a.250893471672501.55991.209838162444699\/925637310864777\/?type=3&amp;theater\" target=\"_blank\">Rynn<\/a> &#8220;wersja polska&#8221;:<\/p>\n<p style=\"text-align: justify;\"><a href=\"https:\/\/www.sotrender.com\/blog\/wp-content\/uploads\/2016\/02\/Zrzut-ekranu-2016-02-25-o-11.16.14.png\"><img loading=\"lazy\" decoding=\"async\" class=\"aligncenter size-full wp-image-21409\" src=\"https:\/\/www.sotrender.com\/blog\/wp-content\/uploads\/2016\/02\/Zrzut-ekranu-2016-02-25-o-11.16.14.png\" alt=\"Zrzut ekranu 2016-02-25 o 11.16.14\" width=\"445\" height=\"429\" \/><\/a><\/p>\n<h3 style=\"text-align: center;\">Oczywi\u015bcie b\u0119dzie nam mi\u0142o, je\u017celi podzielicie si\u0119 z nami w\u0142asnymi Reakcjami.<\/h3>\n<p style=\"text-align: justify;\">\n","protected":false},"excerpt":{"rendered":"<p>Przez siedem d\u0142ugich lat u\u017cytkownicy Facebooka mogli jedynie darzy\u0107 si\u0119 sympati\u0105, wreszcie mo\u017cemy\u00a0da\u0107 odpocz\u0105\u0107 naszym wirtualnym kciukom. Wprowadzone wczoraj globalnie Facebook Reactions to sze\u015b\u0107 graficznych komunikat\u00f3w stanowi\u0105cych uproszczone odzwierciedlenie emocji. Pomi\u0144my dywagacje na temat tego, czy dostarczona paleta emocji w pe\u0142ni oddaje nasze potrzeby. Facebook przyj\u0105\u0142 i konsekwentnie zrealizowa\u0142 okre\u015blone za\u0142o\u017cenia, kt\u00f3re opiszemy poni\u017cej. Sprawd\u017a, [&hellip;]<\/p>\n","protected":false},"author":63,"featured_media":21461,"comment_status":"open","ping_status":"open","sticky":false,"template":"","format":"standard","meta":{"inline_featured_image":false,"footnotes":""},"categories":[1],"tags":[941,1771,1935,1937],"yoast_head":"<!-- This site is optimized with the Yoast SEO plugin v22.4 - https:\/\/yoast.com\/wordpress\/plugins\/seo\/ -->\n<title>Ju\u017c si\u0119 nie lubimy? Facebook Reactions w praktyce.<\/title>\n<meta name=\"description\" content=\"Facebook Reactions a dzia\u0142ania social media marketingowe oraz przyk\u0142ady real-time marketingu.\" \/>\n<meta name=\"robots\" content=\"index, follow, max-snippet:-1, max-image-preview:large, max-video-preview:-1\" \/>\n<link rel=\"canonical\" href=\"https:\/\/www.sotrender.com\/blog\/pl\/2016\/02\/reakcje-na-facebook-reactions\/\" \/>\n<meta property=\"og:locale\" content=\"pl_PL\" \/>\n<meta property=\"og:type\" content=\"article\" \/>\n<meta property=\"og:title\" content=\"Ju\u017c si\u0119 nie lubimy? Facebook Reactions w praktyce.\" \/>\n<meta property=\"og:description\" content=\"Facebook Reactions a dzia\u0142ania social media marketingowe oraz przyk\u0142ady real-time marketingu.\" \/>\n<meta property=\"og:url\" content=\"https:\/\/www.sotrender.com\/blog\/pl\/2016\/02\/reakcje-na-facebook-reactions\/\" \/>\n<meta property=\"og:site_name\" content=\"Sotrender Blog\" \/>\n<meta property=\"article:publisher\" content=\"https:\/\/www.facebook.com\/Sotrender\" \/>\n<meta property=\"article:published_time\" content=\"2016-02-25T12:56:00+00:00\" \/>\n<meta property=\"article:modified_time\" content=\"2017-04-13T10:14:53+00:00\" \/>\n<meta property=\"og:image\" content=\"https:\/\/www.sotrender.com\/blog\/wp-content\/uploads\/2016\/02\/pexels-photo-143031.jpeg\" \/>\n\t<meta property=\"og:image:width\" content=\"1280\" \/>\n\t<meta property=\"og:image:height\" content=\"853\" \/>\n\t<meta property=\"og:image:type\" content=\"image\/jpeg\" \/>\n<meta name=\"author\" content=\"Marta Sta\u0144czyk\" \/>\n<meta name=\"twitter:card\" content=\"summary_large_image\" \/>\n<meta name=\"twitter:creator\" content=\"@Sotrender\" \/>\n<meta name=\"twitter:site\" content=\"@Sotrender\" \/>\n<meta name=\"twitter:label1\" content=\"Written by\" \/>\n\t<meta name=\"twitter:data1\" content=\"Marta Sta\u0144czyk\" \/>\n\t<meta name=\"twitter:label2\" content=\"Est. reading time\" \/>\n\t<meta name=\"twitter:data2\" content=\"4 minutes\" \/>\n<script type=\"application\/ld+json\" class=\"yoast-schema-graph\">{\"@context\":\"https:\/\/schema.org\",\"@graph\":[{\"@type\":\"WebPage\",\"@id\":\"https:\/\/www.sotrender.com\/blog\/pl\/2016\/02\/reakcje-na-facebook-reactions\/\",\"url\":\"https:\/\/www.sotrender.com\/blog\/pl\/2016\/02\/reakcje-na-facebook-reactions\/\",\"name\":\"Ju\u017c si\u0119 nie lubimy? Facebook Reactions w praktyce.\",\"isPartOf\":{\"@id\":\"https:\/\/www.sotrender.com\/blog\/#website\"},\"primaryImageOfPage\":{\"@id\":\"https:\/\/www.sotrender.com\/blog\/pl\/2016\/02\/reakcje-na-facebook-reactions\/#primaryimage\"},\"image\":{\"@id\":\"https:\/\/www.sotrender.com\/blog\/pl\/2016\/02\/reakcje-na-facebook-reactions\/#primaryimage\"},\"thumbnailUrl\":\"https:\/\/www.sotrender.com\/blog\/wp-content\/uploads\/2016\/02\/pexels-photo-143031.jpeg\",\"datePublished\":\"2016-02-25T12:56:00+00:00\",\"dateModified\":\"2017-04-13T10:14:53+00:00\",\"author\":{\"@id\":\"https:\/\/www.sotrender.com\/blog\/#\/schema\/person\/326a1e5fe884b6deb2e4b04642cc1432\"},\"description\":\"Facebook Reactions a dzia\u0142ania social media marketingowe oraz przyk\u0142ady real-time marketingu.\",\"breadcrumb\":{\"@id\":\"https:\/\/www.sotrender.com\/blog\/pl\/2016\/02\/reakcje-na-facebook-reactions\/#breadcrumb\"},\"inLanguage\":\"pl-PL\",\"potentialAction\":[{\"@type\":\"ReadAction\",\"target\":[\"https:\/\/www.sotrender.com\/blog\/pl\/2016\/02\/reakcje-na-facebook-reactions\/\"]}]},{\"@type\":\"ImageObject\",\"inLanguage\":\"pl-PL\",\"@id\":\"https:\/\/www.sotrender.com\/blog\/pl\/2016\/02\/reakcje-na-facebook-reactions\/#primaryimage\",\"url\":\"https:\/\/www.sotrender.com\/blog\/wp-content\/uploads\/2016\/02\/pexels-photo-143031.jpeg\",\"contentUrl\":\"https:\/\/www.sotrender.com\/blog\/wp-content\/uploads\/2016\/02\/pexels-photo-143031.jpeg\",\"width\":1280,\"height\":853},{\"@type\":\"BreadcrumbList\",\"@id\":\"https:\/\/www.sotrender.com\/blog\/pl\/2016\/02\/reakcje-na-facebook-reactions\/#breadcrumb\",\"itemListElement\":[{\"@type\":\"ListItem\",\"position\":1,\"name\":\"Home\",\"item\":\"https:\/\/www.sotrender.com\/blog\/\"},{\"@type\":\"ListItem\",\"position\":2,\"name\":\"Ju\u017c si\u0119 nie lubimy? Facebook Reactions w praktyce.\"}]},{\"@type\":\"WebSite\",\"@id\":\"https:\/\/www.sotrender.com\/blog\/#website\",\"url\":\"https:\/\/www.sotrender.com\/blog\/\",\"name\":\"Sotrender Blog\",\"description\":\"\",\"potentialAction\":[{\"@type\":\"SearchAction\",\"target\":{\"@type\":\"EntryPoint\",\"urlTemplate\":\"https:\/\/www.sotrender.com\/blog\/?s={search_term_string}\"},\"query-input\":\"required name=search_term_string\"}],\"inLanguage\":\"pl-PL\"},{\"@type\":\"Person\",\"@id\":\"https:\/\/www.sotrender.com\/blog\/#\/schema\/person\/326a1e5fe884b6deb2e4b04642cc1432\",\"name\":\"Marta Sta\u0144czyk\",\"image\":{\"@type\":\"ImageObject\",\"inLanguage\":\"pl-PL\",\"@id\":\"https:\/\/www.sotrender.com\/blog\/#\/schema\/person\/image\/\",\"url\":\"https:\/\/secure.gravatar.com\/avatar\/04a11d4dbb80fe0058ee59dcc7ac4b9b?s=96&d=mm&r=g\",\"contentUrl\":\"https:\/\/secure.gravatar.com\/avatar\/04a11d4dbb80fe0058ee59dcc7ac4b9b?s=96&d=mm&r=g\",\"caption\":\"Marta Sta\u0144czyk\"},\"url\":\"https:\/\/www.sotrender.com\/blog\/pl\/author\/mstanczyk\/\"}]}<\/script>\n<!-- \/ Yoast SEO plugin. -->","yoast_head_json":{"title":"Ju\u017c si\u0119 nie lubimy? Facebook Reactions w praktyce.","description":"Facebook Reactions a dzia\u0142ania social media marketingowe oraz przyk\u0142ady real-time marketingu.","robots":{"index":"index","follow":"follow","max-snippet":"max-snippet:-1","max-image-preview":"max-image-preview:large","max-video-preview":"max-video-preview:-1"},"canonical":"https:\/\/www.sotrender.com\/blog\/pl\/2016\/02\/reakcje-na-facebook-reactions\/","og_locale":"pl_PL","og_type":"article","og_title":"Ju\u017c si\u0119 nie lubimy? Facebook Reactions w praktyce.","og_description":"Facebook Reactions a dzia\u0142ania social media marketingowe oraz przyk\u0142ady real-time marketingu.","og_url":"https:\/\/www.sotrender.com\/blog\/pl\/2016\/02\/reakcje-na-facebook-reactions\/","og_site_name":"Sotrender Blog","article_publisher":"https:\/\/www.facebook.com\/Sotrender","article_published_time":"2016-02-25T12:56:00+00:00","article_modified_time":"2017-04-13T10:14:53+00:00","og_image":[{"width":1280,"height":853,"url":"https:\/\/www.sotrender.com\/blog\/wp-content\/uploads\/2016\/02\/pexels-photo-143031.jpeg","type":"image\/jpeg"}],"author":"Marta Sta\u0144czyk","twitter_card":"summary_large_image","twitter_creator":"@Sotrender","twitter_site":"@Sotrender","twitter_misc":{"Written by":"Marta Sta\u0144czyk","Est. reading time":"4 minutes"},"schema":{"@context":"https:\/\/schema.org","@graph":[{"@type":"WebPage","@id":"https:\/\/www.sotrender.com\/blog\/pl\/2016\/02\/reakcje-na-facebook-reactions\/","url":"https:\/\/www.sotrender.com\/blog\/pl\/2016\/02\/reakcje-na-facebook-reactions\/","name":"Ju\u017c si\u0119 nie lubimy? Facebook Reactions w praktyce.","isPartOf":{"@id":"https:\/\/www.sotrender.com\/blog\/#website"},"primaryImageOfPage":{"@id":"https:\/\/www.sotrender.com\/blog\/pl\/2016\/02\/reakcje-na-facebook-reactions\/#primaryimage"},"image":{"@id":"https:\/\/www.sotrender.com\/blog\/pl\/2016\/02\/reakcje-na-facebook-reactions\/#primaryimage"},"thumbnailUrl":"https:\/\/www.sotrender.com\/blog\/wp-content\/uploads\/2016\/02\/pexels-photo-143031.jpeg","datePublished":"2016-02-25T12:56:00+00:00","dateModified":"2017-04-13T10:14:53+00:00","author":{"@id":"https:\/\/www.sotrender.com\/blog\/#\/schema\/person\/326a1e5fe884b6deb2e4b04642cc1432"},"description":"Facebook Reactions a dzia\u0142ania social media marketingowe oraz przyk\u0142ady real-time marketingu.","breadcrumb":{"@id":"https:\/\/www.sotrender.com\/blog\/pl\/2016\/02\/reakcje-na-facebook-reactions\/#breadcrumb"},"inLanguage":"pl-PL","potentialAction":[{"@type":"ReadAction","target":["https:\/\/www.sotrender.com\/blog\/pl\/2016\/02\/reakcje-na-facebook-reactions\/"]}]},{"@type":"ImageObject","inLanguage":"pl-PL","@id":"https:\/\/www.sotrender.com\/blog\/pl\/2016\/02\/reakcje-na-facebook-reactions\/#primaryimage","url":"https:\/\/www.sotrender.com\/blog\/wp-content\/uploads\/2016\/02\/pexels-photo-143031.jpeg","contentUrl":"https:\/\/www.sotrender.com\/blog\/wp-content\/uploads\/2016\/02\/pexels-photo-143031.jpeg","width":1280,"height":853},{"@type":"BreadcrumbList","@id":"https:\/\/www.sotrender.com\/blog\/pl\/2016\/02\/reakcje-na-facebook-reactions\/#breadcrumb","itemListElement":[{"@type":"ListItem","position":1,"name":"Home","item":"https:\/\/www.sotrender.com\/blog\/"},{"@type":"ListItem","position":2,"name":"Ju\u017c si\u0119 nie lubimy? Facebook Reactions w praktyce."}]},{"@type":"WebSite","@id":"https:\/\/www.sotrender.com\/blog\/#website","url":"https:\/\/www.sotrender.com\/blog\/","name":"Sotrender Blog","description":"","potentialAction":[{"@type":"SearchAction","target":{"@type":"EntryPoint","urlTemplate":"https:\/\/www.sotrender.com\/blog\/?s={search_term_string}"},"query-input":"required name=search_term_string"}],"inLanguage":"pl-PL"},{"@type":"Person","@id":"https:\/\/www.sotrender.com\/blog\/#\/schema\/person\/326a1e5fe884b6deb2e4b04642cc1432","name":"Marta Sta\u0144czyk","image":{"@type":"ImageObject","inLanguage":"pl-PL","@id":"https:\/\/www.sotrender.com\/blog\/#\/schema\/person\/image\/","url":"https:\/\/secure.gravatar.com\/avatar\/04a11d4dbb80fe0058ee59dcc7ac4b9b?s=96&d=mm&r=g","contentUrl":"https:\/\/secure.gravatar.com\/avatar\/04a11d4dbb80fe0058ee59dcc7ac4b9b?s=96&d=mm&r=g","caption":"Marta Sta\u0144czyk"},"url":"https:\/\/www.sotrender.com\/blog\/pl\/author\/mstanczyk\/"}]}},"_links":{"self":[{"href":"https:\/\/www.sotrender.com\/blog\/pl\/wp-json\/wp\/v2\/posts\/21399"}],"collection":[{"href":"https:\/\/www.sotrender.com\/blog\/pl\/wp-json\/wp\/v2\/posts"}],"about":[{"href":"https:\/\/www.sotrender.com\/blog\/pl\/wp-json\/wp\/v2\/types\/post"}],"author":[{"embeddable":true,"href":"https:\/\/www.sotrender.com\/blog\/pl\/wp-json\/wp\/v2\/users\/63"}],"replies":[{"embeddable":true,"href":"https:\/\/www.sotrender.com\/blog\/pl\/wp-json\/wp\/v2\/comments?post=21399"}],"version-history":[{"count":17,"href":"https:\/\/www.sotrender.com\/blog\/pl\/wp-json\/wp\/v2\/posts\/21399\/revisions"}],"predecessor-version":[{"id":26523,"href":"https:\/\/www.sotrender.com\/blog\/pl\/wp-json\/wp\/v2\/posts\/21399\/revisions\/26523"}],"wp:featuredmedia":[{"embeddable":true,"href":"https:\/\/www.sotrender.com\/blog\/pl\/wp-json\/wp\/v2\/media\/21461"}],"wp:attachment":[{"href":"https:\/\/www.sotrender.com\/blog\/pl\/wp-json\/wp\/v2\/media?parent=21399"}],"wp:term":[{"taxonomy":"category","embeddable":true,"href":"https:\/\/www.sotrender.com\/blog\/pl\/wp-json\/wp\/v2\/categories?post=21399"},{"taxonomy":"post_tag","embeddable":true,"href":"https:\/\/www.sotrender.com\/blog\/pl\/wp-json\/wp\/v2\/tags?post=21399"}],"curies":[{"name":"wp","href":"https:\/\/api.w.org\/{rel}","templated":true}]}}