{"id":2125,"date":"2012-09-12T12:31:45","date_gmt":"2012-09-12T11:31:45","guid":{"rendered":"http:\/\/blog.sotrender.com\/?p=2125"},"modified":"2017-04-13T17:44:55","modified_gmt":"2017-04-13T15:44:55","slug":"marketing-polskich-firm-na-facebooku-raport-fanpage-trends-sierpien-2012-by-sotrender","status":"publish","type":"post","link":"https:\/\/www.sotrender.com\/blog\/pl\/2012\/09\/marketing-polskich-firm-na-facebooku-raport-fanpage-trends-sierpien-2012-by-sotrender\/","title":{"rendered":"Marketing polskich firm na Facebooku \u2013 raport Fanpage Trends sierpie\u0144 2012 by Sotrender"},"content":{"rendered":"<p>\u017begnamy wakacje, dzieci wysy\u0142amy do szko\u0142y, a doros\u0142ych zapraszamy do <a title=\"Fanpage Trends Sierpie\u0144 2012\" href=\"http:\/\/www.sotrender.com\/pl\/fanpage-trends\/201208\" target=\"_blank\">podsumowania miesi\u0105ca na najpopularniejszym polskim profilu spo\u0142eczno\u015bciowym<\/a>.<\/p>\n<p>O modzie na \u017cebrolajki pisali\u015bmy w<a title=\"Fanpage Trends Lipiec 2012\" href=\"http:\/\/www.sotrender.com\/pl\/fanpage-trends\/201207\" target=\"_blank\"> lipcowym raporcie Fanpage Trends <\/a>i <a title=\"Sotrender Blog\" href=\"https:\/\/www.sotrender.com\/blog\/pl\/2012\/08\/marketing-polskich-firm-na-facebooku-raport-fanpage-trends-lipiec-2012-by-sotrender\/\" target=\"_blank\">na blogu<\/a>. Jak udowodni\u0142 Play, ka\u017cd\u0105 mod\u0119 da si\u0119 wykorzysta\u0107 nie trac\u0105c stylu. Obrazek &#8220;Zebrolajki&#8221; z komentarzem \u201eProsimy nie lajkowa\u0107 tego postu! ;-)\u201d by\u0142 jednym z bardziej lubianych na profilu marki. Szkoda, \u017ce mimo wszystko lepiej sprawdzi\u0142 si\u0119 ju\u017c klasyczny \u017cebrolajk \u201eTablet vs. Komputer\u201d.<\/p>\n<p><!--more--><\/p>\n<div id=\"attachment_2135\" style=\"width: 310px\" class=\"wp-caption aligncenter\"><a href=\"http:\/\/www.facebook.com\/photo.php?fbid=10151050273913005&amp;set=a.198247708004.131177.188351153004&amp;type=1&amp;relevant_count=1\" target=\"_blank\"><img loading=\"lazy\" decoding=\"async\" aria-describedby=\"caption-attachment-2135\" class=\"size-medium wp-image-2135\" title=\"Zebrolajk\" src=\"https:\/\/www.sotrender.com\/blog\/wp-content\/uploads\/2012\/09\/zebrolajk-300x262.jpg\" alt=\"\" width=\"300\" height=\"262\" \/><\/a><p id=\"caption-attachment-2135\" class=\"wp-caption-text\">Zebrolajk, czyli \u017cebrolajk w dobrym stylu.<\/p><\/div>\n<p>Wakacyjny klimat doskonale wykorzysta\u0142a Warka promuj\u0105c nowy produkt Radler. <a href=\"http:\/\/www.facebook.com\/Radler.Warka\" target=\"_blank\">Profil Radlera<\/a> ju\u017c w lipcu zwr\u00f3ci\u0142 uwag\u0119 swoim pi\u0119ciokrotnym wzrostem. W sierpniu Radler zdoby\u0142 jeszcze wi\u0119cej &#8211; dzi\u0119ki wzrostowi o 58, 8 tys. nowych fan\u00f3w z hukiem wbi\u0142 si\u0119 na pi\u0105te miejsce rankingu najwi\u0119kszych profili marek piwnych na Facebooku. Wyprzedzi\u0142 tym samym profil \u017bywca, czy samej Warki.<\/p>\n<p>Wielkim hitem lipca by\u0142 te\u017c fanpage <a href=\"http:\/\/www.facebook.com\/stopcafe\" target=\"_blank\">Stop Cafe<\/a>, kt\u00f3ry dzi\u0119ki dziesi\u0119cioprocentowemu wzrostowi znalaz\u0142 si\u0119 w czo\u0142\u00f3wce profili kawiarni. Sierpie\u0144 przyni\u00f3s\u0142 jeszcze wi\u0119kszy wzrost \u2013 ponad 30 tysi\u0119cy nowych fan\u00f3w oznacza, \u017ce Stop Cafe jest ju\u017c drugim najwi\u0119kszym po <a href=\"http:\/\/www.facebook.com\/coffeeheaven\" target=\"_blank\">Coffeeheaven<\/a> profilem kawiarni.<\/p>\n<p>Pod koniec lipca niekt\u00f3rzy dali si\u0119 oszuka\u0107 nag\u0142ym wzrostem profilu <a href=\"http:\/\/www.facebook.com\/kitkatpl\" target=\"_blank\">Kit Kata<\/a>, kt\u00f3remu do nieca\u0142ych 200 tysi\u0119cy dotychczasowych fan\u00f3w nagle przyby\u0142o ponad 7 milion\u00f3w. Sotrender nie \u015bpi i ju\u017c t\u0142umaczy o co chodzi. W Kit Kacie nie by\u0142o rewolucji, a jedynie szybka reakcja na wprowadzenie przez Facebooka nowej funkcjonalno\u015bci, kt\u00f3ra pozwala na po\u0142\u0105czenie wielu lokalnych stron w jedn\u0105 globaln\u0105. Niestety takie po\u0142\u0105czenie profili w jeden powoduje, \u017ce i jego statystyki staj\u0105 si\u0119 globalne. Z tego powodu ten i inne w ten spos\u00f3b po\u0142\u0105czone fanpage\u2019e &#8211; do tej pory przyk\u0142adem Kit Kata poszli <a href=\"http:\/\/www.facebook.com\/lancomepolska\" target=\"_blank\">Lancome <\/a>i <a href=\"http:\/\/www.facebook.com\/Desperados\" target=\"_blank\">Desperados<\/a> &#8211; nie b\u0119d\u0105 znajdowa\u0107 si\u0119 w naszych rankingach.<\/p>\n<p>Kolejne wprowadzane zmiany przekonuj\u0105, \u017ce Facebook w wakacje nie pr\u00f3\u017cnowa\u0142. Prowadz\u0105cych profile\u00a0 ucieszy\u0142a informacja o wprowadzeniu nowej funkcjonalno\u015bci &#8211; rozbudowanej mo\u017cliwo\u015bci targetowania post\u00f3w. Teraz mo\u017cliwe b\u0119dzie dotarcie do grup spe\u0142niaj\u0105cych okre\u015blone kryteria takie jak wiek, p\u0142e\u0107, zainteresowania czy status zwi\u0105zku. Posty targetowane b\u0119d\u0105 widoczne dla wszystkich na stronie (w odr\u00f3\u017cnieniu od dotychczas dost\u0119pnej opcji okre\u015blania lokalizacji i j\u0119zyka odbiorc\u00f3w). Od ustawie\u0144 zale\u017ce\u0107 b\u0119dzie wy\u015bwietlanie post\u00f3w w aktualno\u015bciach u\u017cytkownik\u00f3w (news feed).<\/p>\n<div id=\"attachment_2143\" style=\"width: 310px\" class=\"wp-caption aligncenter\"><a href=\"https:\/\/fb.my.salesforce.com\/sfc\/p\/A0000000K9kFkjbHnrwLJlXftFsWy2P1.gSuUtY=\" target=\"_blank\"><img loading=\"lazy\" decoding=\"async\" aria-describedby=\"caption-attachment-2143\" class=\"size-medium wp-image-2143 \" title=\"targetowanie\" src=\"https:\/\/www.sotrender.com\/blog\/wp-content\/uploads\/2012\/09\/targetowanie-300x258.jpg\" alt=\"\" width=\"300\" height=\"258\" \/><\/a><p id=\"caption-attachment-2143\" class=\"wp-caption-text\">Targetowanie post\u00f3w.<br \/>Kliknij, aby przej\u015b\u0107 do przewodnika.<\/p><\/div>\n<p>Zapowiedziany te\u017c zosta\u0142 nowy system usuwania fikcyjnych kont. Jest to odpowied\u017a na <a href=\"http:\/\/www.bbc.com\/news\/technology-18813237\" target=\"_blank\">raport BBC<\/a>, z kt\u00f3rego wynika\u0142o, \u017ce wiele \u201elike\u2019\u00f3w\u201d pochodzi w\u0142a\u015bnie fa\u0142szywych profili. Facebook szacuje, \u017ce poprzez wprowadzenie zmian firmowe konta strac\u0105 \u015brednio 1% fan\u00f3w. Nowe rozwi\u0105zania zapobiegn\u0105 przeprowadzaniu jedynie z pozoru skutecznych dzia\u0142a\u0144 marketingowych, kt\u00f3re trafiaj\u0105 jedynie do bezwarto\u015bciowych profili nieistniej\u0105cych os\u00f3b.<\/p>\n<p>A co si\u0119 dzia\u0142o na stronach polskiego Facebooka? Cho\u0107 wakacje nie przynios\u0142y wielkich wzrost\u00f3w w czo\u0142\u00f3wce najwi\u0119kszych, walka fanpage\u2019y trwa. Wzrost na wi\u0119kszo\u015bci najwi\u0119kszych polskoj\u0119zycznych stron w czasie wakacji zwolni\u0142. W sierpniu najwi\u0119kszymi przyrostami liczby fan\u00f3w mog\u0105 pochwali\u0107 si\u0119 strony operator\u00f3w sieci kom\u00f3rkowych. <a href=\"http:\/\/www.facebook.com\/Play\" target=\"_blank\">Play<\/a> po lipcowym przestoju zn\u00f3w ruszy\u0142 z kopyta (5% wzrostu) i dogania profil <a href=\"http:\/\/www.facebook.com\/kwejk.fan\" target=\"_blank\">Kwejka<\/a> \u2013 od pierwszej tr\u00f3jki dzieli go jeszcze 1000 fan\u00f3w. Je\u017celi tempo wzrostu najwi\u0119kszych si\u0119 utrzyma, w przysz\u0142ym miesi\u0105cu Play mo\u017ce stan\u0105\u0107 na podium za <a href=\"http:\/\/www.facebook.com\/demotywatory\" target=\"_blank\">Demotywatorami<\/a> i <a href=\"http:\/\/www.facebook.com\/serceirozum\" target=\"_blank\">Sercem i Rozumem<\/a>. <a href=\"http:\/\/www.facebook.com\/orangepolska\" target=\"_blank\">Orange Polska<\/a> (najwi\u0119kszy w tym miesi\u0105cu przyrost liczby fan\u00f3w \u2013 7%, czyli prawie 60 tys. nowych fan\u00f3w) przer\u00f3s\u0142 stron\u0119 <a href=\"https:\/\/www.facebook.com\/KubaWojewodzkiKrolTVN\/\" target=\"_blank\">Kuby Wojew\u00f3dzkiego<\/a> i jest na 6. miejscu, 500 fan\u00f3w za <a href=\"http:\/\/www.facebook.com\/allegro\" target=\"_blank\">Allegro<\/a>. Stosunkowo wysokim wzrostem te\u017c wyr\u00f3\u017cnia si\u0119 trzecia sie\u0107, <a href=\"http:\/\/www.facebook.com\/plus\" target=\"_blank\">Plus<\/a>, kt\u00f3rego fanpage zdoby\u0142 44 tys. nowych fan\u00f3w (6% wzrostu).<\/p>\n<div id=\"attachment_2149\" style=\"width: 613px\" class=\"wp-caption aligncenter\"><a href=\"http:\/\/www.sotrender.com\/pl\/fanpage-trends\/201208\" target=\"_blank\"><img loading=\"lazy\" decoding=\"async\" aria-describedby=\"caption-attachment-2149\" class=\" wp-image-2149 \" title=\"Najwi\u0119ksze komercyjne polskoj\u0119zyczne strony na Facebooku, sierpie\u0144 2012\" src=\"https:\/\/www.sotrender.com\/blog\/wp-content\/uploads\/2012\/09\/tr081.jpg\" alt=\"\" width=\"603\" height=\"440\" srcset=\"https:\/\/www.sotrender.com\/blog\/wp-content\/uploads\/2012\/09\/tr081.jpg 862w, https:\/\/www.sotrender.com\/blog\/wp-content\/uploads\/2012\/09\/tr081-475x346.jpg 475w, https:\/\/www.sotrender.com\/blog\/wp-content\/uploads\/2012\/09\/tr081-768x560.jpg 768w, https:\/\/www.sotrender.com\/blog\/wp-content\/uploads\/2012\/09\/tr081-600x437.jpg 600w\" sizes=\"(max-width: 603px) 100vw, 603px\" \/><\/a><p id=\"caption-attachment-2149\" class=\"wp-caption-text\">Kliknij, aby przej\u015b\u0107 do pe\u0142nego raportu Fanpage Trends<\/p><\/div>\n<p>Strona Demotywator\u00f3w w rankingach liczby zaanga\u017cowanych fan\u00f3w i interaktywno\u015bci trzyma 1 miejsce. Pomimo oddania w lipcu Demotywatorom tytu\u0142u najbardziej anga\u017cuj\u0105cej i interaktywnej strony polskiego Facebooka, jest nadal w dobrej formie z wynikami niewiele mniejszymi od nowego lidera. Trzecie miejsca trzymaj\u0105 <a href=\"http:\/\/www.facebook.com\/Komixxy\" target=\"_blank\">Komixxy, <\/a> jednak z du\u017co ni\u017cszymi wynikami ni\u017c pierwsza dw\u00f3jka. Najwi\u0119cej fan\u00f3w m\u00f3wi\u0105cych o stronach maj\u0105 Demotywatory i Kwejk. Demotywatory w tym rankingu po niezbyt udanych miesi\u0105cach znalaz\u0142y si\u0119 na pierwszym miejscu, bardzo mocno dystansuj\u0105c si\u0119 od konkurencji.<\/p>\n<p>W\u015br\u00f3d bran\u017c najwi\u0119cej fan\u00f3w wci\u0105\u017c ma Muzyka, podobn\u0105 ilo\u015bci\u0105 mog\u0105 si\u0119 pochwali\u0107 Odzie\u017c, E-commerce, \u017bywno\u015b\u0107, Telekomunikacja i Sport. Jednak w por\u00f3wnaniu najciekawsze jest jak strony w poszczeg\u00f3lnych bran\u017cach anga\u017cuj\u0105 swoich fan\u00f3w. Cho\u0107 najwi\u0119ksz\u0105 liczb\u0119 fan\u00f3w anga\u017cuj\u0105 E-commerce, Sport i Muzyka (te same bran\u017ce s\u0105 najbardziej interaktywne), szczeg\u00f3lnie warto zwr\u00f3ci\u0107 uwag\u0119 na Kawiarnie. Na tle innych bran\u017c wyr\u00f3\u017cnia si\u0119 ogromnym procentem zaanga\u017cowanych fan\u00f3w &#8211; co miesi\u0105c anga\u017cuje kilkadziesi\u0105t procent liczby swoich fan\u00f3w. W tym miesi\u0105cu kawiarnie zaanga\u017cowa\u0142y 234 tysi\u0105ce os\u00f3b, co stanowi 93% liczby fan\u00f3w stron z tej bran\u017cy.<\/p>\n<p><strong>Znacznie wi\u0119cej informacji, rankingi dla 31 bran\u017c oraz komentarze ekspert\u00f3w znajdziecie w <a title=\"Fanpage Trends Sierpie\u0144 2012\" href=\"http:\/\/www.sotrender.com\/pl\/fanpage-trends\/201208\" target=\"_blank\">sierpniowym raporcie Fanpage Trends.<\/a> Serdecznie zapraszamy do lektury.<\/strong><a title=\"Fanpage Trends Sierpie\u0144 2012\" href=\"http:\/\/www.sotrender.com\/pl\/fanpage-trends\/201208\" target=\"_blank\"><br \/>\n<\/a><\/p>\n","protected":false},"excerpt":{"rendered":"<p>\u017begnamy wakacje, dzieci wysy\u0142amy do szko\u0142y, a doros\u0142ych zapraszamy do podsumowania miesi\u0105ca na najpopularniejszym polskim profilu spo\u0142eczno\u015bciowym. O modzie na \u017cebrolajki pisali\u015bmy w lipcowym raporcie Fanpage Trends i na blogu. Jak udowodni\u0142 Play, ka\u017cd\u0105 mod\u0119 da si\u0119 wykorzysta\u0107 nie trac\u0105c stylu. Obrazek &#8220;Zebrolajki&#8221; z komentarzem \u201eProsimy nie lajkowa\u0107 tego postu! ;-)\u201d by\u0142 jednym z bardziej [&hellip;]<\/p>\n","protected":false},"author":31,"featured_media":18427,"comment_status":"open","ping_status":"open","sticky":false,"template":"","format":"standard","meta":{"inline_featured_image":false,"footnotes":""},"categories":[1797,1793],"tags":[25,31,7],"yoast_head":"<!-- This site is optimized with the Yoast SEO plugin v22.4 - https:\/\/yoast.com\/wordpress\/plugins\/seo\/ -->\n<title>Sotrender Fanpage Trends, sierpie\u0144 2012<\/title>\n<meta name=\"description\" content=\"\u017begnamy wakacje, dzieci wysy\u0142amy do szko\u0142y, a doros\u0142ych zapraszamy do podsumowania miesi\u0105ca na najpopularniejszym polskim profilu spo\u0142eczno\u015bciowym.\" \/>\n<meta name=\"robots\" content=\"index, follow, max-snippet:-1, max-image-preview:large, max-video-preview:-1\" \/>\n<link rel=\"canonical\" href=\"https:\/\/www.sotrender.com\/blog\/pl\/2012\/09\/marketing-polskich-firm-na-facebooku-raport-fanpage-trends-sierpien-2012-by-sotrender\/\" \/>\n<meta property=\"og:locale\" content=\"pl_PL\" \/>\n<meta property=\"og:type\" content=\"article\" \/>\n<meta property=\"og:title\" content=\"Sotrender Fanpage Trends, sierpie\u0144 2012\" \/>\n<meta property=\"og:description\" content=\"\u017begnamy wakacje, dzieci wysy\u0142amy do szko\u0142y, a doros\u0142ych zapraszamy do podsumowania miesi\u0105ca na najpopularniejszym polskim profilu spo\u0142eczno\u015bciowym.\" \/>\n<meta property=\"og:url\" content=\"https:\/\/www.sotrender.com\/blog\/pl\/2012\/09\/marketing-polskich-firm-na-facebooku-raport-fanpage-trends-sierpien-2012-by-sotrender\/\" \/>\n<meta property=\"og:site_name\" content=\"Sotrender Blog\" \/>\n<meta property=\"article:publisher\" content=\"https:\/\/www.facebook.com\/Sotrender\" \/>\n<meta property=\"article:published_time\" content=\"2012-09-12T11:31:45+00:00\" \/>\n<meta property=\"article:modified_time\" content=\"2017-04-13T15:44:55+00:00\" \/>\n<meta property=\"og:image\" content=\"https:\/\/www.sotrender.com\/blog\/wp-content\/uploads\/2015\/06\/header_blog_3.jpg\" \/>\n\t<meta property=\"og:image:width\" content=\"1600\" \/>\n\t<meta property=\"og:image:height\" content=\"700\" \/>\n\t<meta property=\"og:image:type\" content=\"image\/jpeg\" \/>\n<meta name=\"author\" content=\"Aleksandra Prejs\" \/>\n<meta name=\"twitter:card\" content=\"summary_large_image\" \/>\n<meta name=\"twitter:creator\" content=\"@Sotrender\" \/>\n<meta name=\"twitter:site\" content=\"@Sotrender\" \/>\n<meta name=\"twitter:label1\" content=\"Written by\" \/>\n\t<meta name=\"twitter:data1\" content=\"Aleksandra Prejs\" \/>\n\t<meta name=\"twitter:label2\" content=\"Est. reading time\" \/>\n\t<meta name=\"twitter:data2\" content=\"5 minutes\" \/>\n<script type=\"application\/ld+json\" class=\"yoast-schema-graph\">{\"@context\":\"https:\/\/schema.org\",\"@graph\":[{\"@type\":\"WebPage\",\"@id\":\"https:\/\/www.sotrender.com\/blog\/pl\/2012\/09\/marketing-polskich-firm-na-facebooku-raport-fanpage-trends-sierpien-2012-by-sotrender\/\",\"url\":\"https:\/\/www.sotrender.com\/blog\/pl\/2012\/09\/marketing-polskich-firm-na-facebooku-raport-fanpage-trends-sierpien-2012-by-sotrender\/\",\"name\":\"Sotrender Fanpage Trends, sierpie\u0144 2012\",\"isPartOf\":{\"@id\":\"https:\/\/www.sotrender.com\/blog\/#website\"},\"primaryImageOfPage\":{\"@id\":\"https:\/\/www.sotrender.com\/blog\/pl\/2012\/09\/marketing-polskich-firm-na-facebooku-raport-fanpage-trends-sierpien-2012-by-sotrender\/#primaryimage\"},\"image\":{\"@id\":\"https:\/\/www.sotrender.com\/blog\/pl\/2012\/09\/marketing-polskich-firm-na-facebooku-raport-fanpage-trends-sierpien-2012-by-sotrender\/#primaryimage\"},\"thumbnailUrl\":\"https:\/\/www.sotrender.com\/blog\/wp-content\/uploads\/2015\/06\/header_blog_3.jpg\",\"datePublished\":\"2012-09-12T11:31:45+00:00\",\"dateModified\":\"2017-04-13T15:44:55+00:00\",\"author\":{\"@id\":\"https:\/\/www.sotrender.com\/blog\/#\/schema\/person\/7106df62825269bc360ad9171cd7149b\"},\"description\":\"\u017begnamy wakacje, dzieci wysy\u0142amy do szko\u0142y, a doros\u0142ych zapraszamy do podsumowania miesi\u0105ca na najpopularniejszym polskim profilu spo\u0142eczno\u015bciowym.\",\"breadcrumb\":{\"@id\":\"https:\/\/www.sotrender.com\/blog\/pl\/2012\/09\/marketing-polskich-firm-na-facebooku-raport-fanpage-trends-sierpien-2012-by-sotrender\/#breadcrumb\"},\"inLanguage\":\"pl-PL\",\"potentialAction\":[{\"@type\":\"ReadAction\",\"target\":[\"https:\/\/www.sotrender.com\/blog\/pl\/2012\/09\/marketing-polskich-firm-na-facebooku-raport-fanpage-trends-sierpien-2012-by-sotrender\/\"]}]},{\"@type\":\"ImageObject\",\"inLanguage\":\"pl-PL\",\"@id\":\"https:\/\/www.sotrender.com\/blog\/pl\/2012\/09\/marketing-polskich-firm-na-facebooku-raport-fanpage-trends-sierpien-2012-by-sotrender\/#primaryimage\",\"url\":\"https:\/\/www.sotrender.com\/blog\/wp-content\/uploads\/2015\/06\/header_blog_3.jpg\",\"contentUrl\":\"https:\/\/www.sotrender.com\/blog\/wp-content\/uploads\/2015\/06\/header_blog_3.jpg\",\"width\":1600,\"height\":700},{\"@type\":\"BreadcrumbList\",\"@id\":\"https:\/\/www.sotrender.com\/blog\/pl\/2012\/09\/marketing-polskich-firm-na-facebooku-raport-fanpage-trends-sierpien-2012-by-sotrender\/#breadcrumb\",\"itemListElement\":[{\"@type\":\"ListItem\",\"position\":1,\"name\":\"Home\",\"item\":\"https:\/\/www.sotrender.com\/blog\/\"},{\"@type\":\"ListItem\",\"position\":2,\"name\":\"Marketing polskich firm na Facebooku \u2013 raport Fanpage Trends sierpie\u0144 2012 by Sotrender\"}]},{\"@type\":\"WebSite\",\"@id\":\"https:\/\/www.sotrender.com\/blog\/#website\",\"url\":\"https:\/\/www.sotrender.com\/blog\/\",\"name\":\"Sotrender Blog\",\"description\":\"\",\"potentialAction\":[{\"@type\":\"SearchAction\",\"target\":{\"@type\":\"EntryPoint\",\"urlTemplate\":\"https:\/\/www.sotrender.com\/blog\/?s={search_term_string}\"},\"query-input\":\"required name=search_term_string\"}],\"inLanguage\":\"pl-PL\"},{\"@type\":\"Person\",\"@id\":\"https:\/\/www.sotrender.com\/blog\/#\/schema\/person\/7106df62825269bc360ad9171cd7149b\",\"name\":\"Aleksandra Prejs\",\"image\":{\"@type\":\"ImageObject\",\"inLanguage\":\"pl-PL\",\"@id\":\"https:\/\/www.sotrender.com\/blog\/#\/schema\/person\/image\/\",\"url\":\"https:\/\/secure.gravatar.com\/avatar\/469000454b77ff0aacb32c49dba023be?s=96&d=mm&r=g\",\"contentUrl\":\"https:\/\/secure.gravatar.com\/avatar\/469000454b77ff0aacb32c49dba023be?s=96&d=mm&r=g\",\"caption\":\"Aleksandra Prejs\"},\"url\":\"https:\/\/www.sotrender.com\/blog\/pl\/author\/aleksandra-prejs\/\"}]}<\/script>\n<!-- \/ Yoast SEO plugin. -->","yoast_head_json":{"title":"Sotrender Fanpage Trends, sierpie\u0144 2012","description":"\u017begnamy wakacje, dzieci wysy\u0142amy do szko\u0142y, a doros\u0142ych zapraszamy do podsumowania miesi\u0105ca na najpopularniejszym polskim profilu spo\u0142eczno\u015bciowym.","robots":{"index":"index","follow":"follow","max-snippet":"max-snippet:-1","max-image-preview":"max-image-preview:large","max-video-preview":"max-video-preview:-1"},"canonical":"https:\/\/www.sotrender.com\/blog\/pl\/2012\/09\/marketing-polskich-firm-na-facebooku-raport-fanpage-trends-sierpien-2012-by-sotrender\/","og_locale":"pl_PL","og_type":"article","og_title":"Sotrender Fanpage Trends, sierpie\u0144 2012","og_description":"\u017begnamy wakacje, dzieci wysy\u0142amy do szko\u0142y, a doros\u0142ych zapraszamy do podsumowania miesi\u0105ca na najpopularniejszym polskim profilu spo\u0142eczno\u015bciowym.","og_url":"https:\/\/www.sotrender.com\/blog\/pl\/2012\/09\/marketing-polskich-firm-na-facebooku-raport-fanpage-trends-sierpien-2012-by-sotrender\/","og_site_name":"Sotrender Blog","article_publisher":"https:\/\/www.facebook.com\/Sotrender","article_published_time":"2012-09-12T11:31:45+00:00","article_modified_time":"2017-04-13T15:44:55+00:00","og_image":[{"width":1600,"height":700,"url":"https:\/\/www.sotrender.com\/blog\/wp-content\/uploads\/2015\/06\/header_blog_3.jpg","type":"image\/jpeg"}],"author":"Aleksandra Prejs","twitter_card":"summary_large_image","twitter_creator":"@Sotrender","twitter_site":"@Sotrender","twitter_misc":{"Written by":"Aleksandra Prejs","Est. reading time":"5 minutes"},"schema":{"@context":"https:\/\/schema.org","@graph":[{"@type":"WebPage","@id":"https:\/\/www.sotrender.com\/blog\/pl\/2012\/09\/marketing-polskich-firm-na-facebooku-raport-fanpage-trends-sierpien-2012-by-sotrender\/","url":"https:\/\/www.sotrender.com\/blog\/pl\/2012\/09\/marketing-polskich-firm-na-facebooku-raport-fanpage-trends-sierpien-2012-by-sotrender\/","name":"Sotrender Fanpage Trends, sierpie\u0144 2012","isPartOf":{"@id":"https:\/\/www.sotrender.com\/blog\/#website"},"primaryImageOfPage":{"@id":"https:\/\/www.sotrender.com\/blog\/pl\/2012\/09\/marketing-polskich-firm-na-facebooku-raport-fanpage-trends-sierpien-2012-by-sotrender\/#primaryimage"},"image":{"@id":"https:\/\/www.sotrender.com\/blog\/pl\/2012\/09\/marketing-polskich-firm-na-facebooku-raport-fanpage-trends-sierpien-2012-by-sotrender\/#primaryimage"},"thumbnailUrl":"https:\/\/www.sotrender.com\/blog\/wp-content\/uploads\/2015\/06\/header_blog_3.jpg","datePublished":"2012-09-12T11:31:45+00:00","dateModified":"2017-04-13T15:44:55+00:00","author":{"@id":"https:\/\/www.sotrender.com\/blog\/#\/schema\/person\/7106df62825269bc360ad9171cd7149b"},"description":"\u017begnamy wakacje, dzieci wysy\u0142amy do szko\u0142y, a doros\u0142ych zapraszamy do podsumowania miesi\u0105ca na najpopularniejszym polskim profilu spo\u0142eczno\u015bciowym.","breadcrumb":{"@id":"https:\/\/www.sotrender.com\/blog\/pl\/2012\/09\/marketing-polskich-firm-na-facebooku-raport-fanpage-trends-sierpien-2012-by-sotrender\/#breadcrumb"},"inLanguage":"pl-PL","potentialAction":[{"@type":"ReadAction","target":["https:\/\/www.sotrender.com\/blog\/pl\/2012\/09\/marketing-polskich-firm-na-facebooku-raport-fanpage-trends-sierpien-2012-by-sotrender\/"]}]},{"@type":"ImageObject","inLanguage":"pl-PL","@id":"https:\/\/www.sotrender.com\/blog\/pl\/2012\/09\/marketing-polskich-firm-na-facebooku-raport-fanpage-trends-sierpien-2012-by-sotrender\/#primaryimage","url":"https:\/\/www.sotrender.com\/blog\/wp-content\/uploads\/2015\/06\/header_blog_3.jpg","contentUrl":"https:\/\/www.sotrender.com\/blog\/wp-content\/uploads\/2015\/06\/header_blog_3.jpg","width":1600,"height":700},{"@type":"BreadcrumbList","@id":"https:\/\/www.sotrender.com\/blog\/pl\/2012\/09\/marketing-polskich-firm-na-facebooku-raport-fanpage-trends-sierpien-2012-by-sotrender\/#breadcrumb","itemListElement":[{"@type":"ListItem","position":1,"name":"Home","item":"https:\/\/www.sotrender.com\/blog\/"},{"@type":"ListItem","position":2,"name":"Marketing polskich firm na Facebooku \u2013 raport Fanpage Trends sierpie\u0144 2012 by Sotrender"}]},{"@type":"WebSite","@id":"https:\/\/www.sotrender.com\/blog\/#website","url":"https:\/\/www.sotrender.com\/blog\/","name":"Sotrender Blog","description":"","potentialAction":[{"@type":"SearchAction","target":{"@type":"EntryPoint","urlTemplate":"https:\/\/www.sotrender.com\/blog\/?s={search_term_string}"},"query-input":"required name=search_term_string"}],"inLanguage":"pl-PL"},{"@type":"Person","@id":"https:\/\/www.sotrender.com\/blog\/#\/schema\/person\/7106df62825269bc360ad9171cd7149b","name":"Aleksandra Prejs","image":{"@type":"ImageObject","inLanguage":"pl-PL","@id":"https:\/\/www.sotrender.com\/blog\/#\/schema\/person\/image\/","url":"https:\/\/secure.gravatar.com\/avatar\/469000454b77ff0aacb32c49dba023be?s=96&d=mm&r=g","contentUrl":"https:\/\/secure.gravatar.com\/avatar\/469000454b77ff0aacb32c49dba023be?s=96&d=mm&r=g","caption":"Aleksandra Prejs"},"url":"https:\/\/www.sotrender.com\/blog\/pl\/author\/aleksandra-prejs\/"}]}},"_links":{"self":[{"href":"https:\/\/www.sotrender.com\/blog\/pl\/wp-json\/wp\/v2\/posts\/2125"}],"collection":[{"href":"https:\/\/www.sotrender.com\/blog\/pl\/wp-json\/wp\/v2\/posts"}],"about":[{"href":"https:\/\/www.sotrender.com\/blog\/pl\/wp-json\/wp\/v2\/types\/post"}],"author":[{"embeddable":true,"href":"https:\/\/www.sotrender.com\/blog\/pl\/wp-json\/wp\/v2\/users\/31"}],"replies":[{"embeddable":true,"href":"https:\/\/www.sotrender.com\/blog\/pl\/wp-json\/wp\/v2\/comments?post=2125"}],"version-history":[{"count":22,"href":"https:\/\/www.sotrender.com\/blog\/pl\/wp-json\/wp\/v2\/posts\/2125\/revisions"}],"predecessor-version":[{"id":26721,"href":"https:\/\/www.sotrender.com\/blog\/pl\/wp-json\/wp\/v2\/posts\/2125\/revisions\/26721"}],"wp:featuredmedia":[{"embeddable":true,"href":"https:\/\/www.sotrender.com\/blog\/pl\/wp-json\/wp\/v2\/media\/18427"}],"wp:attachment":[{"href":"https:\/\/www.sotrender.com\/blog\/pl\/wp-json\/wp\/v2\/media?parent=2125"}],"wp:term":[{"taxonomy":"category","embeddable":true,"href":"https:\/\/www.sotrender.com\/blog\/pl\/wp-json\/wp\/v2\/categories?post=2125"},{"taxonomy":"post_tag","embeddable":true,"href":"https:\/\/www.sotrender.com\/blog\/pl\/wp-json\/wp\/v2\/tags?post=2125"}],"curies":[{"name":"wp","href":"https:\/\/api.w.org\/{rel}","templated":true}]}}