{"id":21239,"date":"2016-02-22T11:00:39","date_gmt":"2016-02-22T10:00:39","guid":{"rendered":"http:\/\/blog.sotrender.com\/?p=21239"},"modified":"2016-02-24T10:26:19","modified_gmt":"2016-02-24T09:26:19","slug":"media-a-wideo-na-facebooku-raport","status":"publish","type":"post","link":"https:\/\/www.sotrender.com\/blog\/pl\/2016\/02\/media-a-wideo-na-facebooku-raport\/","title":{"rendered":"Jak polskie media wykorzystuj\u0105 wideo na Facebooku? [RAPORT]"},"content":{"rendered":"<p style=\"text-align: justify;\"><span style=\"font-weight: 400;\">Nie od dzi\u015b wiadomo,  \u017ce tre\u015bci wideo staj\u0105 si\u0119 coraz popularniejszym sposobem komunikacji w mediach spo\u0142eczno\u015bciowych. Ten rodzaj tre\u015bci wzbudza najwi\u0119ksze zaanga\u017cowanie u\u017cytkownik\u00f3w i najsilniej przyci\u0105ga ich uwag\u0119. W Sotrenderze postanowili\u015bmy sprawdzi\u0107,  jak z mo\u017cliwo\u015bci komunikacji wideo w internecie korzystaj\u0105 polskie media.<\/span><!--more--><\/p>\n<h2 style=\"text-align: justify;\">Rosn\u0105ca rola wideo w komunikacji na Facebooku<\/h2>\n<p style=\"text-align: justify;\"><span style=\"font-weight: 400;\">Facebook mocno pozycjonuje filmy wysy\u0142ane bezpo\u015brednio na swoje serwery,  <\/span><a href=\"https:\/\/www.sotrender.com\/blog\/pl\/2015\/01\/youtube-facebook-wideo\/\"><span style=\"font-weight: 400;\">o czym ju\u017c informowali\u015bmy<\/span><\/a><span style=\"font-weight: 400;\">. Wiele marek ju\u017c teraz publikuje swoje filmy bezpo\u015brednio w\u0142a\u015bnie tam. Facebook eksperymentuje z r\u00f3\u017cnymi formami reklam wideo oraz mocno promuje filmy natywne. Posty zawieraj\u0105ce wideo publikowane bezpo\u015brednio na Facebooku s\u0105 bardziej widoczne w news feedzie i silniej rozchodz\u0105 si\u0119 wirusowo,  w przeciwie\u0144stwie do post\u00f3w z linkami,  kt\u00f3rych zasi\u0119g organiczny konsekwentnie spada (pisali\u015bmy o tym w ubieg\u0142ym roku). Wynika to z walki Facebooka z YouTube o pozycj\u0119 czo\u0142owego dostawcy tre\u015bci wideo online. Zadali\u015bmy sobie pytanie,  czy media post\u0119puj\u0105 podobnie.<\/span><\/p>\n<p style=\"text-align: justify;\"><span style=\"font-weight: 400;\">Do analizy wybrali\u015bmy najwi\u0119ksze polskie media obecne na Facebooku. Przeanalizowali\u015bmy aktywno\u015bci 30 reprezentatywnych (portale internetowe,  kana\u0142y telewizyjne,  tytu\u0142y prasowe,  stacje radiowe) profili na prze\u0142omie 2015 i 2016 roku. Z badanych stron wydzielili\u015bmy portale internetowe,  by sprawdzi\u0107 dok\u0142adniej,  jak ten segment medi\u00f3w jest aktywny w sferze wideo. \u00a0<\/span><\/p>\n<p style=\"text-align: justify;\"><a href=\"https:\/\/www.sotrender.com\/blog\/wp-content\/uploads\/2016\/02\/typy_postow_new.png\"><img loading=\"lazy\" decoding=\"async\" class=\"aligncenter size-full wp-image-21387\" src=\"https:\/\/www.sotrender.com\/blog\/wp-content\/uploads\/2016\/02\/typy_postow_new.png\" alt=\"typy_postow_new\" width=\"1400\" height=\"1000\" srcset=\"https:\/\/www.sotrender.com\/blog\/wp-content\/uploads\/2016\/02\/typy_postow_new.png 1400w, https:\/\/www.sotrender.com\/blog\/wp-content\/uploads\/2016\/02\/typy_postow_new-475x339.png 475w, https:\/\/www.sotrender.com\/blog\/wp-content\/uploads\/2016\/02\/typy_postow_new-768x549.png 768w, https:\/\/www.sotrender.com\/blog\/wp-content\/uploads\/2016\/02\/typy_postow_new-950x679.png 950w, https:\/\/www.sotrender.com\/blog\/wp-content\/uploads\/2016\/02\/typy_postow_new-600x429.png 600w\" sizes=\"(max-width: 1400px) 100vw, 1400px\" \/><\/a><\/p>\n<p style=\"text-align: justify;\"><span style=\"font-weight: 400;\">Portale internetowe na Facebooku publikuj\u0105 przede wszystkim linki. To a\u017c 93% ich wszystkich post\u00f3w w badanym okresie. W przypadku pozosta\u0142ych medi\u00f3w przewaga link\u00f3w r\u00f3wnie\u017c jest znacz\u0105ca,  ale nie a\u017c tak wyra\u017ana. Taki rozk\u0142ad nie zaskakuje,  portale internetowe korzystaj\u0105 z Facebooka przede wszystkim,  by przyci\u0105ga\u0107 ruch do siebie. Tylko nieca\u0142e 3% post\u00f3w to tre\u015bci wideo,  w por\u00f3wnaniu do niemal 10% w przypadku innych medi\u00f3w. Taki wska\u017anik te\u017c nie jest bardzo zaskakuj\u0105cy,  poniewa\u017c wi\u0119kszo\u015b\u0107 portali ma w\u0142asne playery wideo,  wi\u0119c niekoniecznie chc\u0105 dzieli\u0107 si\u0119 swoimi tre\u015bciami z Markiem Zuckerbergiem. Najmniejsz\u0105 popularno\u015bci\u0105 ciesz\u0105 si\u0119 statusy tekstowe,  co r\u00f3wnie\u017c nie mo\u017ce dziwi\u0107 w przypadku stron medi\u00f3w.<\/span><\/p>\n<p style=\"text-align: justify;\"><a href=\"https:\/\/www.sotrender.com\/blog\/wp-content\/uploads\/2016\/02\/filmy_liczba_new.png\"><img loading=\"lazy\" decoding=\"async\" class=\"aligncenter size-full wp-image-21391\" src=\"https:\/\/www.sotrender.com\/blog\/wp-content\/uploads\/2016\/02\/filmy_liczba_new.png\" alt=\"filmy_liczba_new\" width=\"2200\" height=\"1800\" srcset=\"https:\/\/www.sotrender.com\/blog\/wp-content\/uploads\/2016\/02\/filmy_liczba_new.png 2200w, https:\/\/www.sotrender.com\/blog\/wp-content\/uploads\/2016\/02\/filmy_liczba_new-475x389.png 475w, https:\/\/www.sotrender.com\/blog\/wp-content\/uploads\/2016\/02\/filmy_liczba_new-768x628.png 768w, https:\/\/www.sotrender.com\/blog\/wp-content\/uploads\/2016\/02\/filmy_liczba_new-950x777.png 950w\" sizes=\"(max-width: 2200px) 100vw, 2200px\" \/><\/a><\/p>\n<p style=\"text-align: justify;\"><span style=\"font-weight: 400;\">Najwi\u0119cej film\u00f3w opublikowa\u0142a TVP Kultura,  ale najskuteczniej t\u0119 form\u0119 komunikacji wykorzysta\u0142a strona TVN,  kt\u00f3rej wideo zamieszczane na Facebooku by\u0142y wy\u015bwietlane \u015brednio 208 tys razy (w tym rankingu wzi\u0119li\u015bmy pod uwag\u0119 jedynie strony,  kt\u00f3re w badanym okresie opublikowa\u0142y przynajmniej 3 filmy). Istotny jest r\u00f3wnie\u017c fakt,  \u017ce w badaniu analizowali\u015bmy jedynie filmy dodane przez stron\u0119,  a nie przez ni\u0105 udost\u0119pniane. Z tego wynika niska pozycja Czw\u00f3rki,  kt\u00f3ra bardzo cz\u0119sto udost\u0119pnia ju\u017c viralowe wideo. Dwie z badanych przez nas stron nie opublikowa\u0142y w grudniu i styczniu ani jednego wideo &#8211; to wPolityce.pl i Portal Fronda.pl. Warto nadmieni\u0107,  \u017ce Fronda.pl jest jedn\u0105 z najcz\u0119\u015bciej publikuj\u0105cych stron medi\u00f3w na Facebooku wed\u0142ug raport\u00f3w,  jednak do tej pory jej tw\u00f3rcy nie zdecydowali si\u0119 na wej\u015bcie w segment wideo.<\/span><\/p>\n<h2 style=\"text-align: justify;\">Wykorzystanie wideo na Facebooku przez portale internetowe<\/h2>\n<p style=\"text-align: justify;\">Je\u015bli chodzi o portale internetowe,  najcz\u0119\u015bciej wy\u015bwietlane by\u0142y wideo Gazety.pl. W badanym okresie zosta\u0142y wyswietlone ponad 18 mln razy. Nast\u0119pny w kolejno\u015bci portal internetowy,  o2\u00a0zanotowa\u0142 ponad 3, 4\u00a0mln wy\u015bwietle\u0144. Niewiele mniej od wideo Gazety.pl by\u0142y wy\u015bwietlane filmy TVN. Tre\u015bci wideo tych dw\u00f3ch stron by\u0142y zdecydowanie najch\u0119tniej ogl\u0105dane przez u\u017cytkownik\u00f3w Facebooka w badanym przez nas okresie. Jednak je\u015bli we\u017amiemy pod uwag\u0119 \u015bredni\u0105 liczb\u0119 wy\u015bwietle\u0144 na film,  liderem zostaje Fakt24.pl.<\/p>\n<p style=\"text-align: justify;\"><a href=\"https:\/\/www.sotrender.com\/blog\/wp-content\/uploads\/2016\/02\/viewsy_laczne_new.png\"><img loading=\"lazy\" decoding=\"async\" class=\"aligncenter size-full wp-image-21393\" src=\"https:\/\/www.sotrender.com\/blog\/wp-content\/uploads\/2016\/02\/viewsy_laczne_new.png\" alt=\"viewsy_laczne_new\" width=\"2300\" height=\"1800\" srcset=\"https:\/\/www.sotrender.com\/blog\/wp-content\/uploads\/2016\/02\/viewsy_laczne_new.png 2300w, https:\/\/www.sotrender.com\/blog\/wp-content\/uploads\/2016\/02\/viewsy_laczne_new-410x320.png 410w, https:\/\/www.sotrender.com\/blog\/wp-content\/uploads\/2016\/02\/viewsy_laczne_new-475x372.png 475w, https:\/\/www.sotrender.com\/blog\/wp-content\/uploads\/2016\/02\/viewsy_laczne_new-768x601.png 768w, https:\/\/www.sotrender.com\/blog\/wp-content\/uploads\/2016\/02\/viewsy_laczne_new-950x743.png 950w\" sizes=\"(max-width: 2300px) 100vw, 2300px\" \/><\/a><\/p>\n<p style=\"text-align: justify;\"><div class=\"shortcode trial\"><h4><span>Mierz dzia\u0142ania na na Facebooku w Sotrenderze!<\/span><a title=\"Wypr\u00f3buj za darmo!\" class=\"btn\" href=\"https:\/\/app.sotrender.com\/auth\/signup\/trial\/pl?utm_source=blog-cta-legacy\">Wypr\u00f3buj za darmo!<\/a><\/h4><\/div><strong><strong>\u00a0<\/strong><\/strong><\/p>\n<p style=\"text-align: justify;\"><a href=\"https:\/\/www.sotrender.com\/blog\/wp-content\/uploads\/2016\/02\/viewsy_mean_new.png\"><img loading=\"lazy\" decoding=\"async\" class=\"aligncenter size-full wp-image-21395\" src=\"https:\/\/www.sotrender.com\/blog\/wp-content\/uploads\/2016\/02\/viewsy_mean_new.png\" alt=\"viewsy_mean_new\" width=\"2200\" height=\"1800\" srcset=\"https:\/\/www.sotrender.com\/blog\/wp-content\/uploads\/2016\/02\/viewsy_mean_new.png 2200w, https:\/\/www.sotrender.com\/blog\/wp-content\/uploads\/2016\/02\/viewsy_mean_new-475x389.png 475w, https:\/\/www.sotrender.com\/blog\/wp-content\/uploads\/2016\/02\/viewsy_mean_new-768x628.png 768w, https:\/\/www.sotrender.com\/blog\/wp-content\/uploads\/2016\/02\/viewsy_mean_new-950x777.png 950w\" sizes=\"(max-width: 2200px) 100vw, 2200px\" \/><\/a><\/p>\n<h2 style=\"text-align: justify;\">P\u0142atna promocja\u00a0wideo na Facebooku<\/h2>\n<p style=\"text-align: justify;\">Postanowili\u015bmy sprawdzi\u0107 tak\u017ce,  czy media korzystaj\u0105 z p\u0142atnej promocji wideo. Strony marek promuj\u0105 oko\u0142o \u00bc swoich film\u00f3w na Facebooku,  o czym pisali\u015bmy we wspomnianej juz analizie. Jak wynika z naszych szacunk\u00f3w (wi\u0119cej o metodzie szacowania wydatk\u00f3w na Facebooku pisali\u015bmy w tym wpisie),  jedynie MTV przekracza t\u0119 warto\u015b\u0107 &#8211; po\u0142owa post\u00f3w zawieraj\u0105cych wideo by\u0142a promowana. Jedynym portalem uj\u0119tym w badaniu,  kt\u00f3ry korzysta z p\u0142atnej promocji wideo jest NOIZZ,  portal grupy Onet skierowany do generacji Y. Pozosta\u0142e portale opieraj\u0105 si\u0119 na zasi\u0119gu wirusowym swoich tre\u015bci filmowych.<\/p>\n<p style=\"text-align: justify;\"><a href=\"https:\/\/www.sotrender.com\/blog\/wp-content\/uploads\/2016\/02\/agora_sponsorowane_video.png\"><img loading=\"lazy\" decoding=\"async\" class=\"aligncenter size-full wp-image-21383\" src=\"https:\/\/www.sotrender.com\/blog\/wp-content\/uploads\/2016\/02\/agora_sponsorowane_video.png\" alt=\"agora_sponsorowane_video\" width=\"1256\" height=\"970\" srcset=\"https:\/\/www.sotrender.com\/blog\/wp-content\/uploads\/2016\/02\/agora_sponsorowane_video.png 1256w, https:\/\/www.sotrender.com\/blog\/wp-content\/uploads\/2016\/02\/agora_sponsorowane_video-475x367.png 475w, https:\/\/www.sotrender.com\/blog\/wp-content\/uploads\/2016\/02\/agora_sponsorowane_video-768x593.png 768w, https:\/\/www.sotrender.com\/blog\/wp-content\/uploads\/2016\/02\/agora_sponsorowane_video-950x734.png 950w\" sizes=\"(max-width: 1256px) 100vw, 1256px\" \/><\/a><\/p>\n<p style=\"text-align: justify;\"><span style=\"font-weight: 400;\">Ta dysproporcja mo\u017ce wynika\u0107 z faktu,  \u017ce gigant z Menlo Park inaczej traktuje profile medi\u00f3w,  a inaczej profile marek. <\/span><a href=\"https:\/\/www.sotrender.com\/blog\/2015\/05\/posting-frequency-on-facebook\/\"><span style=\"font-weight: 400;\">Media mog\u0105 publikowa\u0107 tre\u015bci<\/span><\/a><span style=\"font-weight: 400;\"> cz\u0119\u015bciej bez drastycznych spadk\u00f3w zaanga\u017cowania i zasi\u0119gu,  o czym tak\u017ce ju\u017c pisali\u015bmy w przesz\u0142o\u015bci.<\/span><\/p>\n<p style=\"text-align: justify;\">Zacznij mierzy\u0107 skuteczno\u015b\u0107 dzia\u0142a\u0144 na Facebooku ju\u017c teraz!<\/p>\n","protected":false},"excerpt":{"rendered":"<p>Nie od dzi\u015b wiadomo, \u017ce tre\u015bci wideo staj\u0105 si\u0119 coraz popularniejszym sposobem komunikacji w mediach spo\u0142eczno\u015bciowych. Ten rodzaj tre\u015bci wzbudza najwi\u0119ksze zaanga\u017cowanie u\u017cytkownik\u00f3w i najsilniej przyci\u0105ga ich uwag\u0119. W Sotrenderze postanowili\u015bmy sprawdzi\u0107, jak z mo\u017cliwo\u015bci komunikacji wideo w internecie korzystaj\u0105 polskie media.<\/p>\n","protected":false},"author":49,"featured_media":18901,"comment_status":"open","ping_status":"open","sticky":false,"template":"","format":"standard","meta":{"inline_featured_image":false,"footnotes":""},"categories":[1791,1793,1797],"tags":[17,25,409,437,519,721,1933],"yoast_head":"<!-- This site is optimized with the Yoast SEO plugin v22.4 - https:\/\/yoast.com\/wordpress\/plugins\/seo\/ -->\n<title>Media a wideo na Facebooku<\/title>\n<meta name=\"description\" content=\"Sprawdzili\u015bmy, jak z wideo na Facebooku korzystaj\u0105 najwi\u0119ksze polskie media.\" \/>\n<meta name=\"robots\" content=\"index, follow, max-snippet:-1, max-image-preview:large, max-video-preview:-1\" \/>\n<link rel=\"canonical\" href=\"https:\/\/www.sotrender.com\/blog\/pl\/2016\/02\/media-a-wideo-na-facebooku-raport\/\" \/>\n<meta property=\"og:locale\" content=\"pl_PL\" \/>\n<meta property=\"og:type\" content=\"article\" \/>\n<meta property=\"og:title\" content=\"Media a wideo na Facebooku\" \/>\n<meta property=\"og:description\" content=\"Sprawdzili\u015bmy, jak z wideo na Facebooku korzystaj\u0105 najwi\u0119ksze polskie media.\" \/>\n<meta property=\"og:url\" content=\"https:\/\/www.sotrender.com\/blog\/pl\/2016\/02\/media-a-wideo-na-facebooku-raport\/\" \/>\n<meta property=\"og:site_name\" content=\"Sotrender Blog\" \/>\n<meta property=\"article:publisher\" content=\"https:\/\/www.facebook.com\/Sotrender\" \/>\n<meta property=\"article:published_time\" content=\"2016-02-22T10:00:39+00:00\" \/>\n<meta property=\"article:modified_time\" content=\"2016-02-24T09:26:19+00:00\" \/>\n<meta property=\"og:image\" content=\"https:\/\/www.sotrender.com\/blog\/wp-content\/uploads\/2015\/07\/header_blog_3.jpg\" \/>\n\t<meta property=\"og:image:width\" content=\"1600\" \/>\n\t<meta property=\"og:image:height\" content=\"700\" \/>\n\t<meta property=\"og:image:type\" content=\"image\/jpeg\" \/>\n<meta name=\"author\" content=\"Micha\u0142 Wieczorek\" \/>\n<meta name=\"twitter:card\" content=\"summary_large_image\" \/>\n<meta name=\"twitter:creator\" content=\"@http:\/\/twitter.com\/eveningo\" \/>\n<meta name=\"twitter:site\" content=\"@Sotrender\" \/>\n<meta name=\"twitter:label1\" content=\"Written by\" \/>\n\t<meta name=\"twitter:data1\" content=\"Micha\u0142 Wieczorek\" \/>\n\t<meta name=\"twitter:label2\" content=\"Est. reading time\" \/>\n\t<meta name=\"twitter:data2\" content=\"4 minutes\" \/>\n<script type=\"application\/ld+json\" class=\"yoast-schema-graph\">{\"@context\":\"https:\/\/schema.org\",\"@graph\":[{\"@type\":\"WebPage\",\"@id\":\"https:\/\/www.sotrender.com\/blog\/pl\/2016\/02\/media-a-wideo-na-facebooku-raport\/\",\"url\":\"https:\/\/www.sotrender.com\/blog\/pl\/2016\/02\/media-a-wideo-na-facebooku-raport\/\",\"name\":\"Media a wideo na Facebooku\",\"isPartOf\":{\"@id\":\"https:\/\/www.sotrender.com\/blog\/#website\"},\"primaryImageOfPage\":{\"@id\":\"https:\/\/www.sotrender.com\/blog\/pl\/2016\/02\/media-a-wideo-na-facebooku-raport\/#primaryimage\"},\"image\":{\"@id\":\"https:\/\/www.sotrender.com\/blog\/pl\/2016\/02\/media-a-wideo-na-facebooku-raport\/#primaryimage\"},\"thumbnailUrl\":\"https:\/\/www.sotrender.com\/blog\/wp-content\/uploads\/2015\/07\/header_blog_3.jpg\",\"datePublished\":\"2016-02-22T10:00:39+00:00\",\"dateModified\":\"2016-02-24T09:26:19+00:00\",\"author\":{\"@id\":\"https:\/\/www.sotrender.com\/blog\/#\/schema\/person\/48ed6f8ff39863778de8dd32f58467f5\"},\"description\":\"Sprawdzili\u015bmy, jak z wideo na Facebooku korzystaj\u0105 najwi\u0119ksze polskie media.\",\"breadcrumb\":{\"@id\":\"https:\/\/www.sotrender.com\/blog\/pl\/2016\/02\/media-a-wideo-na-facebooku-raport\/#breadcrumb\"},\"inLanguage\":\"pl-PL\",\"potentialAction\":[{\"@type\":\"ReadAction\",\"target\":[\"https:\/\/www.sotrender.com\/blog\/pl\/2016\/02\/media-a-wideo-na-facebooku-raport\/\"]}]},{\"@type\":\"ImageObject\",\"inLanguage\":\"pl-PL\",\"@id\":\"https:\/\/www.sotrender.com\/blog\/pl\/2016\/02\/media-a-wideo-na-facebooku-raport\/#primaryimage\",\"url\":\"https:\/\/www.sotrender.com\/blog\/wp-content\/uploads\/2015\/07\/header_blog_3.jpg\",\"contentUrl\":\"https:\/\/www.sotrender.com\/blog\/wp-content\/uploads\/2015\/07\/header_blog_3.jpg\",\"width\":1600,\"height\":700},{\"@type\":\"BreadcrumbList\",\"@id\":\"https:\/\/www.sotrender.com\/blog\/pl\/2016\/02\/media-a-wideo-na-facebooku-raport\/#breadcrumb\",\"itemListElement\":[{\"@type\":\"ListItem\",\"position\":1,\"name\":\"Home\",\"item\":\"https:\/\/www.sotrender.com\/blog\/\"},{\"@type\":\"ListItem\",\"position\":2,\"name\":\"Jak polskie media wykorzystuj\u0105 wideo na Facebooku? [RAPORT]\"}]},{\"@type\":\"WebSite\",\"@id\":\"https:\/\/www.sotrender.com\/blog\/#website\",\"url\":\"https:\/\/www.sotrender.com\/blog\/\",\"name\":\"Sotrender Blog\",\"description\":\"\",\"potentialAction\":[{\"@type\":\"SearchAction\",\"target\":{\"@type\":\"EntryPoint\",\"urlTemplate\":\"https:\/\/www.sotrender.com\/blog\/?s={search_term_string}\"},\"query-input\":\"required name=search_term_string\"}],\"inLanguage\":\"pl-PL\"},{\"@type\":\"Person\",\"@id\":\"https:\/\/www.sotrender.com\/blog\/#\/schema\/person\/48ed6f8ff39863778de8dd32f58467f5\",\"name\":\"Micha\u0142 Wieczorek\",\"image\":{\"@type\":\"ImageObject\",\"inLanguage\":\"pl-PL\",\"@id\":\"https:\/\/www.sotrender.com\/blog\/#\/schema\/person\/image\/\",\"url\":\"https:\/\/secure.gravatar.com\/avatar\/65ceb2020aa2338488b9c5f33c10137f?s=96&d=mm&r=g\",\"contentUrl\":\"https:\/\/secure.gravatar.com\/avatar\/65ceb2020aa2338488b9c5f33c10137f?s=96&d=mm&r=g\",\"caption\":\"Micha\u0142 Wieczorek\"},\"description\":\"Baltic linguist, marketer, and music journalist in his free time. A big fan of good food and even better music.\",\"sameAs\":[\"https:\/\/www.linkedin.com\/in\/michaldwieczorek\",\"https:\/\/twitter.com\/http:\/\/twitter.com\/eveningo\"],\"url\":\"https:\/\/www.sotrender.com\/blog\/pl\/author\/micha_wieczorek\/\"}]}<\/script>\n<!-- \/ Yoast SEO plugin. -->","yoast_head_json":{"title":"Media a wideo na Facebooku","description":"Sprawdzili\u015bmy, jak z wideo na Facebooku korzystaj\u0105 najwi\u0119ksze polskie media.","robots":{"index":"index","follow":"follow","max-snippet":"max-snippet:-1","max-image-preview":"max-image-preview:large","max-video-preview":"max-video-preview:-1"},"canonical":"https:\/\/www.sotrender.com\/blog\/pl\/2016\/02\/media-a-wideo-na-facebooku-raport\/","og_locale":"pl_PL","og_type":"article","og_title":"Media a wideo na Facebooku","og_description":"Sprawdzili\u015bmy, jak z wideo na Facebooku korzystaj\u0105 najwi\u0119ksze polskie media.","og_url":"https:\/\/www.sotrender.com\/blog\/pl\/2016\/02\/media-a-wideo-na-facebooku-raport\/","og_site_name":"Sotrender Blog","article_publisher":"https:\/\/www.facebook.com\/Sotrender","article_published_time":"2016-02-22T10:00:39+00:00","article_modified_time":"2016-02-24T09:26:19+00:00","og_image":[{"width":1600,"height":700,"url":"https:\/\/www.sotrender.com\/blog\/wp-content\/uploads\/2015\/07\/header_blog_3.jpg","type":"image\/jpeg"}],"author":"Micha\u0142 Wieczorek","twitter_card":"summary_large_image","twitter_creator":"@http:\/\/twitter.com\/eveningo","twitter_site":"@Sotrender","twitter_misc":{"Written by":"Micha\u0142 Wieczorek","Est. reading time":"4 minutes"},"schema":{"@context":"https:\/\/schema.org","@graph":[{"@type":"WebPage","@id":"https:\/\/www.sotrender.com\/blog\/pl\/2016\/02\/media-a-wideo-na-facebooku-raport\/","url":"https:\/\/www.sotrender.com\/blog\/pl\/2016\/02\/media-a-wideo-na-facebooku-raport\/","name":"Media a wideo na Facebooku","isPartOf":{"@id":"https:\/\/www.sotrender.com\/blog\/#website"},"primaryImageOfPage":{"@id":"https:\/\/www.sotrender.com\/blog\/pl\/2016\/02\/media-a-wideo-na-facebooku-raport\/#primaryimage"},"image":{"@id":"https:\/\/www.sotrender.com\/blog\/pl\/2016\/02\/media-a-wideo-na-facebooku-raport\/#primaryimage"},"thumbnailUrl":"https:\/\/www.sotrender.com\/blog\/wp-content\/uploads\/2015\/07\/header_blog_3.jpg","datePublished":"2016-02-22T10:00:39+00:00","dateModified":"2016-02-24T09:26:19+00:00","author":{"@id":"https:\/\/www.sotrender.com\/blog\/#\/schema\/person\/48ed6f8ff39863778de8dd32f58467f5"},"description":"Sprawdzili\u015bmy, jak z wideo na Facebooku korzystaj\u0105 najwi\u0119ksze polskie media.","breadcrumb":{"@id":"https:\/\/www.sotrender.com\/blog\/pl\/2016\/02\/media-a-wideo-na-facebooku-raport\/#breadcrumb"},"inLanguage":"pl-PL","potentialAction":[{"@type":"ReadAction","target":["https:\/\/www.sotrender.com\/blog\/pl\/2016\/02\/media-a-wideo-na-facebooku-raport\/"]}]},{"@type":"ImageObject","inLanguage":"pl-PL","@id":"https:\/\/www.sotrender.com\/blog\/pl\/2016\/02\/media-a-wideo-na-facebooku-raport\/#primaryimage","url":"https:\/\/www.sotrender.com\/blog\/wp-content\/uploads\/2015\/07\/header_blog_3.jpg","contentUrl":"https:\/\/www.sotrender.com\/blog\/wp-content\/uploads\/2015\/07\/header_blog_3.jpg","width":1600,"height":700},{"@type":"BreadcrumbList","@id":"https:\/\/www.sotrender.com\/blog\/pl\/2016\/02\/media-a-wideo-na-facebooku-raport\/#breadcrumb","itemListElement":[{"@type":"ListItem","position":1,"name":"Home","item":"https:\/\/www.sotrender.com\/blog\/"},{"@type":"ListItem","position":2,"name":"Jak polskie media wykorzystuj\u0105 wideo na Facebooku? [RAPORT]"}]},{"@type":"WebSite","@id":"https:\/\/www.sotrender.com\/blog\/#website","url":"https:\/\/www.sotrender.com\/blog\/","name":"Sotrender Blog","description":"","potentialAction":[{"@type":"SearchAction","target":{"@type":"EntryPoint","urlTemplate":"https:\/\/www.sotrender.com\/blog\/?s={search_term_string}"},"query-input":"required name=search_term_string"}],"inLanguage":"pl-PL"},{"@type":"Person","@id":"https:\/\/www.sotrender.com\/blog\/#\/schema\/person\/48ed6f8ff39863778de8dd32f58467f5","name":"Micha\u0142 Wieczorek","image":{"@type":"ImageObject","inLanguage":"pl-PL","@id":"https:\/\/www.sotrender.com\/blog\/#\/schema\/person\/image\/","url":"https:\/\/secure.gravatar.com\/avatar\/65ceb2020aa2338488b9c5f33c10137f?s=96&d=mm&r=g","contentUrl":"https:\/\/secure.gravatar.com\/avatar\/65ceb2020aa2338488b9c5f33c10137f?s=96&d=mm&r=g","caption":"Micha\u0142 Wieczorek"},"description":"Baltic linguist, marketer, and music journalist in his free time. A big fan of good food and even better music.","sameAs":["https:\/\/www.linkedin.com\/in\/michaldwieczorek","https:\/\/twitter.com\/http:\/\/twitter.com\/eveningo"],"url":"https:\/\/www.sotrender.com\/blog\/pl\/author\/micha_wieczorek\/"}]}},"_links":{"self":[{"href":"https:\/\/www.sotrender.com\/blog\/pl\/wp-json\/wp\/v2\/posts\/21239"}],"collection":[{"href":"https:\/\/www.sotrender.com\/blog\/pl\/wp-json\/wp\/v2\/posts"}],"about":[{"href":"https:\/\/www.sotrender.com\/blog\/pl\/wp-json\/wp\/v2\/types\/post"}],"author":[{"embeddable":true,"href":"https:\/\/www.sotrender.com\/blog\/pl\/wp-json\/wp\/v2\/users\/49"}],"replies":[{"embeddable":true,"href":"https:\/\/www.sotrender.com\/blog\/pl\/wp-json\/wp\/v2\/comments?post=21239"}],"version-history":[{"count":13,"href":"https:\/\/www.sotrender.com\/blog\/pl\/wp-json\/wp\/v2\/posts\/21239\/revisions"}],"predecessor-version":[{"id":21397,"href":"https:\/\/www.sotrender.com\/blog\/pl\/wp-json\/wp\/v2\/posts\/21239\/revisions\/21397"}],"wp:featuredmedia":[{"embeddable":true,"href":"https:\/\/www.sotrender.com\/blog\/pl\/wp-json\/wp\/v2\/media\/18901"}],"wp:attachment":[{"href":"https:\/\/www.sotrender.com\/blog\/pl\/wp-json\/wp\/v2\/media?parent=21239"}],"wp:term":[{"taxonomy":"category","embeddable":true,"href":"https:\/\/www.sotrender.com\/blog\/pl\/wp-json\/wp\/v2\/categories?post=21239"},{"taxonomy":"post_tag","embeddable":true,"href":"https:\/\/www.sotrender.com\/blog\/pl\/wp-json\/wp\/v2\/tags?post=21239"}],"curies":[{"name":"wp","href":"https:\/\/api.w.org\/{rel}","templated":true}]}}