{"id":21083,"date":"2016-02-08T09:53:08","date_gmt":"2016-02-08T08:53:08","guid":{"rendered":"http:\/\/blog.sotrender.com\/?p=21083"},"modified":"2016-02-08T10:29:59","modified_gmt":"2016-02-08T09:29:59","slug":"fanpage-trends-styczen-2016","status":"publish","type":"post","link":"https:\/\/www.sotrender.com\/blog\/pl\/2016\/02\/fanpage-trends-styczen-2016\/","title":{"rendered":"Fanpage Trends Stycze\u0144 2016 &#8211; noworoczna aktywno\u015b\u0107 na Facebooku"},"content":{"rendered":"<p style=\"text-align: justify;\">Na pocz\u0105tku nowego roku administratorzy stron na Facebooku komunikowali si\u0119 rzadziej,  ale skuteczniej. W styczniu analizowane przez nas strony opublikowa\u0142y o 2% mniej post\u00f3w ni\u017c w grudniu. Jednocze\u015bnie wszystkie wska\u017aniki zaanga\u017cowania wzros\u0142y &#8211; liczba polubie\u0144 post\u00f3w o 10%,  udost\u0119pnie\u0144 o 7%,  a komentarzy o 3%. Gratulujemy wszystkim wysokiej skuteczno\u015bci w anga\u017cowaniu spo\u0142eczno\u015bci Facebooka.<\/p>\n<p style=\"text-align: justify;\"><span style=\"font-weight: 400;\">Co jeszcze dzia\u0142o si\u0119 na Facebooku w styczniu? Zapraszamy do lektury najnowszego raportu <a title=\"Kliknij,  aby przej\u015b\u0107 do raportu\" href=\"http:\/\/www.sotrender.pl\/trends\/facebook\" target=\"_blank\">Fanpage Trends<\/a> przygotowanego przez <a title=\"Kliknij,  aby dowiedzie\u0107 si\u0119 wi\u0119cej\" href=\"http:\/\/sotrender.pl\" target=\"_blank\">Sotrender<\/a>!<\/span><!--more--><\/p>\n<h2><span style=\"font-weight: 400;\">Wsparcie dla Artura Szpilki<\/span><\/h2>\n<p><span style=\"font-weight: 400;\">Cho\u0107 Artur Szpilka przegra\u0142 przez nokaut walk\u0119 o pas mistrzowski federacji WBC z Deontayem Wilderem,  fani nie odwr\u00f3cili si\u0119 od polskiego boksera. Wr\u0119cz przeciwnie,  w styczniu stron\u0119 Szpilki na Facebooku polubi\u0142o 149 tysi\u0119cy u\u017cytkownik\u00f3w,  a ona sama sta\u0142a si\u0119 najbardziej anga\u017cuj\u0105c\u0105 stron\u0105 miesi\u0105ca w\u015br\u00f3d stron polskoj\u0119zycznych. W kategorii Sport Artur Szpilka zanotowa\u0142 awanse we wszystkich rankingach i znalaz\u0142 si\u0119 na czele zestawienia pod wzgl\u0119dem interaktywno\u015bci.<\/span><\/p>\n<div id=\"attachment_21085\" style=\"width: 1076px\" class=\"wp-caption aligncenter\"><a href=\"https:\/\/www.sotrender.com\/blog\/wp-content\/uploads\/2016\/02\/najbardziej-angazuj\u0105cy-sport.png\"><img loading=\"lazy\" decoding=\"async\" aria-describedby=\"caption-attachment-21085\" class=\"size-full wp-image-21085\" src=\"https:\/\/www.sotrender.com\/blog\/wp-content\/uploads\/2016\/02\/najbardziej-angazuj\u0105cy-sport.png\" alt=\"Najbardziej anga\u017cuj\u0105ce strony w kategorii Sport - Fanpage Trends stycze\u0144 2016\" width=\"1066\" height=\"788\" srcset=\"https:\/\/www.sotrender.com\/blog\/wp-content\/uploads\/2016\/02\/najbardziej-angazuj\u0105cy-sport.png 1066w, https:\/\/www.sotrender.com\/blog\/wp-content\/uploads\/2016\/02\/najbardziej-angazuj\u0105cy-sport-475x351.png 475w, https:\/\/www.sotrender.com\/blog\/wp-content\/uploads\/2016\/02\/najbardziej-angazuj\u0105cy-sport-768x568.png 768w, https:\/\/www.sotrender.com\/blog\/wp-content\/uploads\/2016\/02\/najbardziej-angazuj\u0105cy-sport-950x702.png 950w\" sizes=\"(max-width: 1066px) 100vw, 1066px\" \/><\/a><p id=\"caption-attachment-21085\" class=\"wp-caption-text\">Najbardziej Najbardziej anga\u017cuj\u0105ce strony w kategorii Sport &#8211; Fanpage Trends stycze\u0144 2016<\/p><\/div>\n<p><div class=\"shortcode trial\"><h4><span>Mierz dzia\u0142ania na na Facebooku w Sotrenderze!<\/span><a title=\"Wypr\u00f3buj za darmo!\" class=\"btn\" href=\"https:\/\/app.sotrender.com\/auth\/signup\/trial\/pl?utm_source=blog-cta-legacy\">Wypr\u00f3buj za darmo!<\/a><\/h4><\/div><strong><strong>\u00a0<\/strong><\/strong><\/p>\n<h2><span style=\"font-weight: 400;\">Podsumowanie roku na Facebooku<\/span><\/h2>\n<p>&nbsp;<\/p>\n<div id=\"attachment_21087\" style=\"width: 907px\" class=\"wp-caption aligncenter\"><a href=\"https:\/\/www.sotrender.com\/blog\/wp-content\/uploads\/2016\/02\/najwi\u0119cej-post\u00f3w-u\u017cyrtkownik\u00f3w-na-FB.png\"><img loading=\"lazy\" decoding=\"async\" aria-describedby=\"caption-attachment-21087\" class=\"size-full wp-image-21087\" src=\"https:\/\/www.sotrender.com\/blog\/wp-content\/uploads\/2016\/02\/najwi\u0119cej-post\u00f3w-u\u017cyrtkownik\u00f3w-na-FB.png\" alt=\"Najwi\u0119cej post\u00f3w u\u017cytkownik\u00f3w w 2015 roku - podsumowanie roku na Facebooku\" width=\"897\" height=\"640\" srcset=\"https:\/\/www.sotrender.com\/blog\/wp-content\/uploads\/2016\/02\/najwi\u0119cej-post\u00f3w-u\u017cyrtkownik\u00f3w-na-FB.png 897w, https:\/\/www.sotrender.com\/blog\/wp-content\/uploads\/2016\/02\/najwi\u0119cej-post\u00f3w-u\u017cyrtkownik\u00f3w-na-FB-475x339.png 475w, https:\/\/www.sotrender.com\/blog\/wp-content\/uploads\/2016\/02\/najwi\u0119cej-post\u00f3w-u\u017cyrtkownik\u00f3w-na-FB-768x548.png 768w\" sizes=\"(max-width: 897px) 100vw, 897px\" \/><\/a><p id=\"caption-attachment-21087\" class=\"wp-caption-text\">Najwi\u0119cej post\u00f3w u\u017cytkownik\u00f3w w 2015 roku &#8211; podsumowanie roku na Facebooku<\/p><\/div>\n<p style=\"text-align: justify;\"><span style=\"font-weight: 400;\">W ubieg\u0142ym roku marki obecne na Facebooku zmuszone ci\u0105gle spadaj\u0105cym zasi\u0119giem organicznym coraz cz\u0119\u015bciej korzysta\u0142y z p\u0142atnej komunikacji. Ju\u017c 31% ca\u0142kowitego zasi\u0119gu polskich stron to zasi\u0119g p\u0142atny. Komunikacja na Facebooku coraz cz\u0119\u015bciej staje si\u0119 jednym z najwa\u017cniejszych element\u00f3w strategii marketingowej marek. R\u00f3wnie\u017c tych mniejszych. Dlatego w <\/span><a title=\"Kliknij,  aby dowiedzie\u0107 si\u0119 wi\u0119cej\" href=\"http:\/\/www.sotrender.pl\/reports\" target=\"_blank\"><span style=\"font-weight: 400;\">Sotrenderze<\/span><\/a><span style=\"font-weight: 400;\"> nadal wiele analiz po\u015bwi\u0119camy gigantowi z Menlo Park. Jak wygl\u0105da\u0142 Facebook w Polsce w 2015 roku? Zapraszamy do obejrzenia infografiki przygotowanej wsp\u00f3lnie z <\/span><a href=\"http:\/\/panwizualny.pl\/\"><span style=\"font-weight: 400;\">PanWizualny.pl<\/span><\/a><span style=\"font-weight: 400;\">,  na kt\u00f3rej <a title=\"Facebook w Polsce \u2013 podsumowanie 2015 r. [INFOGRAFIKA]\" href=\"https:\/\/www.sotrender.com\/blog\/pl\/2016\/01\/facebook-w-polsce-podsumowanie-2015-r-infografika\/\" target=\"_blank\">podsumowali\u015bmy najwa\u017cniejsze fakty zwi\u0105zane z komunikacj\u0105 na Facebooku w minionym roku<\/a>.<\/span><\/p>\n<h2 style=\"text-align: justify;\"><span style=\"font-weight: 400;\">Najwa\u017cniejsze analizy Sotrendera z ubieg\u0142ego roku<\/span><\/h2>\n<div id=\"attachment_18149\" style=\"width: 1930px\" class=\"wp-caption aligncenter\"><a href=\"https:\/\/www.sotrender.com\/blog\/wp-content\/uploads\/2015\/05\/posting-frequency.png\"><img loading=\"lazy\" decoding=\"async\" aria-describedby=\"caption-attachment-18149\" class=\"size-full wp-image-18149\" src=\"https:\/\/www.sotrender.com\/blog\/wp-content\/uploads\/2015\/05\/posting-frequency.png\" alt=\"Cz\u0119stotliwo\u015b\u0107 postowania stron z kategorii Media i Marki\" width=\"1920\" height=\"1030\" srcset=\"https:\/\/www.sotrender.com\/blog\/wp-content\/uploads\/2015\/05\/posting-frequency.png 1920w, https:\/\/www.sotrender.com\/blog\/wp-content\/uploads\/2015\/05\/posting-frequency-475x255.png 475w, https:\/\/www.sotrender.com\/blog\/wp-content\/uploads\/2015\/05\/posting-frequency-768x412.png 768w, https:\/\/www.sotrender.com\/blog\/wp-content\/uploads\/2015\/05\/posting-frequency-950x510.png 950w, https:\/\/www.sotrender.com\/blog\/wp-content\/uploads\/2015\/05\/posting-frequency-600x322.png 600w\" sizes=\"(max-width: 1920px) 100vw, 1920px\" \/><\/a><p id=\"caption-attachment-18149\" class=\"wp-caption-text\">Cz\u0119stotliwo\u015b\u0107 postowania stron z kategorii Media i Marki<\/p><\/div>\n<p style=\"text-align: justify;\"><span style=\"font-weight: 400;\">2015 rok obfitowa\u0142 w nasze analizy i raporty. Opr\u00f3cz comiesi\u0119cznych zestawie\u0144 Fanpage Trends,  Twitter Trends oraz YouTube Trends przygotowali\u015bmy liczne analizy dotycz\u0105ce rozmaitych aspekt\u00f3w komunikacji w social media. Zajmowali\u015bmy si\u0119 tak r\u00f3\u017cnymi tematami jak kampanie wyborcze,  rola medi\u00f3w spo\u0142eczno\u015bciowych w bran\u017cy wydawniczej,  czy si\u00f3dma cz\u0119\u015b\u0107 Gwiezdnych Wojen (mamy w firmie kilku zagorza\u0142ych fan\u00f3w sagi). Przed Wami <a title=\"Najciekawsze analizy Sotrendera w 2015 roku\" href=\"https:\/\/www.sotrender.com\/blog\/pl\/2016\/01\/najciekawsze-analizy-sotrendera-w-2015-roku\/\" target=\"_blank\">najciekawsze analizy<\/a> przeprowadzone przez <\/span><a href=\"http:\/\/sotrender.pl\/\"><span style=\"font-weight: 400;\">Sotrendera<\/span><\/a><span style=\"font-weight: 400;\"> w 2015 roku.<\/span><\/p>\n<h2 style=\"text-align: center;\"><a title=\"Kliknij,  aby przej\u015b\u0107 do raportu\" href=\"http:\/\/www.sotrender.pl\/trends\/facebook\" target=\"_blank\">Zapraszamy do lektury najnowszego wydania Fanpage Trends!<\/a><\/h2>\n","protected":false},"excerpt":{"rendered":"<p>Na pocz\u0105tku nowego roku administratorzy stron na Facebooku komunikowali si\u0119 rzadziej, ale skuteczniej. W styczniu analizowane przez nas strony opublikowa\u0142y o 2% mniej post\u00f3w ni\u017c w grudniu. Jednocze\u015bnie wszystkie wska\u017aniki zaanga\u017cowania wzros\u0142y &#8211; liczba polubie\u0144 post\u00f3w o 10%, udost\u0119pnie\u0144 o 7%, a komentarzy o 3%. Gratulujemy wszystkim wysokiej skuteczno\u015bci w anga\u017cowaniu spo\u0142eczno\u015bci Facebooka. Co jeszcze [&hellip;]<\/p>\n","protected":false},"author":49,"featured_media":18901,"comment_status":"open","ping_status":"open","sticky":false,"template":"","format":"standard","meta":{"inline_featured_image":false,"footnotes":""},"categories":[1791,1797],"tags":[17,31,1917,1919],"yoast_head":"<!-- This site is optimized with the Yoast SEO plugin v22.4 - https:\/\/yoast.com\/wordpress\/plugins\/seo\/ -->\n<title>Fanpage Trends Stycze\u0144 2016<\/title>\n<meta name=\"description\" content=\"Co dzia\u0142o si\u0119 na Facebooku w styczniu? Zapraszamy do lektury najnowszego raportu Fanpage Trends.\" \/>\n<meta name=\"robots\" content=\"index, follow, max-snippet:-1, max-image-preview:large, max-video-preview:-1\" \/>\n<link rel=\"canonical\" href=\"https:\/\/www.sotrender.com\/blog\/pl\/2016\/02\/fanpage-trends-styczen-2016\/\" \/>\n<meta property=\"og:locale\" content=\"pl_PL\" \/>\n<meta property=\"og:type\" content=\"article\" \/>\n<meta property=\"og:title\" content=\"Fanpage Trends Stycze\u0144 2016\" \/>\n<meta property=\"og:description\" content=\"Co dzia\u0142o si\u0119 na Facebooku w styczniu? Zapraszamy do lektury najnowszego raportu Fanpage Trends.\" \/>\n<meta property=\"og:url\" content=\"https:\/\/www.sotrender.com\/blog\/pl\/2016\/02\/fanpage-trends-styczen-2016\/\" \/>\n<meta property=\"og:site_name\" content=\"Sotrender Blog\" \/>\n<meta property=\"article:publisher\" content=\"https:\/\/www.facebook.com\/Sotrender\" \/>\n<meta property=\"article:published_time\" content=\"2016-02-08T08:53:08+00:00\" \/>\n<meta property=\"article:modified_time\" content=\"2016-02-08T09:29:59+00:00\" \/>\n<meta property=\"og:image\" content=\"https:\/\/www.sotrender.com\/blog\/wp-content\/uploads\/2015\/07\/header_blog_3.jpg\" \/>\n\t<meta property=\"og:image:width\" content=\"1600\" \/>\n\t<meta property=\"og:image:height\" content=\"700\" \/>\n\t<meta property=\"og:image:type\" content=\"image\/jpeg\" \/>\n<meta name=\"author\" content=\"Micha\u0142 Wieczorek\" \/>\n<meta name=\"twitter:card\" content=\"summary_large_image\" \/>\n<meta name=\"twitter:creator\" content=\"@http:\/\/twitter.com\/eveningo\" \/>\n<meta name=\"twitter:site\" content=\"@Sotrender\" \/>\n<meta name=\"twitter:label1\" content=\"Written by\" \/>\n\t<meta name=\"twitter:data1\" content=\"Micha\u0142 Wieczorek\" \/>\n\t<meta name=\"twitter:label2\" content=\"Est. reading time\" \/>\n\t<meta name=\"twitter:data2\" content=\"2 minutes\" \/>\n<script type=\"application\/ld+json\" class=\"yoast-schema-graph\">{\"@context\":\"https:\/\/schema.org\",\"@graph\":[{\"@type\":\"WebPage\",\"@id\":\"https:\/\/www.sotrender.com\/blog\/pl\/2016\/02\/fanpage-trends-styczen-2016\/\",\"url\":\"https:\/\/www.sotrender.com\/blog\/pl\/2016\/02\/fanpage-trends-styczen-2016\/\",\"name\":\"Fanpage Trends Stycze\u0144 2016\",\"isPartOf\":{\"@id\":\"https:\/\/www.sotrender.com\/blog\/#website\"},\"primaryImageOfPage\":{\"@id\":\"https:\/\/www.sotrender.com\/blog\/pl\/2016\/02\/fanpage-trends-styczen-2016\/#primaryimage\"},\"image\":{\"@id\":\"https:\/\/www.sotrender.com\/blog\/pl\/2016\/02\/fanpage-trends-styczen-2016\/#primaryimage\"},\"thumbnailUrl\":\"https:\/\/www.sotrender.com\/blog\/wp-content\/uploads\/2015\/07\/header_blog_3.jpg\",\"datePublished\":\"2016-02-08T08:53:08+00:00\",\"dateModified\":\"2016-02-08T09:29:59+00:00\",\"author\":{\"@id\":\"https:\/\/www.sotrender.com\/blog\/#\/schema\/person\/48ed6f8ff39863778de8dd32f58467f5\"},\"description\":\"Co dzia\u0142o si\u0119 na Facebooku w styczniu? Zapraszamy do lektury najnowszego raportu Fanpage Trends.\",\"breadcrumb\":{\"@id\":\"https:\/\/www.sotrender.com\/blog\/pl\/2016\/02\/fanpage-trends-styczen-2016\/#breadcrumb\"},\"inLanguage\":\"pl-PL\",\"potentialAction\":[{\"@type\":\"ReadAction\",\"target\":[\"https:\/\/www.sotrender.com\/blog\/pl\/2016\/02\/fanpage-trends-styczen-2016\/\"]}]},{\"@type\":\"ImageObject\",\"inLanguage\":\"pl-PL\",\"@id\":\"https:\/\/www.sotrender.com\/blog\/pl\/2016\/02\/fanpage-trends-styczen-2016\/#primaryimage\",\"url\":\"https:\/\/www.sotrender.com\/blog\/wp-content\/uploads\/2015\/07\/header_blog_3.jpg\",\"contentUrl\":\"https:\/\/www.sotrender.com\/blog\/wp-content\/uploads\/2015\/07\/header_blog_3.jpg\",\"width\":1600,\"height\":700},{\"@type\":\"BreadcrumbList\",\"@id\":\"https:\/\/www.sotrender.com\/blog\/pl\/2016\/02\/fanpage-trends-styczen-2016\/#breadcrumb\",\"itemListElement\":[{\"@type\":\"ListItem\",\"position\":1,\"name\":\"Home\",\"item\":\"https:\/\/www.sotrender.com\/blog\/\"},{\"@type\":\"ListItem\",\"position\":2,\"name\":\"Fanpage Trends Stycze\u0144 2016 &#8211; noworoczna aktywno\u015b\u0107 na Facebooku\"}]},{\"@type\":\"WebSite\",\"@id\":\"https:\/\/www.sotrender.com\/blog\/#website\",\"url\":\"https:\/\/www.sotrender.com\/blog\/\",\"name\":\"Sotrender Blog\",\"description\":\"\",\"potentialAction\":[{\"@type\":\"SearchAction\",\"target\":{\"@type\":\"EntryPoint\",\"urlTemplate\":\"https:\/\/www.sotrender.com\/blog\/?s={search_term_string}\"},\"query-input\":\"required name=search_term_string\"}],\"inLanguage\":\"pl-PL\"},{\"@type\":\"Person\",\"@id\":\"https:\/\/www.sotrender.com\/blog\/#\/schema\/person\/48ed6f8ff39863778de8dd32f58467f5\",\"name\":\"Micha\u0142 Wieczorek\",\"image\":{\"@type\":\"ImageObject\",\"inLanguage\":\"pl-PL\",\"@id\":\"https:\/\/www.sotrender.com\/blog\/#\/schema\/person\/image\/\",\"url\":\"https:\/\/secure.gravatar.com\/avatar\/65ceb2020aa2338488b9c5f33c10137f?s=96&d=mm&r=g\",\"contentUrl\":\"https:\/\/secure.gravatar.com\/avatar\/65ceb2020aa2338488b9c5f33c10137f?s=96&d=mm&r=g\",\"caption\":\"Micha\u0142 Wieczorek\"},\"description\":\"Baltic linguist, marketer, and music journalist in his free time. A big fan of good food and even better music.\",\"sameAs\":[\"https:\/\/www.linkedin.com\/in\/michaldwieczorek\",\"https:\/\/twitter.com\/http:\/\/twitter.com\/eveningo\"],\"url\":\"https:\/\/www.sotrender.com\/blog\/pl\/author\/micha_wieczorek\/\"}]}<\/script>\n<!-- \/ Yoast SEO plugin. -->","yoast_head_json":{"title":"Fanpage Trends Stycze\u0144 2016","description":"Co dzia\u0142o si\u0119 na Facebooku w styczniu? Zapraszamy do lektury najnowszego raportu Fanpage Trends.","robots":{"index":"index","follow":"follow","max-snippet":"max-snippet:-1","max-image-preview":"max-image-preview:large","max-video-preview":"max-video-preview:-1"},"canonical":"https:\/\/www.sotrender.com\/blog\/pl\/2016\/02\/fanpage-trends-styczen-2016\/","og_locale":"pl_PL","og_type":"article","og_title":"Fanpage Trends Stycze\u0144 2016","og_description":"Co dzia\u0142o si\u0119 na Facebooku w styczniu? Zapraszamy do lektury najnowszego raportu Fanpage Trends.","og_url":"https:\/\/www.sotrender.com\/blog\/pl\/2016\/02\/fanpage-trends-styczen-2016\/","og_site_name":"Sotrender Blog","article_publisher":"https:\/\/www.facebook.com\/Sotrender","article_published_time":"2016-02-08T08:53:08+00:00","article_modified_time":"2016-02-08T09:29:59+00:00","og_image":[{"width":1600,"height":700,"url":"https:\/\/www.sotrender.com\/blog\/wp-content\/uploads\/2015\/07\/header_blog_3.jpg","type":"image\/jpeg"}],"author":"Micha\u0142 Wieczorek","twitter_card":"summary_large_image","twitter_creator":"@http:\/\/twitter.com\/eveningo","twitter_site":"@Sotrender","twitter_misc":{"Written by":"Micha\u0142 Wieczorek","Est. reading time":"2 minutes"},"schema":{"@context":"https:\/\/schema.org","@graph":[{"@type":"WebPage","@id":"https:\/\/www.sotrender.com\/blog\/pl\/2016\/02\/fanpage-trends-styczen-2016\/","url":"https:\/\/www.sotrender.com\/blog\/pl\/2016\/02\/fanpage-trends-styczen-2016\/","name":"Fanpage Trends Stycze\u0144 2016","isPartOf":{"@id":"https:\/\/www.sotrender.com\/blog\/#website"},"primaryImageOfPage":{"@id":"https:\/\/www.sotrender.com\/blog\/pl\/2016\/02\/fanpage-trends-styczen-2016\/#primaryimage"},"image":{"@id":"https:\/\/www.sotrender.com\/blog\/pl\/2016\/02\/fanpage-trends-styczen-2016\/#primaryimage"},"thumbnailUrl":"https:\/\/www.sotrender.com\/blog\/wp-content\/uploads\/2015\/07\/header_blog_3.jpg","datePublished":"2016-02-08T08:53:08+00:00","dateModified":"2016-02-08T09:29:59+00:00","author":{"@id":"https:\/\/www.sotrender.com\/blog\/#\/schema\/person\/48ed6f8ff39863778de8dd32f58467f5"},"description":"Co dzia\u0142o si\u0119 na Facebooku w styczniu? Zapraszamy do lektury najnowszego raportu Fanpage Trends.","breadcrumb":{"@id":"https:\/\/www.sotrender.com\/blog\/pl\/2016\/02\/fanpage-trends-styczen-2016\/#breadcrumb"},"inLanguage":"pl-PL","potentialAction":[{"@type":"ReadAction","target":["https:\/\/www.sotrender.com\/blog\/pl\/2016\/02\/fanpage-trends-styczen-2016\/"]}]},{"@type":"ImageObject","inLanguage":"pl-PL","@id":"https:\/\/www.sotrender.com\/blog\/pl\/2016\/02\/fanpage-trends-styczen-2016\/#primaryimage","url":"https:\/\/www.sotrender.com\/blog\/wp-content\/uploads\/2015\/07\/header_blog_3.jpg","contentUrl":"https:\/\/www.sotrender.com\/blog\/wp-content\/uploads\/2015\/07\/header_blog_3.jpg","width":1600,"height":700},{"@type":"BreadcrumbList","@id":"https:\/\/www.sotrender.com\/blog\/pl\/2016\/02\/fanpage-trends-styczen-2016\/#breadcrumb","itemListElement":[{"@type":"ListItem","position":1,"name":"Home","item":"https:\/\/www.sotrender.com\/blog\/"},{"@type":"ListItem","position":2,"name":"Fanpage Trends Stycze\u0144 2016 &#8211; noworoczna aktywno\u015b\u0107 na Facebooku"}]},{"@type":"WebSite","@id":"https:\/\/www.sotrender.com\/blog\/#website","url":"https:\/\/www.sotrender.com\/blog\/","name":"Sotrender Blog","description":"","potentialAction":[{"@type":"SearchAction","target":{"@type":"EntryPoint","urlTemplate":"https:\/\/www.sotrender.com\/blog\/?s={search_term_string}"},"query-input":"required name=search_term_string"}],"inLanguage":"pl-PL"},{"@type":"Person","@id":"https:\/\/www.sotrender.com\/blog\/#\/schema\/person\/48ed6f8ff39863778de8dd32f58467f5","name":"Micha\u0142 Wieczorek","image":{"@type":"ImageObject","inLanguage":"pl-PL","@id":"https:\/\/www.sotrender.com\/blog\/#\/schema\/person\/image\/","url":"https:\/\/secure.gravatar.com\/avatar\/65ceb2020aa2338488b9c5f33c10137f?s=96&d=mm&r=g","contentUrl":"https:\/\/secure.gravatar.com\/avatar\/65ceb2020aa2338488b9c5f33c10137f?s=96&d=mm&r=g","caption":"Micha\u0142 Wieczorek"},"description":"Baltic linguist, marketer, and music journalist in his free time. A big fan of good food and even better music.","sameAs":["https:\/\/www.linkedin.com\/in\/michaldwieczorek","https:\/\/twitter.com\/http:\/\/twitter.com\/eveningo"],"url":"https:\/\/www.sotrender.com\/blog\/pl\/author\/micha_wieczorek\/"}]}},"_links":{"self":[{"href":"https:\/\/www.sotrender.com\/blog\/pl\/wp-json\/wp\/v2\/posts\/21083"}],"collection":[{"href":"https:\/\/www.sotrender.com\/blog\/pl\/wp-json\/wp\/v2\/posts"}],"about":[{"href":"https:\/\/www.sotrender.com\/blog\/pl\/wp-json\/wp\/v2\/types\/post"}],"author":[{"embeddable":true,"href":"https:\/\/www.sotrender.com\/blog\/pl\/wp-json\/wp\/v2\/users\/49"}],"replies":[{"embeddable":true,"href":"https:\/\/www.sotrender.com\/blog\/pl\/wp-json\/wp\/v2\/comments?post=21083"}],"version-history":[{"count":9,"href":"https:\/\/www.sotrender.com\/blog\/pl\/wp-json\/wp\/v2\/posts\/21083\/revisions"}],"predecessor-version":[{"id":21131,"href":"https:\/\/www.sotrender.com\/blog\/pl\/wp-json\/wp\/v2\/posts\/21083\/revisions\/21131"}],"wp:featuredmedia":[{"embeddable":true,"href":"https:\/\/www.sotrender.com\/blog\/pl\/wp-json\/wp\/v2\/media\/18901"}],"wp:attachment":[{"href":"https:\/\/www.sotrender.com\/blog\/pl\/wp-json\/wp\/v2\/media?parent=21083"}],"wp:term":[{"taxonomy":"category","embeddable":true,"href":"https:\/\/www.sotrender.com\/blog\/pl\/wp-json\/wp\/v2\/categories?post=21083"},{"taxonomy":"post_tag","embeddable":true,"href":"https:\/\/www.sotrender.com\/blog\/pl\/wp-json\/wp\/v2\/tags?post=21083"}],"curies":[{"name":"wp","href":"https:\/\/api.w.org\/{rel}","templated":true}]}}