{"id":21081,"date":"2016-02-09T15:00:36","date_gmt":"2016-02-09T14:00:36","guid":{"rendered":"http:\/\/blog.sotrender.com\/?p=21081"},"modified":"2018-02-22T12:47:50","modified_gmt":"2018-02-22T11:47:50","slug":"21081","status":"publish","type":"post","link":"https:\/\/www.sotrender.com\/blog\/pl\/2016\/02\/21081\/","title":{"rendered":"\u015al\u0105skie social media [RAPORT]"},"content":{"rendered":"<p style=\"text-align: justify;\"><span style=\"font-weight: 400;\">Z okazji inauguracji School of New Media przygotowali\u015bmy dla Was nie lada gratk\u0119. Pi<\/span>erwszy raport o aktywno\u015bci social media na \u015al\u0105sku!<!--more--><\/p>\n<p style=\"text-align: justify;\">Raport przygotowali\u015bmy wsp\u00f3lnie z <a title=\"Kliknij, aby dowiedzie\u0107 si\u0119 wi\u0119cej\" href=\"https:\/\/www.facebook.com\/TryRealDeal\/\" target=\"_blank\" rel=\"noopener\">Real Deal<\/a> na inauguracj\u0119 <a title=\"Kliknij, aby dowiedzie\u0107 si\u0119 wi\u0119cej\" href=\"http:\/\/sonm.pl\" target=\"_blank\" rel=\"noopener\">School of New Media<\/a> w Katowicach, gdzie <a title=\"10 narz\u0119dzi dla marketer\u00f3w, kt\u00f3re wykorzystasz w codziennej pracy\" href=\"https:\/\/www.sotrender.com\/blog\/pl\/2016\/02\/10-narzedzi-dla-marketerow-ktore-wykorzystasz-w-codziennej-pracy\/\">prezentacj\u0119 wyg\u0142osi\u0142 Jan Zaj\u0105c<\/a>. W raporcie przyjrzeli\u015bmy si\u0119 najwi\u0119kszym \u015bl\u0105skim stronom na Facebooku z czterech kategorii: Praca, Wolny Czas, Miasta i Po \u015bl\u0105sku (strony komunikuj\u0105ce si\u0119 z fanami \u015bl\u016fnsko godko). W badaniu wzi\u0119li\u015bmy pod uwag\u0119 wsp\u00f3\u0142czesne wojew\u00f3dztwo \u015bl\u0105skie, a nie tylko historyczny \u015al\u0105sk, dlatego w kategorii Miasta znajdziecie i Cz\u0119stochow\u0119, i Sosnowiec.<\/p>\n<div id=\"attachment_21153\" style=\"width: 637px\" class=\"wp-caption aligncenter\"><a href=\"https:\/\/www.sotrender.com\/blog\/wp-content\/uploads\/2016\/02\/\u015bl\u0105sk-1.png\"><img loading=\"lazy\" decoding=\"async\" aria-describedby=\"caption-attachment-21153\" class=\"size-full wp-image-21153\" src=\"https:\/\/www.sotrender.com\/blog\/wp-content\/uploads\/2016\/02\/\u015bl\u0105sk-1.png\" alt=\"Chmura s\u0142\u00f3w stron w kategorii Po \u015bl\u0105sku\" width=\"627\" height=\"531\" srcset=\"https:\/\/www.sotrender.com\/blog\/wp-content\/uploads\/2016\/02\/\u015bl\u0105sk-1.png 627w, https:\/\/www.sotrender.com\/blog\/wp-content\/uploads\/2016\/02\/\u015bl\u0105sk-1-475x402.png 475w\" sizes=\"(max-width: 627px) 100vw, 627px\" \/><\/a><p id=\"caption-attachment-21153\" class=\"wp-caption-text\">Chmura s\u0142\u00f3w stron w kategorii Po \u015bl\u0105sku<\/p><\/div>\n<p style=\"text-align: justify;\">Sprawdzili\u015bmy tak\u017ce jak wygl\u0105da sie\u0107 powi\u0105za\u0144 mi\u0119dzy u\u017cytkownikami zaanga\u017cowanymi na oficjalnych profilach \u015bl\u0105skich miast oraz najcz\u0119\u015bciej u\u017cywane s\u0142owa (polskie i \u015bl\u0105skie) przez administrator\u00f3w stron z kategorii Po \u015bl\u0105sku oraz komentarze na tych stronach.<\/p>\n<p style=\"text-align: center;\"><!--HubSpot Call-to-Action Code --><span id=\"hs-cta-wrapper-c4243256-775c-4f09-9dae-182c6d1fa4e1\" class=\"hs-cta-wrapper\"><span id=\"hs-cta-c4243256-775c-4f09-9dae-182c6d1fa4e1\" class=\"hs-cta-node hs-cta-c4243256-775c-4f09-9dae-182c6d1fa4e1\"><!-- [if lte IE 8]><\/p>\n\n\n\n\n\n<div id=\"hs-cta-ie-element\"><\/div>\n\n\n<![endif]--><a href=\"https:\/\/cta-redirect.hubspot.com\/cta\/redirect\/3842881\/c4243256-775c-4f09-9dae-182c6d1fa4e1\"><img decoding=\"async\" id=\"hs-cta-img-c4243256-775c-4f09-9dae-182c6d1fa4e1\" class=\"hs-cta-img aligncenter\" style=\"border-width: 0px;\" src=\"https:\/\/no-cache.hubspot.com\/cta\/default\/3842881\/c4243256-775c-4f09-9dae-182c6d1fa4e1.png\" alt=\"Mierz swoje dzia\u0142ania w social media!\" \/><\/a><\/span><script charset=\"utf-8\" src=\"https:\/\/js.hscta.net\/cta\/current.js\"><\/script><script type=\"text\/javascript\"> hbspt.cta.load(3842881, 'c4243256-775c-4f09-9dae-182c6d1fa4e1', {}); <\/script><\/span><!-- end HubSpot Call-to-Action Code --><\/p>\n<p style=\"text-align: justify;\">Uwaga, raport ukazuje si\u0119 w dw\u00f3ch wersjach j\u0119zykowych. Po polsku i <a title=\"Kliknij, aby pobra\u0107 raport\" href=\"http:\/\/sotrender.pl\/file\/show\/slaskie-social-media-slunsko-godka\" target=\"_blank\" rel=\"noopener\">po \u015bl\u0105sku<\/a> (przet\u0142umaczony przez ekip\u0119 <a title=\"Kliknij, aby dowiedzie\u0107 si\u0119 wi\u0119cej\" href=\"http:\/\/szmaterlok.com\" target=\"_blank\" rel=\"noopener\">Szmaterlok<\/a>)!<\/p>\n<h2 style=\"text-align: center;\"><a title=\"Kliknij, aby pobra\u0107 raport\" href=\"http:\/\/www.sotrender.pl\/file\/show\/social-media-slask\" target=\"_blank\" rel=\"noopener\">Zapraszamy do pobrania raportu<\/a>!<\/h2>\n<p>&nbsp;<\/p>\n","protected":false},"excerpt":{"rendered":"<p>Z okazji inauguracji School of New Media przygotowali\u015bmy dla Was nie lada gratk\u0119. Pierwszy raport o aktywno\u015bci social media na \u015al\u0105sku!<\/p>\n","protected":false},"author":49,"featured_media":18521,"comment_status":"open","ping_status":"open","sticky":false,"template":"","format":"standard","meta":{"inline_featured_image":false,"footnotes":""},"categories":[1791,1797],"tags":[17,589,705,1921,1923,1925],"yoast_head":"<!-- This site is optimized with the Yoast SEO plugin v22.4 - https:\/\/yoast.com\/wordpress\/plugins\/seo\/ -->\n<title>\u015al\u0105skie social media [RAPORT]<\/title>\n<meta name=\"description\" content=\"Pierwszy raport o aktywno\u015bci social media na \u015al\u0105sku!\" \/>\n<meta name=\"robots\" content=\"index, follow, max-snippet:-1, max-image-preview:large, max-video-preview:-1\" \/>\n<link rel=\"canonical\" href=\"https:\/\/www.sotrender.com\/blog\/pl\/2016\/02\/21081\/\" \/>\n<meta property=\"og:locale\" content=\"pl_PL\" \/>\n<meta property=\"og:type\" content=\"article\" \/>\n<meta property=\"og:title\" content=\"\u015al\u0105skie social media [RAPORT]\" \/>\n<meta property=\"og:description\" content=\"Pierwszy raport o aktywno\u015bci social media na \u015al\u0105sku!\" \/>\n<meta property=\"og:url\" content=\"https:\/\/www.sotrender.com\/blog\/pl\/2016\/02\/21081\/\" \/>\n<meta property=\"og:site_name\" content=\"Sotrender Blog\" \/>\n<meta property=\"article:publisher\" content=\"https:\/\/www.facebook.com\/Sotrender\" \/>\n<meta property=\"article:published_time\" content=\"2016-02-09T14:00:36+00:00\" \/>\n<meta property=\"article:modified_time\" content=\"2018-02-22T11:47:50+00:00\" \/>\n<meta property=\"og:image\" content=\"https:\/\/www.sotrender.com\/blog\/wp-content\/uploads\/2015\/06\/header_blog_31.jpg\" \/>\n\t<meta property=\"og:image:width\" content=\"1600\" \/>\n\t<meta property=\"og:image:height\" content=\"700\" \/>\n\t<meta property=\"og:image:type\" content=\"image\/jpeg\" \/>\n<meta name=\"author\" content=\"Micha\u0142 Wieczorek\" \/>\n<meta name=\"twitter:card\" content=\"summary_large_image\" \/>\n<meta name=\"twitter:creator\" content=\"@http:\/\/twitter.com\/eveningo\" \/>\n<meta name=\"twitter:site\" content=\"@Sotrender\" \/>\n<meta name=\"twitter:label1\" content=\"Written by\" \/>\n\t<meta name=\"twitter:data1\" content=\"Micha\u0142 Wieczorek\" \/>\n\t<meta name=\"twitter:label2\" content=\"Est. reading time\" \/>\n\t<meta name=\"twitter:data2\" content=\"1 minute\" \/>\n<script type=\"application\/ld+json\" class=\"yoast-schema-graph\">{\"@context\":\"https:\/\/schema.org\",\"@graph\":[{\"@type\":\"WebPage\",\"@id\":\"https:\/\/www.sotrender.com\/blog\/pl\/2016\/02\/21081\/\",\"url\":\"https:\/\/www.sotrender.com\/blog\/pl\/2016\/02\/21081\/\",\"name\":\"\u015al\u0105skie social media [RAPORT]\",\"isPartOf\":{\"@id\":\"https:\/\/www.sotrender.com\/blog\/#website\"},\"primaryImageOfPage\":{\"@id\":\"https:\/\/www.sotrender.com\/blog\/pl\/2016\/02\/21081\/#primaryimage\"},\"image\":{\"@id\":\"https:\/\/www.sotrender.com\/blog\/pl\/2016\/02\/21081\/#primaryimage\"},\"thumbnailUrl\":\"https:\/\/www.sotrender.com\/blog\/wp-content\/uploads\/2015\/06\/header_blog_31.jpg\",\"datePublished\":\"2016-02-09T14:00:36+00:00\",\"dateModified\":\"2018-02-22T11:47:50+00:00\",\"author\":{\"@id\":\"https:\/\/www.sotrender.com\/blog\/#\/schema\/person\/48ed6f8ff39863778de8dd32f58467f5\"},\"description\":\"Pierwszy raport o aktywno\u015bci social media na \u015al\u0105sku!\",\"breadcrumb\":{\"@id\":\"https:\/\/www.sotrender.com\/blog\/pl\/2016\/02\/21081\/#breadcrumb\"},\"inLanguage\":\"pl-PL\",\"potentialAction\":[{\"@type\":\"ReadAction\",\"target\":[\"https:\/\/www.sotrender.com\/blog\/pl\/2016\/02\/21081\/\"]}]},{\"@type\":\"ImageObject\",\"inLanguage\":\"pl-PL\",\"@id\":\"https:\/\/www.sotrender.com\/blog\/pl\/2016\/02\/21081\/#primaryimage\",\"url\":\"https:\/\/www.sotrender.com\/blog\/wp-content\/uploads\/2015\/06\/header_blog_31.jpg\",\"contentUrl\":\"https:\/\/www.sotrender.com\/blog\/wp-content\/uploads\/2015\/06\/header_blog_31.jpg\",\"width\":1600,\"height\":700},{\"@type\":\"BreadcrumbList\",\"@id\":\"https:\/\/www.sotrender.com\/blog\/pl\/2016\/02\/21081\/#breadcrumb\",\"itemListElement\":[{\"@type\":\"ListItem\",\"position\":1,\"name\":\"Home\",\"item\":\"https:\/\/www.sotrender.com\/blog\/\"},{\"@type\":\"ListItem\",\"position\":2,\"name\":\"\u015al\u0105skie social media [RAPORT]\"}]},{\"@type\":\"WebSite\",\"@id\":\"https:\/\/www.sotrender.com\/blog\/#website\",\"url\":\"https:\/\/www.sotrender.com\/blog\/\",\"name\":\"Sotrender Blog\",\"description\":\"\",\"potentialAction\":[{\"@type\":\"SearchAction\",\"target\":{\"@type\":\"EntryPoint\",\"urlTemplate\":\"https:\/\/www.sotrender.com\/blog\/?s={search_term_string}\"},\"query-input\":\"required name=search_term_string\"}],\"inLanguage\":\"pl-PL\"},{\"@type\":\"Person\",\"@id\":\"https:\/\/www.sotrender.com\/blog\/#\/schema\/person\/48ed6f8ff39863778de8dd32f58467f5\",\"name\":\"Micha\u0142 Wieczorek\",\"image\":{\"@type\":\"ImageObject\",\"inLanguage\":\"pl-PL\",\"@id\":\"https:\/\/www.sotrender.com\/blog\/#\/schema\/person\/image\/\",\"url\":\"https:\/\/secure.gravatar.com\/avatar\/65ceb2020aa2338488b9c5f33c10137f?s=96&d=mm&r=g\",\"contentUrl\":\"https:\/\/secure.gravatar.com\/avatar\/65ceb2020aa2338488b9c5f33c10137f?s=96&d=mm&r=g\",\"caption\":\"Micha\u0142 Wieczorek\"},\"description\":\"Baltic linguist, marketer, and music journalist in his free time. A big fan of good food and even better music.\",\"sameAs\":[\"https:\/\/www.linkedin.com\/in\/michaldwieczorek\",\"https:\/\/twitter.com\/http:\/\/twitter.com\/eveningo\"],\"url\":\"https:\/\/www.sotrender.com\/blog\/pl\/author\/micha_wieczorek\/\"}]}<\/script>\n<!-- \/ Yoast SEO plugin. -->","yoast_head_json":{"title":"\u015al\u0105skie social media [RAPORT]","description":"Pierwszy raport o aktywno\u015bci social media na \u015al\u0105sku!","robots":{"index":"index","follow":"follow","max-snippet":"max-snippet:-1","max-image-preview":"max-image-preview:large","max-video-preview":"max-video-preview:-1"},"canonical":"https:\/\/www.sotrender.com\/blog\/pl\/2016\/02\/21081\/","og_locale":"pl_PL","og_type":"article","og_title":"\u015al\u0105skie social media [RAPORT]","og_description":"Pierwszy raport o aktywno\u015bci social media na \u015al\u0105sku!","og_url":"https:\/\/www.sotrender.com\/blog\/pl\/2016\/02\/21081\/","og_site_name":"Sotrender Blog","article_publisher":"https:\/\/www.facebook.com\/Sotrender","article_published_time":"2016-02-09T14:00:36+00:00","article_modified_time":"2018-02-22T11:47:50+00:00","og_image":[{"width":1600,"height":700,"url":"https:\/\/www.sotrender.com\/blog\/wp-content\/uploads\/2015\/06\/header_blog_31.jpg","type":"image\/jpeg"}],"author":"Micha\u0142 Wieczorek","twitter_card":"summary_large_image","twitter_creator":"@http:\/\/twitter.com\/eveningo","twitter_site":"@Sotrender","twitter_misc":{"Written by":"Micha\u0142 Wieczorek","Est. reading time":"1 minute"},"schema":{"@context":"https:\/\/schema.org","@graph":[{"@type":"WebPage","@id":"https:\/\/www.sotrender.com\/blog\/pl\/2016\/02\/21081\/","url":"https:\/\/www.sotrender.com\/blog\/pl\/2016\/02\/21081\/","name":"\u015al\u0105skie social media [RAPORT]","isPartOf":{"@id":"https:\/\/www.sotrender.com\/blog\/#website"},"primaryImageOfPage":{"@id":"https:\/\/www.sotrender.com\/blog\/pl\/2016\/02\/21081\/#primaryimage"},"image":{"@id":"https:\/\/www.sotrender.com\/blog\/pl\/2016\/02\/21081\/#primaryimage"},"thumbnailUrl":"https:\/\/www.sotrender.com\/blog\/wp-content\/uploads\/2015\/06\/header_blog_31.jpg","datePublished":"2016-02-09T14:00:36+00:00","dateModified":"2018-02-22T11:47:50+00:00","author":{"@id":"https:\/\/www.sotrender.com\/blog\/#\/schema\/person\/48ed6f8ff39863778de8dd32f58467f5"},"description":"Pierwszy raport o aktywno\u015bci social media na \u015al\u0105sku!","breadcrumb":{"@id":"https:\/\/www.sotrender.com\/blog\/pl\/2016\/02\/21081\/#breadcrumb"},"inLanguage":"pl-PL","potentialAction":[{"@type":"ReadAction","target":["https:\/\/www.sotrender.com\/blog\/pl\/2016\/02\/21081\/"]}]},{"@type":"ImageObject","inLanguage":"pl-PL","@id":"https:\/\/www.sotrender.com\/blog\/pl\/2016\/02\/21081\/#primaryimage","url":"https:\/\/www.sotrender.com\/blog\/wp-content\/uploads\/2015\/06\/header_blog_31.jpg","contentUrl":"https:\/\/www.sotrender.com\/blog\/wp-content\/uploads\/2015\/06\/header_blog_31.jpg","width":1600,"height":700},{"@type":"BreadcrumbList","@id":"https:\/\/www.sotrender.com\/blog\/pl\/2016\/02\/21081\/#breadcrumb","itemListElement":[{"@type":"ListItem","position":1,"name":"Home","item":"https:\/\/www.sotrender.com\/blog\/"},{"@type":"ListItem","position":2,"name":"\u015al\u0105skie social media [RAPORT]"}]},{"@type":"WebSite","@id":"https:\/\/www.sotrender.com\/blog\/#website","url":"https:\/\/www.sotrender.com\/blog\/","name":"Sotrender Blog","description":"","potentialAction":[{"@type":"SearchAction","target":{"@type":"EntryPoint","urlTemplate":"https:\/\/www.sotrender.com\/blog\/?s={search_term_string}"},"query-input":"required name=search_term_string"}],"inLanguage":"pl-PL"},{"@type":"Person","@id":"https:\/\/www.sotrender.com\/blog\/#\/schema\/person\/48ed6f8ff39863778de8dd32f58467f5","name":"Micha\u0142 Wieczorek","image":{"@type":"ImageObject","inLanguage":"pl-PL","@id":"https:\/\/www.sotrender.com\/blog\/#\/schema\/person\/image\/","url":"https:\/\/secure.gravatar.com\/avatar\/65ceb2020aa2338488b9c5f33c10137f?s=96&d=mm&r=g","contentUrl":"https:\/\/secure.gravatar.com\/avatar\/65ceb2020aa2338488b9c5f33c10137f?s=96&d=mm&r=g","caption":"Micha\u0142 Wieczorek"},"description":"Baltic linguist, marketer, and music journalist in his free time. A big fan of good food and even better music.","sameAs":["https:\/\/www.linkedin.com\/in\/michaldwieczorek","https:\/\/twitter.com\/http:\/\/twitter.com\/eveningo"],"url":"https:\/\/www.sotrender.com\/blog\/pl\/author\/micha_wieczorek\/"}]}},"_links":{"self":[{"href":"https:\/\/www.sotrender.com\/blog\/pl\/wp-json\/wp\/v2\/posts\/21081"}],"collection":[{"href":"https:\/\/www.sotrender.com\/blog\/pl\/wp-json\/wp\/v2\/posts"}],"about":[{"href":"https:\/\/www.sotrender.com\/blog\/pl\/wp-json\/wp\/v2\/types\/post"}],"author":[{"embeddable":true,"href":"https:\/\/www.sotrender.com\/blog\/pl\/wp-json\/wp\/v2\/users\/49"}],"replies":[{"embeddable":true,"href":"https:\/\/www.sotrender.com\/blog\/pl\/wp-json\/wp\/v2\/comments?post=21081"}],"version-history":[{"count":5,"href":"https:\/\/www.sotrender.com\/blog\/pl\/wp-json\/wp\/v2\/posts\/21081\/revisions"}],"predecessor-version":[{"id":33365,"href":"https:\/\/www.sotrender.com\/blog\/pl\/wp-json\/wp\/v2\/posts\/21081\/revisions\/33365"}],"wp:featuredmedia":[{"embeddable":true,"href":"https:\/\/www.sotrender.com\/blog\/pl\/wp-json\/wp\/v2\/media\/18521"}],"wp:attachment":[{"href":"https:\/\/www.sotrender.com\/blog\/pl\/wp-json\/wp\/v2\/media?parent=21081"}],"wp:term":[{"taxonomy":"category","embeddable":true,"href":"https:\/\/www.sotrender.com\/blog\/pl\/wp-json\/wp\/v2\/categories?post=21081"},{"taxonomy":"post_tag","embeddable":true,"href":"https:\/\/www.sotrender.com\/blog\/pl\/wp-json\/wp\/v2\/tags?post=21081"}],"curies":[{"name":"wp","href":"https:\/\/api.w.org\/{rel}","templated":true}]}}