{"id":20999,"date":"2016-01-28T14:52:00","date_gmt":"2016-01-28T13:52:00","guid":{"rendered":"http:\/\/blog.sotrender.com\/?p=20999"},"modified":"2016-02-01T12:14:11","modified_gmt":"2016-02-01T11:14:11","slug":"facebook-w-polsce-podsumowanie-2015-r-infografika","status":"publish","type":"post","link":"https:\/\/www.sotrender.com\/blog\/pl\/2016\/01\/facebook-w-polsce-podsumowanie-2015-r-infografika\/","title":{"rendered":"Facebook w Polsce &#8211; podsumowanie 2015 r. [INFOGRAFIKA]"},"content":{"rendered":"<p style=\"text-align: justify;\"><span style=\"font-weight: 400;\">W ubieg\u0142ym roku marki obecne na Facebooku zmuszone ci\u0105gle spadaj\u0105cym zasi\u0119giem organicznym coraz cz\u0119\u015bciej korzysta\u0142y z p\u0142atnej komunikacji. Ju\u017c 31% ca\u0142kowitego zasi\u0119gu polskich stron to zasi\u0119g p\u0142atny. Komunikacja na Facebooku coraz cz\u0119\u015bciej staje si\u0119 jednym z najwa\u017cniejszych element\u00f3w strategii marketingowej marek. R\u00f3wnie\u017c tych mniejszych. Dlatego w <a title=\"Kliknij,  aby dowiedzie\u0107 si\u0119 wi\u0119cej\" href=\"http:\/\/www.sotrender.pl\" target=\"_blank\">Sotrenderze<\/a> nadal wiele analiz po\u015bwi\u0119camy gigantowi z Menlo Park. <\/span><span style=\"font-weight: 400;\">Jak wygl\u0105da\u0142 Facebook w Polsce w 2015 roku? <\/span><b>Zapraszamy do obejrzenia infografiki <\/b><span style=\"font-weight: 400;\">przygotowanej wsp\u00f3lnie z <\/span><a href=\"http:\/\/panwizualny.pl\/\"><b>PanWizualny.pl<\/b><\/a><span style=\"font-weight: 400;\">,  na kt\u00f3rej podsumowali\u015bmy najwa\u017cniejsze fakty zwi\u0105zane z komunikacj\u0105 na Facebooku w minionym roku.<\/span><!--more--><\/p>\n<p style=\"text-align: justify;\">Najcz\u0119\u015bciej z mo\u017cliwo\u015bci promowania post\u00f3w i stron korzysta\u0142y strony z kategorii Telekomunikacja (66% zasi\u0119gu kategorii w grudniu 2015 to zasi\u0119g p\u0142atny) oraz E-commerce i IT\/Elektronika. Najrzadziej &#8211; strony z kategorii Blogi i Ludzie,  kt\u00f3re swoj\u0105 komunikacj\u0119 opieraj\u0105 nadal na tre\u015bciach wirusowych.<\/p>\n<p style=\"text-align: justify;\">Innym efektem spadku zasi\u0119gu organicznego jest post\u0119puj\u0105ca profesjonalizacja komunikacji na Facebooku. Dzi\u0119ki odpowiedniemu targetowaniu komunikacji mo\u017cna bez wi\u0119kszych problem\u00f3w dotrze\u0107 do po\u017c\u0105danej grupy odbiorc\u00f3w. Coraz wi\u0119ksz\u0105 rol\u0119 odgrywa r\u00f3wnie\u017c odpowiednie profilowanie komunikat\u00f3w. W Sotrenderze doskonale zadajemy sobie spraw\u0119 z nowych potrzeb marketer\u00f3w,  dlatego w 2015 wprowadzili\u015bmy nowe funkcje narz\u0119dzia &#8211; <a title=\"Nowa funkcja w Sotrenderze: analiza negatywnych reakcji\" href=\"https:\/\/www.sotrender.com\/blog\/pl\/2015\/05\/analiza-negatywnych-reakcji\/\" target=\"_blank\">badanie negatywnych opinii<\/a>,  <a title=\"Analiza p\u0142atnej komunikacji na Facebooku\" href=\"https:\/\/www.sotrender.com\/blog\/pl\/2015\/12\/analiza-platnej-komunikacji-na-facebooku\/\" target=\"_blank\">analiz\u0119 p\u0142atnych post\u00f3w konkurencji<\/a>,  <a title=\"Poznaj zainteresowania fan\u00f3w Twojej marki!\" href=\"https:\/\/www.sotrender.com\/blog\/pl\/2015\/05\/poznaj-zainteresowania-fanow-twojej-marki\/\" target=\"_blank\">badanie zainteresowa\u0144 fan\u00f3w marki<\/a> oraz <a title=\"Nowe,  ulepszone por\u00f3wnanie konkurencji w Sotrenderze\" href=\"https:\/\/www.sotrender.com\/blog\/pl\/2015\/11\/nowe-ulepszone-porownanie-konkurencji-w-sotrenderze\/\" target=\"_blank\">zupe\u0142nie odmienili\u015bmy modu\u0142 por\u00f3wnania konkurencji<\/a>.<\/p>\n<p style=\"text-align: justify;\"><span style=\"font-weight: 400;\">Coraz wi\u0119ksz\u0105 rol\u0119 na Facebooku odgrywa obs\u0142uga klienta. Klienci wybieraj\u0105 ten kana\u0142 coraz cz\u0119\u015bciej,  by skontaktowa\u0107 si\u0119 z firm\u0105 w przypadku problem\u00f3w z us\u0142ugami. Najwi\u0119cej pracy mieli pod tym wzgl\u0119dem,  podobnie,  jak i w zesz\u0142ym roku administratorzy stron telekom\u00f3w. To oni tak\u017ce najszybciej odpowiadali na posty u\u017cytkownik\u00f3w. Co ciekawe,  w ubieg\u0142ym roku u\u017cytkownicy napisali ponad 10 tysi\u0119cy post\u00f3w na stronie Piotra \u2018Izaka\u2019 Skowyrskiego.<\/span><\/p>\n<p><div id=\"attachment_21005\" style=\"width: 910px\" class=\"wp-caption aligncenter\"><a href=\"https:\/\/www.sotrender.com\/blog\/wp-content\/uploads\/2016\/01\/sotrender_facebook_2016-01.png\"><img loading=\"lazy\" decoding=\"async\" aria-describedby=\"caption-attachment-21005\" class=\"size-full wp-image-21005\" src=\"https:\/\/www.sotrender.com\/blog\/wp-content\/uploads\/2016\/01\/sotrender_facebook_2016-01.png\" alt=\"Podsumowanie roku 2015 na Facebooku [INFOGRAFIKA]\" width=\"900\" height=\"8611\" srcset=\"https:\/\/www.sotrender.com\/blog\/wp-content\/uploads\/2016\/01\/sotrender_facebook_2016-01.png 900w, https:\/\/www.sotrender.com\/blog\/wp-content\/uploads\/2016\/01\/sotrender_facebook_2016-01-475x4545.png 475w, https:\/\/www.sotrender.com\/blog\/wp-content\/uploads\/2016\/01\/sotrender_facebook_2016-01-768x7348.png 768w, https:\/\/www.sotrender.com\/blog\/wp-content\/uploads\/2016\/01\/sotrender_facebook_2016-01-600x5741.png 600w\" sizes=\"(max-width: 900px) 100vw, 900px\" \/><\/a><p id=\"caption-attachment-21005\" class=\"wp-caption-text\">Podsumowanie roku 2015 na Facebooku<\/p><\/div><div class=\"shortcode trial\"><h4><span>Mierz dzia\u0142ania na na Facebooku w Sotrenderze!<\/span><a title=\"Wypr\u00f3buj za darmo!\" class=\"btn\" href=\"https:\/\/app.sotrender.com\/auth\/signup\/trial\/pl?utm_source=blog-cta-legacy\">Wypr\u00f3buj za darmo!<\/a><\/h4><\/div><strong><strong>\u00a0<\/strong><\/strong><\/p>\n","protected":false},"excerpt":{"rendered":"<p>W ubieg\u0142ym roku marki obecne na Facebooku zmuszone ci\u0105gle spadaj\u0105cym zasi\u0119giem organicznym coraz cz\u0119\u015bciej korzysta\u0142y z p\u0142atnej komunikacji. Ju\u017c 31% ca\u0142kowitego zasi\u0119gu polskich stron to zasi\u0119g p\u0142atny. Komunikacja na Facebooku coraz cz\u0119\u015bciej staje si\u0119 jednym z najwa\u017cniejszych element\u00f3w strategii marketingowej marek. R\u00f3wnie\u017c tych mniejszych. Dlatego w Sotrenderze nadal wiele analiz po\u015bwi\u0119camy gigantowi z Menlo Park. [&hellip;]<\/p>\n","protected":false},"author":49,"featured_media":18427,"comment_status":"open","ping_status":"open","sticky":false,"template":"","format":"standard","meta":{"inline_featured_image":false,"footnotes":""},"categories":[1793,1797],"tags":[17,357,1477,1905,1907],"yoast_head":"<!-- This site is optimized with the Yoast SEO plugin v22.4 - https:\/\/yoast.com\/wordpress\/plugins\/seo\/ -->\n<title>Facebook w Polsce - podsumowanie 2015 r. [INFOGRAFIKA]<\/title>\n<meta name=\"description\" content=\"Jak wygl\u0105da\u0142 Facebook w Polsce w 2015 roku? Zobaczcie nasz\u0105 infografik\u0119!\" \/>\n<meta name=\"robots\" content=\"index, follow, max-snippet:-1, max-image-preview:large, max-video-preview:-1\" \/>\n<link rel=\"canonical\" href=\"https:\/\/www.sotrender.com\/blog\/pl\/2016\/01\/facebook-w-polsce-podsumowanie-2015-r-infografika\/\" \/>\n<meta property=\"og:locale\" content=\"pl_PL\" \/>\n<meta property=\"og:type\" content=\"article\" \/>\n<meta property=\"og:title\" content=\"Facebook w Polsce - podsumowanie 2015 r. [INFOGRAFIKA]\" \/>\n<meta property=\"og:description\" content=\"Jak wygl\u0105da\u0142 Facebook w Polsce w 2015 roku? Zobaczcie nasz\u0105 infografik\u0119!\" \/>\n<meta property=\"og:url\" content=\"https:\/\/www.sotrender.com\/blog\/pl\/2016\/01\/facebook-w-polsce-podsumowanie-2015-r-infografika\/\" \/>\n<meta property=\"og:site_name\" content=\"Sotrender Blog\" \/>\n<meta property=\"article:publisher\" content=\"https:\/\/www.facebook.com\/Sotrender\" \/>\n<meta property=\"article:published_time\" content=\"2016-01-28T13:52:00+00:00\" \/>\n<meta property=\"article:modified_time\" content=\"2016-02-01T11:14:11+00:00\" \/>\n<meta property=\"og:image\" content=\"https:\/\/www.sotrender.com\/blog\/wp-content\/uploads\/2015\/06\/header_blog_3.jpg\" \/>\n\t<meta property=\"og:image:width\" content=\"1600\" \/>\n\t<meta property=\"og:image:height\" content=\"700\" \/>\n\t<meta property=\"og:image:type\" content=\"image\/jpeg\" \/>\n<meta name=\"author\" content=\"Micha\u0142 Wieczorek\" \/>\n<meta name=\"twitter:card\" content=\"summary_large_image\" \/>\n<meta name=\"twitter:creator\" content=\"@http:\/\/twitter.com\/eveningo\" \/>\n<meta name=\"twitter:site\" content=\"@Sotrender\" \/>\n<meta name=\"twitter:label1\" content=\"Written by\" \/>\n\t<meta name=\"twitter:data1\" content=\"Micha\u0142 Wieczorek\" \/>\n\t<meta name=\"twitter:label2\" content=\"Est. reading time\" \/>\n\t<meta name=\"twitter:data2\" content=\"2 minutes\" \/>\n<script type=\"application\/ld+json\" class=\"yoast-schema-graph\">{\"@context\":\"https:\/\/schema.org\",\"@graph\":[{\"@type\":\"WebPage\",\"@id\":\"https:\/\/www.sotrender.com\/blog\/pl\/2016\/01\/facebook-w-polsce-podsumowanie-2015-r-infografika\/\",\"url\":\"https:\/\/www.sotrender.com\/blog\/pl\/2016\/01\/facebook-w-polsce-podsumowanie-2015-r-infografika\/\",\"name\":\"Facebook w Polsce - podsumowanie 2015 r. [INFOGRAFIKA]\",\"isPartOf\":{\"@id\":\"https:\/\/www.sotrender.com\/blog\/#website\"},\"primaryImageOfPage\":{\"@id\":\"https:\/\/www.sotrender.com\/blog\/pl\/2016\/01\/facebook-w-polsce-podsumowanie-2015-r-infografika\/#primaryimage\"},\"image\":{\"@id\":\"https:\/\/www.sotrender.com\/blog\/pl\/2016\/01\/facebook-w-polsce-podsumowanie-2015-r-infografika\/#primaryimage\"},\"thumbnailUrl\":\"https:\/\/www.sotrender.com\/blog\/wp-content\/uploads\/2015\/06\/header_blog_3.jpg\",\"datePublished\":\"2016-01-28T13:52:00+00:00\",\"dateModified\":\"2016-02-01T11:14:11+00:00\",\"author\":{\"@id\":\"https:\/\/www.sotrender.com\/blog\/#\/schema\/person\/48ed6f8ff39863778de8dd32f58467f5\"},\"description\":\"Jak wygl\u0105da\u0142 Facebook w Polsce w 2015 roku? Zobaczcie nasz\u0105 infografik\u0119!\",\"breadcrumb\":{\"@id\":\"https:\/\/www.sotrender.com\/blog\/pl\/2016\/01\/facebook-w-polsce-podsumowanie-2015-r-infografika\/#breadcrumb\"},\"inLanguage\":\"pl-PL\",\"potentialAction\":[{\"@type\":\"ReadAction\",\"target\":[\"https:\/\/www.sotrender.com\/blog\/pl\/2016\/01\/facebook-w-polsce-podsumowanie-2015-r-infografika\/\"]}]},{\"@type\":\"ImageObject\",\"inLanguage\":\"pl-PL\",\"@id\":\"https:\/\/www.sotrender.com\/blog\/pl\/2016\/01\/facebook-w-polsce-podsumowanie-2015-r-infografika\/#primaryimage\",\"url\":\"https:\/\/www.sotrender.com\/blog\/wp-content\/uploads\/2015\/06\/header_blog_3.jpg\",\"contentUrl\":\"https:\/\/www.sotrender.com\/blog\/wp-content\/uploads\/2015\/06\/header_blog_3.jpg\",\"width\":1600,\"height\":700},{\"@type\":\"BreadcrumbList\",\"@id\":\"https:\/\/www.sotrender.com\/blog\/pl\/2016\/01\/facebook-w-polsce-podsumowanie-2015-r-infografika\/#breadcrumb\",\"itemListElement\":[{\"@type\":\"ListItem\",\"position\":1,\"name\":\"Home\",\"item\":\"https:\/\/www.sotrender.com\/blog\/\"},{\"@type\":\"ListItem\",\"position\":2,\"name\":\"Facebook w Polsce &#8211; podsumowanie 2015 r. [INFOGRAFIKA]\"}]},{\"@type\":\"WebSite\",\"@id\":\"https:\/\/www.sotrender.com\/blog\/#website\",\"url\":\"https:\/\/www.sotrender.com\/blog\/\",\"name\":\"Sotrender Blog\",\"description\":\"\",\"potentialAction\":[{\"@type\":\"SearchAction\",\"target\":{\"@type\":\"EntryPoint\",\"urlTemplate\":\"https:\/\/www.sotrender.com\/blog\/?s={search_term_string}\"},\"query-input\":\"required name=search_term_string\"}],\"inLanguage\":\"pl-PL\"},{\"@type\":\"Person\",\"@id\":\"https:\/\/www.sotrender.com\/blog\/#\/schema\/person\/48ed6f8ff39863778de8dd32f58467f5\",\"name\":\"Micha\u0142 Wieczorek\",\"image\":{\"@type\":\"ImageObject\",\"inLanguage\":\"pl-PL\",\"@id\":\"https:\/\/www.sotrender.com\/blog\/#\/schema\/person\/image\/\",\"url\":\"https:\/\/secure.gravatar.com\/avatar\/65ceb2020aa2338488b9c5f33c10137f?s=96&d=mm&r=g\",\"contentUrl\":\"https:\/\/secure.gravatar.com\/avatar\/65ceb2020aa2338488b9c5f33c10137f?s=96&d=mm&r=g\",\"caption\":\"Micha\u0142 Wieczorek\"},\"description\":\"Baltic linguist, marketer, and music journalist in his free time. A big fan of good food and even better music.\",\"sameAs\":[\"https:\/\/www.linkedin.com\/in\/michaldwieczorek\",\"https:\/\/twitter.com\/http:\/\/twitter.com\/eveningo\"],\"url\":\"https:\/\/www.sotrender.com\/blog\/pl\/author\/micha_wieczorek\/\"}]}<\/script>\n<!-- \/ Yoast SEO plugin. -->","yoast_head_json":{"title":"Facebook w Polsce - podsumowanie 2015 r. [INFOGRAFIKA]","description":"Jak wygl\u0105da\u0142 Facebook w Polsce w 2015 roku? Zobaczcie nasz\u0105 infografik\u0119!","robots":{"index":"index","follow":"follow","max-snippet":"max-snippet:-1","max-image-preview":"max-image-preview:large","max-video-preview":"max-video-preview:-1"},"canonical":"https:\/\/www.sotrender.com\/blog\/pl\/2016\/01\/facebook-w-polsce-podsumowanie-2015-r-infografika\/","og_locale":"pl_PL","og_type":"article","og_title":"Facebook w Polsce - podsumowanie 2015 r. [INFOGRAFIKA]","og_description":"Jak wygl\u0105da\u0142 Facebook w Polsce w 2015 roku? Zobaczcie nasz\u0105 infografik\u0119!","og_url":"https:\/\/www.sotrender.com\/blog\/pl\/2016\/01\/facebook-w-polsce-podsumowanie-2015-r-infografika\/","og_site_name":"Sotrender Blog","article_publisher":"https:\/\/www.facebook.com\/Sotrender","article_published_time":"2016-01-28T13:52:00+00:00","article_modified_time":"2016-02-01T11:14:11+00:00","og_image":[{"width":1600,"height":700,"url":"https:\/\/www.sotrender.com\/blog\/wp-content\/uploads\/2015\/06\/header_blog_3.jpg","type":"image\/jpeg"}],"author":"Micha\u0142 Wieczorek","twitter_card":"summary_large_image","twitter_creator":"@http:\/\/twitter.com\/eveningo","twitter_site":"@Sotrender","twitter_misc":{"Written by":"Micha\u0142 Wieczorek","Est. reading time":"2 minutes"},"schema":{"@context":"https:\/\/schema.org","@graph":[{"@type":"WebPage","@id":"https:\/\/www.sotrender.com\/blog\/pl\/2016\/01\/facebook-w-polsce-podsumowanie-2015-r-infografika\/","url":"https:\/\/www.sotrender.com\/blog\/pl\/2016\/01\/facebook-w-polsce-podsumowanie-2015-r-infografika\/","name":"Facebook w Polsce - podsumowanie 2015 r. [INFOGRAFIKA]","isPartOf":{"@id":"https:\/\/www.sotrender.com\/blog\/#website"},"primaryImageOfPage":{"@id":"https:\/\/www.sotrender.com\/blog\/pl\/2016\/01\/facebook-w-polsce-podsumowanie-2015-r-infografika\/#primaryimage"},"image":{"@id":"https:\/\/www.sotrender.com\/blog\/pl\/2016\/01\/facebook-w-polsce-podsumowanie-2015-r-infografika\/#primaryimage"},"thumbnailUrl":"https:\/\/www.sotrender.com\/blog\/wp-content\/uploads\/2015\/06\/header_blog_3.jpg","datePublished":"2016-01-28T13:52:00+00:00","dateModified":"2016-02-01T11:14:11+00:00","author":{"@id":"https:\/\/www.sotrender.com\/blog\/#\/schema\/person\/48ed6f8ff39863778de8dd32f58467f5"},"description":"Jak wygl\u0105da\u0142 Facebook w Polsce w 2015 roku? Zobaczcie nasz\u0105 infografik\u0119!","breadcrumb":{"@id":"https:\/\/www.sotrender.com\/blog\/pl\/2016\/01\/facebook-w-polsce-podsumowanie-2015-r-infografika\/#breadcrumb"},"inLanguage":"pl-PL","potentialAction":[{"@type":"ReadAction","target":["https:\/\/www.sotrender.com\/blog\/pl\/2016\/01\/facebook-w-polsce-podsumowanie-2015-r-infografika\/"]}]},{"@type":"ImageObject","inLanguage":"pl-PL","@id":"https:\/\/www.sotrender.com\/blog\/pl\/2016\/01\/facebook-w-polsce-podsumowanie-2015-r-infografika\/#primaryimage","url":"https:\/\/www.sotrender.com\/blog\/wp-content\/uploads\/2015\/06\/header_blog_3.jpg","contentUrl":"https:\/\/www.sotrender.com\/blog\/wp-content\/uploads\/2015\/06\/header_blog_3.jpg","width":1600,"height":700},{"@type":"BreadcrumbList","@id":"https:\/\/www.sotrender.com\/blog\/pl\/2016\/01\/facebook-w-polsce-podsumowanie-2015-r-infografika\/#breadcrumb","itemListElement":[{"@type":"ListItem","position":1,"name":"Home","item":"https:\/\/www.sotrender.com\/blog\/"},{"@type":"ListItem","position":2,"name":"Facebook w Polsce &#8211; podsumowanie 2015 r. [INFOGRAFIKA]"}]},{"@type":"WebSite","@id":"https:\/\/www.sotrender.com\/blog\/#website","url":"https:\/\/www.sotrender.com\/blog\/","name":"Sotrender Blog","description":"","potentialAction":[{"@type":"SearchAction","target":{"@type":"EntryPoint","urlTemplate":"https:\/\/www.sotrender.com\/blog\/?s={search_term_string}"},"query-input":"required name=search_term_string"}],"inLanguage":"pl-PL"},{"@type":"Person","@id":"https:\/\/www.sotrender.com\/blog\/#\/schema\/person\/48ed6f8ff39863778de8dd32f58467f5","name":"Micha\u0142 Wieczorek","image":{"@type":"ImageObject","inLanguage":"pl-PL","@id":"https:\/\/www.sotrender.com\/blog\/#\/schema\/person\/image\/","url":"https:\/\/secure.gravatar.com\/avatar\/65ceb2020aa2338488b9c5f33c10137f?s=96&d=mm&r=g","contentUrl":"https:\/\/secure.gravatar.com\/avatar\/65ceb2020aa2338488b9c5f33c10137f?s=96&d=mm&r=g","caption":"Micha\u0142 Wieczorek"},"description":"Baltic linguist, marketer, and music journalist in his free time. A big fan of good food and even better music.","sameAs":["https:\/\/www.linkedin.com\/in\/michaldwieczorek","https:\/\/twitter.com\/http:\/\/twitter.com\/eveningo"],"url":"https:\/\/www.sotrender.com\/blog\/pl\/author\/micha_wieczorek\/"}]}},"_links":{"self":[{"href":"https:\/\/www.sotrender.com\/blog\/pl\/wp-json\/wp\/v2\/posts\/20999"}],"collection":[{"href":"https:\/\/www.sotrender.com\/blog\/pl\/wp-json\/wp\/v2\/posts"}],"about":[{"href":"https:\/\/www.sotrender.com\/blog\/pl\/wp-json\/wp\/v2\/types\/post"}],"author":[{"embeddable":true,"href":"https:\/\/www.sotrender.com\/blog\/pl\/wp-json\/wp\/v2\/users\/49"}],"replies":[{"embeddable":true,"href":"https:\/\/www.sotrender.com\/blog\/pl\/wp-json\/wp\/v2\/comments?post=20999"}],"version-history":[{"count":7,"href":"https:\/\/www.sotrender.com\/blog\/pl\/wp-json\/wp\/v2\/posts\/20999\/revisions"}],"predecessor-version":[{"id":21021,"href":"https:\/\/www.sotrender.com\/blog\/pl\/wp-json\/wp\/v2\/posts\/20999\/revisions\/21021"}],"wp:featuredmedia":[{"embeddable":true,"href":"https:\/\/www.sotrender.com\/blog\/pl\/wp-json\/wp\/v2\/media\/18427"}],"wp:attachment":[{"href":"https:\/\/www.sotrender.com\/blog\/pl\/wp-json\/wp\/v2\/media?parent=20999"}],"wp:term":[{"taxonomy":"category","embeddable":true,"href":"https:\/\/www.sotrender.com\/blog\/pl\/wp-json\/wp\/v2\/categories?post=20999"},{"taxonomy":"post_tag","embeddable":true,"href":"https:\/\/www.sotrender.com\/blog\/pl\/wp-json\/wp\/v2\/tags?post=20999"}],"curies":[{"name":"wp","href":"https:\/\/api.w.org\/{rel}","templated":true}]}}