{"id":20983,"date":"2016-01-27T17:06:25","date_gmt":"2016-01-27T16:06:25","guid":{"rendered":"http:\/\/blog.sotrender.com\/?p=20983"},"modified":"2025-02-20T23:36:59","modified_gmt":"2025-02-20T22:36:59","slug":"twitter-w-polsce-podsumowanie-2015-r-infografika","status":"publish","type":"post","link":"https:\/\/www.sotrender.com\/blog\/pl\/2016\/01\/twitter-w-polsce-podsumowanie-2015-r-infografika\/","title":{"rendered":"Twitter w Polsce &#8211; podsumowanie 2015 r. [INFOGRAFIKA]"},"content":{"rendered":"<p style=\"text-align: justify;\"><span style=\"font-weight: 400;\">Twitter ro\u015bnie najszybciej z trzech najpopularniejszych medi\u00f3w spo\u0142eczno\u015bciowych. W ubieg\u0142ym roku liczba u\u017cytkownik\u00f3w serwisu w Polsce wzros\u0142a o ponad 30%! W <a title=\"Kliknij,  aby dowiedzie\u0107 si\u0119 wi\u0119cej\" href=\"http:\/\/www.sotrender.pl\" target=\"_blank\" rel=\"noopener\">Sotrenderze<\/a> zdajemy sobie spraw\u0119 z rosn\u0105cej roli tego medium, dlatego ci\u0105gle rozwijamy nasze comiesi\u0119czne raporty Twitter Trends o kolejne kategorie oraz <a title=\"Sprawd\u017a,  kt\u00f3re hashtagi s\u0105 najskuteczniejsze dzi\u0119ki nowej funkcji Sotrendera!\" href=\"https:\/\/www.sotrender.com\/blog\/pl\/2015\/10\/hashtagi-statystyka-twitter\/\">dodajemy nowe funkcje do naszego narz\u0119dzia<\/a>. <\/span><span style=\"font-weight: 400;\">Zapraszamy do obejrzenia infografiki, kt\u00f3r\u0105 przygotowali\u015bmy wsp\u00f3lnie z <\/span><a href=\"http:\/\/panwizualny.pl\/\"><b>panwizualny.pl<\/b><\/a><span style=\"font-weight: 400;\">. Dowiecie si\u0119 z niej, jakie by\u0142y najpopularniejsze hashtagi, kto najcz\u0119\u015bciej \u0107wierka\u0142, czyje tweety budzi\u0142y najwi\u0119cej emocji oraz czym charakteryzuje si\u0119 Twitter w Polsce.<\/span><!--more--><\/p>\n<p style=\"text-align: justify;\"><span style=\"font-weight: 400;\">Podw\u00f3jne wybory mocno odbi\u0142y si\u0119 na tematyce dyskusji na Twitterze. Dominacja polityki by\u0142a bezsprzeczna. W najcz\u0119\u015bciej u\u017cywanych hashtagach 2015 roku znalaz\u0142y si\u0119 m.in. #debata, #wybory2015, #kopacz, #tokfm. U\u017cytkownicy najcz\u0119\u015bciej wspominali profile prezydenta Andrzeja Dudy, prawicowego dziennikarza Samuela Pereiry oraz blogerk\u0119 Kataryn\u0119. Te dwa ostatnie profile trafi\u0142y do czo\u0142\u00f3wki najbardziej anga\u017cuj\u0105cych profili na Twitterze w ubieg\u0142ym roku. Poza nimi w pierwszej pi\u0105tce znale\u017ali si\u0119 r\u00f3wnie\u017c dziennikarz sportowy Krzysztof Stanowski oraz dw\u00f3jka m\u0142odych wokalist\u00f3w &#8211; Dawid Kwiatkowski i Saszan.<\/span><\/p>\n<p style=\"text-align: justify;\"><span style=\"font-weight: 400;\">Twitter w ubieg\u0142ym roku mia\u0142 trzech lider\u00f3w &#8211; Roberta Lewandowskiego, Andrzeja Dud\u0119 oraz Dawida Kwiatkowskiego. Profil najlepszego polskiego pi\u0142karza w zesz\u0142ym roku zacz\u0119\u0142o obserwowa\u0107 ponad 300 tysi\u0119cy nowych u\u017cytkownik\u00f3w, czyli obserwuje go teraz o 929% wi\u0119cej twitterowicz\u00f3w ni\u017c przed rokiem. Lewy \u0107wierka\u0142\u00a0rzadko, ale skutecznie &#8211; a\u017c cztery z dziesi\u0119ciu najbardziej anga\u017cuj\u0105cych tweet\u00f3w by\u0142y jego autorstwa. Andrzej Duda zbudowa\u0142 bardzo zaanga\u017cowan\u0105 spo\u0142eczno\u015b\u0107, podobnie jak Dawid Kwiatkowski, kt\u00f3rego hashtag #szepcz\u0119 trafi\u0142 do zestawienia najlepszych hashtag\u00f3w ubieg\u0142ego roku.<\/span><\/p>\n<p style=\"text-align: justify;\"><strong><strong>\u00a0<\/strong><\/strong><\/p>\n<h2 style=\"text-align: center;\"><b>Zapraszamy do obejrzenia ca\u0142ej infografiki podsumowuj\u0105cej 2015 r. na Twitterze w Polsce!<\/b><\/h2>\n<div id=\"attachment_20985\" style=\"width: 910px\" class=\"wp-caption aligncenter\"><a href=\"https:\/\/www.sotrender.com\/blog\/wp-content\/uploads\/2016\/01\/sotrender_twitter_2016-01.png\"><img loading=\"lazy\" decoding=\"async\" aria-describedby=\"caption-attachment-20985\" class=\"size-full wp-image-20985\" src=\"https:\/\/www.sotrender.com\/blog\/wp-content\/uploads\/2016\/01\/sotrender_twitter_2016-01.png\" alt=\"Podsumowanie 2015 roku na Twitterze przygotowane przez Sotrendera i panwizualny.pl\" width=\"900\" height=\"7569\" srcset=\"https:\/\/www.sotrender.com\/blog\/wp-content\/uploads\/2016\/01\/sotrender_twitter_2016-01.png 900w, https:\/\/www.sotrender.com\/blog\/wp-content\/uploads\/2016\/01\/sotrender_twitter_2016-01-475x3995.png 475w, https:\/\/www.sotrender.com\/blog\/wp-content\/uploads\/2016\/01\/sotrender_twitter_2016-01-768x6459.png 768w, https:\/\/www.sotrender.com\/blog\/wp-content\/uploads\/2016\/01\/sotrender_twitter_2016-01-600x5046.png 600w\" sizes=\"(max-width: 900px) 100vw, 900px\" \/><\/a><p id=\"caption-attachment-20985\" class=\"wp-caption-text\">Podsumowanie 2015 roku na Twitterze<\/p><\/div>\n","protected":false},"excerpt":{"rendered":"<p>Twitter ro\u015bnie najszybciej z trzech najpopularniejszych medi\u00f3w spo\u0142eczno\u015bciowych. W ubieg\u0142ym roku liczba u\u017cytkownik\u00f3w serwisu w Polsce wzros\u0142a o ponad 30%! W Sotrenderze zdajemy sobie spraw\u0119 z rosn\u0105cej roli tego medium, dlatego ci\u0105gle rozwijamy nasze comiesi\u0119czne raporty Twitter Trends o kolejne kategorie oraz dodajemy nowe funkcje do naszego narz\u0119dzia. Zapraszamy do obejrzenia infografiki, kt\u00f3r\u0105 przygotowali\u015bmy wsp\u00f3lnie [&hellip;]<\/p>\n","protected":false},"author":49,"featured_media":18521,"comment_status":"open","ping_status":"open","sticky":false,"template":"","format":"standard","meta":{"inline_featured_image":false,"footnotes":""},"categories":[1793,1799],"tags":[7,319,409,471,589,725,1477,1551,1553],"yoast_head":"<!-- This site is optimized with the Yoast SEO plugin v22.4 - https:\/\/yoast.com\/wordpress\/plugins\/seo\/ -->\n<title>Twitter w Polsce - podsumowanie 2015 r. [INFOGRAFIKA]<\/title>\n<meta name=\"description\" content=\"Najwa\u017cniejsze dane dotycz\u0105ce Twittera w Polsce w 2015 roku.\" \/>\n<meta name=\"robots\" content=\"index, follow, max-snippet:-1, max-image-preview:large, max-video-preview:-1\" \/>\n<link rel=\"canonical\" href=\"https:\/\/www.sotrender.com\/blog\/pl\/2016\/01\/twitter-w-polsce-podsumowanie-2015-r-infografika\/\" \/>\n<meta property=\"og:locale\" content=\"pl_PL\" \/>\n<meta property=\"og:type\" content=\"article\" \/>\n<meta property=\"og:title\" content=\"Twitter w Polsce - podsumowanie 2015 r. [INFOGRAFIKA]\" \/>\n<meta property=\"og:description\" content=\"Najwa\u017cniejsze dane dotycz\u0105ce Twittera w Polsce w 2015 roku.\" \/>\n<meta property=\"og:url\" content=\"https:\/\/www.sotrender.com\/blog\/pl\/2016\/01\/twitter-w-polsce-podsumowanie-2015-r-infografika\/\" \/>\n<meta property=\"og:site_name\" content=\"Sotrender Blog\" \/>\n<meta property=\"article:publisher\" content=\"https:\/\/www.facebook.com\/Sotrender\" \/>\n<meta property=\"article:published_time\" content=\"2016-01-27T16:06:25+00:00\" \/>\n<meta property=\"article:modified_time\" content=\"2025-02-20T22:36:59+00:00\" \/>\n<meta property=\"og:image\" content=\"https:\/\/www.sotrender.com\/blog\/wp-content\/uploads\/2015\/06\/header_blog_31.jpg\" \/>\n\t<meta property=\"og:image:width\" content=\"1600\" \/>\n\t<meta property=\"og:image:height\" content=\"700\" \/>\n\t<meta property=\"og:image:type\" content=\"image\/jpeg\" \/>\n<meta name=\"author\" content=\"Micha\u0142 Wieczorek\" \/>\n<meta name=\"twitter:card\" content=\"summary_large_image\" \/>\n<meta name=\"twitter:creator\" content=\"@http:\/\/twitter.com\/eveningo\" \/>\n<meta name=\"twitter:site\" content=\"@Sotrender\" \/>\n<meta name=\"twitter:label1\" content=\"Written by\" \/>\n\t<meta name=\"twitter:data1\" content=\"Micha\u0142 Wieczorek\" \/>\n\t<meta name=\"twitter:label2\" content=\"Est. reading time\" \/>\n\t<meta name=\"twitter:data2\" content=\"2 minutes\" \/>\n<script type=\"application\/ld+json\" class=\"yoast-schema-graph\">{\"@context\":\"https:\/\/schema.org\",\"@graph\":[{\"@type\":\"WebPage\",\"@id\":\"https:\/\/www.sotrender.com\/blog\/pl\/2016\/01\/twitter-w-polsce-podsumowanie-2015-r-infografika\/\",\"url\":\"https:\/\/www.sotrender.com\/blog\/pl\/2016\/01\/twitter-w-polsce-podsumowanie-2015-r-infografika\/\",\"name\":\"Twitter w Polsce - podsumowanie 2015 r. [INFOGRAFIKA]\",\"isPartOf\":{\"@id\":\"https:\/\/www.sotrender.com\/blog\/#website\"},\"primaryImageOfPage\":{\"@id\":\"https:\/\/www.sotrender.com\/blog\/pl\/2016\/01\/twitter-w-polsce-podsumowanie-2015-r-infografika\/#primaryimage\"},\"image\":{\"@id\":\"https:\/\/www.sotrender.com\/blog\/pl\/2016\/01\/twitter-w-polsce-podsumowanie-2015-r-infografika\/#primaryimage\"},\"thumbnailUrl\":\"https:\/\/www.sotrender.com\/blog\/wp-content\/uploads\/2015\/06\/header_blog_31.jpg\",\"datePublished\":\"2016-01-27T16:06:25+00:00\",\"dateModified\":\"2025-02-20T22:36:59+00:00\",\"author\":{\"@id\":\"https:\/\/www.sotrender.com\/blog\/#\/schema\/person\/48ed6f8ff39863778de8dd32f58467f5\"},\"description\":\"Najwa\u017cniejsze dane dotycz\u0105ce Twittera w Polsce w 2015 roku.\",\"breadcrumb\":{\"@id\":\"https:\/\/www.sotrender.com\/blog\/pl\/2016\/01\/twitter-w-polsce-podsumowanie-2015-r-infografika\/#breadcrumb\"},\"inLanguage\":\"pl-PL\",\"potentialAction\":[{\"@type\":\"ReadAction\",\"target\":[\"https:\/\/www.sotrender.com\/blog\/pl\/2016\/01\/twitter-w-polsce-podsumowanie-2015-r-infografika\/\"]}]},{\"@type\":\"ImageObject\",\"inLanguage\":\"pl-PL\",\"@id\":\"https:\/\/www.sotrender.com\/blog\/pl\/2016\/01\/twitter-w-polsce-podsumowanie-2015-r-infografika\/#primaryimage\",\"url\":\"https:\/\/www.sotrender.com\/blog\/wp-content\/uploads\/2015\/06\/header_blog_31.jpg\",\"contentUrl\":\"https:\/\/www.sotrender.com\/blog\/wp-content\/uploads\/2015\/06\/header_blog_31.jpg\",\"width\":1600,\"height\":700},{\"@type\":\"BreadcrumbList\",\"@id\":\"https:\/\/www.sotrender.com\/blog\/pl\/2016\/01\/twitter-w-polsce-podsumowanie-2015-r-infografika\/#breadcrumb\",\"itemListElement\":[{\"@type\":\"ListItem\",\"position\":1,\"name\":\"Home\",\"item\":\"https:\/\/www.sotrender.com\/blog\/\"},{\"@type\":\"ListItem\",\"position\":2,\"name\":\"Twitter w Polsce &#8211; podsumowanie 2015 r. [INFOGRAFIKA]\"}]},{\"@type\":\"WebSite\",\"@id\":\"https:\/\/www.sotrender.com\/blog\/#website\",\"url\":\"https:\/\/www.sotrender.com\/blog\/\",\"name\":\"Sotrender Blog\",\"description\":\"\",\"potentialAction\":[{\"@type\":\"SearchAction\",\"target\":{\"@type\":\"EntryPoint\",\"urlTemplate\":\"https:\/\/www.sotrender.com\/blog\/?s={search_term_string}\"},\"query-input\":\"required name=search_term_string\"}],\"inLanguage\":\"pl-PL\"},{\"@type\":\"Person\",\"@id\":\"https:\/\/www.sotrender.com\/blog\/#\/schema\/person\/48ed6f8ff39863778de8dd32f58467f5\",\"name\":\"Micha\u0142 Wieczorek\",\"image\":{\"@type\":\"ImageObject\",\"inLanguage\":\"pl-PL\",\"@id\":\"https:\/\/www.sotrender.com\/blog\/#\/schema\/person\/image\/\",\"url\":\"https:\/\/secure.gravatar.com\/avatar\/65ceb2020aa2338488b9c5f33c10137f?s=96&d=mm&r=g\",\"contentUrl\":\"https:\/\/secure.gravatar.com\/avatar\/65ceb2020aa2338488b9c5f33c10137f?s=96&d=mm&r=g\",\"caption\":\"Micha\u0142 Wieczorek\"},\"description\":\"Baltic linguist, marketer, and music journalist in his free time. A big fan of good food and even better music.\",\"sameAs\":[\"https:\/\/www.linkedin.com\/in\/michaldwieczorek\",\"https:\/\/twitter.com\/http:\/\/twitter.com\/eveningo\"],\"url\":\"https:\/\/www.sotrender.com\/blog\/pl\/author\/micha_wieczorek\/\"}]}<\/script>\n<!-- \/ Yoast SEO plugin. -->","yoast_head_json":{"title":"Twitter w Polsce - podsumowanie 2015 r. [INFOGRAFIKA]","description":"Najwa\u017cniejsze dane dotycz\u0105ce Twittera w Polsce w 2015 roku.","robots":{"index":"index","follow":"follow","max-snippet":"max-snippet:-1","max-image-preview":"max-image-preview:large","max-video-preview":"max-video-preview:-1"},"canonical":"https:\/\/www.sotrender.com\/blog\/pl\/2016\/01\/twitter-w-polsce-podsumowanie-2015-r-infografika\/","og_locale":"pl_PL","og_type":"article","og_title":"Twitter w Polsce - podsumowanie 2015 r. [INFOGRAFIKA]","og_description":"Najwa\u017cniejsze dane dotycz\u0105ce Twittera w Polsce w 2015 roku.","og_url":"https:\/\/www.sotrender.com\/blog\/pl\/2016\/01\/twitter-w-polsce-podsumowanie-2015-r-infografika\/","og_site_name":"Sotrender Blog","article_publisher":"https:\/\/www.facebook.com\/Sotrender","article_published_time":"2016-01-27T16:06:25+00:00","article_modified_time":"2025-02-20T22:36:59+00:00","og_image":[{"width":1600,"height":700,"url":"https:\/\/www.sotrender.com\/blog\/wp-content\/uploads\/2015\/06\/header_blog_31.jpg","type":"image\/jpeg"}],"author":"Micha\u0142 Wieczorek","twitter_card":"summary_large_image","twitter_creator":"@http:\/\/twitter.com\/eveningo","twitter_site":"@Sotrender","twitter_misc":{"Written by":"Micha\u0142 Wieczorek","Est. reading time":"2 minutes"},"schema":{"@context":"https:\/\/schema.org","@graph":[{"@type":"WebPage","@id":"https:\/\/www.sotrender.com\/blog\/pl\/2016\/01\/twitter-w-polsce-podsumowanie-2015-r-infografika\/","url":"https:\/\/www.sotrender.com\/blog\/pl\/2016\/01\/twitter-w-polsce-podsumowanie-2015-r-infografika\/","name":"Twitter w Polsce - podsumowanie 2015 r. [INFOGRAFIKA]","isPartOf":{"@id":"https:\/\/www.sotrender.com\/blog\/#website"},"primaryImageOfPage":{"@id":"https:\/\/www.sotrender.com\/blog\/pl\/2016\/01\/twitter-w-polsce-podsumowanie-2015-r-infografika\/#primaryimage"},"image":{"@id":"https:\/\/www.sotrender.com\/blog\/pl\/2016\/01\/twitter-w-polsce-podsumowanie-2015-r-infografika\/#primaryimage"},"thumbnailUrl":"https:\/\/www.sotrender.com\/blog\/wp-content\/uploads\/2015\/06\/header_blog_31.jpg","datePublished":"2016-01-27T16:06:25+00:00","dateModified":"2025-02-20T22:36:59+00:00","author":{"@id":"https:\/\/www.sotrender.com\/blog\/#\/schema\/person\/48ed6f8ff39863778de8dd32f58467f5"},"description":"Najwa\u017cniejsze dane dotycz\u0105ce Twittera w Polsce w 2015 roku.","breadcrumb":{"@id":"https:\/\/www.sotrender.com\/blog\/pl\/2016\/01\/twitter-w-polsce-podsumowanie-2015-r-infografika\/#breadcrumb"},"inLanguage":"pl-PL","potentialAction":[{"@type":"ReadAction","target":["https:\/\/www.sotrender.com\/blog\/pl\/2016\/01\/twitter-w-polsce-podsumowanie-2015-r-infografika\/"]}]},{"@type":"ImageObject","inLanguage":"pl-PL","@id":"https:\/\/www.sotrender.com\/blog\/pl\/2016\/01\/twitter-w-polsce-podsumowanie-2015-r-infografika\/#primaryimage","url":"https:\/\/www.sotrender.com\/blog\/wp-content\/uploads\/2015\/06\/header_blog_31.jpg","contentUrl":"https:\/\/www.sotrender.com\/blog\/wp-content\/uploads\/2015\/06\/header_blog_31.jpg","width":1600,"height":700},{"@type":"BreadcrumbList","@id":"https:\/\/www.sotrender.com\/blog\/pl\/2016\/01\/twitter-w-polsce-podsumowanie-2015-r-infografika\/#breadcrumb","itemListElement":[{"@type":"ListItem","position":1,"name":"Home","item":"https:\/\/www.sotrender.com\/blog\/"},{"@type":"ListItem","position":2,"name":"Twitter w Polsce &#8211; podsumowanie 2015 r. [INFOGRAFIKA]"}]},{"@type":"WebSite","@id":"https:\/\/www.sotrender.com\/blog\/#website","url":"https:\/\/www.sotrender.com\/blog\/","name":"Sotrender Blog","description":"","potentialAction":[{"@type":"SearchAction","target":{"@type":"EntryPoint","urlTemplate":"https:\/\/www.sotrender.com\/blog\/?s={search_term_string}"},"query-input":"required name=search_term_string"}],"inLanguage":"pl-PL"},{"@type":"Person","@id":"https:\/\/www.sotrender.com\/blog\/#\/schema\/person\/48ed6f8ff39863778de8dd32f58467f5","name":"Micha\u0142 Wieczorek","image":{"@type":"ImageObject","inLanguage":"pl-PL","@id":"https:\/\/www.sotrender.com\/blog\/#\/schema\/person\/image\/","url":"https:\/\/secure.gravatar.com\/avatar\/65ceb2020aa2338488b9c5f33c10137f?s=96&d=mm&r=g","contentUrl":"https:\/\/secure.gravatar.com\/avatar\/65ceb2020aa2338488b9c5f33c10137f?s=96&d=mm&r=g","caption":"Micha\u0142 Wieczorek"},"description":"Baltic linguist, marketer, and music journalist in his free time. A big fan of good food and even better music.","sameAs":["https:\/\/www.linkedin.com\/in\/michaldwieczorek","https:\/\/twitter.com\/http:\/\/twitter.com\/eveningo"],"url":"https:\/\/www.sotrender.com\/blog\/pl\/author\/micha_wieczorek\/"}]}},"_links":{"self":[{"href":"https:\/\/www.sotrender.com\/blog\/pl\/wp-json\/wp\/v2\/posts\/20983"}],"collection":[{"href":"https:\/\/www.sotrender.com\/blog\/pl\/wp-json\/wp\/v2\/posts"}],"about":[{"href":"https:\/\/www.sotrender.com\/blog\/pl\/wp-json\/wp\/v2\/types\/post"}],"author":[{"embeddable":true,"href":"https:\/\/www.sotrender.com\/blog\/pl\/wp-json\/wp\/v2\/users\/49"}],"replies":[{"embeddable":true,"href":"https:\/\/www.sotrender.com\/blog\/pl\/wp-json\/wp\/v2\/comments?post=20983"}],"version-history":[{"count":6,"href":"https:\/\/www.sotrender.com\/blog\/pl\/wp-json\/wp\/v2\/posts\/20983\/revisions"}],"predecessor-version":[{"id":54587,"href":"https:\/\/www.sotrender.com\/blog\/pl\/wp-json\/wp\/v2\/posts\/20983\/revisions\/54587"}],"wp:featuredmedia":[{"embeddable":true,"href":"https:\/\/www.sotrender.com\/blog\/pl\/wp-json\/wp\/v2\/media\/18521"}],"wp:attachment":[{"href":"https:\/\/www.sotrender.com\/blog\/pl\/wp-json\/wp\/v2\/media?parent=20983"}],"wp:term":[{"taxonomy":"category","embeddable":true,"href":"https:\/\/www.sotrender.com\/blog\/pl\/wp-json\/wp\/v2\/categories?post=20983"},{"taxonomy":"post_tag","embeddable":true,"href":"https:\/\/www.sotrender.com\/blog\/pl\/wp-json\/wp\/v2\/tags?post=20983"}],"curies":[{"name":"wp","href":"https:\/\/api.w.org\/{rel}","templated":true}]}}