{"id":20629,"date":"2016-01-11T15:29:24","date_gmt":"2016-01-11T14:29:24","guid":{"rendered":"http:\/\/blog.sotrender.com\/?p=20629"},"modified":"2016-01-11T22:32:32","modified_gmt":"2016-01-11T21:32:32","slug":"fanpage-trends-grudzien-2015","status":"publish","type":"post","link":"https:\/\/www.sotrender.com\/blog\/pl\/2016\/01\/fanpage-trends-grudzien-2015\/","title":{"rendered":"Fanpage Trends Grudzie\u0144 2015 &#8211; \u015bwi\u0105teczne zaanga\u017cowanie"},"content":{"rendered":"<p style=\"text-align: justify;\">Grudniowy,  \u015bwi\u0105teczno-noworoczny wypoczynek przyci\u0105gn\u0105\u0142 Polak\u00f3w do Facebooka. W komunikacj\u0119 anga\u017cowa\u0142o si\u0119 \u015brednio o 10% wi\u0119cej os\u00f3b ni\u017c w poprzednim miesi\u0105cu. U\u017cytkownicy cz\u0119\u015bciej komentowali posty stron i klikali \u201clubi\u0119 to\u201d ni\u017c w listopadzie,  cho\u0107 r\u00f3wnie cz\u0119sto udost\u0119pniali posty marek. Co jeszcze dzia\u0142o si\u0119 na Facebooku w grudniu? Zapraszamy do lektury <a title=\"Kliknij,  aby przeczyta\u0107 raport\" href=\"http:\/\/www.sotrender.pl\/trends\/facebook\/reports\/201512\" target=\"_blank\">raportu Fanpage Trends<\/a> przygotowanego przez <a title=\"Kliknij,  aby dowiedzie\u0107 si\u0119 wi\u0119cej\" href=\"http:\/\/sotrender.pl\" target=\"_blank\">Sotrendera<\/a>!<!--more--><\/p>\n<h2><b>Polityczne wydarzenia w Fanpage Trends<\/b><\/h2>\n<div id=\"attachment_20661\" style=\"width: 726px\" class=\"wp-caption aligncenter\"><a href=\"https:\/\/www.sotrender.com\/blog\/wp-content\/uploads\/2016\/01\/najbardziej-angazuj\u0105cy-politycy-i-partie-fanpage-trends-grudzie\u0144-2015.png\"><img loading=\"lazy\" decoding=\"async\" aria-describedby=\"caption-attachment-20661\" class=\"wp-image-20661 size-full\" src=\"https:\/\/www.sotrender.com\/blog\/wp-content\/uploads\/2016\/01\/najbardziej-angazuj\u0105cy-politycy-i-partie-fanpage-trends-grudzie\u0144-2015.png\" alt=\"Najbardziej anga\u017cuj\u0105ce strony w kategorii Politycy i Partie - Fanpage Trends grudzie\u0144 2015\" width=\"716\" height=\"591\" srcset=\"https:\/\/www.sotrender.com\/blog\/wp-content\/uploads\/2016\/01\/najbardziej-angazuj\u0105cy-politycy-i-partie-fanpage-trends-grudzie\u0144-2015.png 716w, https:\/\/www.sotrender.com\/blog\/wp-content\/uploads\/2016\/01\/najbardziej-angazuj\u0105cy-politycy-i-partie-fanpage-trends-grudzie\u0144-2015-475x392.png 475w, https:\/\/www.sotrender.com\/blog\/wp-content\/uploads\/2016\/01\/najbardziej-angazuj\u0105cy-politycy-i-partie-fanpage-trends-grudzie\u0144-2015-600x495.png 600w\" sizes=\"(max-width: 716px) 100vw, 716px\" \/><\/a><p id=\"caption-attachment-20661\" class=\"wp-caption-text\">Najbardziej anga\u017cuj\u0105ce strony w kategorii Politycy i Partie &#8211; Fanpage Trends grudzie\u0144 2015<\/p><\/div>\n<p style=\"text-align: justify;\"><span style=\"font-weight: 400;\">Na Facebooku,  podobnie jak na Twitterze,  du\u017co dzia\u0142o si\u0119 w sferze polityki. Najwi\u0119cej fan\u00f3w w ostatnim miesi\u0105cu ubieg\u0142ego roku zyska\u0142y strony Ryszarda Petru oraz Komitetu Obrony Demokracji. Strona lidera .Nowoczesnej by\u0142a r\u00f3wnie\u017c najbardziej anga\u017cuj\u0105c\u0105 stron\u0105 w kategorii Politycy i Partie. W jej komunikacj\u0119 zaanga\u017cowa\u0142o si\u0119 ponad 255 tysi\u0119cy u\u017cytkownik\u00f3w,  czyli o 33% wi\u0119cej ni\u017c strona ma fan\u00f3w. W pozosta\u0142ych rankingach &#8211; aktywno\u015bci i interaktywno\u015bci &#8211; Ryszard Petru uplasowa\u0142 si\u0119 na drugim miejscu,  tu\u017c za kontrowersyjnym biznesmenem i politycznym aktywist\u0105,  Zbigniewem Stonog\u0105. <\/span><\/p>\n<div id=\"attachment_20665\" style=\"width: 728px\" class=\"wp-caption aligncenter\"><a href=\"https:\/\/www.sotrender.com\/blog\/wp-content\/uploads\/2016\/01\/politycy-i-partie-najwi\u0119ksze-strony.png\"><img loading=\"lazy\" decoding=\"async\" aria-describedby=\"caption-attachment-20665\" class=\"wp-image-20665 size-full\" src=\"https:\/\/www.sotrender.com\/blog\/wp-content\/uploads\/2016\/01\/politycy-i-partie-najwi\u0119ksze-strony.png\" alt=\"Najwi\u0119ksze strony w kategorii Politycy i Partie - Fanpage Trends grudzei\u0144 2015\" width=\"718\" height=\"573\" srcset=\"https:\/\/www.sotrender.com\/blog\/wp-content\/uploads\/2016\/01\/politycy-i-partie-najwi\u0119ksze-strony.png 718w, https:\/\/www.sotrender.com\/blog\/wp-content\/uploads\/2016\/01\/politycy-i-partie-najwi\u0119ksze-strony-475x379.png 475w, https:\/\/www.sotrender.com\/blog\/wp-content\/uploads\/2016\/01\/politycy-i-partie-najwi\u0119ksze-strony-600x479.png 600w\" sizes=\"(max-width: 718px) 100vw, 718px\" \/><\/a><p id=\"caption-attachment-20665\" class=\"wp-caption-text\">Najwi\u0119ksze strony w kategorii Politycy i Partie &#8211; Fanpage Trends grudzei\u0144 2015<\/p><\/div>\n<p style=\"text-align: justify;\"><span style=\"font-weight: 400;\"><br \/>\n<\/span><span style=\"font-weight: 400;\"><br \/>\n<\/span><span style=\"font-weight: 400;\">Najwi\u0119cej fan\u00f3w w\u015br\u00f3d polityk\u00f3w ma ci\u0105gle Janusz Korwin-Mikke,  kt\u00f3rego stron\u0119 polubi\u0142o w grudniu ponad 10 tysi\u0119cy nowych u\u017cytkownik\u00f3w. Z ponad 678 tysi\u0105cami fan\u00f3w lider partii KORWiN ma bezpieczn\u0105 przewag\u0119 nad Zbigniewem Stonog\u0105 i Andrzejem Dud\u0105. Warto zauwa\u017cy\u0107,  \u017ce dynamika przyrostu fan\u00f3w na stronie obecnie urz\u0119duj\u0105cego prezydenta jest bardzo wysoka,  w ubieg\u0142ym miesi\u0105cu zyska\u0142a ponad 35 tysi\u0119cy nowych polubie\u0144.<\/span><\/p>\n<p style=\"text-align: justify;\"><div class=\"shortcode trial\"><h4><span>Mierz dzia\u0142ania na Facebooku w Sotrenderze!<\/span><a title=\"Wypr\u00f3buj za darmo!\" class=\"btn\" href=\"https:\/\/app.sotrender.com\/auth\/signup\/trial\/pl?utm_source=blog-cta-legacy\">Wypr\u00f3buj za darmo!<\/a><\/h4><\/div><strong><strong>\u00a0<\/strong><\/strong><\/p>\n<h2><b>Analiza p\u0142atnych post\u00f3w w Sotrenderze<\/b><\/h2>\n<div id=\"attachment_20675\" style=\"width: 1195px\" class=\"wp-caption aligncenter\"><a href=\"https:\/\/www.sotrender.com\/blog\/wp-content\/uploads\/2016\/01\/zasi\u0119g-s\u0142odycze1.png\"><img loading=\"lazy\" decoding=\"async\" aria-describedby=\"caption-attachment-20675\" class=\"wp-image-20675 size-full\" src=\"https:\/\/www.sotrender.com\/blog\/wp-content\/uploads\/2016\/01\/zasi\u0119g-s\u0142odycze1.png\" alt=\"Badania Facebooka - analiza p\u0142atnej komunikacji\" width=\"1185\" height=\"809\" srcset=\"https:\/\/www.sotrender.com\/blog\/wp-content\/uploads\/2016\/01\/zasi\u0119g-s\u0142odycze1.png 1185w, https:\/\/www.sotrender.com\/blog\/wp-content\/uploads\/2016\/01\/zasi\u0119g-s\u0142odycze1-475x324.png 475w, https:\/\/www.sotrender.com\/blog\/wp-content\/uploads\/2016\/01\/zasi\u0119g-s\u0142odycze1-768x524.png 768w, https:\/\/www.sotrender.com\/blog\/wp-content\/uploads\/2016\/01\/zasi\u0119g-s\u0142odycze1-950x649.png 950w, https:\/\/www.sotrender.com\/blog\/wp-content\/uploads\/2016\/01\/zasi\u0119g-s\u0142odycze1-600x410.png 600w\" sizes=\"(max-width: 1185px) 100vw, 1185px\" \/><\/a><p id=\"caption-attachment-20675\" class=\"wp-caption-text\">Badania Facebooka &#8211; analiza p\u0142atnej komunikacji<\/p><\/div>\n<p style=\"text-align: justify;\"><span style=\"font-weight: 400;\">Dla du\u017cych marek od pewnego czasu na Facebooku najwa\u017cniejsza jest komunikacja p\u0142atna. Wraz ze spadaj\u0105cym zasi\u0119giem organicznym to w\u0142a\u015bnie sponsorowanie post\u00f3w staje si\u0119 g\u0142\u00f3wnym sposobem budowania zasi\u0119g\u00f3w i docierania do klient\u00f3w. Marketerzy,  stratedzy i analitycy dok\u0142adnie \u015bledz\u0105 dane dotycz\u0105ce efekt\u00f3w i koszt\u00f3w p\u0142atnej promocji w\u0142asnej marki. Co jednak z danymi dla ca\u0142ego segmentu,  kt\u00f3re by\u0142yby niezwykle pomocne w szacowaniu bud\u017cet\u00f3w i KPI? <a title=\"Analiza p\u0142atnej komunikacji na Facebooku\" href=\"https:\/\/www.sotrender.com\/blog\/pl\/2015\/12\/analiza-platnej-komunikacji-na-facebooku\/\">W Sotrenderze wprowadzili\u015bmy zupe\u0142nie nowy typ analizy &#8211; analiz\u0119 p\u0142atnej komunikacji<\/a>\u00a0na Facebooku,  dzi\u0119ki kt\u00f3rej poznacie szacowane wydatki konkurencji na promocj\u0119 post\u00f3w.<\/span><\/p>\n<h2><b>Sombrero,  osobisty trener e-marketingu<\/b><\/h2>\n<p><a href=\"https:\/\/www.sotrender.com\/blog\/wp-content\/uploads\/2015\/12\/sombreroapp_google_img_2.png\"><img loading=\"lazy\" decoding=\"async\" class=\"aligncenter size-full wp-image-20291\" src=\"https:\/\/www.sotrender.com\/blog\/wp-content\/uploads\/2015\/12\/sombreroapp_google_img_2.png\" alt=\"Sombrero,  your personal e-marketing trainer\" width=\"1080\" height=\"608\" srcset=\"https:\/\/www.sotrender.com\/blog\/wp-content\/uploads\/2015\/12\/sombreroapp_google_img_2.png 1080w, https:\/\/www.sotrender.com\/blog\/wp-content\/uploads\/2015\/12\/sombreroapp_google_img_2-475x267.png 475w, https:\/\/www.sotrender.com\/blog\/wp-content\/uploads\/2015\/12\/sombreroapp_google_img_2-768x432.png 768w, https:\/\/www.sotrender.com\/blog\/wp-content\/uploads\/2015\/12\/sombreroapp_google_img_2-950x535.png 950w, https:\/\/www.sotrender.com\/blog\/wp-content\/uploads\/2015\/12\/sombreroapp_google_img_2-600x338.png 600w\" sizes=\"(max-width: 1080px) 100vw, 1080px\" \/><\/a><\/p>\n<p style=\"text-align: justify;\"><span style=\"font-weight: 400;\">Sotrender jako aplikacja social media analytics jest przeznaczony przede wszystkim dla tych firm,  kt\u00f3re ju\u017c sprawnie i intensywnie prowadz\u0105 sw\u00f3j online marketing. Teraz si\u0119gamy po kolejny segment rynku: ma\u0142e firmy,  kt\u00f3re same prowadz\u0105 swoje dzia\u0142ania komunikacyjne. Rozwi\u0105zaniem dla nich jest Sombrero,  bezp\u0142atna aplikacja mobilna z regularnym planem treningowym,  wspierana tre\u015bciami edukacyjnymi.<a title=\"Sombrero,  osobisty trener e-marketingu\" href=\"https:\/\/www.sotrender.com\/blog\/pl\/2015\/12\/sombrero-osobisty-trener-e-marketingu\/\"> Dowiedzcie si\u0119 wi\u0119cej o Sombrero w specjalnym po\u015bcie na naszym blogu!<\/a><\/span><\/p>\n<h2><b>5 lat Sotrendera!<\/b><\/h2>\n<div id=\"attachment_6919\" style=\"width: 908px\" class=\"wp-caption aligncenter\"><a href=\"https:\/\/www.sotrender.com\/blog\/wp-content\/uploads\/2013\/05\/7.png\"><img loading=\"lazy\" decoding=\"async\" aria-describedby=\"caption-attachment-6919\" class=\"wp-image-6919 size-full\" src=\"https:\/\/www.sotrender.com\/blog\/wp-content\/uploads\/2013\/05\/7.png\" alt=\"\" width=\"898\" height=\"596\" srcset=\"https:\/\/www.sotrender.com\/blog\/wp-content\/uploads\/2013\/05\/7.png 898w, https:\/\/www.sotrender.com\/blog\/wp-content\/uploads\/2013\/05\/7-475x315.png 475w, https:\/\/www.sotrender.com\/blog\/wp-content\/uploads\/2013\/05\/7-768x510.png 768w, https:\/\/www.sotrender.com\/blog\/wp-content\/uploads\/2013\/05\/7-600x398.png 600w\" sizes=\"(max-width: 898px) 100vw, 898px\" \/><\/a><p id=\"caption-attachment-6919\" class=\"wp-caption-text\">Jan Zaj\u0105c i Hubert Tworkowski z Aulerem<\/p><\/div>\n<p style=\"text-align: justify;\"><span style=\"font-weight: 400;\">Trudno nam w to uwierzy\u0107,  ale w grudniu Sotrender sko\u0144czy\u0142 pi\u0119\u0107 lat. To pi\u0119\u0107 lat wyt\u0119\u017conej pracy,  by nasi klienci zawsze mieli naj\u015bwie\u017csze i najdok\u0142adniejsze dane. Z tej okazji zebra\u0142o si\u0119 nam na ma\u0142e wspominki. <a title=\"Sotrender ma 5 lat i nowe produkty!\" href=\"https:\/\/www.sotrender.com\/blog\/pl\/2015\/12\/5-lat-sotrendera\/\">Zobaczcie,  jak rozwija\u0142 si\u0119 Sotrender w ci\u0105gu swojej kr\u00f3tkiej historii<\/a> i co zmieni\u0142o si\u0119 w ostatnim roku.<\/span><\/p>\n<h2 style=\"text-align: center;\"><a title=\"Kliknij,  aby przeczyta\u0107 raport\" href=\"http:\/\/www.sotrender.pl\/trends\/facebook\/reports\/201512\" target=\"_blank\">Zapraszamy do lektury najnowszego wydania raportu Fanpage Trends!<\/a><\/h2>\n","protected":false},"excerpt":{"rendered":"<p>Grudniowy, \u015bwi\u0105teczno-noworoczny wypoczynek przyci\u0105gn\u0105\u0142 Polak\u00f3w do Facebooka. W komunikacj\u0119 anga\u017cowa\u0142o si\u0119 \u015brednio o 10% wi\u0119cej os\u00f3b ni\u017c w poprzednim miesi\u0105cu. U\u017cytkownicy cz\u0119\u015bciej komentowali posty stron i klikali \u201clubi\u0119 to\u201d ni\u017c w listopadzie, cho\u0107 r\u00f3wnie cz\u0119sto udost\u0119pniali posty marek. Co jeszcze dzia\u0142o si\u0119 na Facebooku w grudniu? Zapraszamy do lektury raportu Fanpage Trends przygotowanego przez Sotrendera!<\/p>\n","protected":false},"author":49,"featured_media":18445,"comment_status":"open","ping_status":"open","sticky":false,"template":"","format":"standard","meta":{"inline_featured_image":false,"footnotes":""},"categories":[1791,1797],"tags":[31,675,1553,1569,1589,1877,1891],"yoast_head":"<!-- This site is optimized with the Yoast SEO plugin v22.4 - https:\/\/yoast.com\/wordpress\/plugins\/seo\/ -->\n<title>Fanpage Trends Grudzie\u0144 2015 - \u015bwi\u0105teczne zaanga\u017cowanie \u2013 Sotrender Blog \u2013 Analyze, Benchmark &amp; Report Your Social Media Performance<\/title>\n<meta name=\"description\" content=\"Grudniowy, \u015bwi\u0105teczno-noworoczny wypoczynek przyci\u0105gn\u0105\u0142 Polak\u00f3w do Facebooka. W komunikacj\u0119 anga\u017cowa\u0142o si\u0119 \u015brednio o 10% wi\u0119cej os\u00f3b ni\u017c w poprzednim Social Media Marketing &amp; Analytics Blog.\" \/>\n<meta name=\"robots\" content=\"index, follow, max-snippet:-1, max-image-preview:large, max-video-preview:-1\" \/>\n<link rel=\"canonical\" href=\"https:\/\/www.sotrender.com\/blog\/pl\/2016\/01\/fanpage-trends-grudzien-2015\/\" \/>\n<meta property=\"og:locale\" content=\"pl_PL\" \/>\n<meta property=\"og:type\" content=\"article\" \/>\n<meta property=\"og:title\" content=\"Fanpage Trends Grudzie\u0144 2015 - \u015bwi\u0105teczne zaanga\u017cowanie \u2013 Sotrender Blog \u2013 Analyze, Benchmark &amp; Report Your Social Media Performance\" \/>\n<meta property=\"og:description\" content=\"Grudniowy, \u015bwi\u0105teczno-noworoczny wypoczynek przyci\u0105gn\u0105\u0142 Polak\u00f3w do Facebooka. W komunikacj\u0119 anga\u017cowa\u0142o si\u0119 \u015brednio o 10% wi\u0119cej os\u00f3b ni\u017c w poprzednim Social Media Marketing &amp; Analytics Blog.\" \/>\n<meta property=\"og:url\" content=\"https:\/\/www.sotrender.com\/blog\/pl\/2016\/01\/fanpage-trends-grudzien-2015\/\" \/>\n<meta property=\"og:site_name\" content=\"Sotrender Blog\" \/>\n<meta property=\"article:publisher\" content=\"https:\/\/www.facebook.com\/Sotrender\" \/>\n<meta property=\"article:published_time\" content=\"2016-01-11T14:29:24+00:00\" \/>\n<meta property=\"article:modified_time\" content=\"2016-01-11T21:32:32+00:00\" \/>\n<meta property=\"og:image\" content=\"https:\/\/www.sotrender.com\/blog\/wp-content\/uploads\/2015\/06\/fanpage-trends-featyred.jpg\" \/>\n\t<meta property=\"og:image:width\" content=\"1600\" \/>\n\t<meta property=\"og:image:height\" content=\"700\" \/>\n\t<meta property=\"og:image:type\" content=\"image\/jpeg\" \/>\n<meta name=\"author\" content=\"Micha\u0142 Wieczorek\" \/>\n<meta name=\"twitter:card\" content=\"summary_large_image\" \/>\n<meta name=\"twitter:creator\" content=\"@http:\/\/twitter.com\/eveningo\" \/>\n<meta name=\"twitter:site\" content=\"@Sotrender\" \/>\n<meta name=\"twitter:label1\" content=\"Written by\" \/>\n\t<meta name=\"twitter:data1\" content=\"Micha\u0142 Wieczorek\" \/>\n\t<meta name=\"twitter:label2\" content=\"Est. reading time\" \/>\n\t<meta name=\"twitter:data2\" content=\"3 minutes\" \/>\n<script type=\"application\/ld+json\" class=\"yoast-schema-graph\">{\"@context\":\"https:\/\/schema.org\",\"@graph\":[{\"@type\":\"WebPage\",\"@id\":\"https:\/\/www.sotrender.com\/blog\/pl\/2016\/01\/fanpage-trends-grudzien-2015\/\",\"url\":\"https:\/\/www.sotrender.com\/blog\/pl\/2016\/01\/fanpage-trends-grudzien-2015\/\",\"name\":\"Fanpage Trends Grudzie\u0144 2015 - \u015bwi\u0105teczne zaanga\u017cowanie \u2013 Sotrender Blog \u2013 Analyze, Benchmark & Report Your Social Media Performance\",\"isPartOf\":{\"@id\":\"https:\/\/www.sotrender.com\/blog\/#website\"},\"primaryImageOfPage\":{\"@id\":\"https:\/\/www.sotrender.com\/blog\/pl\/2016\/01\/fanpage-trends-grudzien-2015\/#primaryimage\"},\"image\":{\"@id\":\"https:\/\/www.sotrender.com\/blog\/pl\/2016\/01\/fanpage-trends-grudzien-2015\/#primaryimage\"},\"thumbnailUrl\":\"https:\/\/www.sotrender.com\/blog\/wp-content\/uploads\/2015\/06\/fanpage-trends-featyred.jpg\",\"datePublished\":\"2016-01-11T14:29:24+00:00\",\"dateModified\":\"2016-01-11T21:32:32+00:00\",\"author\":{\"@id\":\"https:\/\/www.sotrender.com\/blog\/#\/schema\/person\/48ed6f8ff39863778de8dd32f58467f5\"},\"description\":\"Grudniowy, \u015bwi\u0105teczno-noworoczny wypoczynek przyci\u0105gn\u0105\u0142 Polak\u00f3w do Facebooka. W komunikacj\u0119 anga\u017cowa\u0142o si\u0119 \u015brednio o 10% wi\u0119cej os\u00f3b ni\u017c w poprzednim Social Media Marketing & Analytics Blog.\",\"breadcrumb\":{\"@id\":\"https:\/\/www.sotrender.com\/blog\/pl\/2016\/01\/fanpage-trends-grudzien-2015\/#breadcrumb\"},\"inLanguage\":\"pl-PL\",\"potentialAction\":[{\"@type\":\"ReadAction\",\"target\":[\"https:\/\/www.sotrender.com\/blog\/pl\/2016\/01\/fanpage-trends-grudzien-2015\/\"]}]},{\"@type\":\"ImageObject\",\"inLanguage\":\"pl-PL\",\"@id\":\"https:\/\/www.sotrender.com\/blog\/pl\/2016\/01\/fanpage-trends-grudzien-2015\/#primaryimage\",\"url\":\"https:\/\/www.sotrender.com\/blog\/wp-content\/uploads\/2015\/06\/fanpage-trends-featyred.jpg\",\"contentUrl\":\"https:\/\/www.sotrender.com\/blog\/wp-content\/uploads\/2015\/06\/fanpage-trends-featyred.jpg\",\"width\":1600,\"height\":700},{\"@type\":\"BreadcrumbList\",\"@id\":\"https:\/\/www.sotrender.com\/blog\/pl\/2016\/01\/fanpage-trends-grudzien-2015\/#breadcrumb\",\"itemListElement\":[{\"@type\":\"ListItem\",\"position\":1,\"name\":\"Home\",\"item\":\"https:\/\/www.sotrender.com\/blog\/\"},{\"@type\":\"ListItem\",\"position\":2,\"name\":\"Fanpage Trends Grudzie\u0144 2015 &#8211; \u015bwi\u0105teczne zaanga\u017cowanie\"}]},{\"@type\":\"WebSite\",\"@id\":\"https:\/\/www.sotrender.com\/blog\/#website\",\"url\":\"https:\/\/www.sotrender.com\/blog\/\",\"name\":\"Sotrender Blog\",\"description\":\"\",\"potentialAction\":[{\"@type\":\"SearchAction\",\"target\":{\"@type\":\"EntryPoint\",\"urlTemplate\":\"https:\/\/www.sotrender.com\/blog\/?s={search_term_string}\"},\"query-input\":\"required name=search_term_string\"}],\"inLanguage\":\"pl-PL\"},{\"@type\":\"Person\",\"@id\":\"https:\/\/www.sotrender.com\/blog\/#\/schema\/person\/48ed6f8ff39863778de8dd32f58467f5\",\"name\":\"Micha\u0142 Wieczorek\",\"image\":{\"@type\":\"ImageObject\",\"inLanguage\":\"pl-PL\",\"@id\":\"https:\/\/www.sotrender.com\/blog\/#\/schema\/person\/image\/\",\"url\":\"https:\/\/secure.gravatar.com\/avatar\/65ceb2020aa2338488b9c5f33c10137f?s=96&d=mm&r=g\",\"contentUrl\":\"https:\/\/secure.gravatar.com\/avatar\/65ceb2020aa2338488b9c5f33c10137f?s=96&d=mm&r=g\",\"caption\":\"Micha\u0142 Wieczorek\"},\"description\":\"Baltic linguist, marketer, and music journalist in his free time. A big fan of good food and even better music.\",\"sameAs\":[\"https:\/\/www.linkedin.com\/in\/michaldwieczorek\",\"https:\/\/twitter.com\/http:\/\/twitter.com\/eveningo\"],\"url\":\"https:\/\/www.sotrender.com\/blog\/pl\/author\/micha_wieczorek\/\"}]}<\/script>\n<!-- \/ Yoast SEO plugin. -->","yoast_head_json":{"title":"Fanpage Trends Grudzie\u0144 2015 - \u015bwi\u0105teczne zaanga\u017cowanie \u2013 Sotrender Blog \u2013 Analyze, Benchmark & Report Your Social Media Performance","description":"Grudniowy, \u015bwi\u0105teczno-noworoczny wypoczynek przyci\u0105gn\u0105\u0142 Polak\u00f3w do Facebooka. W komunikacj\u0119 anga\u017cowa\u0142o si\u0119 \u015brednio o 10% wi\u0119cej os\u00f3b ni\u017c w poprzednim Social Media Marketing & Analytics Blog.","robots":{"index":"index","follow":"follow","max-snippet":"max-snippet:-1","max-image-preview":"max-image-preview:large","max-video-preview":"max-video-preview:-1"},"canonical":"https:\/\/www.sotrender.com\/blog\/pl\/2016\/01\/fanpage-trends-grudzien-2015\/","og_locale":"pl_PL","og_type":"article","og_title":"Fanpage Trends Grudzie\u0144 2015 - \u015bwi\u0105teczne zaanga\u017cowanie \u2013 Sotrender Blog \u2013 Analyze, Benchmark & Report Your Social Media Performance","og_description":"Grudniowy, \u015bwi\u0105teczno-noworoczny wypoczynek przyci\u0105gn\u0105\u0142 Polak\u00f3w do Facebooka. W komunikacj\u0119 anga\u017cowa\u0142o si\u0119 \u015brednio o 10% wi\u0119cej os\u00f3b ni\u017c w poprzednim Social Media Marketing & Analytics Blog.","og_url":"https:\/\/www.sotrender.com\/blog\/pl\/2016\/01\/fanpage-trends-grudzien-2015\/","og_site_name":"Sotrender Blog","article_publisher":"https:\/\/www.facebook.com\/Sotrender","article_published_time":"2016-01-11T14:29:24+00:00","article_modified_time":"2016-01-11T21:32:32+00:00","og_image":[{"width":1600,"height":700,"url":"https:\/\/www.sotrender.com\/blog\/wp-content\/uploads\/2015\/06\/fanpage-trends-featyred.jpg","type":"image\/jpeg"}],"author":"Micha\u0142 Wieczorek","twitter_card":"summary_large_image","twitter_creator":"@http:\/\/twitter.com\/eveningo","twitter_site":"@Sotrender","twitter_misc":{"Written by":"Micha\u0142 Wieczorek","Est. reading time":"3 minutes"},"schema":{"@context":"https:\/\/schema.org","@graph":[{"@type":"WebPage","@id":"https:\/\/www.sotrender.com\/blog\/pl\/2016\/01\/fanpage-trends-grudzien-2015\/","url":"https:\/\/www.sotrender.com\/blog\/pl\/2016\/01\/fanpage-trends-grudzien-2015\/","name":"Fanpage Trends Grudzie\u0144 2015 - \u015bwi\u0105teczne zaanga\u017cowanie \u2013 Sotrender Blog \u2013 Analyze, Benchmark & Report Your Social Media Performance","isPartOf":{"@id":"https:\/\/www.sotrender.com\/blog\/#website"},"primaryImageOfPage":{"@id":"https:\/\/www.sotrender.com\/blog\/pl\/2016\/01\/fanpage-trends-grudzien-2015\/#primaryimage"},"image":{"@id":"https:\/\/www.sotrender.com\/blog\/pl\/2016\/01\/fanpage-trends-grudzien-2015\/#primaryimage"},"thumbnailUrl":"https:\/\/www.sotrender.com\/blog\/wp-content\/uploads\/2015\/06\/fanpage-trends-featyred.jpg","datePublished":"2016-01-11T14:29:24+00:00","dateModified":"2016-01-11T21:32:32+00:00","author":{"@id":"https:\/\/www.sotrender.com\/blog\/#\/schema\/person\/48ed6f8ff39863778de8dd32f58467f5"},"description":"Grudniowy, \u015bwi\u0105teczno-noworoczny wypoczynek przyci\u0105gn\u0105\u0142 Polak\u00f3w do Facebooka. W komunikacj\u0119 anga\u017cowa\u0142o si\u0119 \u015brednio o 10% wi\u0119cej os\u00f3b ni\u017c w poprzednim Social Media Marketing & Analytics Blog.","breadcrumb":{"@id":"https:\/\/www.sotrender.com\/blog\/pl\/2016\/01\/fanpage-trends-grudzien-2015\/#breadcrumb"},"inLanguage":"pl-PL","potentialAction":[{"@type":"ReadAction","target":["https:\/\/www.sotrender.com\/blog\/pl\/2016\/01\/fanpage-trends-grudzien-2015\/"]}]},{"@type":"ImageObject","inLanguage":"pl-PL","@id":"https:\/\/www.sotrender.com\/blog\/pl\/2016\/01\/fanpage-trends-grudzien-2015\/#primaryimage","url":"https:\/\/www.sotrender.com\/blog\/wp-content\/uploads\/2015\/06\/fanpage-trends-featyred.jpg","contentUrl":"https:\/\/www.sotrender.com\/blog\/wp-content\/uploads\/2015\/06\/fanpage-trends-featyred.jpg","width":1600,"height":700},{"@type":"BreadcrumbList","@id":"https:\/\/www.sotrender.com\/blog\/pl\/2016\/01\/fanpage-trends-grudzien-2015\/#breadcrumb","itemListElement":[{"@type":"ListItem","position":1,"name":"Home","item":"https:\/\/www.sotrender.com\/blog\/"},{"@type":"ListItem","position":2,"name":"Fanpage Trends Grudzie\u0144 2015 &#8211; \u015bwi\u0105teczne zaanga\u017cowanie"}]},{"@type":"WebSite","@id":"https:\/\/www.sotrender.com\/blog\/#website","url":"https:\/\/www.sotrender.com\/blog\/","name":"Sotrender Blog","description":"","potentialAction":[{"@type":"SearchAction","target":{"@type":"EntryPoint","urlTemplate":"https:\/\/www.sotrender.com\/blog\/?s={search_term_string}"},"query-input":"required name=search_term_string"}],"inLanguage":"pl-PL"},{"@type":"Person","@id":"https:\/\/www.sotrender.com\/blog\/#\/schema\/person\/48ed6f8ff39863778de8dd32f58467f5","name":"Micha\u0142 Wieczorek","image":{"@type":"ImageObject","inLanguage":"pl-PL","@id":"https:\/\/www.sotrender.com\/blog\/#\/schema\/person\/image\/","url":"https:\/\/secure.gravatar.com\/avatar\/65ceb2020aa2338488b9c5f33c10137f?s=96&d=mm&r=g","contentUrl":"https:\/\/secure.gravatar.com\/avatar\/65ceb2020aa2338488b9c5f33c10137f?s=96&d=mm&r=g","caption":"Micha\u0142 Wieczorek"},"description":"Baltic linguist, marketer, and music journalist in his free time. A big fan of good food and even better music.","sameAs":["https:\/\/www.linkedin.com\/in\/michaldwieczorek","https:\/\/twitter.com\/http:\/\/twitter.com\/eveningo"],"url":"https:\/\/www.sotrender.com\/blog\/pl\/author\/micha_wieczorek\/"}]}},"_links":{"self":[{"href":"https:\/\/www.sotrender.com\/blog\/pl\/wp-json\/wp\/v2\/posts\/20629"}],"collection":[{"href":"https:\/\/www.sotrender.com\/blog\/pl\/wp-json\/wp\/v2\/posts"}],"about":[{"href":"https:\/\/www.sotrender.com\/blog\/pl\/wp-json\/wp\/v2\/types\/post"}],"author":[{"embeddable":true,"href":"https:\/\/www.sotrender.com\/blog\/pl\/wp-json\/wp\/v2\/users\/49"}],"replies":[{"embeddable":true,"href":"https:\/\/www.sotrender.com\/blog\/pl\/wp-json\/wp\/v2\/comments?post=20629"}],"version-history":[{"count":8,"href":"https:\/\/www.sotrender.com\/blog\/pl\/wp-json\/wp\/v2\/posts\/20629\/revisions"}],"predecessor-version":[{"id":25387,"href":"https:\/\/www.sotrender.com\/blog\/pl\/wp-json\/wp\/v2\/posts\/20629\/revisions\/25387"}],"wp:featuredmedia":[{"embeddable":true,"href":"https:\/\/www.sotrender.com\/blog\/pl\/wp-json\/wp\/v2\/media\/18445"}],"wp:attachment":[{"href":"https:\/\/www.sotrender.com\/blog\/pl\/wp-json\/wp\/v2\/media?parent=20629"}],"wp:term":[{"taxonomy":"category","embeddable":true,"href":"https:\/\/www.sotrender.com\/blog\/pl\/wp-json\/wp\/v2\/categories?post=20629"},{"taxonomy":"post_tag","embeddable":true,"href":"https:\/\/www.sotrender.com\/blog\/pl\/wp-json\/wp\/v2\/tags?post=20629"}],"curies":[{"name":"wp","href":"https:\/\/api.w.org\/{rel}","templated":true}]}}