{"id":20453,"date":"2015-12-22T14:23:08","date_gmt":"2015-12-22T13:23:08","guid":{"rendered":"http:\/\/blog.sotrender.com\/?p=20453"},"modified":"2018-02-08T14:40:32","modified_gmt":"2018-02-08T13:40:32","slug":"badania-facebooka-na-potrzeby-marek-fmcg","status":"publish","type":"post","link":"https:\/\/www.sotrender.com\/blog\/pl\/2015\/12\/badania-facebooka-na-potrzeby-marek-fmcg\/","title":{"rendered":"Badania Facebooka na potrzeby marek FMCG"},"content":{"rendered":"<h2>Jak zbada\u0107 bud\u017cety i posty sponsorowane?<\/h2>\n<p><img loading=\"lazy\" decoding=\"async\" class=\"wp-image-20483 size-full\" src=\"https:\/\/www.sotrender.com\/blog\/wp-content\/uploads\/2015\/12\/zasi\u0119g-s\u0142odycze.png\" alt=\"Badania Facebooka - analiza p\u0142atnej komunikacji\" width=\"1185\" height=\"809\" srcset=\"https:\/\/www.sotrender.com\/blog\/wp-content\/uploads\/2015\/12\/zasi\u0119g-s\u0142odycze.png 1185w, https:\/\/www.sotrender.com\/blog\/wp-content\/uploads\/2015\/12\/zasi\u0119g-s\u0142odycze-475x324.png 475w, https:\/\/www.sotrender.com\/blog\/wp-content\/uploads\/2015\/12\/zasi\u0119g-s\u0142odycze-768x524.png 768w, https:\/\/www.sotrender.com\/blog\/wp-content\/uploads\/2015\/12\/zasi\u0119g-s\u0142odycze-950x649.png 950w, https:\/\/www.sotrender.com\/blog\/wp-content\/uploads\/2015\/12\/zasi\u0119g-s\u0142odycze-600x410.png 600w\" sizes=\"(max-width: 1185px) 100vw, 1185px\" \/><\/p>\n<p style=\"text-align: justify;\">Komunikacja marek na Facebooku coraz mocniej opiera si\u0119 na p\u0142atnej promocji post\u00f3w i Stron. Efekty dzia\u0142a\u0144 p\u0142atnych s\u0105 znane jedynie administratorom Stron. Jednak dzi\u0119ki naszemu zupe\u0142nie nowemu badaniu, mo\u017cecie pozna\u0107 wyniki dzia\u0142a\u0144 konkurencji i by\u0107 mo\u017ce skorzysta\u0107 z ich strategii w komunikacji w\u0142asnej marki.<\/p>\n<p style=\"text-align: justify;\">Dzi\u0119ki naszej unikalnej bazie danych oraz ci\u0119\u017ckiej pracy analityk\u00f3w i specjalist\u00f3w od machine learning z potrafimy teraz tak\u017ce w przypadku konkurencji oszacowa\u0107, kt\u00f3re posty by\u0142y promowane, jakie mia\u0142o to efekty i ile kosztowa\u0142o, czyli zdoby\u0107 informacje, kt\u00f3re normalnie s\u0105 dost\u0119pne tylko dla os\u00f3b prowadz\u0105cych kampanie. Takie badania Facebooka pozwalaj\u0105 te\u017c stwierdzi\u0107, na czym skupia si\u0119 dana firma w swojej komunikacji i jaki jest jej <i>share of voice<\/i> w kategorii produktowej.<\/p>\n<p style=\"text-align: justify;\">Po wi\u0119cej informacji zapraszam do <a title=\"Analiza p\u0142atnej komunikacji na Facebooku\" href=\"https:\/\/www.sotrender.com\/blog\/pl\/2015\/12\/analiza-platnej-komunikacji-na-facebooku\/\" target=\"_blank\" rel=\"noopener\">specjalnego wpisu na naszym blogu<\/a> oraz <a href=\"https:\/\/www.slideshare.net\/FanpageTrender\/analiza-patnej-komunikacji-marek-na-facebooku\">do prezentacji<\/a>.<\/p>\n<p><div class=\"shortcode trial\"><h4><span>Mierz dzia\u0142ania w social media z Sotrenderem<\/span><a title=\"Wypr\u00f3buj za darmo!\" class=\"btn\" href=\"https:\/\/app.sotrender.com\/auth\/signup\/trial\/pl?utm_source=blog-cta-legacy\">Wypr\u00f3buj za darmo!<\/a><\/h4><\/div><strong><strong>\u00a0<\/strong><\/strong><\/p>\n<h2>Badania zainteresowa\u0144 fan\u00f3w marek na Facebooku<\/h2>\n<p>&nbsp;<\/p>\n<p><img loading=\"lazy\" decoding=\"async\" class=\"size-full wp-image-18020\" src=\"https:\/\/www.sotrender.com\/blog\/wp-content\/uploads\/2015\/05\/sieciowy_wykre.jpg\" alt=\"Sie\u0107 aktywno\u015bci uzytkownik\u00f3w stron najwiekszych marek alkoholi na Facebooku\" width=\"1121\" height=\"884\" srcset=\"https:\/\/www.sotrender.com\/blog\/wp-content\/uploads\/2015\/05\/sieciowy_wykre.jpg 1121w, https:\/\/www.sotrender.com\/blog\/wp-content\/uploads\/2015\/05\/sieciowy_wykre-475x375.jpg 475w, https:\/\/www.sotrender.com\/blog\/wp-content\/uploads\/2015\/05\/sieciowy_wykre-768x606.jpg 768w, https:\/\/www.sotrender.com\/blog\/wp-content\/uploads\/2015\/05\/sieciowy_wykre-950x749.jpg 950w, https:\/\/www.sotrender.com\/blog\/wp-content\/uploads\/2015\/05\/sieciowy_wykre-600x473.jpg 600w, https:\/\/www.sotrender.com\/blog\/wp-content\/uploads\/2015\/05\/sieciowy_wykre-550x433.jpg 550w\" sizes=\"(max-width: 1121px) 100vw, 1121px\" \/><\/p>\n<p style=\"text-align: justify;\">To jest obecnie najpopularniejszy typ analiz, w niekt\u00f3rych miesi\u0105cach korzysta z nich ju\u017c nawet kilkana\u015bcie marek. Przydaje si\u0119 zar\u00f3wno na poziomie strategicznym, jak i do oceny i wsparcia bie\u017c\u0105cych dzia\u0142a\u0144.<\/p>\n<p style=\"text-align: justify;\">Takie badania Facebooka mog\u0105\u00a0by\u0107 namiastk\u0105 r\u00f3wnie\u017c badania konsumenckiego. Co wi\u0119cej, nie jest to badanie deklaratywne, ale behawioralne. Przeprowadzenie ich jest te\u017c du\u017co szybsze, miarodajne wyniki dostaniecie po kilku dniach. Na czym ono polega? Sprawdzamy, na jakich innych Stronach na Facebooku anga\u017cuj\u0105 si\u0119 u\u017cytkownicy badanej Strony.<\/p>\n<p style=\"text-align: justify;\">Najcz\u0119stsze zastosowania tego badania Facebooka to:<\/p>\n<ul style=\"text-align: justify;\">\n<li style=\"font-weight: 400;\">Poznanie profilu zachowa\u0144 os\u00f3b z naszej grupy docelowej<\/li>\n<li style=\"font-weight: 400;\">Lepsza optymalizacja tre\u015bci przez lepsze ich dopasowanie oparte na zainteresowaniach grupy<\/li>\n<li style=\"font-weight: 400;\">Insighty mediowe tzn. podpowiedzi do targetowania reklam<\/li>\n<li style=\"font-weight: 400;\">Weryfikacja kampanii z influencerami<\/li>\n<li style=\"font-weight: 400;\">Szukanie influencer\u00f3w<\/li>\n<\/ul>\n<p style=\"text-align: justify;\">Po wi\u0119cej informacji zapraszam do <a title=\"Poznaj zainteresowania fan\u00f3w Twojej marki!\" href=\"https:\/\/www.sotrender.com\/blog\/pl\/2015\/05\/poznaj-zainteresowania-fanow-twojej-marki\/\" target=\"_blank\" rel=\"noopener\">osobnego wpisu na naszym blogu<\/a>\u00a0oraz <a href=\"https:\/\/www.slideshare.net\/FanpageTrender\/jak-wiele-o-zachowaniach-konsumentw-wiemy-dziki-social-media-marketing-i-technologia-pozna\">do prezentacji Huberta Tworkowskiego<\/a>.<\/p>\n<p style=\"text-align: justify;\">A jak z naszych analiz mo\u017ce korzysta\u0107 bran\u017ca FMCG? Zapraszam do obejrzenia prezentacji!<\/p>\n<div align=\"center\">\n<p><iframe loading=\"lazy\" style=\"border: 1px solid #CCC; border-width: 1px; margin-bottom: 5px; max-width: 100%;\" src=\"\/\/www.slideshare.net\/slideshow\/embed_code\/key\/pd1y62QAJzDKFz\" width=\"595\" height=\"485\" frameborder=\"0\" marginwidth=\"0\" marginheight=\"0\" scrolling=\"no\" allowfullscreen=\"allowfullscreen\"> <\/iframe><\/p>\n<div style=\"margin-bottom: 5px;\"><strong> <a title=\"Badania Facebooka w bran\u017cy FMCG\" href=\"\/\/www.slideshare.net\/FanpageTrender\/badania-facebooka-w-brany-fmcg\" target=\"_blank\" rel=\"noopener\">Badania Facebooka w bran\u017cy FMCG<\/a> <\/strong> from <strong><a href=\"\/\/www.slideshare.net\/FanpageTrender\" target=\"_blank\" rel=\"noopener\">Sotrender<\/a><\/strong><\/div>\n<\/div>\n<h2><\/h2>\n<h2 style=\"text-align: left;\">Jeste\u015bcie zainteresowani naszymi badaniami? Skontaktujcie si\u0119 z naszym <a href=\"mailto:sales@sotrender.com\">zespo\u0142em sprzeda\u017cy<\/a>.<\/h2>\n","protected":false},"excerpt":{"rendered":"<p>Jak zbada\u0107 bud\u017cety i posty sponsorowane? Komunikacja marek na Facebooku coraz mocniej opiera si\u0119 na p\u0142atnej promocji post\u00f3w i Stron. Efekty dzia\u0142a\u0144 p\u0142atnych s\u0105 znane jedynie administratorom Stron. Jednak dzi\u0119ki naszemu zupe\u0142nie nowemu badaniu, mo\u017cecie pozna\u0107 wyniki dzia\u0142a\u0144 konkurencji i by\u0107 mo\u017ce skorzysta\u0107 z ich strategii w komunikacji w\u0142asnej marki. Dzi\u0119ki naszej unikalnej bazie danych [&hellip;]<\/p>\n","protected":false},"author":2,"featured_media":18427,"comment_status":"open","ping_status":"open","sticky":false,"template":"","format":"standard","meta":{"inline_featured_image":false,"footnotes":""},"categories":[1795,1797],"tags":[1853,1855,1843,1845,1847,1849,1851],"yoast_head":"<!-- This site is optimized with the Yoast SEO plugin v22.4 - https:\/\/yoast.com\/wordpress\/plugins\/seo\/ -->\n<title>Badania Facebooka na potrzeby marek FMCG<\/title>\n<meta name=\"description\" content=\"Jak marki z bran\u017cy FMCG mog\u0105 skutecznie korzysta\u0107 z badania Facebooka? Jak wyciaga\u0107 z nich wnioski i jakie dzia\u0142ania podejmowa\u0107, by poprawi\u0107 wyniki?\" \/>\n<meta name=\"robots\" content=\"index, follow, max-snippet:-1, max-image-preview:large, max-video-preview:-1\" \/>\n<link rel=\"canonical\" href=\"https:\/\/www.sotrender.com\/blog\/pl\/2015\/12\/badania-facebooka-na-potrzeby-marek-fmcg\/\" \/>\n<meta property=\"og:locale\" content=\"pl_PL\" \/>\n<meta property=\"og:type\" content=\"article\" \/>\n<meta property=\"og:title\" content=\"Badania Facebooka na potrzeby marek FMCG\" \/>\n<meta property=\"og:description\" content=\"Jak marki z bran\u017cy FMCG mog\u0105 skutecznie korzysta\u0107 z badania Facebooka? Jak wyciaga\u0107 z nich wnioski i jakie dzia\u0142ania podejmowa\u0107, by poprawi\u0107 wyniki?\" \/>\n<meta property=\"og:url\" content=\"https:\/\/www.sotrender.com\/blog\/pl\/2015\/12\/badania-facebooka-na-potrzeby-marek-fmcg\/\" \/>\n<meta property=\"og:site_name\" content=\"Sotrender Blog\" \/>\n<meta property=\"article:publisher\" content=\"https:\/\/www.facebook.com\/Sotrender\" \/>\n<meta property=\"article:author\" content=\"https:\/\/www.facebook.com\/jan.zajac.75?fref=ts\" \/>\n<meta property=\"article:published_time\" content=\"2015-12-22T13:23:08+00:00\" \/>\n<meta property=\"article:modified_time\" content=\"2018-02-08T13:40:32+00:00\" \/>\n<meta property=\"og:image\" content=\"https:\/\/www.sotrender.com\/blog\/wp-content\/uploads\/2015\/06\/header_blog_3.jpg\" \/>\n\t<meta property=\"og:image:width\" content=\"1600\" \/>\n\t<meta property=\"og:image:height\" content=\"700\" \/>\n\t<meta property=\"og:image:type\" content=\"image\/jpeg\" \/>\n<meta name=\"author\" content=\"Jan Zaj\u0105c\" \/>\n<meta name=\"twitter:card\" content=\"summary_large_image\" \/>\n<meta name=\"twitter:creator\" content=\"@http:\/\/twitter.com\/janekzajac\" \/>\n<meta name=\"twitter:site\" content=\"@Sotrender\" \/>\n<meta name=\"twitter:label1\" content=\"Written by\" \/>\n\t<meta name=\"twitter:data1\" content=\"Jan Zaj\u0105c\" \/>\n\t<meta name=\"twitter:label2\" content=\"Est. reading time\" \/>\n\t<meta name=\"twitter:data2\" content=\"2 minutes\" \/>\n<script type=\"application\/ld+json\" class=\"yoast-schema-graph\">{\"@context\":\"https:\/\/schema.org\",\"@graph\":[{\"@type\":\"WebPage\",\"@id\":\"https:\/\/www.sotrender.com\/blog\/pl\/2015\/12\/badania-facebooka-na-potrzeby-marek-fmcg\/\",\"url\":\"https:\/\/www.sotrender.com\/blog\/pl\/2015\/12\/badania-facebooka-na-potrzeby-marek-fmcg\/\",\"name\":\"Badania Facebooka na potrzeby marek FMCG\",\"isPartOf\":{\"@id\":\"https:\/\/www.sotrender.com\/blog\/#website\"},\"primaryImageOfPage\":{\"@id\":\"https:\/\/www.sotrender.com\/blog\/pl\/2015\/12\/badania-facebooka-na-potrzeby-marek-fmcg\/#primaryimage\"},\"image\":{\"@id\":\"https:\/\/www.sotrender.com\/blog\/pl\/2015\/12\/badania-facebooka-na-potrzeby-marek-fmcg\/#primaryimage\"},\"thumbnailUrl\":\"https:\/\/www.sotrender.com\/blog\/wp-content\/uploads\/2015\/06\/header_blog_3.jpg\",\"datePublished\":\"2015-12-22T13:23:08+00:00\",\"dateModified\":\"2018-02-08T13:40:32+00:00\",\"author\":{\"@id\":\"https:\/\/www.sotrender.com\/blog\/#\/schema\/person\/15d4db3ba9c4e61b1cb96099300e7c51\"},\"description\":\"Jak marki z bran\u017cy FMCG mog\u0105 skutecznie korzysta\u0107 z badania Facebooka? Jak wyciaga\u0107 z nich wnioski i jakie dzia\u0142ania podejmowa\u0107, by poprawi\u0107 wyniki?\",\"breadcrumb\":{\"@id\":\"https:\/\/www.sotrender.com\/blog\/pl\/2015\/12\/badania-facebooka-na-potrzeby-marek-fmcg\/#breadcrumb\"},\"inLanguage\":\"pl-PL\",\"potentialAction\":[{\"@type\":\"ReadAction\",\"target\":[\"https:\/\/www.sotrender.com\/blog\/pl\/2015\/12\/badania-facebooka-na-potrzeby-marek-fmcg\/\"]}]},{\"@type\":\"ImageObject\",\"inLanguage\":\"pl-PL\",\"@id\":\"https:\/\/www.sotrender.com\/blog\/pl\/2015\/12\/badania-facebooka-na-potrzeby-marek-fmcg\/#primaryimage\",\"url\":\"https:\/\/www.sotrender.com\/blog\/wp-content\/uploads\/2015\/06\/header_blog_3.jpg\",\"contentUrl\":\"https:\/\/www.sotrender.com\/blog\/wp-content\/uploads\/2015\/06\/header_blog_3.jpg\",\"width\":1600,\"height\":700},{\"@type\":\"BreadcrumbList\",\"@id\":\"https:\/\/www.sotrender.com\/blog\/pl\/2015\/12\/badania-facebooka-na-potrzeby-marek-fmcg\/#breadcrumb\",\"itemListElement\":[{\"@type\":\"ListItem\",\"position\":1,\"name\":\"Home\",\"item\":\"https:\/\/www.sotrender.com\/blog\/\"},{\"@type\":\"ListItem\",\"position\":2,\"name\":\"Badania Facebooka na potrzeby marek FMCG\"}]},{\"@type\":\"WebSite\",\"@id\":\"https:\/\/www.sotrender.com\/blog\/#website\",\"url\":\"https:\/\/www.sotrender.com\/blog\/\",\"name\":\"Sotrender Blog\",\"description\":\"\",\"potentialAction\":[{\"@type\":\"SearchAction\",\"target\":{\"@type\":\"EntryPoint\",\"urlTemplate\":\"https:\/\/www.sotrender.com\/blog\/?s={search_term_string}\"},\"query-input\":\"required name=search_term_string\"}],\"inLanguage\":\"pl-PL\"},{\"@type\":\"Person\",\"@id\":\"https:\/\/www.sotrender.com\/blog\/#\/schema\/person\/15d4db3ba9c4e61b1cb96099300e7c51\",\"name\":\"Jan Zaj\u0105c\",\"image\":{\"@type\":\"ImageObject\",\"inLanguage\":\"pl-PL\",\"@id\":\"https:\/\/www.sotrender.com\/blog\/#\/schema\/person\/image\/\",\"url\":\"https:\/\/secure.gravatar.com\/avatar\/330c70ea205c5402148d7c7d8927d81d?s=96&d=mm&r=g\",\"contentUrl\":\"https:\/\/secure.gravatar.com\/avatar\/330c70ea205c5402148d7c7d8927d81d?s=96&d=mm&r=g\",\"caption\":\"Jan Zaj\u0105c\"},\"description\":\"Psychologist &amp; economist, experienced consultant &amp; researcher, who speaks 6 languages and has cycled around 17 countries.\",\"sameAs\":[\"https:\/\/www.facebook.com\/jan.zajac.75?fref=ts\",\"https:\/\/www.linkedin.com\/in\/janekzajac\",\"https:\/\/twitter.com\/http:\/\/twitter.com\/janekzajac\"],\"url\":\"https:\/\/www.sotrender.com\/blog\/pl\/author\/jan_zajc\/\"}]}<\/script>\n<!-- \/ Yoast SEO plugin. -->","yoast_head_json":{"title":"Badania Facebooka na potrzeby marek FMCG","description":"Jak marki z bran\u017cy FMCG mog\u0105 skutecznie korzysta\u0107 z badania Facebooka? Jak wyciaga\u0107 z nich wnioski i jakie dzia\u0142ania podejmowa\u0107, by poprawi\u0107 wyniki?","robots":{"index":"index","follow":"follow","max-snippet":"max-snippet:-1","max-image-preview":"max-image-preview:large","max-video-preview":"max-video-preview:-1"},"canonical":"https:\/\/www.sotrender.com\/blog\/pl\/2015\/12\/badania-facebooka-na-potrzeby-marek-fmcg\/","og_locale":"pl_PL","og_type":"article","og_title":"Badania Facebooka na potrzeby marek FMCG","og_description":"Jak marki z bran\u017cy FMCG mog\u0105 skutecznie korzysta\u0107 z badania Facebooka? Jak wyciaga\u0107 z nich wnioski i jakie dzia\u0142ania podejmowa\u0107, by poprawi\u0107 wyniki?","og_url":"https:\/\/www.sotrender.com\/blog\/pl\/2015\/12\/badania-facebooka-na-potrzeby-marek-fmcg\/","og_site_name":"Sotrender Blog","article_publisher":"https:\/\/www.facebook.com\/Sotrender","article_author":"https:\/\/www.facebook.com\/jan.zajac.75?fref=ts","article_published_time":"2015-12-22T13:23:08+00:00","article_modified_time":"2018-02-08T13:40:32+00:00","og_image":[{"width":1600,"height":700,"url":"https:\/\/www.sotrender.com\/blog\/wp-content\/uploads\/2015\/06\/header_blog_3.jpg","type":"image\/jpeg"}],"author":"Jan Zaj\u0105c","twitter_card":"summary_large_image","twitter_creator":"@http:\/\/twitter.com\/janekzajac","twitter_site":"@Sotrender","twitter_misc":{"Written by":"Jan Zaj\u0105c","Est. reading time":"2 minutes"},"schema":{"@context":"https:\/\/schema.org","@graph":[{"@type":"WebPage","@id":"https:\/\/www.sotrender.com\/blog\/pl\/2015\/12\/badania-facebooka-na-potrzeby-marek-fmcg\/","url":"https:\/\/www.sotrender.com\/blog\/pl\/2015\/12\/badania-facebooka-na-potrzeby-marek-fmcg\/","name":"Badania Facebooka na potrzeby marek FMCG","isPartOf":{"@id":"https:\/\/www.sotrender.com\/blog\/#website"},"primaryImageOfPage":{"@id":"https:\/\/www.sotrender.com\/blog\/pl\/2015\/12\/badania-facebooka-na-potrzeby-marek-fmcg\/#primaryimage"},"image":{"@id":"https:\/\/www.sotrender.com\/blog\/pl\/2015\/12\/badania-facebooka-na-potrzeby-marek-fmcg\/#primaryimage"},"thumbnailUrl":"https:\/\/www.sotrender.com\/blog\/wp-content\/uploads\/2015\/06\/header_blog_3.jpg","datePublished":"2015-12-22T13:23:08+00:00","dateModified":"2018-02-08T13:40:32+00:00","author":{"@id":"https:\/\/www.sotrender.com\/blog\/#\/schema\/person\/15d4db3ba9c4e61b1cb96099300e7c51"},"description":"Jak marki z bran\u017cy FMCG mog\u0105 skutecznie korzysta\u0107 z badania Facebooka? Jak wyciaga\u0107 z nich wnioski i jakie dzia\u0142ania podejmowa\u0107, by poprawi\u0107 wyniki?","breadcrumb":{"@id":"https:\/\/www.sotrender.com\/blog\/pl\/2015\/12\/badania-facebooka-na-potrzeby-marek-fmcg\/#breadcrumb"},"inLanguage":"pl-PL","potentialAction":[{"@type":"ReadAction","target":["https:\/\/www.sotrender.com\/blog\/pl\/2015\/12\/badania-facebooka-na-potrzeby-marek-fmcg\/"]}]},{"@type":"ImageObject","inLanguage":"pl-PL","@id":"https:\/\/www.sotrender.com\/blog\/pl\/2015\/12\/badania-facebooka-na-potrzeby-marek-fmcg\/#primaryimage","url":"https:\/\/www.sotrender.com\/blog\/wp-content\/uploads\/2015\/06\/header_blog_3.jpg","contentUrl":"https:\/\/www.sotrender.com\/blog\/wp-content\/uploads\/2015\/06\/header_blog_3.jpg","width":1600,"height":700},{"@type":"BreadcrumbList","@id":"https:\/\/www.sotrender.com\/blog\/pl\/2015\/12\/badania-facebooka-na-potrzeby-marek-fmcg\/#breadcrumb","itemListElement":[{"@type":"ListItem","position":1,"name":"Home","item":"https:\/\/www.sotrender.com\/blog\/"},{"@type":"ListItem","position":2,"name":"Badania Facebooka na potrzeby marek FMCG"}]},{"@type":"WebSite","@id":"https:\/\/www.sotrender.com\/blog\/#website","url":"https:\/\/www.sotrender.com\/blog\/","name":"Sotrender Blog","description":"","potentialAction":[{"@type":"SearchAction","target":{"@type":"EntryPoint","urlTemplate":"https:\/\/www.sotrender.com\/blog\/?s={search_term_string}"},"query-input":"required name=search_term_string"}],"inLanguage":"pl-PL"},{"@type":"Person","@id":"https:\/\/www.sotrender.com\/blog\/#\/schema\/person\/15d4db3ba9c4e61b1cb96099300e7c51","name":"Jan Zaj\u0105c","image":{"@type":"ImageObject","inLanguage":"pl-PL","@id":"https:\/\/www.sotrender.com\/blog\/#\/schema\/person\/image\/","url":"https:\/\/secure.gravatar.com\/avatar\/330c70ea205c5402148d7c7d8927d81d?s=96&d=mm&r=g","contentUrl":"https:\/\/secure.gravatar.com\/avatar\/330c70ea205c5402148d7c7d8927d81d?s=96&d=mm&r=g","caption":"Jan Zaj\u0105c"},"description":"Psychologist &amp; economist, experienced consultant &amp; researcher, who speaks 6 languages and has cycled around 17 countries.","sameAs":["https:\/\/www.facebook.com\/jan.zajac.75?fref=ts","https:\/\/www.linkedin.com\/in\/janekzajac","https:\/\/twitter.com\/http:\/\/twitter.com\/janekzajac"],"url":"https:\/\/www.sotrender.com\/blog\/pl\/author\/jan_zajc\/"}]}},"_links":{"self":[{"href":"https:\/\/www.sotrender.com\/blog\/pl\/wp-json\/wp\/v2\/posts\/20453"}],"collection":[{"href":"https:\/\/www.sotrender.com\/blog\/pl\/wp-json\/wp\/v2\/posts"}],"about":[{"href":"https:\/\/www.sotrender.com\/blog\/pl\/wp-json\/wp\/v2\/types\/post"}],"author":[{"embeddable":true,"href":"https:\/\/www.sotrender.com\/blog\/pl\/wp-json\/wp\/v2\/users\/2"}],"replies":[{"embeddable":true,"href":"https:\/\/www.sotrender.com\/blog\/pl\/wp-json\/wp\/v2\/comments?post=20453"}],"version-history":[{"count":18,"href":"https:\/\/www.sotrender.com\/blog\/pl\/wp-json\/wp\/v2\/posts\/20453\/revisions"}],"predecessor-version":[{"id":32985,"href":"https:\/\/www.sotrender.com\/blog\/pl\/wp-json\/wp\/v2\/posts\/20453\/revisions\/32985"}],"wp:featuredmedia":[{"embeddable":true,"href":"https:\/\/www.sotrender.com\/blog\/pl\/wp-json\/wp\/v2\/media\/18427"}],"wp:attachment":[{"href":"https:\/\/www.sotrender.com\/blog\/pl\/wp-json\/wp\/v2\/media?parent=20453"}],"wp:term":[{"taxonomy":"category","embeddable":true,"href":"https:\/\/www.sotrender.com\/blog\/pl\/wp-json\/wp\/v2\/categories?post=20453"},{"taxonomy":"post_tag","embeddable":true,"href":"https:\/\/www.sotrender.com\/blog\/pl\/wp-json\/wp\/v2\/tags?post=20453"}],"curies":[{"name":"wp","href":"https:\/\/api.w.org\/{rel}","templated":true}]}}