{"id":2023,"date":"2012-09-04T16:11:07","date_gmt":"2012-09-04T15:11:07","guid":{"rendered":"http:\/\/blog.sotrender.com\/?p=2023"},"modified":"2015-12-28T12:52:36","modified_gmt":"2015-12-28T11:52:36","slug":"nowa-funkcjonalnosc-tagowanie-postow","status":"publish","type":"post","link":"https:\/\/www.sotrender.com\/blog\/pl\/2012\/09\/nowa-funkcjonalnosc-tagowanie-postow\/","title":{"rendered":"Nowa funkcjonalno\u015b\u0107 &#8211; tagowanie post\u00f3w"},"content":{"rendered":"<p>Zainspirowani komentarzami <a title=\"Mariusz Pe\u0142echaty\" href=\"https:\/\/www.facebook.com\/mariusz.pelechaty\" target=\"_blank\">Mariusza Pe\u0142echatego<\/a>\u00a0 z Lemon Sky a tak\u017ce<a title=\"Alek\" href=\"https:\/\/www.facebook.com\/winciorek\" target=\"_blank\"> Alka Winciorka<\/a> oraz\u00a0 <a href=\"http:\/\/https:\/\/www.facebook.com\/michal.gorecki\" target=\"_blank\">Micha\u0142a G\u00f3reckiego<\/a> (obaj z Heureki) zdecydowali\u015bmy si\u0119 na opracowanie nowej funkcjonalno\u015bci &#8211; \u00a0<strong>tagowania tre\u015bci<\/strong>.\u00a0 Micha\u0142 cz\u0119\u015bciowo ju\u017c wyt\u0142umaczy\u0142 w swoim wpisie o <a title=\"michal-gorecki.pl\" href=\"http:\/\/michal-gorecki.pl\/2012\/09\/zmierzmy-jakosc-fanpejdza\/\" target=\"_blank\">jako\u015bci komunikacji na fanpage\u2019u<\/a>,  ja postaram si\u0119 nieco rozwin\u0105\u0107 temat.<\/p>\n<h3><!--more--><br \/>\nCzym jest i co nam daje tagowanie?<\/h3>\n<p>Tagowanie to r\u0119czne przypisywanie atrybut\u00f3w wpisom na danym fanpage\u2019u.\u00a0 Tagi opisuj\u0105 tre\u015bci w spos\u00f3b jako\u015bciowy \u2013 to u\u017cytkownik interpretuje o czym s\u0105 \u00a0opublikowane teksty i multimedia.<\/p>\n<p>Taguj\u0105c tre\u015bci zyskujemy \u015bwietny spos\u00f3b prostej ewaluacji strategii komunikacji na danym fanpage\u2019u. \u00a0Przydaje si\u0119 to mi\u0119dzy innymi \u00a0do okresowych raport\u00f3w,  przetarg\u00f3w czy przemy\u015blanej zmiany komunikacji.<\/p>\n<p>&nbsp;<\/p>\n<h3>Jak?<\/h3>\n<p>Bardzo prosto. Wchodzimy na Najlepsze tre\u015bci w Sotrenderze,  gdzie pojawi\u0142a si\u0119 nowa kolumna (Tagi).\u00a0 \u00a0\u00a0 Domy\u015blnie mamy zdefiniowanych 11 tag\u00f3w.\u00a0 S\u0105 one wypracowanym know-how firmy BrandFibres (Grupa Heureka),  kt\u00f3ra od dawna zajmuje si\u0119 zaawansowanymi analizami tre\u015bci,  tak\u017ce na Facebooku.<\/p>\n<p>Zanim zaczniecie tagowa\u0107 warto wiedzie\u0107,  \u017ce istnieje mo\u017cliwo\u015b\u0107 wprowadzenia do Sotrendera w\u0142asnych tag\u00f3w \u2013 mo\u017cecie je doda\u0107 w zarz\u0105dzaniu kontem (&#8220;Ustawienia&#8221;\u00a0 prawy g\u00f3rny r\u00f3g).<\/p>\n<p style=\"text-align: center;\"><a href=\"https:\/\/www.sotrender.com\/blog\/wp-content\/uploads\/2012\/09\/tagi21.png\" target=\"_blank\"><img loading=\"lazy\" decoding=\"async\" class=\"wp-image-2045 aligncenter\" title=\"tagi2\" src=\"https:\/\/www.sotrender.com\/blog\/wp-content\/uploads\/2012\/09\/tagi21-300x154.png\" alt=\"\" width=\"300\" height=\"154\" \/><\/a><\/p>\n<h3>Analiza<\/h3>\n<p>Do ka\u017cdego wpisu mo\u017cna przyporz\u0105dkowa\u0107 wiele tag\u00f3w.\u00a0 Ja,  dla przyk\u0142adu zrobi\u0142em to dla wszystkich wpis\u00f3w jednego z telecom\u00f3w z ostatniego miesi\u0105ca.\u00a0 Po otagowaniu wpis\u00f3w eksportuj\u0119 dane do Excela,  gdzie wykonuje 2 proste analizy. \u00a0\u00a0Przede wszystkim <strong>zliczam ile jakich tag\u00f3w pojawi\u0142o si\u0119 w ci\u0105gu danego miesi\u0105ca<\/strong> (proste tabele przestawne z kt\u00f3rych potem robi\u0119 wykres). Dzi\u0119ki temu wiem jakiego rodzaju tre\u015bci dominowa\u0142y na fanpage\u2019u \u2013 w tym wypadku by\u0142y to tre\u015bci neutralne (patrz definicje na obrazku) oraz r\u00f3\u017cnego rodzaju konkursy.<\/p>\n<p>Do\u015b\u0107\u00a0 du\u017co tre\u015bci mia\u0142o tak\u017ce pozytywne zabarwienie (cz\u0119\u015b\u0107 z nich by\u0142a emocjonalna).\u00a0 Sama cz\u0119sto\u015b\u0107 wyst\u0119powania tag\u00f3w nie daje nam pe\u0142nego wgl\u0105du w skuteczno\u015b\u0107 danych tre\u015bci,  dlatego warto tak\u017ce rzuci\u0107 okiem na to jaki by\u0142 <strong><em>response<\/em> na tre\u015bci opisane danymi tagami<\/strong>.\u00a0 Za <em>response<\/em> bior\u0119 warto\u015b\u0107 Interactivity Index dla postu \u2013 reszt\u0119 przedstawiam w tabeli przestawnej,  tak jak poprzednio.<\/p>\n<p><a href=\"https:\/\/www.sotrender.com\/blog\/wp-content\/uploads\/2012\/09\/1.jpg\"><img loading=\"lazy\" decoding=\"async\" class=\"aligncenter size-full wp-image-2047\" title=\"1\" src=\"https:\/\/www.sotrender.com\/blog\/wp-content\/uploads\/2012\/09\/1.jpg\" alt=\"\" width=\"453\" height=\"500\" \/><\/a><\/p>\n<p>Dzi\u0119ki takiemu zestawieniu wida\u0107,  \u017ce:<\/p>\n<ul>\n<li>Tre\u015bci o charakterze neutralnym nie tylko pojawia\u0142y si\u0119 najcz\u0119\u015bciej,  ale mia\u0142y najwi\u0119kszy odd\u017awi\u0119k w\u015br\u00f3d fan\u00f3w.<\/li>\n<li>Mimo wzgl\u0119dnie ma\u0142ej cz\u0119stotliwo\u015bci post\u00f3w stricte zwi\u0105zanych z mark\u0105 bardzo efektywnie anga\u017cowa\u0142y one fan\u00f3w.<\/li>\n<li>Co ciekawe posty o konkursach nie anga\u017cowa\u0142y bardziej ni\u017c te pozytywne,  racjonalne czy informacyjne.<\/li>\n<li>By\u0107 mo\u017ce warto poeksperymentowa\u0107 z tre\u015bciami reklamowymi \u2013 cho\u0107 by\u0142o ich wzgl\u0119dnie ma\u0142o,  zaanga\u017cowanie pod nimi by\u0142o stosunkowo wysokie.<\/li>\n<\/ul>\n<p>Dok\u0142adnie tak\u0105 sam\u0105 analiz\u0119 mo\u017cemy zrobi\u0107 dla r\u00f3\u017cnych rodzaj\u00f3w post\u00f3w (zdj\u0119cia,  linki,  wideo,  teksty etc). \u00a0Standardowo najwi\u0119ksz\u0105 cz\u0119\u015b\u0107 zaanga\u017cowania zgarniaj\u0105 zdj\u0119cia,  cho\u0107 \u00a0mimo mniejszej cz\u0119stotliwo\u015bci publikowania pyta\u0144,  to one wzgl\u0119dnie najbardziej anga\u017cuj\u0105.<\/p>\n<p style=\"text-align: center;\"><a href=\"https:\/\/www.sotrender.com\/blog\/wp-content\/uploads\/2012\/09\/2.jpg\"><img loading=\"lazy\" decoding=\"async\" class=\"wp-image-2049 aligncenter\" title=\"2\" src=\"https:\/\/www.sotrender.com\/blog\/wp-content\/uploads\/2012\/09\/2.jpg\" alt=\"\" width=\"453\" height=\"330\" \/><\/a><\/p>\n<h3>Podsumowuj\u0105c<\/h3>\n<p>Korzystaj\u0105c z tag\u00f3w mo\u017cesz zyska\u0107 jako\u015bciowy wgl\u0105d w komunikacj\u0119 danego fanpage\u2019a. Ta wiedza u\u0142atwia budowanie strategii,  daje przewag\u0119 przy przetargach a podczas codziennej obs\u0142ugi pomaga bie\u017c\u0105co reagowa\u0107 na preferencje fan\u00f3w.<\/p>\n<p>&nbsp;<\/p>\n<p>PS. Przynajmniej cz\u0119\u015b\u0107 z opisanych analiz planujemy mo\u017cliwie najbardziej zautomatyzowa\u0107 \u2013 by\u0107 mo\u017ce dodamy te\u017c kilka innych ciekawych pomys\u0142\u00f3w na analizy DIY.<\/p>\n","protected":false},"excerpt":{"rendered":"<p>Zainspirowani komentarzami Mariusza Pe\u0142echatego\u00a0 z Lemon Sky a tak\u017ce Alka Winciorka oraz\u00a0 Micha\u0142a G\u00f3reckiego (obaj z Heureki) zdecydowali\u015bmy si\u0119 na opracowanie nowej funkcjonalno\u015bci &#8211; \u00a0tagowania tre\u015bci.\u00a0 Micha\u0142 cz\u0119\u015bciowo ju\u017c wyt\u0142umaczy\u0142 w swoim wpisie o jako\u015bci komunikacji na fanpage\u2019u, ja postaram si\u0119 nieco rozwin\u0105\u0107 temat.<\/p>\n","protected":false},"author":31,"featured_media":18901,"comment_status":"open","ping_status":"open","sticky":false,"template":"","format":"standard","meta":{"inline_featured_image":false,"footnotes":""},"categories":[1795,1797],"tags":[7,17,225,345],"yoast_head":"<!-- This site is optimized with the Yoast SEO plugin v22.4 - https:\/\/yoast.com\/wordpress\/plugins\/seo\/ -->\n<title>Tagowanie wpis\u00f3w w Sotrenderze<\/title>\n<meta name=\"description\" content=\"Jako\u015bciowa analiza tre\u015bci publikowanych na fanpage&#039;u oraz opis nowej funkcjonalno\u015bci. Sotrender - Social Media Marketing Blog.\" \/>\n<meta name=\"robots\" content=\"index, follow, max-snippet:-1, max-image-preview:large, max-video-preview:-1\" \/>\n<link rel=\"canonical\" href=\"https:\/\/www.sotrender.com\/blog\/pl\/2012\/09\/nowa-funkcjonalnosc-tagowanie-postow\/\" \/>\n<meta property=\"og:locale\" content=\"pl_PL\" \/>\n<meta property=\"og:type\" content=\"article\" \/>\n<meta property=\"og:title\" content=\"Tagowanie wpis\u00f3w w Sotrenderze\" \/>\n<meta property=\"og:description\" content=\"Jako\u015bciowa analiza tre\u015bci publikowanych na fanpage&#039;u oraz opis nowej funkcjonalno\u015bci. Sotrender - Social Media Marketing Blog.\" \/>\n<meta property=\"og:url\" content=\"https:\/\/www.sotrender.com\/blog\/pl\/2012\/09\/nowa-funkcjonalnosc-tagowanie-postow\/\" \/>\n<meta property=\"og:site_name\" content=\"Sotrender Blog\" \/>\n<meta property=\"article:publisher\" content=\"https:\/\/www.facebook.com\/Sotrender\" \/>\n<meta property=\"article:published_time\" content=\"2012-09-04T15:11:07+00:00\" \/>\n<meta property=\"article:modified_time\" content=\"2015-12-28T11:52:36+00:00\" \/>\n<meta property=\"og:image\" content=\"https:\/\/www.sotrender.com\/blog\/wp-content\/uploads\/2015\/07\/header_blog_3.jpg\" \/>\n\t<meta property=\"og:image:width\" content=\"1600\" \/>\n\t<meta property=\"og:image:height\" content=\"700\" \/>\n\t<meta property=\"og:image:type\" content=\"image\/jpeg\" \/>\n<meta name=\"author\" content=\"Aleksandra Prejs\" \/>\n<meta name=\"twitter:card\" content=\"summary_large_image\" \/>\n<meta name=\"twitter:creator\" content=\"@Sotrender\" \/>\n<meta name=\"twitter:site\" content=\"@Sotrender\" \/>\n<meta name=\"twitter:label1\" content=\"Written by\" \/>\n\t<meta name=\"twitter:data1\" content=\"Aleksandra Prejs\" \/>\n\t<meta name=\"twitter:label2\" content=\"Est. reading time\" \/>\n\t<meta name=\"twitter:data2\" content=\"3 minutes\" \/>\n<script type=\"application\/ld+json\" class=\"yoast-schema-graph\">{\"@context\":\"https:\/\/schema.org\",\"@graph\":[{\"@type\":\"WebPage\",\"@id\":\"https:\/\/www.sotrender.com\/blog\/pl\/2012\/09\/nowa-funkcjonalnosc-tagowanie-postow\/\",\"url\":\"https:\/\/www.sotrender.com\/blog\/pl\/2012\/09\/nowa-funkcjonalnosc-tagowanie-postow\/\",\"name\":\"Tagowanie wpis\u00f3w w Sotrenderze\",\"isPartOf\":{\"@id\":\"https:\/\/www.sotrender.com\/blog\/#website\"},\"primaryImageOfPage\":{\"@id\":\"https:\/\/www.sotrender.com\/blog\/pl\/2012\/09\/nowa-funkcjonalnosc-tagowanie-postow\/#primaryimage\"},\"image\":{\"@id\":\"https:\/\/www.sotrender.com\/blog\/pl\/2012\/09\/nowa-funkcjonalnosc-tagowanie-postow\/#primaryimage\"},\"thumbnailUrl\":\"https:\/\/www.sotrender.com\/blog\/wp-content\/uploads\/2015\/07\/header_blog_3.jpg\",\"datePublished\":\"2012-09-04T15:11:07+00:00\",\"dateModified\":\"2015-12-28T11:52:36+00:00\",\"author\":{\"@id\":\"https:\/\/www.sotrender.com\/blog\/#\/schema\/person\/7106df62825269bc360ad9171cd7149b\"},\"description\":\"Jako\u015bciowa analiza tre\u015bci publikowanych na fanpage'u oraz opis nowej funkcjonalno\u015bci. Sotrender - Social Media Marketing Blog.\",\"breadcrumb\":{\"@id\":\"https:\/\/www.sotrender.com\/blog\/pl\/2012\/09\/nowa-funkcjonalnosc-tagowanie-postow\/#breadcrumb\"},\"inLanguage\":\"pl-PL\",\"potentialAction\":[{\"@type\":\"ReadAction\",\"target\":[\"https:\/\/www.sotrender.com\/blog\/pl\/2012\/09\/nowa-funkcjonalnosc-tagowanie-postow\/\"]}]},{\"@type\":\"ImageObject\",\"inLanguage\":\"pl-PL\",\"@id\":\"https:\/\/www.sotrender.com\/blog\/pl\/2012\/09\/nowa-funkcjonalnosc-tagowanie-postow\/#primaryimage\",\"url\":\"https:\/\/www.sotrender.com\/blog\/wp-content\/uploads\/2015\/07\/header_blog_3.jpg\",\"contentUrl\":\"https:\/\/www.sotrender.com\/blog\/wp-content\/uploads\/2015\/07\/header_blog_3.jpg\",\"width\":1600,\"height\":700},{\"@type\":\"BreadcrumbList\",\"@id\":\"https:\/\/www.sotrender.com\/blog\/pl\/2012\/09\/nowa-funkcjonalnosc-tagowanie-postow\/#breadcrumb\",\"itemListElement\":[{\"@type\":\"ListItem\",\"position\":1,\"name\":\"Home\",\"item\":\"https:\/\/www.sotrender.com\/blog\/\"},{\"@type\":\"ListItem\",\"position\":2,\"name\":\"Nowa funkcjonalno\u015b\u0107 &#8211; tagowanie post\u00f3w\"}]},{\"@type\":\"WebSite\",\"@id\":\"https:\/\/www.sotrender.com\/blog\/#website\",\"url\":\"https:\/\/www.sotrender.com\/blog\/\",\"name\":\"Sotrender Blog\",\"description\":\"\",\"potentialAction\":[{\"@type\":\"SearchAction\",\"target\":{\"@type\":\"EntryPoint\",\"urlTemplate\":\"https:\/\/www.sotrender.com\/blog\/?s={search_term_string}\"},\"query-input\":\"required name=search_term_string\"}],\"inLanguage\":\"pl-PL\"},{\"@type\":\"Person\",\"@id\":\"https:\/\/www.sotrender.com\/blog\/#\/schema\/person\/7106df62825269bc360ad9171cd7149b\",\"name\":\"Aleksandra Prejs\",\"image\":{\"@type\":\"ImageObject\",\"inLanguage\":\"pl-PL\",\"@id\":\"https:\/\/www.sotrender.com\/blog\/#\/schema\/person\/image\/\",\"url\":\"https:\/\/secure.gravatar.com\/avatar\/469000454b77ff0aacb32c49dba023be?s=96&d=mm&r=g\",\"contentUrl\":\"https:\/\/secure.gravatar.com\/avatar\/469000454b77ff0aacb32c49dba023be?s=96&d=mm&r=g\",\"caption\":\"Aleksandra Prejs\"},\"url\":\"https:\/\/www.sotrender.com\/blog\/pl\/author\/aleksandra-prejs\/\"}]}<\/script>\n<!-- \/ Yoast SEO plugin. -->","yoast_head_json":{"title":"Tagowanie wpis\u00f3w w Sotrenderze","description":"Jako\u015bciowa analiza tre\u015bci publikowanych na fanpage'u oraz opis nowej funkcjonalno\u015bci. Sotrender - Social Media Marketing Blog.","robots":{"index":"index","follow":"follow","max-snippet":"max-snippet:-1","max-image-preview":"max-image-preview:large","max-video-preview":"max-video-preview:-1"},"canonical":"https:\/\/www.sotrender.com\/blog\/pl\/2012\/09\/nowa-funkcjonalnosc-tagowanie-postow\/","og_locale":"pl_PL","og_type":"article","og_title":"Tagowanie wpis\u00f3w w Sotrenderze","og_description":"Jako\u015bciowa analiza tre\u015bci publikowanych na fanpage'u oraz opis nowej funkcjonalno\u015bci. Sotrender - Social Media Marketing Blog.","og_url":"https:\/\/www.sotrender.com\/blog\/pl\/2012\/09\/nowa-funkcjonalnosc-tagowanie-postow\/","og_site_name":"Sotrender Blog","article_publisher":"https:\/\/www.facebook.com\/Sotrender","article_published_time":"2012-09-04T15:11:07+00:00","article_modified_time":"2015-12-28T11:52:36+00:00","og_image":[{"width":1600,"height":700,"url":"https:\/\/www.sotrender.com\/blog\/wp-content\/uploads\/2015\/07\/header_blog_3.jpg","type":"image\/jpeg"}],"author":"Aleksandra Prejs","twitter_card":"summary_large_image","twitter_creator":"@Sotrender","twitter_site":"@Sotrender","twitter_misc":{"Written by":"Aleksandra Prejs","Est. reading time":"3 minutes"},"schema":{"@context":"https:\/\/schema.org","@graph":[{"@type":"WebPage","@id":"https:\/\/www.sotrender.com\/blog\/pl\/2012\/09\/nowa-funkcjonalnosc-tagowanie-postow\/","url":"https:\/\/www.sotrender.com\/blog\/pl\/2012\/09\/nowa-funkcjonalnosc-tagowanie-postow\/","name":"Tagowanie wpis\u00f3w w Sotrenderze","isPartOf":{"@id":"https:\/\/www.sotrender.com\/blog\/#website"},"primaryImageOfPage":{"@id":"https:\/\/www.sotrender.com\/blog\/pl\/2012\/09\/nowa-funkcjonalnosc-tagowanie-postow\/#primaryimage"},"image":{"@id":"https:\/\/www.sotrender.com\/blog\/pl\/2012\/09\/nowa-funkcjonalnosc-tagowanie-postow\/#primaryimage"},"thumbnailUrl":"https:\/\/www.sotrender.com\/blog\/wp-content\/uploads\/2015\/07\/header_blog_3.jpg","datePublished":"2012-09-04T15:11:07+00:00","dateModified":"2015-12-28T11:52:36+00:00","author":{"@id":"https:\/\/www.sotrender.com\/blog\/#\/schema\/person\/7106df62825269bc360ad9171cd7149b"},"description":"Jako\u015bciowa analiza tre\u015bci publikowanych na fanpage'u oraz opis nowej funkcjonalno\u015bci. Sotrender - Social Media Marketing Blog.","breadcrumb":{"@id":"https:\/\/www.sotrender.com\/blog\/pl\/2012\/09\/nowa-funkcjonalnosc-tagowanie-postow\/#breadcrumb"},"inLanguage":"pl-PL","potentialAction":[{"@type":"ReadAction","target":["https:\/\/www.sotrender.com\/blog\/pl\/2012\/09\/nowa-funkcjonalnosc-tagowanie-postow\/"]}]},{"@type":"ImageObject","inLanguage":"pl-PL","@id":"https:\/\/www.sotrender.com\/blog\/pl\/2012\/09\/nowa-funkcjonalnosc-tagowanie-postow\/#primaryimage","url":"https:\/\/www.sotrender.com\/blog\/wp-content\/uploads\/2015\/07\/header_blog_3.jpg","contentUrl":"https:\/\/www.sotrender.com\/blog\/wp-content\/uploads\/2015\/07\/header_blog_3.jpg","width":1600,"height":700},{"@type":"BreadcrumbList","@id":"https:\/\/www.sotrender.com\/blog\/pl\/2012\/09\/nowa-funkcjonalnosc-tagowanie-postow\/#breadcrumb","itemListElement":[{"@type":"ListItem","position":1,"name":"Home","item":"https:\/\/www.sotrender.com\/blog\/"},{"@type":"ListItem","position":2,"name":"Nowa funkcjonalno\u015b\u0107 &#8211; tagowanie post\u00f3w"}]},{"@type":"WebSite","@id":"https:\/\/www.sotrender.com\/blog\/#website","url":"https:\/\/www.sotrender.com\/blog\/","name":"Sotrender Blog","description":"","potentialAction":[{"@type":"SearchAction","target":{"@type":"EntryPoint","urlTemplate":"https:\/\/www.sotrender.com\/blog\/?s={search_term_string}"},"query-input":"required name=search_term_string"}],"inLanguage":"pl-PL"},{"@type":"Person","@id":"https:\/\/www.sotrender.com\/blog\/#\/schema\/person\/7106df62825269bc360ad9171cd7149b","name":"Aleksandra Prejs","image":{"@type":"ImageObject","inLanguage":"pl-PL","@id":"https:\/\/www.sotrender.com\/blog\/#\/schema\/person\/image\/","url":"https:\/\/secure.gravatar.com\/avatar\/469000454b77ff0aacb32c49dba023be?s=96&d=mm&r=g","contentUrl":"https:\/\/secure.gravatar.com\/avatar\/469000454b77ff0aacb32c49dba023be?s=96&d=mm&r=g","caption":"Aleksandra Prejs"},"url":"https:\/\/www.sotrender.com\/blog\/pl\/author\/aleksandra-prejs\/"}]}},"_links":{"self":[{"href":"https:\/\/www.sotrender.com\/blog\/pl\/wp-json\/wp\/v2\/posts\/2023"}],"collection":[{"href":"https:\/\/www.sotrender.com\/blog\/pl\/wp-json\/wp\/v2\/posts"}],"about":[{"href":"https:\/\/www.sotrender.com\/blog\/pl\/wp-json\/wp\/v2\/types\/post"}],"author":[{"embeddable":true,"href":"https:\/\/www.sotrender.com\/blog\/pl\/wp-json\/wp\/v2\/users\/31"}],"replies":[{"embeddable":true,"href":"https:\/\/www.sotrender.com\/blog\/pl\/wp-json\/wp\/v2\/comments?post=2023"}],"version-history":[{"count":36,"href":"https:\/\/www.sotrender.com\/blog\/pl\/wp-json\/wp\/v2\/posts\/2023\/revisions"}],"predecessor-version":[{"id":20523,"href":"https:\/\/www.sotrender.com\/blog\/pl\/wp-json\/wp\/v2\/posts\/2023\/revisions\/20523"}],"wp:featuredmedia":[{"embeddable":true,"href":"https:\/\/www.sotrender.com\/blog\/pl\/wp-json\/wp\/v2\/media\/18901"}],"wp:attachment":[{"href":"https:\/\/www.sotrender.com\/blog\/pl\/wp-json\/wp\/v2\/media?parent=2023"}],"wp:term":[{"taxonomy":"category","embeddable":true,"href":"https:\/\/www.sotrender.com\/blog\/pl\/wp-json\/wp\/v2\/categories?post=2023"},{"taxonomy":"post_tag","embeddable":true,"href":"https:\/\/www.sotrender.com\/blog\/pl\/wp-json\/wp\/v2\/tags?post=2023"}],"curies":[{"name":"wp","href":"https:\/\/api.w.org\/{rel}","templated":true}]}}