{"id":19941,"date":"2015-11-09T09:34:31","date_gmt":"2015-11-09T08:34:31","guid":{"rendered":"http:\/\/blog.sotrender.com\/?p=19941"},"modified":"2015-12-01T21:17:38","modified_gmt":"2015-12-01T20:17:38","slug":"fanpage-trends-pazdziernik-2015","status":"publish","type":"post","link":"https:\/\/www.sotrender.com\/blog\/pl\/2015\/11\/fanpage-trends-pazdziernik-2015\/","title":{"rendered":"Fanpage Trends Pa\u017adziernik 2015 &#8211; Facebook z dala od polityki"},"content":{"rendered":"<p style=\"text-align: justify;\"><span style=\"font-weight: 400;\">W pa\u017adzierniku na Facebooku panowa\u0142 spory ruch. Administratorzy stron opublikowali o blisko 5% wi\u0119cej post\u00f3w ni\u017c we wrze\u015bniu. Proponowane przez nich tre\u015bci by\u0142y r\u00f3wnie\u017c o blisko 5% bardziej anga\u017cuj\u0105ce oraz o 36% cz\u0119\u015bciej udost\u0119pniane ni\u017c przed miesi\u0105cem. Co ciekawe,  w pa\u017adzierniku najch\u0119tniej wybieranym przez administrator\u00f3w typem posta nie by\u0142o zdj\u0119cie,  a linki,  kt\u00f3re stanowi\u0142y a\u017c 44% wszystkich tre\u015bci. Niezmiennie jednak zdj\u0119cia anga\u017cowa\u0142y u\u017cytkownik\u00f3w Facebooka najbardziej. Co jeszcze dzia\u0142o si\u0119 na Facebooku w\u00a0pa\u017adzierniku? Zapraszamy do lektury <a title=\"Przejd\u017a do raportu\" href=\"http:\/\/www.sotrender.pl\/trends\/facebook\" target=\"_blank\">najnowszego wydania raportu Fanpage Trends<\/a> przygotowanego przez <a title=\"Przejd\u017a na stron\u0119 Sotrendera\" href=\"http:\/\/www.sotrender.pl\/\" target=\"_blank\">Sotrender<\/a>.<\/span><\/p>\n<p style=\"text-align: justify;\"><!--more--><\/p>\n<h2 style=\"text-align: justify;\"><b>Make life harder pokonali polityk\u00f3w w <a title=\"Przejd\u017a do raportu\" href=\"http:\/\/www.sotrender.pl\/trends\/facebook\" target=\"_blank\">Fanpage Trends<\/a><\/b><\/h2>\n<p style=\"text-align: justify;\"><span style=\"font-weight: 400;\">Podczas gdy Twitter a\u017c dudni\u0142 od echa powyborczych emocji,  patrz\u0105c na wyniki stron na Facebooku,  mo\u017cna odnie\u015b\u0107 wra\u017cenie,  \u017ce w pa\u017adzierniku nie odby\u0142y si\u0119 \u017cadne wybory. Na Facebooku z oko\u0142owyborczej gor\u0105czki nie skorzystali sami politycy,  a blogerzy z Make life harder,  kt\u00f3rzy zachwycili fan\u00f3w swoim przesyconym ironi\u0105 <a title=\"Przeczytaj wpis\" href=\"https:\/\/www.facebook.com\/277599892256065\/posts\/1217987518217293\" target=\"_blank\">podsumowaniem przedwyborczych obietnic<\/a> partii. Wpis Make life harder uplasowa\u0142 si\u0119 na pi\u0105tym miejscu pod wzgl\u0119dem interaktywno\u015bci w kategorii media oraz zosta\u0142 najbardziej interaktywnym postem w\u015br\u00f3d blog\u00f3w. W efekcie fanpage Make life harder awansowa\u0142 o 45 pozycji w rankingu najbardziej anga\u017cuj\u0105cych stron blog\u00f3w oraz a\u017c o 86 miejsc w zestawieniu najbardziej interaktywnych profili. Wynik wybor\u00f3w pozwoli\u0142 si\u0119 r\u00f3wnie\u017c wybi\u0107 stronie Nie lubi\u0119 PIS-u,  kt\u00f3ra skoczy\u0142a o 24 miejsca w rankingu najbardziej anga\u017cuj\u0105cych stron polskoj\u0119zycznych.<\/span><\/p>\n<div id=\"attachment_19949\" style=\"width: 798px\" class=\"wp-caption aligncenter\"><a href=\"https:\/\/www.sotrender.com\/blog\/wp-content\/uploads\/2015\/11\/fanpage_trends_201510_hl2.pdf-2015-11-09-09-28-15.png\"><img loading=\"lazy\" decoding=\"async\" aria-describedby=\"caption-attachment-19949\" class=\"size-full wp-image-19949\" src=\"https:\/\/www.sotrender.com\/blog\/wp-content\/uploads\/2015\/11\/fanpage_trends_201510_hl2.pdf-2015-11-09-09-28-15.png\" alt=\"Fanpage Trends Pa\u017adziernik 2015 - najbardziej interaktywne posty w kategorii media\" width=\"788\" height=\"720\" \/><\/a><p id=\"caption-attachment-19949\" class=\"wp-caption-text\">Fanpage Trends Pa\u017adziernik 2015 &#8211; najbardziej interaktywne posty w kategorii media<\/p><\/div>\n<h2 style=\"text-align: justify;\"><b><a title=\"Przejd\u017a do raportu\" href=\"https:\/\/www.sotrender.com\/blog\/pl\/2015\/10\/nowy-raport-sotrendera-insight-trends\/\" target=\"_blank\">Insight Trends<\/a> &#8211; nowy raport Sotrendera <\/b><\/h2>\n<p style=\"text-align: justify;\"><span style=\"font-weight: 400;\">Dynamika zmian na Facebooku wymusza na administratorach stron elastyczne podej\u015bcie do prowadzenia komunikacji,  kt\u00f3re powinno by\u0107 wypadkow\u0105 wielu zmiennych. Nale\u017c\u0105 do nich oczywi\u015bcie specyfika grupy docelowej oraz cel komunikacji,  ale przede wszystkim &#8211; charakterystyka bran\u017cy,  w kt\u00f3rej operuje promowana przez nas marka. Aby zapewni\u0107 administratorom stron sta\u0142y dost\u0119p do najbardziej aktualnych danych na temat najbardziej anga\u017cuj\u0105cych bran\u017c,  w pa\u017adzierniku zapocz\u0105tkowali\u015bmy nowy cykl raport\u00f3w &#8211; <a title=\"Przejd\u017a do raportu\" href=\"https:\/\/www.sotrender.com\/blog\/pl\/2015\/10\/nowy-raport-sotrendera-insight-trends\/\" target=\"_blank\">Insight Trends<\/a>. W raporcie prezentujemy pog\u0142\u0119bione statystyki dotycz\u0105ce demografii,  zasi\u0119gu,  zaanga\u017cowania fan\u00f3w oraz liczby aktywno\u015bci na stronach nale\u017c\u0105cych do poszczeg\u00f3lnych bran\u017c. Wiedza o \u015brednich warto\u015bciach dla ka\u017cdego ze wska\u017anik\u00f3w w danej bran\u017cy pozwoli bardzo \u0142atwo por\u00f3wna\u0107 wyniki danej strony z przeci\u0119tnymi wynikami innych stron z danego segmentu,  by jeszcze skuteczniej oceni\u0107 jako\u015b\u0107 prowadzonej komunikacji.<\/span><strong><strong>\u00a0<\/strong><\/strong><\/p>\n<p style=\"text-align: justify;\"><div class=\"shortcode trial\"><h4><span>Mierz dzia\u0142ania na Facebooku w Sotrenderze<\/span><a title=\"Wypr\u00f3buj za darmo!\" class=\"btn\" href=\"https:\/\/app.sotrender.com\/auth\/signup\/trial\/pl?utm_source=blog-cta-legacy\">Wypr\u00f3buj za darmo!<\/a><\/h4><\/div><\/p>\n<p style=\"text-align: justify;\"><strong><strong><a href=\"https:\/\/www.sotrender.com\/blog\/wp-content\/uploads\/2015\/11\/strony-polskoj\u0119zyczne.png\"><img loading=\"lazy\" decoding=\"async\" class=\"aligncenter size-articleincontent wp-image-19945\" src=\"https:\/\/www.sotrender.com\/blog\/wp-content\/uploads\/2015\/11\/strony-polskoj\u0119zyczne.png\" alt=\"strony-polskoj\u0119zyczne\" width=\"1080\" height=\"951\" srcset=\"https:\/\/www.sotrender.com\/blog\/wp-content\/uploads\/2015\/11\/strony-polskoj\u0119zyczne.png 1080w, https:\/\/www.sotrender.com\/blog\/wp-content\/uploads\/2015\/11\/strony-polskoj\u0119zyczne-475x418.png 475w, https:\/\/www.sotrender.com\/blog\/wp-content\/uploads\/2015\/11\/strony-polskoj\u0119zyczne-768x676.png 768w, https:\/\/www.sotrender.com\/blog\/wp-content\/uploads\/2015\/11\/strony-polskoj\u0119zyczne-950x837.png 950w, https:\/\/www.sotrender.com\/blog\/wp-content\/uploads\/2015\/11\/strony-polskoj\u0119zyczne-600x528.png 600w\" sizes=\"(max-width: 1080px) 100vw, 1080px\" \/><\/a><\/strong><\/strong><\/p>\n<h2 style=\"text-align: justify;\"><b>Ca\u0142a prawda o komunikacji na Facebooku<\/b><\/h2>\n<p style=\"text-align: justify;\"><span style=\"font-weight: 400;\">W pa\u017adzierniku kontynuowali\u015bmy cykl post\u00f3w maj\u0105cych na celu obalenie najpopularniejszych mit\u00f3w zwi\u0105zanych z komunikacj\u0105 na Facebooku. Podpieraj\u0105c si\u0119 wynikami analiz,  rozprawili\u015bmy si\u0119 tym samym z opiniami na temat tego,  czy <a title=\"Przeczytaj wpis\" href=\"https:\/\/www.sotrender.com\/blog\/2015\/11\/facebook-myths-debunked-does-posting-more-irritate-your-audience\/\" target=\"_blank\">cz\u0119ste publikowanie post\u00f3w irytuje fan\u00f3w<\/a>,  czy <a title=\"Przeczytaj wi\u0119cej\" href=\"https:\/\/www.sotrender.com\/blog\/2015\/10\/facebook-myths-debunked-do-posts-with-photos-get-more-attention\/\" target=\"_blank\">posty ze zdj\u0119ciami bardziej przyci\u0105gaj\u0105 uwag\u0119 odbiorc\u00f3w<\/a>,  czy <a title=\"Dowiedz si\u0119 wi\u0119cej\" href=\"https:\/\/www.sotrender.com\/blog\/2015\/10\/facebook-myths-debunked-more-posting-leads-to-more-engagement\/\" target=\"_blank\">cz\u0119ste postowanie mo\u017ce pom\u00f3c w zwi\u0119kszeniu zaanga\u017cowania<\/a> na stronie oraz <a title=\"Dowiedz si\u0119 wi\u0119cej\" href=\"https:\/\/www.sotrender.com\/blog\/2015\/10\/facebook-myths-debunked-do-question-posts-get-more-attention\/\" target=\"_blank\">czy fani ch\u0119tniej anga\u017cuj\u0105 si\u0119 w aktywno\u015bci zwi\u0105zane z postami zawieraj\u0105cymi pytania<\/a>. Je\u015bli r\u00f3wnie\u017c macie podobne dylematy,  odpowiedzi szukajcie na blogu Sotrendera. <\/span><\/p>\n<h2 style=\"text-align: center;\"><a title=\"Przejd\u017a do raportu\" href=\"http:\/\/www.sotrender.pl\/trends\/facebook\/reports\/201510\/categories\" target=\"_blank\"><strong><strong>\u00a0Z<\/strong><\/strong><b>apraszamy do lektury pa\u017adziernikowego wydania raportu Fanpage Trends!<\/b><\/a><\/h2>\n","protected":false},"excerpt":{"rendered":"<p>W pa\u017adzierniku na Facebooku panowa\u0142 spory ruch. Administratorzy stron opublikowali o blisko 5% wi\u0119cej post\u00f3w ni\u017c we wrze\u015bniu. Proponowane przez nich tre\u015bci by\u0142y r\u00f3wnie\u017c o blisko 5% bardziej anga\u017cuj\u0105ce oraz o 36% cz\u0119\u015bciej udost\u0119pniane ni\u017c przed miesi\u0105cem. Co ciekawe, w pa\u017adzierniku najch\u0119tniej wybieranym przez administrator\u00f3w typem posta nie by\u0142o zdj\u0119cie, a linki, kt\u00f3re stanowi\u0142y a\u017c [&hellip;]<\/p>\n","protected":false},"author":49,"featured_media":18445,"comment_status":"open","ping_status":"open","sticky":false,"template":"","format":"standard","meta":{"inline_featured_image":false,"footnotes":""},"categories":[1791,1797],"tags":[7,17,25,31,825,1663,1749,1765,1767],"yoast_head":"<!-- This site is optimized with the Yoast SEO plugin v22.4 - https:\/\/yoast.com\/wordpress\/plugins\/seo\/ -->\n<title>Fanpage Trends Pa\u017adziernik 2015 - Facebook z dala od polityki<\/title>\n<meta name=\"description\" content=\"Zapraszamy do lektury pa\u017adziernikowego wydania raportu Fanpage Trends podsumowuj\u0105cego najwa\u017cniejsze wydarzenia na Facebooku w Polsce w minionym miesi\u0105cu.\" \/>\n<meta name=\"robots\" content=\"index, follow, max-snippet:-1, max-image-preview:large, max-video-preview:-1\" \/>\n<link rel=\"canonical\" href=\"https:\/\/www.sotrender.com\/blog\/pl\/2015\/11\/fanpage-trends-pazdziernik-2015\/\" \/>\n<meta property=\"og:locale\" content=\"pl_PL\" \/>\n<meta property=\"og:type\" content=\"article\" \/>\n<meta property=\"og:title\" content=\"Fanpage Trends Pa\u017adziernik 2015 - Facebook z dala od polityki\" \/>\n<meta property=\"og:description\" content=\"Zapraszamy do lektury pa\u017adziernikowego wydania raportu Fanpage Trends podsumowuj\u0105cego najwa\u017cniejsze wydarzenia na Facebooku w Polsce w minionym miesi\u0105cu.\" \/>\n<meta property=\"og:url\" content=\"https:\/\/www.sotrender.com\/blog\/pl\/2015\/11\/fanpage-trends-pazdziernik-2015\/\" \/>\n<meta property=\"og:site_name\" content=\"Sotrender Blog\" \/>\n<meta property=\"article:publisher\" content=\"https:\/\/www.facebook.com\/Sotrender\" \/>\n<meta property=\"article:published_time\" content=\"2015-11-09T08:34:31+00:00\" \/>\n<meta property=\"article:modified_time\" content=\"2015-12-01T20:17:38+00:00\" \/>\n<meta property=\"og:image\" content=\"https:\/\/www.sotrender.com\/blog\/wp-content\/uploads\/2015\/06\/fanpage-trends-featyred.jpg\" \/>\n\t<meta property=\"og:image:width\" content=\"1600\" \/>\n\t<meta property=\"og:image:height\" content=\"700\" \/>\n\t<meta property=\"og:image:type\" content=\"image\/jpeg\" \/>\n<meta name=\"author\" content=\"Micha\u0142 Wieczorek\" \/>\n<meta name=\"twitter:card\" content=\"summary_large_image\" \/>\n<meta name=\"twitter:creator\" content=\"@http:\/\/twitter.com\/eveningo\" \/>\n<meta name=\"twitter:site\" content=\"@Sotrender\" \/>\n<meta name=\"twitter:label1\" content=\"Written by\" \/>\n\t<meta name=\"twitter:data1\" content=\"Micha\u0142 Wieczorek\" \/>\n\t<meta name=\"twitter:label2\" content=\"Est. reading time\" \/>\n\t<meta name=\"twitter:data2\" content=\"3 minutes\" \/>\n<script type=\"application\/ld+json\" class=\"yoast-schema-graph\">{\"@context\":\"https:\/\/schema.org\",\"@graph\":[{\"@type\":\"WebPage\",\"@id\":\"https:\/\/www.sotrender.com\/blog\/pl\/2015\/11\/fanpage-trends-pazdziernik-2015\/\",\"url\":\"https:\/\/www.sotrender.com\/blog\/pl\/2015\/11\/fanpage-trends-pazdziernik-2015\/\",\"name\":\"Fanpage Trends Pa\u017adziernik 2015 - Facebook z dala od polityki\",\"isPartOf\":{\"@id\":\"https:\/\/www.sotrender.com\/blog\/#website\"},\"primaryImageOfPage\":{\"@id\":\"https:\/\/www.sotrender.com\/blog\/pl\/2015\/11\/fanpage-trends-pazdziernik-2015\/#primaryimage\"},\"image\":{\"@id\":\"https:\/\/www.sotrender.com\/blog\/pl\/2015\/11\/fanpage-trends-pazdziernik-2015\/#primaryimage\"},\"thumbnailUrl\":\"https:\/\/www.sotrender.com\/blog\/wp-content\/uploads\/2015\/06\/fanpage-trends-featyred.jpg\",\"datePublished\":\"2015-11-09T08:34:31+00:00\",\"dateModified\":\"2015-12-01T20:17:38+00:00\",\"author\":{\"@id\":\"https:\/\/www.sotrender.com\/blog\/#\/schema\/person\/48ed6f8ff39863778de8dd32f58467f5\"},\"description\":\"Zapraszamy do lektury pa\u017adziernikowego wydania raportu Fanpage Trends podsumowuj\u0105cego najwa\u017cniejsze wydarzenia na Facebooku w Polsce w minionym miesi\u0105cu.\",\"breadcrumb\":{\"@id\":\"https:\/\/www.sotrender.com\/blog\/pl\/2015\/11\/fanpage-trends-pazdziernik-2015\/#breadcrumb\"},\"inLanguage\":\"pl-PL\",\"potentialAction\":[{\"@type\":\"ReadAction\",\"target\":[\"https:\/\/www.sotrender.com\/blog\/pl\/2015\/11\/fanpage-trends-pazdziernik-2015\/\"]}]},{\"@type\":\"ImageObject\",\"inLanguage\":\"pl-PL\",\"@id\":\"https:\/\/www.sotrender.com\/blog\/pl\/2015\/11\/fanpage-trends-pazdziernik-2015\/#primaryimage\",\"url\":\"https:\/\/www.sotrender.com\/blog\/wp-content\/uploads\/2015\/06\/fanpage-trends-featyred.jpg\",\"contentUrl\":\"https:\/\/www.sotrender.com\/blog\/wp-content\/uploads\/2015\/06\/fanpage-trends-featyred.jpg\",\"width\":1600,\"height\":700},{\"@type\":\"BreadcrumbList\",\"@id\":\"https:\/\/www.sotrender.com\/blog\/pl\/2015\/11\/fanpage-trends-pazdziernik-2015\/#breadcrumb\",\"itemListElement\":[{\"@type\":\"ListItem\",\"position\":1,\"name\":\"Home\",\"item\":\"https:\/\/www.sotrender.com\/blog\/\"},{\"@type\":\"ListItem\",\"position\":2,\"name\":\"Fanpage Trends Pa\u017adziernik 2015 &#8211; Facebook z dala od polityki\"}]},{\"@type\":\"WebSite\",\"@id\":\"https:\/\/www.sotrender.com\/blog\/#website\",\"url\":\"https:\/\/www.sotrender.com\/blog\/\",\"name\":\"Sotrender Blog\",\"description\":\"\",\"potentialAction\":[{\"@type\":\"SearchAction\",\"target\":{\"@type\":\"EntryPoint\",\"urlTemplate\":\"https:\/\/www.sotrender.com\/blog\/?s={search_term_string}\"},\"query-input\":\"required name=search_term_string\"}],\"inLanguage\":\"pl-PL\"},{\"@type\":\"Person\",\"@id\":\"https:\/\/www.sotrender.com\/blog\/#\/schema\/person\/48ed6f8ff39863778de8dd32f58467f5\",\"name\":\"Micha\u0142 Wieczorek\",\"image\":{\"@type\":\"ImageObject\",\"inLanguage\":\"pl-PL\",\"@id\":\"https:\/\/www.sotrender.com\/blog\/#\/schema\/person\/image\/\",\"url\":\"https:\/\/secure.gravatar.com\/avatar\/65ceb2020aa2338488b9c5f33c10137f?s=96&d=mm&r=g\",\"contentUrl\":\"https:\/\/secure.gravatar.com\/avatar\/65ceb2020aa2338488b9c5f33c10137f?s=96&d=mm&r=g\",\"caption\":\"Micha\u0142 Wieczorek\"},\"description\":\"Baltic linguist, marketer, and music journalist in his free time. A big fan of good food and even better music.\",\"sameAs\":[\"https:\/\/www.linkedin.com\/in\/michaldwieczorek\",\"https:\/\/twitter.com\/http:\/\/twitter.com\/eveningo\"],\"url\":\"https:\/\/www.sotrender.com\/blog\/pl\/author\/micha_wieczorek\/\"}]}<\/script>\n<!-- \/ Yoast SEO plugin. -->","yoast_head_json":{"title":"Fanpage Trends Pa\u017adziernik 2015 - Facebook z dala od polityki","description":"Zapraszamy do lektury pa\u017adziernikowego wydania raportu Fanpage Trends podsumowuj\u0105cego najwa\u017cniejsze wydarzenia na Facebooku w Polsce w minionym miesi\u0105cu.","robots":{"index":"index","follow":"follow","max-snippet":"max-snippet:-1","max-image-preview":"max-image-preview:large","max-video-preview":"max-video-preview:-1"},"canonical":"https:\/\/www.sotrender.com\/blog\/pl\/2015\/11\/fanpage-trends-pazdziernik-2015\/","og_locale":"pl_PL","og_type":"article","og_title":"Fanpage Trends Pa\u017adziernik 2015 - Facebook z dala od polityki","og_description":"Zapraszamy do lektury pa\u017adziernikowego wydania raportu Fanpage Trends podsumowuj\u0105cego najwa\u017cniejsze wydarzenia na Facebooku w Polsce w minionym miesi\u0105cu.","og_url":"https:\/\/www.sotrender.com\/blog\/pl\/2015\/11\/fanpage-trends-pazdziernik-2015\/","og_site_name":"Sotrender Blog","article_publisher":"https:\/\/www.facebook.com\/Sotrender","article_published_time":"2015-11-09T08:34:31+00:00","article_modified_time":"2015-12-01T20:17:38+00:00","og_image":[{"width":1600,"height":700,"url":"https:\/\/www.sotrender.com\/blog\/wp-content\/uploads\/2015\/06\/fanpage-trends-featyred.jpg","type":"image\/jpeg"}],"author":"Micha\u0142 Wieczorek","twitter_card":"summary_large_image","twitter_creator":"@http:\/\/twitter.com\/eveningo","twitter_site":"@Sotrender","twitter_misc":{"Written by":"Micha\u0142 Wieczorek","Est. reading time":"3 minutes"},"schema":{"@context":"https:\/\/schema.org","@graph":[{"@type":"WebPage","@id":"https:\/\/www.sotrender.com\/blog\/pl\/2015\/11\/fanpage-trends-pazdziernik-2015\/","url":"https:\/\/www.sotrender.com\/blog\/pl\/2015\/11\/fanpage-trends-pazdziernik-2015\/","name":"Fanpage Trends Pa\u017adziernik 2015 - Facebook z dala od polityki","isPartOf":{"@id":"https:\/\/www.sotrender.com\/blog\/#website"},"primaryImageOfPage":{"@id":"https:\/\/www.sotrender.com\/blog\/pl\/2015\/11\/fanpage-trends-pazdziernik-2015\/#primaryimage"},"image":{"@id":"https:\/\/www.sotrender.com\/blog\/pl\/2015\/11\/fanpage-trends-pazdziernik-2015\/#primaryimage"},"thumbnailUrl":"https:\/\/www.sotrender.com\/blog\/wp-content\/uploads\/2015\/06\/fanpage-trends-featyred.jpg","datePublished":"2015-11-09T08:34:31+00:00","dateModified":"2015-12-01T20:17:38+00:00","author":{"@id":"https:\/\/www.sotrender.com\/blog\/#\/schema\/person\/48ed6f8ff39863778de8dd32f58467f5"},"description":"Zapraszamy do lektury pa\u017adziernikowego wydania raportu Fanpage Trends podsumowuj\u0105cego najwa\u017cniejsze wydarzenia na Facebooku w Polsce w minionym miesi\u0105cu.","breadcrumb":{"@id":"https:\/\/www.sotrender.com\/blog\/pl\/2015\/11\/fanpage-trends-pazdziernik-2015\/#breadcrumb"},"inLanguage":"pl-PL","potentialAction":[{"@type":"ReadAction","target":["https:\/\/www.sotrender.com\/blog\/pl\/2015\/11\/fanpage-trends-pazdziernik-2015\/"]}]},{"@type":"ImageObject","inLanguage":"pl-PL","@id":"https:\/\/www.sotrender.com\/blog\/pl\/2015\/11\/fanpage-trends-pazdziernik-2015\/#primaryimage","url":"https:\/\/www.sotrender.com\/blog\/wp-content\/uploads\/2015\/06\/fanpage-trends-featyred.jpg","contentUrl":"https:\/\/www.sotrender.com\/blog\/wp-content\/uploads\/2015\/06\/fanpage-trends-featyred.jpg","width":1600,"height":700},{"@type":"BreadcrumbList","@id":"https:\/\/www.sotrender.com\/blog\/pl\/2015\/11\/fanpage-trends-pazdziernik-2015\/#breadcrumb","itemListElement":[{"@type":"ListItem","position":1,"name":"Home","item":"https:\/\/www.sotrender.com\/blog\/"},{"@type":"ListItem","position":2,"name":"Fanpage Trends Pa\u017adziernik 2015 &#8211; Facebook z dala od polityki"}]},{"@type":"WebSite","@id":"https:\/\/www.sotrender.com\/blog\/#website","url":"https:\/\/www.sotrender.com\/blog\/","name":"Sotrender Blog","description":"","potentialAction":[{"@type":"SearchAction","target":{"@type":"EntryPoint","urlTemplate":"https:\/\/www.sotrender.com\/blog\/?s={search_term_string}"},"query-input":"required name=search_term_string"}],"inLanguage":"pl-PL"},{"@type":"Person","@id":"https:\/\/www.sotrender.com\/blog\/#\/schema\/person\/48ed6f8ff39863778de8dd32f58467f5","name":"Micha\u0142 Wieczorek","image":{"@type":"ImageObject","inLanguage":"pl-PL","@id":"https:\/\/www.sotrender.com\/blog\/#\/schema\/person\/image\/","url":"https:\/\/secure.gravatar.com\/avatar\/65ceb2020aa2338488b9c5f33c10137f?s=96&d=mm&r=g","contentUrl":"https:\/\/secure.gravatar.com\/avatar\/65ceb2020aa2338488b9c5f33c10137f?s=96&d=mm&r=g","caption":"Micha\u0142 Wieczorek"},"description":"Baltic linguist, marketer, and music journalist in his free time. A big fan of good food and even better music.","sameAs":["https:\/\/www.linkedin.com\/in\/michaldwieczorek","https:\/\/twitter.com\/http:\/\/twitter.com\/eveningo"],"url":"https:\/\/www.sotrender.com\/blog\/pl\/author\/micha_wieczorek\/"}]}},"_links":{"self":[{"href":"https:\/\/www.sotrender.com\/blog\/pl\/wp-json\/wp\/v2\/posts\/19941"}],"collection":[{"href":"https:\/\/www.sotrender.com\/blog\/pl\/wp-json\/wp\/v2\/posts"}],"about":[{"href":"https:\/\/www.sotrender.com\/blog\/pl\/wp-json\/wp\/v2\/types\/post"}],"author":[{"embeddable":true,"href":"https:\/\/www.sotrender.com\/blog\/pl\/wp-json\/wp\/v2\/users\/49"}],"replies":[{"embeddable":true,"href":"https:\/\/www.sotrender.com\/blog\/pl\/wp-json\/wp\/v2\/comments?post=19941"}],"version-history":[{"count":7,"href":"https:\/\/www.sotrender.com\/blog\/pl\/wp-json\/wp\/v2\/posts\/19941\/revisions"}],"predecessor-version":[{"id":19959,"href":"https:\/\/www.sotrender.com\/blog\/pl\/wp-json\/wp\/v2\/posts\/19941\/revisions\/19959"}],"wp:featuredmedia":[{"embeddable":true,"href":"https:\/\/www.sotrender.com\/blog\/pl\/wp-json\/wp\/v2\/media\/18445"}],"wp:attachment":[{"href":"https:\/\/www.sotrender.com\/blog\/pl\/wp-json\/wp\/v2\/media?parent=19941"}],"wp:term":[{"taxonomy":"category","embeddable":true,"href":"https:\/\/www.sotrender.com\/blog\/pl\/wp-json\/wp\/v2\/categories?post=19941"},{"taxonomy":"post_tag","embeddable":true,"href":"https:\/\/www.sotrender.com\/blog\/pl\/wp-json\/wp\/v2\/tags?post=19941"}],"curies":[{"name":"wp","href":"https:\/\/api.w.org\/{rel}","templated":true}]}}