{"id":19875,"date":"2015-11-04T12:32:15","date_gmt":"2015-11-04T11:32:15","guid":{"rendered":"http:\/\/blog.sotrender.com\/?p=19875"},"modified":"2015-11-30T16:31:28","modified_gmt":"2015-11-30T15:31:28","slug":"twitter-trends-pazdziernik-2015","status":"publish","type":"post","link":"https:\/\/www.sotrender.com\/blog\/pl\/2015\/11\/twitter-trends-pazdziernik-2015\/","title":{"rendered":"Twitter Trends Pa\u017adziernik 2015 &#8211; miesi\u0105c wybor\u00f3w i pi\u0142ki no\u017cnej"},"content":{"rendered":"<p style=\"text-align: justify;\">Nie mog\u0142o by\u0107 inaczej. Jak zwykle t\u0119tni\u0105cy echem bie\u017c\u0105cych wydarze\u0144 Twitter,  r\u00f3wnie\u017c w pa\u017adzierniku stanowi\u0142 odbicie emocji jego u\u017cytkownik\u00f3w,  tym razem zwi\u0105zanych g\u0142\u00f3wnie z pi\u0142k\u0105 no\u017cn\u0105 oraz wyborami parlamentarnymi. W zwi\u0105zku z tym,  pa\u017adziernikowe tweety otrzymywa\u0142y o ponad 6% wi\u0119cej doda\u0144 do ulubionych w stosunku do tych opublikowanych przed miesi\u0105cem. Co jeszcze dzia\u0142o si\u0119 w pa\u017adzierniku na Twitterze w Polsce? Zapraszamy do lektury raportu <a title=\"Kliknij,  aby przeczyta\u0107 raport\" href=\"http:\/\/www.sotrender.pl\/trends\/twitter\" target=\"_blank\">Twitter Trends<\/a> przygotowanego przez <a title=\"Kilknij,  aby przej\u015b\u0107 do strony\" href=\"http:\/\/sotrender.pl\" target=\"_blank\">Sotrender.<\/a><!--more--><\/p>\n<h2>Z ziemi polskiej do Francji<\/h2>\n<p style=\"text-align: justify;\"><span style=\"font-weight: 400;\">W pa\u017adzierniku byli\u015bmy \u015bwiadkami historycznego momentu w historii polskiej pi\u0142ki &#8211; awansu naszej reprezentacji do mistrzostw Europy we Francji. Hashtag #POLIRL nawi\u0105zuj\u0105cy do meczu,  w kt\u00f3rym Polacy 2:1 pokonali reprezentacj\u0119 Irlandii sta\u0142 si\u0119 tym samym trzecim najpopularniejszym hashtagiem miesi\u0105ca i zosta\u0142 u\u017cyty ponad 2 tys. razy. Dobr\u0105 pass\u0119 na Twitterze kontynuuje tak\u017ce kapitan polskiej dru\u017cyny,  Robert Lewandowski. W pa\u017adzierniku jego profil by\u0142 najszybciej rosn\u0105cym profilem na Twitterze w Polsce i zyska\u0142 ponad 34 tys. nowych obserwuj\u0105cych,  co stanowi\u0142o wzrost o ponad 14%. Lewandowski by\u0142 r\u00f3wnie\u017c autorem drugiego najpopularniejszego tweeta miesi\u0105ca,  chocia\u017c w og\u00f3lnym zestawieniu najbardziej anga\u017cuj\u0105cych profili polskoj\u0119zycznych spad\u0142 o 6 pozycji.<\/span><\/p>\n<div id=\"attachment_19879\" style=\"width: 445px\" class=\"wp-caption aligncenter\"><a href=\"https:\/\/www.sotrender.com\/blog\/wp-content\/uploads\/2015\/11\/najszybciej-rosn\u0105cy.png\"><img loading=\"lazy\" decoding=\"async\" aria-describedby=\"caption-attachment-19879\" class=\"size-full wp-image-19879\" src=\"https:\/\/www.sotrender.com\/blog\/wp-content\/uploads\/2015\/11\/najszybciej-rosn\u0105cy.png\" alt=\"Najszybciej rosn\u0105ce profile w pa\u017adzierniku wg Twitter Trends przygotowanych przez Sotrender\" width=\"435\" height=\"373\" \/><\/a><p id=\"caption-attachment-19879\" class=\"wp-caption-text\">Najszybciej rosn\u0105ce profile w pa\u017adzierniku wg Twitter Trends<\/p><\/div>\n<h2>Prezydent nie anga\u017cuje<\/h2>\n<p style=\"text-align: justify;\"><span style=\"font-weight: 400;\">Pa\u017adziernik by\u0142 stosunkowo kiepskim miesi\u0105cem dla Andrzeja Dudy. Profil prezydenta co prawda stabilnie ro\u015bnie &#8211; w pa\u017adzierniku przyby\u0142o mu ponad 23 tys. nowych obserwuj\u0105cych,  co stanowi\u0142o wzrost o ponad 17%,  ale publikowane przez Dud\u0119 tweety nie anga\u017cuj\u0105 ju\u017c tak,  jak kiedy\u015b. W konsekwencji profil prezydenta zanotowa\u0142 spadek o 3 pozycje w zestawieniu najbardziej anga\u017cuj\u0105cych profili polskoj\u0119zycznych i o 7 miejsc w rankingu najcz\u0119\u015bciej wspominanych profili polskoj\u0119zycznych. Na otarcie \u0142ez pozostaje fakt,  \u017ce prezydent by\u0142 autorem najpopularniejszego tweeta miesi\u0105ca,  chocia\u017c nie nawi\u0105zywa\u0142 on do polityki,  a w\u0142a\u015bnie do zwyci\u0119stwa polskiej reprezentacji i awansu do mistrzostw Europy.<\/span><\/p>\n<div id=\"attachment_19883\" style=\"width: 701px\" class=\"wp-caption aligncenter\"><a href=\"https:\/\/www.sotrender.com\/blog\/wp-content\/uploads\/2015\/11\/tweet-dudy.png\"><img loading=\"lazy\" decoding=\"async\" aria-describedby=\"caption-attachment-19883\" class=\"size-full wp-image-19883\" src=\"https:\/\/www.sotrender.com\/blog\/wp-content\/uploads\/2015\/11\/tweet-dudy.png\" alt=\"Najlepszy tweet pa\u017adziernika wg Twitter Trends przygotowanych przez Sotrendera\" width=\"691\" height=\"394\" srcset=\"https:\/\/www.sotrender.com\/blog\/wp-content\/uploads\/2015\/11\/tweet-dudy.png 691w, https:\/\/www.sotrender.com\/blog\/wp-content\/uploads\/2015\/11\/tweet-dudy-475x271.png 475w, https:\/\/www.sotrender.com\/blog\/wp-content\/uploads\/2015\/11\/tweet-dudy-600x342.png 600w\" sizes=\"(max-width: 691px) 100vw, 691px\" \/><\/a><p id=\"caption-attachment-19883\" class=\"wp-caption-text\">Najlepszy tweet pa\u017adziernika wg Twitter Trends<\/p><\/div>\n<div class=\"shortcode trial\"><h4><span>Mierz dzia\u0142ania na Twitterze w Sotrenderze<\/span><a title=\"Wypr\u00f3buj za darmo!\" class=\"btn\" href=\"https:\/\/app.sotrender.com\/auth\/signup\/trial\/pl?utm_source=blog-cta-legacy\">Wypr\u00f3buj za darmo!<\/a><\/h4><\/div>\n<h2>Czas decyzji w Twitter Trends<\/h2>\n<p style=\"text-align: justify;\"><span style=\"font-weight: 400;\">Mo\u017cna si\u0119 domy\u015bla\u0107,  \u017ce pa\u017adziernikowy wzrost liczby opublikowanych przez profile polskoj\u0119zyczne tweet\u00f3w,  to w\u0142a\u015bnie zas\u0142uga dyskusji zwi\u0105zanych z ubieg\u0142omiesi\u0119cznymi wyborami parlamentarnymi. Hashtagi nawi\u0105zuj\u0105ce do wybor\u00f3w: #wybory oraz #debata zosta\u0142y u\u017cyte w pa\u017adzierniku odpowiednio ponad 3, 7 tys. oraz ponad 3, 3 tys. razy. Du\u017c\u0105 popularno\u015bci\u0105 cieszy\u0142 si\u0119 r\u00f3wnie\u017c hashtag #PiS. Z kolei profil Prawa i Sprawiedliwo\u015bci by\u0142 trzecim najcz\u0119\u015bciej wspominanym profilem miesi\u0105ca,  z liczb\u0105 wzmianek ponad 14, 4 tys. Jednocze\u015bnie profil zwyci\u0119skiej partii awansowa\u0142 o 6 miejsc w zestawieniu najbardziej anga\u017cuj\u0105cych profili polskoj\u0119zycznych i plasuje si\u0119 obecnie na 7 pozycji. Nie da si\u0119 zauwa\u017cy\u0107 tak\u017ce awansu o 9 miejsc w rankingu wed\u0142ug liczby aktywno\u015bci. W efekcie Prawo i Sprawiedliwo\u015b\u0107 jest obecnie liderem niemal wszystkich ranking\u00f3w w kategorii \u201ePartie i politycy\u201d.<\/span><\/p>\n<div id=\"attachment_19881\" style=\"width: 360px\" class=\"wp-caption aligncenter\"><a href=\"https:\/\/www.sotrender.com\/blog\/wp-content\/uploads\/2015\/11\/top-hashtagi.png\"><img loading=\"lazy\" decoding=\"async\" aria-describedby=\"caption-attachment-19881\" class=\"size-full wp-image-19881\" src=\"https:\/\/www.sotrender.com\/blog\/wp-content\/uploads\/2015\/11\/top-hashtagi.png\" alt=\"Najpopularniejsze hashtagi pa\u017adziernika wg Twitter Trends\" width=\"350\" height=\"273\" \/><\/a><p id=\"caption-attachment-19881\" class=\"wp-caption-text\">Najpopularniejsze hashtagi pa\u017adziernika wg Twitter Trends<\/p><\/div>\n<h2 style=\"text-align: center;\"><a title=\"Kliknij,  aby przeczyta\u0107 raport!\" href=\"http:\/\/www.sotrender.pl\/trends\/twitter\" target=\"_blank\">Zapraszamy do lektury pa\u017adziernikowego wydania raportu Twitter Trends!<\/a><\/h2>\n<p>&nbsp;<\/p>\n","protected":false},"excerpt":{"rendered":"<p>Nie mog\u0142o by\u0107 inaczej. Jak zwykle t\u0119tni\u0105cy echem bie\u017c\u0105cych wydarze\u0144 Twitter, r\u00f3wnie\u017c w pa\u017adzierniku stanowi\u0142 odbicie emocji jego u\u017cytkownik\u00f3w, tym razem zwi\u0105zanych g\u0142\u00f3wnie z pi\u0142k\u0105 no\u017cn\u0105 oraz wyborami parlamentarnymi. W zwi\u0105zku z tym, pa\u017adziernikowe tweety otrzymywa\u0142y o ponad 6% wi\u0119cej doda\u0144 do ulubionych w stosunku do tych opublikowanych przed miesi\u0105cem. Co jeszcze dzia\u0142o si\u0119 w [&hellip;]<\/p>\n","protected":false},"author":49,"featured_media":18811,"comment_status":"open","ping_status":"open","sticky":false,"template":"","format":"standard","meta":{"inline_featured_image":false,"footnotes":""},"categories":[1791,1799],"tags":[471,725,825,889,1393,1553,1627,1749,1763],"yoast_head":"<!-- This site is optimized with the Yoast SEO plugin v22.4 - https:\/\/yoast.com\/wordpress\/plugins\/seo\/ -->\n<title>Twitter Trends Pa\u017adziernik 2015 - wybory i pi\u0142ka no\u017cna<\/title>\n<meta name=\"description\" content=\"Co dzia\u0142o si\u0119 na Twitterze w pa\u017adzierniku? Dowiecie si\u0119 w najnowszym raporcie Twitter Trends!\" \/>\n<meta name=\"robots\" content=\"index, follow, max-snippet:-1, max-image-preview:large, max-video-preview:-1\" \/>\n<link rel=\"canonical\" href=\"https:\/\/www.sotrender.com\/blog\/pl\/2015\/11\/twitter-trends-pazdziernik-2015\/\" \/>\n<meta property=\"og:locale\" content=\"pl_PL\" \/>\n<meta property=\"og:type\" content=\"article\" \/>\n<meta property=\"og:title\" content=\"Twitter Trends Pa\u017adziernik 2015 - wybory i pi\u0142ka no\u017cna\" \/>\n<meta property=\"og:description\" content=\"Co dzia\u0142o si\u0119 na Twitterze w pa\u017adzierniku? Dowiecie si\u0119 w najnowszym raporcie Twitter Trends!\" \/>\n<meta property=\"og:url\" content=\"https:\/\/www.sotrender.com\/blog\/pl\/2015\/11\/twitter-trends-pazdziernik-2015\/\" \/>\n<meta property=\"og:site_name\" content=\"Sotrender Blog\" \/>\n<meta property=\"article:publisher\" content=\"https:\/\/www.facebook.com\/Sotrender\" \/>\n<meta property=\"article:published_time\" content=\"2015-11-04T11:32:15+00:00\" \/>\n<meta property=\"article:modified_time\" content=\"2015-11-30T15:31:28+00:00\" \/>\n<meta property=\"og:image\" content=\"https:\/\/www.sotrender.com\/blog\/wp-content\/uploads\/2015\/07\/Header_blog_TT_1.jpg\" \/>\n\t<meta property=\"og:image:width\" content=\"1600\" \/>\n\t<meta property=\"og:image:height\" content=\"700\" \/>\n\t<meta property=\"og:image:type\" content=\"image\/jpeg\" \/>\n<meta name=\"author\" content=\"Micha\u0142 Wieczorek\" \/>\n<meta name=\"twitter:card\" content=\"summary_large_image\" \/>\n<meta name=\"twitter:creator\" content=\"@http:\/\/twitter.com\/eveningo\" \/>\n<meta name=\"twitter:site\" content=\"@Sotrender\" \/>\n<meta name=\"twitter:label1\" content=\"Written by\" \/>\n\t<meta name=\"twitter:data1\" content=\"Micha\u0142 Wieczorek\" \/>\n\t<meta name=\"twitter:label2\" content=\"Est. reading time\" \/>\n\t<meta name=\"twitter:data2\" content=\"3 minutes\" \/>\n<script type=\"application\/ld+json\" class=\"yoast-schema-graph\">{\"@context\":\"https:\/\/schema.org\",\"@graph\":[{\"@type\":\"WebPage\",\"@id\":\"https:\/\/www.sotrender.com\/blog\/pl\/2015\/11\/twitter-trends-pazdziernik-2015\/\",\"url\":\"https:\/\/www.sotrender.com\/blog\/pl\/2015\/11\/twitter-trends-pazdziernik-2015\/\",\"name\":\"Twitter Trends Pa\u017adziernik 2015 - wybory i pi\u0142ka no\u017cna\",\"isPartOf\":{\"@id\":\"https:\/\/www.sotrender.com\/blog\/#website\"},\"primaryImageOfPage\":{\"@id\":\"https:\/\/www.sotrender.com\/blog\/pl\/2015\/11\/twitter-trends-pazdziernik-2015\/#primaryimage\"},\"image\":{\"@id\":\"https:\/\/www.sotrender.com\/blog\/pl\/2015\/11\/twitter-trends-pazdziernik-2015\/#primaryimage\"},\"thumbnailUrl\":\"https:\/\/www.sotrender.com\/blog\/wp-content\/uploads\/2015\/07\/Header_blog_TT_1.jpg\",\"datePublished\":\"2015-11-04T11:32:15+00:00\",\"dateModified\":\"2015-11-30T15:31:28+00:00\",\"author\":{\"@id\":\"https:\/\/www.sotrender.com\/blog\/#\/schema\/person\/48ed6f8ff39863778de8dd32f58467f5\"},\"description\":\"Co dzia\u0142o si\u0119 na Twitterze w pa\u017adzierniku? Dowiecie si\u0119 w najnowszym raporcie Twitter Trends!\",\"breadcrumb\":{\"@id\":\"https:\/\/www.sotrender.com\/blog\/pl\/2015\/11\/twitter-trends-pazdziernik-2015\/#breadcrumb\"},\"inLanguage\":\"pl-PL\",\"potentialAction\":[{\"@type\":\"ReadAction\",\"target\":[\"https:\/\/www.sotrender.com\/blog\/pl\/2015\/11\/twitter-trends-pazdziernik-2015\/\"]}]},{\"@type\":\"ImageObject\",\"inLanguage\":\"pl-PL\",\"@id\":\"https:\/\/www.sotrender.com\/blog\/pl\/2015\/11\/twitter-trends-pazdziernik-2015\/#primaryimage\",\"url\":\"https:\/\/www.sotrender.com\/blog\/wp-content\/uploads\/2015\/07\/Header_blog_TT_1.jpg\",\"contentUrl\":\"https:\/\/www.sotrender.com\/blog\/wp-content\/uploads\/2015\/07\/Header_blog_TT_1.jpg\",\"width\":1600,\"height\":700},{\"@type\":\"BreadcrumbList\",\"@id\":\"https:\/\/www.sotrender.com\/blog\/pl\/2015\/11\/twitter-trends-pazdziernik-2015\/#breadcrumb\",\"itemListElement\":[{\"@type\":\"ListItem\",\"position\":1,\"name\":\"Home\",\"item\":\"https:\/\/www.sotrender.com\/blog\/\"},{\"@type\":\"ListItem\",\"position\":2,\"name\":\"Twitter Trends Pa\u017adziernik 2015 &#8211; miesi\u0105c wybor\u00f3w i pi\u0142ki no\u017cnej\"}]},{\"@type\":\"WebSite\",\"@id\":\"https:\/\/www.sotrender.com\/blog\/#website\",\"url\":\"https:\/\/www.sotrender.com\/blog\/\",\"name\":\"Sotrender Blog\",\"description\":\"\",\"potentialAction\":[{\"@type\":\"SearchAction\",\"target\":{\"@type\":\"EntryPoint\",\"urlTemplate\":\"https:\/\/www.sotrender.com\/blog\/?s={search_term_string}\"},\"query-input\":\"required name=search_term_string\"}],\"inLanguage\":\"pl-PL\"},{\"@type\":\"Person\",\"@id\":\"https:\/\/www.sotrender.com\/blog\/#\/schema\/person\/48ed6f8ff39863778de8dd32f58467f5\",\"name\":\"Micha\u0142 Wieczorek\",\"image\":{\"@type\":\"ImageObject\",\"inLanguage\":\"pl-PL\",\"@id\":\"https:\/\/www.sotrender.com\/blog\/#\/schema\/person\/image\/\",\"url\":\"https:\/\/secure.gravatar.com\/avatar\/65ceb2020aa2338488b9c5f33c10137f?s=96&d=mm&r=g\",\"contentUrl\":\"https:\/\/secure.gravatar.com\/avatar\/65ceb2020aa2338488b9c5f33c10137f?s=96&d=mm&r=g\",\"caption\":\"Micha\u0142 Wieczorek\"},\"description\":\"Baltic linguist, marketer, and music journalist in his free time. A big fan of good food and even better music.\",\"sameAs\":[\"https:\/\/www.linkedin.com\/in\/michaldwieczorek\",\"https:\/\/twitter.com\/http:\/\/twitter.com\/eveningo\"],\"url\":\"https:\/\/www.sotrender.com\/blog\/pl\/author\/micha_wieczorek\/\"}]}<\/script>\n<!-- \/ Yoast SEO plugin. -->","yoast_head_json":{"title":"Twitter Trends Pa\u017adziernik 2015 - wybory i pi\u0142ka no\u017cna","description":"Co dzia\u0142o si\u0119 na Twitterze w pa\u017adzierniku? Dowiecie si\u0119 w najnowszym raporcie Twitter Trends!","robots":{"index":"index","follow":"follow","max-snippet":"max-snippet:-1","max-image-preview":"max-image-preview:large","max-video-preview":"max-video-preview:-1"},"canonical":"https:\/\/www.sotrender.com\/blog\/pl\/2015\/11\/twitter-trends-pazdziernik-2015\/","og_locale":"pl_PL","og_type":"article","og_title":"Twitter Trends Pa\u017adziernik 2015 - wybory i pi\u0142ka no\u017cna","og_description":"Co dzia\u0142o si\u0119 na Twitterze w pa\u017adzierniku? Dowiecie si\u0119 w najnowszym raporcie Twitter Trends!","og_url":"https:\/\/www.sotrender.com\/blog\/pl\/2015\/11\/twitter-trends-pazdziernik-2015\/","og_site_name":"Sotrender Blog","article_publisher":"https:\/\/www.facebook.com\/Sotrender","article_published_time":"2015-11-04T11:32:15+00:00","article_modified_time":"2015-11-30T15:31:28+00:00","og_image":[{"width":1600,"height":700,"url":"https:\/\/www.sotrender.com\/blog\/wp-content\/uploads\/2015\/07\/Header_blog_TT_1.jpg","type":"image\/jpeg"}],"author":"Micha\u0142 Wieczorek","twitter_card":"summary_large_image","twitter_creator":"@http:\/\/twitter.com\/eveningo","twitter_site":"@Sotrender","twitter_misc":{"Written by":"Micha\u0142 Wieczorek","Est. reading time":"3 minutes"},"schema":{"@context":"https:\/\/schema.org","@graph":[{"@type":"WebPage","@id":"https:\/\/www.sotrender.com\/blog\/pl\/2015\/11\/twitter-trends-pazdziernik-2015\/","url":"https:\/\/www.sotrender.com\/blog\/pl\/2015\/11\/twitter-trends-pazdziernik-2015\/","name":"Twitter Trends Pa\u017adziernik 2015 - wybory i pi\u0142ka no\u017cna","isPartOf":{"@id":"https:\/\/www.sotrender.com\/blog\/#website"},"primaryImageOfPage":{"@id":"https:\/\/www.sotrender.com\/blog\/pl\/2015\/11\/twitter-trends-pazdziernik-2015\/#primaryimage"},"image":{"@id":"https:\/\/www.sotrender.com\/blog\/pl\/2015\/11\/twitter-trends-pazdziernik-2015\/#primaryimage"},"thumbnailUrl":"https:\/\/www.sotrender.com\/blog\/wp-content\/uploads\/2015\/07\/Header_blog_TT_1.jpg","datePublished":"2015-11-04T11:32:15+00:00","dateModified":"2015-11-30T15:31:28+00:00","author":{"@id":"https:\/\/www.sotrender.com\/blog\/#\/schema\/person\/48ed6f8ff39863778de8dd32f58467f5"},"description":"Co dzia\u0142o si\u0119 na Twitterze w pa\u017adzierniku? Dowiecie si\u0119 w najnowszym raporcie Twitter Trends!","breadcrumb":{"@id":"https:\/\/www.sotrender.com\/blog\/pl\/2015\/11\/twitter-trends-pazdziernik-2015\/#breadcrumb"},"inLanguage":"pl-PL","potentialAction":[{"@type":"ReadAction","target":["https:\/\/www.sotrender.com\/blog\/pl\/2015\/11\/twitter-trends-pazdziernik-2015\/"]}]},{"@type":"ImageObject","inLanguage":"pl-PL","@id":"https:\/\/www.sotrender.com\/blog\/pl\/2015\/11\/twitter-trends-pazdziernik-2015\/#primaryimage","url":"https:\/\/www.sotrender.com\/blog\/wp-content\/uploads\/2015\/07\/Header_blog_TT_1.jpg","contentUrl":"https:\/\/www.sotrender.com\/blog\/wp-content\/uploads\/2015\/07\/Header_blog_TT_1.jpg","width":1600,"height":700},{"@type":"BreadcrumbList","@id":"https:\/\/www.sotrender.com\/blog\/pl\/2015\/11\/twitter-trends-pazdziernik-2015\/#breadcrumb","itemListElement":[{"@type":"ListItem","position":1,"name":"Home","item":"https:\/\/www.sotrender.com\/blog\/"},{"@type":"ListItem","position":2,"name":"Twitter Trends Pa\u017adziernik 2015 &#8211; miesi\u0105c wybor\u00f3w i pi\u0142ki no\u017cnej"}]},{"@type":"WebSite","@id":"https:\/\/www.sotrender.com\/blog\/#website","url":"https:\/\/www.sotrender.com\/blog\/","name":"Sotrender Blog","description":"","potentialAction":[{"@type":"SearchAction","target":{"@type":"EntryPoint","urlTemplate":"https:\/\/www.sotrender.com\/blog\/?s={search_term_string}"},"query-input":"required name=search_term_string"}],"inLanguage":"pl-PL"},{"@type":"Person","@id":"https:\/\/www.sotrender.com\/blog\/#\/schema\/person\/48ed6f8ff39863778de8dd32f58467f5","name":"Micha\u0142 Wieczorek","image":{"@type":"ImageObject","inLanguage":"pl-PL","@id":"https:\/\/www.sotrender.com\/blog\/#\/schema\/person\/image\/","url":"https:\/\/secure.gravatar.com\/avatar\/65ceb2020aa2338488b9c5f33c10137f?s=96&d=mm&r=g","contentUrl":"https:\/\/secure.gravatar.com\/avatar\/65ceb2020aa2338488b9c5f33c10137f?s=96&d=mm&r=g","caption":"Micha\u0142 Wieczorek"},"description":"Baltic linguist, marketer, and music journalist in his free time. A big fan of good food and even better music.","sameAs":["https:\/\/www.linkedin.com\/in\/michaldwieczorek","https:\/\/twitter.com\/http:\/\/twitter.com\/eveningo"],"url":"https:\/\/www.sotrender.com\/blog\/pl\/author\/micha_wieczorek\/"}]}},"_links":{"self":[{"href":"https:\/\/www.sotrender.com\/blog\/pl\/wp-json\/wp\/v2\/posts\/19875"}],"collection":[{"href":"https:\/\/www.sotrender.com\/blog\/pl\/wp-json\/wp\/v2\/posts"}],"about":[{"href":"https:\/\/www.sotrender.com\/blog\/pl\/wp-json\/wp\/v2\/types\/post"}],"author":[{"embeddable":true,"href":"https:\/\/www.sotrender.com\/blog\/pl\/wp-json\/wp\/v2\/users\/49"}],"replies":[{"embeddable":true,"href":"https:\/\/www.sotrender.com\/blog\/pl\/wp-json\/wp\/v2\/comments?post=19875"}],"version-history":[{"count":7,"href":"https:\/\/www.sotrender.com\/blog\/pl\/wp-json\/wp\/v2\/posts\/19875\/revisions"}],"predecessor-version":[{"id":19921,"href":"https:\/\/www.sotrender.com\/blog\/pl\/wp-json\/wp\/v2\/posts\/19875\/revisions\/19921"}],"wp:featuredmedia":[{"embeddable":true,"href":"https:\/\/www.sotrender.com\/blog\/pl\/wp-json\/wp\/v2\/media\/18811"}],"wp:attachment":[{"href":"https:\/\/www.sotrender.com\/blog\/pl\/wp-json\/wp\/v2\/media?parent=19875"}],"wp:term":[{"taxonomy":"category","embeddable":true,"href":"https:\/\/www.sotrender.com\/blog\/pl\/wp-json\/wp\/v2\/categories?post=19875"},{"taxonomy":"post_tag","embeddable":true,"href":"https:\/\/www.sotrender.com\/blog\/pl\/wp-json\/wp\/v2\/tags?post=19875"}],"curies":[{"name":"wp","href":"https:\/\/api.w.org\/{rel}","templated":true}]}}