{"id":19847,"date":"2015-11-02T13:48:10","date_gmt":"2015-11-02T12:48:10","guid":{"rendered":"http:\/\/blog.sotrender.com\/?p=19847"},"modified":"2017-04-13T12:50:40","modified_gmt":"2017-04-13T10:50:40","slug":"strategia-komunikacji-i-kategoryzowanie-postow","status":"publish","type":"post","link":"https:\/\/www.sotrender.com\/blog\/pl\/2015\/11\/strategia-komunikacji-i-kategoryzowanie-postow\/","title":{"rendered":"Nowa funkcja Sotrendera &#8211; strategia komunikacji i kategoryzowanie post\u00f3w"},"content":{"rendered":"<p><span style=\"font-weight: 400;\">Sotrender wychodzi naprzeciw oczekiwaniom u\u017cytkownik\u00f3w, wprowadzaj\u0105c now\u0105 funkcj\u0119 umo\u017cliwiaj\u0105c\u0105 kategoryzowanie post\u00f3w. Mo\u017cecie teraz por\u00f3wnywa\u0107 swoje posty w kategoriach, kt\u00f3re grupy post\u00f3w s\u0105 skuteczniejsze. Dzi\u0119ki tej nowo\u015bci, b\u0119dziecie mogli jeszcze lepiej i skuteczniej planowa\u0107 strategi\u0119 komunikacji marki w mediach spo\u0142eczno\u015bciowych.<\/span><!--more--><\/p>\n<h2>Modu\u0142 strategii komunikacji i tagowanie post\u00f3w &#8211; jak to dzia\u0142a?<\/h2>\n<p>Zak\u0142adk\u0119 ze strategi\u0105 komunikacji znajdziecie w menu bocznym w dziale\u00a0<strong>Optymalizacja<\/strong>. W tym miejscu b\u0119dziecie mogli doda\u0107 znaczniki do post\u00f3w, co spowoduje przypisanie ich do odpowiedniej kategorii.\u00a0Wystarczy, \u017ce przejdziecie do panelu z najlepszymi postami opublikowanymi w danym okresie. Po klikni\u0119ciu przejdziecie do listy post\u00f3w. W tym miejscu b\u0119dziecie mogli przypisa\u0107 posty do istniej\u0105cych ju\u017c kategorii lub zarz\u0105dza\u0107 istniej\u0105cymi tagami.<\/p>\n<div id=\"attachment_26051\" style=\"width: 1637px\" class=\"wp-caption aligncenter\"><img loading=\"lazy\" decoding=\"async\" aria-describedby=\"caption-attachment-26051\" class=\"size-full wp-image-26051\" src=\"https:\/\/www.sotrender.com\/blog\/wp-content\/uploads\/2015\/11\/dodawanie-i-edycja-tag\u00f3w-Sotrender.png\" alt=\"Dodawanie i edycja tag\u00f3w - Sotrender\" width=\"1627\" height=\"605\" srcset=\"https:\/\/www.sotrender.com\/blog\/wp-content\/uploads\/2015\/11\/dodawanie-i-edycja-tag\u00f3w-Sotrender.png 1627w, https:\/\/www.sotrender.com\/blog\/wp-content\/uploads\/2015\/11\/dodawanie-i-edycja-tag\u00f3w-Sotrender-475x177.png 475w, https:\/\/www.sotrender.com\/blog\/wp-content\/uploads\/2015\/11\/dodawanie-i-edycja-tag\u00f3w-Sotrender-768x286.png 768w, https:\/\/www.sotrender.com\/blog\/wp-content\/uploads\/2015\/11\/dodawanie-i-edycja-tag\u00f3w-Sotrender-950x353.png 950w\" sizes=\"(max-width: 1627px) 100vw, 1627px\" \/><p id=\"caption-attachment-26051\" class=\"wp-caption-text\">Dodawanie i edycja tag\u00f3w &#8211; Sotrender<\/p><\/div>\n<p>Co teraz mo\u017cna zrobi\u0107 z otagowanymi postami? Ca\u0142kiem sporo. W zak\u0142adce<strong> Strategia komunikacji<\/strong> dowiecie si\u0119:<\/p>\n<ul>\n<li style=\"font-weight: 400;\"><span style=\"font-weight: 400;\">do jakich kategorii s\u0105 przypisane posty<\/span><\/li>\n<li style=\"font-weight: 400;\"><span style=\"font-weight: 400;\">ile post\u00f3w nale\u017cy do poszczeg\u00f3lnych kategorii<\/span><\/li>\n<li style=\"font-weight: 400;\"><span style=\"font-weight: 400;\">jaki procent post\u00f3w nale\u017cy do kategorii, wraz z linkami do tych post\u00f3w<\/span><\/li>\n<\/ul>\n<p>To wielka pomoc w porz\u0105dkowaniu post\u00f3w i dowiedzeniu si\u0119, kt\u00f3ra kategoria post\u00f3w zwraca\u0142a najwi\u0119ksz\u0105 uwag\u0119 u\u017cytkownik\u00f3w Facebooka.<\/p>\n<h2>Poznaj efektywno\u015b\u0107 swoich post\u00f3w<\/h2>\n<p>W zak\u0142adce Skuteczno\u015b\u0107 komunikacji znajdziesz wykresy prezentuj\u0105ce informacje dotycz\u0105ce zaanga\u017cowania, zasi\u0119gu i Interactivity Index (<a title=\"Kliknij, aby dowiedzie\u0107 si\u0119 wi\u0119cej\" href=\"https:\/\/www.sotrender.com\/blog\/pl\/2012\/10\/interactivity-index-czyli-nasz-wskaznik-aktywnosci\/\" target=\"_blank\">autorski wska\u017anik Sotrendera<\/a>) skategoryzowanych post\u00f3w.<\/p>\n<div id=\"attachment_26053\" style=\"width: 1612px\" class=\"wp-caption aligncenter\"><img loading=\"lazy\" decoding=\"async\" aria-describedby=\"caption-attachment-26053\" class=\"size-full wp-image-26053\" src=\"https:\/\/www.sotrender.com\/blog\/wp-content\/uploads\/2015\/11\/Strategia-komunikacji-zaanga\u017cowanie.png\" alt=\"\" width=\"1602\" height=\"628\" srcset=\"https:\/\/www.sotrender.com\/blog\/wp-content\/uploads\/2015\/11\/Strategia-komunikacji-zaanga\u017cowanie.png 1602w, https:\/\/www.sotrender.com\/blog\/wp-content\/uploads\/2015\/11\/Strategia-komunikacji-zaanga\u017cowanie-475x186.png 475w, https:\/\/www.sotrender.com\/blog\/wp-content\/uploads\/2015\/11\/Strategia-komunikacji-zaanga\u017cowanie-768x301.png 768w, https:\/\/www.sotrender.com\/blog\/wp-content\/uploads\/2015\/11\/Strategia-komunikacji-zaanga\u017cowanie-950x372.png 950w, https:\/\/www.sotrender.com\/blog\/wp-content\/uploads\/2015\/11\/Strategia-komunikacji-zaanga\u017cowanie-1600x628.png 1600w\" sizes=\"(max-width: 1602px) 100vw, 1602px\" \/><p id=\"caption-attachment-26053\" class=\"wp-caption-text\">Strategia komunikacji &#8211; zaanga\u017cowanie<\/p><\/div>\n<p>Wykres <strong>Zaanga\u017cowanie<\/strong> pozwala sprawdzi\u0107, jak mocno anga\u017cuj\u0105ce by\u0142y poszczeg\u00f3lne kategorie. Mo\u017cecie w niej zobaczy\u0107 liczb\u0119 post\u00f3w nale\u017c\u0105cych do kategorii w por\u00f3wnaniu do tego, jak anga\u017cuj\u0105ca by\u0142a dana kategoria. Jest to szczeg\u00f3lnie przydatne, je\u015bli chcecie:<\/p>\n<ul>\n<li style=\"font-weight: 400;\"><span style=\"font-weight: 400;\">zobaczy\u0107, jakie typy post\u00f3w s\u0105 najbardziej anga\u017cuj\u0105ce;<\/span><\/li>\n<li style=\"font-weight: 400;\"><span style=\"font-weight: 400;\">zdecydowa\u0107, na jakich typach post\u00f3w oprze\u0107 swoj\u0105 komunikacj\u0119 na Facebooku;<\/span><\/li>\n<li style=\"font-weight: 400;\"><span style=\"font-weight: 400;\">poprawi\u0107 swoj\u0105 komunikacj\u0119 &#8211; dowiecie si\u0119, jakie kategorie nie s\u0105 zbyt anga\u017cuj\u0105ce dla Waszej publiczno\u015bci.<\/span><\/li>\n<\/ul>\n<p><div class=\"shortcode trial\"><h4><span>Popraw strategi\u0119 komunikacji za pomoc\u0105 Sotrendera!<\/span><a title=\"Wypr\u00f3buj za darmo!\" class=\"btn\" href=\"https:\/\/app.sotrender.com\/auth\/signup\/trial\/pl?utm_source=blog-cta-legacy\">Wypr\u00f3buj za darmo!<\/a><\/h4><\/div><strong><strong>\u00a0<\/strong><\/strong><\/p>\n<p>Wykres <strong>Zasi\u0119g<\/strong>\u00a0pokazuje do ilu fan\u00f3w docieraj\u0105 Wasze tre\u015bci z ka\u017cdej kategorii. Mo\u017cecie w niej zobaczy\u0107 liczb\u0119 post\u00f3w nale\u017c\u0105cych do kategorii i ilu do ilu fan\u00f3w dotar\u0142y w spos\u00f3b organiczny, p\u0142atny i wirusowy. To pozwoli Wam:<\/p>\n<ul>\n<li><span style=\"font-weight: 400;\">sprawdzi\u0107, na kt\u00f3rym typie post\u00f3w powinni\u015bcie si\u0119 bardziej skupi\u0107, a kt\u00f3ry otrzymuje zbyt du\u017co uwagi;<\/span><\/li>\n<li><span style=\"font-weight: 400;\">sprawdzi\u0107, kt\u00f3re typy post\u00f3w najlepiej promowa\u0107, a kt\u00f3rych nie warto reklamowa\u0107.<\/span><\/li>\n<\/ul>\n<p>Wykres<b> Interactivity Index<\/b><span style=\"font-weight: 400;\"> pokazuje, jak aktywni s\u0105 u\u017cytkownicy na postach w danej kategorii. Interactivity Index (wska\u017anik b\u0119d\u0105cy sum\u0105 wszystkich aktywno\u015bci na Stronie) jest por\u00f3wnany do liczby post\u00f3w z danej kategorii. Na tym wykresie zobaczycie, kt\u00f3re typy post\u00f3w wzbudzaj\u0105 najwi\u0119cej aktywno\u015bci gan\u00f3w (pami\u0119tajcie, \u017ce polubienie, wys\u0142anie komentarza, wys\u0142anie postu na Stron\u0119 oraz dodanie multimedi\u00f3w jest uwa\u017cane za aktywno\u015b\u0107).<\/span><\/p>\n<div id=\"attachment_26055\" style=\"width: 1614px\" class=\"wp-caption aligncenter\"><img loading=\"lazy\" decoding=\"async\" aria-describedby=\"caption-attachment-26055\" class=\"wp-image-26055 size-full\" src=\"https:\/\/www.sotrender.com\/blog\/wp-content\/uploads\/2015\/11\/Strategia-komuniakcji-por\u00f3wnanie.png\" width=\"1604\" height=\"633\" srcset=\"https:\/\/www.sotrender.com\/blog\/wp-content\/uploads\/2015\/11\/Strategia-komuniakcji-por\u00f3wnanie.png 1604w, https:\/\/www.sotrender.com\/blog\/wp-content\/uploads\/2015\/11\/Strategia-komuniakcji-por\u00f3wnanie-475x187.png 475w, https:\/\/www.sotrender.com\/blog\/wp-content\/uploads\/2015\/11\/Strategia-komuniakcji-por\u00f3wnanie-768x303.png 768w, https:\/\/www.sotrender.com\/blog\/wp-content\/uploads\/2015\/11\/Strategia-komuniakcji-por\u00f3wnanie-950x375.png 950w\" sizes=\"(max-width: 1604px) 100vw, 1604px\" \/><p id=\"caption-attachment-26055\" class=\"wp-caption-text\">Strategia komunikacji &#8211; por\u00f3wnanie kategorii<\/p><\/div>\n<p>Wreszcie, wykres\u00a0<strong>Por\u00f3wnanie<\/strong>. Znajdziecie w niej wykres por\u00f3wnuj\u0105cy efektywno\u015b\u0107 wszystkich kategorii post\u00f3w na podstawie ich zasi\u0119gu organicznego, zasi\u0119gu p\u0142atnego, zaanga\u017cowania oraz Interactivity Index. Je\u015bli dana kategoria by\u0142a efektywna, s\u0142upek j\u0105 prezentuj\u0105cy jest wy\u017cszy. Dzi\u0119ki takiemu graficznemu przedstawieniu danych, \u0142atwo stwierdzicie, kt\u00f3ra kategoria jest dobrze eksponowana na Stronie, a gdzie potrzebna jest zmiana strategii.<\/p>\n<h2>Podsumowanie<\/h2>\n<p><strong><span style=\"font-weight: 400;\">Mo\u017cliwo\u015b\u0107 obejrzenia danych sprawienia, \u017ce du\u017co \u0142atwiej b\u0119dzie Wam zbudowa\u0107 sp\u00f3jn\u0105 i efektywn\u0105 strategi\u0119 komunikacji. Strategia komunikacji jest niezwykle wa\u017cna w odniesieniu sukcesu w mediach spo\u0142eczno\u015bciowych, a kategoryzowanie post\u00f3w u\u0142atwia rozwini\u0119cie i poprawienie Waszej strategii. To kolejny spos\u00f3b, w jaki Sotrender pomaga Wam ulepszy\u0107 komunikacj\u0119 w social media.<\/span><\/strong><\/p>\n<p>&nbsp;<\/p>\n<h2 style=\"text-align: center;\"><a title=\"Kliknij, aby przej\u015b\u0107 do strony\" href=\"http:\/\/www.sotrender.pl\/#pricing\" target=\"_blank\">Zapraszamy do sprawdzenia najnowszej funkcji Sotrendera!<\/a><\/h2>\n","protected":false},"excerpt":{"rendered":"<p>Sotrender wychodzi naprzeciw oczekiwaniom u\u017cytkownik\u00f3w, wprowadzaj\u0105c now\u0105 funkcj\u0119 umo\u017cliwiaj\u0105c\u0105 kategoryzowanie post\u00f3w. Mo\u017cecie teraz por\u00f3wnywa\u0107 swoje posty w kategoriach, kt\u00f3re grupy post\u00f3w s\u0105 skuteczniejsze. Dzi\u0119ki tej nowo\u015bci, b\u0119dziecie mogli jeszcze lepiej i skuteczniej planowa\u0107 strategi\u0119 komunikacji marki w mediach spo\u0142eczno\u015bciowych.<\/p>\n","protected":false},"author":49,"featured_media":18901,"comment_status":"open","ping_status":"open","sticky":false,"template":"","format":"standard","meta":{"inline_featured_image":false,"footnotes":""},"categories":[1795,1797],"tags":[17,1383],"yoast_head":"<!-- This site is optimized with the Yoast SEO plugin v22.4 - https:\/\/yoast.com\/wordpress\/plugins\/seo\/ -->\n<title>Nowa funkcja Sotrendera - strategia komunikacji marki<\/title>\n<meta name=\"description\" content=\"Od teraz mo\u017cecie por\u00f3wnywa\u0107 kategorie post\u00f3w. Dzi\u0119ki temu poprawicie strategi\u0119 komunikacji marki w mediach spo\u0142eczno\u015bciowych.\" \/>\n<meta name=\"robots\" content=\"index, follow, max-snippet:-1, max-image-preview:large, max-video-preview:-1\" \/>\n<link rel=\"canonical\" href=\"https:\/\/www.sotrender.com\/blog\/pl\/2015\/11\/strategia-komunikacji-i-kategoryzowanie-postow\/\" \/>\n<meta property=\"og:locale\" content=\"pl_PL\" \/>\n<meta property=\"og:type\" content=\"article\" \/>\n<meta property=\"og:title\" content=\"Nowa funkcja Sotrendera - strategia komunikacji marki\" \/>\n<meta property=\"og:description\" content=\"Od teraz mo\u017cecie por\u00f3wnywa\u0107 kategorie post\u00f3w. Dzi\u0119ki temu poprawicie strategi\u0119 komunikacji marki w mediach spo\u0142eczno\u015bciowych.\" \/>\n<meta property=\"og:url\" content=\"https:\/\/www.sotrender.com\/blog\/pl\/2015\/11\/strategia-komunikacji-i-kategoryzowanie-postow\/\" \/>\n<meta property=\"og:site_name\" content=\"Sotrender Blog\" \/>\n<meta property=\"article:publisher\" content=\"https:\/\/www.facebook.com\/Sotrender\" \/>\n<meta property=\"article:published_time\" content=\"2015-11-02T12:48:10+00:00\" \/>\n<meta property=\"article:modified_time\" content=\"2017-04-13T10:50:40+00:00\" \/>\n<meta property=\"og:image\" content=\"https:\/\/www.sotrender.com\/blog\/wp-content\/uploads\/2015\/07\/header_blog_3.jpg\" \/>\n\t<meta property=\"og:image:width\" content=\"1600\" \/>\n\t<meta property=\"og:image:height\" content=\"700\" \/>\n\t<meta property=\"og:image:type\" content=\"image\/jpeg\" \/>\n<meta name=\"author\" content=\"Micha\u0142 Wieczorek\" \/>\n<meta name=\"twitter:card\" content=\"summary_large_image\" \/>\n<meta name=\"twitter:creator\" content=\"@http:\/\/twitter.com\/eveningo\" \/>\n<meta name=\"twitter:site\" content=\"@Sotrender\" \/>\n<meta name=\"twitter:label1\" content=\"Written by\" \/>\n\t<meta name=\"twitter:data1\" content=\"Micha\u0142 Wieczorek\" \/>\n\t<meta name=\"twitter:label2\" content=\"Est. reading time\" \/>\n\t<meta name=\"twitter:data2\" content=\"3 minutes\" \/>\n<script type=\"application\/ld+json\" class=\"yoast-schema-graph\">{\"@context\":\"https:\/\/schema.org\",\"@graph\":[{\"@type\":\"WebPage\",\"@id\":\"https:\/\/www.sotrender.com\/blog\/pl\/2015\/11\/strategia-komunikacji-i-kategoryzowanie-postow\/\",\"url\":\"https:\/\/www.sotrender.com\/blog\/pl\/2015\/11\/strategia-komunikacji-i-kategoryzowanie-postow\/\",\"name\":\"Nowa funkcja Sotrendera - strategia komunikacji marki\",\"isPartOf\":{\"@id\":\"https:\/\/www.sotrender.com\/blog\/#website\"},\"primaryImageOfPage\":{\"@id\":\"https:\/\/www.sotrender.com\/blog\/pl\/2015\/11\/strategia-komunikacji-i-kategoryzowanie-postow\/#primaryimage\"},\"image\":{\"@id\":\"https:\/\/www.sotrender.com\/blog\/pl\/2015\/11\/strategia-komunikacji-i-kategoryzowanie-postow\/#primaryimage\"},\"thumbnailUrl\":\"https:\/\/www.sotrender.com\/blog\/wp-content\/uploads\/2015\/07\/header_blog_3.jpg\",\"datePublished\":\"2015-11-02T12:48:10+00:00\",\"dateModified\":\"2017-04-13T10:50:40+00:00\",\"author\":{\"@id\":\"https:\/\/www.sotrender.com\/blog\/#\/schema\/person\/48ed6f8ff39863778de8dd32f58467f5\"},\"description\":\"Od teraz mo\u017cecie por\u00f3wnywa\u0107 kategorie post\u00f3w. Dzi\u0119ki temu poprawicie strategi\u0119 komunikacji marki w mediach spo\u0142eczno\u015bciowych.\",\"breadcrumb\":{\"@id\":\"https:\/\/www.sotrender.com\/blog\/pl\/2015\/11\/strategia-komunikacji-i-kategoryzowanie-postow\/#breadcrumb\"},\"inLanguage\":\"pl-PL\",\"potentialAction\":[{\"@type\":\"ReadAction\",\"target\":[\"https:\/\/www.sotrender.com\/blog\/pl\/2015\/11\/strategia-komunikacji-i-kategoryzowanie-postow\/\"]}]},{\"@type\":\"ImageObject\",\"inLanguage\":\"pl-PL\",\"@id\":\"https:\/\/www.sotrender.com\/blog\/pl\/2015\/11\/strategia-komunikacji-i-kategoryzowanie-postow\/#primaryimage\",\"url\":\"https:\/\/www.sotrender.com\/blog\/wp-content\/uploads\/2015\/07\/header_blog_3.jpg\",\"contentUrl\":\"https:\/\/www.sotrender.com\/blog\/wp-content\/uploads\/2015\/07\/header_blog_3.jpg\",\"width\":1600,\"height\":700},{\"@type\":\"BreadcrumbList\",\"@id\":\"https:\/\/www.sotrender.com\/blog\/pl\/2015\/11\/strategia-komunikacji-i-kategoryzowanie-postow\/#breadcrumb\",\"itemListElement\":[{\"@type\":\"ListItem\",\"position\":1,\"name\":\"Home\",\"item\":\"https:\/\/www.sotrender.com\/blog\/\"},{\"@type\":\"ListItem\",\"position\":2,\"name\":\"Nowa funkcja Sotrendera &#8211; strategia komunikacji i kategoryzowanie post\u00f3w\"}]},{\"@type\":\"WebSite\",\"@id\":\"https:\/\/www.sotrender.com\/blog\/#website\",\"url\":\"https:\/\/www.sotrender.com\/blog\/\",\"name\":\"Sotrender Blog\",\"description\":\"\",\"potentialAction\":[{\"@type\":\"SearchAction\",\"target\":{\"@type\":\"EntryPoint\",\"urlTemplate\":\"https:\/\/www.sotrender.com\/blog\/?s={search_term_string}\"},\"query-input\":\"required name=search_term_string\"}],\"inLanguage\":\"pl-PL\"},{\"@type\":\"Person\",\"@id\":\"https:\/\/www.sotrender.com\/blog\/#\/schema\/person\/48ed6f8ff39863778de8dd32f58467f5\",\"name\":\"Micha\u0142 Wieczorek\",\"image\":{\"@type\":\"ImageObject\",\"inLanguage\":\"pl-PL\",\"@id\":\"https:\/\/www.sotrender.com\/blog\/#\/schema\/person\/image\/\",\"url\":\"https:\/\/secure.gravatar.com\/avatar\/65ceb2020aa2338488b9c5f33c10137f?s=96&d=mm&r=g\",\"contentUrl\":\"https:\/\/secure.gravatar.com\/avatar\/65ceb2020aa2338488b9c5f33c10137f?s=96&d=mm&r=g\",\"caption\":\"Micha\u0142 Wieczorek\"},\"description\":\"Baltic linguist, marketer, and music journalist in his free time. A big fan of good food and even better music.\",\"sameAs\":[\"https:\/\/www.linkedin.com\/in\/michaldwieczorek\",\"https:\/\/twitter.com\/http:\/\/twitter.com\/eveningo\"],\"url\":\"https:\/\/www.sotrender.com\/blog\/pl\/author\/micha_wieczorek\/\"}]}<\/script>\n<!-- \/ Yoast SEO plugin. -->","yoast_head_json":{"title":"Nowa funkcja Sotrendera - strategia komunikacji marki","description":"Od teraz mo\u017cecie por\u00f3wnywa\u0107 kategorie post\u00f3w. Dzi\u0119ki temu poprawicie strategi\u0119 komunikacji marki w mediach spo\u0142eczno\u015bciowych.","robots":{"index":"index","follow":"follow","max-snippet":"max-snippet:-1","max-image-preview":"max-image-preview:large","max-video-preview":"max-video-preview:-1"},"canonical":"https:\/\/www.sotrender.com\/blog\/pl\/2015\/11\/strategia-komunikacji-i-kategoryzowanie-postow\/","og_locale":"pl_PL","og_type":"article","og_title":"Nowa funkcja Sotrendera - strategia komunikacji marki","og_description":"Od teraz mo\u017cecie por\u00f3wnywa\u0107 kategorie post\u00f3w. Dzi\u0119ki temu poprawicie strategi\u0119 komunikacji marki w mediach spo\u0142eczno\u015bciowych.","og_url":"https:\/\/www.sotrender.com\/blog\/pl\/2015\/11\/strategia-komunikacji-i-kategoryzowanie-postow\/","og_site_name":"Sotrender Blog","article_publisher":"https:\/\/www.facebook.com\/Sotrender","article_published_time":"2015-11-02T12:48:10+00:00","article_modified_time":"2017-04-13T10:50:40+00:00","og_image":[{"width":1600,"height":700,"url":"https:\/\/www.sotrender.com\/blog\/wp-content\/uploads\/2015\/07\/header_blog_3.jpg","type":"image\/jpeg"}],"author":"Micha\u0142 Wieczorek","twitter_card":"summary_large_image","twitter_creator":"@http:\/\/twitter.com\/eveningo","twitter_site":"@Sotrender","twitter_misc":{"Written by":"Micha\u0142 Wieczorek","Est. reading time":"3 minutes"},"schema":{"@context":"https:\/\/schema.org","@graph":[{"@type":"WebPage","@id":"https:\/\/www.sotrender.com\/blog\/pl\/2015\/11\/strategia-komunikacji-i-kategoryzowanie-postow\/","url":"https:\/\/www.sotrender.com\/blog\/pl\/2015\/11\/strategia-komunikacji-i-kategoryzowanie-postow\/","name":"Nowa funkcja Sotrendera - strategia komunikacji marki","isPartOf":{"@id":"https:\/\/www.sotrender.com\/blog\/#website"},"primaryImageOfPage":{"@id":"https:\/\/www.sotrender.com\/blog\/pl\/2015\/11\/strategia-komunikacji-i-kategoryzowanie-postow\/#primaryimage"},"image":{"@id":"https:\/\/www.sotrender.com\/blog\/pl\/2015\/11\/strategia-komunikacji-i-kategoryzowanie-postow\/#primaryimage"},"thumbnailUrl":"https:\/\/www.sotrender.com\/blog\/wp-content\/uploads\/2015\/07\/header_blog_3.jpg","datePublished":"2015-11-02T12:48:10+00:00","dateModified":"2017-04-13T10:50:40+00:00","author":{"@id":"https:\/\/www.sotrender.com\/blog\/#\/schema\/person\/48ed6f8ff39863778de8dd32f58467f5"},"description":"Od teraz mo\u017cecie por\u00f3wnywa\u0107 kategorie post\u00f3w. Dzi\u0119ki temu poprawicie strategi\u0119 komunikacji marki w mediach spo\u0142eczno\u015bciowych.","breadcrumb":{"@id":"https:\/\/www.sotrender.com\/blog\/pl\/2015\/11\/strategia-komunikacji-i-kategoryzowanie-postow\/#breadcrumb"},"inLanguage":"pl-PL","potentialAction":[{"@type":"ReadAction","target":["https:\/\/www.sotrender.com\/blog\/pl\/2015\/11\/strategia-komunikacji-i-kategoryzowanie-postow\/"]}]},{"@type":"ImageObject","inLanguage":"pl-PL","@id":"https:\/\/www.sotrender.com\/blog\/pl\/2015\/11\/strategia-komunikacji-i-kategoryzowanie-postow\/#primaryimage","url":"https:\/\/www.sotrender.com\/blog\/wp-content\/uploads\/2015\/07\/header_blog_3.jpg","contentUrl":"https:\/\/www.sotrender.com\/blog\/wp-content\/uploads\/2015\/07\/header_blog_3.jpg","width":1600,"height":700},{"@type":"BreadcrumbList","@id":"https:\/\/www.sotrender.com\/blog\/pl\/2015\/11\/strategia-komunikacji-i-kategoryzowanie-postow\/#breadcrumb","itemListElement":[{"@type":"ListItem","position":1,"name":"Home","item":"https:\/\/www.sotrender.com\/blog\/"},{"@type":"ListItem","position":2,"name":"Nowa funkcja Sotrendera &#8211; strategia komunikacji i kategoryzowanie post\u00f3w"}]},{"@type":"WebSite","@id":"https:\/\/www.sotrender.com\/blog\/#website","url":"https:\/\/www.sotrender.com\/blog\/","name":"Sotrender Blog","description":"","potentialAction":[{"@type":"SearchAction","target":{"@type":"EntryPoint","urlTemplate":"https:\/\/www.sotrender.com\/blog\/?s={search_term_string}"},"query-input":"required name=search_term_string"}],"inLanguage":"pl-PL"},{"@type":"Person","@id":"https:\/\/www.sotrender.com\/blog\/#\/schema\/person\/48ed6f8ff39863778de8dd32f58467f5","name":"Micha\u0142 Wieczorek","image":{"@type":"ImageObject","inLanguage":"pl-PL","@id":"https:\/\/www.sotrender.com\/blog\/#\/schema\/person\/image\/","url":"https:\/\/secure.gravatar.com\/avatar\/65ceb2020aa2338488b9c5f33c10137f?s=96&d=mm&r=g","contentUrl":"https:\/\/secure.gravatar.com\/avatar\/65ceb2020aa2338488b9c5f33c10137f?s=96&d=mm&r=g","caption":"Micha\u0142 Wieczorek"},"description":"Baltic linguist, marketer, and music journalist in his free time. A big fan of good food and even better music.","sameAs":["https:\/\/www.linkedin.com\/in\/michaldwieczorek","https:\/\/twitter.com\/http:\/\/twitter.com\/eveningo"],"url":"https:\/\/www.sotrender.com\/blog\/pl\/author\/micha_wieczorek\/"}]}},"_links":{"self":[{"href":"https:\/\/www.sotrender.com\/blog\/pl\/wp-json\/wp\/v2\/posts\/19847"}],"collection":[{"href":"https:\/\/www.sotrender.com\/blog\/pl\/wp-json\/wp\/v2\/posts"}],"about":[{"href":"https:\/\/www.sotrender.com\/blog\/pl\/wp-json\/wp\/v2\/types\/post"}],"author":[{"embeddable":true,"href":"https:\/\/www.sotrender.com\/blog\/pl\/wp-json\/wp\/v2\/users\/49"}],"replies":[{"embeddable":true,"href":"https:\/\/www.sotrender.com\/blog\/pl\/wp-json\/wp\/v2\/comments?post=19847"}],"version-history":[{"count":10,"href":"https:\/\/www.sotrender.com\/blog\/pl\/wp-json\/wp\/v2\/posts\/19847\/revisions"}],"predecessor-version":[{"id":26543,"href":"https:\/\/www.sotrender.com\/blog\/pl\/wp-json\/wp\/v2\/posts\/19847\/revisions\/26543"}],"wp:featuredmedia":[{"embeddable":true,"href":"https:\/\/www.sotrender.com\/blog\/pl\/wp-json\/wp\/v2\/media\/18901"}],"wp:attachment":[{"href":"https:\/\/www.sotrender.com\/blog\/pl\/wp-json\/wp\/v2\/media?parent=19847"}],"wp:term":[{"taxonomy":"category","embeddable":true,"href":"https:\/\/www.sotrender.com\/blog\/pl\/wp-json\/wp\/v2\/categories?post=19847"},{"taxonomy":"post_tag","embeddable":true,"href":"https:\/\/www.sotrender.com\/blog\/pl\/wp-json\/wp\/v2\/tags?post=19847"}],"curies":[{"name":"wp","href":"https:\/\/api.w.org\/{rel}","templated":true}]}}